{"id":187776,"date":"2025-12-13T12:24:27","date_gmt":"2025-12-13T18:24:27","guid":{"rendered":"https:\/\/canal7slp.tv\/2025\/?p=187776"},"modified":"2025-12-13T12:35:04","modified_gmt":"2025-12-13T18:35:04","slug":"proyecciones-preven-que-crecimiento-economico-en-2026-no-alcanzar-para-generar-empleos-suficientes","status":"publish","type":"post","link":"https:\/\/canal7slp.tv\/2025\/proyecciones-preven-que-crecimiento-economico-en-2026-no-alcanzar-para-generar-empleos-suficientes\/","title":{"rendered":"Proyecciones prev\u00e9n que crecimiento econ\u00f3mico en 2026 no alcanzar para generar empleos suficientes"},"content":{"rendered":"<p style=\"text-align: justify;\">M\u00e9xico.- Un centro de estudios econ\u00f3micos del sector privado advirti\u00f3 que, pese a una ligera recuperaci\u00f3n prevista para 2026, el crecimiento econ\u00f3mico proyectado ser\u00eda insuficiente para cubrir la demanda de empleo y para generar una mejora significativa en las condiciones de vida de la poblaci\u00f3n.<\/p>\n<p style=\"text-align: justify;\">De acuerdo con el an\u00e1lisis del Centro de Estudios Econ\u00f3micos del Sector Privado (CEESP), la econom\u00eda crecer\u00eda 1.29% en 2026, una cifra ligeramente menor a la estimada previamente. Para 2025, la previsi\u00f3n es a\u00fan m\u00e1s moderada, con una expansi\u00f3n de apenas 0.39%, lo que ha llevado a un escenario cauteloso en materia de creaci\u00f3n de empleo formal.<\/p>\n<p style=\"text-align: justify;\">Se estima que durante el presente a\u00f1o se generar\u00e1n alrededor de 246 mil nuevos empleos formales. Aunque esta cifra supera la del a\u00f1o anterior, se mantiene por debajo de los niveles observados entre 2021 y 2023. Para 2027, los analistas anticipan una mejora gradual, con un crecimiento de 1.81%, lo que ubicar\u00eda el crecimiento promedio anual de la pr\u00f3xima d\u00e9cada en torno al 1.85%.<\/p>\n<p style=\"text-align: justify;\">El informe identifica diversos factores de riesgo que podr\u00edan limitar el desempe\u00f1o econ\u00f3mico, entre ellos las pol\u00edticas de comercio exterior, los persistentes niveles de inseguridad y debilidades institucionales asociadas al Estado de derecho.<\/p>\n<p style=\"text-align: justify;\">En paralelo, cifras oficiales muestran que la inversi\u00f3n fija bruta registr\u00f3 una contracci\u00f3n mensual en septiembre, impulsada principalmente por una ca\u00edda en la inversi\u00f3n en construcci\u00f3n, en particular en el segmento habitacional. En t\u00e9rminos anuales, tanto la inversi\u00f3n en construcci\u00f3n como la destinada a maquinaria y equipo tambi\u00e9n presentaron retrocesos.<\/p>\n","protected":false},"excerpt":{"rendered":"<p>M\u00e9xico.- Un centro de estudios econ\u00f3micos del sector privado advirti\u00f3 que, pese a una ligera recuperaci\u00f3n prevista para 2026, el crecimiento econ\u00f3mico proyectado ser\u00eda insuficiente para cubrir la demanda de empleo y para generar una mejora significativa en las condiciones de vida de la poblaci\u00f3n. De acuerdo con el an\u00e1lisis del Centro de Estudios Econ\u00f3micos del Sector Privado (CEESP), la econom\u00eda crecer\u00eda 1.29% en 2026, una cifra ligeramente menor a la estimada previamente. Para 2025, la previsi\u00f3n es a\u00fan m\u00e1s moderada, con una expansi\u00f3n de apenas 0.39%, lo que ha llevado a un escenario cauteloso en materia de creaci\u00f3n de [&hellip;]<\/p>\n","protected":false},"author":2,"featured_media":187777,"comment_status":"closed","ping_status":"closed","sticky":false,"template":"","format":"standard","meta":{"_monsterinsights_skip_tracking":false,"_monsterinsights_sitenote_active":false,"_monsterinsights_sitenote_note":"","_monsterinsights_sitenote_category":0,"footnotes":""},"categories":[40,46],"tags":[],"class_list":["post-187776","post","type-post","status-publish","format-standard","has-post-thumbnail","hentry","category-economia","category-nacional","post--single"],"yoast_head":"<!-- This site is optimized with the Yoast SEO plugin v27.5 - https:\/\/yoast.com\/product\/yoast-seo-wordpress\/ -->\n<title>Proyecciones prev\u00e9n que crecimiento econ\u00f3mico en 2026 no alcanzar para generar empleos suficientes - Canal 7 SLP - 2025<\/title>\n<meta name=\"robots\" content=\"index, follow, max-snippet:-1, max-image-preview:large, max-video-preview:-1\" \/>\n<link rel=\"canonical\" href=\"https:\/\/canal7slp.tv\/2025\/proyecciones-preven-que-crecimiento-economico-en-2026-no-alcanzar-para-generar-empleos-suficientes\/\" \/>\n<meta property=\"og:locale\" content=\"es_ES\" \/>\n<meta property=\"og:type\" content=\"article\" \/>\n<meta property=\"og:title\" content=\"Proyecciones prev\u00e9n que crecimiento econ\u00f3mico en 2026 no alcanzar para generar empleos suficientes - Canal 7 SLP - 2025\" \/>\n<meta property=\"og:description\" content=\"M\u00e9xico.- Un centro de estudios econ\u00f3micos del sector privado advirti\u00f3 que, pese a una ligera recuperaci\u00f3n prevista para 2026, el crecimiento econ\u00f3mico proyectado ser\u00eda insuficiente para cubrir la demanda de empleo y para generar una mejora significativa en las condiciones de vida de la poblaci\u00f3n. De acuerdo con el an\u00e1lisis del Centro de Estudios Econ\u00f3micos del Sector Privado (CEESP), la econom\u00eda crecer\u00eda 1.29% en 2026, una cifra ligeramente menor a la estimada previamente. Para 2025, la previsi\u00f3n es a\u00fan m\u00e1s moderada, con una expansi\u00f3n de apenas 0.39%, lo que ha llevado a un escenario cauteloso en materia de creaci\u00f3n de [&hellip;]\" \/>\n<meta property=\"og:url\" content=\"https:\/\/canal7slp.tv\/2025\/proyecciones-preven-que-crecimiento-economico-en-2026-no-alcanzar-para-generar-empleos-suficientes\/\" \/>\n<meta property=\"og:site_name\" content=\"Canal 7 SLP - 2025\" \/>\n<meta property=\"article:publisher\" content=\"https:\/\/www.facebook.com\/noticieroscanal7atencionciudadana\/\" \/>\n<meta property=\"article:published_time\" content=\"2025-12-13T18:24:27+00:00\" \/>\n<meta property=\"article:modified_time\" content=\"2025-12-13T18:35:04+00:00\" \/>\n<meta property=\"og:image\" content=\"https:\/\/canal7slp.tv\/2025\/wp-content\/uploads\/2025\/12\/05-12.jpg\" \/>\n\t<meta property=\"og:image:width\" content=\"888\" \/>\n\t<meta property=\"og:image:height\" content=\"500\" \/>\n\t<meta property=\"og:image:type\" content=\"image\/jpeg\" \/>\n<meta name=\"author\" content=\"Edici\u00f3n Web\" \/>\n<meta name=\"twitter:card\" content=\"summary_large_image\" \/>\n<meta name=\"twitter:creator\" content=\"@NOTICIEROS7\" \/>\n<meta name=\"twitter:site\" content=\"@NOTICIEROS7\" \/>\n<meta name=\"twitter:label1\" content=\"Escrito por\" \/>\n\t<meta name=\"twitter:data1\" content=\"Edici\u00f3n Web\" \/>\n\t<meta name=\"twitter:label2\" content=\"Tiempo de lectura\" \/>\n\t<meta name=\"twitter:data2\" content=\"2 minutos\" \/>\n<script type=\"application\/ld+json\" class=\"yoast-schema-graph\">{\"@context\":\"https:\\\/\\\/schema.org\",\"@graph\":[{\"@type\":\"Article\",\"@id\":\"https:\\\/\\\/canal7slp.tv\\\/2025\\\/proyecciones-preven-que-crecimiento-economico-en-2026-no-alcanzar-para-generar-empleos-suficientes\\\/#article\",\"isPartOf\":{\"@id\":\"https:\\\/\\\/canal7slp.tv\\\/2025\\\/proyecciones-preven-que-crecimiento-economico-en-2026-no-alcanzar-para-generar-empleos-suficientes\\\/\"},\"author\":{\"name\":\"Edici\u00f3n Web\",\"@id\":\"https:\\\/\\\/canal7slp.tv\\\/2025\\\/#\\\/schema\\\/person\\\/271e2b60a96e7cc9d9ac296f4d7e414b\"},\"headline\":\"Proyecciones prev\u00e9n que crecimiento econ\u00f3mico en 2026 no alcanzar para generar empleos suficientes\",\"datePublished\":\"2025-12-13T18:24:27+00:00\",\"dateModified\":\"2025-12-13T18:35:04+00:00\",\"mainEntityOfPage\":{\"@id\":\"https:\\\/\\\/canal7slp.tv\\\/2025\\\/proyecciones-preven-que-crecimiento-economico-en-2026-no-alcanzar-para-generar-empleos-suficientes\\\/\"},\"wordCount\":287,\"publisher\":{\"@id\":\"https:\\\/\\\/canal7slp.tv\\\/2025\\\/#organization\"},\"image\":{\"@id\":\"https:\\\/\\\/canal7slp.tv\\\/2025\\\/proyecciones-preven-que-crecimiento-economico-en-2026-no-alcanzar-para-generar-empleos-suficientes\\\/#primaryimage\"},\"thumbnailUrl\":\"https:\\\/\\\/canal7slp.tv\\\/2025\\\/wp-content\\\/uploads\\\/2025\\\/12\\\/05-12.jpg\",\"articleSection\":[\"ECONOM\u00cdA\",\"NACIONALES\"],\"inLanguage\":\"es\"},{\"@type\":\"WebPage\",\"@id\":\"https:\\\/\\\/canal7slp.tv\\\/2025\\\/proyecciones-preven-que-crecimiento-economico-en-2026-no-alcanzar-para-generar-empleos-suficientes\\\/\",\"url\":\"https:\\\/\\\/canal7slp.tv\\\/2025\\\/proyecciones-preven-que-crecimiento-economico-en-2026-no-alcanzar-para-generar-empleos-suficientes\\\/\",\"name\":\"Proyecciones prev\u00e9n que crecimiento econ\u00f3mico en 2026 no alcanzar para generar empleos suficientes - Canal 7 SLP - 2025\",\"isPartOf\":{\"@id\":\"https:\\\/\\\/canal7slp.tv\\\/2025\\\/#website\"},\"primaryImageOfPage\":{\"@id\":\"https:\\\/\\\/canal7slp.tv\\\/2025\\\/proyecciones-preven-que-crecimiento-economico-en-2026-no-alcanzar-para-generar-empleos-suficientes\\\/#primaryimage\"},\"image\":{\"@id\":\"https:\\\/\\\/canal7slp.tv\\\/2025\\\/proyecciones-preven-que-crecimiento-economico-en-2026-no-alcanzar-para-generar-empleos-suficientes\\\/#primaryimage\"},\"thumbnailUrl\":\"https:\\\/\\\/canal7slp.tv\\\/2025\\\/wp-content\\\/uploads\\\/2025\\\/12\\\/05-12.jpg\",\"datePublished\":\"2025-12-13T18:24:27+00:00\",\"dateModified\":\"2025-12-13T18:35:04+00:00\",\"breadcrumb\":{\"@id\":\"https:\\\/\\\/canal7slp.tv\\\/2025\\\/proyecciones-preven-que-crecimiento-economico-en-2026-no-alcanzar-para-generar-empleos-suficientes\\\/#breadcrumb\"},\"inLanguage\":\"es\",\"potentialAction\":[{\"@type\":\"ReadAction\",\"target\":[\"https:\\\/\\\/canal7slp.tv\\\/2025\\\/proyecciones-preven-que-crecimiento-economico-en-2026-no-alcanzar-para-generar-empleos-suficientes\\\/\"]}]},{\"@type\":\"ImageObject\",\"inLanguage\":\"es\",\"@id\":\"https:\\\/\\\/canal7slp.tv\\\/2025\\\/proyecciones-preven-que-crecimiento-economico-en-2026-no-alcanzar-para-generar-empleos-suficientes\\\/#primaryimage\",\"url\":\"https:\\\/\\\/canal7slp.tv\\\/2025\\\/wp-content\\\/uploads\\\/2025\\\/12\\\/05-12.jpg\",\"contentUrl\":\"https:\\\/\\\/canal7slp.tv\\\/2025\\\/wp-content\\\/uploads\\\/2025\\\/12\\\/05-12.jpg\",\"width\":888,\"height\":500},{\"@type\":\"BreadcrumbList\",\"@id\":\"https:\\\/\\\/canal7slp.tv\\\/2025\\\/proyecciones-preven-que-crecimiento-economico-en-2026-no-alcanzar-para-generar-empleos-suficientes\\\/#breadcrumb\",\"itemListElement\":[{\"@type\":\"ListItem\",\"position\":1,\"name\":\"Portada\",\"item\":\"https:\\\/\\\/canal7slp.tv\\\/2025\\\/\"},{\"@type\":\"ListItem\",\"position\":2,\"name\":\"Proyecciones prev\u00e9n que crecimiento econ\u00f3mico en 2026 no alcanzar para generar empleos suficientes\"}]},{\"@type\":\"WebSite\",\"@id\":\"https:\\\/\\\/canal7slp.tv\\\/2025\\\/#website\",\"url\":\"https:\\\/\\\/canal7slp.tv\\\/2025\\\/\",\"name\":\"N7 - Noticieros Canal 7\",\"description\":\"Somos el Medio\",\"publisher\":{\"@id\":\"https:\\\/\\\/canal7slp.tv\\\/2025\\\/#organization\"},\"potentialAction\":[{\"@type\":\"SearchAction\",\"target\":{\"@type\":\"EntryPoint\",\"urlTemplate\":\"https:\\\/\\\/canal7slp.tv\\\/2025\\\/?s={search_term_string}\"},\"query-input\":{\"@type\":\"PropertyValueSpecification\",\"valueRequired\":true,\"valueName\":\"search_term_string\"}}],\"inLanguage\":\"es\"},{\"@type\":\"Organization\",\"@id\":\"https:\\\/\\\/canal7slp.tv\\\/2025\\\/#organization\",\"name\":\"Noticieros Canal 7\",\"url\":\"https:\\\/\\\/canal7slp.tv\\\/2025\\\/\",\"logo\":{\"@type\":\"ImageObject\",\"inLanguage\":\"es\",\"@id\":\"https:\\\/\\\/canal7slp.tv\\\/2025\\\/#\\\/schema\\\/logo\\\/image\\\/\",\"url\":\"https:\\\/\\\/canal7slp.tv\\\/2025\\\/wp-content\\\/uploads\\\/2021\\\/01\\\/logo-noticieros@2x.png\",\"contentUrl\":\"https:\\\/\\\/canal7slp.tv\\\/2025\\\/wp-content\\\/uploads\\\/2021\\\/01\\\/logo-noticieros@2x.png\",\"width\":1017,\"height\":268,\"caption\":\"Noticieros Canal 7\"},\"image\":{\"@id\":\"https:\\\/\\\/canal7slp.tv\\\/2025\\\/#\\\/schema\\\/logo\\\/image\\\/\"},\"sameAs\":[\"https:\\\/\\\/www.facebook.com\\\/noticieroscanal7atencionciudadana\\\/\",\"https:\\\/\\\/x.com\\\/NOTICIEROS7\",\"https:\\\/\\\/www.instagram.com\\\/canal7_slp\",\"https:\\\/\\\/www.youtube.com\\\/channel\\\/UCliiYs-gP3JfJeqdPrNdd5A\"]},{\"@type\":\"Person\",\"@id\":\"https:\\\/\\\/canal7slp.tv\\\/2025\\\/#\\\/schema\\\/person\\\/271e2b60a96e7cc9d9ac296f4d7e414b\",\"name\":\"Edici\u00f3n Web\",\"image\":{\"@type\":\"ImageObject\",\"inLanguage\":\"es\",\"@id\":\"https:\\\/\\\/secure.gravatar.com\\\/avatar\\\/eee448fc3f7164808013b816ba91ac7e43bbe82a70bebac296f8bc6f0addaa1a?s=96&d=mm&r=g\",\"url\":\"https:\\\/\\\/secure.gravatar.com\\\/avatar\\\/eee448fc3f7164808013b816ba91ac7e43bbe82a70bebac296f8bc6f0addaa1a?s=96&d=mm&r=g\",\"contentUrl\":\"https:\\\/\\\/secure.gravatar.com\\\/avatar\\\/eee448fc3f7164808013b816ba91ac7e43bbe82a70bebac296f8bc6f0addaa1a?s=96&d=mm&r=g\",\"caption\":\"Edici\u00f3n Web\"},\"url\":\"https:\\\/\\\/canal7slp.tv\\\/2025\\\/author\\\/edicionweb\\\/\"}]}<\/script>\n<!-- \/ Yoast SEO plugin. -->","yoast_head_json":{"title":"Proyecciones prev\u00e9n que crecimiento econ\u00f3mico en 2026 no alcanzar para generar empleos suficientes - Canal 7 SLP - 2025","robots":{"index":"index","follow":"follow","max-snippet":"max-snippet:-1","max-image-preview":"max-image-preview:large","max-video-preview":"max-video-preview:-1"},"canonical":"https:\/\/canal7slp.tv\/2025\/proyecciones-preven-que-crecimiento-economico-en-2026-no-alcanzar-para-generar-empleos-suficientes\/","og_locale":"es_ES","og_type":"article","og_title":"Proyecciones prev\u00e9n que crecimiento econ\u00f3mico en 2026 no alcanzar para generar empleos suficientes - Canal 7 SLP - 2025","og_description":"M\u00e9xico.- Un centro de estudios econ\u00f3micos del sector privado advirti\u00f3 que, pese a una ligera recuperaci\u00f3n prevista para 2026, el crecimiento econ\u00f3mico proyectado ser\u00eda insuficiente para cubrir la demanda de empleo y para generar una mejora significativa en las condiciones de vida de la poblaci\u00f3n. De acuerdo con el an\u00e1lisis del Centro de Estudios Econ\u00f3micos del Sector Privado (CEESP), la econom\u00eda crecer\u00eda 1.29% en 2026, una cifra ligeramente menor a la estimada previamente. Para 2025, la previsi\u00f3n es a\u00fan m\u00e1s moderada, con una expansi\u00f3n de apenas 0.39%, lo que ha llevado a un escenario cauteloso en materia de creaci\u00f3n de [&hellip;]","og_url":"https:\/\/canal7slp.tv\/2025\/proyecciones-preven-que-crecimiento-economico-en-2026-no-alcanzar-para-generar-empleos-suficientes\/","og_site_name":"Canal 7 SLP - 2025","article_publisher":"https:\/\/www.facebook.com\/noticieroscanal7atencionciudadana\/","article_published_time":"2025-12-13T18:24:27+00:00","article_modified_time":"2025-12-13T18:35:04+00:00","og_image":[{"width":888,"height":500,"url":"https:\/\/canal7slp.tv\/2025\/wp-content\/uploads\/2025\/12\/05-12.jpg","type":"image\/jpeg"}],"author":"Edici\u00f3n Web","twitter_card":"summary_large_image","twitter_creator":"@NOTICIEROS7","twitter_site":"@NOTICIEROS7","twitter_misc":{"Escrito por":"Edici\u00f3n Web","Tiempo de lectura":"2 minutos"},"schema":{"@context":"https:\/\/schema.org","@graph":[{"@type":"Article","@id":"https:\/\/canal7slp.tv\/2025\/proyecciones-preven-que-crecimiento-economico-en-2026-no-alcanzar-para-generar-empleos-suficientes\/#article","isPartOf":{"@id":"https:\/\/canal7slp.tv\/2025\/proyecciones-preven-que-crecimiento-economico-en-2026-no-alcanzar-para-generar-empleos-suficientes\/"},"author":{"name":"Edici\u00f3n Web","@id":"https:\/\/canal7slp.tv\/2025\/#\/schema\/person\/271e2b60a96e7cc9d9ac296f4d7e414b"},"headline":"Proyecciones prev\u00e9n que crecimiento econ\u00f3mico en 2026 no alcanzar para generar empleos suficientes","datePublished":"2025-12-13T18:24:27+00:00","dateModified":"2025-12-13T18:35:04+00:00","mainEntityOfPage":{"@id":"https:\/\/canal7slp.tv\/2025\/proyecciones-preven-que-crecimiento-economico-en-2026-no-alcanzar-para-generar-empleos-suficientes\/"},"wordCount":287,"publisher":{"@id":"https:\/\/canal7slp.tv\/2025\/#organization"},"image":{"@id":"https:\/\/canal7slp.tv\/2025\/proyecciones-preven-que-crecimiento-economico-en-2026-no-alcanzar-para-generar-empleos-suficientes\/#primaryimage"},"thumbnailUrl":"https:\/\/canal7slp.tv\/2025\/wp-content\/uploads\/2025\/12\/05-12.jpg","articleSection":["ECONOM\u00cdA","NACIONALES"],"inLanguage":"es"},{"@type":"WebPage","@id":"https:\/\/canal7slp.tv\/2025\/proyecciones-preven-que-crecimiento-economico-en-2026-no-alcanzar-para-generar-empleos-suficientes\/","url":"https:\/\/canal7slp.tv\/2025\/proyecciones-preven-que-crecimiento-economico-en-2026-no-alcanzar-para-generar-empleos-suficientes\/","name":"Proyecciones prev\u00e9n que crecimiento econ\u00f3mico en 2026 no alcanzar para generar empleos suficientes - Canal 7 SLP - 2025","isPartOf":{"@id":"https:\/\/canal7slp.tv\/2025\/#website"},"primaryImageOfPage":{"@id":"https:\/\/canal7slp.tv\/2025\/proyecciones-preven-que-crecimiento-economico-en-2026-no-alcanzar-para-generar-empleos-suficientes\/#primaryimage"},"image":{"@id":"https:\/\/canal7slp.tv\/2025\/proyecciones-preven-que-crecimiento-economico-en-2026-no-alcanzar-para-generar-empleos-suficientes\/#primaryimage"},"thumbnailUrl":"https:\/\/canal7slp.tv\/2025\/wp-content\/uploads\/2025\/12\/05-12.jpg","datePublished":"2025-12-13T18:24:27+00:00","dateModified":"2025-12-13T18:35:04+00:00","breadcrumb":{"@id":"https:\/\/canal7slp.tv\/2025\/proyecciones-preven-que-crecimiento-economico-en-2026-no-alcanzar-para-generar-empleos-suficientes\/#breadcrumb"},"inLanguage":"es","potentialAction":[{"@type":"ReadAction","target":["https:\/\/canal7slp.tv\/2025\/proyecciones-preven-que-crecimiento-economico-en-2026-no-alcanzar-para-generar-empleos-suficientes\/"]}]},{"@type":"ImageObject","inLanguage":"es","@id":"https:\/\/canal7slp.tv\/2025\/proyecciones-preven-que-crecimiento-economico-en-2026-no-alcanzar-para-generar-empleos-suficientes\/#primaryimage","url":"https:\/\/canal7slp.tv\/2025\/wp-content\/uploads\/2025\/12\/05-12.jpg","contentUrl":"https:\/\/canal7slp.tv\/2025\/wp-content\/uploads\/2025\/12\/05-12.jpg","width":888,"height":500},{"@type":"BreadcrumbList","@id":"https:\/\/canal7slp.tv\/2025\/proyecciones-preven-que-crecimiento-economico-en-2026-no-alcanzar-para-generar-empleos-suficientes\/#breadcrumb","itemListElement":[{"@type":"ListItem","position":1,"name":"Portada","item":"https:\/\/canal7slp.tv\/2025\/"},{"@type":"ListItem","position":2,"name":"Proyecciones prev\u00e9n que crecimiento econ\u00f3mico en 2026 no alcanzar para generar empleos suficientes"}]},{"@type":"WebSite","@id":"https:\/\/canal7slp.tv\/2025\/#website","url":"https:\/\/canal7slp.tv\/2025\/","name":"N7 - Noticieros Canal 7","description":"Somos el Medio","publisher":{"@id":"https:\/\/canal7slp.tv\/2025\/#organization"},"potentialAction":[{"@type":"SearchAction","target":{"@type":"EntryPoint","urlTemplate":"https:\/\/canal7slp.tv\/2025\/?s={search_term_string}"},"query-input":{"@type":"PropertyValueSpecification","valueRequired":true,"valueName":"search_term_string"}}],"inLanguage":"es"},{"@type":"Organization","@id":"https:\/\/canal7slp.tv\/2025\/#organization","name":"Noticieros Canal 7","url":"https:\/\/canal7slp.tv\/2025\/","logo":{"@type":"ImageObject","inLanguage":"es","@id":"https:\/\/canal7slp.tv\/2025\/#\/schema\/logo\/image\/","url":"https:\/\/canal7slp.tv\/2025\/wp-content\/uploads\/2021\/01\/logo-noticieros@2x.png","contentUrl":"https:\/\/canal7slp.tv\/2025\/wp-content\/uploads\/2021\/01\/logo-noticieros@2x.png","width":1017,"height":268,"caption":"Noticieros Canal 7"},"image":{"@id":"https:\/\/canal7slp.tv\/2025\/#\/schema\/logo\/image\/"},"sameAs":["https:\/\/www.facebook.com\/noticieroscanal7atencionciudadana\/","https:\/\/x.com\/NOTICIEROS7","https:\/\/www.instagram.com\/canal7_slp","https:\/\/www.youtube.com\/channel\/UCliiYs-gP3JfJeqdPrNdd5A"]},{"@type":"Person","@id":"https:\/\/canal7slp.tv\/2025\/#\/schema\/person\/271e2b60a96e7cc9d9ac296f4d7e414b","name":"Edici\u00f3n Web","image":{"@type":"ImageObject","inLanguage":"es","@id":"https:\/\/secure.gravatar.com\/avatar\/eee448fc3f7164808013b816ba91ac7e43bbe82a70bebac296f8bc6f0addaa1a?s=96&d=mm&r=g","url":"https:\/\/secure.gravatar.com\/avatar\/eee448fc3f7164808013b816ba91ac7e43bbe82a70bebac296f8bc6f0addaa1a?s=96&d=mm&r=g","contentUrl":"https:\/\/secure.gravatar.com\/avatar\/eee448fc3f7164808013b816ba91ac7e43bbe82a70bebac296f8bc6f0addaa1a?s=96&d=mm&r=g","caption":"Edici\u00f3n Web"},"url":"https:\/\/canal7slp.tv\/2025\/author\/edicionweb\/"}]}},"_links":{"self":[{"href":"https:\/\/canal7slp.tv\/2025\/wp-json\/wp\/v2\/posts\/187776","targetHints":{"allow":["GET"]}}],"collection":[{"href":"https:\/\/canal7slp.tv\/2025\/wp-json\/wp\/v2\/posts"}],"about":[{"href":"https:\/\/canal7slp.tv\/2025\/wp-json\/wp\/v2\/types\/post"}],"author":[{"embeddable":true,"href":"https:\/\/canal7slp.tv\/2025\/wp-json\/wp\/v2\/users\/2"}],"replies":[{"embeddable":true,"href":"https:\/\/canal7slp.tv\/2025\/wp-json\/wp\/v2\/comments?post=187776"}],"version-history":[{"count":3,"href":"https:\/\/canal7slp.tv\/2025\/wp-json\/wp\/v2\/posts\/187776\/revisions"}],"predecessor-version":[{"id":187780,"href":"https:\/\/canal7slp.tv\/2025\/wp-json\/wp\/v2\/posts\/187776\/revisions\/187780"}],"wp:featuredmedia":[{"embeddable":true,"href":"https:\/\/canal7slp.tv\/2025\/wp-json\/wp\/v2\/media\/187777"}],"wp:attachment":[{"href":"https:\/\/canal7slp.tv\/2025\/wp-json\/wp\/v2\/media?parent=187776"}],"wp:term":[{"taxonomy":"category","embeddable":true,"href":"https:\/\/canal7slp.tv\/2025\/wp-json\/wp\/v2\/categories?post=187776"},{"taxonomy":"post_tag","embeddable":true,"href":"https:\/\/canal7slp.tv\/2025\/wp-json\/wp\/v2\/tags?post=187776"}],"curies":[{"name":"wp","href":"https:\/\/api.w.org\/{rel}","templated":true}]}}