{"id":187722,"date":"2025-12-12T21:35:20","date_gmt":"2025-12-13T03:35:20","guid":{"rendered":"https:\/\/canal7slp.tv\/2025\/?p=187722"},"modified":"2025-12-12T21:35:20","modified_gmt":"2025-12-13T03:35:20","slug":"desde-el-poder-judicial-se-concede-suspender-provisionalmente-eleccion-de-director-en-facultad-de-derecho","status":"publish","type":"post","link":"https:\/\/canal7slp.tv\/2025\/desde-el-poder-judicial-se-concede-suspender-provisionalmente-eleccion-de-director-en-facultad-de-derecho\/","title":{"rendered":"Desde el Poder Judicial se concede suspender provisionalmente elecci\u00f3n de director en Facultad de Derecho"},"content":{"rendered":"<p style=\"text-align: justify;\"><span style=\"font-size: 1.21429rem;\">SLP.- Un juez del Juzgado Sexto de Distrito del Poder Judicial de la Federaci\u00f3n concedi\u00f3 una suspensi\u00f3n provisional que ordena detener el nombramiento de la nueva persona titular de la Direcci\u00f3n de la Facultad de Derecho \u201cAbogado Ponciano Arriaga Leija\u201d de la Universidad Aut\u00f3noma de San Luis Potos\u00ed.<\/span><\/p>\n<p style=\"text-align: justify;\">Esta decisi\u00f3n se da a conocer despu\u00e9s de que un catedr\u00e1tico aspirante a la direcci\u00f3n promoviera un juicio de amparo contra el proceso pues se dijo excluido del mismo.<\/p>\n<p style=\"text-align: justify;\">La suspensi\u00f3n otorgada forma parte del juicio de amparo 1848\/2025-VII y marca que la m\u00e1xima casa de estudios deber\u00e1 suspender la designaci\u00f3n de la direcci\u00f3n de Derecho hasta que se resuelva la suspensi\u00f3n definitiva.<\/p>\n<p style=\"text-align: justify;\">Alejandro Zerme\u00f1o Guerra, rector de la Universidad se\u00f1al\u00f3 en su momento que el Consejo Directivo Universitario tiene previsto votar la terna para la direcci\u00f3n del plantel el d\u00eda 17 de diciembre durante una sesi\u00f3n extraordinaria si el proceso resulta exitoso, ese mismo d\u00eda se citar\u00e1 a la persona que resulte electa para que rinda protesta si no se concreta, \u00e9l mismo, de acuerdo con las facultades que le concede el estatuto, propondr\u00e1 una nueva terna.<\/p>\n<p style=\"text-align: justify;\">Los actuales candidatos a ocupar la direcci\u00f3n son: Luz Mar\u00eda Lastras Mart\u00ednez, Georgina Gonz\u00e1lez C\u00e1zares y Jes\u00fas Javier Delgado Sam.<\/p>\n<p>Por: Juan Carlos Contreras<\/p>\n","protected":false},"excerpt":{"rendered":"<p>SLP.- Un juez del Juzgado Sexto de Distrito del Poder Judicial de la Federaci\u00f3n concedi\u00f3 una suspensi\u00f3n provisional que ordena detener el nombramiento de la nueva persona titular de la Direcci\u00f3n de la Facultad de Derecho \u201cAbogado Ponciano Arriaga Leija\u201d de la Universidad Aut\u00f3noma de San Luis Potos\u00ed. Esta decisi\u00f3n se da a conocer despu\u00e9s de que un catedr\u00e1tico aspirante a la direcci\u00f3n promoviera un juicio de amparo contra el proceso pues se dijo excluido del mismo. La suspensi\u00f3n otorgada forma parte del juicio de amparo 1848\/2025-VII y marca que la m\u00e1xima casa de estudios deber\u00e1 suspender la designaci\u00f3n de [&hellip;]<\/p>\n","protected":false},"author":2,"featured_media":187750,"comment_status":"closed","ping_status":"closed","sticky":false,"template":"","format":"video","meta":{"_monsterinsights_skip_tracking":false,"_monsterinsights_sitenote_active":false,"_monsterinsights_sitenote_note":"","_monsterinsights_sitenote_category":0,"footnotes":""},"categories":[5,45],"tags":[],"class_list":["post-187722","post","type-post","status-publish","format-video","has-post-thumbnail","hentry","category-destacadas","category-localesyregionales","post_format-post-format-video","post--single"],"yoast_head":"<!-- This site is optimized with the Yoast SEO plugin v27.5 - https:\/\/yoast.com\/product\/yoast-seo-wordpress\/ -->\n<title>Desde el Poder Judicial se concede suspender provisionalmente elecci\u00f3n de director en Facultad de Derecho - Canal 7 SLP - 2025<\/title>\n<meta name=\"robots\" content=\"index, follow, max-snippet:-1, max-image-preview:large, max-video-preview:-1\" \/>\n<link rel=\"canonical\" href=\"https:\/\/canal7slp.tv\/2025\/desde-el-poder-judicial-se-concede-suspender-provisionalmente-eleccion-de-director-en-facultad-de-derecho\/\" \/>\n<meta property=\"og:locale\" content=\"es_ES\" \/>\n<meta property=\"og:type\" content=\"article\" \/>\n<meta property=\"og:title\" content=\"Desde el Poder Judicial se concede suspender provisionalmente elecci\u00f3n de director en Facultad de Derecho - Canal 7 SLP - 2025\" \/>\n<meta property=\"og:description\" content=\"SLP.- Un juez del Juzgado Sexto de Distrito del Poder Judicial de la Federaci\u00f3n concedi\u00f3 una suspensi\u00f3n provisional que ordena detener el nombramiento de la nueva persona titular de la Direcci\u00f3n de la Facultad de Derecho \u201cAbogado Ponciano Arriaga Leija\u201d de la Universidad Aut\u00f3noma de San Luis Potos\u00ed. Esta decisi\u00f3n se da a conocer despu\u00e9s de que un catedr\u00e1tico aspirante a la direcci\u00f3n promoviera un juicio de amparo contra el proceso pues se dijo excluido del mismo. La suspensi\u00f3n otorgada forma parte del juicio de amparo 1848\/2025-VII y marca que la m\u00e1xima casa de estudios deber\u00e1 suspender la designaci\u00f3n de [&hellip;]\" \/>\n<meta property=\"og:url\" content=\"https:\/\/canal7slp.tv\/2025\/desde-el-poder-judicial-se-concede-suspender-provisionalmente-eleccion-de-director-en-facultad-de-derecho\/\" \/>\n<meta property=\"og:site_name\" content=\"Canal 7 SLP - 2025\" \/>\n<meta property=\"article:publisher\" content=\"https:\/\/www.facebook.com\/noticieroscanal7atencionciudadana\/\" \/>\n<meta property=\"article:published_time\" content=\"2025-12-13T03:35:20+00:00\" \/>\n<meta property=\"og:image\" content=\"https:\/\/canal7slp.tv\/2025\/wp-content\/uploads\/2025\/12\/Poky02EleccionesDerecho.jpg\" \/>\n\t<meta property=\"og:image:width\" content=\"1280\" \/>\n\t<meta property=\"og:image:height\" content=\"720\" \/>\n\t<meta property=\"og:image:type\" content=\"image\/jpeg\" \/>\n<meta name=\"author\" content=\"Edici\u00f3n Web\" \/>\n<meta name=\"twitter:card\" content=\"summary_large_image\" \/>\n<meta name=\"twitter:creator\" content=\"@NOTICIEROS7\" \/>\n<meta name=\"twitter:site\" content=\"@NOTICIEROS7\" \/>\n<meta name=\"twitter:label1\" content=\"Escrito por\" \/>\n\t<meta name=\"twitter:data1\" content=\"Edici\u00f3n Web\" \/>\n\t<meta name=\"twitter:label2\" content=\"Tiempo de lectura\" \/>\n\t<meta name=\"twitter:data2\" content=\"2 minutos\" \/>\n<script type=\"application\/ld+json\" class=\"yoast-schema-graph\">{\"@context\":\"https:\\\/\\\/schema.org\",\"@graph\":[{\"@type\":\"Article\",\"@id\":\"https:\\\/\\\/canal7slp.tv\\\/2025\\\/desde-el-poder-judicial-se-concede-suspender-provisionalmente-eleccion-de-director-en-facultad-de-derecho\\\/#article\",\"isPartOf\":{\"@id\":\"https:\\\/\\\/canal7slp.tv\\\/2025\\\/desde-el-poder-judicial-se-concede-suspender-provisionalmente-eleccion-de-director-en-facultad-de-derecho\\\/\"},\"author\":{\"name\":\"Edici\u00f3n Web\",\"@id\":\"https:\\\/\\\/canal7slp.tv\\\/2025\\\/#\\\/schema\\\/person\\\/271e2b60a96e7cc9d9ac296f4d7e414b\"},\"headline\":\"Desde el Poder Judicial se concede suspender provisionalmente elecci\u00f3n de director en Facultad de Derecho\",\"datePublished\":\"2025-12-13T03:35:20+00:00\",\"mainEntityOfPage\":{\"@id\":\"https:\\\/\\\/canal7slp.tv\\\/2025\\\/desde-el-poder-judicial-se-concede-suspender-provisionalmente-eleccion-de-director-en-facultad-de-derecho\\\/\"},\"wordCount\":251,\"publisher\":{\"@id\":\"https:\\\/\\\/canal7slp.tv\\\/2025\\\/#organization\"},\"image\":{\"@id\":\"https:\\\/\\\/canal7slp.tv\\\/2025\\\/desde-el-poder-judicial-se-concede-suspender-provisionalmente-eleccion-de-director-en-facultad-de-derecho\\\/#primaryimage\"},\"thumbnailUrl\":\"https:\\\/\\\/canal7slp.tv\\\/2025\\\/wp-content\\\/uploads\\\/2025\\\/12\\\/Poky02EleccionesDerecho.jpg\",\"articleSection\":[\"DESTACADAS\",\"LOCALES Y REGIONALES\"],\"inLanguage\":\"es\"},{\"@type\":\"WebPage\",\"@id\":\"https:\\\/\\\/canal7slp.tv\\\/2025\\\/desde-el-poder-judicial-se-concede-suspender-provisionalmente-eleccion-de-director-en-facultad-de-derecho\\\/\",\"url\":\"https:\\\/\\\/canal7slp.tv\\\/2025\\\/desde-el-poder-judicial-se-concede-suspender-provisionalmente-eleccion-de-director-en-facultad-de-derecho\\\/\",\"name\":\"Desde el Poder Judicial se concede suspender provisionalmente elecci\u00f3n de director en Facultad de Derecho - Canal 7 SLP - 2025\",\"isPartOf\":{\"@id\":\"https:\\\/\\\/canal7slp.tv\\\/2025\\\/#website\"},\"primaryImageOfPage\":{\"@id\":\"https:\\\/\\\/canal7slp.tv\\\/2025\\\/desde-el-poder-judicial-se-concede-suspender-provisionalmente-eleccion-de-director-en-facultad-de-derecho\\\/#primaryimage\"},\"image\":{\"@id\":\"https:\\\/\\\/canal7slp.tv\\\/2025\\\/desde-el-poder-judicial-se-concede-suspender-provisionalmente-eleccion-de-director-en-facultad-de-derecho\\\/#primaryimage\"},\"thumbnailUrl\":\"https:\\\/\\\/canal7slp.tv\\\/2025\\\/wp-content\\\/uploads\\\/2025\\\/12\\\/Poky02EleccionesDerecho.jpg\",\"datePublished\":\"2025-12-13T03:35:20+00:00\",\"breadcrumb\":{\"@id\":\"https:\\\/\\\/canal7slp.tv\\\/2025\\\/desde-el-poder-judicial-se-concede-suspender-provisionalmente-eleccion-de-director-en-facultad-de-derecho\\\/#breadcrumb\"},\"inLanguage\":\"es\",\"potentialAction\":[{\"@type\":\"ReadAction\",\"target\":[\"https:\\\/\\\/canal7slp.tv\\\/2025\\\/desde-el-poder-judicial-se-concede-suspender-provisionalmente-eleccion-de-director-en-facultad-de-derecho\\\/\"]}]},{\"@type\":\"ImageObject\",\"inLanguage\":\"es\",\"@id\":\"https:\\\/\\\/canal7slp.tv\\\/2025\\\/desde-el-poder-judicial-se-concede-suspender-provisionalmente-eleccion-de-director-en-facultad-de-derecho\\\/#primaryimage\",\"url\":\"https:\\\/\\\/canal7slp.tv\\\/2025\\\/wp-content\\\/uploads\\\/2025\\\/12\\\/Poky02EleccionesDerecho.jpg\",\"contentUrl\":\"https:\\\/\\\/canal7slp.tv\\\/2025\\\/wp-content\\\/uploads\\\/2025\\\/12\\\/Poky02EleccionesDerecho.jpg\",\"width\":1280,\"height\":720},{\"@type\":\"BreadcrumbList\",\"@id\":\"https:\\\/\\\/canal7slp.tv\\\/2025\\\/desde-el-poder-judicial-se-concede-suspender-provisionalmente-eleccion-de-director-en-facultad-de-derecho\\\/#breadcrumb\",\"itemListElement\":[{\"@type\":\"ListItem\",\"position\":1,\"name\":\"Portada\",\"item\":\"https:\\\/\\\/canal7slp.tv\\\/2025\\\/\"},{\"@type\":\"ListItem\",\"position\":2,\"name\":\"Desde el Poder Judicial se concede suspender provisionalmente elecci\u00f3n de director en Facultad de Derecho\"}]},{\"@type\":\"WebSite\",\"@id\":\"https:\\\/\\\/canal7slp.tv\\\/2025\\\/#website\",\"url\":\"https:\\\/\\\/canal7slp.tv\\\/2025\\\/\",\"name\":\"N7 - Noticieros Canal 7\",\"description\":\"Somos el Medio\",\"publisher\":{\"@id\":\"https:\\\/\\\/canal7slp.tv\\\/2025\\\/#organization\"},\"potentialAction\":[{\"@type\":\"SearchAction\",\"target\":{\"@type\":\"EntryPoint\",\"urlTemplate\":\"https:\\\/\\\/canal7slp.tv\\\/2025\\\/?s={search_term_string}\"},\"query-input\":{\"@type\":\"PropertyValueSpecification\",\"valueRequired\":true,\"valueName\":\"search_term_string\"}}],\"inLanguage\":\"es\"},{\"@type\":\"Organization\",\"@id\":\"https:\\\/\\\/canal7slp.tv\\\/2025\\\/#organization\",\"name\":\"Noticieros Canal 7\",\"url\":\"https:\\\/\\\/canal7slp.tv\\\/2025\\\/\",\"logo\":{\"@type\":\"ImageObject\",\"inLanguage\":\"es\",\"@id\":\"https:\\\/\\\/canal7slp.tv\\\/2025\\\/#\\\/schema\\\/logo\\\/image\\\/\",\"url\":\"https:\\\/\\\/canal7slp.tv\\\/2025\\\/wp-content\\\/uploads\\\/2021\\\/01\\\/logo-noticieros@2x.png\",\"contentUrl\":\"https:\\\/\\\/canal7slp.tv\\\/2025\\\/wp-content\\\/uploads\\\/2021\\\/01\\\/logo-noticieros@2x.png\",\"width\":1017,\"height\":268,\"caption\":\"Noticieros Canal 7\"},\"image\":{\"@id\":\"https:\\\/\\\/canal7slp.tv\\\/2025\\\/#\\\/schema\\\/logo\\\/image\\\/\"},\"sameAs\":[\"https:\\\/\\\/www.facebook.com\\\/noticieroscanal7atencionciudadana\\\/\",\"https:\\\/\\\/x.com\\\/NOTICIEROS7\",\"https:\\\/\\\/www.instagram.com\\\/canal7_slp\",\"https:\\\/\\\/www.youtube.com\\\/channel\\\/UCliiYs-gP3JfJeqdPrNdd5A\"]},{\"@type\":\"Person\",\"@id\":\"https:\\\/\\\/canal7slp.tv\\\/2025\\\/#\\\/schema\\\/person\\\/271e2b60a96e7cc9d9ac296f4d7e414b\",\"name\":\"Edici\u00f3n Web\",\"image\":{\"@type\":\"ImageObject\",\"inLanguage\":\"es\",\"@id\":\"https:\\\/\\\/secure.gravatar.com\\\/avatar\\\/eee448fc3f7164808013b816ba91ac7e43bbe82a70bebac296f8bc6f0addaa1a?s=96&d=mm&r=g\",\"url\":\"https:\\\/\\\/secure.gravatar.com\\\/avatar\\\/eee448fc3f7164808013b816ba91ac7e43bbe82a70bebac296f8bc6f0addaa1a?s=96&d=mm&r=g\",\"contentUrl\":\"https:\\\/\\\/secure.gravatar.com\\\/avatar\\\/eee448fc3f7164808013b816ba91ac7e43bbe82a70bebac296f8bc6f0addaa1a?s=96&d=mm&r=g\",\"caption\":\"Edici\u00f3n Web\"},\"url\":\"https:\\\/\\\/canal7slp.tv\\\/2025\\\/author\\\/edicionweb\\\/\"}]}<\/script>\n<!-- \/ Yoast SEO plugin. -->","yoast_head_json":{"title":"Desde el Poder Judicial se concede suspender provisionalmente elecci\u00f3n de director en Facultad de Derecho - Canal 7 SLP - 2025","robots":{"index":"index","follow":"follow","max-snippet":"max-snippet:-1","max-image-preview":"max-image-preview:large","max-video-preview":"max-video-preview:-1"},"canonical":"https:\/\/canal7slp.tv\/2025\/desde-el-poder-judicial-se-concede-suspender-provisionalmente-eleccion-de-director-en-facultad-de-derecho\/","og_locale":"es_ES","og_type":"article","og_title":"Desde el Poder Judicial se concede suspender provisionalmente elecci\u00f3n de director en Facultad de Derecho - Canal 7 SLP - 2025","og_description":"SLP.- Un juez del Juzgado Sexto de Distrito del Poder Judicial de la Federaci\u00f3n concedi\u00f3 una suspensi\u00f3n provisional que ordena detener el nombramiento de la nueva persona titular de la Direcci\u00f3n de la Facultad de Derecho \u201cAbogado Ponciano Arriaga Leija\u201d de la Universidad Aut\u00f3noma de San Luis Potos\u00ed. Esta decisi\u00f3n se da a conocer despu\u00e9s de que un catedr\u00e1tico aspirante a la direcci\u00f3n promoviera un juicio de amparo contra el proceso pues se dijo excluido del mismo. La suspensi\u00f3n otorgada forma parte del juicio de amparo 1848\/2025-VII y marca que la m\u00e1xima casa de estudios deber\u00e1 suspender la designaci\u00f3n de [&hellip;]","og_url":"https:\/\/canal7slp.tv\/2025\/desde-el-poder-judicial-se-concede-suspender-provisionalmente-eleccion-de-director-en-facultad-de-derecho\/","og_site_name":"Canal 7 SLP - 2025","article_publisher":"https:\/\/www.facebook.com\/noticieroscanal7atencionciudadana\/","article_published_time":"2025-12-13T03:35:20+00:00","og_image":[{"width":1280,"height":720,"url":"https:\/\/canal7slp.tv\/2025\/wp-content\/uploads\/2025\/12\/Poky02EleccionesDerecho.jpg","type":"image\/jpeg"}],"author":"Edici\u00f3n Web","twitter_card":"summary_large_image","twitter_creator":"@NOTICIEROS7","twitter_site":"@NOTICIEROS7","twitter_misc":{"Escrito por":"Edici\u00f3n Web","Tiempo de lectura":"2 minutos"},"schema":{"@context":"https:\/\/schema.org","@graph":[{"@type":"Article","@id":"https:\/\/canal7slp.tv\/2025\/desde-el-poder-judicial-se-concede-suspender-provisionalmente-eleccion-de-director-en-facultad-de-derecho\/#article","isPartOf":{"@id":"https:\/\/canal7slp.tv\/2025\/desde-el-poder-judicial-se-concede-suspender-provisionalmente-eleccion-de-director-en-facultad-de-derecho\/"},"author":{"name":"Edici\u00f3n Web","@id":"https:\/\/canal7slp.tv\/2025\/#\/schema\/person\/271e2b60a96e7cc9d9ac296f4d7e414b"},"headline":"Desde el Poder Judicial se concede suspender provisionalmente elecci\u00f3n de director en Facultad de Derecho","datePublished":"2025-12-13T03:35:20+00:00","mainEntityOfPage":{"@id":"https:\/\/canal7slp.tv\/2025\/desde-el-poder-judicial-se-concede-suspender-provisionalmente-eleccion-de-director-en-facultad-de-derecho\/"},"wordCount":251,"publisher":{"@id":"https:\/\/canal7slp.tv\/2025\/#organization"},"image":{"@id":"https:\/\/canal7slp.tv\/2025\/desde-el-poder-judicial-se-concede-suspender-provisionalmente-eleccion-de-director-en-facultad-de-derecho\/#primaryimage"},"thumbnailUrl":"https:\/\/canal7slp.tv\/2025\/wp-content\/uploads\/2025\/12\/Poky02EleccionesDerecho.jpg","articleSection":["DESTACADAS","LOCALES Y REGIONALES"],"inLanguage":"es"},{"@type":"WebPage","@id":"https:\/\/canal7slp.tv\/2025\/desde-el-poder-judicial-se-concede-suspender-provisionalmente-eleccion-de-director-en-facultad-de-derecho\/","url":"https:\/\/canal7slp.tv\/2025\/desde-el-poder-judicial-se-concede-suspender-provisionalmente-eleccion-de-director-en-facultad-de-derecho\/","name":"Desde el Poder Judicial se concede suspender provisionalmente elecci\u00f3n de director en Facultad de Derecho - Canal 7 SLP - 2025","isPartOf":{"@id":"https:\/\/canal7slp.tv\/2025\/#website"},"primaryImageOfPage":{"@id":"https:\/\/canal7slp.tv\/2025\/desde-el-poder-judicial-se-concede-suspender-provisionalmente-eleccion-de-director-en-facultad-de-derecho\/#primaryimage"},"image":{"@id":"https:\/\/canal7slp.tv\/2025\/desde-el-poder-judicial-se-concede-suspender-provisionalmente-eleccion-de-director-en-facultad-de-derecho\/#primaryimage"},"thumbnailUrl":"https:\/\/canal7slp.tv\/2025\/wp-content\/uploads\/2025\/12\/Poky02EleccionesDerecho.jpg","datePublished":"2025-12-13T03:35:20+00:00","breadcrumb":{"@id":"https:\/\/canal7slp.tv\/2025\/desde-el-poder-judicial-se-concede-suspender-provisionalmente-eleccion-de-director-en-facultad-de-derecho\/#breadcrumb"},"inLanguage":"es","potentialAction":[{"@type":"ReadAction","target":["https:\/\/canal7slp.tv\/2025\/desde-el-poder-judicial-se-concede-suspender-provisionalmente-eleccion-de-director-en-facultad-de-derecho\/"]}]},{"@type":"ImageObject","inLanguage":"es","@id":"https:\/\/canal7slp.tv\/2025\/desde-el-poder-judicial-se-concede-suspender-provisionalmente-eleccion-de-director-en-facultad-de-derecho\/#primaryimage","url":"https:\/\/canal7slp.tv\/2025\/wp-content\/uploads\/2025\/12\/Poky02EleccionesDerecho.jpg","contentUrl":"https:\/\/canal7slp.tv\/2025\/wp-content\/uploads\/2025\/12\/Poky02EleccionesDerecho.jpg","width":1280,"height":720},{"@type":"BreadcrumbList","@id":"https:\/\/canal7slp.tv\/2025\/desde-el-poder-judicial-se-concede-suspender-provisionalmente-eleccion-de-director-en-facultad-de-derecho\/#breadcrumb","itemListElement":[{"@type":"ListItem","position":1,"name":"Portada","item":"https:\/\/canal7slp.tv\/2025\/"},{"@type":"ListItem","position":2,"name":"Desde el Poder Judicial se concede suspender provisionalmente elecci\u00f3n de director en Facultad de Derecho"}]},{"@type":"WebSite","@id":"https:\/\/canal7slp.tv\/2025\/#website","url":"https:\/\/canal7slp.tv\/2025\/","name":"N7 - Noticieros Canal 7","description":"Somos el Medio","publisher":{"@id":"https:\/\/canal7slp.tv\/2025\/#organization"},"potentialAction":[{"@type":"SearchAction","target":{"@type":"EntryPoint","urlTemplate":"https:\/\/canal7slp.tv\/2025\/?s={search_term_string}"},"query-input":{"@type":"PropertyValueSpecification","valueRequired":true,"valueName":"search_term_string"}}],"inLanguage":"es"},{"@type":"Organization","@id":"https:\/\/canal7slp.tv\/2025\/#organization","name":"Noticieros Canal 7","url":"https:\/\/canal7slp.tv\/2025\/","logo":{"@type":"ImageObject","inLanguage":"es","@id":"https:\/\/canal7slp.tv\/2025\/#\/schema\/logo\/image\/","url":"https:\/\/canal7slp.tv\/2025\/wp-content\/uploads\/2021\/01\/logo-noticieros@2x.png","contentUrl":"https:\/\/canal7slp.tv\/2025\/wp-content\/uploads\/2021\/01\/logo-noticieros@2x.png","width":1017,"height":268,"caption":"Noticieros Canal 7"},"image":{"@id":"https:\/\/canal7slp.tv\/2025\/#\/schema\/logo\/image\/"},"sameAs":["https:\/\/www.facebook.com\/noticieroscanal7atencionciudadana\/","https:\/\/x.com\/NOTICIEROS7","https:\/\/www.instagram.com\/canal7_slp","https:\/\/www.youtube.com\/channel\/UCliiYs-gP3JfJeqdPrNdd5A"]},{"@type":"Person","@id":"https:\/\/canal7slp.tv\/2025\/#\/schema\/person\/271e2b60a96e7cc9d9ac296f4d7e414b","name":"Edici\u00f3n Web","image":{"@type":"ImageObject","inLanguage":"es","@id":"https:\/\/secure.gravatar.com\/avatar\/eee448fc3f7164808013b816ba91ac7e43bbe82a70bebac296f8bc6f0addaa1a?s=96&d=mm&r=g","url":"https:\/\/secure.gravatar.com\/avatar\/eee448fc3f7164808013b816ba91ac7e43bbe82a70bebac296f8bc6f0addaa1a?s=96&d=mm&r=g","contentUrl":"https:\/\/secure.gravatar.com\/avatar\/eee448fc3f7164808013b816ba91ac7e43bbe82a70bebac296f8bc6f0addaa1a?s=96&d=mm&r=g","caption":"Edici\u00f3n Web"},"url":"https:\/\/canal7slp.tv\/2025\/author\/edicionweb\/"}]}},"_links":{"self":[{"href":"https:\/\/canal7slp.tv\/2025\/wp-json\/wp\/v2\/posts\/187722","targetHints":{"allow":["GET"]}}],"collection":[{"href":"https:\/\/canal7slp.tv\/2025\/wp-json\/wp\/v2\/posts"}],"about":[{"href":"https:\/\/canal7slp.tv\/2025\/wp-json\/wp\/v2\/types\/post"}],"author":[{"embeddable":true,"href":"https:\/\/canal7slp.tv\/2025\/wp-json\/wp\/v2\/users\/2"}],"replies":[{"embeddable":true,"href":"https:\/\/canal7slp.tv\/2025\/wp-json\/wp\/v2\/comments?post=187722"}],"version-history":[{"count":2,"href":"https:\/\/canal7slp.tv\/2025\/wp-json\/wp\/v2\/posts\/187722\/revisions"}],"predecessor-version":[{"id":187751,"href":"https:\/\/canal7slp.tv\/2025\/wp-json\/wp\/v2\/posts\/187722\/revisions\/187751"}],"wp:featuredmedia":[{"embeddable":true,"href":"https:\/\/canal7slp.tv\/2025\/wp-json\/wp\/v2\/media\/187750"}],"wp:attachment":[{"href":"https:\/\/canal7slp.tv\/2025\/wp-json\/wp\/v2\/media?parent=187722"}],"wp:term":[{"taxonomy":"category","embeddable":true,"href":"https:\/\/canal7slp.tv\/2025\/wp-json\/wp\/v2\/categories?post=187722"},{"taxonomy":"post_tag","embeddable":true,"href":"https:\/\/canal7slp.tv\/2025\/wp-json\/wp\/v2\/tags?post=187722"}],"curies":[{"name":"wp","href":"https:\/\/api.w.org\/{rel}","templated":true}]}}