{"id":187721,"date":"2025-12-12T21:31:44","date_gmt":"2025-12-13T03:31:44","guid":{"rendered":"https:\/\/canal7slp.tv\/2025\/?p=187721"},"modified":"2025-12-12T21:31:44","modified_gmt":"2025-12-13T03:31:44","slug":"impugnacion-de-nombramiento-de-presidenta-concejal-de-villa-de-pozos-paso-al-tepjf","status":"publish","type":"post","link":"https:\/\/canal7slp.tv\/2025\/impugnacion-de-nombramiento-de-presidenta-concejal-de-villa-de-pozos-paso-al-tepjf\/","title":{"rendered":"Impugnaci\u00f3n de nombramiento de presidenta Concejal de Villa de Pozos pas\u00f3 al TEPJF"},"content":{"rendered":"<p style=\"text-align: justify;\"><span style=\"font-size: 1.21429rem;\">Villa de Pozos.- El proceso de impugnaci\u00f3n por el nombramiento de Patricia Aradillas Aradillas como concejal presidenta de Villa de Pozos pasar\u00e1 al Tribunal Electoral del Poder Judicial de la Federaci\u00f3n Sala Regional Monterrey.<\/span><\/p>\n<p style=\"text-align: justify;\">Cabe recordar que despu\u00e9s de que la renuncia de Mar\u00eda Teres Rivera Acevedo como concejal presidenta, se design\u00f3 por el Congreso del Estado local a Patricia Aradillas Aradillas para este cargo.<\/p>\n<p style=\"text-align: justify;\">Ante este hecho, el ciudadano Justino Rodr\u00edguez Castro interpuso un recurso ante el Tribunal Electoral del Estado el pasado d\u00eda cinco de diciembre, para el d\u00eda 11 de diciembre el TEE desech\u00f3 el recurso al considerarlo improcedente debido a que la selecci\u00f3n no deriva del voto popular ni de una funci\u00f3n de organizaci\u00f3n electoral, sino de una designaci\u00f3n legislativa.<\/p>\n<p style=\"text-align: justify;\">El promovente pidi\u00f3 que el tribunal local remita el expediente completo, el informe circunstanciado y todos los tr\u00e1mites relacionados al medio de impugnaci\u00f3n.<\/p>\n<p style=\"text-align: justify;\">A su vez present\u00f3 un nuevo m\u00e9todo de impugnaci\u00f3n que se llevar\u00e1 a la Sala Regional Monterrey del Tribunal Electoral del Poder Judicial de la Federal.<\/p>\n<p>Por:\u00a0 Juan Carlos Contreras<\/p>\n","protected":false},"excerpt":{"rendered":"<p>Villa de Pozos.- El proceso de impugnaci\u00f3n por el nombramiento de Patricia Aradillas Aradillas como concejal presidenta de Villa de Pozos pasar\u00e1 al Tribunal Electoral del Poder Judicial de la Federaci\u00f3n Sala Regional Monterrey. Cabe recordar que despu\u00e9s de que la renuncia de Mar\u00eda Teres Rivera Acevedo como concejal presidenta, se design\u00f3 por el Congreso del Estado local a Patricia Aradillas Aradillas para este cargo. Ante este hecho, el ciudadano Justino Rodr\u00edguez Castro interpuso un recurso ante el Tribunal Electoral del Estado el pasado d\u00eda cinco de diciembre, para el d\u00eda 11 de diciembre el TEE desech\u00f3 el recurso al [&hellip;]<\/p>\n","protected":false},"author":2,"featured_media":187747,"comment_status":"closed","ping_status":"closed","sticky":false,"template":"","format":"video","meta":{"_monsterinsights_skip_tracking":false,"_monsterinsights_sitenote_active":false,"_monsterinsights_sitenote_note":"","_monsterinsights_sitenote_category":0,"footnotes":""},"categories":[5,45],"tags":[],"class_list":["post-187721","post","type-post","status-publish","format-video","has-post-thumbnail","hentry","category-destacadas","category-localesyregionales","post_format-post-format-video","post--single"],"yoast_head":"<!-- This site is optimized with the Yoast SEO plugin v27.5 - https:\/\/yoast.com\/product\/yoast-seo-wordpress\/ -->\n<title>Impugnaci\u00f3n de nombramiento de presidenta Concejal de Villa de Pozos pas\u00f3 al TEPJF - Canal 7 SLP - 2025<\/title>\n<meta name=\"robots\" content=\"index, follow, max-snippet:-1, max-image-preview:large, max-video-preview:-1\" \/>\n<link rel=\"canonical\" href=\"https:\/\/canal7slp.tv\/2025\/impugnacion-de-nombramiento-de-presidenta-concejal-de-villa-de-pozos-paso-al-tepjf\/\" \/>\n<meta property=\"og:locale\" content=\"es_ES\" \/>\n<meta property=\"og:type\" content=\"article\" \/>\n<meta property=\"og:title\" content=\"Impugnaci\u00f3n de nombramiento de presidenta Concejal de Villa de Pozos pas\u00f3 al TEPJF - Canal 7 SLP - 2025\" \/>\n<meta property=\"og:description\" content=\"Villa de Pozos.- El proceso de impugnaci\u00f3n por el nombramiento de Patricia Aradillas Aradillas como concejal presidenta de Villa de Pozos pasar\u00e1 al Tribunal Electoral del Poder Judicial de la Federaci\u00f3n Sala Regional Monterrey. Cabe recordar que despu\u00e9s de que la renuncia de Mar\u00eda Teres Rivera Acevedo como concejal presidenta, se design\u00f3 por el Congreso del Estado local a Patricia Aradillas Aradillas para este cargo. Ante este hecho, el ciudadano Justino Rodr\u00edguez Castro interpuso un recurso ante el Tribunal Electoral del Estado el pasado d\u00eda cinco de diciembre, para el d\u00eda 11 de diciembre el TEE desech\u00f3 el recurso al [&hellip;]\" \/>\n<meta property=\"og:url\" content=\"https:\/\/canal7slp.tv\/2025\/impugnacion-de-nombramiento-de-presidenta-concejal-de-villa-de-pozos-paso-al-tepjf\/\" \/>\n<meta property=\"og:site_name\" content=\"Canal 7 SLP - 2025\" \/>\n<meta property=\"article:publisher\" content=\"https:\/\/www.facebook.com\/noticieroscanal7atencionciudadana\/\" \/>\n<meta property=\"article:published_time\" content=\"2025-12-13T03:31:44+00:00\" \/>\n<meta property=\"og:image\" content=\"https:\/\/canal7slp.tv\/2025\/wp-content\/uploads\/2025\/12\/POky01Patricia-Ardillas.jpg\" \/>\n\t<meta property=\"og:image:width\" content=\"1280\" \/>\n\t<meta property=\"og:image:height\" content=\"720\" \/>\n\t<meta property=\"og:image:type\" content=\"image\/jpeg\" \/>\n<meta name=\"author\" content=\"Edici\u00f3n Web\" \/>\n<meta name=\"twitter:card\" content=\"summary_large_image\" \/>\n<meta name=\"twitter:creator\" content=\"@NOTICIEROS7\" \/>\n<meta name=\"twitter:site\" content=\"@NOTICIEROS7\" \/>\n<meta name=\"twitter:label1\" content=\"Escrito por\" \/>\n\t<meta name=\"twitter:data1\" content=\"Edici\u00f3n Web\" \/>\n\t<meta name=\"twitter:label2\" content=\"Tiempo de lectura\" \/>\n\t<meta name=\"twitter:data2\" content=\"2 minutos\" \/>\n<script type=\"application\/ld+json\" class=\"yoast-schema-graph\">{\"@context\":\"https:\\\/\\\/schema.org\",\"@graph\":[{\"@type\":\"Article\",\"@id\":\"https:\\\/\\\/canal7slp.tv\\\/2025\\\/impugnacion-de-nombramiento-de-presidenta-concejal-de-villa-de-pozos-paso-al-tepjf\\\/#article\",\"isPartOf\":{\"@id\":\"https:\\\/\\\/canal7slp.tv\\\/2025\\\/impugnacion-de-nombramiento-de-presidenta-concejal-de-villa-de-pozos-paso-al-tepjf\\\/\"},\"author\":{\"name\":\"Edici\u00f3n Web\",\"@id\":\"https:\\\/\\\/canal7slp.tv\\\/2025\\\/#\\\/schema\\\/person\\\/271e2b60a96e7cc9d9ac296f4d7e414b\"},\"headline\":\"Impugnaci\u00f3n de nombramiento de presidenta Concejal de Villa de Pozos pas\u00f3 al TEPJF\",\"datePublished\":\"2025-12-13T03:31:44+00:00\",\"mainEntityOfPage\":{\"@id\":\"https:\\\/\\\/canal7slp.tv\\\/2025\\\/impugnacion-de-nombramiento-de-presidenta-concejal-de-villa-de-pozos-paso-al-tepjf\\\/\"},\"wordCount\":206,\"publisher\":{\"@id\":\"https:\\\/\\\/canal7slp.tv\\\/2025\\\/#organization\"},\"image\":{\"@id\":\"https:\\\/\\\/canal7slp.tv\\\/2025\\\/impugnacion-de-nombramiento-de-presidenta-concejal-de-villa-de-pozos-paso-al-tepjf\\\/#primaryimage\"},\"thumbnailUrl\":\"https:\\\/\\\/canal7slp.tv\\\/2025\\\/wp-content\\\/uploads\\\/2025\\\/12\\\/POky01Patricia-Ardillas.jpg\",\"articleSection\":[\"DESTACADAS\",\"LOCALES Y REGIONALES\"],\"inLanguage\":\"es\"},{\"@type\":\"WebPage\",\"@id\":\"https:\\\/\\\/canal7slp.tv\\\/2025\\\/impugnacion-de-nombramiento-de-presidenta-concejal-de-villa-de-pozos-paso-al-tepjf\\\/\",\"url\":\"https:\\\/\\\/canal7slp.tv\\\/2025\\\/impugnacion-de-nombramiento-de-presidenta-concejal-de-villa-de-pozos-paso-al-tepjf\\\/\",\"name\":\"Impugnaci\u00f3n de nombramiento de presidenta Concejal de Villa de Pozos pas\u00f3 al TEPJF - Canal 7 SLP - 2025\",\"isPartOf\":{\"@id\":\"https:\\\/\\\/canal7slp.tv\\\/2025\\\/#website\"},\"primaryImageOfPage\":{\"@id\":\"https:\\\/\\\/canal7slp.tv\\\/2025\\\/impugnacion-de-nombramiento-de-presidenta-concejal-de-villa-de-pozos-paso-al-tepjf\\\/#primaryimage\"},\"image\":{\"@id\":\"https:\\\/\\\/canal7slp.tv\\\/2025\\\/impugnacion-de-nombramiento-de-presidenta-concejal-de-villa-de-pozos-paso-al-tepjf\\\/#primaryimage\"},\"thumbnailUrl\":\"https:\\\/\\\/canal7slp.tv\\\/2025\\\/wp-content\\\/uploads\\\/2025\\\/12\\\/POky01Patricia-Ardillas.jpg\",\"datePublished\":\"2025-12-13T03:31:44+00:00\",\"breadcrumb\":{\"@id\":\"https:\\\/\\\/canal7slp.tv\\\/2025\\\/impugnacion-de-nombramiento-de-presidenta-concejal-de-villa-de-pozos-paso-al-tepjf\\\/#breadcrumb\"},\"inLanguage\":\"es\",\"potentialAction\":[{\"@type\":\"ReadAction\",\"target\":[\"https:\\\/\\\/canal7slp.tv\\\/2025\\\/impugnacion-de-nombramiento-de-presidenta-concejal-de-villa-de-pozos-paso-al-tepjf\\\/\"]}]},{\"@type\":\"ImageObject\",\"inLanguage\":\"es\",\"@id\":\"https:\\\/\\\/canal7slp.tv\\\/2025\\\/impugnacion-de-nombramiento-de-presidenta-concejal-de-villa-de-pozos-paso-al-tepjf\\\/#primaryimage\",\"url\":\"https:\\\/\\\/canal7slp.tv\\\/2025\\\/wp-content\\\/uploads\\\/2025\\\/12\\\/POky01Patricia-Ardillas.jpg\",\"contentUrl\":\"https:\\\/\\\/canal7slp.tv\\\/2025\\\/wp-content\\\/uploads\\\/2025\\\/12\\\/POky01Patricia-Ardillas.jpg\",\"width\":1280,\"height\":720},{\"@type\":\"BreadcrumbList\",\"@id\":\"https:\\\/\\\/canal7slp.tv\\\/2025\\\/impugnacion-de-nombramiento-de-presidenta-concejal-de-villa-de-pozos-paso-al-tepjf\\\/#breadcrumb\",\"itemListElement\":[{\"@type\":\"ListItem\",\"position\":1,\"name\":\"Portada\",\"item\":\"https:\\\/\\\/canal7slp.tv\\\/2025\\\/\"},{\"@type\":\"ListItem\",\"position\":2,\"name\":\"Impugnaci\u00f3n de nombramiento de presidenta Concejal de Villa de Pozos pas\u00f3 al TEPJF\"}]},{\"@type\":\"WebSite\",\"@id\":\"https:\\\/\\\/canal7slp.tv\\\/2025\\\/#website\",\"url\":\"https:\\\/\\\/canal7slp.tv\\\/2025\\\/\",\"name\":\"N7 - Noticieros Canal 7\",\"description\":\"Somos el Medio\",\"publisher\":{\"@id\":\"https:\\\/\\\/canal7slp.tv\\\/2025\\\/#organization\"},\"potentialAction\":[{\"@type\":\"SearchAction\",\"target\":{\"@type\":\"EntryPoint\",\"urlTemplate\":\"https:\\\/\\\/canal7slp.tv\\\/2025\\\/?s={search_term_string}\"},\"query-input\":{\"@type\":\"PropertyValueSpecification\",\"valueRequired\":true,\"valueName\":\"search_term_string\"}}],\"inLanguage\":\"es\"},{\"@type\":\"Organization\",\"@id\":\"https:\\\/\\\/canal7slp.tv\\\/2025\\\/#organization\",\"name\":\"Noticieros Canal 7\",\"url\":\"https:\\\/\\\/canal7slp.tv\\\/2025\\\/\",\"logo\":{\"@type\":\"ImageObject\",\"inLanguage\":\"es\",\"@id\":\"https:\\\/\\\/canal7slp.tv\\\/2025\\\/#\\\/schema\\\/logo\\\/image\\\/\",\"url\":\"https:\\\/\\\/canal7slp.tv\\\/2025\\\/wp-content\\\/uploads\\\/2021\\\/01\\\/logo-noticieros@2x.png\",\"contentUrl\":\"https:\\\/\\\/canal7slp.tv\\\/2025\\\/wp-content\\\/uploads\\\/2021\\\/01\\\/logo-noticieros@2x.png\",\"width\":1017,\"height\":268,\"caption\":\"Noticieros Canal 7\"},\"image\":{\"@id\":\"https:\\\/\\\/canal7slp.tv\\\/2025\\\/#\\\/schema\\\/logo\\\/image\\\/\"},\"sameAs\":[\"https:\\\/\\\/www.facebook.com\\\/noticieroscanal7atencionciudadana\\\/\",\"https:\\\/\\\/x.com\\\/NOTICIEROS7\",\"https:\\\/\\\/www.instagram.com\\\/canal7_slp\",\"https:\\\/\\\/www.youtube.com\\\/channel\\\/UCliiYs-gP3JfJeqdPrNdd5A\"]},{\"@type\":\"Person\",\"@id\":\"https:\\\/\\\/canal7slp.tv\\\/2025\\\/#\\\/schema\\\/person\\\/271e2b60a96e7cc9d9ac296f4d7e414b\",\"name\":\"Edici\u00f3n Web\",\"image\":{\"@type\":\"ImageObject\",\"inLanguage\":\"es\",\"@id\":\"https:\\\/\\\/secure.gravatar.com\\\/avatar\\\/eee448fc3f7164808013b816ba91ac7e43bbe82a70bebac296f8bc6f0addaa1a?s=96&d=mm&r=g\",\"url\":\"https:\\\/\\\/secure.gravatar.com\\\/avatar\\\/eee448fc3f7164808013b816ba91ac7e43bbe82a70bebac296f8bc6f0addaa1a?s=96&d=mm&r=g\",\"contentUrl\":\"https:\\\/\\\/secure.gravatar.com\\\/avatar\\\/eee448fc3f7164808013b816ba91ac7e43bbe82a70bebac296f8bc6f0addaa1a?s=96&d=mm&r=g\",\"caption\":\"Edici\u00f3n Web\"},\"url\":\"https:\\\/\\\/canal7slp.tv\\\/2025\\\/author\\\/edicionweb\\\/\"}]}<\/script>\n<!-- \/ Yoast SEO plugin. -->","yoast_head_json":{"title":"Impugnaci\u00f3n de nombramiento de presidenta Concejal de Villa de Pozos pas\u00f3 al TEPJF - Canal 7 SLP - 2025","robots":{"index":"index","follow":"follow","max-snippet":"max-snippet:-1","max-image-preview":"max-image-preview:large","max-video-preview":"max-video-preview:-1"},"canonical":"https:\/\/canal7slp.tv\/2025\/impugnacion-de-nombramiento-de-presidenta-concejal-de-villa-de-pozos-paso-al-tepjf\/","og_locale":"es_ES","og_type":"article","og_title":"Impugnaci\u00f3n de nombramiento de presidenta Concejal de Villa de Pozos pas\u00f3 al TEPJF - Canal 7 SLP - 2025","og_description":"Villa de Pozos.- El proceso de impugnaci\u00f3n por el nombramiento de Patricia Aradillas Aradillas como concejal presidenta de Villa de Pozos pasar\u00e1 al Tribunal Electoral del Poder Judicial de la Federaci\u00f3n Sala Regional Monterrey. Cabe recordar que despu\u00e9s de que la renuncia de Mar\u00eda Teres Rivera Acevedo como concejal presidenta, se design\u00f3 por el Congreso del Estado local a Patricia Aradillas Aradillas para este cargo. Ante este hecho, el ciudadano Justino Rodr\u00edguez Castro interpuso un recurso ante el Tribunal Electoral del Estado el pasado d\u00eda cinco de diciembre, para el d\u00eda 11 de diciembre el TEE desech\u00f3 el recurso al [&hellip;]","og_url":"https:\/\/canal7slp.tv\/2025\/impugnacion-de-nombramiento-de-presidenta-concejal-de-villa-de-pozos-paso-al-tepjf\/","og_site_name":"Canal 7 SLP - 2025","article_publisher":"https:\/\/www.facebook.com\/noticieroscanal7atencionciudadana\/","article_published_time":"2025-12-13T03:31:44+00:00","og_image":[{"width":1280,"height":720,"url":"https:\/\/canal7slp.tv\/2025\/wp-content\/uploads\/2025\/12\/POky01Patricia-Ardillas.jpg","type":"image\/jpeg"}],"author":"Edici\u00f3n Web","twitter_card":"summary_large_image","twitter_creator":"@NOTICIEROS7","twitter_site":"@NOTICIEROS7","twitter_misc":{"Escrito por":"Edici\u00f3n Web","Tiempo de lectura":"2 minutos"},"schema":{"@context":"https:\/\/schema.org","@graph":[{"@type":"Article","@id":"https:\/\/canal7slp.tv\/2025\/impugnacion-de-nombramiento-de-presidenta-concejal-de-villa-de-pozos-paso-al-tepjf\/#article","isPartOf":{"@id":"https:\/\/canal7slp.tv\/2025\/impugnacion-de-nombramiento-de-presidenta-concejal-de-villa-de-pozos-paso-al-tepjf\/"},"author":{"name":"Edici\u00f3n Web","@id":"https:\/\/canal7slp.tv\/2025\/#\/schema\/person\/271e2b60a96e7cc9d9ac296f4d7e414b"},"headline":"Impugnaci\u00f3n de nombramiento de presidenta Concejal de Villa de Pozos pas\u00f3 al TEPJF","datePublished":"2025-12-13T03:31:44+00:00","mainEntityOfPage":{"@id":"https:\/\/canal7slp.tv\/2025\/impugnacion-de-nombramiento-de-presidenta-concejal-de-villa-de-pozos-paso-al-tepjf\/"},"wordCount":206,"publisher":{"@id":"https:\/\/canal7slp.tv\/2025\/#organization"},"image":{"@id":"https:\/\/canal7slp.tv\/2025\/impugnacion-de-nombramiento-de-presidenta-concejal-de-villa-de-pozos-paso-al-tepjf\/#primaryimage"},"thumbnailUrl":"https:\/\/canal7slp.tv\/2025\/wp-content\/uploads\/2025\/12\/POky01Patricia-Ardillas.jpg","articleSection":["DESTACADAS","LOCALES Y REGIONALES"],"inLanguage":"es"},{"@type":"WebPage","@id":"https:\/\/canal7slp.tv\/2025\/impugnacion-de-nombramiento-de-presidenta-concejal-de-villa-de-pozos-paso-al-tepjf\/","url":"https:\/\/canal7slp.tv\/2025\/impugnacion-de-nombramiento-de-presidenta-concejal-de-villa-de-pozos-paso-al-tepjf\/","name":"Impugnaci\u00f3n de nombramiento de presidenta Concejal de Villa de Pozos pas\u00f3 al TEPJF - Canal 7 SLP - 2025","isPartOf":{"@id":"https:\/\/canal7slp.tv\/2025\/#website"},"primaryImageOfPage":{"@id":"https:\/\/canal7slp.tv\/2025\/impugnacion-de-nombramiento-de-presidenta-concejal-de-villa-de-pozos-paso-al-tepjf\/#primaryimage"},"image":{"@id":"https:\/\/canal7slp.tv\/2025\/impugnacion-de-nombramiento-de-presidenta-concejal-de-villa-de-pozos-paso-al-tepjf\/#primaryimage"},"thumbnailUrl":"https:\/\/canal7slp.tv\/2025\/wp-content\/uploads\/2025\/12\/POky01Patricia-Ardillas.jpg","datePublished":"2025-12-13T03:31:44+00:00","breadcrumb":{"@id":"https:\/\/canal7slp.tv\/2025\/impugnacion-de-nombramiento-de-presidenta-concejal-de-villa-de-pozos-paso-al-tepjf\/#breadcrumb"},"inLanguage":"es","potentialAction":[{"@type":"ReadAction","target":["https:\/\/canal7slp.tv\/2025\/impugnacion-de-nombramiento-de-presidenta-concejal-de-villa-de-pozos-paso-al-tepjf\/"]}]},{"@type":"ImageObject","inLanguage":"es","@id":"https:\/\/canal7slp.tv\/2025\/impugnacion-de-nombramiento-de-presidenta-concejal-de-villa-de-pozos-paso-al-tepjf\/#primaryimage","url":"https:\/\/canal7slp.tv\/2025\/wp-content\/uploads\/2025\/12\/POky01Patricia-Ardillas.jpg","contentUrl":"https:\/\/canal7slp.tv\/2025\/wp-content\/uploads\/2025\/12\/POky01Patricia-Ardillas.jpg","width":1280,"height":720},{"@type":"BreadcrumbList","@id":"https:\/\/canal7slp.tv\/2025\/impugnacion-de-nombramiento-de-presidenta-concejal-de-villa-de-pozos-paso-al-tepjf\/#breadcrumb","itemListElement":[{"@type":"ListItem","position":1,"name":"Portada","item":"https:\/\/canal7slp.tv\/2025\/"},{"@type":"ListItem","position":2,"name":"Impugnaci\u00f3n de nombramiento de presidenta Concejal de Villa de Pozos pas\u00f3 al TEPJF"}]},{"@type":"WebSite","@id":"https:\/\/canal7slp.tv\/2025\/#website","url":"https:\/\/canal7slp.tv\/2025\/","name":"N7 - Noticieros Canal 7","description":"Somos el Medio","publisher":{"@id":"https:\/\/canal7slp.tv\/2025\/#organization"},"potentialAction":[{"@type":"SearchAction","target":{"@type":"EntryPoint","urlTemplate":"https:\/\/canal7slp.tv\/2025\/?s={search_term_string}"},"query-input":{"@type":"PropertyValueSpecification","valueRequired":true,"valueName":"search_term_string"}}],"inLanguage":"es"},{"@type":"Organization","@id":"https:\/\/canal7slp.tv\/2025\/#organization","name":"Noticieros Canal 7","url":"https:\/\/canal7slp.tv\/2025\/","logo":{"@type":"ImageObject","inLanguage":"es","@id":"https:\/\/canal7slp.tv\/2025\/#\/schema\/logo\/image\/","url":"https:\/\/canal7slp.tv\/2025\/wp-content\/uploads\/2021\/01\/logo-noticieros@2x.png","contentUrl":"https:\/\/canal7slp.tv\/2025\/wp-content\/uploads\/2021\/01\/logo-noticieros@2x.png","width":1017,"height":268,"caption":"Noticieros Canal 7"},"image":{"@id":"https:\/\/canal7slp.tv\/2025\/#\/schema\/logo\/image\/"},"sameAs":["https:\/\/www.facebook.com\/noticieroscanal7atencionciudadana\/","https:\/\/x.com\/NOTICIEROS7","https:\/\/www.instagram.com\/canal7_slp","https:\/\/www.youtube.com\/channel\/UCliiYs-gP3JfJeqdPrNdd5A"]},{"@type":"Person","@id":"https:\/\/canal7slp.tv\/2025\/#\/schema\/person\/271e2b60a96e7cc9d9ac296f4d7e414b","name":"Edici\u00f3n Web","image":{"@type":"ImageObject","inLanguage":"es","@id":"https:\/\/secure.gravatar.com\/avatar\/eee448fc3f7164808013b816ba91ac7e43bbe82a70bebac296f8bc6f0addaa1a?s=96&d=mm&r=g","url":"https:\/\/secure.gravatar.com\/avatar\/eee448fc3f7164808013b816ba91ac7e43bbe82a70bebac296f8bc6f0addaa1a?s=96&d=mm&r=g","contentUrl":"https:\/\/secure.gravatar.com\/avatar\/eee448fc3f7164808013b816ba91ac7e43bbe82a70bebac296f8bc6f0addaa1a?s=96&d=mm&r=g","caption":"Edici\u00f3n Web"},"url":"https:\/\/canal7slp.tv\/2025\/author\/edicionweb\/"}]}},"_links":{"self":[{"href":"https:\/\/canal7slp.tv\/2025\/wp-json\/wp\/v2\/posts\/187721","targetHints":{"allow":["GET"]}}],"collection":[{"href":"https:\/\/canal7slp.tv\/2025\/wp-json\/wp\/v2\/posts"}],"about":[{"href":"https:\/\/canal7slp.tv\/2025\/wp-json\/wp\/v2\/types\/post"}],"author":[{"embeddable":true,"href":"https:\/\/canal7slp.tv\/2025\/wp-json\/wp\/v2\/users\/2"}],"replies":[{"embeddable":true,"href":"https:\/\/canal7slp.tv\/2025\/wp-json\/wp\/v2\/comments?post=187721"}],"version-history":[{"count":2,"href":"https:\/\/canal7slp.tv\/2025\/wp-json\/wp\/v2\/posts\/187721\/revisions"}],"predecessor-version":[{"id":187748,"href":"https:\/\/canal7slp.tv\/2025\/wp-json\/wp\/v2\/posts\/187721\/revisions\/187748"}],"wp:featuredmedia":[{"embeddable":true,"href":"https:\/\/canal7slp.tv\/2025\/wp-json\/wp\/v2\/media\/187747"}],"wp:attachment":[{"href":"https:\/\/canal7slp.tv\/2025\/wp-json\/wp\/v2\/media?parent=187721"}],"wp:term":[{"taxonomy":"category","embeddable":true,"href":"https:\/\/canal7slp.tv\/2025\/wp-json\/wp\/v2\/categories?post=187721"},{"taxonomy":"post_tag","embeddable":true,"href":"https:\/\/canal7slp.tv\/2025\/wp-json\/wp\/v2\/tags?post=187721"}],"curies":[{"name":"wp","href":"https:\/\/api.w.org\/{rel}","templated":true}]}}