{"id":187706,"date":"2025-12-12T17:13:40","date_gmt":"2025-12-12T23:13:40","guid":{"rendered":"https:\/\/canal7slp.tv\/2025\/?p=187706"},"modified":"2025-12-12T17:13:40","modified_gmt":"2025-12-12T23:13:40","slug":"morelos-refuerza-seguridad-en-tres-marias-tras-nuevo-asalto-captado-en-video","status":"publish","type":"post","link":"https:\/\/canal7slp.tv\/2025\/morelos-refuerza-seguridad-en-tres-marias-tras-nuevo-asalto-captado-en-video\/","title":{"rendered":"Morelos refuerza seguridad en Tres Mar\u00edas tras nuevo asalto captado en video"},"content":{"rendered":"<p style=\"text-align: justify;\">Tres Mar\u00edas.- El gobierno de Morelos anunci\u00f3 un reforzamiento en la vigilancia de la carretera federal, particularmente en la zona de Tres Mar\u00edas, municipio de Huitzilac, luego de que autoridades confirmaran actividad reciente de grupos delictivos dedicados a interceptar automovilistas para cometer robos y despojos de veh\u00edculos.<\/p>\n<p style=\"text-align: justify;\">La medida surgi\u00f3 tras la difusi\u00f3n de un video registrado el martes, en el que se observa c\u00f3mo los ocupantes de una camioneta cerraron el paso a un autom\u00f3vil que viajaba desde la Ciudad de M\u00e9xico. En las im\u00e1genes, tres hombres descienden del veh\u00edculo, dos de ellos armados, y se aproximan de manera intimidante hacia los tripulantes del auto, cuyo conductor logr\u00f3 escapar realizando una maniobra para evitar la agresi\u00f3n.<\/p>\n<p style=\"text-align: justify;\">Despu\u00e9s de que el video se viralizara, el subsecretario de Gobierno estatal, Miguel \u00c1ngel Pel\u00e1ez, inform\u00f3 que se pondr\u00e1n en marcha operativos coordinados entre fuerzas militares y la polic\u00eda estatal. Se\u00f1al\u00f3 que no se hab\u00eda registrado un incidente similar desde hace tiempo y que se establecer\u00e1n patrullajes continuos, as\u00ed como puestos de vigilancia, para inhibir la presencia de grupos delictivos en la zona.<\/p>\n<p style=\"text-align: justify;\">Horas m\u00e1s tarde, la Secretar\u00eda de Seguridad y Protecci\u00f3n Ciudadana estatal confirm\u00f3 que durante un operativo interinstitucional en el libramiento Tres Mar\u00edas-Huitzilac fue asegurada la camioneta utilizada por los presuntos asaltantes. El veh\u00edculo, una SEAT Ateca blanca, hab\u00eda sido reportado como robado un d\u00eda antes en la misma carretera M\u00e9xico-Cuernavaca y fue hallado abandonado a un costado de la v\u00eda.<\/p>\n<p style=\"text-align: justify;\">\n","protected":false},"excerpt":{"rendered":"<p>Tres Mar\u00edas.- El gobierno de Morelos anunci\u00f3 un reforzamiento en la vigilancia de la carretera federal, particularmente en la zona de Tres Mar\u00edas, municipio de Huitzilac, luego de que autoridades confirmaran actividad reciente de grupos delictivos dedicados a interceptar automovilistas para cometer robos y despojos de veh\u00edculos. La medida surgi\u00f3 tras la difusi\u00f3n de un video registrado el martes, en el que se observa c\u00f3mo los ocupantes de una camioneta cerraron el paso a un autom\u00f3vil que viajaba desde la Ciudad de M\u00e9xico. En las im\u00e1genes, tres hombres descienden del veh\u00edculo, dos de ellos armados, y se aproximan de manera [&hellip;]<\/p>\n","protected":false},"author":2,"featured_media":187707,"comment_status":"closed","ping_status":"closed","sticky":false,"template":"","format":"standard","meta":{"_monsterinsights_skip_tracking":false,"_monsterinsights_sitenote_active":false,"_monsterinsights_sitenote_note":"","_monsterinsights_sitenote_category":0,"footnotes":""},"categories":[46],"tags":[],"class_list":["post-187706","post","type-post","status-publish","format-standard","has-post-thumbnail","hentry","category-nacional","post--single"],"yoast_head":"<!-- This site is optimized with the Yoast SEO plugin v27.5 - https:\/\/yoast.com\/product\/yoast-seo-wordpress\/ -->\n<title>Morelos refuerza seguridad en Tres Mar\u00edas tras nuevo asalto captado en video - Canal 7 SLP - 2025<\/title>\n<meta name=\"robots\" content=\"index, follow, max-snippet:-1, max-image-preview:large, max-video-preview:-1\" \/>\n<link rel=\"canonical\" href=\"https:\/\/canal7slp.tv\/2025\/morelos-refuerza-seguridad-en-tres-marias-tras-nuevo-asalto-captado-en-video\/\" \/>\n<meta property=\"og:locale\" content=\"es_ES\" \/>\n<meta property=\"og:type\" content=\"article\" \/>\n<meta property=\"og:title\" content=\"Morelos refuerza seguridad en Tres Mar\u00edas tras nuevo asalto captado en video - Canal 7 SLP - 2025\" \/>\n<meta property=\"og:description\" content=\"Tres Mar\u00edas.- El gobierno de Morelos anunci\u00f3 un reforzamiento en la vigilancia de la carretera federal, particularmente en la zona de Tres Mar\u00edas, municipio de Huitzilac, luego de que autoridades confirmaran actividad reciente de grupos delictivos dedicados a interceptar automovilistas para cometer robos y despojos de veh\u00edculos. La medida surgi\u00f3 tras la difusi\u00f3n de un video registrado el martes, en el que se observa c\u00f3mo los ocupantes de una camioneta cerraron el paso a un autom\u00f3vil que viajaba desde la Ciudad de M\u00e9xico. En las im\u00e1genes, tres hombres descienden del veh\u00edculo, dos de ellos armados, y se aproximan de manera [&hellip;]\" \/>\n<meta property=\"og:url\" content=\"https:\/\/canal7slp.tv\/2025\/morelos-refuerza-seguridad-en-tres-marias-tras-nuevo-asalto-captado-en-video\/\" \/>\n<meta property=\"og:site_name\" content=\"Canal 7 SLP - 2025\" \/>\n<meta property=\"article:publisher\" content=\"https:\/\/www.facebook.com\/noticieroscanal7atencionciudadana\/\" \/>\n<meta property=\"article:published_time\" content=\"2025-12-12T23:13:40+00:00\" \/>\n<meta property=\"og:image\" content=\"https:\/\/canal7slp.tv\/2025\/wp-content\/uploads\/2025\/12\/10-11.jpg\" \/>\n\t<meta property=\"og:image:width\" content=\"811\" \/>\n\t<meta property=\"og:image:height\" content=\"500\" \/>\n\t<meta property=\"og:image:type\" content=\"image\/jpeg\" \/>\n<meta name=\"author\" content=\"Edici\u00f3n Web\" \/>\n<meta name=\"twitter:card\" content=\"summary_large_image\" \/>\n<meta name=\"twitter:creator\" content=\"@NOTICIEROS7\" \/>\n<meta name=\"twitter:site\" content=\"@NOTICIEROS7\" \/>\n<meta name=\"twitter:label1\" content=\"Escrito por\" \/>\n\t<meta name=\"twitter:data1\" content=\"Edici\u00f3n Web\" \/>\n\t<meta name=\"twitter:label2\" content=\"Tiempo de lectura\" \/>\n\t<meta name=\"twitter:data2\" content=\"2 minutos\" \/>\n<script type=\"application\/ld+json\" class=\"yoast-schema-graph\">{\"@context\":\"https:\\\/\\\/schema.org\",\"@graph\":[{\"@type\":\"Article\",\"@id\":\"https:\\\/\\\/canal7slp.tv\\\/2025\\\/morelos-refuerza-seguridad-en-tres-marias-tras-nuevo-asalto-captado-en-video\\\/#article\",\"isPartOf\":{\"@id\":\"https:\\\/\\\/canal7slp.tv\\\/2025\\\/morelos-refuerza-seguridad-en-tres-marias-tras-nuevo-asalto-captado-en-video\\\/\"},\"author\":{\"name\":\"Edici\u00f3n Web\",\"@id\":\"https:\\\/\\\/canal7slp.tv\\\/2025\\\/#\\\/schema\\\/person\\\/271e2b60a96e7cc9d9ac296f4d7e414b\"},\"headline\":\"Morelos refuerza seguridad en Tres Mar\u00edas tras nuevo asalto captado en video\",\"datePublished\":\"2025-12-12T23:13:40+00:00\",\"mainEntityOfPage\":{\"@id\":\"https:\\\/\\\/canal7slp.tv\\\/2025\\\/morelos-refuerza-seguridad-en-tres-marias-tras-nuevo-asalto-captado-en-video\\\/\"},\"wordCount\":280,\"publisher\":{\"@id\":\"https:\\\/\\\/canal7slp.tv\\\/2025\\\/#organization\"},\"image\":{\"@id\":\"https:\\\/\\\/canal7slp.tv\\\/2025\\\/morelos-refuerza-seguridad-en-tres-marias-tras-nuevo-asalto-captado-en-video\\\/#primaryimage\"},\"thumbnailUrl\":\"https:\\\/\\\/canal7slp.tv\\\/2025\\\/wp-content\\\/uploads\\\/2025\\\/12\\\/10-11.jpg\",\"articleSection\":[\"NACIONALES\"],\"inLanguage\":\"es\"},{\"@type\":\"WebPage\",\"@id\":\"https:\\\/\\\/canal7slp.tv\\\/2025\\\/morelos-refuerza-seguridad-en-tres-marias-tras-nuevo-asalto-captado-en-video\\\/\",\"url\":\"https:\\\/\\\/canal7slp.tv\\\/2025\\\/morelos-refuerza-seguridad-en-tres-marias-tras-nuevo-asalto-captado-en-video\\\/\",\"name\":\"Morelos refuerza seguridad en Tres Mar\u00edas tras nuevo asalto captado en video - Canal 7 SLP - 2025\",\"isPartOf\":{\"@id\":\"https:\\\/\\\/canal7slp.tv\\\/2025\\\/#website\"},\"primaryImageOfPage\":{\"@id\":\"https:\\\/\\\/canal7slp.tv\\\/2025\\\/morelos-refuerza-seguridad-en-tres-marias-tras-nuevo-asalto-captado-en-video\\\/#primaryimage\"},\"image\":{\"@id\":\"https:\\\/\\\/canal7slp.tv\\\/2025\\\/morelos-refuerza-seguridad-en-tres-marias-tras-nuevo-asalto-captado-en-video\\\/#primaryimage\"},\"thumbnailUrl\":\"https:\\\/\\\/canal7slp.tv\\\/2025\\\/wp-content\\\/uploads\\\/2025\\\/12\\\/10-11.jpg\",\"datePublished\":\"2025-12-12T23:13:40+00:00\",\"breadcrumb\":{\"@id\":\"https:\\\/\\\/canal7slp.tv\\\/2025\\\/morelos-refuerza-seguridad-en-tres-marias-tras-nuevo-asalto-captado-en-video\\\/#breadcrumb\"},\"inLanguage\":\"es\",\"potentialAction\":[{\"@type\":\"ReadAction\",\"target\":[\"https:\\\/\\\/canal7slp.tv\\\/2025\\\/morelos-refuerza-seguridad-en-tres-marias-tras-nuevo-asalto-captado-en-video\\\/\"]}]},{\"@type\":\"ImageObject\",\"inLanguage\":\"es\",\"@id\":\"https:\\\/\\\/canal7slp.tv\\\/2025\\\/morelos-refuerza-seguridad-en-tres-marias-tras-nuevo-asalto-captado-en-video\\\/#primaryimage\",\"url\":\"https:\\\/\\\/canal7slp.tv\\\/2025\\\/wp-content\\\/uploads\\\/2025\\\/12\\\/10-11.jpg\",\"contentUrl\":\"https:\\\/\\\/canal7slp.tv\\\/2025\\\/wp-content\\\/uploads\\\/2025\\\/12\\\/10-11.jpg\",\"width\":811,\"height\":500},{\"@type\":\"BreadcrumbList\",\"@id\":\"https:\\\/\\\/canal7slp.tv\\\/2025\\\/morelos-refuerza-seguridad-en-tres-marias-tras-nuevo-asalto-captado-en-video\\\/#breadcrumb\",\"itemListElement\":[{\"@type\":\"ListItem\",\"position\":1,\"name\":\"Portada\",\"item\":\"https:\\\/\\\/canal7slp.tv\\\/2025\\\/\"},{\"@type\":\"ListItem\",\"position\":2,\"name\":\"Morelos refuerza seguridad en Tres Mar\u00edas tras nuevo asalto captado en video\"}]},{\"@type\":\"WebSite\",\"@id\":\"https:\\\/\\\/canal7slp.tv\\\/2025\\\/#website\",\"url\":\"https:\\\/\\\/canal7slp.tv\\\/2025\\\/\",\"name\":\"N7 - Noticieros Canal 7\",\"description\":\"Somos el Medio\",\"publisher\":{\"@id\":\"https:\\\/\\\/canal7slp.tv\\\/2025\\\/#organization\"},\"potentialAction\":[{\"@type\":\"SearchAction\",\"target\":{\"@type\":\"EntryPoint\",\"urlTemplate\":\"https:\\\/\\\/canal7slp.tv\\\/2025\\\/?s={search_term_string}\"},\"query-input\":{\"@type\":\"PropertyValueSpecification\",\"valueRequired\":true,\"valueName\":\"search_term_string\"}}],\"inLanguage\":\"es\"},{\"@type\":\"Organization\",\"@id\":\"https:\\\/\\\/canal7slp.tv\\\/2025\\\/#organization\",\"name\":\"Noticieros Canal 7\",\"url\":\"https:\\\/\\\/canal7slp.tv\\\/2025\\\/\",\"logo\":{\"@type\":\"ImageObject\",\"inLanguage\":\"es\",\"@id\":\"https:\\\/\\\/canal7slp.tv\\\/2025\\\/#\\\/schema\\\/logo\\\/image\\\/\",\"url\":\"https:\\\/\\\/canal7slp.tv\\\/2025\\\/wp-content\\\/uploads\\\/2021\\\/01\\\/logo-noticieros@2x.png\",\"contentUrl\":\"https:\\\/\\\/canal7slp.tv\\\/2025\\\/wp-content\\\/uploads\\\/2021\\\/01\\\/logo-noticieros@2x.png\",\"width\":1017,\"height\":268,\"caption\":\"Noticieros Canal 7\"},\"image\":{\"@id\":\"https:\\\/\\\/canal7slp.tv\\\/2025\\\/#\\\/schema\\\/logo\\\/image\\\/\"},\"sameAs\":[\"https:\\\/\\\/www.facebook.com\\\/noticieroscanal7atencionciudadana\\\/\",\"https:\\\/\\\/x.com\\\/NOTICIEROS7\",\"https:\\\/\\\/www.instagram.com\\\/canal7_slp\",\"https:\\\/\\\/www.youtube.com\\\/channel\\\/UCliiYs-gP3JfJeqdPrNdd5A\"]},{\"@type\":\"Person\",\"@id\":\"https:\\\/\\\/canal7slp.tv\\\/2025\\\/#\\\/schema\\\/person\\\/271e2b60a96e7cc9d9ac296f4d7e414b\",\"name\":\"Edici\u00f3n Web\",\"image\":{\"@type\":\"ImageObject\",\"inLanguage\":\"es\",\"@id\":\"https:\\\/\\\/secure.gravatar.com\\\/avatar\\\/eee448fc3f7164808013b816ba91ac7e43bbe82a70bebac296f8bc6f0addaa1a?s=96&d=mm&r=g\",\"url\":\"https:\\\/\\\/secure.gravatar.com\\\/avatar\\\/eee448fc3f7164808013b816ba91ac7e43bbe82a70bebac296f8bc6f0addaa1a?s=96&d=mm&r=g\",\"contentUrl\":\"https:\\\/\\\/secure.gravatar.com\\\/avatar\\\/eee448fc3f7164808013b816ba91ac7e43bbe82a70bebac296f8bc6f0addaa1a?s=96&d=mm&r=g\",\"caption\":\"Edici\u00f3n Web\"},\"url\":\"https:\\\/\\\/canal7slp.tv\\\/2025\\\/author\\\/edicionweb\\\/\"}]}<\/script>\n<!-- \/ Yoast SEO plugin. -->","yoast_head_json":{"title":"Morelos refuerza seguridad en Tres Mar\u00edas tras nuevo asalto captado en video - Canal 7 SLP - 2025","robots":{"index":"index","follow":"follow","max-snippet":"max-snippet:-1","max-image-preview":"max-image-preview:large","max-video-preview":"max-video-preview:-1"},"canonical":"https:\/\/canal7slp.tv\/2025\/morelos-refuerza-seguridad-en-tres-marias-tras-nuevo-asalto-captado-en-video\/","og_locale":"es_ES","og_type":"article","og_title":"Morelos refuerza seguridad en Tres Mar\u00edas tras nuevo asalto captado en video - Canal 7 SLP - 2025","og_description":"Tres Mar\u00edas.- El gobierno de Morelos anunci\u00f3 un reforzamiento en la vigilancia de la carretera federal, particularmente en la zona de Tres Mar\u00edas, municipio de Huitzilac, luego de que autoridades confirmaran actividad reciente de grupos delictivos dedicados a interceptar automovilistas para cometer robos y despojos de veh\u00edculos. La medida surgi\u00f3 tras la difusi\u00f3n de un video registrado el martes, en el que se observa c\u00f3mo los ocupantes de una camioneta cerraron el paso a un autom\u00f3vil que viajaba desde la Ciudad de M\u00e9xico. En las im\u00e1genes, tres hombres descienden del veh\u00edculo, dos de ellos armados, y se aproximan de manera [&hellip;]","og_url":"https:\/\/canal7slp.tv\/2025\/morelos-refuerza-seguridad-en-tres-marias-tras-nuevo-asalto-captado-en-video\/","og_site_name":"Canal 7 SLP - 2025","article_publisher":"https:\/\/www.facebook.com\/noticieroscanal7atencionciudadana\/","article_published_time":"2025-12-12T23:13:40+00:00","og_image":[{"width":811,"height":500,"url":"https:\/\/canal7slp.tv\/2025\/wp-content\/uploads\/2025\/12\/10-11.jpg","type":"image\/jpeg"}],"author":"Edici\u00f3n Web","twitter_card":"summary_large_image","twitter_creator":"@NOTICIEROS7","twitter_site":"@NOTICIEROS7","twitter_misc":{"Escrito por":"Edici\u00f3n Web","Tiempo de lectura":"2 minutos"},"schema":{"@context":"https:\/\/schema.org","@graph":[{"@type":"Article","@id":"https:\/\/canal7slp.tv\/2025\/morelos-refuerza-seguridad-en-tres-marias-tras-nuevo-asalto-captado-en-video\/#article","isPartOf":{"@id":"https:\/\/canal7slp.tv\/2025\/morelos-refuerza-seguridad-en-tres-marias-tras-nuevo-asalto-captado-en-video\/"},"author":{"name":"Edici\u00f3n Web","@id":"https:\/\/canal7slp.tv\/2025\/#\/schema\/person\/271e2b60a96e7cc9d9ac296f4d7e414b"},"headline":"Morelos refuerza seguridad en Tres Mar\u00edas tras nuevo asalto captado en video","datePublished":"2025-12-12T23:13:40+00:00","mainEntityOfPage":{"@id":"https:\/\/canal7slp.tv\/2025\/morelos-refuerza-seguridad-en-tres-marias-tras-nuevo-asalto-captado-en-video\/"},"wordCount":280,"publisher":{"@id":"https:\/\/canal7slp.tv\/2025\/#organization"},"image":{"@id":"https:\/\/canal7slp.tv\/2025\/morelos-refuerza-seguridad-en-tres-marias-tras-nuevo-asalto-captado-en-video\/#primaryimage"},"thumbnailUrl":"https:\/\/canal7slp.tv\/2025\/wp-content\/uploads\/2025\/12\/10-11.jpg","articleSection":["NACIONALES"],"inLanguage":"es"},{"@type":"WebPage","@id":"https:\/\/canal7slp.tv\/2025\/morelos-refuerza-seguridad-en-tres-marias-tras-nuevo-asalto-captado-en-video\/","url":"https:\/\/canal7slp.tv\/2025\/morelos-refuerza-seguridad-en-tres-marias-tras-nuevo-asalto-captado-en-video\/","name":"Morelos refuerza seguridad en Tres Mar\u00edas tras nuevo asalto captado en video - Canal 7 SLP - 2025","isPartOf":{"@id":"https:\/\/canal7slp.tv\/2025\/#website"},"primaryImageOfPage":{"@id":"https:\/\/canal7slp.tv\/2025\/morelos-refuerza-seguridad-en-tres-marias-tras-nuevo-asalto-captado-en-video\/#primaryimage"},"image":{"@id":"https:\/\/canal7slp.tv\/2025\/morelos-refuerza-seguridad-en-tres-marias-tras-nuevo-asalto-captado-en-video\/#primaryimage"},"thumbnailUrl":"https:\/\/canal7slp.tv\/2025\/wp-content\/uploads\/2025\/12\/10-11.jpg","datePublished":"2025-12-12T23:13:40+00:00","breadcrumb":{"@id":"https:\/\/canal7slp.tv\/2025\/morelos-refuerza-seguridad-en-tres-marias-tras-nuevo-asalto-captado-en-video\/#breadcrumb"},"inLanguage":"es","potentialAction":[{"@type":"ReadAction","target":["https:\/\/canal7slp.tv\/2025\/morelos-refuerza-seguridad-en-tres-marias-tras-nuevo-asalto-captado-en-video\/"]}]},{"@type":"ImageObject","inLanguage":"es","@id":"https:\/\/canal7slp.tv\/2025\/morelos-refuerza-seguridad-en-tres-marias-tras-nuevo-asalto-captado-en-video\/#primaryimage","url":"https:\/\/canal7slp.tv\/2025\/wp-content\/uploads\/2025\/12\/10-11.jpg","contentUrl":"https:\/\/canal7slp.tv\/2025\/wp-content\/uploads\/2025\/12\/10-11.jpg","width":811,"height":500},{"@type":"BreadcrumbList","@id":"https:\/\/canal7slp.tv\/2025\/morelos-refuerza-seguridad-en-tres-marias-tras-nuevo-asalto-captado-en-video\/#breadcrumb","itemListElement":[{"@type":"ListItem","position":1,"name":"Portada","item":"https:\/\/canal7slp.tv\/2025\/"},{"@type":"ListItem","position":2,"name":"Morelos refuerza seguridad en Tres Mar\u00edas tras nuevo asalto captado en video"}]},{"@type":"WebSite","@id":"https:\/\/canal7slp.tv\/2025\/#website","url":"https:\/\/canal7slp.tv\/2025\/","name":"N7 - Noticieros Canal 7","description":"Somos el Medio","publisher":{"@id":"https:\/\/canal7slp.tv\/2025\/#organization"},"potentialAction":[{"@type":"SearchAction","target":{"@type":"EntryPoint","urlTemplate":"https:\/\/canal7slp.tv\/2025\/?s={search_term_string}"},"query-input":{"@type":"PropertyValueSpecification","valueRequired":true,"valueName":"search_term_string"}}],"inLanguage":"es"},{"@type":"Organization","@id":"https:\/\/canal7slp.tv\/2025\/#organization","name":"Noticieros Canal 7","url":"https:\/\/canal7slp.tv\/2025\/","logo":{"@type":"ImageObject","inLanguage":"es","@id":"https:\/\/canal7slp.tv\/2025\/#\/schema\/logo\/image\/","url":"https:\/\/canal7slp.tv\/2025\/wp-content\/uploads\/2021\/01\/logo-noticieros@2x.png","contentUrl":"https:\/\/canal7slp.tv\/2025\/wp-content\/uploads\/2021\/01\/logo-noticieros@2x.png","width":1017,"height":268,"caption":"Noticieros Canal 7"},"image":{"@id":"https:\/\/canal7slp.tv\/2025\/#\/schema\/logo\/image\/"},"sameAs":["https:\/\/www.facebook.com\/noticieroscanal7atencionciudadana\/","https:\/\/x.com\/NOTICIEROS7","https:\/\/www.instagram.com\/canal7_slp","https:\/\/www.youtube.com\/channel\/UCliiYs-gP3JfJeqdPrNdd5A"]},{"@type":"Person","@id":"https:\/\/canal7slp.tv\/2025\/#\/schema\/person\/271e2b60a96e7cc9d9ac296f4d7e414b","name":"Edici\u00f3n Web","image":{"@type":"ImageObject","inLanguage":"es","@id":"https:\/\/secure.gravatar.com\/avatar\/eee448fc3f7164808013b816ba91ac7e43bbe82a70bebac296f8bc6f0addaa1a?s=96&d=mm&r=g","url":"https:\/\/secure.gravatar.com\/avatar\/eee448fc3f7164808013b816ba91ac7e43bbe82a70bebac296f8bc6f0addaa1a?s=96&d=mm&r=g","contentUrl":"https:\/\/secure.gravatar.com\/avatar\/eee448fc3f7164808013b816ba91ac7e43bbe82a70bebac296f8bc6f0addaa1a?s=96&d=mm&r=g","caption":"Edici\u00f3n Web"},"url":"https:\/\/canal7slp.tv\/2025\/author\/edicionweb\/"}]}},"_links":{"self":[{"href":"https:\/\/canal7slp.tv\/2025\/wp-json\/wp\/v2\/posts\/187706","targetHints":{"allow":["GET"]}}],"collection":[{"href":"https:\/\/canal7slp.tv\/2025\/wp-json\/wp\/v2\/posts"}],"about":[{"href":"https:\/\/canal7slp.tv\/2025\/wp-json\/wp\/v2\/types\/post"}],"author":[{"embeddable":true,"href":"https:\/\/canal7slp.tv\/2025\/wp-json\/wp\/v2\/users\/2"}],"replies":[{"embeddable":true,"href":"https:\/\/canal7slp.tv\/2025\/wp-json\/wp\/v2\/comments?post=187706"}],"version-history":[{"count":1,"href":"https:\/\/canal7slp.tv\/2025\/wp-json\/wp\/v2\/posts\/187706\/revisions"}],"predecessor-version":[{"id":187708,"href":"https:\/\/canal7slp.tv\/2025\/wp-json\/wp\/v2\/posts\/187706\/revisions\/187708"}],"wp:featuredmedia":[{"embeddable":true,"href":"https:\/\/canal7slp.tv\/2025\/wp-json\/wp\/v2\/media\/187707"}],"wp:attachment":[{"href":"https:\/\/canal7slp.tv\/2025\/wp-json\/wp\/v2\/media?parent=187706"}],"wp:term":[{"taxonomy":"category","embeddable":true,"href":"https:\/\/canal7slp.tv\/2025\/wp-json\/wp\/v2\/categories?post=187706"},{"taxonomy":"post_tag","embeddable":true,"href":"https:\/\/canal7slp.tv\/2025\/wp-json\/wp\/v2\/tags?post=187706"}],"curies":[{"name":"wp","href":"https:\/\/api.w.org\/{rel}","templated":true}]}}