{"id":187690,"date":"2025-12-12T17:01:15","date_gmt":"2025-12-12T23:01:15","guid":{"rendered":"https:\/\/canal7slp.tv\/2025\/?p=187690"},"modified":"2025-12-12T17:01:15","modified_gmt":"2025-12-12T23:01:15","slug":"pri-cuestiona-celebracion-de-la-4t-y-acusa-siete-anos-de-fracaso","status":"publish","type":"post","link":"https:\/\/canal7slp.tv\/2025\/pri-cuestiona-celebracion-de-la-4t-y-acusa-siete-anos-de-fracaso\/","title":{"rendered":"PRI cuestiona celebraci\u00f3n de la 4T y acusa siete a\u00f1os de fracaso"},"content":{"rendered":"<p style=\"text-align: justify;\"><span style=\"font-size: 1.21429rem;\">SLP.- En el marco de la conmemoraci\u00f3n por los siete a\u00f1os de la llamada Cuarta Transformaci\u00f3n, desde la dirigencia de la Fundaci\u00f3n Colosio de San Luis Potos\u00ed se lanz\u00f3 una serie de cr\u00edticas contra Morena, al considerar que no existen condiciones para celebrar y que el balance del periodo es negativo en materia econ\u00f3mica, de seguridad y de salud.<\/span><\/p>\n<p style=\"text-align: justify;\">El presidente, Adolfo Micalco M\u00e9ndez, sostuvo que la celebraci\u00f3n organizada por Morena contrasta con el contexto nacional.<\/p>\n<p style=\"text-align: justify;\">\u201cNo hay nada que celebrar. Mientras nuestro pa\u00eds vive momentos dif\u00edciles en la econom\u00eda, una crisis de seguridad que se agrava, protestas ante abusos como la ley general de aguas, Morena derrocha recursos para movilizar y celebrar estos siete a\u00f1os de fracaso\u00bb, critic\u00f3.<\/p>\n<p style=\"text-align: justify;\">Se refiri\u00f3 a la movilizaci\u00f3n realizada para el festejo del pasado fin de semana, al se\u00f1alar que respondi\u00f3 a pr\u00e1cticas de acarreo y no a una manifestaci\u00f3n espont\u00e1nea de respaldo ciudadano.<\/p>\n<p style=\"text-align: justify;\">\u201cTodos lo vimos: el acarreo desvergonzado, c\u00ednico que se observ\u00f3 de distintas partes del pa\u00eds a esa concentraci\u00f3n ya mec\u00e1nica, ya sin emoci\u00f3n que hizo Morena el pasado s\u00e1bado. En lugar de esto, Morena deber\u00eda pedirle perd\u00f3n a las y los mexicanos\u00bb, indic\u00f3.<\/p>\n<p style=\"text-align: justify;\">Micalco M\u00e9ndez vincul\u00f3 el balance de la administraci\u00f3n federal con indicadores de inseguridad, deuda y desabasto en el sector salud, y contrast\u00f3 ese escenario con la postura del PRI en torno a la atenci\u00f3n m\u00e9dica.<\/p>\n<p style=\"text-align: justify;\">\u201cEl 60% del crimen organizado se ha apoderado del pa\u00eds; la deuda p\u00fablica fue duplicada en estos siete a\u00f1os de administraci\u00f3n. No hay medicamentos. Aqu\u00ed quiero poner \u00e9nfasis que el PRI promueve y ojal\u00e1 pueda hacer que la b\u00fasqueda de medicamentos y atenci\u00f3n m\u00e9dica deje de ser un dolor de cabeza para las y los mexicanos\u00bb, coment\u00f3.<\/p>\n<p style=\"text-align: justify;\">Continu\u00f3: \u00abEl gobierno de Morena celebra, mientras miles de familias padecen homicidios y desapariciones. La crisis de inseguridad con la pol\u00edtica de abrazos y no balazos ha dejado como saldo m\u00e1s de 230 mil homicidios, m\u00e1s de 125 mil desapariciones que hoy lastiman a las familias mexicanas. El legado de Morena no debe ser motivo de celebraci\u00f3n sino de verg\u00fcenza.\u201d<\/p>\n<p style=\"text-align: justify;\">En el \u00e1mbito institucional, el presidente enumer\u00f3 reformas y decisiones presupuestales que, a su juicio, han tenido impactos negativos de largo plazo.<\/p>\n<p style=\"text-align: justify;\">\u201cLa mayor\u00eda calificada artificial, la mal llamada reforma judicial, presupuestos de egresos que castigan, crisis de salud con falta de medicinas y atenci\u00f3n m\u00e9dica, adem\u00e1s de comprometer el futuro de generaciones enteras con la deuda p\u00fablica, son algunas de las razones por las que Morena deber\u00eda pedir disculpas a las y los mexicanos y no andar celebrando y derrochando el dinero en eventos que nada benefician a M\u00e9xico sino acrecientan el ego de la actual presidencia y del anterior\u00bb, insisti\u00f3.<\/p>\n<p style=\"text-align: justify;\">Las cr\u00edticas se extendieron al expresidente Andr\u00e9s Manuel L\u00f3pez Obrador, a quien responsabiliz\u00f3 por el estado actual del pa\u00eds en materia de seguridad y gobernabilidad.<\/p>\n<p style=\"text-align: justify;\">\u201cL\u00f3pez Obrador dej\u00f3 a M\u00e9xico incendiado y consolid\u00f3 un narcogobierno, una narcodictadura. Su herencia se reduce al haber permitido la consolidaci\u00f3n de este pacto criminal impune con los c\u00e1rteles de la droga m\u00e1s vergonzosos de la historia\u00bb, dijo.<\/p>\n<p style=\"text-align: justify;\">En ese mismo sentido, consider\u00f3 que el expresidente deber\u00eda rendir cuentas por su administraci\u00f3n.<\/p>\n<p style=\"text-align: justify;\">\u00abL\u00f3pez Obrador pretende hacer creer que su legado es motivo de celebraci\u00f3n cuando lo que deber\u00eda de hacer es rendir cuentas ante la justicia, \u00e9l junto con todos los que se enriquecieron en su gobierno y asumir la responsabilidad hist\u00f3rica por las consecuencias\u00bb, declar\u00f3.<\/p>\n<p style=\"text-align: justify;\">Finalmente, Micalco M\u00e9ndez afirm\u00f3 que el PRI mantendr\u00e1 su papel como fuerza opositora y continuar\u00e1 se\u00f1alando lo que considera abusos del actual gobierno federal.<\/p>\n<p style=\"text-align: justify;\">\u201cEl PRI deja en claro que vamos a seguir defendiendo a M\u00e9xico al ser el \u00fanico partido real de oposici\u00f3n. Es la \u00fanica fuerza que ha defendido a M\u00e9xico sin regateos, sin c\u00e1lculos y sin someterse a los ataques y la persecuci\u00f3n pol\u00edtica de este gobierno c\u00ednico y corrupto que es Morena\u00bb, agreg\u00f3.<\/p>\n<p style=\"text-align: justify;\">Prosigui\u00f3: \u201cA pesar de las presiones, la intimidaci\u00f3n, la fabricaci\u00f3n de pruebas y el uso faccioso de las agencias del Estado para perseguir e imputar a mujeres y hombres de la oposici\u00f3n, el PRI sigue vigilante denunciando a este gobierno por poner en riesgo la gobernabilidad y el bien com\u00fan, defendiendo a M\u00e9xico con valent\u00eda.\u201d<\/p>\n","protected":false},"excerpt":{"rendered":"<p>SLP.- En el marco de la conmemoraci\u00f3n por los siete a\u00f1os de la llamada Cuarta Transformaci\u00f3n, desde la dirigencia de la Fundaci\u00f3n Colosio de San Luis Potos\u00ed se lanz\u00f3 una serie de cr\u00edticas contra Morena, al considerar que no existen condiciones para celebrar y que el balance del periodo es negativo en materia econ\u00f3mica, de seguridad y de salud. El presidente, Adolfo Micalco M\u00e9ndez, sostuvo que la celebraci\u00f3n organizada por Morena contrasta con el contexto nacional. \u201cNo hay nada que celebrar. Mientras nuestro pa\u00eds vive momentos dif\u00edciles en la econom\u00eda, una crisis de seguridad que se agrava, protestas ante abusos [&hellip;]<\/p>\n","protected":false},"author":2,"featured_media":187704,"comment_status":"closed","ping_status":"closed","sticky":false,"template":"","format":"video","meta":{"_monsterinsights_skip_tracking":false,"_monsterinsights_sitenote_active":false,"_monsterinsights_sitenote_note":"","_monsterinsights_sitenote_category":0,"footnotes":""},"categories":[5,45],"tags":[],"class_list":["post-187690","post","type-post","status-publish","format-video","has-post-thumbnail","hentry","category-destacadas","category-localesyregionales","post_format-post-format-video","post--single"],"yoast_head":"<!-- This site is optimized with the Yoast SEO plugin v27.4 - https:\/\/yoast.com\/product\/yoast-seo-wordpress\/ -->\n<title>PRI cuestiona celebraci\u00f3n de la 4T y acusa siete a\u00f1os de fracaso - Canal 7 SLP - 2025<\/title>\n<meta name=\"robots\" content=\"index, follow, max-snippet:-1, max-image-preview:large, max-video-preview:-1\" \/>\n<link rel=\"canonical\" href=\"https:\/\/canal7slp.tv\/2025\/pri-cuestiona-celebracion-de-la-4t-y-acusa-siete-anos-de-fracaso\/\" \/>\n<meta property=\"og:locale\" content=\"es_ES\" \/>\n<meta property=\"og:type\" content=\"article\" \/>\n<meta property=\"og:title\" content=\"PRI cuestiona celebraci\u00f3n de la 4T y acusa siete a\u00f1os de fracaso - Canal 7 SLP - 2025\" \/>\n<meta property=\"og:description\" content=\"SLP.- En el marco de la conmemoraci\u00f3n por los siete a\u00f1os de la llamada Cuarta Transformaci\u00f3n, desde la dirigencia de la Fundaci\u00f3n Colosio de San Luis Potos\u00ed se lanz\u00f3 una serie de cr\u00edticas contra Morena, al considerar que no existen condiciones para celebrar y que el balance del periodo es negativo en materia econ\u00f3mica, de seguridad y de salud. El presidente, Adolfo Micalco M\u00e9ndez, sostuvo que la celebraci\u00f3n organizada por Morena contrasta con el contexto nacional. \u201cNo hay nada que celebrar. Mientras nuestro pa\u00eds vive momentos dif\u00edciles en la econom\u00eda, una crisis de seguridad que se agrava, protestas ante abusos [&hellip;]\" \/>\n<meta property=\"og:url\" content=\"https:\/\/canal7slp.tv\/2025\/pri-cuestiona-celebracion-de-la-4t-y-acusa-siete-anos-de-fracaso\/\" \/>\n<meta property=\"og:site_name\" content=\"Canal 7 SLP - 2025\" \/>\n<meta property=\"article:publisher\" content=\"https:\/\/www.facebook.com\/noticieroscanal7atencionciudadana\/\" \/>\n<meta property=\"article:published_time\" content=\"2025-12-12T23:01:15+00:00\" \/>\n<meta property=\"og:image\" content=\"https:\/\/canal7slp.tv\/2025\/wp-content\/uploads\/2025\/12\/Vazquez02PriVsMorena.jpg\" \/>\n\t<meta property=\"og:image:width\" content=\"1280\" \/>\n\t<meta property=\"og:image:height\" content=\"720\" \/>\n\t<meta property=\"og:image:type\" content=\"image\/jpeg\" \/>\n<meta name=\"author\" content=\"Edici\u00f3n Web\" \/>\n<meta name=\"twitter:card\" content=\"summary_large_image\" \/>\n<meta name=\"twitter:creator\" content=\"@NOTICIEROS7\" \/>\n<meta name=\"twitter:site\" content=\"@NOTICIEROS7\" \/>\n<meta name=\"twitter:label1\" content=\"Escrito por\" \/>\n\t<meta name=\"twitter:data1\" content=\"Edici\u00f3n Web\" \/>\n\t<meta name=\"twitter:label2\" content=\"Tiempo de lectura\" \/>\n\t<meta name=\"twitter:data2\" content=\"4 minutos\" \/>\n<script type=\"application\/ld+json\" class=\"yoast-schema-graph\">{\"@context\":\"https:\\\/\\\/schema.org\",\"@graph\":[{\"@type\":\"Article\",\"@id\":\"https:\\\/\\\/canal7slp.tv\\\/2025\\\/pri-cuestiona-celebracion-de-la-4t-y-acusa-siete-anos-de-fracaso\\\/#article\",\"isPartOf\":{\"@id\":\"https:\\\/\\\/canal7slp.tv\\\/2025\\\/pri-cuestiona-celebracion-de-la-4t-y-acusa-siete-anos-de-fracaso\\\/\"},\"author\":{\"name\":\"Edici\u00f3n Web\",\"@id\":\"https:\\\/\\\/canal7slp.tv\\\/2025\\\/#\\\/schema\\\/person\\\/271e2b60a96e7cc9d9ac296f4d7e414b\"},\"headline\":\"PRI cuestiona celebraci\u00f3n de la 4T y acusa siete a\u00f1os de fracaso\",\"datePublished\":\"2025-12-12T23:01:15+00:00\",\"mainEntityOfPage\":{\"@id\":\"https:\\\/\\\/canal7slp.tv\\\/2025\\\/pri-cuestiona-celebracion-de-la-4t-y-acusa-siete-anos-de-fracaso\\\/\"},\"wordCount\":790,\"publisher\":{\"@id\":\"https:\\\/\\\/canal7slp.tv\\\/2025\\\/#organization\"},\"image\":{\"@id\":\"https:\\\/\\\/canal7slp.tv\\\/2025\\\/pri-cuestiona-celebracion-de-la-4t-y-acusa-siete-anos-de-fracaso\\\/#primaryimage\"},\"thumbnailUrl\":\"https:\\\/\\\/canal7slp.tv\\\/2025\\\/wp-content\\\/uploads\\\/2025\\\/12\\\/Vazquez02PriVsMorena.jpg\",\"articleSection\":[\"DESTACADAS\",\"LOCALES Y REGIONALES\"],\"inLanguage\":\"es\"},{\"@type\":\"WebPage\",\"@id\":\"https:\\\/\\\/canal7slp.tv\\\/2025\\\/pri-cuestiona-celebracion-de-la-4t-y-acusa-siete-anos-de-fracaso\\\/\",\"url\":\"https:\\\/\\\/canal7slp.tv\\\/2025\\\/pri-cuestiona-celebracion-de-la-4t-y-acusa-siete-anos-de-fracaso\\\/\",\"name\":\"PRI cuestiona celebraci\u00f3n de la 4T y acusa siete a\u00f1os de fracaso - Canal 7 SLP - 2025\",\"isPartOf\":{\"@id\":\"https:\\\/\\\/canal7slp.tv\\\/2025\\\/#website\"},\"primaryImageOfPage\":{\"@id\":\"https:\\\/\\\/canal7slp.tv\\\/2025\\\/pri-cuestiona-celebracion-de-la-4t-y-acusa-siete-anos-de-fracaso\\\/#primaryimage\"},\"image\":{\"@id\":\"https:\\\/\\\/canal7slp.tv\\\/2025\\\/pri-cuestiona-celebracion-de-la-4t-y-acusa-siete-anos-de-fracaso\\\/#primaryimage\"},\"thumbnailUrl\":\"https:\\\/\\\/canal7slp.tv\\\/2025\\\/wp-content\\\/uploads\\\/2025\\\/12\\\/Vazquez02PriVsMorena.jpg\",\"datePublished\":\"2025-12-12T23:01:15+00:00\",\"breadcrumb\":{\"@id\":\"https:\\\/\\\/canal7slp.tv\\\/2025\\\/pri-cuestiona-celebracion-de-la-4t-y-acusa-siete-anos-de-fracaso\\\/#breadcrumb\"},\"inLanguage\":\"es\",\"potentialAction\":[{\"@type\":\"ReadAction\",\"target\":[\"https:\\\/\\\/canal7slp.tv\\\/2025\\\/pri-cuestiona-celebracion-de-la-4t-y-acusa-siete-anos-de-fracaso\\\/\"]}]},{\"@type\":\"ImageObject\",\"inLanguage\":\"es\",\"@id\":\"https:\\\/\\\/canal7slp.tv\\\/2025\\\/pri-cuestiona-celebracion-de-la-4t-y-acusa-siete-anos-de-fracaso\\\/#primaryimage\",\"url\":\"https:\\\/\\\/canal7slp.tv\\\/2025\\\/wp-content\\\/uploads\\\/2025\\\/12\\\/Vazquez02PriVsMorena.jpg\",\"contentUrl\":\"https:\\\/\\\/canal7slp.tv\\\/2025\\\/wp-content\\\/uploads\\\/2025\\\/12\\\/Vazquez02PriVsMorena.jpg\",\"width\":1280,\"height\":720},{\"@type\":\"BreadcrumbList\",\"@id\":\"https:\\\/\\\/canal7slp.tv\\\/2025\\\/pri-cuestiona-celebracion-de-la-4t-y-acusa-siete-anos-de-fracaso\\\/#breadcrumb\",\"itemListElement\":[{\"@type\":\"ListItem\",\"position\":1,\"name\":\"Portada\",\"item\":\"https:\\\/\\\/canal7slp.tv\\\/2025\\\/\"},{\"@type\":\"ListItem\",\"position\":2,\"name\":\"PRI cuestiona celebraci\u00f3n de la 4T y acusa siete a\u00f1os de fracaso\"}]},{\"@type\":\"WebSite\",\"@id\":\"https:\\\/\\\/canal7slp.tv\\\/2025\\\/#website\",\"url\":\"https:\\\/\\\/canal7slp.tv\\\/2025\\\/\",\"name\":\"N7 - Noticieros Canal 7\",\"description\":\"Somos el Medio\",\"publisher\":{\"@id\":\"https:\\\/\\\/canal7slp.tv\\\/2025\\\/#organization\"},\"potentialAction\":[{\"@type\":\"SearchAction\",\"target\":{\"@type\":\"EntryPoint\",\"urlTemplate\":\"https:\\\/\\\/canal7slp.tv\\\/2025\\\/?s={search_term_string}\"},\"query-input\":{\"@type\":\"PropertyValueSpecification\",\"valueRequired\":true,\"valueName\":\"search_term_string\"}}],\"inLanguage\":\"es\"},{\"@type\":\"Organization\",\"@id\":\"https:\\\/\\\/canal7slp.tv\\\/2025\\\/#organization\",\"name\":\"Noticieros Canal 7\",\"url\":\"https:\\\/\\\/canal7slp.tv\\\/2025\\\/\",\"logo\":{\"@type\":\"ImageObject\",\"inLanguage\":\"es\",\"@id\":\"https:\\\/\\\/canal7slp.tv\\\/2025\\\/#\\\/schema\\\/logo\\\/image\\\/\",\"url\":\"https:\\\/\\\/canal7slp.tv\\\/2025\\\/wp-content\\\/uploads\\\/2021\\\/01\\\/logo-noticieros@2x.png\",\"contentUrl\":\"https:\\\/\\\/canal7slp.tv\\\/2025\\\/wp-content\\\/uploads\\\/2021\\\/01\\\/logo-noticieros@2x.png\",\"width\":1017,\"height\":268,\"caption\":\"Noticieros Canal 7\"},\"image\":{\"@id\":\"https:\\\/\\\/canal7slp.tv\\\/2025\\\/#\\\/schema\\\/logo\\\/image\\\/\"},\"sameAs\":[\"https:\\\/\\\/www.facebook.com\\\/noticieroscanal7atencionciudadana\\\/\",\"https:\\\/\\\/x.com\\\/NOTICIEROS7\",\"https:\\\/\\\/www.instagram.com\\\/canal7_slp\",\"https:\\\/\\\/www.youtube.com\\\/channel\\\/UCliiYs-gP3JfJeqdPrNdd5A\"]},{\"@type\":\"Person\",\"@id\":\"https:\\\/\\\/canal7slp.tv\\\/2025\\\/#\\\/schema\\\/person\\\/271e2b60a96e7cc9d9ac296f4d7e414b\",\"name\":\"Edici\u00f3n Web\",\"image\":{\"@type\":\"ImageObject\",\"inLanguage\":\"es\",\"@id\":\"https:\\\/\\\/secure.gravatar.com\\\/avatar\\\/eee448fc3f7164808013b816ba91ac7e43bbe82a70bebac296f8bc6f0addaa1a?s=96&d=mm&r=g\",\"url\":\"https:\\\/\\\/secure.gravatar.com\\\/avatar\\\/eee448fc3f7164808013b816ba91ac7e43bbe82a70bebac296f8bc6f0addaa1a?s=96&d=mm&r=g\",\"contentUrl\":\"https:\\\/\\\/secure.gravatar.com\\\/avatar\\\/eee448fc3f7164808013b816ba91ac7e43bbe82a70bebac296f8bc6f0addaa1a?s=96&d=mm&r=g\",\"caption\":\"Edici\u00f3n Web\"},\"url\":\"https:\\\/\\\/canal7slp.tv\\\/2025\\\/author\\\/edicionweb\\\/\"}]}<\/script>\n<!-- \/ Yoast SEO plugin. -->","yoast_head_json":{"title":"PRI cuestiona celebraci\u00f3n de la 4T y acusa siete a\u00f1os de fracaso - Canal 7 SLP - 2025","robots":{"index":"index","follow":"follow","max-snippet":"max-snippet:-1","max-image-preview":"max-image-preview:large","max-video-preview":"max-video-preview:-1"},"canonical":"https:\/\/canal7slp.tv\/2025\/pri-cuestiona-celebracion-de-la-4t-y-acusa-siete-anos-de-fracaso\/","og_locale":"es_ES","og_type":"article","og_title":"PRI cuestiona celebraci\u00f3n de la 4T y acusa siete a\u00f1os de fracaso - Canal 7 SLP - 2025","og_description":"SLP.- En el marco de la conmemoraci\u00f3n por los siete a\u00f1os de la llamada Cuarta Transformaci\u00f3n, desde la dirigencia de la Fundaci\u00f3n Colosio de San Luis Potos\u00ed se lanz\u00f3 una serie de cr\u00edticas contra Morena, al considerar que no existen condiciones para celebrar y que el balance del periodo es negativo en materia econ\u00f3mica, de seguridad y de salud. El presidente, Adolfo Micalco M\u00e9ndez, sostuvo que la celebraci\u00f3n organizada por Morena contrasta con el contexto nacional. \u201cNo hay nada que celebrar. Mientras nuestro pa\u00eds vive momentos dif\u00edciles en la econom\u00eda, una crisis de seguridad que se agrava, protestas ante abusos [&hellip;]","og_url":"https:\/\/canal7slp.tv\/2025\/pri-cuestiona-celebracion-de-la-4t-y-acusa-siete-anos-de-fracaso\/","og_site_name":"Canal 7 SLP - 2025","article_publisher":"https:\/\/www.facebook.com\/noticieroscanal7atencionciudadana\/","article_published_time":"2025-12-12T23:01:15+00:00","og_image":[{"width":1280,"height":720,"url":"https:\/\/canal7slp.tv\/2025\/wp-content\/uploads\/2025\/12\/Vazquez02PriVsMorena.jpg","type":"image\/jpeg"}],"author":"Edici\u00f3n Web","twitter_card":"summary_large_image","twitter_creator":"@NOTICIEROS7","twitter_site":"@NOTICIEROS7","twitter_misc":{"Escrito por":"Edici\u00f3n Web","Tiempo de lectura":"4 minutos"},"schema":{"@context":"https:\/\/schema.org","@graph":[{"@type":"Article","@id":"https:\/\/canal7slp.tv\/2025\/pri-cuestiona-celebracion-de-la-4t-y-acusa-siete-anos-de-fracaso\/#article","isPartOf":{"@id":"https:\/\/canal7slp.tv\/2025\/pri-cuestiona-celebracion-de-la-4t-y-acusa-siete-anos-de-fracaso\/"},"author":{"name":"Edici\u00f3n Web","@id":"https:\/\/canal7slp.tv\/2025\/#\/schema\/person\/271e2b60a96e7cc9d9ac296f4d7e414b"},"headline":"PRI cuestiona celebraci\u00f3n de la 4T y acusa siete a\u00f1os de fracaso","datePublished":"2025-12-12T23:01:15+00:00","mainEntityOfPage":{"@id":"https:\/\/canal7slp.tv\/2025\/pri-cuestiona-celebracion-de-la-4t-y-acusa-siete-anos-de-fracaso\/"},"wordCount":790,"publisher":{"@id":"https:\/\/canal7slp.tv\/2025\/#organization"},"image":{"@id":"https:\/\/canal7slp.tv\/2025\/pri-cuestiona-celebracion-de-la-4t-y-acusa-siete-anos-de-fracaso\/#primaryimage"},"thumbnailUrl":"https:\/\/canal7slp.tv\/2025\/wp-content\/uploads\/2025\/12\/Vazquez02PriVsMorena.jpg","articleSection":["DESTACADAS","LOCALES Y REGIONALES"],"inLanguage":"es"},{"@type":"WebPage","@id":"https:\/\/canal7slp.tv\/2025\/pri-cuestiona-celebracion-de-la-4t-y-acusa-siete-anos-de-fracaso\/","url":"https:\/\/canal7slp.tv\/2025\/pri-cuestiona-celebracion-de-la-4t-y-acusa-siete-anos-de-fracaso\/","name":"PRI cuestiona celebraci\u00f3n de la 4T y acusa siete a\u00f1os de fracaso - Canal 7 SLP - 2025","isPartOf":{"@id":"https:\/\/canal7slp.tv\/2025\/#website"},"primaryImageOfPage":{"@id":"https:\/\/canal7slp.tv\/2025\/pri-cuestiona-celebracion-de-la-4t-y-acusa-siete-anos-de-fracaso\/#primaryimage"},"image":{"@id":"https:\/\/canal7slp.tv\/2025\/pri-cuestiona-celebracion-de-la-4t-y-acusa-siete-anos-de-fracaso\/#primaryimage"},"thumbnailUrl":"https:\/\/canal7slp.tv\/2025\/wp-content\/uploads\/2025\/12\/Vazquez02PriVsMorena.jpg","datePublished":"2025-12-12T23:01:15+00:00","breadcrumb":{"@id":"https:\/\/canal7slp.tv\/2025\/pri-cuestiona-celebracion-de-la-4t-y-acusa-siete-anos-de-fracaso\/#breadcrumb"},"inLanguage":"es","potentialAction":[{"@type":"ReadAction","target":["https:\/\/canal7slp.tv\/2025\/pri-cuestiona-celebracion-de-la-4t-y-acusa-siete-anos-de-fracaso\/"]}]},{"@type":"ImageObject","inLanguage":"es","@id":"https:\/\/canal7slp.tv\/2025\/pri-cuestiona-celebracion-de-la-4t-y-acusa-siete-anos-de-fracaso\/#primaryimage","url":"https:\/\/canal7slp.tv\/2025\/wp-content\/uploads\/2025\/12\/Vazquez02PriVsMorena.jpg","contentUrl":"https:\/\/canal7slp.tv\/2025\/wp-content\/uploads\/2025\/12\/Vazquez02PriVsMorena.jpg","width":1280,"height":720},{"@type":"BreadcrumbList","@id":"https:\/\/canal7slp.tv\/2025\/pri-cuestiona-celebracion-de-la-4t-y-acusa-siete-anos-de-fracaso\/#breadcrumb","itemListElement":[{"@type":"ListItem","position":1,"name":"Portada","item":"https:\/\/canal7slp.tv\/2025\/"},{"@type":"ListItem","position":2,"name":"PRI cuestiona celebraci\u00f3n de la 4T y acusa siete a\u00f1os de fracaso"}]},{"@type":"WebSite","@id":"https:\/\/canal7slp.tv\/2025\/#website","url":"https:\/\/canal7slp.tv\/2025\/","name":"N7 - Noticieros Canal 7","description":"Somos el Medio","publisher":{"@id":"https:\/\/canal7slp.tv\/2025\/#organization"},"potentialAction":[{"@type":"SearchAction","target":{"@type":"EntryPoint","urlTemplate":"https:\/\/canal7slp.tv\/2025\/?s={search_term_string}"},"query-input":{"@type":"PropertyValueSpecification","valueRequired":true,"valueName":"search_term_string"}}],"inLanguage":"es"},{"@type":"Organization","@id":"https:\/\/canal7slp.tv\/2025\/#organization","name":"Noticieros Canal 7","url":"https:\/\/canal7slp.tv\/2025\/","logo":{"@type":"ImageObject","inLanguage":"es","@id":"https:\/\/canal7slp.tv\/2025\/#\/schema\/logo\/image\/","url":"https:\/\/canal7slp.tv\/2025\/wp-content\/uploads\/2021\/01\/logo-noticieros@2x.png","contentUrl":"https:\/\/canal7slp.tv\/2025\/wp-content\/uploads\/2021\/01\/logo-noticieros@2x.png","width":1017,"height":268,"caption":"Noticieros Canal 7"},"image":{"@id":"https:\/\/canal7slp.tv\/2025\/#\/schema\/logo\/image\/"},"sameAs":["https:\/\/www.facebook.com\/noticieroscanal7atencionciudadana\/","https:\/\/x.com\/NOTICIEROS7","https:\/\/www.instagram.com\/canal7_slp","https:\/\/www.youtube.com\/channel\/UCliiYs-gP3JfJeqdPrNdd5A"]},{"@type":"Person","@id":"https:\/\/canal7slp.tv\/2025\/#\/schema\/person\/271e2b60a96e7cc9d9ac296f4d7e414b","name":"Edici\u00f3n Web","image":{"@type":"ImageObject","inLanguage":"es","@id":"https:\/\/secure.gravatar.com\/avatar\/eee448fc3f7164808013b816ba91ac7e43bbe82a70bebac296f8bc6f0addaa1a?s=96&d=mm&r=g","url":"https:\/\/secure.gravatar.com\/avatar\/eee448fc3f7164808013b816ba91ac7e43bbe82a70bebac296f8bc6f0addaa1a?s=96&d=mm&r=g","contentUrl":"https:\/\/secure.gravatar.com\/avatar\/eee448fc3f7164808013b816ba91ac7e43bbe82a70bebac296f8bc6f0addaa1a?s=96&d=mm&r=g","caption":"Edici\u00f3n Web"},"url":"https:\/\/canal7slp.tv\/2025\/author\/edicionweb\/"}]}},"_links":{"self":[{"href":"https:\/\/canal7slp.tv\/2025\/wp-json\/wp\/v2\/posts\/187690","targetHints":{"allow":["GET"]}}],"collection":[{"href":"https:\/\/canal7slp.tv\/2025\/wp-json\/wp\/v2\/posts"}],"about":[{"href":"https:\/\/canal7slp.tv\/2025\/wp-json\/wp\/v2\/types\/post"}],"author":[{"embeddable":true,"href":"https:\/\/canal7slp.tv\/2025\/wp-json\/wp\/v2\/users\/2"}],"replies":[{"embeddable":true,"href":"https:\/\/canal7slp.tv\/2025\/wp-json\/wp\/v2\/comments?post=187690"}],"version-history":[{"count":2,"href":"https:\/\/canal7slp.tv\/2025\/wp-json\/wp\/v2\/posts\/187690\/revisions"}],"predecessor-version":[{"id":187705,"href":"https:\/\/canal7slp.tv\/2025\/wp-json\/wp\/v2\/posts\/187690\/revisions\/187705"}],"wp:featuredmedia":[{"embeddable":true,"href":"https:\/\/canal7slp.tv\/2025\/wp-json\/wp\/v2\/media\/187704"}],"wp:attachment":[{"href":"https:\/\/canal7slp.tv\/2025\/wp-json\/wp\/v2\/media?parent=187690"}],"wp:term":[{"taxonomy":"category","embeddable":true,"href":"https:\/\/canal7slp.tv\/2025\/wp-json\/wp\/v2\/categories?post=187690"},{"taxonomy":"post_tag","embeddable":true,"href":"https:\/\/canal7slp.tv\/2025\/wp-json\/wp\/v2\/tags?post=187690"}],"curies":[{"name":"wp","href":"https:\/\/api.w.org\/{rel}","templated":true}]}}