{"id":187688,"date":"2025-12-12T17:28:28","date_gmt":"2025-12-12T23:28:28","guid":{"rendered":"https:\/\/canal7slp.tv\/2025\/?p=187688"},"modified":"2025-12-12T17:33:07","modified_gmt":"2025-12-12T23:33:07","slug":"crisis-del-agua-en-el-valle-potosino-va-mas-alla-de-la-sequia-advierte-consejo-hidrico-estatal","status":"publish","type":"post","link":"https:\/\/canal7slp.tv\/2025\/crisis-del-agua-en-el-valle-potosino-va-mas-alla-de-la-sequia-advierte-consejo-hidrico-estatal\/","title":{"rendered":"Crisis del agua en el valle potosino va m\u00e1s all\u00e1 de la sequ\u00eda, advierte Consejo H\u00eddrico Estatal"},"content":{"rendered":"<p style=\"text-align: justify;\"><span style=\"font-size: 1.21429rem;\">SLP.- La crisis h\u00eddrica que enfrenta San Luis Potos\u00ed no puede atribuirse \u00fanicamente a la sequ\u00eda o al agotamiento natural del recurso, sino a una serie de factores estructurales que han sido ignorados en la discusi\u00f3n p\u00fablica, se advirti\u00f3 desde el Consejo H\u00eddrico Estatal.<\/span><\/p>\n<p style=\"text-align: justify;\">Al presentar los resultados de un estudio sobre la situaci\u00f3n del agua en el Valle Potosino, el presidente del organismo, Jonathan Quintero, sostuvo que el problema ha sido reducido de manera equivocada a causas clim\u00e1ticas.<\/p>\n<p style=\"text-align: justify;\">\u201cLa crisis h\u00eddrica en San Luis no se explica s\u00f3lo por la sequ\u00eda o por el agotamiento f\u00edsico del agua, sino por diversos factores, no \u00fanicamente por eso, sino tambi\u00e9n por diversos factores que han pasado desapercibidos\u00bb, insisti\u00f3.<\/p>\n<p style=\"text-align: justify;\">El an\u00e1lisis identifica diversos obst\u00e1culos centrales que, en conjunto, han agravado el escenario actual.<\/p>\n<p style=\"text-align: justify;\">\u00abLa desigualdad en el acceso, la fragmentaci\u00f3n de las instituciones encargadas de la gesti\u00f3n del agua, la difusi\u00f3n y consolidaci\u00f3n de la cultura del privilegio en el acceso al agua, la baja participaci\u00f3n ciudadana\u00bb, enlist\u00f3.<\/p>\n<p style=\"text-align: justify;\">Uno de los datos m\u00e1s relevantes del estudio es la fuerte dependencia del acu\u00edfero del Valle de San Luis, el cual se encuentra en condici\u00f3n de sobreexplotaci\u00f3n, sin que esto haya reducido las brechas en el acceso al servicio.<\/p>\n<p style=\"text-align: justify;\">\u201cM\u00e1s del 75% del agua que se abastece en el Valle Potosino, pues proviene del acu\u00edfero sobreexplotado y aun as\u00ed pues persiste esta desigualdad.\u201d<\/p>\n<p style=\"text-align: justify;\">Agreg\u00f3: \u201cEl estudio demuestra que m\u00e1s del 90% de los pozos registrados en el Valle son privados, mientras que el organismo operador depende \u00fanicamente de una fracci\u00f3n muy peque\u00f1a, que es el 9% que les mencionaba.\u201d<\/p>\n<p style=\"text-align: justify;\">Esta concentraci\u00f3n del recurso, advirti\u00f3 Quintero, tiene efectos directos en las condiciones de vida de la poblaci\u00f3n: \u201cEsta desigualdad no s\u00f3lo refleja diferencias econ\u00f3micas, sino que tambi\u00e9n condiciona la calidad de vida, la salud y la seguridad de miles de familias.\u201d<\/p>\n<p style=\"text-align: justify;\">A ello se suma la falta de coordinaci\u00f3n entre las dependencias responsables del manejo del agua, lo que ha impedido una estrategia integral para enfrentar la crisis.<\/p>\n<p style=\"text-align: justify;\">\u201cTambi\u00e9n las instituciones pues trabajan por separado&#8230; CONAGUA, la CEA (la Comisi\u00f3n Estatal del Agua) o Interapas tienen sus propias acciones, cada una va por l\u00edneas distintas, no hay coordinaci\u00f3n y esto tambi\u00e9n obstaculiza una gesti\u00f3n eficiente del recurso\u00bb, expuso.<\/p>\n<p style=\"text-align: justify;\">Finalmente, se advirti\u00f3 que persiste una cultura que normaliza el consumo diferenciado del agua y limita la incidencia social en las decisiones p\u00fablicas.<\/p>\n<p style=\"text-align: justify;\">\u201cExiste esta cultura del privilegio tambi\u00e9n, que normaliza el consumo desigual y por \u00faltimo la participaci\u00f3n ciudadana d\u00e9bil y mecanismos poco confiables, porque si bien este estudio nos demuestra que la ciudadan\u00eda est\u00e1 interesada en participar en las gestiones, no existen las condiciones y los mecanismos propicios para que esto se pueda dar\u00bb, termin\u00f3.<\/p>\n<p>Por: Jos\u00e9 Luis V\u00e1zquez<\/p>\n","protected":false},"excerpt":{"rendered":"<p>SLP.- La crisis h\u00eddrica que enfrenta San Luis Potos\u00ed no puede atribuirse \u00fanicamente a la sequ\u00eda o al agotamiento natural del recurso, sino a una serie de factores estructurales que han sido ignorados en la discusi\u00f3n p\u00fablica, se advirti\u00f3 desde el Consejo H\u00eddrico Estatal. Al presentar los resultados de un estudio sobre la situaci\u00f3n del agua en el Valle Potosino, el presidente del organismo, Jonathan Quintero, sostuvo que el problema ha sido reducido de manera equivocada a causas clim\u00e1ticas. \u201cLa crisis h\u00eddrica en San Luis no se explica s\u00f3lo por la sequ\u00eda o por el agotamiento f\u00edsico del agua, sino [&hellip;]<\/p>\n","protected":false},"author":2,"featured_media":187714,"comment_status":"closed","ping_status":"closed","sticky":false,"template":"","format":"video","meta":{"_monsterinsights_skip_tracking":false,"_monsterinsights_sitenote_active":false,"_monsterinsights_sitenote_note":"","_monsterinsights_sitenote_category":0,"footnotes":""},"categories":[5,45],"tags":[],"class_list":["post-187688","post","type-post","status-publish","format-video","has-post-thumbnail","hentry","category-destacadas","category-localesyregionales","post_format-post-format-video","post--single"],"yoast_head":"<!-- This site is optimized with the Yoast SEO plugin v27.5 - https:\/\/yoast.com\/product\/yoast-seo-wordpress\/ -->\n<title>Crisis del agua en el valle potosino va m\u00e1s all\u00e1 de la sequ\u00eda, advierte Consejo H\u00eddrico Estatal - Canal 7 SLP - 2025<\/title>\n<meta name=\"robots\" content=\"index, follow, max-snippet:-1, max-image-preview:large, max-video-preview:-1\" \/>\n<link rel=\"canonical\" href=\"https:\/\/canal7slp.tv\/2025\/crisis-del-agua-en-el-valle-potosino-va-mas-alla-de-la-sequia-advierte-consejo-hidrico-estatal\/\" \/>\n<meta property=\"og:locale\" content=\"es_ES\" \/>\n<meta property=\"og:type\" content=\"article\" \/>\n<meta property=\"og:title\" content=\"Crisis del agua en el valle potosino va m\u00e1s all\u00e1 de la sequ\u00eda, advierte Consejo H\u00eddrico Estatal - Canal 7 SLP - 2025\" \/>\n<meta property=\"og:description\" content=\"SLP.- La crisis h\u00eddrica que enfrenta San Luis Potos\u00ed no puede atribuirse \u00fanicamente a la sequ\u00eda o al agotamiento natural del recurso, sino a una serie de factores estructurales que han sido ignorados en la discusi\u00f3n p\u00fablica, se advirti\u00f3 desde el Consejo H\u00eddrico Estatal. Al presentar los resultados de un estudio sobre la situaci\u00f3n del agua en el Valle Potosino, el presidente del organismo, Jonathan Quintero, sostuvo que el problema ha sido reducido de manera equivocada a causas clim\u00e1ticas. \u201cLa crisis h\u00eddrica en San Luis no se explica s\u00f3lo por la sequ\u00eda o por el agotamiento f\u00edsico del agua, sino [&hellip;]\" \/>\n<meta property=\"og:url\" content=\"https:\/\/canal7slp.tv\/2025\/crisis-del-agua-en-el-valle-potosino-va-mas-alla-de-la-sequia-advierte-consejo-hidrico-estatal\/\" \/>\n<meta property=\"og:site_name\" content=\"Canal 7 SLP - 2025\" \/>\n<meta property=\"article:publisher\" content=\"https:\/\/www.facebook.com\/noticieroscanal7atencionciudadana\/\" \/>\n<meta property=\"article:published_time\" content=\"2025-12-12T23:28:28+00:00\" \/>\n<meta property=\"article:modified_time\" content=\"2025-12-12T23:33:07+00:00\" \/>\n<meta property=\"og:image\" content=\"https:\/\/canal7slp.tv\/2025\/wp-content\/uploads\/2025\/12\/Vazquez03CrisisHIdrica.jpg\" \/>\n\t<meta property=\"og:image:width\" content=\"1280\" \/>\n\t<meta property=\"og:image:height\" content=\"720\" \/>\n\t<meta property=\"og:image:type\" content=\"image\/jpeg\" \/>\n<meta name=\"author\" content=\"Edici\u00f3n Web\" \/>\n<meta name=\"twitter:card\" content=\"summary_large_image\" \/>\n<meta name=\"twitter:creator\" content=\"@NOTICIEROS7\" \/>\n<meta name=\"twitter:site\" content=\"@NOTICIEROS7\" \/>\n<meta name=\"twitter:label1\" content=\"Escrito por\" \/>\n\t<meta name=\"twitter:data1\" content=\"Edici\u00f3n Web\" \/>\n\t<meta name=\"twitter:label2\" content=\"Tiempo de lectura\" \/>\n\t<meta name=\"twitter:data2\" content=\"3 minutos\" \/>\n<script type=\"application\/ld+json\" class=\"yoast-schema-graph\">{\"@context\":\"https:\\\/\\\/schema.org\",\"@graph\":[{\"@type\":\"Article\",\"@id\":\"https:\\\/\\\/canal7slp.tv\\\/2025\\\/crisis-del-agua-en-el-valle-potosino-va-mas-alla-de-la-sequia-advierte-consejo-hidrico-estatal\\\/#article\",\"isPartOf\":{\"@id\":\"https:\\\/\\\/canal7slp.tv\\\/2025\\\/crisis-del-agua-en-el-valle-potosino-va-mas-alla-de-la-sequia-advierte-consejo-hidrico-estatal\\\/\"},\"author\":{\"name\":\"Edici\u00f3n Web\",\"@id\":\"https:\\\/\\\/canal7slp.tv\\\/2025\\\/#\\\/schema\\\/person\\\/271e2b60a96e7cc9d9ac296f4d7e414b\"},\"headline\":\"Crisis del agua en el valle potosino va m\u00e1s all\u00e1 de la sequ\u00eda, advierte Consejo H\u00eddrico Estatal\",\"datePublished\":\"2025-12-12T23:28:28+00:00\",\"dateModified\":\"2025-12-12T23:33:07+00:00\",\"mainEntityOfPage\":{\"@id\":\"https:\\\/\\\/canal7slp.tv\\\/2025\\\/crisis-del-agua-en-el-valle-potosino-va-mas-alla-de-la-sequia-advierte-consejo-hidrico-estatal\\\/\"},\"wordCount\":518,\"publisher\":{\"@id\":\"https:\\\/\\\/canal7slp.tv\\\/2025\\\/#organization\"},\"image\":{\"@id\":\"https:\\\/\\\/canal7slp.tv\\\/2025\\\/crisis-del-agua-en-el-valle-potosino-va-mas-alla-de-la-sequia-advierte-consejo-hidrico-estatal\\\/#primaryimage\"},\"thumbnailUrl\":\"https:\\\/\\\/canal7slp.tv\\\/2025\\\/wp-content\\\/uploads\\\/2025\\\/12\\\/Vazquez03CrisisHIdrica.jpg\",\"articleSection\":[\"DESTACADAS\",\"LOCALES Y REGIONALES\"],\"inLanguage\":\"es\"},{\"@type\":\"WebPage\",\"@id\":\"https:\\\/\\\/canal7slp.tv\\\/2025\\\/crisis-del-agua-en-el-valle-potosino-va-mas-alla-de-la-sequia-advierte-consejo-hidrico-estatal\\\/\",\"url\":\"https:\\\/\\\/canal7slp.tv\\\/2025\\\/crisis-del-agua-en-el-valle-potosino-va-mas-alla-de-la-sequia-advierte-consejo-hidrico-estatal\\\/\",\"name\":\"Crisis del agua en el valle potosino va m\u00e1s all\u00e1 de la sequ\u00eda, advierte Consejo H\u00eddrico Estatal - Canal 7 SLP - 2025\",\"isPartOf\":{\"@id\":\"https:\\\/\\\/canal7slp.tv\\\/2025\\\/#website\"},\"primaryImageOfPage\":{\"@id\":\"https:\\\/\\\/canal7slp.tv\\\/2025\\\/crisis-del-agua-en-el-valle-potosino-va-mas-alla-de-la-sequia-advierte-consejo-hidrico-estatal\\\/#primaryimage\"},\"image\":{\"@id\":\"https:\\\/\\\/canal7slp.tv\\\/2025\\\/crisis-del-agua-en-el-valle-potosino-va-mas-alla-de-la-sequia-advierte-consejo-hidrico-estatal\\\/#primaryimage\"},\"thumbnailUrl\":\"https:\\\/\\\/canal7slp.tv\\\/2025\\\/wp-content\\\/uploads\\\/2025\\\/12\\\/Vazquez03CrisisHIdrica.jpg\",\"datePublished\":\"2025-12-12T23:28:28+00:00\",\"dateModified\":\"2025-12-12T23:33:07+00:00\",\"breadcrumb\":{\"@id\":\"https:\\\/\\\/canal7slp.tv\\\/2025\\\/crisis-del-agua-en-el-valle-potosino-va-mas-alla-de-la-sequia-advierte-consejo-hidrico-estatal\\\/#breadcrumb\"},\"inLanguage\":\"es\",\"potentialAction\":[{\"@type\":\"ReadAction\",\"target\":[\"https:\\\/\\\/canal7slp.tv\\\/2025\\\/crisis-del-agua-en-el-valle-potosino-va-mas-alla-de-la-sequia-advierte-consejo-hidrico-estatal\\\/\"]}]},{\"@type\":\"ImageObject\",\"inLanguage\":\"es\",\"@id\":\"https:\\\/\\\/canal7slp.tv\\\/2025\\\/crisis-del-agua-en-el-valle-potosino-va-mas-alla-de-la-sequia-advierte-consejo-hidrico-estatal\\\/#primaryimage\",\"url\":\"https:\\\/\\\/canal7slp.tv\\\/2025\\\/wp-content\\\/uploads\\\/2025\\\/12\\\/Vazquez03CrisisHIdrica.jpg\",\"contentUrl\":\"https:\\\/\\\/canal7slp.tv\\\/2025\\\/wp-content\\\/uploads\\\/2025\\\/12\\\/Vazquez03CrisisHIdrica.jpg\",\"width\":1280,\"height\":720},{\"@type\":\"BreadcrumbList\",\"@id\":\"https:\\\/\\\/canal7slp.tv\\\/2025\\\/crisis-del-agua-en-el-valle-potosino-va-mas-alla-de-la-sequia-advierte-consejo-hidrico-estatal\\\/#breadcrumb\",\"itemListElement\":[{\"@type\":\"ListItem\",\"position\":1,\"name\":\"Portada\",\"item\":\"https:\\\/\\\/canal7slp.tv\\\/2025\\\/\"},{\"@type\":\"ListItem\",\"position\":2,\"name\":\"Crisis del agua en el valle potosino va m\u00e1s all\u00e1 de la sequ\u00eda, advierte Consejo H\u00eddrico Estatal\"}]},{\"@type\":\"WebSite\",\"@id\":\"https:\\\/\\\/canal7slp.tv\\\/2025\\\/#website\",\"url\":\"https:\\\/\\\/canal7slp.tv\\\/2025\\\/\",\"name\":\"N7 - Noticieros Canal 7\",\"description\":\"Somos el Medio\",\"publisher\":{\"@id\":\"https:\\\/\\\/canal7slp.tv\\\/2025\\\/#organization\"},\"potentialAction\":[{\"@type\":\"SearchAction\",\"target\":{\"@type\":\"EntryPoint\",\"urlTemplate\":\"https:\\\/\\\/canal7slp.tv\\\/2025\\\/?s={search_term_string}\"},\"query-input\":{\"@type\":\"PropertyValueSpecification\",\"valueRequired\":true,\"valueName\":\"search_term_string\"}}],\"inLanguage\":\"es\"},{\"@type\":\"Organization\",\"@id\":\"https:\\\/\\\/canal7slp.tv\\\/2025\\\/#organization\",\"name\":\"Noticieros Canal 7\",\"url\":\"https:\\\/\\\/canal7slp.tv\\\/2025\\\/\",\"logo\":{\"@type\":\"ImageObject\",\"inLanguage\":\"es\",\"@id\":\"https:\\\/\\\/canal7slp.tv\\\/2025\\\/#\\\/schema\\\/logo\\\/image\\\/\",\"url\":\"https:\\\/\\\/canal7slp.tv\\\/2025\\\/wp-content\\\/uploads\\\/2021\\\/01\\\/logo-noticieros@2x.png\",\"contentUrl\":\"https:\\\/\\\/canal7slp.tv\\\/2025\\\/wp-content\\\/uploads\\\/2021\\\/01\\\/logo-noticieros@2x.png\",\"width\":1017,\"height\":268,\"caption\":\"Noticieros Canal 7\"},\"image\":{\"@id\":\"https:\\\/\\\/canal7slp.tv\\\/2025\\\/#\\\/schema\\\/logo\\\/image\\\/\"},\"sameAs\":[\"https:\\\/\\\/www.facebook.com\\\/noticieroscanal7atencionciudadana\\\/\",\"https:\\\/\\\/x.com\\\/NOTICIEROS7\",\"https:\\\/\\\/www.instagram.com\\\/canal7_slp\",\"https:\\\/\\\/www.youtube.com\\\/channel\\\/UCliiYs-gP3JfJeqdPrNdd5A\"]},{\"@type\":\"Person\",\"@id\":\"https:\\\/\\\/canal7slp.tv\\\/2025\\\/#\\\/schema\\\/person\\\/271e2b60a96e7cc9d9ac296f4d7e414b\",\"name\":\"Edici\u00f3n Web\",\"image\":{\"@type\":\"ImageObject\",\"inLanguage\":\"es\",\"@id\":\"https:\\\/\\\/secure.gravatar.com\\\/avatar\\\/eee448fc3f7164808013b816ba91ac7e43bbe82a70bebac296f8bc6f0addaa1a?s=96&d=mm&r=g\",\"url\":\"https:\\\/\\\/secure.gravatar.com\\\/avatar\\\/eee448fc3f7164808013b816ba91ac7e43bbe82a70bebac296f8bc6f0addaa1a?s=96&d=mm&r=g\",\"contentUrl\":\"https:\\\/\\\/secure.gravatar.com\\\/avatar\\\/eee448fc3f7164808013b816ba91ac7e43bbe82a70bebac296f8bc6f0addaa1a?s=96&d=mm&r=g\",\"caption\":\"Edici\u00f3n Web\"},\"url\":\"https:\\\/\\\/canal7slp.tv\\\/2025\\\/author\\\/edicionweb\\\/\"}]}<\/script>\n<!-- \/ Yoast SEO plugin. -->","yoast_head_json":{"title":"Crisis del agua en el valle potosino va m\u00e1s all\u00e1 de la sequ\u00eda, advierte Consejo H\u00eddrico Estatal - Canal 7 SLP - 2025","robots":{"index":"index","follow":"follow","max-snippet":"max-snippet:-1","max-image-preview":"max-image-preview:large","max-video-preview":"max-video-preview:-1"},"canonical":"https:\/\/canal7slp.tv\/2025\/crisis-del-agua-en-el-valle-potosino-va-mas-alla-de-la-sequia-advierte-consejo-hidrico-estatal\/","og_locale":"es_ES","og_type":"article","og_title":"Crisis del agua en el valle potosino va m\u00e1s all\u00e1 de la sequ\u00eda, advierte Consejo H\u00eddrico Estatal - Canal 7 SLP - 2025","og_description":"SLP.- La crisis h\u00eddrica que enfrenta San Luis Potos\u00ed no puede atribuirse \u00fanicamente a la sequ\u00eda o al agotamiento natural del recurso, sino a una serie de factores estructurales que han sido ignorados en la discusi\u00f3n p\u00fablica, se advirti\u00f3 desde el Consejo H\u00eddrico Estatal. Al presentar los resultados de un estudio sobre la situaci\u00f3n del agua en el Valle Potosino, el presidente del organismo, Jonathan Quintero, sostuvo que el problema ha sido reducido de manera equivocada a causas clim\u00e1ticas. \u201cLa crisis h\u00eddrica en San Luis no se explica s\u00f3lo por la sequ\u00eda o por el agotamiento f\u00edsico del agua, sino [&hellip;]","og_url":"https:\/\/canal7slp.tv\/2025\/crisis-del-agua-en-el-valle-potosino-va-mas-alla-de-la-sequia-advierte-consejo-hidrico-estatal\/","og_site_name":"Canal 7 SLP - 2025","article_publisher":"https:\/\/www.facebook.com\/noticieroscanal7atencionciudadana\/","article_published_time":"2025-12-12T23:28:28+00:00","article_modified_time":"2025-12-12T23:33:07+00:00","og_image":[{"width":1280,"height":720,"url":"https:\/\/canal7slp.tv\/2025\/wp-content\/uploads\/2025\/12\/Vazquez03CrisisHIdrica.jpg","type":"image\/jpeg"}],"author":"Edici\u00f3n Web","twitter_card":"summary_large_image","twitter_creator":"@NOTICIEROS7","twitter_site":"@NOTICIEROS7","twitter_misc":{"Escrito por":"Edici\u00f3n Web","Tiempo de lectura":"3 minutos"},"schema":{"@context":"https:\/\/schema.org","@graph":[{"@type":"Article","@id":"https:\/\/canal7slp.tv\/2025\/crisis-del-agua-en-el-valle-potosino-va-mas-alla-de-la-sequia-advierte-consejo-hidrico-estatal\/#article","isPartOf":{"@id":"https:\/\/canal7slp.tv\/2025\/crisis-del-agua-en-el-valle-potosino-va-mas-alla-de-la-sequia-advierte-consejo-hidrico-estatal\/"},"author":{"name":"Edici\u00f3n Web","@id":"https:\/\/canal7slp.tv\/2025\/#\/schema\/person\/271e2b60a96e7cc9d9ac296f4d7e414b"},"headline":"Crisis del agua en el valle potosino va m\u00e1s all\u00e1 de la sequ\u00eda, advierte Consejo H\u00eddrico Estatal","datePublished":"2025-12-12T23:28:28+00:00","dateModified":"2025-12-12T23:33:07+00:00","mainEntityOfPage":{"@id":"https:\/\/canal7slp.tv\/2025\/crisis-del-agua-en-el-valle-potosino-va-mas-alla-de-la-sequia-advierte-consejo-hidrico-estatal\/"},"wordCount":518,"publisher":{"@id":"https:\/\/canal7slp.tv\/2025\/#organization"},"image":{"@id":"https:\/\/canal7slp.tv\/2025\/crisis-del-agua-en-el-valle-potosino-va-mas-alla-de-la-sequia-advierte-consejo-hidrico-estatal\/#primaryimage"},"thumbnailUrl":"https:\/\/canal7slp.tv\/2025\/wp-content\/uploads\/2025\/12\/Vazquez03CrisisHIdrica.jpg","articleSection":["DESTACADAS","LOCALES Y REGIONALES"],"inLanguage":"es"},{"@type":"WebPage","@id":"https:\/\/canal7slp.tv\/2025\/crisis-del-agua-en-el-valle-potosino-va-mas-alla-de-la-sequia-advierte-consejo-hidrico-estatal\/","url":"https:\/\/canal7slp.tv\/2025\/crisis-del-agua-en-el-valle-potosino-va-mas-alla-de-la-sequia-advierte-consejo-hidrico-estatal\/","name":"Crisis del agua en el valle potosino va m\u00e1s all\u00e1 de la sequ\u00eda, advierte Consejo H\u00eddrico Estatal - Canal 7 SLP - 2025","isPartOf":{"@id":"https:\/\/canal7slp.tv\/2025\/#website"},"primaryImageOfPage":{"@id":"https:\/\/canal7slp.tv\/2025\/crisis-del-agua-en-el-valle-potosino-va-mas-alla-de-la-sequia-advierte-consejo-hidrico-estatal\/#primaryimage"},"image":{"@id":"https:\/\/canal7slp.tv\/2025\/crisis-del-agua-en-el-valle-potosino-va-mas-alla-de-la-sequia-advierte-consejo-hidrico-estatal\/#primaryimage"},"thumbnailUrl":"https:\/\/canal7slp.tv\/2025\/wp-content\/uploads\/2025\/12\/Vazquez03CrisisHIdrica.jpg","datePublished":"2025-12-12T23:28:28+00:00","dateModified":"2025-12-12T23:33:07+00:00","breadcrumb":{"@id":"https:\/\/canal7slp.tv\/2025\/crisis-del-agua-en-el-valle-potosino-va-mas-alla-de-la-sequia-advierte-consejo-hidrico-estatal\/#breadcrumb"},"inLanguage":"es","potentialAction":[{"@type":"ReadAction","target":["https:\/\/canal7slp.tv\/2025\/crisis-del-agua-en-el-valle-potosino-va-mas-alla-de-la-sequia-advierte-consejo-hidrico-estatal\/"]}]},{"@type":"ImageObject","inLanguage":"es","@id":"https:\/\/canal7slp.tv\/2025\/crisis-del-agua-en-el-valle-potosino-va-mas-alla-de-la-sequia-advierte-consejo-hidrico-estatal\/#primaryimage","url":"https:\/\/canal7slp.tv\/2025\/wp-content\/uploads\/2025\/12\/Vazquez03CrisisHIdrica.jpg","contentUrl":"https:\/\/canal7slp.tv\/2025\/wp-content\/uploads\/2025\/12\/Vazquez03CrisisHIdrica.jpg","width":1280,"height":720},{"@type":"BreadcrumbList","@id":"https:\/\/canal7slp.tv\/2025\/crisis-del-agua-en-el-valle-potosino-va-mas-alla-de-la-sequia-advierte-consejo-hidrico-estatal\/#breadcrumb","itemListElement":[{"@type":"ListItem","position":1,"name":"Portada","item":"https:\/\/canal7slp.tv\/2025\/"},{"@type":"ListItem","position":2,"name":"Crisis del agua en el valle potosino va m\u00e1s all\u00e1 de la sequ\u00eda, advierte Consejo H\u00eddrico Estatal"}]},{"@type":"WebSite","@id":"https:\/\/canal7slp.tv\/2025\/#website","url":"https:\/\/canal7slp.tv\/2025\/","name":"N7 - Noticieros Canal 7","description":"Somos el Medio","publisher":{"@id":"https:\/\/canal7slp.tv\/2025\/#organization"},"potentialAction":[{"@type":"SearchAction","target":{"@type":"EntryPoint","urlTemplate":"https:\/\/canal7slp.tv\/2025\/?s={search_term_string}"},"query-input":{"@type":"PropertyValueSpecification","valueRequired":true,"valueName":"search_term_string"}}],"inLanguage":"es"},{"@type":"Organization","@id":"https:\/\/canal7slp.tv\/2025\/#organization","name":"Noticieros Canal 7","url":"https:\/\/canal7slp.tv\/2025\/","logo":{"@type":"ImageObject","inLanguage":"es","@id":"https:\/\/canal7slp.tv\/2025\/#\/schema\/logo\/image\/","url":"https:\/\/canal7slp.tv\/2025\/wp-content\/uploads\/2021\/01\/logo-noticieros@2x.png","contentUrl":"https:\/\/canal7slp.tv\/2025\/wp-content\/uploads\/2021\/01\/logo-noticieros@2x.png","width":1017,"height":268,"caption":"Noticieros Canal 7"},"image":{"@id":"https:\/\/canal7slp.tv\/2025\/#\/schema\/logo\/image\/"},"sameAs":["https:\/\/www.facebook.com\/noticieroscanal7atencionciudadana\/","https:\/\/x.com\/NOTICIEROS7","https:\/\/www.instagram.com\/canal7_slp","https:\/\/www.youtube.com\/channel\/UCliiYs-gP3JfJeqdPrNdd5A"]},{"@type":"Person","@id":"https:\/\/canal7slp.tv\/2025\/#\/schema\/person\/271e2b60a96e7cc9d9ac296f4d7e414b","name":"Edici\u00f3n Web","image":{"@type":"ImageObject","inLanguage":"es","@id":"https:\/\/secure.gravatar.com\/avatar\/eee448fc3f7164808013b816ba91ac7e43bbe82a70bebac296f8bc6f0addaa1a?s=96&d=mm&r=g","url":"https:\/\/secure.gravatar.com\/avatar\/eee448fc3f7164808013b816ba91ac7e43bbe82a70bebac296f8bc6f0addaa1a?s=96&d=mm&r=g","contentUrl":"https:\/\/secure.gravatar.com\/avatar\/eee448fc3f7164808013b816ba91ac7e43bbe82a70bebac296f8bc6f0addaa1a?s=96&d=mm&r=g","caption":"Edici\u00f3n Web"},"url":"https:\/\/canal7slp.tv\/2025\/author\/edicionweb\/"}]}},"_links":{"self":[{"href":"https:\/\/canal7slp.tv\/2025\/wp-json\/wp\/v2\/posts\/187688","targetHints":{"allow":["GET"]}}],"collection":[{"href":"https:\/\/canal7slp.tv\/2025\/wp-json\/wp\/v2\/posts"}],"about":[{"href":"https:\/\/canal7slp.tv\/2025\/wp-json\/wp\/v2\/types\/post"}],"author":[{"embeddable":true,"href":"https:\/\/canal7slp.tv\/2025\/wp-json\/wp\/v2\/users\/2"}],"replies":[{"embeddable":true,"href":"https:\/\/canal7slp.tv\/2025\/wp-json\/wp\/v2\/comments?post=187688"}],"version-history":[{"count":2,"href":"https:\/\/canal7slp.tv\/2025\/wp-json\/wp\/v2\/posts\/187688\/revisions"}],"predecessor-version":[{"id":187715,"href":"https:\/\/canal7slp.tv\/2025\/wp-json\/wp\/v2\/posts\/187688\/revisions\/187715"}],"wp:featuredmedia":[{"embeddable":true,"href":"https:\/\/canal7slp.tv\/2025\/wp-json\/wp\/v2\/media\/187714"}],"wp:attachment":[{"href":"https:\/\/canal7slp.tv\/2025\/wp-json\/wp\/v2\/media?parent=187688"}],"wp:term":[{"taxonomy":"category","embeddable":true,"href":"https:\/\/canal7slp.tv\/2025\/wp-json\/wp\/v2\/categories?post=187688"},{"taxonomy":"post_tag","embeddable":true,"href":"https:\/\/canal7slp.tv\/2025\/wp-json\/wp\/v2\/tags?post=187688"}],"curies":[{"name":"wp","href":"https:\/\/api.w.org\/{rel}","templated":true}]}}