{"id":187668,"date":"2025-12-12T15:06:17","date_gmt":"2025-12-12T21:06:17","guid":{"rendered":"https:\/\/canal7slp.tv\/2025\/?p=187668"},"modified":"2025-12-12T15:06:17","modified_gmt":"2025-12-12T21:06:17","slug":"lo-recaudado-de-la-xxvi-carrera-del-abrigo-2025-sera-para-mexquitic-de-carmona","status":"publish","type":"post","link":"https:\/\/canal7slp.tv\/2025\/lo-recaudado-de-la-xxvi-carrera-del-abrigo-2025-sera-para-mexquitic-de-carmona\/","title":{"rendered":"Lo recaudado de la XXVI Carrera del Abrigo 2025 ser\u00e1 para Mexquitic de Carmona"},"content":{"rendered":"<p style=\"text-align: justify;\">SLP.- Sera este 14 de diciembre a partir de las 8:00 horas que se realice la Carrera Atl\u00e9tica \u201cDel Abrigo \u2013 Ursus Mu\u00f1oz\u201d, con distancias a de 3 y 8 kil\u00f3metros a recorrer, que tiene como objetivo recaudar ropa abrigadora.<\/p>\n<p style=\"text-align: justify;\">El costo de inscripci\u00f3n es donar una o varias prendas abrigadoras, ya sea ropa o cobijas que est\u00e9 en buen estado, no importa la talla ni tama\u00f1o, ya que ser\u00e1 para ni\u00f1os, j\u00f3venes o adultos.<\/p>\n<p style=\"text-align: justify;\">El donativo en especie lo podr\u00e1n entregar media hora antes de que inicie la carrera el mismo domingo 14.<\/p>\n<p style=\"text-align: justify;\">Para esta vig\u00e9simo sexta edici\u00f3n lo recaudado ser\u00e1 destinado a las familias de escasos recursos de comunidades de Mexquitic de Carmona.<\/p>\n<p style=\"text-align: justify;\">Al ser una carrera altruista, no se tendr\u00e1 premiaci\u00f3n ni hay categor\u00edas, ya que el objetivo principal es recaudar la ropa y cobijas.<\/p>\n","protected":false},"excerpt":{"rendered":"<p>SLP.- Sera este 14 de diciembre a partir de las 8:00 horas que se realice la Carrera Atl\u00e9tica \u201cDel Abrigo \u2013 Ursus Mu\u00f1oz\u201d, con distancias a de 3 y 8 kil\u00f3metros a recorrer, que tiene como objetivo recaudar ropa abrigadora. El costo de inscripci\u00f3n es donar una o varias prendas abrigadoras, ya sea ropa o cobijas que est\u00e9 en buen estado, no importa la talla ni tama\u00f1o, ya que ser\u00e1 para ni\u00f1os, j\u00f3venes o adultos. El donativo en especie lo podr\u00e1n entregar media hora antes de que inicie la carrera el mismo domingo 14. Para esta vig\u00e9simo sexta edici\u00f3n lo [&hellip;]<\/p>\n","protected":false},"author":2,"featured_media":187670,"comment_status":"closed","ping_status":"closed","sticky":false,"template":"","format":"video","meta":{"_monsterinsights_skip_tracking":false,"_monsterinsights_sitenote_active":false,"_monsterinsights_sitenote_note":"","_monsterinsights_sitenote_category":0,"footnotes":""},"categories":[7,5],"tags":[],"class_list":["post-187668","post","type-post","status-publish","format-video","has-post-thumbnail","hentry","category-deportes","category-destacadas","post_format-post-format-video","post--single"],"yoast_head":"<!-- This site is optimized with the Yoast SEO plugin v27.5 - https:\/\/yoast.com\/product\/yoast-seo-wordpress\/ -->\n<title>Lo recaudado de la XXVI Carrera del Abrigo 2025 ser\u00e1 para Mexquitic de Carmona - Canal 7 SLP - 2025<\/title>\n<meta name=\"robots\" content=\"index, follow, max-snippet:-1, max-image-preview:large, max-video-preview:-1\" \/>\n<link rel=\"canonical\" href=\"https:\/\/canal7slp.tv\/2025\/lo-recaudado-de-la-xxvi-carrera-del-abrigo-2025-sera-para-mexquitic-de-carmona\/\" \/>\n<meta property=\"og:locale\" content=\"es_ES\" \/>\n<meta property=\"og:type\" content=\"article\" \/>\n<meta property=\"og:title\" content=\"Lo recaudado de la XXVI Carrera del Abrigo 2025 ser\u00e1 para Mexquitic de Carmona - Canal 7 SLP - 2025\" \/>\n<meta property=\"og:description\" content=\"SLP.- Sera este 14 de diciembre a partir de las 8:00 horas que se realice la Carrera Atl\u00e9tica \u201cDel Abrigo \u2013 Ursus Mu\u00f1oz\u201d, con distancias a de 3 y 8 kil\u00f3metros a recorrer, que tiene como objetivo recaudar ropa abrigadora. El costo de inscripci\u00f3n es donar una o varias prendas abrigadoras, ya sea ropa o cobijas que est\u00e9 en buen estado, no importa la talla ni tama\u00f1o, ya que ser\u00e1 para ni\u00f1os, j\u00f3venes o adultos. El donativo en especie lo podr\u00e1n entregar media hora antes de que inicie la carrera el mismo domingo 14. Para esta vig\u00e9simo sexta edici\u00f3n lo [&hellip;]\" \/>\n<meta property=\"og:url\" content=\"https:\/\/canal7slp.tv\/2025\/lo-recaudado-de-la-xxvi-carrera-del-abrigo-2025-sera-para-mexquitic-de-carmona\/\" \/>\n<meta property=\"og:site_name\" content=\"Canal 7 SLP - 2025\" \/>\n<meta property=\"article:publisher\" content=\"https:\/\/www.facebook.com\/noticieroscanal7atencionciudadana\/\" \/>\n<meta property=\"article:published_time\" content=\"2025-12-12T21:06:17+00:00\" \/>\n<meta property=\"og:image\" content=\"https:\/\/canal7slp.tv\/2025\/wp-content\/uploads\/2025\/12\/Froi01Carrera-1.jpg\" \/>\n\t<meta property=\"og:image:width\" content=\"1280\" \/>\n\t<meta property=\"og:image:height\" content=\"720\" \/>\n\t<meta property=\"og:image:type\" content=\"image\/jpeg\" \/>\n<meta name=\"author\" content=\"Edici\u00f3n Web\" \/>\n<meta name=\"twitter:card\" content=\"summary_large_image\" \/>\n<meta name=\"twitter:creator\" content=\"@NOTICIEROS7\" \/>\n<meta name=\"twitter:site\" content=\"@NOTICIEROS7\" \/>\n<meta name=\"twitter:label1\" content=\"Escrito por\" \/>\n\t<meta name=\"twitter:data1\" content=\"Edici\u00f3n Web\" \/>\n\t<meta name=\"twitter:label2\" content=\"Tiempo de lectura\" \/>\n\t<meta name=\"twitter:data2\" content=\"1 minuto\" \/>\n<script type=\"application\/ld+json\" class=\"yoast-schema-graph\">{\"@context\":\"https:\\\/\\\/schema.org\",\"@graph\":[{\"@type\":\"Article\",\"@id\":\"https:\\\/\\\/canal7slp.tv\\\/2025\\\/lo-recaudado-de-la-xxvi-carrera-del-abrigo-2025-sera-para-mexquitic-de-carmona\\\/#article\",\"isPartOf\":{\"@id\":\"https:\\\/\\\/canal7slp.tv\\\/2025\\\/lo-recaudado-de-la-xxvi-carrera-del-abrigo-2025-sera-para-mexquitic-de-carmona\\\/\"},\"author\":{\"name\":\"Edici\u00f3n Web\",\"@id\":\"https:\\\/\\\/canal7slp.tv\\\/2025\\\/#\\\/schema\\\/person\\\/271e2b60a96e7cc9d9ac296f4d7e414b\"},\"headline\":\"Lo recaudado de la XXVI Carrera del Abrigo 2025 ser\u00e1 para Mexquitic de Carmona\",\"datePublished\":\"2025-12-12T21:06:17+00:00\",\"mainEntityOfPage\":{\"@id\":\"https:\\\/\\\/canal7slp.tv\\\/2025\\\/lo-recaudado-de-la-xxvi-carrera-del-abrigo-2025-sera-para-mexquitic-de-carmona\\\/\"},\"wordCount\":158,\"publisher\":{\"@id\":\"https:\\\/\\\/canal7slp.tv\\\/2025\\\/#organization\"},\"image\":{\"@id\":\"https:\\\/\\\/canal7slp.tv\\\/2025\\\/lo-recaudado-de-la-xxvi-carrera-del-abrigo-2025-sera-para-mexquitic-de-carmona\\\/#primaryimage\"},\"thumbnailUrl\":\"https:\\\/\\\/canal7slp.tv\\\/2025\\\/wp-content\\\/uploads\\\/2025\\\/12\\\/Froi01Carrera-1.jpg\",\"articleSection\":[\"DEPORTES\",\"DESTACADAS\"],\"inLanguage\":\"es\"},{\"@type\":\"WebPage\",\"@id\":\"https:\\\/\\\/canal7slp.tv\\\/2025\\\/lo-recaudado-de-la-xxvi-carrera-del-abrigo-2025-sera-para-mexquitic-de-carmona\\\/\",\"url\":\"https:\\\/\\\/canal7slp.tv\\\/2025\\\/lo-recaudado-de-la-xxvi-carrera-del-abrigo-2025-sera-para-mexquitic-de-carmona\\\/\",\"name\":\"Lo recaudado de la XXVI Carrera del Abrigo 2025 ser\u00e1 para Mexquitic de Carmona - Canal 7 SLP - 2025\",\"isPartOf\":{\"@id\":\"https:\\\/\\\/canal7slp.tv\\\/2025\\\/#website\"},\"primaryImageOfPage\":{\"@id\":\"https:\\\/\\\/canal7slp.tv\\\/2025\\\/lo-recaudado-de-la-xxvi-carrera-del-abrigo-2025-sera-para-mexquitic-de-carmona\\\/#primaryimage\"},\"image\":{\"@id\":\"https:\\\/\\\/canal7slp.tv\\\/2025\\\/lo-recaudado-de-la-xxvi-carrera-del-abrigo-2025-sera-para-mexquitic-de-carmona\\\/#primaryimage\"},\"thumbnailUrl\":\"https:\\\/\\\/canal7slp.tv\\\/2025\\\/wp-content\\\/uploads\\\/2025\\\/12\\\/Froi01Carrera-1.jpg\",\"datePublished\":\"2025-12-12T21:06:17+00:00\",\"breadcrumb\":{\"@id\":\"https:\\\/\\\/canal7slp.tv\\\/2025\\\/lo-recaudado-de-la-xxvi-carrera-del-abrigo-2025-sera-para-mexquitic-de-carmona\\\/#breadcrumb\"},\"inLanguage\":\"es\",\"potentialAction\":[{\"@type\":\"ReadAction\",\"target\":[\"https:\\\/\\\/canal7slp.tv\\\/2025\\\/lo-recaudado-de-la-xxvi-carrera-del-abrigo-2025-sera-para-mexquitic-de-carmona\\\/\"]}]},{\"@type\":\"ImageObject\",\"inLanguage\":\"es\",\"@id\":\"https:\\\/\\\/canal7slp.tv\\\/2025\\\/lo-recaudado-de-la-xxvi-carrera-del-abrigo-2025-sera-para-mexquitic-de-carmona\\\/#primaryimage\",\"url\":\"https:\\\/\\\/canal7slp.tv\\\/2025\\\/wp-content\\\/uploads\\\/2025\\\/12\\\/Froi01Carrera-1.jpg\",\"contentUrl\":\"https:\\\/\\\/canal7slp.tv\\\/2025\\\/wp-content\\\/uploads\\\/2025\\\/12\\\/Froi01Carrera-1.jpg\",\"width\":1280,\"height\":720},{\"@type\":\"BreadcrumbList\",\"@id\":\"https:\\\/\\\/canal7slp.tv\\\/2025\\\/lo-recaudado-de-la-xxvi-carrera-del-abrigo-2025-sera-para-mexquitic-de-carmona\\\/#breadcrumb\",\"itemListElement\":[{\"@type\":\"ListItem\",\"position\":1,\"name\":\"Portada\",\"item\":\"https:\\\/\\\/canal7slp.tv\\\/2025\\\/\"},{\"@type\":\"ListItem\",\"position\":2,\"name\":\"Lo recaudado de la XXVI Carrera del Abrigo 2025 ser\u00e1 para Mexquitic de Carmona\"}]},{\"@type\":\"WebSite\",\"@id\":\"https:\\\/\\\/canal7slp.tv\\\/2025\\\/#website\",\"url\":\"https:\\\/\\\/canal7slp.tv\\\/2025\\\/\",\"name\":\"N7 - Noticieros Canal 7\",\"description\":\"Somos el Medio\",\"publisher\":{\"@id\":\"https:\\\/\\\/canal7slp.tv\\\/2025\\\/#organization\"},\"potentialAction\":[{\"@type\":\"SearchAction\",\"target\":{\"@type\":\"EntryPoint\",\"urlTemplate\":\"https:\\\/\\\/canal7slp.tv\\\/2025\\\/?s={search_term_string}\"},\"query-input\":{\"@type\":\"PropertyValueSpecification\",\"valueRequired\":true,\"valueName\":\"search_term_string\"}}],\"inLanguage\":\"es\"},{\"@type\":\"Organization\",\"@id\":\"https:\\\/\\\/canal7slp.tv\\\/2025\\\/#organization\",\"name\":\"Noticieros Canal 7\",\"url\":\"https:\\\/\\\/canal7slp.tv\\\/2025\\\/\",\"logo\":{\"@type\":\"ImageObject\",\"inLanguage\":\"es\",\"@id\":\"https:\\\/\\\/canal7slp.tv\\\/2025\\\/#\\\/schema\\\/logo\\\/image\\\/\",\"url\":\"https:\\\/\\\/canal7slp.tv\\\/2025\\\/wp-content\\\/uploads\\\/2021\\\/01\\\/logo-noticieros@2x.png\",\"contentUrl\":\"https:\\\/\\\/canal7slp.tv\\\/2025\\\/wp-content\\\/uploads\\\/2021\\\/01\\\/logo-noticieros@2x.png\",\"width\":1017,\"height\":268,\"caption\":\"Noticieros Canal 7\"},\"image\":{\"@id\":\"https:\\\/\\\/canal7slp.tv\\\/2025\\\/#\\\/schema\\\/logo\\\/image\\\/\"},\"sameAs\":[\"https:\\\/\\\/www.facebook.com\\\/noticieroscanal7atencionciudadana\\\/\",\"https:\\\/\\\/x.com\\\/NOTICIEROS7\",\"https:\\\/\\\/www.instagram.com\\\/canal7_slp\",\"https:\\\/\\\/www.youtube.com\\\/channel\\\/UCliiYs-gP3JfJeqdPrNdd5A\"]},{\"@type\":\"Person\",\"@id\":\"https:\\\/\\\/canal7slp.tv\\\/2025\\\/#\\\/schema\\\/person\\\/271e2b60a96e7cc9d9ac296f4d7e414b\",\"name\":\"Edici\u00f3n Web\",\"image\":{\"@type\":\"ImageObject\",\"inLanguage\":\"es\",\"@id\":\"https:\\\/\\\/secure.gravatar.com\\\/avatar\\\/eee448fc3f7164808013b816ba91ac7e43bbe82a70bebac296f8bc6f0addaa1a?s=96&d=mm&r=g\",\"url\":\"https:\\\/\\\/secure.gravatar.com\\\/avatar\\\/eee448fc3f7164808013b816ba91ac7e43bbe82a70bebac296f8bc6f0addaa1a?s=96&d=mm&r=g\",\"contentUrl\":\"https:\\\/\\\/secure.gravatar.com\\\/avatar\\\/eee448fc3f7164808013b816ba91ac7e43bbe82a70bebac296f8bc6f0addaa1a?s=96&d=mm&r=g\",\"caption\":\"Edici\u00f3n Web\"},\"url\":\"https:\\\/\\\/canal7slp.tv\\\/2025\\\/author\\\/edicionweb\\\/\"}]}<\/script>\n<!-- \/ Yoast SEO plugin. -->","yoast_head_json":{"title":"Lo recaudado de la XXVI Carrera del Abrigo 2025 ser\u00e1 para Mexquitic de Carmona - Canal 7 SLP - 2025","robots":{"index":"index","follow":"follow","max-snippet":"max-snippet:-1","max-image-preview":"max-image-preview:large","max-video-preview":"max-video-preview:-1"},"canonical":"https:\/\/canal7slp.tv\/2025\/lo-recaudado-de-la-xxvi-carrera-del-abrigo-2025-sera-para-mexquitic-de-carmona\/","og_locale":"es_ES","og_type":"article","og_title":"Lo recaudado de la XXVI Carrera del Abrigo 2025 ser\u00e1 para Mexquitic de Carmona - Canal 7 SLP - 2025","og_description":"SLP.- Sera este 14 de diciembre a partir de las 8:00 horas que se realice la Carrera Atl\u00e9tica \u201cDel Abrigo \u2013 Ursus Mu\u00f1oz\u201d, con distancias a de 3 y 8 kil\u00f3metros a recorrer, que tiene como objetivo recaudar ropa abrigadora. El costo de inscripci\u00f3n es donar una o varias prendas abrigadoras, ya sea ropa o cobijas que est\u00e9 en buen estado, no importa la talla ni tama\u00f1o, ya que ser\u00e1 para ni\u00f1os, j\u00f3venes o adultos. El donativo en especie lo podr\u00e1n entregar media hora antes de que inicie la carrera el mismo domingo 14. Para esta vig\u00e9simo sexta edici\u00f3n lo [&hellip;]","og_url":"https:\/\/canal7slp.tv\/2025\/lo-recaudado-de-la-xxvi-carrera-del-abrigo-2025-sera-para-mexquitic-de-carmona\/","og_site_name":"Canal 7 SLP - 2025","article_publisher":"https:\/\/www.facebook.com\/noticieroscanal7atencionciudadana\/","article_published_time":"2025-12-12T21:06:17+00:00","og_image":[{"width":1280,"height":720,"url":"https:\/\/canal7slp.tv\/2025\/wp-content\/uploads\/2025\/12\/Froi01Carrera-1.jpg","type":"image\/jpeg"}],"author":"Edici\u00f3n Web","twitter_card":"summary_large_image","twitter_creator":"@NOTICIEROS7","twitter_site":"@NOTICIEROS7","twitter_misc":{"Escrito por":"Edici\u00f3n Web","Tiempo de lectura":"1 minuto"},"schema":{"@context":"https:\/\/schema.org","@graph":[{"@type":"Article","@id":"https:\/\/canal7slp.tv\/2025\/lo-recaudado-de-la-xxvi-carrera-del-abrigo-2025-sera-para-mexquitic-de-carmona\/#article","isPartOf":{"@id":"https:\/\/canal7slp.tv\/2025\/lo-recaudado-de-la-xxvi-carrera-del-abrigo-2025-sera-para-mexquitic-de-carmona\/"},"author":{"name":"Edici\u00f3n Web","@id":"https:\/\/canal7slp.tv\/2025\/#\/schema\/person\/271e2b60a96e7cc9d9ac296f4d7e414b"},"headline":"Lo recaudado de la XXVI Carrera del Abrigo 2025 ser\u00e1 para Mexquitic de Carmona","datePublished":"2025-12-12T21:06:17+00:00","mainEntityOfPage":{"@id":"https:\/\/canal7slp.tv\/2025\/lo-recaudado-de-la-xxvi-carrera-del-abrigo-2025-sera-para-mexquitic-de-carmona\/"},"wordCount":158,"publisher":{"@id":"https:\/\/canal7slp.tv\/2025\/#organization"},"image":{"@id":"https:\/\/canal7slp.tv\/2025\/lo-recaudado-de-la-xxvi-carrera-del-abrigo-2025-sera-para-mexquitic-de-carmona\/#primaryimage"},"thumbnailUrl":"https:\/\/canal7slp.tv\/2025\/wp-content\/uploads\/2025\/12\/Froi01Carrera-1.jpg","articleSection":["DEPORTES","DESTACADAS"],"inLanguage":"es"},{"@type":"WebPage","@id":"https:\/\/canal7slp.tv\/2025\/lo-recaudado-de-la-xxvi-carrera-del-abrigo-2025-sera-para-mexquitic-de-carmona\/","url":"https:\/\/canal7slp.tv\/2025\/lo-recaudado-de-la-xxvi-carrera-del-abrigo-2025-sera-para-mexquitic-de-carmona\/","name":"Lo recaudado de la XXVI Carrera del Abrigo 2025 ser\u00e1 para Mexquitic de Carmona - Canal 7 SLP - 2025","isPartOf":{"@id":"https:\/\/canal7slp.tv\/2025\/#website"},"primaryImageOfPage":{"@id":"https:\/\/canal7slp.tv\/2025\/lo-recaudado-de-la-xxvi-carrera-del-abrigo-2025-sera-para-mexquitic-de-carmona\/#primaryimage"},"image":{"@id":"https:\/\/canal7slp.tv\/2025\/lo-recaudado-de-la-xxvi-carrera-del-abrigo-2025-sera-para-mexquitic-de-carmona\/#primaryimage"},"thumbnailUrl":"https:\/\/canal7slp.tv\/2025\/wp-content\/uploads\/2025\/12\/Froi01Carrera-1.jpg","datePublished":"2025-12-12T21:06:17+00:00","breadcrumb":{"@id":"https:\/\/canal7slp.tv\/2025\/lo-recaudado-de-la-xxvi-carrera-del-abrigo-2025-sera-para-mexquitic-de-carmona\/#breadcrumb"},"inLanguage":"es","potentialAction":[{"@type":"ReadAction","target":["https:\/\/canal7slp.tv\/2025\/lo-recaudado-de-la-xxvi-carrera-del-abrigo-2025-sera-para-mexquitic-de-carmona\/"]}]},{"@type":"ImageObject","inLanguage":"es","@id":"https:\/\/canal7slp.tv\/2025\/lo-recaudado-de-la-xxvi-carrera-del-abrigo-2025-sera-para-mexquitic-de-carmona\/#primaryimage","url":"https:\/\/canal7slp.tv\/2025\/wp-content\/uploads\/2025\/12\/Froi01Carrera-1.jpg","contentUrl":"https:\/\/canal7slp.tv\/2025\/wp-content\/uploads\/2025\/12\/Froi01Carrera-1.jpg","width":1280,"height":720},{"@type":"BreadcrumbList","@id":"https:\/\/canal7slp.tv\/2025\/lo-recaudado-de-la-xxvi-carrera-del-abrigo-2025-sera-para-mexquitic-de-carmona\/#breadcrumb","itemListElement":[{"@type":"ListItem","position":1,"name":"Portada","item":"https:\/\/canal7slp.tv\/2025\/"},{"@type":"ListItem","position":2,"name":"Lo recaudado de la XXVI Carrera del Abrigo 2025 ser\u00e1 para Mexquitic de Carmona"}]},{"@type":"WebSite","@id":"https:\/\/canal7slp.tv\/2025\/#website","url":"https:\/\/canal7slp.tv\/2025\/","name":"N7 - Noticieros Canal 7","description":"Somos el Medio","publisher":{"@id":"https:\/\/canal7slp.tv\/2025\/#organization"},"potentialAction":[{"@type":"SearchAction","target":{"@type":"EntryPoint","urlTemplate":"https:\/\/canal7slp.tv\/2025\/?s={search_term_string}"},"query-input":{"@type":"PropertyValueSpecification","valueRequired":true,"valueName":"search_term_string"}}],"inLanguage":"es"},{"@type":"Organization","@id":"https:\/\/canal7slp.tv\/2025\/#organization","name":"Noticieros Canal 7","url":"https:\/\/canal7slp.tv\/2025\/","logo":{"@type":"ImageObject","inLanguage":"es","@id":"https:\/\/canal7slp.tv\/2025\/#\/schema\/logo\/image\/","url":"https:\/\/canal7slp.tv\/2025\/wp-content\/uploads\/2021\/01\/logo-noticieros@2x.png","contentUrl":"https:\/\/canal7slp.tv\/2025\/wp-content\/uploads\/2021\/01\/logo-noticieros@2x.png","width":1017,"height":268,"caption":"Noticieros Canal 7"},"image":{"@id":"https:\/\/canal7slp.tv\/2025\/#\/schema\/logo\/image\/"},"sameAs":["https:\/\/www.facebook.com\/noticieroscanal7atencionciudadana\/","https:\/\/x.com\/NOTICIEROS7","https:\/\/www.instagram.com\/canal7_slp","https:\/\/www.youtube.com\/channel\/UCliiYs-gP3JfJeqdPrNdd5A"]},{"@type":"Person","@id":"https:\/\/canal7slp.tv\/2025\/#\/schema\/person\/271e2b60a96e7cc9d9ac296f4d7e414b","name":"Edici\u00f3n Web","image":{"@type":"ImageObject","inLanguage":"es","@id":"https:\/\/secure.gravatar.com\/avatar\/eee448fc3f7164808013b816ba91ac7e43bbe82a70bebac296f8bc6f0addaa1a?s=96&d=mm&r=g","url":"https:\/\/secure.gravatar.com\/avatar\/eee448fc3f7164808013b816ba91ac7e43bbe82a70bebac296f8bc6f0addaa1a?s=96&d=mm&r=g","contentUrl":"https:\/\/secure.gravatar.com\/avatar\/eee448fc3f7164808013b816ba91ac7e43bbe82a70bebac296f8bc6f0addaa1a?s=96&d=mm&r=g","caption":"Edici\u00f3n Web"},"url":"https:\/\/canal7slp.tv\/2025\/author\/edicionweb\/"}]}},"_links":{"self":[{"href":"https:\/\/canal7slp.tv\/2025\/wp-json\/wp\/v2\/posts\/187668","targetHints":{"allow":["GET"]}}],"collection":[{"href":"https:\/\/canal7slp.tv\/2025\/wp-json\/wp\/v2\/posts"}],"about":[{"href":"https:\/\/canal7slp.tv\/2025\/wp-json\/wp\/v2\/types\/post"}],"author":[{"embeddable":true,"href":"https:\/\/canal7slp.tv\/2025\/wp-json\/wp\/v2\/users\/2"}],"replies":[{"embeddable":true,"href":"https:\/\/canal7slp.tv\/2025\/wp-json\/wp\/v2\/comments?post=187668"}],"version-history":[{"count":1,"href":"https:\/\/canal7slp.tv\/2025\/wp-json\/wp\/v2\/posts\/187668\/revisions"}],"predecessor-version":[{"id":187671,"href":"https:\/\/canal7slp.tv\/2025\/wp-json\/wp\/v2\/posts\/187668\/revisions\/187671"}],"wp:featuredmedia":[{"embeddable":true,"href":"https:\/\/canal7slp.tv\/2025\/wp-json\/wp\/v2\/media\/187670"}],"wp:attachment":[{"href":"https:\/\/canal7slp.tv\/2025\/wp-json\/wp\/v2\/media?parent=187668"}],"wp:term":[{"taxonomy":"category","embeddable":true,"href":"https:\/\/canal7slp.tv\/2025\/wp-json\/wp\/v2\/categories?post=187668"},{"taxonomy":"post_tag","embeddable":true,"href":"https:\/\/canal7slp.tv\/2025\/wp-json\/wp\/v2\/tags?post=187668"}],"curies":[{"name":"wp","href":"https:\/\/api.w.org\/{rel}","templated":true}]}}