{"id":187655,"date":"2025-12-12T13:47:39","date_gmt":"2025-12-12T19:47:39","guid":{"rendered":"https:\/\/canal7slp.tv\/2025\/?p=187655"},"modified":"2025-12-12T13:47:39","modified_gmt":"2025-12-12T19:47:39","slug":"entra-en-vigor-la-nueva-ley-general-de-aguas","status":"publish","type":"post","link":"https:\/\/canal7slp.tv\/2025\/entra-en-vigor-la-nueva-ley-general-de-aguas\/","title":{"rendered":"Entra en vigor la nueva Ley General de Aguas"},"content":{"rendered":"<p style=\"text-align: justify;\">M\u00e9xico.- Este 12 de diciembre entr\u00f3 en vigor la Ley General de Aguas, tras ser publicada en el Diario Oficial de la Federaci\u00f3n.<\/p>\n<p style=\"text-align: justify;\">La nueva legislaci\u00f3n, reglamentaria del derecho humano al agua establecido en la Constituci\u00f3n, reforma y adiciona diversas disposiciones de la anterior Ley de Aguas Nacionales.<\/p>\n<p style=\"text-align: justify;\">La ley tiene como objetivo definir el contenido del derecho humano al agua y establecer las bases para garantizar su acceso equitativo y uso sustentable.<\/p>\n<p style=\"text-align: justify;\">Entre sus prop\u00f3sitos destacan:<\/p>\n<ul style=\"text-align: justify;\">\n<li>Garantizar el acceso, disposici\u00f3n y saneamiento del agua para consumo personal y dom\u00e9stico.<\/li>\n<li>Establecer las competencias y casos de concurrencia entre la Federaci\u00f3n, los estados y los municipios en la materia.<\/li>\n<li>Definir mecanismos de participaci\u00f3n ciudadana en el acceso y uso sustentable del agua.<\/li>\n<li>Fortalecer las bases de operaci\u00f3n de los servicios p\u00fablicos de agua y saneamiento.<\/li>\n<li>Incorporar perspectivas de g\u00e9nero, discapacidad, interculturalidad y enfoque ecosist\u00e9mico en las pol\u00edticas p\u00fablicas del agua.<\/li>\n<\/ul>\n<p style=\"text-align: justify;\">La ley busca promover una gesti\u00f3n integral y sustentable de los recursos h\u00eddricos, en concordancia con los tratados internacionales en materia de derechos humanos de los que M\u00e9xico es parte.<\/p>\n","protected":false},"excerpt":{"rendered":"<p>M\u00e9xico.- Este 12 de diciembre entr\u00f3 en vigor la Ley General de Aguas, tras ser publicada en el Diario Oficial de la Federaci\u00f3n. La nueva legislaci\u00f3n, reglamentaria del derecho humano al agua establecido en la Constituci\u00f3n, reforma y adiciona diversas disposiciones de la anterior Ley de Aguas Nacionales. La ley tiene como objetivo definir el contenido del derecho humano al agua y establecer las bases para garantizar su acceso equitativo y uso sustentable. Entre sus prop\u00f3sitos destacan: Garantizar el acceso, disposici\u00f3n y saneamiento del agua para consumo personal y dom\u00e9stico. Establecer las competencias y casos de concurrencia entre la Federaci\u00f3n, [&hellip;]<\/p>\n","protected":false},"author":2,"featured_media":187656,"comment_status":"closed","ping_status":"closed","sticky":false,"template":"","format":"standard","meta":{"_monsterinsights_skip_tracking":false,"_monsterinsights_sitenote_active":false,"_monsterinsights_sitenote_note":"","_monsterinsights_sitenote_category":0,"footnotes":""},"categories":[46],"tags":[],"class_list":["post-187655","post","type-post","status-publish","format-standard","has-post-thumbnail","hentry","category-nacional","post--single"],"yoast_head":"<!-- This site is optimized with the Yoast SEO plugin v27.5 - https:\/\/yoast.com\/product\/yoast-seo-wordpress\/ -->\n<title>Entra en vigor la nueva Ley General de Aguas - Canal 7 SLP - 2025<\/title>\n<meta name=\"robots\" content=\"index, follow, max-snippet:-1, max-image-preview:large, max-video-preview:-1\" \/>\n<link rel=\"canonical\" href=\"https:\/\/canal7slp.tv\/2025\/entra-en-vigor-la-nueva-ley-general-de-aguas\/\" \/>\n<meta property=\"og:locale\" content=\"es_ES\" \/>\n<meta property=\"og:type\" content=\"article\" \/>\n<meta property=\"og:title\" content=\"Entra en vigor la nueva Ley General de Aguas - Canal 7 SLP - 2025\" \/>\n<meta property=\"og:description\" content=\"M\u00e9xico.- Este 12 de diciembre entr\u00f3 en vigor la Ley General de Aguas, tras ser publicada en el Diario Oficial de la Federaci\u00f3n. La nueva legislaci\u00f3n, reglamentaria del derecho humano al agua establecido en la Constituci\u00f3n, reforma y adiciona diversas disposiciones de la anterior Ley de Aguas Nacionales. La ley tiene como objetivo definir el contenido del derecho humano al agua y establecer las bases para garantizar su acceso equitativo y uso sustentable. Entre sus prop\u00f3sitos destacan: Garantizar el acceso, disposici\u00f3n y saneamiento del agua para consumo personal y dom\u00e9stico. Establecer las competencias y casos de concurrencia entre la Federaci\u00f3n, [&hellip;]\" \/>\n<meta property=\"og:url\" content=\"https:\/\/canal7slp.tv\/2025\/entra-en-vigor-la-nueva-ley-general-de-aguas\/\" \/>\n<meta property=\"og:site_name\" content=\"Canal 7 SLP - 2025\" \/>\n<meta property=\"article:publisher\" content=\"https:\/\/www.facebook.com\/noticieroscanal7atencionciudadana\/\" \/>\n<meta property=\"article:published_time\" content=\"2025-12-12T19:47:39+00:00\" \/>\n<meta property=\"og:image\" content=\"https:\/\/canal7slp.tv\/2025\/wp-content\/uploads\/2025\/12\/02-11.jpg\" \/>\n\t<meta property=\"og:image:width\" content=\"801\" \/>\n\t<meta property=\"og:image:height\" content=\"450\" \/>\n\t<meta property=\"og:image:type\" content=\"image\/jpeg\" \/>\n<meta name=\"author\" content=\"Edici\u00f3n Web\" \/>\n<meta name=\"twitter:card\" content=\"summary_large_image\" \/>\n<meta name=\"twitter:creator\" content=\"@NOTICIEROS7\" \/>\n<meta name=\"twitter:site\" content=\"@NOTICIEROS7\" \/>\n<meta name=\"twitter:label1\" content=\"Escrito por\" \/>\n\t<meta name=\"twitter:data1\" content=\"Edici\u00f3n Web\" \/>\n\t<meta name=\"twitter:label2\" content=\"Tiempo de lectura\" \/>\n\t<meta name=\"twitter:data2\" content=\"2 minutos\" \/>\n<script type=\"application\/ld+json\" class=\"yoast-schema-graph\">{\"@context\":\"https:\\\/\\\/schema.org\",\"@graph\":[{\"@type\":\"Article\",\"@id\":\"https:\\\/\\\/canal7slp.tv\\\/2025\\\/entra-en-vigor-la-nueva-ley-general-de-aguas\\\/#article\",\"isPartOf\":{\"@id\":\"https:\\\/\\\/canal7slp.tv\\\/2025\\\/entra-en-vigor-la-nueva-ley-general-de-aguas\\\/\"},\"author\":{\"name\":\"Edici\u00f3n Web\",\"@id\":\"https:\\\/\\\/canal7slp.tv\\\/2025\\\/#\\\/schema\\\/person\\\/271e2b60a96e7cc9d9ac296f4d7e414b\"},\"headline\":\"Entra en vigor la nueva Ley General de Aguas\",\"datePublished\":\"2025-12-12T19:47:39+00:00\",\"mainEntityOfPage\":{\"@id\":\"https:\\\/\\\/canal7slp.tv\\\/2025\\\/entra-en-vigor-la-nueva-ley-general-de-aguas\\\/\"},\"wordCount\":206,\"publisher\":{\"@id\":\"https:\\\/\\\/canal7slp.tv\\\/2025\\\/#organization\"},\"image\":{\"@id\":\"https:\\\/\\\/canal7slp.tv\\\/2025\\\/entra-en-vigor-la-nueva-ley-general-de-aguas\\\/#primaryimage\"},\"thumbnailUrl\":\"https:\\\/\\\/canal7slp.tv\\\/2025\\\/wp-content\\\/uploads\\\/2025\\\/12\\\/02-11.jpg\",\"articleSection\":[\"NACIONALES\"],\"inLanguage\":\"es\"},{\"@type\":\"WebPage\",\"@id\":\"https:\\\/\\\/canal7slp.tv\\\/2025\\\/entra-en-vigor-la-nueva-ley-general-de-aguas\\\/\",\"url\":\"https:\\\/\\\/canal7slp.tv\\\/2025\\\/entra-en-vigor-la-nueva-ley-general-de-aguas\\\/\",\"name\":\"Entra en vigor la nueva Ley General de Aguas - Canal 7 SLP - 2025\",\"isPartOf\":{\"@id\":\"https:\\\/\\\/canal7slp.tv\\\/2025\\\/#website\"},\"primaryImageOfPage\":{\"@id\":\"https:\\\/\\\/canal7slp.tv\\\/2025\\\/entra-en-vigor-la-nueva-ley-general-de-aguas\\\/#primaryimage\"},\"image\":{\"@id\":\"https:\\\/\\\/canal7slp.tv\\\/2025\\\/entra-en-vigor-la-nueva-ley-general-de-aguas\\\/#primaryimage\"},\"thumbnailUrl\":\"https:\\\/\\\/canal7slp.tv\\\/2025\\\/wp-content\\\/uploads\\\/2025\\\/12\\\/02-11.jpg\",\"datePublished\":\"2025-12-12T19:47:39+00:00\",\"breadcrumb\":{\"@id\":\"https:\\\/\\\/canal7slp.tv\\\/2025\\\/entra-en-vigor-la-nueva-ley-general-de-aguas\\\/#breadcrumb\"},\"inLanguage\":\"es\",\"potentialAction\":[{\"@type\":\"ReadAction\",\"target\":[\"https:\\\/\\\/canal7slp.tv\\\/2025\\\/entra-en-vigor-la-nueva-ley-general-de-aguas\\\/\"]}]},{\"@type\":\"ImageObject\",\"inLanguage\":\"es\",\"@id\":\"https:\\\/\\\/canal7slp.tv\\\/2025\\\/entra-en-vigor-la-nueva-ley-general-de-aguas\\\/#primaryimage\",\"url\":\"https:\\\/\\\/canal7slp.tv\\\/2025\\\/wp-content\\\/uploads\\\/2025\\\/12\\\/02-11.jpg\",\"contentUrl\":\"https:\\\/\\\/canal7slp.tv\\\/2025\\\/wp-content\\\/uploads\\\/2025\\\/12\\\/02-11.jpg\",\"width\":801,\"height\":450},{\"@type\":\"BreadcrumbList\",\"@id\":\"https:\\\/\\\/canal7slp.tv\\\/2025\\\/entra-en-vigor-la-nueva-ley-general-de-aguas\\\/#breadcrumb\",\"itemListElement\":[{\"@type\":\"ListItem\",\"position\":1,\"name\":\"Portada\",\"item\":\"https:\\\/\\\/canal7slp.tv\\\/2025\\\/\"},{\"@type\":\"ListItem\",\"position\":2,\"name\":\"Entra en vigor la nueva Ley General de Aguas\"}]},{\"@type\":\"WebSite\",\"@id\":\"https:\\\/\\\/canal7slp.tv\\\/2025\\\/#website\",\"url\":\"https:\\\/\\\/canal7slp.tv\\\/2025\\\/\",\"name\":\"N7 - Noticieros Canal 7\",\"description\":\"Somos el Medio\",\"publisher\":{\"@id\":\"https:\\\/\\\/canal7slp.tv\\\/2025\\\/#organization\"},\"potentialAction\":[{\"@type\":\"SearchAction\",\"target\":{\"@type\":\"EntryPoint\",\"urlTemplate\":\"https:\\\/\\\/canal7slp.tv\\\/2025\\\/?s={search_term_string}\"},\"query-input\":{\"@type\":\"PropertyValueSpecification\",\"valueRequired\":true,\"valueName\":\"search_term_string\"}}],\"inLanguage\":\"es\"},{\"@type\":\"Organization\",\"@id\":\"https:\\\/\\\/canal7slp.tv\\\/2025\\\/#organization\",\"name\":\"Noticieros Canal 7\",\"url\":\"https:\\\/\\\/canal7slp.tv\\\/2025\\\/\",\"logo\":{\"@type\":\"ImageObject\",\"inLanguage\":\"es\",\"@id\":\"https:\\\/\\\/canal7slp.tv\\\/2025\\\/#\\\/schema\\\/logo\\\/image\\\/\",\"url\":\"https:\\\/\\\/canal7slp.tv\\\/2025\\\/wp-content\\\/uploads\\\/2021\\\/01\\\/logo-noticieros@2x.png\",\"contentUrl\":\"https:\\\/\\\/canal7slp.tv\\\/2025\\\/wp-content\\\/uploads\\\/2021\\\/01\\\/logo-noticieros@2x.png\",\"width\":1017,\"height\":268,\"caption\":\"Noticieros Canal 7\"},\"image\":{\"@id\":\"https:\\\/\\\/canal7slp.tv\\\/2025\\\/#\\\/schema\\\/logo\\\/image\\\/\"},\"sameAs\":[\"https:\\\/\\\/www.facebook.com\\\/noticieroscanal7atencionciudadana\\\/\",\"https:\\\/\\\/x.com\\\/NOTICIEROS7\",\"https:\\\/\\\/www.instagram.com\\\/canal7_slp\",\"https:\\\/\\\/www.youtube.com\\\/channel\\\/UCliiYs-gP3JfJeqdPrNdd5A\"]},{\"@type\":\"Person\",\"@id\":\"https:\\\/\\\/canal7slp.tv\\\/2025\\\/#\\\/schema\\\/person\\\/271e2b60a96e7cc9d9ac296f4d7e414b\",\"name\":\"Edici\u00f3n Web\",\"image\":{\"@type\":\"ImageObject\",\"inLanguage\":\"es\",\"@id\":\"https:\\\/\\\/secure.gravatar.com\\\/avatar\\\/eee448fc3f7164808013b816ba91ac7e43bbe82a70bebac296f8bc6f0addaa1a?s=96&d=mm&r=g\",\"url\":\"https:\\\/\\\/secure.gravatar.com\\\/avatar\\\/eee448fc3f7164808013b816ba91ac7e43bbe82a70bebac296f8bc6f0addaa1a?s=96&d=mm&r=g\",\"contentUrl\":\"https:\\\/\\\/secure.gravatar.com\\\/avatar\\\/eee448fc3f7164808013b816ba91ac7e43bbe82a70bebac296f8bc6f0addaa1a?s=96&d=mm&r=g\",\"caption\":\"Edici\u00f3n Web\"},\"url\":\"https:\\\/\\\/canal7slp.tv\\\/2025\\\/author\\\/edicionweb\\\/\"}]}<\/script>\n<!-- \/ Yoast SEO plugin. -->","yoast_head_json":{"title":"Entra en vigor la nueva Ley General de Aguas - Canal 7 SLP - 2025","robots":{"index":"index","follow":"follow","max-snippet":"max-snippet:-1","max-image-preview":"max-image-preview:large","max-video-preview":"max-video-preview:-1"},"canonical":"https:\/\/canal7slp.tv\/2025\/entra-en-vigor-la-nueva-ley-general-de-aguas\/","og_locale":"es_ES","og_type":"article","og_title":"Entra en vigor la nueva Ley General de Aguas - Canal 7 SLP - 2025","og_description":"M\u00e9xico.- Este 12 de diciembre entr\u00f3 en vigor la Ley General de Aguas, tras ser publicada en el Diario Oficial de la Federaci\u00f3n. La nueva legislaci\u00f3n, reglamentaria del derecho humano al agua establecido en la Constituci\u00f3n, reforma y adiciona diversas disposiciones de la anterior Ley de Aguas Nacionales. La ley tiene como objetivo definir el contenido del derecho humano al agua y establecer las bases para garantizar su acceso equitativo y uso sustentable. Entre sus prop\u00f3sitos destacan: Garantizar el acceso, disposici\u00f3n y saneamiento del agua para consumo personal y dom\u00e9stico. Establecer las competencias y casos de concurrencia entre la Federaci\u00f3n, [&hellip;]","og_url":"https:\/\/canal7slp.tv\/2025\/entra-en-vigor-la-nueva-ley-general-de-aguas\/","og_site_name":"Canal 7 SLP - 2025","article_publisher":"https:\/\/www.facebook.com\/noticieroscanal7atencionciudadana\/","article_published_time":"2025-12-12T19:47:39+00:00","og_image":[{"width":801,"height":450,"url":"https:\/\/canal7slp.tv\/2025\/wp-content\/uploads\/2025\/12\/02-11.jpg","type":"image\/jpeg"}],"author":"Edici\u00f3n Web","twitter_card":"summary_large_image","twitter_creator":"@NOTICIEROS7","twitter_site":"@NOTICIEROS7","twitter_misc":{"Escrito por":"Edici\u00f3n Web","Tiempo de lectura":"2 minutos"},"schema":{"@context":"https:\/\/schema.org","@graph":[{"@type":"Article","@id":"https:\/\/canal7slp.tv\/2025\/entra-en-vigor-la-nueva-ley-general-de-aguas\/#article","isPartOf":{"@id":"https:\/\/canal7slp.tv\/2025\/entra-en-vigor-la-nueva-ley-general-de-aguas\/"},"author":{"name":"Edici\u00f3n Web","@id":"https:\/\/canal7slp.tv\/2025\/#\/schema\/person\/271e2b60a96e7cc9d9ac296f4d7e414b"},"headline":"Entra en vigor la nueva Ley General de Aguas","datePublished":"2025-12-12T19:47:39+00:00","mainEntityOfPage":{"@id":"https:\/\/canal7slp.tv\/2025\/entra-en-vigor-la-nueva-ley-general-de-aguas\/"},"wordCount":206,"publisher":{"@id":"https:\/\/canal7slp.tv\/2025\/#organization"},"image":{"@id":"https:\/\/canal7slp.tv\/2025\/entra-en-vigor-la-nueva-ley-general-de-aguas\/#primaryimage"},"thumbnailUrl":"https:\/\/canal7slp.tv\/2025\/wp-content\/uploads\/2025\/12\/02-11.jpg","articleSection":["NACIONALES"],"inLanguage":"es"},{"@type":"WebPage","@id":"https:\/\/canal7slp.tv\/2025\/entra-en-vigor-la-nueva-ley-general-de-aguas\/","url":"https:\/\/canal7slp.tv\/2025\/entra-en-vigor-la-nueva-ley-general-de-aguas\/","name":"Entra en vigor la nueva Ley General de Aguas - Canal 7 SLP - 2025","isPartOf":{"@id":"https:\/\/canal7slp.tv\/2025\/#website"},"primaryImageOfPage":{"@id":"https:\/\/canal7slp.tv\/2025\/entra-en-vigor-la-nueva-ley-general-de-aguas\/#primaryimage"},"image":{"@id":"https:\/\/canal7slp.tv\/2025\/entra-en-vigor-la-nueva-ley-general-de-aguas\/#primaryimage"},"thumbnailUrl":"https:\/\/canal7slp.tv\/2025\/wp-content\/uploads\/2025\/12\/02-11.jpg","datePublished":"2025-12-12T19:47:39+00:00","breadcrumb":{"@id":"https:\/\/canal7slp.tv\/2025\/entra-en-vigor-la-nueva-ley-general-de-aguas\/#breadcrumb"},"inLanguage":"es","potentialAction":[{"@type":"ReadAction","target":["https:\/\/canal7slp.tv\/2025\/entra-en-vigor-la-nueva-ley-general-de-aguas\/"]}]},{"@type":"ImageObject","inLanguage":"es","@id":"https:\/\/canal7slp.tv\/2025\/entra-en-vigor-la-nueva-ley-general-de-aguas\/#primaryimage","url":"https:\/\/canal7slp.tv\/2025\/wp-content\/uploads\/2025\/12\/02-11.jpg","contentUrl":"https:\/\/canal7slp.tv\/2025\/wp-content\/uploads\/2025\/12\/02-11.jpg","width":801,"height":450},{"@type":"BreadcrumbList","@id":"https:\/\/canal7slp.tv\/2025\/entra-en-vigor-la-nueva-ley-general-de-aguas\/#breadcrumb","itemListElement":[{"@type":"ListItem","position":1,"name":"Portada","item":"https:\/\/canal7slp.tv\/2025\/"},{"@type":"ListItem","position":2,"name":"Entra en vigor la nueva Ley General de Aguas"}]},{"@type":"WebSite","@id":"https:\/\/canal7slp.tv\/2025\/#website","url":"https:\/\/canal7slp.tv\/2025\/","name":"N7 - Noticieros Canal 7","description":"Somos el Medio","publisher":{"@id":"https:\/\/canal7slp.tv\/2025\/#organization"},"potentialAction":[{"@type":"SearchAction","target":{"@type":"EntryPoint","urlTemplate":"https:\/\/canal7slp.tv\/2025\/?s={search_term_string}"},"query-input":{"@type":"PropertyValueSpecification","valueRequired":true,"valueName":"search_term_string"}}],"inLanguage":"es"},{"@type":"Organization","@id":"https:\/\/canal7slp.tv\/2025\/#organization","name":"Noticieros Canal 7","url":"https:\/\/canal7slp.tv\/2025\/","logo":{"@type":"ImageObject","inLanguage":"es","@id":"https:\/\/canal7slp.tv\/2025\/#\/schema\/logo\/image\/","url":"https:\/\/canal7slp.tv\/2025\/wp-content\/uploads\/2021\/01\/logo-noticieros@2x.png","contentUrl":"https:\/\/canal7slp.tv\/2025\/wp-content\/uploads\/2021\/01\/logo-noticieros@2x.png","width":1017,"height":268,"caption":"Noticieros Canal 7"},"image":{"@id":"https:\/\/canal7slp.tv\/2025\/#\/schema\/logo\/image\/"},"sameAs":["https:\/\/www.facebook.com\/noticieroscanal7atencionciudadana\/","https:\/\/x.com\/NOTICIEROS7","https:\/\/www.instagram.com\/canal7_slp","https:\/\/www.youtube.com\/channel\/UCliiYs-gP3JfJeqdPrNdd5A"]},{"@type":"Person","@id":"https:\/\/canal7slp.tv\/2025\/#\/schema\/person\/271e2b60a96e7cc9d9ac296f4d7e414b","name":"Edici\u00f3n Web","image":{"@type":"ImageObject","inLanguage":"es","@id":"https:\/\/secure.gravatar.com\/avatar\/eee448fc3f7164808013b816ba91ac7e43bbe82a70bebac296f8bc6f0addaa1a?s=96&d=mm&r=g","url":"https:\/\/secure.gravatar.com\/avatar\/eee448fc3f7164808013b816ba91ac7e43bbe82a70bebac296f8bc6f0addaa1a?s=96&d=mm&r=g","contentUrl":"https:\/\/secure.gravatar.com\/avatar\/eee448fc3f7164808013b816ba91ac7e43bbe82a70bebac296f8bc6f0addaa1a?s=96&d=mm&r=g","caption":"Edici\u00f3n Web"},"url":"https:\/\/canal7slp.tv\/2025\/author\/edicionweb\/"}]}},"_links":{"self":[{"href":"https:\/\/canal7slp.tv\/2025\/wp-json\/wp\/v2\/posts\/187655","targetHints":{"allow":["GET"]}}],"collection":[{"href":"https:\/\/canal7slp.tv\/2025\/wp-json\/wp\/v2\/posts"}],"about":[{"href":"https:\/\/canal7slp.tv\/2025\/wp-json\/wp\/v2\/types\/post"}],"author":[{"embeddable":true,"href":"https:\/\/canal7slp.tv\/2025\/wp-json\/wp\/v2\/users\/2"}],"replies":[{"embeddable":true,"href":"https:\/\/canal7slp.tv\/2025\/wp-json\/wp\/v2\/comments?post=187655"}],"version-history":[{"count":1,"href":"https:\/\/canal7slp.tv\/2025\/wp-json\/wp\/v2\/posts\/187655\/revisions"}],"predecessor-version":[{"id":187657,"href":"https:\/\/canal7slp.tv\/2025\/wp-json\/wp\/v2\/posts\/187655\/revisions\/187657"}],"wp:featuredmedia":[{"embeddable":true,"href":"https:\/\/canal7slp.tv\/2025\/wp-json\/wp\/v2\/media\/187656"}],"wp:attachment":[{"href":"https:\/\/canal7slp.tv\/2025\/wp-json\/wp\/v2\/media?parent=187655"}],"wp:term":[{"taxonomy":"category","embeddable":true,"href":"https:\/\/canal7slp.tv\/2025\/wp-json\/wp\/v2\/categories?post=187655"},{"taxonomy":"post_tag","embeddable":true,"href":"https:\/\/canal7slp.tv\/2025\/wp-json\/wp\/v2\/tags?post=187655"}],"curies":[{"name":"wp","href":"https:\/\/api.w.org\/{rel}","templated":true}]}}