{"id":187636,"date":"2025-12-11T21:48:02","date_gmt":"2025-12-12T03:48:02","guid":{"rendered":"https:\/\/canal7slp.tv\/2025\/?p=187636"},"modified":"2025-12-11T21:48:02","modified_gmt":"2025-12-12T03:48:02","slug":"exgobernador-de-nayarit-ney-gonzalez-sanchez-profugo-desde-2022-es-localizado-en-el-extranjero","status":"publish","type":"post","link":"https:\/\/canal7slp.tv\/2025\/exgobernador-de-nayarit-ney-gonzalez-sanchez-profugo-desde-2022-es-localizado-en-el-extranjero\/","title":{"rendered":"Exgobernador de Nayarit, Ney Gonz\u00e1lez S\u00e1nchez -pr\u00f3fugo desde 2022- es localizado en el extranjero"},"content":{"rendered":"<ul>\n<li>Autoridades iniciaron el proceso de extradici\u00f3n.<\/li>\n<\/ul>\n<p style=\"text-align: justify;\">Nayarit.- Autoridades de Nayarit confirmaron que se ha localizado al exgobernador Ney Gonz\u00e1lez S\u00e1nchez, pr\u00f3fugo desde 2022. La subfiscal estatal, Ludmila Heredia Verdugo, inform\u00f3 que el exmandatario se encuentra en un pa\u00eds de Am\u00e9rica del Norte y que ya se trabaja en el proceso legal para solicitar su extradici\u00f3n, aunque no revel\u00f3 la ubicaci\u00f3n exacta.<\/p>\n<p style=\"text-align: justify;\" data-start=\"1353\" data-end=\"1794\">Heredia Verdugo detall\u00f3 que esta es la primera vez que las autoridades tienen certeza sobre el paradero del exgobernador, luego de a\u00f1os de especulaci\u00f3n. Explic\u00f3 que los amparos promovidos por Gonz\u00e1lez S\u00e1nchez han sido rechazados por jueces de distrito, quienes determinaron que los alegatos sobre prescripci\u00f3n deben resolverse dentro del juicio correspondiente, lo que implica que el exmandatario debe presentarse ante la autoridad judicial.<\/p>\n<p style=\"text-align: justify;\" data-start=\"1796\" data-end=\"2107\">Ney Gonz\u00e1lez, quien gobern\u00f3 Nayarit entre 2005 y 2011, es investigado por administraci\u00f3n fraudulenta, ejercicio indebido de funciones, tr\u00e1fico de influencias, operaciones con recursos de procedencia il\u00edcita y fraude. La subfiscal a\u00f1adi\u00f3 que tambi\u00e9n se le relaciona con empresas fantasma operadas por familiares.<\/p>\n<p style=\"text-align: justify;\" data-start=\"2109\" data-end=\"2402\">Respecto al proceso de extradici\u00f3n, indic\u00f3 que las autoridades del pa\u00eds donde se encuentra Gonz\u00e1lez S\u00e1nchez han solicitado acreditar el principio de doble criminalidad, es decir, que los hechos imputados sean delito en ambas naciones. Se\u00f1al\u00f3 que los avances en este tr\u00e1mite son significativos.<\/p>\n","protected":false},"excerpt":{"rendered":"<p>Autoridades iniciaron el proceso de extradici\u00f3n. Nayarit.- Autoridades de Nayarit confirmaron que se ha localizado al exgobernador Ney Gonz\u00e1lez S\u00e1nchez, pr\u00f3fugo desde 2022. La subfiscal estatal, Ludmila Heredia Verdugo, inform\u00f3 que el exmandatario se encuentra en un pa\u00eds de Am\u00e9rica del Norte y que ya se trabaja en el proceso legal para solicitar su extradici\u00f3n, aunque no revel\u00f3 la ubicaci\u00f3n exacta. Heredia Verdugo detall\u00f3 que esta es la primera vez que las autoridades tienen certeza sobre el paradero del exgobernador, luego de a\u00f1os de especulaci\u00f3n. Explic\u00f3 que los amparos promovidos por Gonz\u00e1lez S\u00e1nchez han sido rechazados por jueces de distrito, [&hellip;]<\/p>\n","protected":false},"author":2,"featured_media":187638,"comment_status":"closed","ping_status":"closed","sticky":false,"template":"","format":"standard","meta":{"_monsterinsights_skip_tracking":false,"_monsterinsights_sitenote_active":false,"_monsterinsights_sitenote_note":"","_monsterinsights_sitenote_category":0,"footnotes":""},"categories":[46],"tags":[],"class_list":["post-187636","post","type-post","status-publish","format-standard","has-post-thumbnail","hentry","category-nacional","post--single"],"yoast_head":"<!-- This site is optimized with the Yoast SEO plugin v27.4 - https:\/\/yoast.com\/product\/yoast-seo-wordpress\/ -->\n<title>Exgobernador de Nayarit, Ney Gonz\u00e1lez S\u00e1nchez -pr\u00f3fugo desde 2022- es localizado en el extranjero - Canal 7 SLP - 2025<\/title>\n<meta name=\"robots\" content=\"index, follow, max-snippet:-1, max-image-preview:large, max-video-preview:-1\" \/>\n<link rel=\"canonical\" href=\"https:\/\/canal7slp.tv\/2025\/exgobernador-de-nayarit-ney-gonzalez-sanchez-profugo-desde-2022-es-localizado-en-el-extranjero\/\" \/>\n<meta property=\"og:locale\" content=\"es_ES\" \/>\n<meta property=\"og:type\" content=\"article\" \/>\n<meta property=\"og:title\" content=\"Exgobernador de Nayarit, Ney Gonz\u00e1lez S\u00e1nchez -pr\u00f3fugo desde 2022- es localizado en el extranjero - Canal 7 SLP - 2025\" \/>\n<meta property=\"og:description\" content=\"Autoridades iniciaron el proceso de extradici\u00f3n. Nayarit.- Autoridades de Nayarit confirmaron que se ha localizado al exgobernador Ney Gonz\u00e1lez S\u00e1nchez, pr\u00f3fugo desde 2022. La subfiscal estatal, Ludmila Heredia Verdugo, inform\u00f3 que el exmandatario se encuentra en un pa\u00eds de Am\u00e9rica del Norte y que ya se trabaja en el proceso legal para solicitar su extradici\u00f3n, aunque no revel\u00f3 la ubicaci\u00f3n exacta. Heredia Verdugo detall\u00f3 que esta es la primera vez que las autoridades tienen certeza sobre el paradero del exgobernador, luego de a\u00f1os de especulaci\u00f3n. Explic\u00f3 que los amparos promovidos por Gonz\u00e1lez S\u00e1nchez han sido rechazados por jueces de distrito, [&hellip;]\" \/>\n<meta property=\"og:url\" content=\"https:\/\/canal7slp.tv\/2025\/exgobernador-de-nayarit-ney-gonzalez-sanchez-profugo-desde-2022-es-localizado-en-el-extranjero\/\" \/>\n<meta property=\"og:site_name\" content=\"Canal 7 SLP - 2025\" \/>\n<meta property=\"article:publisher\" content=\"https:\/\/www.facebook.com\/noticieroscanal7atencionciudadana\/\" \/>\n<meta property=\"article:published_time\" content=\"2025-12-12T03:48:02+00:00\" \/>\n<meta property=\"og:image\" content=\"https:\/\/canal7slp.tv\/2025\/wp-content\/uploads\/2025\/12\/12-2.jpg\" \/>\n\t<meta property=\"og:image:width\" content=\"974\" \/>\n\t<meta property=\"og:image:height\" content=\"675\" \/>\n\t<meta property=\"og:image:type\" content=\"image\/jpeg\" \/>\n<meta name=\"author\" content=\"Edici\u00f3n Web\" \/>\n<meta name=\"twitter:card\" content=\"summary_large_image\" \/>\n<meta name=\"twitter:creator\" content=\"@NOTICIEROS7\" \/>\n<meta name=\"twitter:site\" content=\"@NOTICIEROS7\" \/>\n<meta name=\"twitter:label1\" content=\"Escrito por\" \/>\n\t<meta name=\"twitter:data1\" content=\"Edici\u00f3n Web\" \/>\n\t<meta name=\"twitter:label2\" content=\"Tiempo de lectura\" \/>\n\t<meta name=\"twitter:data2\" content=\"2 minutos\" \/>\n<script type=\"application\/ld+json\" class=\"yoast-schema-graph\">{\"@context\":\"https:\\\/\\\/schema.org\",\"@graph\":[{\"@type\":\"Article\",\"@id\":\"https:\\\/\\\/canal7slp.tv\\\/2025\\\/exgobernador-de-nayarit-ney-gonzalez-sanchez-profugo-desde-2022-es-localizado-en-el-extranjero\\\/#article\",\"isPartOf\":{\"@id\":\"https:\\\/\\\/canal7slp.tv\\\/2025\\\/exgobernador-de-nayarit-ney-gonzalez-sanchez-profugo-desde-2022-es-localizado-en-el-extranjero\\\/\"},\"author\":{\"name\":\"Edici\u00f3n Web\",\"@id\":\"https:\\\/\\\/canal7slp.tv\\\/2025\\\/#\\\/schema\\\/person\\\/271e2b60a96e7cc9d9ac296f4d7e414b\"},\"headline\":\"Exgobernador de Nayarit, Ney Gonz\u00e1lez S\u00e1nchez -pr\u00f3fugo desde 2022- es localizado en el extranjero\",\"datePublished\":\"2025-12-12T03:48:02+00:00\",\"mainEntityOfPage\":{\"@id\":\"https:\\\/\\\/canal7slp.tv\\\/2025\\\/exgobernador-de-nayarit-ney-gonzalez-sanchez-profugo-desde-2022-es-localizado-en-el-extranjero\\\/\"},\"wordCount\":252,\"publisher\":{\"@id\":\"https:\\\/\\\/canal7slp.tv\\\/2025\\\/#organization\"},\"image\":{\"@id\":\"https:\\\/\\\/canal7slp.tv\\\/2025\\\/exgobernador-de-nayarit-ney-gonzalez-sanchez-profugo-desde-2022-es-localizado-en-el-extranjero\\\/#primaryimage\"},\"thumbnailUrl\":\"https:\\\/\\\/canal7slp.tv\\\/2025\\\/wp-content\\\/uploads\\\/2025\\\/12\\\/12-2.jpg\",\"articleSection\":[\"NACIONALES\"],\"inLanguage\":\"es\"},{\"@type\":\"WebPage\",\"@id\":\"https:\\\/\\\/canal7slp.tv\\\/2025\\\/exgobernador-de-nayarit-ney-gonzalez-sanchez-profugo-desde-2022-es-localizado-en-el-extranjero\\\/\",\"url\":\"https:\\\/\\\/canal7slp.tv\\\/2025\\\/exgobernador-de-nayarit-ney-gonzalez-sanchez-profugo-desde-2022-es-localizado-en-el-extranjero\\\/\",\"name\":\"Exgobernador de Nayarit, Ney Gonz\u00e1lez S\u00e1nchez -pr\u00f3fugo desde 2022- es localizado en el extranjero - Canal 7 SLP - 2025\",\"isPartOf\":{\"@id\":\"https:\\\/\\\/canal7slp.tv\\\/2025\\\/#website\"},\"primaryImageOfPage\":{\"@id\":\"https:\\\/\\\/canal7slp.tv\\\/2025\\\/exgobernador-de-nayarit-ney-gonzalez-sanchez-profugo-desde-2022-es-localizado-en-el-extranjero\\\/#primaryimage\"},\"image\":{\"@id\":\"https:\\\/\\\/canal7slp.tv\\\/2025\\\/exgobernador-de-nayarit-ney-gonzalez-sanchez-profugo-desde-2022-es-localizado-en-el-extranjero\\\/#primaryimage\"},\"thumbnailUrl\":\"https:\\\/\\\/canal7slp.tv\\\/2025\\\/wp-content\\\/uploads\\\/2025\\\/12\\\/12-2.jpg\",\"datePublished\":\"2025-12-12T03:48:02+00:00\",\"breadcrumb\":{\"@id\":\"https:\\\/\\\/canal7slp.tv\\\/2025\\\/exgobernador-de-nayarit-ney-gonzalez-sanchez-profugo-desde-2022-es-localizado-en-el-extranjero\\\/#breadcrumb\"},\"inLanguage\":\"es\",\"potentialAction\":[{\"@type\":\"ReadAction\",\"target\":[\"https:\\\/\\\/canal7slp.tv\\\/2025\\\/exgobernador-de-nayarit-ney-gonzalez-sanchez-profugo-desde-2022-es-localizado-en-el-extranjero\\\/\"]}]},{\"@type\":\"ImageObject\",\"inLanguage\":\"es\",\"@id\":\"https:\\\/\\\/canal7slp.tv\\\/2025\\\/exgobernador-de-nayarit-ney-gonzalez-sanchez-profugo-desde-2022-es-localizado-en-el-extranjero\\\/#primaryimage\",\"url\":\"https:\\\/\\\/canal7slp.tv\\\/2025\\\/wp-content\\\/uploads\\\/2025\\\/12\\\/12-2.jpg\",\"contentUrl\":\"https:\\\/\\\/canal7slp.tv\\\/2025\\\/wp-content\\\/uploads\\\/2025\\\/12\\\/12-2.jpg\",\"width\":974,\"height\":675},{\"@type\":\"BreadcrumbList\",\"@id\":\"https:\\\/\\\/canal7slp.tv\\\/2025\\\/exgobernador-de-nayarit-ney-gonzalez-sanchez-profugo-desde-2022-es-localizado-en-el-extranjero\\\/#breadcrumb\",\"itemListElement\":[{\"@type\":\"ListItem\",\"position\":1,\"name\":\"Portada\",\"item\":\"https:\\\/\\\/canal7slp.tv\\\/2025\\\/\"},{\"@type\":\"ListItem\",\"position\":2,\"name\":\"Exgobernador de Nayarit, Ney Gonz\u00e1lez S\u00e1nchez -pr\u00f3fugo desde 2022- es localizado en el extranjero\"}]},{\"@type\":\"WebSite\",\"@id\":\"https:\\\/\\\/canal7slp.tv\\\/2025\\\/#website\",\"url\":\"https:\\\/\\\/canal7slp.tv\\\/2025\\\/\",\"name\":\"N7 - Noticieros Canal 7\",\"description\":\"Somos el Medio\",\"publisher\":{\"@id\":\"https:\\\/\\\/canal7slp.tv\\\/2025\\\/#organization\"},\"potentialAction\":[{\"@type\":\"SearchAction\",\"target\":{\"@type\":\"EntryPoint\",\"urlTemplate\":\"https:\\\/\\\/canal7slp.tv\\\/2025\\\/?s={search_term_string}\"},\"query-input\":{\"@type\":\"PropertyValueSpecification\",\"valueRequired\":true,\"valueName\":\"search_term_string\"}}],\"inLanguage\":\"es\"},{\"@type\":\"Organization\",\"@id\":\"https:\\\/\\\/canal7slp.tv\\\/2025\\\/#organization\",\"name\":\"Noticieros Canal 7\",\"url\":\"https:\\\/\\\/canal7slp.tv\\\/2025\\\/\",\"logo\":{\"@type\":\"ImageObject\",\"inLanguage\":\"es\",\"@id\":\"https:\\\/\\\/canal7slp.tv\\\/2025\\\/#\\\/schema\\\/logo\\\/image\\\/\",\"url\":\"https:\\\/\\\/canal7slp.tv\\\/2025\\\/wp-content\\\/uploads\\\/2021\\\/01\\\/logo-noticieros@2x.png\",\"contentUrl\":\"https:\\\/\\\/canal7slp.tv\\\/2025\\\/wp-content\\\/uploads\\\/2021\\\/01\\\/logo-noticieros@2x.png\",\"width\":1017,\"height\":268,\"caption\":\"Noticieros Canal 7\"},\"image\":{\"@id\":\"https:\\\/\\\/canal7slp.tv\\\/2025\\\/#\\\/schema\\\/logo\\\/image\\\/\"},\"sameAs\":[\"https:\\\/\\\/www.facebook.com\\\/noticieroscanal7atencionciudadana\\\/\",\"https:\\\/\\\/x.com\\\/NOTICIEROS7\",\"https:\\\/\\\/www.instagram.com\\\/canal7_slp\",\"https:\\\/\\\/www.youtube.com\\\/channel\\\/UCliiYs-gP3JfJeqdPrNdd5A\"]},{\"@type\":\"Person\",\"@id\":\"https:\\\/\\\/canal7slp.tv\\\/2025\\\/#\\\/schema\\\/person\\\/271e2b60a96e7cc9d9ac296f4d7e414b\",\"name\":\"Edici\u00f3n Web\",\"image\":{\"@type\":\"ImageObject\",\"inLanguage\":\"es\",\"@id\":\"https:\\\/\\\/secure.gravatar.com\\\/avatar\\\/eee448fc3f7164808013b816ba91ac7e43bbe82a70bebac296f8bc6f0addaa1a?s=96&d=mm&r=g\",\"url\":\"https:\\\/\\\/secure.gravatar.com\\\/avatar\\\/eee448fc3f7164808013b816ba91ac7e43bbe82a70bebac296f8bc6f0addaa1a?s=96&d=mm&r=g\",\"contentUrl\":\"https:\\\/\\\/secure.gravatar.com\\\/avatar\\\/eee448fc3f7164808013b816ba91ac7e43bbe82a70bebac296f8bc6f0addaa1a?s=96&d=mm&r=g\",\"caption\":\"Edici\u00f3n Web\"},\"url\":\"https:\\\/\\\/canal7slp.tv\\\/2025\\\/author\\\/edicionweb\\\/\"}]}<\/script>\n<!-- \/ Yoast SEO plugin. -->","yoast_head_json":{"title":"Exgobernador de Nayarit, Ney Gonz\u00e1lez S\u00e1nchez -pr\u00f3fugo desde 2022- es localizado en el extranjero - Canal 7 SLP - 2025","robots":{"index":"index","follow":"follow","max-snippet":"max-snippet:-1","max-image-preview":"max-image-preview:large","max-video-preview":"max-video-preview:-1"},"canonical":"https:\/\/canal7slp.tv\/2025\/exgobernador-de-nayarit-ney-gonzalez-sanchez-profugo-desde-2022-es-localizado-en-el-extranjero\/","og_locale":"es_ES","og_type":"article","og_title":"Exgobernador de Nayarit, Ney Gonz\u00e1lez S\u00e1nchez -pr\u00f3fugo desde 2022- es localizado en el extranjero - Canal 7 SLP - 2025","og_description":"Autoridades iniciaron el proceso de extradici\u00f3n. Nayarit.- Autoridades de Nayarit confirmaron que se ha localizado al exgobernador Ney Gonz\u00e1lez S\u00e1nchez, pr\u00f3fugo desde 2022. La subfiscal estatal, Ludmila Heredia Verdugo, inform\u00f3 que el exmandatario se encuentra en un pa\u00eds de Am\u00e9rica del Norte y que ya se trabaja en el proceso legal para solicitar su extradici\u00f3n, aunque no revel\u00f3 la ubicaci\u00f3n exacta. Heredia Verdugo detall\u00f3 que esta es la primera vez que las autoridades tienen certeza sobre el paradero del exgobernador, luego de a\u00f1os de especulaci\u00f3n. Explic\u00f3 que los amparos promovidos por Gonz\u00e1lez S\u00e1nchez han sido rechazados por jueces de distrito, [&hellip;]","og_url":"https:\/\/canal7slp.tv\/2025\/exgobernador-de-nayarit-ney-gonzalez-sanchez-profugo-desde-2022-es-localizado-en-el-extranjero\/","og_site_name":"Canal 7 SLP - 2025","article_publisher":"https:\/\/www.facebook.com\/noticieroscanal7atencionciudadana\/","article_published_time":"2025-12-12T03:48:02+00:00","og_image":[{"width":974,"height":675,"url":"https:\/\/canal7slp.tv\/2025\/wp-content\/uploads\/2025\/12\/12-2.jpg","type":"image\/jpeg"}],"author":"Edici\u00f3n Web","twitter_card":"summary_large_image","twitter_creator":"@NOTICIEROS7","twitter_site":"@NOTICIEROS7","twitter_misc":{"Escrito por":"Edici\u00f3n Web","Tiempo de lectura":"2 minutos"},"schema":{"@context":"https:\/\/schema.org","@graph":[{"@type":"Article","@id":"https:\/\/canal7slp.tv\/2025\/exgobernador-de-nayarit-ney-gonzalez-sanchez-profugo-desde-2022-es-localizado-en-el-extranjero\/#article","isPartOf":{"@id":"https:\/\/canal7slp.tv\/2025\/exgobernador-de-nayarit-ney-gonzalez-sanchez-profugo-desde-2022-es-localizado-en-el-extranjero\/"},"author":{"name":"Edici\u00f3n Web","@id":"https:\/\/canal7slp.tv\/2025\/#\/schema\/person\/271e2b60a96e7cc9d9ac296f4d7e414b"},"headline":"Exgobernador de Nayarit, Ney Gonz\u00e1lez S\u00e1nchez -pr\u00f3fugo desde 2022- es localizado en el extranjero","datePublished":"2025-12-12T03:48:02+00:00","mainEntityOfPage":{"@id":"https:\/\/canal7slp.tv\/2025\/exgobernador-de-nayarit-ney-gonzalez-sanchez-profugo-desde-2022-es-localizado-en-el-extranjero\/"},"wordCount":252,"publisher":{"@id":"https:\/\/canal7slp.tv\/2025\/#organization"},"image":{"@id":"https:\/\/canal7slp.tv\/2025\/exgobernador-de-nayarit-ney-gonzalez-sanchez-profugo-desde-2022-es-localizado-en-el-extranjero\/#primaryimage"},"thumbnailUrl":"https:\/\/canal7slp.tv\/2025\/wp-content\/uploads\/2025\/12\/12-2.jpg","articleSection":["NACIONALES"],"inLanguage":"es"},{"@type":"WebPage","@id":"https:\/\/canal7slp.tv\/2025\/exgobernador-de-nayarit-ney-gonzalez-sanchez-profugo-desde-2022-es-localizado-en-el-extranjero\/","url":"https:\/\/canal7slp.tv\/2025\/exgobernador-de-nayarit-ney-gonzalez-sanchez-profugo-desde-2022-es-localizado-en-el-extranjero\/","name":"Exgobernador de Nayarit, Ney Gonz\u00e1lez S\u00e1nchez -pr\u00f3fugo desde 2022- es localizado en el extranjero - Canal 7 SLP - 2025","isPartOf":{"@id":"https:\/\/canal7slp.tv\/2025\/#website"},"primaryImageOfPage":{"@id":"https:\/\/canal7slp.tv\/2025\/exgobernador-de-nayarit-ney-gonzalez-sanchez-profugo-desde-2022-es-localizado-en-el-extranjero\/#primaryimage"},"image":{"@id":"https:\/\/canal7slp.tv\/2025\/exgobernador-de-nayarit-ney-gonzalez-sanchez-profugo-desde-2022-es-localizado-en-el-extranjero\/#primaryimage"},"thumbnailUrl":"https:\/\/canal7slp.tv\/2025\/wp-content\/uploads\/2025\/12\/12-2.jpg","datePublished":"2025-12-12T03:48:02+00:00","breadcrumb":{"@id":"https:\/\/canal7slp.tv\/2025\/exgobernador-de-nayarit-ney-gonzalez-sanchez-profugo-desde-2022-es-localizado-en-el-extranjero\/#breadcrumb"},"inLanguage":"es","potentialAction":[{"@type":"ReadAction","target":["https:\/\/canal7slp.tv\/2025\/exgobernador-de-nayarit-ney-gonzalez-sanchez-profugo-desde-2022-es-localizado-en-el-extranjero\/"]}]},{"@type":"ImageObject","inLanguage":"es","@id":"https:\/\/canal7slp.tv\/2025\/exgobernador-de-nayarit-ney-gonzalez-sanchez-profugo-desde-2022-es-localizado-en-el-extranjero\/#primaryimage","url":"https:\/\/canal7slp.tv\/2025\/wp-content\/uploads\/2025\/12\/12-2.jpg","contentUrl":"https:\/\/canal7slp.tv\/2025\/wp-content\/uploads\/2025\/12\/12-2.jpg","width":974,"height":675},{"@type":"BreadcrumbList","@id":"https:\/\/canal7slp.tv\/2025\/exgobernador-de-nayarit-ney-gonzalez-sanchez-profugo-desde-2022-es-localizado-en-el-extranjero\/#breadcrumb","itemListElement":[{"@type":"ListItem","position":1,"name":"Portada","item":"https:\/\/canal7slp.tv\/2025\/"},{"@type":"ListItem","position":2,"name":"Exgobernador de Nayarit, Ney Gonz\u00e1lez S\u00e1nchez -pr\u00f3fugo desde 2022- es localizado en el extranjero"}]},{"@type":"WebSite","@id":"https:\/\/canal7slp.tv\/2025\/#website","url":"https:\/\/canal7slp.tv\/2025\/","name":"N7 - Noticieros Canal 7","description":"Somos el Medio","publisher":{"@id":"https:\/\/canal7slp.tv\/2025\/#organization"},"potentialAction":[{"@type":"SearchAction","target":{"@type":"EntryPoint","urlTemplate":"https:\/\/canal7slp.tv\/2025\/?s={search_term_string}"},"query-input":{"@type":"PropertyValueSpecification","valueRequired":true,"valueName":"search_term_string"}}],"inLanguage":"es"},{"@type":"Organization","@id":"https:\/\/canal7slp.tv\/2025\/#organization","name":"Noticieros Canal 7","url":"https:\/\/canal7slp.tv\/2025\/","logo":{"@type":"ImageObject","inLanguage":"es","@id":"https:\/\/canal7slp.tv\/2025\/#\/schema\/logo\/image\/","url":"https:\/\/canal7slp.tv\/2025\/wp-content\/uploads\/2021\/01\/logo-noticieros@2x.png","contentUrl":"https:\/\/canal7slp.tv\/2025\/wp-content\/uploads\/2021\/01\/logo-noticieros@2x.png","width":1017,"height":268,"caption":"Noticieros Canal 7"},"image":{"@id":"https:\/\/canal7slp.tv\/2025\/#\/schema\/logo\/image\/"},"sameAs":["https:\/\/www.facebook.com\/noticieroscanal7atencionciudadana\/","https:\/\/x.com\/NOTICIEROS7","https:\/\/www.instagram.com\/canal7_slp","https:\/\/www.youtube.com\/channel\/UCliiYs-gP3JfJeqdPrNdd5A"]},{"@type":"Person","@id":"https:\/\/canal7slp.tv\/2025\/#\/schema\/person\/271e2b60a96e7cc9d9ac296f4d7e414b","name":"Edici\u00f3n Web","image":{"@type":"ImageObject","inLanguage":"es","@id":"https:\/\/secure.gravatar.com\/avatar\/eee448fc3f7164808013b816ba91ac7e43bbe82a70bebac296f8bc6f0addaa1a?s=96&d=mm&r=g","url":"https:\/\/secure.gravatar.com\/avatar\/eee448fc3f7164808013b816ba91ac7e43bbe82a70bebac296f8bc6f0addaa1a?s=96&d=mm&r=g","contentUrl":"https:\/\/secure.gravatar.com\/avatar\/eee448fc3f7164808013b816ba91ac7e43bbe82a70bebac296f8bc6f0addaa1a?s=96&d=mm&r=g","caption":"Edici\u00f3n Web"},"url":"https:\/\/canal7slp.tv\/2025\/author\/edicionweb\/"}]}},"_links":{"self":[{"href":"https:\/\/canal7slp.tv\/2025\/wp-json\/wp\/v2\/posts\/187636","targetHints":{"allow":["GET"]}}],"collection":[{"href":"https:\/\/canal7slp.tv\/2025\/wp-json\/wp\/v2\/posts"}],"about":[{"href":"https:\/\/canal7slp.tv\/2025\/wp-json\/wp\/v2\/types\/post"}],"author":[{"embeddable":true,"href":"https:\/\/canal7slp.tv\/2025\/wp-json\/wp\/v2\/users\/2"}],"replies":[{"embeddable":true,"href":"https:\/\/canal7slp.tv\/2025\/wp-json\/wp\/v2\/comments?post=187636"}],"version-history":[{"count":2,"href":"https:\/\/canal7slp.tv\/2025\/wp-json\/wp\/v2\/posts\/187636\/revisions"}],"predecessor-version":[{"id":187639,"href":"https:\/\/canal7slp.tv\/2025\/wp-json\/wp\/v2\/posts\/187636\/revisions\/187639"}],"wp:featuredmedia":[{"embeddable":true,"href":"https:\/\/canal7slp.tv\/2025\/wp-json\/wp\/v2\/media\/187638"}],"wp:attachment":[{"href":"https:\/\/canal7slp.tv\/2025\/wp-json\/wp\/v2\/media?parent=187636"}],"wp:term":[{"taxonomy":"category","embeddable":true,"href":"https:\/\/canal7slp.tv\/2025\/wp-json\/wp\/v2\/categories?post=187636"},{"taxonomy":"post_tag","embeddable":true,"href":"https:\/\/canal7slp.tv\/2025\/wp-json\/wp\/v2\/tags?post=187636"}],"curies":[{"name":"wp","href":"https:\/\/api.w.org\/{rel}","templated":true}]}}