{"id":187619,"date":"2025-12-12T13:27:42","date_gmt":"2025-12-12T19:27:42","guid":{"rendered":"https:\/\/canal7slp.tv\/2025\/?p=187619"},"modified":"2025-12-12T13:27:42","modified_gmt":"2025-12-12T19:27:42","slug":"falta-de-vivienda-cercana-a-industria-genero-alza-en-costos-de-transporte-de-personal-canadevi","status":"publish","type":"post","link":"https:\/\/canal7slp.tv\/2025\/falta-de-vivienda-cercana-a-industria-genero-alza-en-costos-de-transporte-de-personal-canadevi\/","title":{"rendered":"Falta de vivienda cercana a industria gener\u00f3 alza en costos de transporte de personal: CANADEVI"},"content":{"rendered":"<p style=\"text-align: justify;\">SLP.- La cantidad de trabajadores en espacios industriales de la zona metropolitana de San Luis Potos\u00ed ha provocado la necesidad de generar mayor vivienda, afirm\u00f3 presidente de la C\u00e1mara Nacional de la Industria de Desarrollo y Promoci\u00f3n de Vivienda, Francisco Torres Ocejo.<\/p>\n<p style=\"text-align: justify;\">\u201cQue la gente tiene que irse a municipios conurbados, que la gente no podemos importar trabajadores de otros municipios e incluso e otros estados, en la zona industrial ya traen gente de Guanajuato (\u2026) hace hora y media, dos horas, dos horas y media todos los d\u00edas en un cami\u00f3n\u201d.<\/p>\n<p style=\"text-align: justify;\">Ante la necesidad de trasladar personas por falta de vivienda, los costos de la renta de transporte de personal van a la alza.<\/p>\n<p style=\"text-align: justify;\">\u201cHace dos a\u00f1os, dos a\u00f1os y medio les costaban a las empresas cerca de 40 d\u00f3lares por trabajador al mes el transportarlos, hoy est\u00e1 en 84, 84 d\u00f3lares, m\u00e1s de doble\u201d.<\/p>\n<p style=\"text-align: justify;\">Adem\u00e1s del costo que representa, la calidad de vida del colaborador disminuye.<\/p>\n<p style=\"text-align: justify;\">\u201cEs mala calidad de vida para los trabajadores que se echan dos o tres horas de su vida en un cami\u00f3n, entonces tenemos que acercar la vivienda a las fuentes de trabajo para que los trabajadores puedan estar m\u00e1s cerca con su familia\u201d.<\/p>\n<p style=\"text-align: justify;\">Por: Jos\u00e9 Luis V\u00e1zquez<\/p>\n","protected":false},"excerpt":{"rendered":"<p>SLP.- La cantidad de trabajadores en espacios industriales de la zona metropolitana de San Luis Potos\u00ed ha provocado la necesidad de generar mayor vivienda, afirm\u00f3 presidente de la C\u00e1mara Nacional de la Industria de Desarrollo y Promoci\u00f3n de Vivienda, Francisco Torres Ocejo. \u201cQue la gente tiene que irse a municipios conurbados, que la gente no podemos importar trabajadores de otros municipios e incluso e otros estados, en la zona industrial ya traen gente de Guanajuato (\u2026) hace hora y media, dos horas, dos horas y media todos los d\u00edas en un cami\u00f3n\u201d. Ante la necesidad de trasladar personas por falta [&hellip;]<\/p>\n","protected":false},"author":2,"featured_media":187649,"comment_status":"closed","ping_status":"closed","sticky":false,"template":"","format":"video","meta":{"_monsterinsights_skip_tracking":false,"_monsterinsights_sitenote_active":false,"_monsterinsights_sitenote_note":"","_monsterinsights_sitenote_category":0,"footnotes":""},"categories":[5,45],"tags":[],"class_list":["post-187619","post","type-post","status-publish","format-video","has-post-thumbnail","hentry","category-destacadas","category-localesyregionales","post_format-post-format-video","post--single"],"yoast_head":"<!-- This site is optimized with the Yoast SEO plugin v27.5 - https:\/\/yoast.com\/product\/yoast-seo-wordpress\/ -->\n<title>Falta de vivienda cercana a industria gener\u00f3 alza en costos de transporte de personal: CANADEVI - Canal 7 SLP - 2025<\/title>\n<meta name=\"robots\" content=\"index, follow, max-snippet:-1, max-image-preview:large, max-video-preview:-1\" \/>\n<link rel=\"canonical\" href=\"https:\/\/canal7slp.tv\/2025\/falta-de-vivienda-cercana-a-industria-genero-alza-en-costos-de-transporte-de-personal-canadevi\/\" \/>\n<meta property=\"og:locale\" content=\"es_ES\" \/>\n<meta property=\"og:type\" content=\"article\" \/>\n<meta property=\"og:title\" content=\"Falta de vivienda cercana a industria gener\u00f3 alza en costos de transporte de personal: CANADEVI - Canal 7 SLP - 2025\" \/>\n<meta property=\"og:description\" content=\"SLP.- La cantidad de trabajadores en espacios industriales de la zona metropolitana de San Luis Potos\u00ed ha provocado la necesidad de generar mayor vivienda, afirm\u00f3 presidente de la C\u00e1mara Nacional de la Industria de Desarrollo y Promoci\u00f3n de Vivienda, Francisco Torres Ocejo. \u201cQue la gente tiene que irse a municipios conurbados, que la gente no podemos importar trabajadores de otros municipios e incluso e otros estados, en la zona industrial ya traen gente de Guanajuato (\u2026) hace hora y media, dos horas, dos horas y media todos los d\u00edas en un cami\u00f3n\u201d. Ante la necesidad de trasladar personas por falta [&hellip;]\" \/>\n<meta property=\"og:url\" content=\"https:\/\/canal7slp.tv\/2025\/falta-de-vivienda-cercana-a-industria-genero-alza-en-costos-de-transporte-de-personal-canadevi\/\" \/>\n<meta property=\"og:site_name\" content=\"Canal 7 SLP - 2025\" \/>\n<meta property=\"article:publisher\" content=\"https:\/\/www.facebook.com\/noticieroscanal7atencionciudadana\/\" \/>\n<meta property=\"article:published_time\" content=\"2025-12-12T19:27:42+00:00\" \/>\n<meta property=\"og:image\" content=\"https:\/\/canal7slp.tv\/2025\/wp-content\/uploads\/2025\/12\/Poky02TrabajadoresCanadevi.jpg\" \/>\n\t<meta property=\"og:image:width\" content=\"1280\" \/>\n\t<meta property=\"og:image:height\" content=\"720\" \/>\n\t<meta property=\"og:image:type\" content=\"image\/jpeg\" \/>\n<meta name=\"author\" content=\"Edici\u00f3n Web\" \/>\n<meta name=\"twitter:card\" content=\"summary_large_image\" \/>\n<meta name=\"twitter:creator\" content=\"@NOTICIEROS7\" \/>\n<meta name=\"twitter:site\" content=\"@NOTICIEROS7\" \/>\n<meta name=\"twitter:label1\" content=\"Escrito por\" \/>\n\t<meta name=\"twitter:data1\" content=\"Edici\u00f3n Web\" \/>\n\t<meta name=\"twitter:label2\" content=\"Tiempo de lectura\" \/>\n\t<meta name=\"twitter:data2\" content=\"1 minuto\" \/>\n<script type=\"application\/ld+json\" class=\"yoast-schema-graph\">{\"@context\":\"https:\\\/\\\/schema.org\",\"@graph\":[{\"@type\":\"Article\",\"@id\":\"https:\\\/\\\/canal7slp.tv\\\/2025\\\/falta-de-vivienda-cercana-a-industria-genero-alza-en-costos-de-transporte-de-personal-canadevi\\\/#article\",\"isPartOf\":{\"@id\":\"https:\\\/\\\/canal7slp.tv\\\/2025\\\/falta-de-vivienda-cercana-a-industria-genero-alza-en-costos-de-transporte-de-personal-canadevi\\\/\"},\"author\":{\"name\":\"Edici\u00f3n Web\",\"@id\":\"https:\\\/\\\/canal7slp.tv\\\/2025\\\/#\\\/schema\\\/person\\\/271e2b60a96e7cc9d9ac296f4d7e414b\"},\"headline\":\"Falta de vivienda cercana a industria gener\u00f3 alza en costos de transporte de personal: CANADEVI\",\"datePublished\":\"2025-12-12T19:27:42+00:00\",\"mainEntityOfPage\":{\"@id\":\"https:\\\/\\\/canal7slp.tv\\\/2025\\\/falta-de-vivienda-cercana-a-industria-genero-alza-en-costos-de-transporte-de-personal-canadevi\\\/\"},\"wordCount\":230,\"publisher\":{\"@id\":\"https:\\\/\\\/canal7slp.tv\\\/2025\\\/#organization\"},\"image\":{\"@id\":\"https:\\\/\\\/canal7slp.tv\\\/2025\\\/falta-de-vivienda-cercana-a-industria-genero-alza-en-costos-de-transporte-de-personal-canadevi\\\/#primaryimage\"},\"thumbnailUrl\":\"https:\\\/\\\/canal7slp.tv\\\/2025\\\/wp-content\\\/uploads\\\/2025\\\/12\\\/Poky02TrabajadoresCanadevi.jpg\",\"articleSection\":[\"DESTACADAS\",\"LOCALES Y REGIONALES\"],\"inLanguage\":\"es\"},{\"@type\":\"WebPage\",\"@id\":\"https:\\\/\\\/canal7slp.tv\\\/2025\\\/falta-de-vivienda-cercana-a-industria-genero-alza-en-costos-de-transporte-de-personal-canadevi\\\/\",\"url\":\"https:\\\/\\\/canal7slp.tv\\\/2025\\\/falta-de-vivienda-cercana-a-industria-genero-alza-en-costos-de-transporte-de-personal-canadevi\\\/\",\"name\":\"Falta de vivienda cercana a industria gener\u00f3 alza en costos de transporte de personal: CANADEVI - Canal 7 SLP - 2025\",\"isPartOf\":{\"@id\":\"https:\\\/\\\/canal7slp.tv\\\/2025\\\/#website\"},\"primaryImageOfPage\":{\"@id\":\"https:\\\/\\\/canal7slp.tv\\\/2025\\\/falta-de-vivienda-cercana-a-industria-genero-alza-en-costos-de-transporte-de-personal-canadevi\\\/#primaryimage\"},\"image\":{\"@id\":\"https:\\\/\\\/canal7slp.tv\\\/2025\\\/falta-de-vivienda-cercana-a-industria-genero-alza-en-costos-de-transporte-de-personal-canadevi\\\/#primaryimage\"},\"thumbnailUrl\":\"https:\\\/\\\/canal7slp.tv\\\/2025\\\/wp-content\\\/uploads\\\/2025\\\/12\\\/Poky02TrabajadoresCanadevi.jpg\",\"datePublished\":\"2025-12-12T19:27:42+00:00\",\"breadcrumb\":{\"@id\":\"https:\\\/\\\/canal7slp.tv\\\/2025\\\/falta-de-vivienda-cercana-a-industria-genero-alza-en-costos-de-transporte-de-personal-canadevi\\\/#breadcrumb\"},\"inLanguage\":\"es\",\"potentialAction\":[{\"@type\":\"ReadAction\",\"target\":[\"https:\\\/\\\/canal7slp.tv\\\/2025\\\/falta-de-vivienda-cercana-a-industria-genero-alza-en-costos-de-transporte-de-personal-canadevi\\\/\"]}]},{\"@type\":\"ImageObject\",\"inLanguage\":\"es\",\"@id\":\"https:\\\/\\\/canal7slp.tv\\\/2025\\\/falta-de-vivienda-cercana-a-industria-genero-alza-en-costos-de-transporte-de-personal-canadevi\\\/#primaryimage\",\"url\":\"https:\\\/\\\/canal7slp.tv\\\/2025\\\/wp-content\\\/uploads\\\/2025\\\/12\\\/Poky02TrabajadoresCanadevi.jpg\",\"contentUrl\":\"https:\\\/\\\/canal7slp.tv\\\/2025\\\/wp-content\\\/uploads\\\/2025\\\/12\\\/Poky02TrabajadoresCanadevi.jpg\",\"width\":1280,\"height\":720},{\"@type\":\"BreadcrumbList\",\"@id\":\"https:\\\/\\\/canal7slp.tv\\\/2025\\\/falta-de-vivienda-cercana-a-industria-genero-alza-en-costos-de-transporte-de-personal-canadevi\\\/#breadcrumb\",\"itemListElement\":[{\"@type\":\"ListItem\",\"position\":1,\"name\":\"Portada\",\"item\":\"https:\\\/\\\/canal7slp.tv\\\/2025\\\/\"},{\"@type\":\"ListItem\",\"position\":2,\"name\":\"Falta de vivienda cercana a industria gener\u00f3 alza en costos de transporte de personal: CANADEVI\"}]},{\"@type\":\"WebSite\",\"@id\":\"https:\\\/\\\/canal7slp.tv\\\/2025\\\/#website\",\"url\":\"https:\\\/\\\/canal7slp.tv\\\/2025\\\/\",\"name\":\"N7 - Noticieros Canal 7\",\"description\":\"Somos el Medio\",\"publisher\":{\"@id\":\"https:\\\/\\\/canal7slp.tv\\\/2025\\\/#organization\"},\"potentialAction\":[{\"@type\":\"SearchAction\",\"target\":{\"@type\":\"EntryPoint\",\"urlTemplate\":\"https:\\\/\\\/canal7slp.tv\\\/2025\\\/?s={search_term_string}\"},\"query-input\":{\"@type\":\"PropertyValueSpecification\",\"valueRequired\":true,\"valueName\":\"search_term_string\"}}],\"inLanguage\":\"es\"},{\"@type\":\"Organization\",\"@id\":\"https:\\\/\\\/canal7slp.tv\\\/2025\\\/#organization\",\"name\":\"Noticieros Canal 7\",\"url\":\"https:\\\/\\\/canal7slp.tv\\\/2025\\\/\",\"logo\":{\"@type\":\"ImageObject\",\"inLanguage\":\"es\",\"@id\":\"https:\\\/\\\/canal7slp.tv\\\/2025\\\/#\\\/schema\\\/logo\\\/image\\\/\",\"url\":\"https:\\\/\\\/canal7slp.tv\\\/2025\\\/wp-content\\\/uploads\\\/2021\\\/01\\\/logo-noticieros@2x.png\",\"contentUrl\":\"https:\\\/\\\/canal7slp.tv\\\/2025\\\/wp-content\\\/uploads\\\/2021\\\/01\\\/logo-noticieros@2x.png\",\"width\":1017,\"height\":268,\"caption\":\"Noticieros Canal 7\"},\"image\":{\"@id\":\"https:\\\/\\\/canal7slp.tv\\\/2025\\\/#\\\/schema\\\/logo\\\/image\\\/\"},\"sameAs\":[\"https:\\\/\\\/www.facebook.com\\\/noticieroscanal7atencionciudadana\\\/\",\"https:\\\/\\\/x.com\\\/NOTICIEROS7\",\"https:\\\/\\\/www.instagram.com\\\/canal7_slp\",\"https:\\\/\\\/www.youtube.com\\\/channel\\\/UCliiYs-gP3JfJeqdPrNdd5A\"]},{\"@type\":\"Person\",\"@id\":\"https:\\\/\\\/canal7slp.tv\\\/2025\\\/#\\\/schema\\\/person\\\/271e2b60a96e7cc9d9ac296f4d7e414b\",\"name\":\"Edici\u00f3n Web\",\"image\":{\"@type\":\"ImageObject\",\"inLanguage\":\"es\",\"@id\":\"https:\\\/\\\/secure.gravatar.com\\\/avatar\\\/eee448fc3f7164808013b816ba91ac7e43bbe82a70bebac296f8bc6f0addaa1a?s=96&d=mm&r=g\",\"url\":\"https:\\\/\\\/secure.gravatar.com\\\/avatar\\\/eee448fc3f7164808013b816ba91ac7e43bbe82a70bebac296f8bc6f0addaa1a?s=96&d=mm&r=g\",\"contentUrl\":\"https:\\\/\\\/secure.gravatar.com\\\/avatar\\\/eee448fc3f7164808013b816ba91ac7e43bbe82a70bebac296f8bc6f0addaa1a?s=96&d=mm&r=g\",\"caption\":\"Edici\u00f3n Web\"},\"url\":\"https:\\\/\\\/canal7slp.tv\\\/2025\\\/author\\\/edicionweb\\\/\"}]}<\/script>\n<!-- \/ Yoast SEO plugin. -->","yoast_head_json":{"title":"Falta de vivienda cercana a industria gener\u00f3 alza en costos de transporte de personal: CANADEVI - Canal 7 SLP - 2025","robots":{"index":"index","follow":"follow","max-snippet":"max-snippet:-1","max-image-preview":"max-image-preview:large","max-video-preview":"max-video-preview:-1"},"canonical":"https:\/\/canal7slp.tv\/2025\/falta-de-vivienda-cercana-a-industria-genero-alza-en-costos-de-transporte-de-personal-canadevi\/","og_locale":"es_ES","og_type":"article","og_title":"Falta de vivienda cercana a industria gener\u00f3 alza en costos de transporte de personal: CANADEVI - Canal 7 SLP - 2025","og_description":"SLP.- La cantidad de trabajadores en espacios industriales de la zona metropolitana de San Luis Potos\u00ed ha provocado la necesidad de generar mayor vivienda, afirm\u00f3 presidente de la C\u00e1mara Nacional de la Industria de Desarrollo y Promoci\u00f3n de Vivienda, Francisco Torres Ocejo. \u201cQue la gente tiene que irse a municipios conurbados, que la gente no podemos importar trabajadores de otros municipios e incluso e otros estados, en la zona industrial ya traen gente de Guanajuato (\u2026) hace hora y media, dos horas, dos horas y media todos los d\u00edas en un cami\u00f3n\u201d. Ante la necesidad de trasladar personas por falta [&hellip;]","og_url":"https:\/\/canal7slp.tv\/2025\/falta-de-vivienda-cercana-a-industria-genero-alza-en-costos-de-transporte-de-personal-canadevi\/","og_site_name":"Canal 7 SLP - 2025","article_publisher":"https:\/\/www.facebook.com\/noticieroscanal7atencionciudadana\/","article_published_time":"2025-12-12T19:27:42+00:00","og_image":[{"width":1280,"height":720,"url":"https:\/\/canal7slp.tv\/2025\/wp-content\/uploads\/2025\/12\/Poky02TrabajadoresCanadevi.jpg","type":"image\/jpeg"}],"author":"Edici\u00f3n Web","twitter_card":"summary_large_image","twitter_creator":"@NOTICIEROS7","twitter_site":"@NOTICIEROS7","twitter_misc":{"Escrito por":"Edici\u00f3n Web","Tiempo de lectura":"1 minuto"},"schema":{"@context":"https:\/\/schema.org","@graph":[{"@type":"Article","@id":"https:\/\/canal7slp.tv\/2025\/falta-de-vivienda-cercana-a-industria-genero-alza-en-costos-de-transporte-de-personal-canadevi\/#article","isPartOf":{"@id":"https:\/\/canal7slp.tv\/2025\/falta-de-vivienda-cercana-a-industria-genero-alza-en-costos-de-transporte-de-personal-canadevi\/"},"author":{"name":"Edici\u00f3n Web","@id":"https:\/\/canal7slp.tv\/2025\/#\/schema\/person\/271e2b60a96e7cc9d9ac296f4d7e414b"},"headline":"Falta de vivienda cercana a industria gener\u00f3 alza en costos de transporte de personal: CANADEVI","datePublished":"2025-12-12T19:27:42+00:00","mainEntityOfPage":{"@id":"https:\/\/canal7slp.tv\/2025\/falta-de-vivienda-cercana-a-industria-genero-alza-en-costos-de-transporte-de-personal-canadevi\/"},"wordCount":230,"publisher":{"@id":"https:\/\/canal7slp.tv\/2025\/#organization"},"image":{"@id":"https:\/\/canal7slp.tv\/2025\/falta-de-vivienda-cercana-a-industria-genero-alza-en-costos-de-transporte-de-personal-canadevi\/#primaryimage"},"thumbnailUrl":"https:\/\/canal7slp.tv\/2025\/wp-content\/uploads\/2025\/12\/Poky02TrabajadoresCanadevi.jpg","articleSection":["DESTACADAS","LOCALES Y REGIONALES"],"inLanguage":"es"},{"@type":"WebPage","@id":"https:\/\/canal7slp.tv\/2025\/falta-de-vivienda-cercana-a-industria-genero-alza-en-costos-de-transporte-de-personal-canadevi\/","url":"https:\/\/canal7slp.tv\/2025\/falta-de-vivienda-cercana-a-industria-genero-alza-en-costos-de-transporte-de-personal-canadevi\/","name":"Falta de vivienda cercana a industria gener\u00f3 alza en costos de transporte de personal: CANADEVI - Canal 7 SLP - 2025","isPartOf":{"@id":"https:\/\/canal7slp.tv\/2025\/#website"},"primaryImageOfPage":{"@id":"https:\/\/canal7slp.tv\/2025\/falta-de-vivienda-cercana-a-industria-genero-alza-en-costos-de-transporte-de-personal-canadevi\/#primaryimage"},"image":{"@id":"https:\/\/canal7slp.tv\/2025\/falta-de-vivienda-cercana-a-industria-genero-alza-en-costos-de-transporte-de-personal-canadevi\/#primaryimage"},"thumbnailUrl":"https:\/\/canal7slp.tv\/2025\/wp-content\/uploads\/2025\/12\/Poky02TrabajadoresCanadevi.jpg","datePublished":"2025-12-12T19:27:42+00:00","breadcrumb":{"@id":"https:\/\/canal7slp.tv\/2025\/falta-de-vivienda-cercana-a-industria-genero-alza-en-costos-de-transporte-de-personal-canadevi\/#breadcrumb"},"inLanguage":"es","potentialAction":[{"@type":"ReadAction","target":["https:\/\/canal7slp.tv\/2025\/falta-de-vivienda-cercana-a-industria-genero-alza-en-costos-de-transporte-de-personal-canadevi\/"]}]},{"@type":"ImageObject","inLanguage":"es","@id":"https:\/\/canal7slp.tv\/2025\/falta-de-vivienda-cercana-a-industria-genero-alza-en-costos-de-transporte-de-personal-canadevi\/#primaryimage","url":"https:\/\/canal7slp.tv\/2025\/wp-content\/uploads\/2025\/12\/Poky02TrabajadoresCanadevi.jpg","contentUrl":"https:\/\/canal7slp.tv\/2025\/wp-content\/uploads\/2025\/12\/Poky02TrabajadoresCanadevi.jpg","width":1280,"height":720},{"@type":"BreadcrumbList","@id":"https:\/\/canal7slp.tv\/2025\/falta-de-vivienda-cercana-a-industria-genero-alza-en-costos-de-transporte-de-personal-canadevi\/#breadcrumb","itemListElement":[{"@type":"ListItem","position":1,"name":"Portada","item":"https:\/\/canal7slp.tv\/2025\/"},{"@type":"ListItem","position":2,"name":"Falta de vivienda cercana a industria gener\u00f3 alza en costos de transporte de personal: CANADEVI"}]},{"@type":"WebSite","@id":"https:\/\/canal7slp.tv\/2025\/#website","url":"https:\/\/canal7slp.tv\/2025\/","name":"N7 - Noticieros Canal 7","description":"Somos el Medio","publisher":{"@id":"https:\/\/canal7slp.tv\/2025\/#organization"},"potentialAction":[{"@type":"SearchAction","target":{"@type":"EntryPoint","urlTemplate":"https:\/\/canal7slp.tv\/2025\/?s={search_term_string}"},"query-input":{"@type":"PropertyValueSpecification","valueRequired":true,"valueName":"search_term_string"}}],"inLanguage":"es"},{"@type":"Organization","@id":"https:\/\/canal7slp.tv\/2025\/#organization","name":"Noticieros Canal 7","url":"https:\/\/canal7slp.tv\/2025\/","logo":{"@type":"ImageObject","inLanguage":"es","@id":"https:\/\/canal7slp.tv\/2025\/#\/schema\/logo\/image\/","url":"https:\/\/canal7slp.tv\/2025\/wp-content\/uploads\/2021\/01\/logo-noticieros@2x.png","contentUrl":"https:\/\/canal7slp.tv\/2025\/wp-content\/uploads\/2021\/01\/logo-noticieros@2x.png","width":1017,"height":268,"caption":"Noticieros Canal 7"},"image":{"@id":"https:\/\/canal7slp.tv\/2025\/#\/schema\/logo\/image\/"},"sameAs":["https:\/\/www.facebook.com\/noticieroscanal7atencionciudadana\/","https:\/\/x.com\/NOTICIEROS7","https:\/\/www.instagram.com\/canal7_slp","https:\/\/www.youtube.com\/channel\/UCliiYs-gP3JfJeqdPrNdd5A"]},{"@type":"Person","@id":"https:\/\/canal7slp.tv\/2025\/#\/schema\/person\/271e2b60a96e7cc9d9ac296f4d7e414b","name":"Edici\u00f3n Web","image":{"@type":"ImageObject","inLanguage":"es","@id":"https:\/\/secure.gravatar.com\/avatar\/eee448fc3f7164808013b816ba91ac7e43bbe82a70bebac296f8bc6f0addaa1a?s=96&d=mm&r=g","url":"https:\/\/secure.gravatar.com\/avatar\/eee448fc3f7164808013b816ba91ac7e43bbe82a70bebac296f8bc6f0addaa1a?s=96&d=mm&r=g","contentUrl":"https:\/\/secure.gravatar.com\/avatar\/eee448fc3f7164808013b816ba91ac7e43bbe82a70bebac296f8bc6f0addaa1a?s=96&d=mm&r=g","caption":"Edici\u00f3n Web"},"url":"https:\/\/canal7slp.tv\/2025\/author\/edicionweb\/"}]}},"_links":{"self":[{"href":"https:\/\/canal7slp.tv\/2025\/wp-json\/wp\/v2\/posts\/187619","targetHints":{"allow":["GET"]}}],"collection":[{"href":"https:\/\/canal7slp.tv\/2025\/wp-json\/wp\/v2\/posts"}],"about":[{"href":"https:\/\/canal7slp.tv\/2025\/wp-json\/wp\/v2\/types\/post"}],"author":[{"embeddable":true,"href":"https:\/\/canal7slp.tv\/2025\/wp-json\/wp\/v2\/users\/2"}],"replies":[{"embeddable":true,"href":"https:\/\/canal7slp.tv\/2025\/wp-json\/wp\/v2\/comments?post=187619"}],"version-history":[{"count":3,"href":"https:\/\/canal7slp.tv\/2025\/wp-json\/wp\/v2\/posts\/187619\/revisions"}],"predecessor-version":[{"id":187651,"href":"https:\/\/canal7slp.tv\/2025\/wp-json\/wp\/v2\/posts\/187619\/revisions\/187651"}],"wp:featuredmedia":[{"embeddable":true,"href":"https:\/\/canal7slp.tv\/2025\/wp-json\/wp\/v2\/media\/187649"}],"wp:attachment":[{"href":"https:\/\/canal7slp.tv\/2025\/wp-json\/wp\/v2\/media?parent=187619"}],"wp:term":[{"taxonomy":"category","embeddable":true,"href":"https:\/\/canal7slp.tv\/2025\/wp-json\/wp\/v2\/categories?post=187619"},{"taxonomy":"post_tag","embeddable":true,"href":"https:\/\/canal7slp.tv\/2025\/wp-json\/wp\/v2\/tags?post=187619"}],"curies":[{"name":"wp","href":"https:\/\/api.w.org\/{rel}","templated":true}]}}