{"id":187618,"date":"2025-12-12T13:30:46","date_gmt":"2025-12-12T19:30:46","guid":{"rendered":"https:\/\/canal7slp.tv\/2025\/?p=187618"},"modified":"2025-12-12T13:30:46","modified_gmt":"2025-12-12T19:30:46","slug":"canaco-espera-que-en-2026-se-amplien-las-conexiones-aereas-de-slp","status":"publish","type":"post","link":"https:\/\/canal7slp.tv\/2025\/canaco-espera-que-en-2026-se-amplien-las-conexiones-aereas-de-slp\/","title":{"rendered":"CANACO espera que en 2026 se ampl\u00eden las conexiones a\u00e9reas de SLP"},"content":{"rendered":"<p style=\"text-align: justify;\">SLP.- Para el a\u00f1o 2026 una de las prioridades del sector turismo ser\u00e1 la de concretar nuevas conexiones a\u00e9reas y la reactivaci\u00f3n de las que fueron de utilidad para San Luis Potos\u00ed, as\u00ed lo expuso el presidente de la C\u00e1mara Nacional de Comercio, Servicios y Turismo, Fernando D\u00edaz de Le\u00f3n.<\/p>\n<p style=\"text-align: justify;\">\u201cVemos ya una mayor conectividad, vimos en el transcurso del a\u00f1o algunas aerol\u00edneas ya con destinos importantes de aqu\u00ed de San Luis Potos\u00ed, sin embargo, seguimos insistiendo que es importante que se recuperen destinos como los que se perdieron, rutas a Puerto Vallarta, a la Ciudad de Monterrey\u201d.<\/p>\n<p style=\"text-align: justify;\">El desarrollo de la zona metropolitana genera la necesidad de contar con mayores vuelos.<\/p>\n<p style=\"text-align: justify;\">\u201cCon el crecimiento y el desarrollo econ\u00f3mico que est\u00e1 teniendo, pues es importante fortalecer con mayores rutas tanto para el tema de negocios como de turistas y de visitantes\u201d.<\/p>\n<p style=\"text-align: justify;\">Consider\u00f3 fundamental crecer la oferta a la Ciudad de M\u00e9xico.<\/p>\n<p style=\"text-align: justify;\">\u201cEl tema de negocios pues vemos que directivos viajan mucho a la Ciudad de M\u00e9xico y por supuesto la de Monterrey es importante que se reponga esta ruta (\u2026) esperemos que nos tengan noticias ya en inicios de a\u00f1o que entra\u201d.<\/p>\n<p style=\"text-align: justify;\">La zona Huasteca es un punto que tambi\u00e9n debe de reactivarse en cuanto a vuelos en el Aeropuerto Nacional de Tamu\u00edn.<\/p>\n<p style=\"text-align: justify;\">\u201cEse es otro tema importe que es un aeropuerto que es necesario (\u2026) ahora que viene lo de la Rivera Huasteca creo que es algo que puede fomentar el turismo\u201d.<\/p>\n<p style=\"text-align: justify;\">Por: Jos\u00e9 Luis V\u00e1zquez<\/p>\n","protected":false},"excerpt":{"rendered":"<p>SLP.- Para el a\u00f1o 2026 una de las prioridades del sector turismo ser\u00e1 la de concretar nuevas conexiones a\u00e9reas y la reactivaci\u00f3n de las que fueron de utilidad para San Luis Potos\u00ed, as\u00ed lo expuso el presidente de la C\u00e1mara Nacional de Comercio, Servicios y Turismo, Fernando D\u00edaz de Le\u00f3n. \u201cVemos ya una mayor conectividad, vimos en el transcurso del a\u00f1o algunas aerol\u00edneas ya con destinos importantes de aqu\u00ed de San Luis Potos\u00ed, sin embargo, seguimos insistiendo que es importante que se recuperen destinos como los que se perdieron, rutas a Puerto Vallarta, a la Ciudad de Monterrey\u201d. El desarrollo [&hellip;]<\/p>\n","protected":false},"author":2,"featured_media":187653,"comment_status":"closed","ping_status":"closed","sticky":false,"template":"","format":"video","meta":{"_monsterinsights_skip_tracking":false,"_monsterinsights_sitenote_active":false,"_monsterinsights_sitenote_note":"","_monsterinsights_sitenote_category":0,"footnotes":""},"categories":[5,45],"tags":[],"class_list":["post-187618","post","type-post","status-publish","format-video","has-post-thumbnail","hentry","category-destacadas","category-localesyregionales","post_format-post-format-video","post--single"],"yoast_head":"<!-- This site is optimized with the Yoast SEO plugin v27.5 - https:\/\/yoast.com\/product\/yoast-seo-wordpress\/ -->\n<title>CANACO espera que en 2026 se ampl\u00eden las conexiones a\u00e9reas de SLP - Canal 7 SLP - 2025<\/title>\n<meta name=\"robots\" content=\"index, follow, max-snippet:-1, max-image-preview:large, max-video-preview:-1\" \/>\n<link rel=\"canonical\" href=\"https:\/\/canal7slp.tv\/2025\/canaco-espera-que-en-2026-se-amplien-las-conexiones-aereas-de-slp\/\" \/>\n<meta property=\"og:locale\" content=\"es_ES\" \/>\n<meta property=\"og:type\" content=\"article\" \/>\n<meta property=\"og:title\" content=\"CANACO espera que en 2026 se ampl\u00eden las conexiones a\u00e9reas de SLP - Canal 7 SLP - 2025\" \/>\n<meta property=\"og:description\" content=\"SLP.- Para el a\u00f1o 2026 una de las prioridades del sector turismo ser\u00e1 la de concretar nuevas conexiones a\u00e9reas y la reactivaci\u00f3n de las que fueron de utilidad para San Luis Potos\u00ed, as\u00ed lo expuso el presidente de la C\u00e1mara Nacional de Comercio, Servicios y Turismo, Fernando D\u00edaz de Le\u00f3n. \u201cVemos ya una mayor conectividad, vimos en el transcurso del a\u00f1o algunas aerol\u00edneas ya con destinos importantes de aqu\u00ed de San Luis Potos\u00ed, sin embargo, seguimos insistiendo que es importante que se recuperen destinos como los que se perdieron, rutas a Puerto Vallarta, a la Ciudad de Monterrey\u201d. El desarrollo [&hellip;]\" \/>\n<meta property=\"og:url\" content=\"https:\/\/canal7slp.tv\/2025\/canaco-espera-que-en-2026-se-amplien-las-conexiones-aereas-de-slp\/\" \/>\n<meta property=\"og:site_name\" content=\"Canal 7 SLP - 2025\" \/>\n<meta property=\"article:publisher\" content=\"https:\/\/www.facebook.com\/noticieroscanal7atencionciudadana\/\" \/>\n<meta property=\"article:published_time\" content=\"2025-12-12T19:30:46+00:00\" \/>\n<meta property=\"og:image\" content=\"https:\/\/canal7slp.tv\/2025\/wp-content\/uploads\/2025\/12\/Poky03CANACOVuelos.jpg\" \/>\n\t<meta property=\"og:image:width\" content=\"1280\" \/>\n\t<meta property=\"og:image:height\" content=\"720\" \/>\n\t<meta property=\"og:image:type\" content=\"image\/jpeg\" \/>\n<meta name=\"author\" content=\"Edici\u00f3n Web\" \/>\n<meta name=\"twitter:card\" content=\"summary_large_image\" \/>\n<meta name=\"twitter:creator\" content=\"@NOTICIEROS7\" \/>\n<meta name=\"twitter:site\" content=\"@NOTICIEROS7\" \/>\n<meta name=\"twitter:label1\" content=\"Escrito por\" \/>\n\t<meta name=\"twitter:data1\" content=\"Edici\u00f3n Web\" \/>\n\t<meta name=\"twitter:label2\" content=\"Tiempo de lectura\" \/>\n\t<meta name=\"twitter:data2\" content=\"2 minutos\" \/>\n<script type=\"application\/ld+json\" class=\"yoast-schema-graph\">{\"@context\":\"https:\\\/\\\/schema.org\",\"@graph\":[{\"@type\":\"Article\",\"@id\":\"https:\\\/\\\/canal7slp.tv\\\/2025\\\/canaco-espera-que-en-2026-se-amplien-las-conexiones-aereas-de-slp\\\/#article\",\"isPartOf\":{\"@id\":\"https:\\\/\\\/canal7slp.tv\\\/2025\\\/canaco-espera-que-en-2026-se-amplien-las-conexiones-aereas-de-slp\\\/\"},\"author\":{\"name\":\"Edici\u00f3n Web\",\"@id\":\"https:\\\/\\\/canal7slp.tv\\\/2025\\\/#\\\/schema\\\/person\\\/271e2b60a96e7cc9d9ac296f4d7e414b\"},\"headline\":\"CANACO espera que en 2026 se ampl\u00eden las conexiones a\u00e9reas de SLP\",\"datePublished\":\"2025-12-12T19:30:46+00:00\",\"mainEntityOfPage\":{\"@id\":\"https:\\\/\\\/canal7slp.tv\\\/2025\\\/canaco-espera-que-en-2026-se-amplien-las-conexiones-aereas-de-slp\\\/\"},\"wordCount\":273,\"publisher\":{\"@id\":\"https:\\\/\\\/canal7slp.tv\\\/2025\\\/#organization\"},\"image\":{\"@id\":\"https:\\\/\\\/canal7slp.tv\\\/2025\\\/canaco-espera-que-en-2026-se-amplien-las-conexiones-aereas-de-slp\\\/#primaryimage\"},\"thumbnailUrl\":\"https:\\\/\\\/canal7slp.tv\\\/2025\\\/wp-content\\\/uploads\\\/2025\\\/12\\\/Poky03CANACOVuelos.jpg\",\"articleSection\":[\"DESTACADAS\",\"LOCALES Y REGIONALES\"],\"inLanguage\":\"es\"},{\"@type\":\"WebPage\",\"@id\":\"https:\\\/\\\/canal7slp.tv\\\/2025\\\/canaco-espera-que-en-2026-se-amplien-las-conexiones-aereas-de-slp\\\/\",\"url\":\"https:\\\/\\\/canal7slp.tv\\\/2025\\\/canaco-espera-que-en-2026-se-amplien-las-conexiones-aereas-de-slp\\\/\",\"name\":\"CANACO espera que en 2026 se ampl\u00eden las conexiones a\u00e9reas de SLP - Canal 7 SLP - 2025\",\"isPartOf\":{\"@id\":\"https:\\\/\\\/canal7slp.tv\\\/2025\\\/#website\"},\"primaryImageOfPage\":{\"@id\":\"https:\\\/\\\/canal7slp.tv\\\/2025\\\/canaco-espera-que-en-2026-se-amplien-las-conexiones-aereas-de-slp\\\/#primaryimage\"},\"image\":{\"@id\":\"https:\\\/\\\/canal7slp.tv\\\/2025\\\/canaco-espera-que-en-2026-se-amplien-las-conexiones-aereas-de-slp\\\/#primaryimage\"},\"thumbnailUrl\":\"https:\\\/\\\/canal7slp.tv\\\/2025\\\/wp-content\\\/uploads\\\/2025\\\/12\\\/Poky03CANACOVuelos.jpg\",\"datePublished\":\"2025-12-12T19:30:46+00:00\",\"breadcrumb\":{\"@id\":\"https:\\\/\\\/canal7slp.tv\\\/2025\\\/canaco-espera-que-en-2026-se-amplien-las-conexiones-aereas-de-slp\\\/#breadcrumb\"},\"inLanguage\":\"es\",\"potentialAction\":[{\"@type\":\"ReadAction\",\"target\":[\"https:\\\/\\\/canal7slp.tv\\\/2025\\\/canaco-espera-que-en-2026-se-amplien-las-conexiones-aereas-de-slp\\\/\"]}]},{\"@type\":\"ImageObject\",\"inLanguage\":\"es\",\"@id\":\"https:\\\/\\\/canal7slp.tv\\\/2025\\\/canaco-espera-que-en-2026-se-amplien-las-conexiones-aereas-de-slp\\\/#primaryimage\",\"url\":\"https:\\\/\\\/canal7slp.tv\\\/2025\\\/wp-content\\\/uploads\\\/2025\\\/12\\\/Poky03CANACOVuelos.jpg\",\"contentUrl\":\"https:\\\/\\\/canal7slp.tv\\\/2025\\\/wp-content\\\/uploads\\\/2025\\\/12\\\/Poky03CANACOVuelos.jpg\",\"width\":1280,\"height\":720},{\"@type\":\"BreadcrumbList\",\"@id\":\"https:\\\/\\\/canal7slp.tv\\\/2025\\\/canaco-espera-que-en-2026-se-amplien-las-conexiones-aereas-de-slp\\\/#breadcrumb\",\"itemListElement\":[{\"@type\":\"ListItem\",\"position\":1,\"name\":\"Portada\",\"item\":\"https:\\\/\\\/canal7slp.tv\\\/2025\\\/\"},{\"@type\":\"ListItem\",\"position\":2,\"name\":\"CANACO espera que en 2026 se ampl\u00eden las conexiones a\u00e9reas de SLP\"}]},{\"@type\":\"WebSite\",\"@id\":\"https:\\\/\\\/canal7slp.tv\\\/2025\\\/#website\",\"url\":\"https:\\\/\\\/canal7slp.tv\\\/2025\\\/\",\"name\":\"N7 - Noticieros Canal 7\",\"description\":\"Somos el Medio\",\"publisher\":{\"@id\":\"https:\\\/\\\/canal7slp.tv\\\/2025\\\/#organization\"},\"potentialAction\":[{\"@type\":\"SearchAction\",\"target\":{\"@type\":\"EntryPoint\",\"urlTemplate\":\"https:\\\/\\\/canal7slp.tv\\\/2025\\\/?s={search_term_string}\"},\"query-input\":{\"@type\":\"PropertyValueSpecification\",\"valueRequired\":true,\"valueName\":\"search_term_string\"}}],\"inLanguage\":\"es\"},{\"@type\":\"Organization\",\"@id\":\"https:\\\/\\\/canal7slp.tv\\\/2025\\\/#organization\",\"name\":\"Noticieros Canal 7\",\"url\":\"https:\\\/\\\/canal7slp.tv\\\/2025\\\/\",\"logo\":{\"@type\":\"ImageObject\",\"inLanguage\":\"es\",\"@id\":\"https:\\\/\\\/canal7slp.tv\\\/2025\\\/#\\\/schema\\\/logo\\\/image\\\/\",\"url\":\"https:\\\/\\\/canal7slp.tv\\\/2025\\\/wp-content\\\/uploads\\\/2021\\\/01\\\/logo-noticieros@2x.png\",\"contentUrl\":\"https:\\\/\\\/canal7slp.tv\\\/2025\\\/wp-content\\\/uploads\\\/2021\\\/01\\\/logo-noticieros@2x.png\",\"width\":1017,\"height\":268,\"caption\":\"Noticieros Canal 7\"},\"image\":{\"@id\":\"https:\\\/\\\/canal7slp.tv\\\/2025\\\/#\\\/schema\\\/logo\\\/image\\\/\"},\"sameAs\":[\"https:\\\/\\\/www.facebook.com\\\/noticieroscanal7atencionciudadana\\\/\",\"https:\\\/\\\/x.com\\\/NOTICIEROS7\",\"https:\\\/\\\/www.instagram.com\\\/canal7_slp\",\"https:\\\/\\\/www.youtube.com\\\/channel\\\/UCliiYs-gP3JfJeqdPrNdd5A\"]},{\"@type\":\"Person\",\"@id\":\"https:\\\/\\\/canal7slp.tv\\\/2025\\\/#\\\/schema\\\/person\\\/271e2b60a96e7cc9d9ac296f4d7e414b\",\"name\":\"Edici\u00f3n Web\",\"image\":{\"@type\":\"ImageObject\",\"inLanguage\":\"es\",\"@id\":\"https:\\\/\\\/secure.gravatar.com\\\/avatar\\\/eee448fc3f7164808013b816ba91ac7e43bbe82a70bebac296f8bc6f0addaa1a?s=96&d=mm&r=g\",\"url\":\"https:\\\/\\\/secure.gravatar.com\\\/avatar\\\/eee448fc3f7164808013b816ba91ac7e43bbe82a70bebac296f8bc6f0addaa1a?s=96&d=mm&r=g\",\"contentUrl\":\"https:\\\/\\\/secure.gravatar.com\\\/avatar\\\/eee448fc3f7164808013b816ba91ac7e43bbe82a70bebac296f8bc6f0addaa1a?s=96&d=mm&r=g\",\"caption\":\"Edici\u00f3n Web\"},\"url\":\"https:\\\/\\\/canal7slp.tv\\\/2025\\\/author\\\/edicionweb\\\/\"}]}<\/script>\n<!-- \/ Yoast SEO plugin. -->","yoast_head_json":{"title":"CANACO espera que en 2026 se ampl\u00eden las conexiones a\u00e9reas de SLP - Canal 7 SLP - 2025","robots":{"index":"index","follow":"follow","max-snippet":"max-snippet:-1","max-image-preview":"max-image-preview:large","max-video-preview":"max-video-preview:-1"},"canonical":"https:\/\/canal7slp.tv\/2025\/canaco-espera-que-en-2026-se-amplien-las-conexiones-aereas-de-slp\/","og_locale":"es_ES","og_type":"article","og_title":"CANACO espera que en 2026 se ampl\u00eden las conexiones a\u00e9reas de SLP - Canal 7 SLP - 2025","og_description":"SLP.- Para el a\u00f1o 2026 una de las prioridades del sector turismo ser\u00e1 la de concretar nuevas conexiones a\u00e9reas y la reactivaci\u00f3n de las que fueron de utilidad para San Luis Potos\u00ed, as\u00ed lo expuso el presidente de la C\u00e1mara Nacional de Comercio, Servicios y Turismo, Fernando D\u00edaz de Le\u00f3n. \u201cVemos ya una mayor conectividad, vimos en el transcurso del a\u00f1o algunas aerol\u00edneas ya con destinos importantes de aqu\u00ed de San Luis Potos\u00ed, sin embargo, seguimos insistiendo que es importante que se recuperen destinos como los que se perdieron, rutas a Puerto Vallarta, a la Ciudad de Monterrey\u201d. El desarrollo [&hellip;]","og_url":"https:\/\/canal7slp.tv\/2025\/canaco-espera-que-en-2026-se-amplien-las-conexiones-aereas-de-slp\/","og_site_name":"Canal 7 SLP - 2025","article_publisher":"https:\/\/www.facebook.com\/noticieroscanal7atencionciudadana\/","article_published_time":"2025-12-12T19:30:46+00:00","og_image":[{"width":1280,"height":720,"url":"https:\/\/canal7slp.tv\/2025\/wp-content\/uploads\/2025\/12\/Poky03CANACOVuelos.jpg","type":"image\/jpeg"}],"author":"Edici\u00f3n Web","twitter_card":"summary_large_image","twitter_creator":"@NOTICIEROS7","twitter_site":"@NOTICIEROS7","twitter_misc":{"Escrito por":"Edici\u00f3n Web","Tiempo de lectura":"2 minutos"},"schema":{"@context":"https:\/\/schema.org","@graph":[{"@type":"Article","@id":"https:\/\/canal7slp.tv\/2025\/canaco-espera-que-en-2026-se-amplien-las-conexiones-aereas-de-slp\/#article","isPartOf":{"@id":"https:\/\/canal7slp.tv\/2025\/canaco-espera-que-en-2026-se-amplien-las-conexiones-aereas-de-slp\/"},"author":{"name":"Edici\u00f3n Web","@id":"https:\/\/canal7slp.tv\/2025\/#\/schema\/person\/271e2b60a96e7cc9d9ac296f4d7e414b"},"headline":"CANACO espera que en 2026 se ampl\u00eden las conexiones a\u00e9reas de SLP","datePublished":"2025-12-12T19:30:46+00:00","mainEntityOfPage":{"@id":"https:\/\/canal7slp.tv\/2025\/canaco-espera-que-en-2026-se-amplien-las-conexiones-aereas-de-slp\/"},"wordCount":273,"publisher":{"@id":"https:\/\/canal7slp.tv\/2025\/#organization"},"image":{"@id":"https:\/\/canal7slp.tv\/2025\/canaco-espera-que-en-2026-se-amplien-las-conexiones-aereas-de-slp\/#primaryimage"},"thumbnailUrl":"https:\/\/canal7slp.tv\/2025\/wp-content\/uploads\/2025\/12\/Poky03CANACOVuelos.jpg","articleSection":["DESTACADAS","LOCALES Y REGIONALES"],"inLanguage":"es"},{"@type":"WebPage","@id":"https:\/\/canal7slp.tv\/2025\/canaco-espera-que-en-2026-se-amplien-las-conexiones-aereas-de-slp\/","url":"https:\/\/canal7slp.tv\/2025\/canaco-espera-que-en-2026-se-amplien-las-conexiones-aereas-de-slp\/","name":"CANACO espera que en 2026 se ampl\u00eden las conexiones a\u00e9reas de SLP - Canal 7 SLP - 2025","isPartOf":{"@id":"https:\/\/canal7slp.tv\/2025\/#website"},"primaryImageOfPage":{"@id":"https:\/\/canal7slp.tv\/2025\/canaco-espera-que-en-2026-se-amplien-las-conexiones-aereas-de-slp\/#primaryimage"},"image":{"@id":"https:\/\/canal7slp.tv\/2025\/canaco-espera-que-en-2026-se-amplien-las-conexiones-aereas-de-slp\/#primaryimage"},"thumbnailUrl":"https:\/\/canal7slp.tv\/2025\/wp-content\/uploads\/2025\/12\/Poky03CANACOVuelos.jpg","datePublished":"2025-12-12T19:30:46+00:00","breadcrumb":{"@id":"https:\/\/canal7slp.tv\/2025\/canaco-espera-que-en-2026-se-amplien-las-conexiones-aereas-de-slp\/#breadcrumb"},"inLanguage":"es","potentialAction":[{"@type":"ReadAction","target":["https:\/\/canal7slp.tv\/2025\/canaco-espera-que-en-2026-se-amplien-las-conexiones-aereas-de-slp\/"]}]},{"@type":"ImageObject","inLanguage":"es","@id":"https:\/\/canal7slp.tv\/2025\/canaco-espera-que-en-2026-se-amplien-las-conexiones-aereas-de-slp\/#primaryimage","url":"https:\/\/canal7slp.tv\/2025\/wp-content\/uploads\/2025\/12\/Poky03CANACOVuelos.jpg","contentUrl":"https:\/\/canal7slp.tv\/2025\/wp-content\/uploads\/2025\/12\/Poky03CANACOVuelos.jpg","width":1280,"height":720},{"@type":"BreadcrumbList","@id":"https:\/\/canal7slp.tv\/2025\/canaco-espera-que-en-2026-se-amplien-las-conexiones-aereas-de-slp\/#breadcrumb","itemListElement":[{"@type":"ListItem","position":1,"name":"Portada","item":"https:\/\/canal7slp.tv\/2025\/"},{"@type":"ListItem","position":2,"name":"CANACO espera que en 2026 se ampl\u00eden las conexiones a\u00e9reas de SLP"}]},{"@type":"WebSite","@id":"https:\/\/canal7slp.tv\/2025\/#website","url":"https:\/\/canal7slp.tv\/2025\/","name":"N7 - Noticieros Canal 7","description":"Somos el Medio","publisher":{"@id":"https:\/\/canal7slp.tv\/2025\/#organization"},"potentialAction":[{"@type":"SearchAction","target":{"@type":"EntryPoint","urlTemplate":"https:\/\/canal7slp.tv\/2025\/?s={search_term_string}"},"query-input":{"@type":"PropertyValueSpecification","valueRequired":true,"valueName":"search_term_string"}}],"inLanguage":"es"},{"@type":"Organization","@id":"https:\/\/canal7slp.tv\/2025\/#organization","name":"Noticieros Canal 7","url":"https:\/\/canal7slp.tv\/2025\/","logo":{"@type":"ImageObject","inLanguage":"es","@id":"https:\/\/canal7slp.tv\/2025\/#\/schema\/logo\/image\/","url":"https:\/\/canal7slp.tv\/2025\/wp-content\/uploads\/2021\/01\/logo-noticieros@2x.png","contentUrl":"https:\/\/canal7slp.tv\/2025\/wp-content\/uploads\/2021\/01\/logo-noticieros@2x.png","width":1017,"height":268,"caption":"Noticieros Canal 7"},"image":{"@id":"https:\/\/canal7slp.tv\/2025\/#\/schema\/logo\/image\/"},"sameAs":["https:\/\/www.facebook.com\/noticieroscanal7atencionciudadana\/","https:\/\/x.com\/NOTICIEROS7","https:\/\/www.instagram.com\/canal7_slp","https:\/\/www.youtube.com\/channel\/UCliiYs-gP3JfJeqdPrNdd5A"]},{"@type":"Person","@id":"https:\/\/canal7slp.tv\/2025\/#\/schema\/person\/271e2b60a96e7cc9d9ac296f4d7e414b","name":"Edici\u00f3n Web","image":{"@type":"ImageObject","inLanguage":"es","@id":"https:\/\/secure.gravatar.com\/avatar\/eee448fc3f7164808013b816ba91ac7e43bbe82a70bebac296f8bc6f0addaa1a?s=96&d=mm&r=g","url":"https:\/\/secure.gravatar.com\/avatar\/eee448fc3f7164808013b816ba91ac7e43bbe82a70bebac296f8bc6f0addaa1a?s=96&d=mm&r=g","contentUrl":"https:\/\/secure.gravatar.com\/avatar\/eee448fc3f7164808013b816ba91ac7e43bbe82a70bebac296f8bc6f0addaa1a?s=96&d=mm&r=g","caption":"Edici\u00f3n Web"},"url":"https:\/\/canal7slp.tv\/2025\/author\/edicionweb\/"}]}},"_links":{"self":[{"href":"https:\/\/canal7slp.tv\/2025\/wp-json\/wp\/v2\/posts\/187618","targetHints":{"allow":["GET"]}}],"collection":[{"href":"https:\/\/canal7slp.tv\/2025\/wp-json\/wp\/v2\/posts"}],"about":[{"href":"https:\/\/canal7slp.tv\/2025\/wp-json\/wp\/v2\/types\/post"}],"author":[{"embeddable":true,"href":"https:\/\/canal7slp.tv\/2025\/wp-json\/wp\/v2\/users\/2"}],"replies":[{"embeddable":true,"href":"https:\/\/canal7slp.tv\/2025\/wp-json\/wp\/v2\/comments?post=187618"}],"version-history":[{"count":2,"href":"https:\/\/canal7slp.tv\/2025\/wp-json\/wp\/v2\/posts\/187618\/revisions"}],"predecessor-version":[{"id":187654,"href":"https:\/\/canal7slp.tv\/2025\/wp-json\/wp\/v2\/posts\/187618\/revisions\/187654"}],"wp:featuredmedia":[{"embeddable":true,"href":"https:\/\/canal7slp.tv\/2025\/wp-json\/wp\/v2\/media\/187653"}],"wp:attachment":[{"href":"https:\/\/canal7slp.tv\/2025\/wp-json\/wp\/v2\/media?parent=187618"}],"wp:term":[{"taxonomy":"category","embeddable":true,"href":"https:\/\/canal7slp.tv\/2025\/wp-json\/wp\/v2\/categories?post=187618"},{"taxonomy":"post_tag","embeddable":true,"href":"https:\/\/canal7slp.tv\/2025\/wp-json\/wp\/v2\/tags?post=187618"}],"curies":[{"name":"wp","href":"https:\/\/api.w.org\/{rel}","templated":true}]}}