{"id":187608,"date":"2025-12-11T16:42:40","date_gmt":"2025-12-11T22:42:40","guid":{"rendered":"https:\/\/canal7slp.tv\/2025\/?p=187608"},"modified":"2025-12-11T16:42:40","modified_gmt":"2025-12-11T22:42:40","slug":"mas-de-300-peregrinaciones-llegaron-a-slp-en-visperas-del-dia-de-la-virgen-de-guadalupe","status":"publish","type":"post","link":"https:\/\/canal7slp.tv\/2025\/mas-de-300-peregrinaciones-llegaron-a-slp-en-visperas-del-dia-de-la-virgen-de-guadalupe\/","title":{"rendered":"M\u00e1s de 300 Peregrinaciones llegaron a SLP en v\u00edsperas del D\u00eda de la Virgen de Guadalupe"},"content":{"rendered":"<p style=\"text-align: justify;\"><span style=\"font-size: 1.21429rem;\">SLP.- La Arquidi\u00f3cesis de San Luis Potos\u00ed report\u00f3 que m\u00e1s de 300 peregrinaciones se registraron con motivo de las celebraciones por el D\u00eda de la Virgen de Guadalupe en la capital potosina.<\/span><\/p>\n<p style=\"text-align: justify;\">Fue el padre, Gabino Medina Portales, quien explic\u00f3 que para este 12 de diciembre se espera la visita de m\u00e1s de 200 mil feligreses.<\/p>\n<p style=\"text-align: justify;\">\u201cQuiero comentarles que hay un poquito m\u00e1s de 300 peregrinaciones registradas, algunas otras que han llegado y que de una manera de todos modos se les recibe\u00bb, reiter\u00f3.<\/p>\n<p style=\"text-align: justify;\">Indic\u00f3 que se mantienen reuniones con coordinadores para definir los lineamientos de participaci\u00f3n durante este viernes.<\/p>\n<p style=\"text-align: justify;\">\u201cCon todos los coordinadores de las peregrinaciones tenemos un encuentro para dar algunas indicaciones c\u00f3mo vamos a vivir la peregrinaci\u00f3n de este a\u00f1o 2025&#8243;, coment\u00f3.<\/p>\n<p style=\"text-align: justify;\">A\u00f1adi\u00f3 que esta organizaci\u00f3n implica acuerdos internos, asistencia pastoral y orientaciones espec\u00edficas para los contingentes.<\/p>\n<p style=\"text-align: justify;\">\u00abHay que ponerse de acuerdo con todos los que van a peregrinar, c\u00f3mo se les va a atender, c\u00f3mo se les va a dar una peque\u00f1a orientaci\u00f3n, una peque\u00f1a catequesis, qui\u00e9n les va a acompa\u00f1ar en la experiencia del rosario, de vivir esta buena experiencia\u00bb, dijo.<\/p>\n<p style=\"text-align: justify;\">El sacerdote se\u00f1al\u00f3 que la log\u00edstica incluye coordinaci\u00f3n con autoridades municipales y estatales, especialmente en materia de movilidad y seguridad.<\/p>\n<p style=\"text-align: justify;\">\u201cTodos los servicios los tenemos desde salud, ecolog\u00eda, jardiner\u00eda, todo el municipio nos ha estado apoyando y alguna parte tambi\u00e9n el gobierno del estado a los cuales les agradecemos\u00bb, agreg\u00f3.<\/p>\n<p style=\"text-align: justify;\">Como parte del acompa\u00f1amiento espiritual, desde la bas\u00edlica se ha buscado incentivar la oraci\u00f3n comunitaria.<\/p>\n<p style=\"text-align: justify;\">\u201cPara motivar a nuestra comunidad a vivir esta bonita experiencia de Mar\u00eda en estos \u00faltimos a\u00f1os, la bas\u00edlica ha elaborado una serie de im\u00e1genes y se han animado a adquirir estas im\u00e1genes con la intenci\u00f3n de rezar el rosario.\u201d<\/p>\n<p style=\"text-align: justify;\">Continu\u00f3: \u201cPedimos por los damnificados, como hemos pedido por los medios de comunicaci\u00f3n, por los ni\u00f1os, los adolescentes, los j\u00f3venes. Ha sido toda una serie de intenciones que se le han presentado a Mar\u00eda para que al final podamos decir, este es mi ramillete espiritual, este es mi ramillete de intenciones que presentamos a la Virgen\u00bb.<\/p>\n<p>Por: Jos\u00e9 Luis V\u00e1zquez<\/p>\n","protected":false},"excerpt":{"rendered":"<p>SLP.- La Arquidi\u00f3cesis de San Luis Potos\u00ed report\u00f3 que m\u00e1s de 300 peregrinaciones se registraron con motivo de las celebraciones por el D\u00eda de la Virgen de Guadalupe en la capital potosina. Fue el padre, Gabino Medina Portales, quien explic\u00f3 que para este 12 de diciembre se espera la visita de m\u00e1s de 200 mil feligreses. \u201cQuiero comentarles que hay un poquito m\u00e1s de 300 peregrinaciones registradas, algunas otras que han llegado y que de una manera de todos modos se les recibe\u00bb, reiter\u00f3. Indic\u00f3 que se mantienen reuniones con coordinadores para definir los lineamientos de participaci\u00f3n durante este viernes. [&hellip;]<\/p>\n","protected":false},"author":2,"featured_media":187610,"comment_status":"closed","ping_status":"closed","sticky":false,"template":"","format":"video","meta":{"_monsterinsights_skip_tracking":false,"_monsterinsights_sitenote_active":false,"_monsterinsights_sitenote_note":"","_monsterinsights_sitenote_category":0,"footnotes":""},"categories":[5,519,45],"tags":[],"class_list":["post-187608","post","type-post","status-publish","format-video","has-post-thumbnail","hentry","category-destacadas","category-iglesia","category-localesyregionales","post_format-post-format-video","post--single"],"yoast_head":"<!-- This site is optimized with the Yoast SEO plugin v27.4 - https:\/\/yoast.com\/product\/yoast-seo-wordpress\/ -->\n<title>M\u00e1s de 300 Peregrinaciones llegaron a SLP en v\u00edsperas del D\u00eda de la Virgen de Guadalupe - Canal 7 SLP - 2025<\/title>\n<meta name=\"robots\" content=\"index, follow, max-snippet:-1, max-image-preview:large, max-video-preview:-1\" \/>\n<link rel=\"canonical\" href=\"https:\/\/canal7slp.tv\/2025\/mas-de-300-peregrinaciones-llegaron-a-slp-en-visperas-del-dia-de-la-virgen-de-guadalupe\/\" \/>\n<meta property=\"og:locale\" content=\"es_ES\" \/>\n<meta property=\"og:type\" content=\"article\" \/>\n<meta property=\"og:title\" content=\"M\u00e1s de 300 Peregrinaciones llegaron a SLP en v\u00edsperas del D\u00eda de la Virgen de Guadalupe - Canal 7 SLP - 2025\" \/>\n<meta property=\"og:description\" content=\"SLP.- La Arquidi\u00f3cesis de San Luis Potos\u00ed report\u00f3 que m\u00e1s de 300 peregrinaciones se registraron con motivo de las celebraciones por el D\u00eda de la Virgen de Guadalupe en la capital potosina. Fue el padre, Gabino Medina Portales, quien explic\u00f3 que para este 12 de diciembre se espera la visita de m\u00e1s de 200 mil feligreses. \u201cQuiero comentarles que hay un poquito m\u00e1s de 300 peregrinaciones registradas, algunas otras que han llegado y que de una manera de todos modos se les recibe\u00bb, reiter\u00f3. Indic\u00f3 que se mantienen reuniones con coordinadores para definir los lineamientos de participaci\u00f3n durante este viernes. [&hellip;]\" \/>\n<meta property=\"og:url\" content=\"https:\/\/canal7slp.tv\/2025\/mas-de-300-peregrinaciones-llegaron-a-slp-en-visperas-del-dia-de-la-virgen-de-guadalupe\/\" \/>\n<meta property=\"og:site_name\" content=\"Canal 7 SLP - 2025\" \/>\n<meta property=\"article:publisher\" content=\"https:\/\/www.facebook.com\/noticieroscanal7atencionciudadana\/\" \/>\n<meta property=\"article:published_time\" content=\"2025-12-11T22:42:40+00:00\" \/>\n<meta property=\"og:image\" content=\"https:\/\/canal7slp.tv\/2025\/wp-content\/uploads\/2025\/12\/Vazquez0Peregrinaciones.jpg\" \/>\n\t<meta property=\"og:image:width\" content=\"1280\" \/>\n\t<meta property=\"og:image:height\" content=\"720\" \/>\n\t<meta property=\"og:image:type\" content=\"image\/jpeg\" \/>\n<meta name=\"author\" content=\"Edici\u00f3n Web\" \/>\n<meta name=\"twitter:card\" content=\"summary_large_image\" \/>\n<meta name=\"twitter:creator\" content=\"@NOTICIEROS7\" \/>\n<meta name=\"twitter:site\" content=\"@NOTICIEROS7\" \/>\n<meta name=\"twitter:label1\" content=\"Escrito por\" \/>\n\t<meta name=\"twitter:data1\" content=\"Edici\u00f3n Web\" \/>\n\t<meta name=\"twitter:label2\" content=\"Tiempo de lectura\" \/>\n\t<meta name=\"twitter:data2\" content=\"2 minutos\" \/>\n<script type=\"application\/ld+json\" class=\"yoast-schema-graph\">{\"@context\":\"https:\\\/\\\/schema.org\",\"@graph\":[{\"@type\":\"Article\",\"@id\":\"https:\\\/\\\/canal7slp.tv\\\/2025\\\/mas-de-300-peregrinaciones-llegaron-a-slp-en-visperas-del-dia-de-la-virgen-de-guadalupe\\\/#article\",\"isPartOf\":{\"@id\":\"https:\\\/\\\/canal7slp.tv\\\/2025\\\/mas-de-300-peregrinaciones-llegaron-a-slp-en-visperas-del-dia-de-la-virgen-de-guadalupe\\\/\"},\"author\":{\"name\":\"Edici\u00f3n Web\",\"@id\":\"https:\\\/\\\/canal7slp.tv\\\/2025\\\/#\\\/schema\\\/person\\\/271e2b60a96e7cc9d9ac296f4d7e414b\"},\"headline\":\"M\u00e1s de 300 Peregrinaciones llegaron a SLP en v\u00edsperas del D\u00eda de la Virgen de Guadalupe\",\"datePublished\":\"2025-12-11T22:42:40+00:00\",\"mainEntityOfPage\":{\"@id\":\"https:\\\/\\\/canal7slp.tv\\\/2025\\\/mas-de-300-peregrinaciones-llegaron-a-slp-en-visperas-del-dia-de-la-virgen-de-guadalupe\\\/\"},\"wordCount\":403,\"publisher\":{\"@id\":\"https:\\\/\\\/canal7slp.tv\\\/2025\\\/#organization\"},\"image\":{\"@id\":\"https:\\\/\\\/canal7slp.tv\\\/2025\\\/mas-de-300-peregrinaciones-llegaron-a-slp-en-visperas-del-dia-de-la-virgen-de-guadalupe\\\/#primaryimage\"},\"thumbnailUrl\":\"https:\\\/\\\/canal7slp.tv\\\/2025\\\/wp-content\\\/uploads\\\/2025\\\/12\\\/Vazquez0Peregrinaciones.jpg\",\"articleSection\":[\"DESTACADAS\",\"Iglesia\",\"LOCALES Y REGIONALES\"],\"inLanguage\":\"es\"},{\"@type\":\"WebPage\",\"@id\":\"https:\\\/\\\/canal7slp.tv\\\/2025\\\/mas-de-300-peregrinaciones-llegaron-a-slp-en-visperas-del-dia-de-la-virgen-de-guadalupe\\\/\",\"url\":\"https:\\\/\\\/canal7slp.tv\\\/2025\\\/mas-de-300-peregrinaciones-llegaron-a-slp-en-visperas-del-dia-de-la-virgen-de-guadalupe\\\/\",\"name\":\"M\u00e1s de 300 Peregrinaciones llegaron a SLP en v\u00edsperas del D\u00eda de la Virgen de Guadalupe - Canal 7 SLP - 2025\",\"isPartOf\":{\"@id\":\"https:\\\/\\\/canal7slp.tv\\\/2025\\\/#website\"},\"primaryImageOfPage\":{\"@id\":\"https:\\\/\\\/canal7slp.tv\\\/2025\\\/mas-de-300-peregrinaciones-llegaron-a-slp-en-visperas-del-dia-de-la-virgen-de-guadalupe\\\/#primaryimage\"},\"image\":{\"@id\":\"https:\\\/\\\/canal7slp.tv\\\/2025\\\/mas-de-300-peregrinaciones-llegaron-a-slp-en-visperas-del-dia-de-la-virgen-de-guadalupe\\\/#primaryimage\"},\"thumbnailUrl\":\"https:\\\/\\\/canal7slp.tv\\\/2025\\\/wp-content\\\/uploads\\\/2025\\\/12\\\/Vazquez0Peregrinaciones.jpg\",\"datePublished\":\"2025-12-11T22:42:40+00:00\",\"breadcrumb\":{\"@id\":\"https:\\\/\\\/canal7slp.tv\\\/2025\\\/mas-de-300-peregrinaciones-llegaron-a-slp-en-visperas-del-dia-de-la-virgen-de-guadalupe\\\/#breadcrumb\"},\"inLanguage\":\"es\",\"potentialAction\":[{\"@type\":\"ReadAction\",\"target\":[\"https:\\\/\\\/canal7slp.tv\\\/2025\\\/mas-de-300-peregrinaciones-llegaron-a-slp-en-visperas-del-dia-de-la-virgen-de-guadalupe\\\/\"]}]},{\"@type\":\"ImageObject\",\"inLanguage\":\"es\",\"@id\":\"https:\\\/\\\/canal7slp.tv\\\/2025\\\/mas-de-300-peregrinaciones-llegaron-a-slp-en-visperas-del-dia-de-la-virgen-de-guadalupe\\\/#primaryimage\",\"url\":\"https:\\\/\\\/canal7slp.tv\\\/2025\\\/wp-content\\\/uploads\\\/2025\\\/12\\\/Vazquez0Peregrinaciones.jpg\",\"contentUrl\":\"https:\\\/\\\/canal7slp.tv\\\/2025\\\/wp-content\\\/uploads\\\/2025\\\/12\\\/Vazquez0Peregrinaciones.jpg\",\"width\":1280,\"height\":720},{\"@type\":\"BreadcrumbList\",\"@id\":\"https:\\\/\\\/canal7slp.tv\\\/2025\\\/mas-de-300-peregrinaciones-llegaron-a-slp-en-visperas-del-dia-de-la-virgen-de-guadalupe\\\/#breadcrumb\",\"itemListElement\":[{\"@type\":\"ListItem\",\"position\":1,\"name\":\"Portada\",\"item\":\"https:\\\/\\\/canal7slp.tv\\\/2025\\\/\"},{\"@type\":\"ListItem\",\"position\":2,\"name\":\"M\u00e1s de 300 Peregrinaciones llegaron a SLP en v\u00edsperas del D\u00eda de la Virgen de Guadalupe\"}]},{\"@type\":\"WebSite\",\"@id\":\"https:\\\/\\\/canal7slp.tv\\\/2025\\\/#website\",\"url\":\"https:\\\/\\\/canal7slp.tv\\\/2025\\\/\",\"name\":\"N7 - Noticieros Canal 7\",\"description\":\"Somos el Medio\",\"publisher\":{\"@id\":\"https:\\\/\\\/canal7slp.tv\\\/2025\\\/#organization\"},\"potentialAction\":[{\"@type\":\"SearchAction\",\"target\":{\"@type\":\"EntryPoint\",\"urlTemplate\":\"https:\\\/\\\/canal7slp.tv\\\/2025\\\/?s={search_term_string}\"},\"query-input\":{\"@type\":\"PropertyValueSpecification\",\"valueRequired\":true,\"valueName\":\"search_term_string\"}}],\"inLanguage\":\"es\"},{\"@type\":\"Organization\",\"@id\":\"https:\\\/\\\/canal7slp.tv\\\/2025\\\/#organization\",\"name\":\"Noticieros Canal 7\",\"url\":\"https:\\\/\\\/canal7slp.tv\\\/2025\\\/\",\"logo\":{\"@type\":\"ImageObject\",\"inLanguage\":\"es\",\"@id\":\"https:\\\/\\\/canal7slp.tv\\\/2025\\\/#\\\/schema\\\/logo\\\/image\\\/\",\"url\":\"https:\\\/\\\/canal7slp.tv\\\/2025\\\/wp-content\\\/uploads\\\/2021\\\/01\\\/logo-noticieros@2x.png\",\"contentUrl\":\"https:\\\/\\\/canal7slp.tv\\\/2025\\\/wp-content\\\/uploads\\\/2021\\\/01\\\/logo-noticieros@2x.png\",\"width\":1017,\"height\":268,\"caption\":\"Noticieros Canal 7\"},\"image\":{\"@id\":\"https:\\\/\\\/canal7slp.tv\\\/2025\\\/#\\\/schema\\\/logo\\\/image\\\/\"},\"sameAs\":[\"https:\\\/\\\/www.facebook.com\\\/noticieroscanal7atencionciudadana\\\/\",\"https:\\\/\\\/x.com\\\/NOTICIEROS7\",\"https:\\\/\\\/www.instagram.com\\\/canal7_slp\",\"https:\\\/\\\/www.youtube.com\\\/channel\\\/UCliiYs-gP3JfJeqdPrNdd5A\"]},{\"@type\":\"Person\",\"@id\":\"https:\\\/\\\/canal7slp.tv\\\/2025\\\/#\\\/schema\\\/person\\\/271e2b60a96e7cc9d9ac296f4d7e414b\",\"name\":\"Edici\u00f3n Web\",\"image\":{\"@type\":\"ImageObject\",\"inLanguage\":\"es\",\"@id\":\"https:\\\/\\\/secure.gravatar.com\\\/avatar\\\/eee448fc3f7164808013b816ba91ac7e43bbe82a70bebac296f8bc6f0addaa1a?s=96&d=mm&r=g\",\"url\":\"https:\\\/\\\/secure.gravatar.com\\\/avatar\\\/eee448fc3f7164808013b816ba91ac7e43bbe82a70bebac296f8bc6f0addaa1a?s=96&d=mm&r=g\",\"contentUrl\":\"https:\\\/\\\/secure.gravatar.com\\\/avatar\\\/eee448fc3f7164808013b816ba91ac7e43bbe82a70bebac296f8bc6f0addaa1a?s=96&d=mm&r=g\",\"caption\":\"Edici\u00f3n Web\"},\"url\":\"https:\\\/\\\/canal7slp.tv\\\/2025\\\/author\\\/edicionweb\\\/\"}]}<\/script>\n<!-- \/ Yoast SEO plugin. -->","yoast_head_json":{"title":"M\u00e1s de 300 Peregrinaciones llegaron a SLP en v\u00edsperas del D\u00eda de la Virgen de Guadalupe - Canal 7 SLP - 2025","robots":{"index":"index","follow":"follow","max-snippet":"max-snippet:-1","max-image-preview":"max-image-preview:large","max-video-preview":"max-video-preview:-1"},"canonical":"https:\/\/canal7slp.tv\/2025\/mas-de-300-peregrinaciones-llegaron-a-slp-en-visperas-del-dia-de-la-virgen-de-guadalupe\/","og_locale":"es_ES","og_type":"article","og_title":"M\u00e1s de 300 Peregrinaciones llegaron a SLP en v\u00edsperas del D\u00eda de la Virgen de Guadalupe - Canal 7 SLP - 2025","og_description":"SLP.- La Arquidi\u00f3cesis de San Luis Potos\u00ed report\u00f3 que m\u00e1s de 300 peregrinaciones se registraron con motivo de las celebraciones por el D\u00eda de la Virgen de Guadalupe en la capital potosina. Fue el padre, Gabino Medina Portales, quien explic\u00f3 que para este 12 de diciembre se espera la visita de m\u00e1s de 200 mil feligreses. \u201cQuiero comentarles que hay un poquito m\u00e1s de 300 peregrinaciones registradas, algunas otras que han llegado y que de una manera de todos modos se les recibe\u00bb, reiter\u00f3. Indic\u00f3 que se mantienen reuniones con coordinadores para definir los lineamientos de participaci\u00f3n durante este viernes. [&hellip;]","og_url":"https:\/\/canal7slp.tv\/2025\/mas-de-300-peregrinaciones-llegaron-a-slp-en-visperas-del-dia-de-la-virgen-de-guadalupe\/","og_site_name":"Canal 7 SLP - 2025","article_publisher":"https:\/\/www.facebook.com\/noticieroscanal7atencionciudadana\/","article_published_time":"2025-12-11T22:42:40+00:00","og_image":[{"width":1280,"height":720,"url":"https:\/\/canal7slp.tv\/2025\/wp-content\/uploads\/2025\/12\/Vazquez0Peregrinaciones.jpg","type":"image\/jpeg"}],"author":"Edici\u00f3n Web","twitter_card":"summary_large_image","twitter_creator":"@NOTICIEROS7","twitter_site":"@NOTICIEROS7","twitter_misc":{"Escrito por":"Edici\u00f3n Web","Tiempo de lectura":"2 minutos"},"schema":{"@context":"https:\/\/schema.org","@graph":[{"@type":"Article","@id":"https:\/\/canal7slp.tv\/2025\/mas-de-300-peregrinaciones-llegaron-a-slp-en-visperas-del-dia-de-la-virgen-de-guadalupe\/#article","isPartOf":{"@id":"https:\/\/canal7slp.tv\/2025\/mas-de-300-peregrinaciones-llegaron-a-slp-en-visperas-del-dia-de-la-virgen-de-guadalupe\/"},"author":{"name":"Edici\u00f3n Web","@id":"https:\/\/canal7slp.tv\/2025\/#\/schema\/person\/271e2b60a96e7cc9d9ac296f4d7e414b"},"headline":"M\u00e1s de 300 Peregrinaciones llegaron a SLP en v\u00edsperas del D\u00eda de la Virgen de Guadalupe","datePublished":"2025-12-11T22:42:40+00:00","mainEntityOfPage":{"@id":"https:\/\/canal7slp.tv\/2025\/mas-de-300-peregrinaciones-llegaron-a-slp-en-visperas-del-dia-de-la-virgen-de-guadalupe\/"},"wordCount":403,"publisher":{"@id":"https:\/\/canal7slp.tv\/2025\/#organization"},"image":{"@id":"https:\/\/canal7slp.tv\/2025\/mas-de-300-peregrinaciones-llegaron-a-slp-en-visperas-del-dia-de-la-virgen-de-guadalupe\/#primaryimage"},"thumbnailUrl":"https:\/\/canal7slp.tv\/2025\/wp-content\/uploads\/2025\/12\/Vazquez0Peregrinaciones.jpg","articleSection":["DESTACADAS","Iglesia","LOCALES Y REGIONALES"],"inLanguage":"es"},{"@type":"WebPage","@id":"https:\/\/canal7slp.tv\/2025\/mas-de-300-peregrinaciones-llegaron-a-slp-en-visperas-del-dia-de-la-virgen-de-guadalupe\/","url":"https:\/\/canal7slp.tv\/2025\/mas-de-300-peregrinaciones-llegaron-a-slp-en-visperas-del-dia-de-la-virgen-de-guadalupe\/","name":"M\u00e1s de 300 Peregrinaciones llegaron a SLP en v\u00edsperas del D\u00eda de la Virgen de Guadalupe - Canal 7 SLP - 2025","isPartOf":{"@id":"https:\/\/canal7slp.tv\/2025\/#website"},"primaryImageOfPage":{"@id":"https:\/\/canal7slp.tv\/2025\/mas-de-300-peregrinaciones-llegaron-a-slp-en-visperas-del-dia-de-la-virgen-de-guadalupe\/#primaryimage"},"image":{"@id":"https:\/\/canal7slp.tv\/2025\/mas-de-300-peregrinaciones-llegaron-a-slp-en-visperas-del-dia-de-la-virgen-de-guadalupe\/#primaryimage"},"thumbnailUrl":"https:\/\/canal7slp.tv\/2025\/wp-content\/uploads\/2025\/12\/Vazquez0Peregrinaciones.jpg","datePublished":"2025-12-11T22:42:40+00:00","breadcrumb":{"@id":"https:\/\/canal7slp.tv\/2025\/mas-de-300-peregrinaciones-llegaron-a-slp-en-visperas-del-dia-de-la-virgen-de-guadalupe\/#breadcrumb"},"inLanguage":"es","potentialAction":[{"@type":"ReadAction","target":["https:\/\/canal7slp.tv\/2025\/mas-de-300-peregrinaciones-llegaron-a-slp-en-visperas-del-dia-de-la-virgen-de-guadalupe\/"]}]},{"@type":"ImageObject","inLanguage":"es","@id":"https:\/\/canal7slp.tv\/2025\/mas-de-300-peregrinaciones-llegaron-a-slp-en-visperas-del-dia-de-la-virgen-de-guadalupe\/#primaryimage","url":"https:\/\/canal7slp.tv\/2025\/wp-content\/uploads\/2025\/12\/Vazquez0Peregrinaciones.jpg","contentUrl":"https:\/\/canal7slp.tv\/2025\/wp-content\/uploads\/2025\/12\/Vazquez0Peregrinaciones.jpg","width":1280,"height":720},{"@type":"BreadcrumbList","@id":"https:\/\/canal7slp.tv\/2025\/mas-de-300-peregrinaciones-llegaron-a-slp-en-visperas-del-dia-de-la-virgen-de-guadalupe\/#breadcrumb","itemListElement":[{"@type":"ListItem","position":1,"name":"Portada","item":"https:\/\/canal7slp.tv\/2025\/"},{"@type":"ListItem","position":2,"name":"M\u00e1s de 300 Peregrinaciones llegaron a SLP en v\u00edsperas del D\u00eda de la Virgen de Guadalupe"}]},{"@type":"WebSite","@id":"https:\/\/canal7slp.tv\/2025\/#website","url":"https:\/\/canal7slp.tv\/2025\/","name":"N7 - Noticieros Canal 7","description":"Somos el Medio","publisher":{"@id":"https:\/\/canal7slp.tv\/2025\/#organization"},"potentialAction":[{"@type":"SearchAction","target":{"@type":"EntryPoint","urlTemplate":"https:\/\/canal7slp.tv\/2025\/?s={search_term_string}"},"query-input":{"@type":"PropertyValueSpecification","valueRequired":true,"valueName":"search_term_string"}}],"inLanguage":"es"},{"@type":"Organization","@id":"https:\/\/canal7slp.tv\/2025\/#organization","name":"Noticieros Canal 7","url":"https:\/\/canal7slp.tv\/2025\/","logo":{"@type":"ImageObject","inLanguage":"es","@id":"https:\/\/canal7slp.tv\/2025\/#\/schema\/logo\/image\/","url":"https:\/\/canal7slp.tv\/2025\/wp-content\/uploads\/2021\/01\/logo-noticieros@2x.png","contentUrl":"https:\/\/canal7slp.tv\/2025\/wp-content\/uploads\/2021\/01\/logo-noticieros@2x.png","width":1017,"height":268,"caption":"Noticieros Canal 7"},"image":{"@id":"https:\/\/canal7slp.tv\/2025\/#\/schema\/logo\/image\/"},"sameAs":["https:\/\/www.facebook.com\/noticieroscanal7atencionciudadana\/","https:\/\/x.com\/NOTICIEROS7","https:\/\/www.instagram.com\/canal7_slp","https:\/\/www.youtube.com\/channel\/UCliiYs-gP3JfJeqdPrNdd5A"]},{"@type":"Person","@id":"https:\/\/canal7slp.tv\/2025\/#\/schema\/person\/271e2b60a96e7cc9d9ac296f4d7e414b","name":"Edici\u00f3n Web","image":{"@type":"ImageObject","inLanguage":"es","@id":"https:\/\/secure.gravatar.com\/avatar\/eee448fc3f7164808013b816ba91ac7e43bbe82a70bebac296f8bc6f0addaa1a?s=96&d=mm&r=g","url":"https:\/\/secure.gravatar.com\/avatar\/eee448fc3f7164808013b816ba91ac7e43bbe82a70bebac296f8bc6f0addaa1a?s=96&d=mm&r=g","contentUrl":"https:\/\/secure.gravatar.com\/avatar\/eee448fc3f7164808013b816ba91ac7e43bbe82a70bebac296f8bc6f0addaa1a?s=96&d=mm&r=g","caption":"Edici\u00f3n Web"},"url":"https:\/\/canal7slp.tv\/2025\/author\/edicionweb\/"}]}},"_links":{"self":[{"href":"https:\/\/canal7slp.tv\/2025\/wp-json\/wp\/v2\/posts\/187608","targetHints":{"allow":["GET"]}}],"collection":[{"href":"https:\/\/canal7slp.tv\/2025\/wp-json\/wp\/v2\/posts"}],"about":[{"href":"https:\/\/canal7slp.tv\/2025\/wp-json\/wp\/v2\/types\/post"}],"author":[{"embeddable":true,"href":"https:\/\/canal7slp.tv\/2025\/wp-json\/wp\/v2\/users\/2"}],"replies":[{"embeddable":true,"href":"https:\/\/canal7slp.tv\/2025\/wp-json\/wp\/v2\/comments?post=187608"}],"version-history":[{"count":1,"href":"https:\/\/canal7slp.tv\/2025\/wp-json\/wp\/v2\/posts\/187608\/revisions"}],"predecessor-version":[{"id":187611,"href":"https:\/\/canal7slp.tv\/2025\/wp-json\/wp\/v2\/posts\/187608\/revisions\/187611"}],"wp:featuredmedia":[{"embeddable":true,"href":"https:\/\/canal7slp.tv\/2025\/wp-json\/wp\/v2\/media\/187610"}],"wp:attachment":[{"href":"https:\/\/canal7slp.tv\/2025\/wp-json\/wp\/v2\/media?parent=187608"}],"wp:term":[{"taxonomy":"category","embeddable":true,"href":"https:\/\/canal7slp.tv\/2025\/wp-json\/wp\/v2\/categories?post=187608"},{"taxonomy":"post_tag","embeddable":true,"href":"https:\/\/canal7slp.tv\/2025\/wp-json\/wp\/v2\/tags?post=187608"}],"curies":[{"name":"wp","href":"https:\/\/api.w.org\/{rel}","templated":true}]}}