{"id":187587,"date":"2025-12-11T15:52:25","date_gmt":"2025-12-11T21:52:25","guid":{"rendered":"https:\/\/canal7slp.tv\/2025\/?p=187587"},"modified":"2025-12-11T15:52:25","modified_gmt":"2025-12-11T21:52:25","slug":"godoy-presenta-lineas-de-accion-inmediata-para-fortalecer-la-procuracion-de-justicia-federal","status":"publish","type":"post","link":"https:\/\/canal7slp.tv\/2025\/godoy-presenta-lineas-de-accion-inmediata-para-fortalecer-la-procuracion-de-justicia-federal\/","title":{"rendered":"Godoy presenta l\u00edneas de acci\u00f3n inmediata para fortalecer la procuraci\u00f3n de justicia federal"},"content":{"rendered":"<p style=\"text-align: justify;\">\n<p style=\"text-align: justify;\">M\u00e9xico.- Durante el Consejo Nacional de Seguridad P\u00fablica celebrado este jueves, la nueva fiscal general de la Rep\u00fablica, Ernestina Godoy Ramos, anunci\u00f3 que la Fiscal\u00eda General de la Rep\u00fablica (FGR) actuar\u00e1 con plena autonom\u00eda y que ya inici\u00f3 la elaboraci\u00f3n de un plan estrat\u00e9gico de procuraci\u00f3n de justicia para enfrentar los desaf\u00edos que representan las organizaciones criminales en el pa\u00eds.<\/p>\n<p style=\"text-align: justify;\">Godoy Ramos, quien recientemente asumi\u00f3 el cargo ante el Senado, se\u00f1al\u00f3 que la autonom\u00eda de la instituci\u00f3n ser\u00e1 un principio rector de su gesti\u00f3n, pero que se ejercer\u00e1 \u00abcon visi\u00f3n de Estado, con trabajo eficiente y con resultados\u00bb. Destac\u00f3 que el plan estrat\u00e9gico, cuya elaboraci\u00f3n ya comenz\u00f3, ser\u00e1 presentado en breve, conforme a lo que establece la ley.<\/p>\n<p style=\"text-align: justify;\">Mientras se concluye dicho plan, la fiscal inform\u00f3 que se instrument\u00f3 un plan emergente de acciones inmediatas sustentado en seis l\u00edneas centrales:<\/p>\n<ul style=\"text-align: justify;\">\n<li>Reforzar la coordinaci\u00f3n con el Gabinete Federal de Seguridad.<\/li>\n<li>Fortalecer las fiscal\u00edas federales en los estados.<\/li>\n<li>Impulsar un nuevo modelo de investigaci\u00f3n basado en inteligencia.<\/li>\n<li>Realizar una restructuraci\u00f3n interna de la instituci\u00f3n.<\/li>\n<li>Modernizar y robustecer la Agencia de Investigaci\u00f3n Criminal.<\/li>\n<li>Priorizar delitos de alto impacto, optimizando recursos.<\/li>\n<\/ul>\n<p style=\"text-align: justify;\">Godoy Ramos afirm\u00f3 que el objetivo principal es dignificar y profesionalizar la procuraci\u00f3n de justicia federal. Subray\u00f3 que la FGR se integra plenamente a la estrategia de seguridad federal, la cual, record\u00f3, se basa en atender causas, consolidar a la Guardia Nacional, profundizar en inteligencia e investigaci\u00f3n y fortalecer la coordinaci\u00f3n.<\/p>\n<p style=\"text-align: justify;\">Finalmente, reiter\u00f3 que la Fiscal\u00eda tendr\u00e1 como eje central a las v\u00edctimas y se comprometi\u00f3 a ser una aliada de las instituciones estatales para cumplir con la tarea de seguridad.<\/p>\n<p style=\"text-align: justify;\">\n","protected":false},"excerpt":{"rendered":"<p>M\u00e9xico.- Durante el Consejo Nacional de Seguridad P\u00fablica celebrado este jueves, la nueva fiscal general de la Rep\u00fablica, Ernestina Godoy Ramos, anunci\u00f3 que la Fiscal\u00eda General de la Rep\u00fablica (FGR) actuar\u00e1 con plena autonom\u00eda y que ya inici\u00f3 la elaboraci\u00f3n de un plan estrat\u00e9gico de procuraci\u00f3n de justicia para enfrentar los desaf\u00edos que representan las organizaciones criminales en el pa\u00eds. Godoy Ramos, quien recientemente asumi\u00f3 el cargo ante el Senado, se\u00f1al\u00f3 que la autonom\u00eda de la instituci\u00f3n ser\u00e1 un principio rector de su gesti\u00f3n, pero que se ejercer\u00e1 \u00abcon visi\u00f3n de Estado, con trabajo eficiente y con resultados\u00bb. Destac\u00f3 que [&hellip;]<\/p>\n","protected":false},"author":2,"featured_media":187588,"comment_status":"closed","ping_status":"closed","sticky":false,"template":"","format":"standard","meta":{"_monsterinsights_skip_tracking":false,"_monsterinsights_sitenote_active":false,"_monsterinsights_sitenote_note":"","_monsterinsights_sitenote_category":0,"footnotes":""},"categories":[46],"tags":[],"class_list":["post-187587","post","type-post","status-publish","format-standard","has-post-thumbnail","hentry","category-nacional","post--single"],"yoast_head":"<!-- This site is optimized with the Yoast SEO plugin v27.5 - https:\/\/yoast.com\/product\/yoast-seo-wordpress\/ -->\n<title>Godoy presenta l\u00edneas de acci\u00f3n inmediata para fortalecer la procuraci\u00f3n de justicia federal - Canal 7 SLP - 2025<\/title>\n<meta name=\"robots\" content=\"index, follow, max-snippet:-1, max-image-preview:large, max-video-preview:-1\" \/>\n<link rel=\"canonical\" href=\"https:\/\/canal7slp.tv\/2025\/godoy-presenta-lineas-de-accion-inmediata-para-fortalecer-la-procuracion-de-justicia-federal\/\" \/>\n<meta property=\"og:locale\" content=\"es_ES\" \/>\n<meta property=\"og:type\" content=\"article\" \/>\n<meta property=\"og:title\" content=\"Godoy presenta l\u00edneas de acci\u00f3n inmediata para fortalecer la procuraci\u00f3n de justicia federal - Canal 7 SLP - 2025\" \/>\n<meta property=\"og:description\" content=\"M\u00e9xico.- Durante el Consejo Nacional de Seguridad P\u00fablica celebrado este jueves, la nueva fiscal general de la Rep\u00fablica, Ernestina Godoy Ramos, anunci\u00f3 que la Fiscal\u00eda General de la Rep\u00fablica (FGR) actuar\u00e1 con plena autonom\u00eda y que ya inici\u00f3 la elaboraci\u00f3n de un plan estrat\u00e9gico de procuraci\u00f3n de justicia para enfrentar los desaf\u00edos que representan las organizaciones criminales en el pa\u00eds. Godoy Ramos, quien recientemente asumi\u00f3 el cargo ante el Senado, se\u00f1al\u00f3 que la autonom\u00eda de la instituci\u00f3n ser\u00e1 un principio rector de su gesti\u00f3n, pero que se ejercer\u00e1 \u00abcon visi\u00f3n de Estado, con trabajo eficiente y con resultados\u00bb. Destac\u00f3 que [&hellip;]\" \/>\n<meta property=\"og:url\" content=\"https:\/\/canal7slp.tv\/2025\/godoy-presenta-lineas-de-accion-inmediata-para-fortalecer-la-procuracion-de-justicia-federal\/\" \/>\n<meta property=\"og:site_name\" content=\"Canal 7 SLP - 2025\" \/>\n<meta property=\"article:publisher\" content=\"https:\/\/www.facebook.com\/noticieroscanal7atencionciudadana\/\" \/>\n<meta property=\"article:published_time\" content=\"2025-12-11T21:52:25+00:00\" \/>\n<meta property=\"og:image\" content=\"https:\/\/canal7slp.tv\/2025\/wp-content\/uploads\/2025\/12\/08-9.jpg\" \/>\n\t<meta property=\"og:image:width\" content=\"750\" \/>\n\t<meta property=\"og:image:height\" content=\"500\" \/>\n\t<meta property=\"og:image:type\" content=\"image\/jpeg\" \/>\n<meta name=\"author\" content=\"Edici\u00f3n Web\" \/>\n<meta name=\"twitter:card\" content=\"summary_large_image\" \/>\n<meta name=\"twitter:creator\" content=\"@NOTICIEROS7\" \/>\n<meta name=\"twitter:site\" content=\"@NOTICIEROS7\" \/>\n<meta name=\"twitter:label1\" content=\"Escrito por\" \/>\n\t<meta name=\"twitter:data1\" content=\"Edici\u00f3n Web\" \/>\n\t<meta name=\"twitter:label2\" content=\"Tiempo de lectura\" \/>\n\t<meta name=\"twitter:data2\" content=\"2 minutos\" \/>\n<script type=\"application\/ld+json\" class=\"yoast-schema-graph\">{\"@context\":\"https:\\\/\\\/schema.org\",\"@graph\":[{\"@type\":\"Article\",\"@id\":\"https:\\\/\\\/canal7slp.tv\\\/2025\\\/godoy-presenta-lineas-de-accion-inmediata-para-fortalecer-la-procuracion-de-justicia-federal\\\/#article\",\"isPartOf\":{\"@id\":\"https:\\\/\\\/canal7slp.tv\\\/2025\\\/godoy-presenta-lineas-de-accion-inmediata-para-fortalecer-la-procuracion-de-justicia-federal\\\/\"},\"author\":{\"name\":\"Edici\u00f3n Web\",\"@id\":\"https:\\\/\\\/canal7slp.tv\\\/2025\\\/#\\\/schema\\\/person\\\/271e2b60a96e7cc9d9ac296f4d7e414b\"},\"headline\":\"Godoy presenta l\u00edneas de acci\u00f3n inmediata para fortalecer la procuraci\u00f3n de justicia federal\",\"datePublished\":\"2025-12-11T21:52:25+00:00\",\"mainEntityOfPage\":{\"@id\":\"https:\\\/\\\/canal7slp.tv\\\/2025\\\/godoy-presenta-lineas-de-accion-inmediata-para-fortalecer-la-procuracion-de-justicia-federal\\\/\"},\"wordCount\":315,\"publisher\":{\"@id\":\"https:\\\/\\\/canal7slp.tv\\\/2025\\\/#organization\"},\"image\":{\"@id\":\"https:\\\/\\\/canal7slp.tv\\\/2025\\\/godoy-presenta-lineas-de-accion-inmediata-para-fortalecer-la-procuracion-de-justicia-federal\\\/#primaryimage\"},\"thumbnailUrl\":\"https:\\\/\\\/canal7slp.tv\\\/2025\\\/wp-content\\\/uploads\\\/2025\\\/12\\\/08-9.jpg\",\"articleSection\":[\"NACIONALES\"],\"inLanguage\":\"es\"},{\"@type\":\"WebPage\",\"@id\":\"https:\\\/\\\/canal7slp.tv\\\/2025\\\/godoy-presenta-lineas-de-accion-inmediata-para-fortalecer-la-procuracion-de-justicia-federal\\\/\",\"url\":\"https:\\\/\\\/canal7slp.tv\\\/2025\\\/godoy-presenta-lineas-de-accion-inmediata-para-fortalecer-la-procuracion-de-justicia-federal\\\/\",\"name\":\"Godoy presenta l\u00edneas de acci\u00f3n inmediata para fortalecer la procuraci\u00f3n de justicia federal - Canal 7 SLP - 2025\",\"isPartOf\":{\"@id\":\"https:\\\/\\\/canal7slp.tv\\\/2025\\\/#website\"},\"primaryImageOfPage\":{\"@id\":\"https:\\\/\\\/canal7slp.tv\\\/2025\\\/godoy-presenta-lineas-de-accion-inmediata-para-fortalecer-la-procuracion-de-justicia-federal\\\/#primaryimage\"},\"image\":{\"@id\":\"https:\\\/\\\/canal7slp.tv\\\/2025\\\/godoy-presenta-lineas-de-accion-inmediata-para-fortalecer-la-procuracion-de-justicia-federal\\\/#primaryimage\"},\"thumbnailUrl\":\"https:\\\/\\\/canal7slp.tv\\\/2025\\\/wp-content\\\/uploads\\\/2025\\\/12\\\/08-9.jpg\",\"datePublished\":\"2025-12-11T21:52:25+00:00\",\"breadcrumb\":{\"@id\":\"https:\\\/\\\/canal7slp.tv\\\/2025\\\/godoy-presenta-lineas-de-accion-inmediata-para-fortalecer-la-procuracion-de-justicia-federal\\\/#breadcrumb\"},\"inLanguage\":\"es\",\"potentialAction\":[{\"@type\":\"ReadAction\",\"target\":[\"https:\\\/\\\/canal7slp.tv\\\/2025\\\/godoy-presenta-lineas-de-accion-inmediata-para-fortalecer-la-procuracion-de-justicia-federal\\\/\"]}]},{\"@type\":\"ImageObject\",\"inLanguage\":\"es\",\"@id\":\"https:\\\/\\\/canal7slp.tv\\\/2025\\\/godoy-presenta-lineas-de-accion-inmediata-para-fortalecer-la-procuracion-de-justicia-federal\\\/#primaryimage\",\"url\":\"https:\\\/\\\/canal7slp.tv\\\/2025\\\/wp-content\\\/uploads\\\/2025\\\/12\\\/08-9.jpg\",\"contentUrl\":\"https:\\\/\\\/canal7slp.tv\\\/2025\\\/wp-content\\\/uploads\\\/2025\\\/12\\\/08-9.jpg\",\"width\":750,\"height\":500},{\"@type\":\"BreadcrumbList\",\"@id\":\"https:\\\/\\\/canal7slp.tv\\\/2025\\\/godoy-presenta-lineas-de-accion-inmediata-para-fortalecer-la-procuracion-de-justicia-federal\\\/#breadcrumb\",\"itemListElement\":[{\"@type\":\"ListItem\",\"position\":1,\"name\":\"Portada\",\"item\":\"https:\\\/\\\/canal7slp.tv\\\/2025\\\/\"},{\"@type\":\"ListItem\",\"position\":2,\"name\":\"Godoy presenta l\u00edneas de acci\u00f3n inmediata para fortalecer la procuraci\u00f3n de justicia federal\"}]},{\"@type\":\"WebSite\",\"@id\":\"https:\\\/\\\/canal7slp.tv\\\/2025\\\/#website\",\"url\":\"https:\\\/\\\/canal7slp.tv\\\/2025\\\/\",\"name\":\"N7 - Noticieros Canal 7\",\"description\":\"Somos el Medio\",\"publisher\":{\"@id\":\"https:\\\/\\\/canal7slp.tv\\\/2025\\\/#organization\"},\"potentialAction\":[{\"@type\":\"SearchAction\",\"target\":{\"@type\":\"EntryPoint\",\"urlTemplate\":\"https:\\\/\\\/canal7slp.tv\\\/2025\\\/?s={search_term_string}\"},\"query-input\":{\"@type\":\"PropertyValueSpecification\",\"valueRequired\":true,\"valueName\":\"search_term_string\"}}],\"inLanguage\":\"es\"},{\"@type\":\"Organization\",\"@id\":\"https:\\\/\\\/canal7slp.tv\\\/2025\\\/#organization\",\"name\":\"Noticieros Canal 7\",\"url\":\"https:\\\/\\\/canal7slp.tv\\\/2025\\\/\",\"logo\":{\"@type\":\"ImageObject\",\"inLanguage\":\"es\",\"@id\":\"https:\\\/\\\/canal7slp.tv\\\/2025\\\/#\\\/schema\\\/logo\\\/image\\\/\",\"url\":\"https:\\\/\\\/canal7slp.tv\\\/2025\\\/wp-content\\\/uploads\\\/2021\\\/01\\\/logo-noticieros@2x.png\",\"contentUrl\":\"https:\\\/\\\/canal7slp.tv\\\/2025\\\/wp-content\\\/uploads\\\/2021\\\/01\\\/logo-noticieros@2x.png\",\"width\":1017,\"height\":268,\"caption\":\"Noticieros Canal 7\"},\"image\":{\"@id\":\"https:\\\/\\\/canal7slp.tv\\\/2025\\\/#\\\/schema\\\/logo\\\/image\\\/\"},\"sameAs\":[\"https:\\\/\\\/www.facebook.com\\\/noticieroscanal7atencionciudadana\\\/\",\"https:\\\/\\\/x.com\\\/NOTICIEROS7\",\"https:\\\/\\\/www.instagram.com\\\/canal7_slp\",\"https:\\\/\\\/www.youtube.com\\\/channel\\\/UCliiYs-gP3JfJeqdPrNdd5A\"]},{\"@type\":\"Person\",\"@id\":\"https:\\\/\\\/canal7slp.tv\\\/2025\\\/#\\\/schema\\\/person\\\/271e2b60a96e7cc9d9ac296f4d7e414b\",\"name\":\"Edici\u00f3n Web\",\"image\":{\"@type\":\"ImageObject\",\"inLanguage\":\"es\",\"@id\":\"https:\\\/\\\/secure.gravatar.com\\\/avatar\\\/eee448fc3f7164808013b816ba91ac7e43bbe82a70bebac296f8bc6f0addaa1a?s=96&d=mm&r=g\",\"url\":\"https:\\\/\\\/secure.gravatar.com\\\/avatar\\\/eee448fc3f7164808013b816ba91ac7e43bbe82a70bebac296f8bc6f0addaa1a?s=96&d=mm&r=g\",\"contentUrl\":\"https:\\\/\\\/secure.gravatar.com\\\/avatar\\\/eee448fc3f7164808013b816ba91ac7e43bbe82a70bebac296f8bc6f0addaa1a?s=96&d=mm&r=g\",\"caption\":\"Edici\u00f3n Web\"},\"url\":\"https:\\\/\\\/canal7slp.tv\\\/2025\\\/author\\\/edicionweb\\\/\"}]}<\/script>\n<!-- \/ Yoast SEO plugin. -->","yoast_head_json":{"title":"Godoy presenta l\u00edneas de acci\u00f3n inmediata para fortalecer la procuraci\u00f3n de justicia federal - Canal 7 SLP - 2025","robots":{"index":"index","follow":"follow","max-snippet":"max-snippet:-1","max-image-preview":"max-image-preview:large","max-video-preview":"max-video-preview:-1"},"canonical":"https:\/\/canal7slp.tv\/2025\/godoy-presenta-lineas-de-accion-inmediata-para-fortalecer-la-procuracion-de-justicia-federal\/","og_locale":"es_ES","og_type":"article","og_title":"Godoy presenta l\u00edneas de acci\u00f3n inmediata para fortalecer la procuraci\u00f3n de justicia federal - Canal 7 SLP - 2025","og_description":"M\u00e9xico.- Durante el Consejo Nacional de Seguridad P\u00fablica celebrado este jueves, la nueva fiscal general de la Rep\u00fablica, Ernestina Godoy Ramos, anunci\u00f3 que la Fiscal\u00eda General de la Rep\u00fablica (FGR) actuar\u00e1 con plena autonom\u00eda y que ya inici\u00f3 la elaboraci\u00f3n de un plan estrat\u00e9gico de procuraci\u00f3n de justicia para enfrentar los desaf\u00edos que representan las organizaciones criminales en el pa\u00eds. Godoy Ramos, quien recientemente asumi\u00f3 el cargo ante el Senado, se\u00f1al\u00f3 que la autonom\u00eda de la instituci\u00f3n ser\u00e1 un principio rector de su gesti\u00f3n, pero que se ejercer\u00e1 \u00abcon visi\u00f3n de Estado, con trabajo eficiente y con resultados\u00bb. Destac\u00f3 que [&hellip;]","og_url":"https:\/\/canal7slp.tv\/2025\/godoy-presenta-lineas-de-accion-inmediata-para-fortalecer-la-procuracion-de-justicia-federal\/","og_site_name":"Canal 7 SLP - 2025","article_publisher":"https:\/\/www.facebook.com\/noticieroscanal7atencionciudadana\/","article_published_time":"2025-12-11T21:52:25+00:00","og_image":[{"width":750,"height":500,"url":"https:\/\/canal7slp.tv\/2025\/wp-content\/uploads\/2025\/12\/08-9.jpg","type":"image\/jpeg"}],"author":"Edici\u00f3n Web","twitter_card":"summary_large_image","twitter_creator":"@NOTICIEROS7","twitter_site":"@NOTICIEROS7","twitter_misc":{"Escrito por":"Edici\u00f3n Web","Tiempo de lectura":"2 minutos"},"schema":{"@context":"https:\/\/schema.org","@graph":[{"@type":"Article","@id":"https:\/\/canal7slp.tv\/2025\/godoy-presenta-lineas-de-accion-inmediata-para-fortalecer-la-procuracion-de-justicia-federal\/#article","isPartOf":{"@id":"https:\/\/canal7slp.tv\/2025\/godoy-presenta-lineas-de-accion-inmediata-para-fortalecer-la-procuracion-de-justicia-federal\/"},"author":{"name":"Edici\u00f3n Web","@id":"https:\/\/canal7slp.tv\/2025\/#\/schema\/person\/271e2b60a96e7cc9d9ac296f4d7e414b"},"headline":"Godoy presenta l\u00edneas de acci\u00f3n inmediata para fortalecer la procuraci\u00f3n de justicia federal","datePublished":"2025-12-11T21:52:25+00:00","mainEntityOfPage":{"@id":"https:\/\/canal7slp.tv\/2025\/godoy-presenta-lineas-de-accion-inmediata-para-fortalecer-la-procuracion-de-justicia-federal\/"},"wordCount":315,"publisher":{"@id":"https:\/\/canal7slp.tv\/2025\/#organization"},"image":{"@id":"https:\/\/canal7slp.tv\/2025\/godoy-presenta-lineas-de-accion-inmediata-para-fortalecer-la-procuracion-de-justicia-federal\/#primaryimage"},"thumbnailUrl":"https:\/\/canal7slp.tv\/2025\/wp-content\/uploads\/2025\/12\/08-9.jpg","articleSection":["NACIONALES"],"inLanguage":"es"},{"@type":"WebPage","@id":"https:\/\/canal7slp.tv\/2025\/godoy-presenta-lineas-de-accion-inmediata-para-fortalecer-la-procuracion-de-justicia-federal\/","url":"https:\/\/canal7slp.tv\/2025\/godoy-presenta-lineas-de-accion-inmediata-para-fortalecer-la-procuracion-de-justicia-federal\/","name":"Godoy presenta l\u00edneas de acci\u00f3n inmediata para fortalecer la procuraci\u00f3n de justicia federal - Canal 7 SLP - 2025","isPartOf":{"@id":"https:\/\/canal7slp.tv\/2025\/#website"},"primaryImageOfPage":{"@id":"https:\/\/canal7slp.tv\/2025\/godoy-presenta-lineas-de-accion-inmediata-para-fortalecer-la-procuracion-de-justicia-federal\/#primaryimage"},"image":{"@id":"https:\/\/canal7slp.tv\/2025\/godoy-presenta-lineas-de-accion-inmediata-para-fortalecer-la-procuracion-de-justicia-federal\/#primaryimage"},"thumbnailUrl":"https:\/\/canal7slp.tv\/2025\/wp-content\/uploads\/2025\/12\/08-9.jpg","datePublished":"2025-12-11T21:52:25+00:00","breadcrumb":{"@id":"https:\/\/canal7slp.tv\/2025\/godoy-presenta-lineas-de-accion-inmediata-para-fortalecer-la-procuracion-de-justicia-federal\/#breadcrumb"},"inLanguage":"es","potentialAction":[{"@type":"ReadAction","target":["https:\/\/canal7slp.tv\/2025\/godoy-presenta-lineas-de-accion-inmediata-para-fortalecer-la-procuracion-de-justicia-federal\/"]}]},{"@type":"ImageObject","inLanguage":"es","@id":"https:\/\/canal7slp.tv\/2025\/godoy-presenta-lineas-de-accion-inmediata-para-fortalecer-la-procuracion-de-justicia-federal\/#primaryimage","url":"https:\/\/canal7slp.tv\/2025\/wp-content\/uploads\/2025\/12\/08-9.jpg","contentUrl":"https:\/\/canal7slp.tv\/2025\/wp-content\/uploads\/2025\/12\/08-9.jpg","width":750,"height":500},{"@type":"BreadcrumbList","@id":"https:\/\/canal7slp.tv\/2025\/godoy-presenta-lineas-de-accion-inmediata-para-fortalecer-la-procuracion-de-justicia-federal\/#breadcrumb","itemListElement":[{"@type":"ListItem","position":1,"name":"Portada","item":"https:\/\/canal7slp.tv\/2025\/"},{"@type":"ListItem","position":2,"name":"Godoy presenta l\u00edneas de acci\u00f3n inmediata para fortalecer la procuraci\u00f3n de justicia federal"}]},{"@type":"WebSite","@id":"https:\/\/canal7slp.tv\/2025\/#website","url":"https:\/\/canal7slp.tv\/2025\/","name":"N7 - Noticieros Canal 7","description":"Somos el Medio","publisher":{"@id":"https:\/\/canal7slp.tv\/2025\/#organization"},"potentialAction":[{"@type":"SearchAction","target":{"@type":"EntryPoint","urlTemplate":"https:\/\/canal7slp.tv\/2025\/?s={search_term_string}"},"query-input":{"@type":"PropertyValueSpecification","valueRequired":true,"valueName":"search_term_string"}}],"inLanguage":"es"},{"@type":"Organization","@id":"https:\/\/canal7slp.tv\/2025\/#organization","name":"Noticieros Canal 7","url":"https:\/\/canal7slp.tv\/2025\/","logo":{"@type":"ImageObject","inLanguage":"es","@id":"https:\/\/canal7slp.tv\/2025\/#\/schema\/logo\/image\/","url":"https:\/\/canal7slp.tv\/2025\/wp-content\/uploads\/2021\/01\/logo-noticieros@2x.png","contentUrl":"https:\/\/canal7slp.tv\/2025\/wp-content\/uploads\/2021\/01\/logo-noticieros@2x.png","width":1017,"height":268,"caption":"Noticieros Canal 7"},"image":{"@id":"https:\/\/canal7slp.tv\/2025\/#\/schema\/logo\/image\/"},"sameAs":["https:\/\/www.facebook.com\/noticieroscanal7atencionciudadana\/","https:\/\/x.com\/NOTICIEROS7","https:\/\/www.instagram.com\/canal7_slp","https:\/\/www.youtube.com\/channel\/UCliiYs-gP3JfJeqdPrNdd5A"]},{"@type":"Person","@id":"https:\/\/canal7slp.tv\/2025\/#\/schema\/person\/271e2b60a96e7cc9d9ac296f4d7e414b","name":"Edici\u00f3n Web","image":{"@type":"ImageObject","inLanguage":"es","@id":"https:\/\/secure.gravatar.com\/avatar\/eee448fc3f7164808013b816ba91ac7e43bbe82a70bebac296f8bc6f0addaa1a?s=96&d=mm&r=g","url":"https:\/\/secure.gravatar.com\/avatar\/eee448fc3f7164808013b816ba91ac7e43bbe82a70bebac296f8bc6f0addaa1a?s=96&d=mm&r=g","contentUrl":"https:\/\/secure.gravatar.com\/avatar\/eee448fc3f7164808013b816ba91ac7e43bbe82a70bebac296f8bc6f0addaa1a?s=96&d=mm&r=g","caption":"Edici\u00f3n Web"},"url":"https:\/\/canal7slp.tv\/2025\/author\/edicionweb\/"}]}},"_links":{"self":[{"href":"https:\/\/canal7slp.tv\/2025\/wp-json\/wp\/v2\/posts\/187587","targetHints":{"allow":["GET"]}}],"collection":[{"href":"https:\/\/canal7slp.tv\/2025\/wp-json\/wp\/v2\/posts"}],"about":[{"href":"https:\/\/canal7slp.tv\/2025\/wp-json\/wp\/v2\/types\/post"}],"author":[{"embeddable":true,"href":"https:\/\/canal7slp.tv\/2025\/wp-json\/wp\/v2\/users\/2"}],"replies":[{"embeddable":true,"href":"https:\/\/canal7slp.tv\/2025\/wp-json\/wp\/v2\/comments?post=187587"}],"version-history":[{"count":1,"href":"https:\/\/canal7slp.tv\/2025\/wp-json\/wp\/v2\/posts\/187587\/revisions"}],"predecessor-version":[{"id":187589,"href":"https:\/\/canal7slp.tv\/2025\/wp-json\/wp\/v2\/posts\/187587\/revisions\/187589"}],"wp:featuredmedia":[{"embeddable":true,"href":"https:\/\/canal7slp.tv\/2025\/wp-json\/wp\/v2\/media\/187588"}],"wp:attachment":[{"href":"https:\/\/canal7slp.tv\/2025\/wp-json\/wp\/v2\/media?parent=187587"}],"wp:term":[{"taxonomy":"category","embeddable":true,"href":"https:\/\/canal7slp.tv\/2025\/wp-json\/wp\/v2\/categories?post=187587"},{"taxonomy":"post_tag","embeddable":true,"href":"https:\/\/canal7slp.tv\/2025\/wp-json\/wp\/v2\/tags?post=187587"}],"curies":[{"name":"wp","href":"https:\/\/api.w.org\/{rel}","templated":true}]}}