{"id":187505,"date":"2025-12-10T17:03:27","date_gmt":"2025-12-10T23:03:27","guid":{"rendered":"https:\/\/canal7slp.tv\/2025\/?p=187505"},"modified":"2025-12-10T17:03:27","modified_gmt":"2025-12-10T23:03:27","slug":"gobernador-advierte-posibles-sanciones-y-retiro-de-concesion-tras-agresion-de-taxista-a-un-adulto-mayor","status":"publish","type":"post","link":"https:\/\/canal7slp.tv\/2025\/gobernador-advierte-posibles-sanciones-y-retiro-de-concesion-tras-agresion-de-taxista-a-un-adulto-mayor\/","title":{"rendered":"Gobernador advierte posibles sanciones y retiro de concesi\u00f3n tras agresi\u00f3n de taxista a un adulto mayor"},"content":{"rendered":"<p style=\"text-align: justify;\"><span style=\"font-size: 1.21429rem;\">SLP.- Dentro del gremio taxista existen perfiles que tienen la vocaci\u00f3n de servicio y otros cuyo comportamiento se tiene que sancionar.<\/span><\/p>\n<p style=\"text-align: justify;\">As\u00ed se pronunci\u00f3 el mandatario, Ricardo Gallardo Cardona, tras tras la difusi\u00f3n de un video en el que se observa a un taxista agredir a un adulto mayor.<\/p>\n<p style=\"text-align: justify;\">\u201cNunca se va a permitir eso por parte de nosotros. Y bueno, pues eso es muy particular, en los taxistas, como hay buenos, hay malos\u00bb, dijo.<\/p>\n<p style=\"text-align: justify;\">Se\u00f1al\u00f3 que corresponde a la Secretar\u00eda de Comunicaciones y Transportes investigar el hecho.<\/p>\n<p style=\"text-align: justify;\">\u201cTenemos que dejar que la Secretar\u00eda de Comunicaciones sea quien deslinde el tema del video. Si hay sanciones, muy seguramente se quitar\u00e1 la concesi\u00f3n y se tomar\u00e1n cartas fuertes en el asunto\u00bb, declar\u00f3.<\/p>\n<p style=\"text-align: justify;\">Retom\u00f3 adem\u00e1s antecedentes recientes en los que, dijo, se ha reconocido a taxistas por su actuaci\u00f3n responsable en distintos casos.<\/p>\n<p style=\"text-align: justify;\">\u00abPremiamos a m\u00e1s de 10 taxistas que regresaron carteras hasta con 10 mil pesos en efectivo, regresaron iPhones que se quedaron en los taxis. Hay muy, muy buenos taxistas en San Luis Potos\u00ed, como tambi\u00e9n puede haber un prietito en el arroz\u00bb, culmin\u00f3.<\/p>\n<p style=\"text-align: justify;\">Hasta el momento, no ha habido pronunciamiento alguno por parte de la Secretar\u00eda de Comunicaciones y Transportes sobre dicha agresi\u00f3n.<\/p>\n<p style=\"text-align: justify;\">Por: Jos\u00e9 Luis V\u00e1zquez<\/p>\n","protected":false},"excerpt":{"rendered":"<p>SLP.- Dentro del gremio taxista existen perfiles que tienen la vocaci\u00f3n de servicio y otros cuyo comportamiento se tiene que sancionar. As\u00ed se pronunci\u00f3 el mandatario, Ricardo Gallardo Cardona, tras tras la difusi\u00f3n de un video en el que se observa a un taxista agredir a un adulto mayor. \u201cNunca se va a permitir eso por parte de nosotros. Y bueno, pues eso es muy particular, en los taxistas, como hay buenos, hay malos\u00bb, dijo. Se\u00f1al\u00f3 que corresponde a la Secretar\u00eda de Comunicaciones y Transportes investigar el hecho. \u201cTenemos que dejar que la Secretar\u00eda de Comunicaciones sea quien deslinde el [&hellip;]<\/p>\n","protected":false},"author":2,"featured_media":187507,"comment_status":"closed","ping_status":"closed","sticky":false,"template":"","format":"video","meta":{"_monsterinsights_skip_tracking":false,"_monsterinsights_sitenote_active":false,"_monsterinsights_sitenote_note":"","_monsterinsights_sitenote_category":0,"footnotes":""},"categories":[5,510,45],"tags":[],"class_list":["post-187505","post","type-post","status-publish","format-video","has-post-thumbnail","hentry","category-destacadas","category-gobedoslp","category-localesyregionales","post_format-post-format-video","post--single"],"yoast_head":"<!-- This site is optimized with the Yoast SEO plugin v27.4 - https:\/\/yoast.com\/product\/yoast-seo-wordpress\/ -->\n<title>Gobernador advierte posibles sanciones y retiro de concesi\u00f3n tras agresi\u00f3n de taxista a un adulto mayor - Canal 7 SLP - 2025<\/title>\n<meta name=\"robots\" content=\"index, follow, max-snippet:-1, max-image-preview:large, max-video-preview:-1\" \/>\n<link rel=\"canonical\" href=\"https:\/\/canal7slp.tv\/2025\/gobernador-advierte-posibles-sanciones-y-retiro-de-concesion-tras-agresion-de-taxista-a-un-adulto-mayor\/\" \/>\n<meta property=\"og:locale\" content=\"es_ES\" \/>\n<meta property=\"og:type\" content=\"article\" \/>\n<meta property=\"og:title\" content=\"Gobernador advierte posibles sanciones y retiro de concesi\u00f3n tras agresi\u00f3n de taxista a un adulto mayor - Canal 7 SLP - 2025\" \/>\n<meta property=\"og:description\" content=\"SLP.- Dentro del gremio taxista existen perfiles que tienen la vocaci\u00f3n de servicio y otros cuyo comportamiento se tiene que sancionar. As\u00ed se pronunci\u00f3 el mandatario, Ricardo Gallardo Cardona, tras tras la difusi\u00f3n de un video en el que se observa a un taxista agredir a un adulto mayor. \u201cNunca se va a permitir eso por parte de nosotros. Y bueno, pues eso es muy particular, en los taxistas, como hay buenos, hay malos\u00bb, dijo. Se\u00f1al\u00f3 que corresponde a la Secretar\u00eda de Comunicaciones y Transportes investigar el hecho. \u201cTenemos que dejar que la Secretar\u00eda de Comunicaciones sea quien deslinde el [&hellip;]\" \/>\n<meta property=\"og:url\" content=\"https:\/\/canal7slp.tv\/2025\/gobernador-advierte-posibles-sanciones-y-retiro-de-concesion-tras-agresion-de-taxista-a-un-adulto-mayor\/\" \/>\n<meta property=\"og:site_name\" content=\"Canal 7 SLP - 2025\" \/>\n<meta property=\"article:publisher\" content=\"https:\/\/www.facebook.com\/noticieroscanal7atencionciudadana\/\" \/>\n<meta property=\"article:published_time\" content=\"2025-12-10T23:03:27+00:00\" \/>\n<meta property=\"og:image\" content=\"https:\/\/canal7slp.tv\/2025\/wp-content\/uploads\/2025\/12\/Vazquez03GoberTaxi.jpg\" \/>\n\t<meta property=\"og:image:width\" content=\"1280\" \/>\n\t<meta property=\"og:image:height\" content=\"720\" \/>\n\t<meta property=\"og:image:type\" content=\"image\/jpeg\" \/>\n<meta name=\"author\" content=\"Edici\u00f3n Web\" \/>\n<meta name=\"twitter:card\" content=\"summary_large_image\" \/>\n<meta name=\"twitter:creator\" content=\"@NOTICIEROS7\" \/>\n<meta name=\"twitter:site\" content=\"@NOTICIEROS7\" \/>\n<meta name=\"twitter:label1\" content=\"Escrito por\" \/>\n\t<meta name=\"twitter:data1\" content=\"Edici\u00f3n Web\" \/>\n\t<meta name=\"twitter:label2\" content=\"Tiempo de lectura\" \/>\n\t<meta name=\"twitter:data2\" content=\"2 minutos\" \/>\n<script type=\"application\/ld+json\" class=\"yoast-schema-graph\">{\"@context\":\"https:\\\/\\\/schema.org\",\"@graph\":[{\"@type\":\"Article\",\"@id\":\"https:\\\/\\\/canal7slp.tv\\\/2025\\\/gobernador-advierte-posibles-sanciones-y-retiro-de-concesion-tras-agresion-de-taxista-a-un-adulto-mayor\\\/#article\",\"isPartOf\":{\"@id\":\"https:\\\/\\\/canal7slp.tv\\\/2025\\\/gobernador-advierte-posibles-sanciones-y-retiro-de-concesion-tras-agresion-de-taxista-a-un-adulto-mayor\\\/\"},\"author\":{\"name\":\"Edici\u00f3n Web\",\"@id\":\"https:\\\/\\\/canal7slp.tv\\\/2025\\\/#\\\/schema\\\/person\\\/271e2b60a96e7cc9d9ac296f4d7e414b\"},\"headline\":\"Gobernador advierte posibles sanciones y retiro de concesi\u00f3n tras agresi\u00f3n de taxista a un adulto mayor\",\"datePublished\":\"2025-12-10T23:03:27+00:00\",\"mainEntityOfPage\":{\"@id\":\"https:\\\/\\\/canal7slp.tv\\\/2025\\\/gobernador-advierte-posibles-sanciones-y-retiro-de-concesion-tras-agresion-de-taxista-a-un-adulto-mayor\\\/\"},\"wordCount\":239,\"publisher\":{\"@id\":\"https:\\\/\\\/canal7slp.tv\\\/2025\\\/#organization\"},\"image\":{\"@id\":\"https:\\\/\\\/canal7slp.tv\\\/2025\\\/gobernador-advierte-posibles-sanciones-y-retiro-de-concesion-tras-agresion-de-taxista-a-un-adulto-mayor\\\/#primaryimage\"},\"thumbnailUrl\":\"https:\\\/\\\/canal7slp.tv\\\/2025\\\/wp-content\\\/uploads\\\/2025\\\/12\\\/Vazquez03GoberTaxi.jpg\",\"articleSection\":[\"DESTACADAS\",\"GOBEDOSLP\",\"LOCALES Y REGIONALES\"],\"inLanguage\":\"es\"},{\"@type\":\"WebPage\",\"@id\":\"https:\\\/\\\/canal7slp.tv\\\/2025\\\/gobernador-advierte-posibles-sanciones-y-retiro-de-concesion-tras-agresion-de-taxista-a-un-adulto-mayor\\\/\",\"url\":\"https:\\\/\\\/canal7slp.tv\\\/2025\\\/gobernador-advierte-posibles-sanciones-y-retiro-de-concesion-tras-agresion-de-taxista-a-un-adulto-mayor\\\/\",\"name\":\"Gobernador advierte posibles sanciones y retiro de concesi\u00f3n tras agresi\u00f3n de taxista a un adulto mayor - Canal 7 SLP - 2025\",\"isPartOf\":{\"@id\":\"https:\\\/\\\/canal7slp.tv\\\/2025\\\/#website\"},\"primaryImageOfPage\":{\"@id\":\"https:\\\/\\\/canal7slp.tv\\\/2025\\\/gobernador-advierte-posibles-sanciones-y-retiro-de-concesion-tras-agresion-de-taxista-a-un-adulto-mayor\\\/#primaryimage\"},\"image\":{\"@id\":\"https:\\\/\\\/canal7slp.tv\\\/2025\\\/gobernador-advierte-posibles-sanciones-y-retiro-de-concesion-tras-agresion-de-taxista-a-un-adulto-mayor\\\/#primaryimage\"},\"thumbnailUrl\":\"https:\\\/\\\/canal7slp.tv\\\/2025\\\/wp-content\\\/uploads\\\/2025\\\/12\\\/Vazquez03GoberTaxi.jpg\",\"datePublished\":\"2025-12-10T23:03:27+00:00\",\"breadcrumb\":{\"@id\":\"https:\\\/\\\/canal7slp.tv\\\/2025\\\/gobernador-advierte-posibles-sanciones-y-retiro-de-concesion-tras-agresion-de-taxista-a-un-adulto-mayor\\\/#breadcrumb\"},\"inLanguage\":\"es\",\"potentialAction\":[{\"@type\":\"ReadAction\",\"target\":[\"https:\\\/\\\/canal7slp.tv\\\/2025\\\/gobernador-advierte-posibles-sanciones-y-retiro-de-concesion-tras-agresion-de-taxista-a-un-adulto-mayor\\\/\"]}]},{\"@type\":\"ImageObject\",\"inLanguage\":\"es\",\"@id\":\"https:\\\/\\\/canal7slp.tv\\\/2025\\\/gobernador-advierte-posibles-sanciones-y-retiro-de-concesion-tras-agresion-de-taxista-a-un-adulto-mayor\\\/#primaryimage\",\"url\":\"https:\\\/\\\/canal7slp.tv\\\/2025\\\/wp-content\\\/uploads\\\/2025\\\/12\\\/Vazquez03GoberTaxi.jpg\",\"contentUrl\":\"https:\\\/\\\/canal7slp.tv\\\/2025\\\/wp-content\\\/uploads\\\/2025\\\/12\\\/Vazquez03GoberTaxi.jpg\",\"width\":1280,\"height\":720},{\"@type\":\"BreadcrumbList\",\"@id\":\"https:\\\/\\\/canal7slp.tv\\\/2025\\\/gobernador-advierte-posibles-sanciones-y-retiro-de-concesion-tras-agresion-de-taxista-a-un-adulto-mayor\\\/#breadcrumb\",\"itemListElement\":[{\"@type\":\"ListItem\",\"position\":1,\"name\":\"Portada\",\"item\":\"https:\\\/\\\/canal7slp.tv\\\/2025\\\/\"},{\"@type\":\"ListItem\",\"position\":2,\"name\":\"Gobernador advierte posibles sanciones y retiro de concesi\u00f3n tras agresi\u00f3n de taxista a un adulto mayor\"}]},{\"@type\":\"WebSite\",\"@id\":\"https:\\\/\\\/canal7slp.tv\\\/2025\\\/#website\",\"url\":\"https:\\\/\\\/canal7slp.tv\\\/2025\\\/\",\"name\":\"N7 - Noticieros Canal 7\",\"description\":\"Somos el Medio\",\"publisher\":{\"@id\":\"https:\\\/\\\/canal7slp.tv\\\/2025\\\/#organization\"},\"potentialAction\":[{\"@type\":\"SearchAction\",\"target\":{\"@type\":\"EntryPoint\",\"urlTemplate\":\"https:\\\/\\\/canal7slp.tv\\\/2025\\\/?s={search_term_string}\"},\"query-input\":{\"@type\":\"PropertyValueSpecification\",\"valueRequired\":true,\"valueName\":\"search_term_string\"}}],\"inLanguage\":\"es\"},{\"@type\":\"Organization\",\"@id\":\"https:\\\/\\\/canal7slp.tv\\\/2025\\\/#organization\",\"name\":\"Noticieros Canal 7\",\"url\":\"https:\\\/\\\/canal7slp.tv\\\/2025\\\/\",\"logo\":{\"@type\":\"ImageObject\",\"inLanguage\":\"es\",\"@id\":\"https:\\\/\\\/canal7slp.tv\\\/2025\\\/#\\\/schema\\\/logo\\\/image\\\/\",\"url\":\"https:\\\/\\\/canal7slp.tv\\\/2025\\\/wp-content\\\/uploads\\\/2021\\\/01\\\/logo-noticieros@2x.png\",\"contentUrl\":\"https:\\\/\\\/canal7slp.tv\\\/2025\\\/wp-content\\\/uploads\\\/2021\\\/01\\\/logo-noticieros@2x.png\",\"width\":1017,\"height\":268,\"caption\":\"Noticieros Canal 7\"},\"image\":{\"@id\":\"https:\\\/\\\/canal7slp.tv\\\/2025\\\/#\\\/schema\\\/logo\\\/image\\\/\"},\"sameAs\":[\"https:\\\/\\\/www.facebook.com\\\/noticieroscanal7atencionciudadana\\\/\",\"https:\\\/\\\/x.com\\\/NOTICIEROS7\",\"https:\\\/\\\/www.instagram.com\\\/canal7_slp\",\"https:\\\/\\\/www.youtube.com\\\/channel\\\/UCliiYs-gP3JfJeqdPrNdd5A\"]},{\"@type\":\"Person\",\"@id\":\"https:\\\/\\\/canal7slp.tv\\\/2025\\\/#\\\/schema\\\/person\\\/271e2b60a96e7cc9d9ac296f4d7e414b\",\"name\":\"Edici\u00f3n Web\",\"image\":{\"@type\":\"ImageObject\",\"inLanguage\":\"es\",\"@id\":\"https:\\\/\\\/secure.gravatar.com\\\/avatar\\\/eee448fc3f7164808013b816ba91ac7e43bbe82a70bebac296f8bc6f0addaa1a?s=96&d=mm&r=g\",\"url\":\"https:\\\/\\\/secure.gravatar.com\\\/avatar\\\/eee448fc3f7164808013b816ba91ac7e43bbe82a70bebac296f8bc6f0addaa1a?s=96&d=mm&r=g\",\"contentUrl\":\"https:\\\/\\\/secure.gravatar.com\\\/avatar\\\/eee448fc3f7164808013b816ba91ac7e43bbe82a70bebac296f8bc6f0addaa1a?s=96&d=mm&r=g\",\"caption\":\"Edici\u00f3n Web\"},\"url\":\"https:\\\/\\\/canal7slp.tv\\\/2025\\\/author\\\/edicionweb\\\/\"}]}<\/script>\n<!-- \/ Yoast SEO plugin. -->","yoast_head_json":{"title":"Gobernador advierte posibles sanciones y retiro de concesi\u00f3n tras agresi\u00f3n de taxista a un adulto mayor - Canal 7 SLP - 2025","robots":{"index":"index","follow":"follow","max-snippet":"max-snippet:-1","max-image-preview":"max-image-preview:large","max-video-preview":"max-video-preview:-1"},"canonical":"https:\/\/canal7slp.tv\/2025\/gobernador-advierte-posibles-sanciones-y-retiro-de-concesion-tras-agresion-de-taxista-a-un-adulto-mayor\/","og_locale":"es_ES","og_type":"article","og_title":"Gobernador advierte posibles sanciones y retiro de concesi\u00f3n tras agresi\u00f3n de taxista a un adulto mayor - Canal 7 SLP - 2025","og_description":"SLP.- Dentro del gremio taxista existen perfiles que tienen la vocaci\u00f3n de servicio y otros cuyo comportamiento se tiene que sancionar. As\u00ed se pronunci\u00f3 el mandatario, Ricardo Gallardo Cardona, tras tras la difusi\u00f3n de un video en el que se observa a un taxista agredir a un adulto mayor. \u201cNunca se va a permitir eso por parte de nosotros. Y bueno, pues eso es muy particular, en los taxistas, como hay buenos, hay malos\u00bb, dijo. Se\u00f1al\u00f3 que corresponde a la Secretar\u00eda de Comunicaciones y Transportes investigar el hecho. \u201cTenemos que dejar que la Secretar\u00eda de Comunicaciones sea quien deslinde el [&hellip;]","og_url":"https:\/\/canal7slp.tv\/2025\/gobernador-advierte-posibles-sanciones-y-retiro-de-concesion-tras-agresion-de-taxista-a-un-adulto-mayor\/","og_site_name":"Canal 7 SLP - 2025","article_publisher":"https:\/\/www.facebook.com\/noticieroscanal7atencionciudadana\/","article_published_time":"2025-12-10T23:03:27+00:00","og_image":[{"width":1280,"height":720,"url":"https:\/\/canal7slp.tv\/2025\/wp-content\/uploads\/2025\/12\/Vazquez03GoberTaxi.jpg","type":"image\/jpeg"}],"author":"Edici\u00f3n Web","twitter_card":"summary_large_image","twitter_creator":"@NOTICIEROS7","twitter_site":"@NOTICIEROS7","twitter_misc":{"Escrito por":"Edici\u00f3n Web","Tiempo de lectura":"2 minutos"},"schema":{"@context":"https:\/\/schema.org","@graph":[{"@type":"Article","@id":"https:\/\/canal7slp.tv\/2025\/gobernador-advierte-posibles-sanciones-y-retiro-de-concesion-tras-agresion-de-taxista-a-un-adulto-mayor\/#article","isPartOf":{"@id":"https:\/\/canal7slp.tv\/2025\/gobernador-advierte-posibles-sanciones-y-retiro-de-concesion-tras-agresion-de-taxista-a-un-adulto-mayor\/"},"author":{"name":"Edici\u00f3n Web","@id":"https:\/\/canal7slp.tv\/2025\/#\/schema\/person\/271e2b60a96e7cc9d9ac296f4d7e414b"},"headline":"Gobernador advierte posibles sanciones y retiro de concesi\u00f3n tras agresi\u00f3n de taxista a un adulto mayor","datePublished":"2025-12-10T23:03:27+00:00","mainEntityOfPage":{"@id":"https:\/\/canal7slp.tv\/2025\/gobernador-advierte-posibles-sanciones-y-retiro-de-concesion-tras-agresion-de-taxista-a-un-adulto-mayor\/"},"wordCount":239,"publisher":{"@id":"https:\/\/canal7slp.tv\/2025\/#organization"},"image":{"@id":"https:\/\/canal7slp.tv\/2025\/gobernador-advierte-posibles-sanciones-y-retiro-de-concesion-tras-agresion-de-taxista-a-un-adulto-mayor\/#primaryimage"},"thumbnailUrl":"https:\/\/canal7slp.tv\/2025\/wp-content\/uploads\/2025\/12\/Vazquez03GoberTaxi.jpg","articleSection":["DESTACADAS","GOBEDOSLP","LOCALES Y REGIONALES"],"inLanguage":"es"},{"@type":"WebPage","@id":"https:\/\/canal7slp.tv\/2025\/gobernador-advierte-posibles-sanciones-y-retiro-de-concesion-tras-agresion-de-taxista-a-un-adulto-mayor\/","url":"https:\/\/canal7slp.tv\/2025\/gobernador-advierte-posibles-sanciones-y-retiro-de-concesion-tras-agresion-de-taxista-a-un-adulto-mayor\/","name":"Gobernador advierte posibles sanciones y retiro de concesi\u00f3n tras agresi\u00f3n de taxista a un adulto mayor - Canal 7 SLP - 2025","isPartOf":{"@id":"https:\/\/canal7slp.tv\/2025\/#website"},"primaryImageOfPage":{"@id":"https:\/\/canal7slp.tv\/2025\/gobernador-advierte-posibles-sanciones-y-retiro-de-concesion-tras-agresion-de-taxista-a-un-adulto-mayor\/#primaryimage"},"image":{"@id":"https:\/\/canal7slp.tv\/2025\/gobernador-advierte-posibles-sanciones-y-retiro-de-concesion-tras-agresion-de-taxista-a-un-adulto-mayor\/#primaryimage"},"thumbnailUrl":"https:\/\/canal7slp.tv\/2025\/wp-content\/uploads\/2025\/12\/Vazquez03GoberTaxi.jpg","datePublished":"2025-12-10T23:03:27+00:00","breadcrumb":{"@id":"https:\/\/canal7slp.tv\/2025\/gobernador-advierte-posibles-sanciones-y-retiro-de-concesion-tras-agresion-de-taxista-a-un-adulto-mayor\/#breadcrumb"},"inLanguage":"es","potentialAction":[{"@type":"ReadAction","target":["https:\/\/canal7slp.tv\/2025\/gobernador-advierte-posibles-sanciones-y-retiro-de-concesion-tras-agresion-de-taxista-a-un-adulto-mayor\/"]}]},{"@type":"ImageObject","inLanguage":"es","@id":"https:\/\/canal7slp.tv\/2025\/gobernador-advierte-posibles-sanciones-y-retiro-de-concesion-tras-agresion-de-taxista-a-un-adulto-mayor\/#primaryimage","url":"https:\/\/canal7slp.tv\/2025\/wp-content\/uploads\/2025\/12\/Vazquez03GoberTaxi.jpg","contentUrl":"https:\/\/canal7slp.tv\/2025\/wp-content\/uploads\/2025\/12\/Vazquez03GoberTaxi.jpg","width":1280,"height":720},{"@type":"BreadcrumbList","@id":"https:\/\/canal7slp.tv\/2025\/gobernador-advierte-posibles-sanciones-y-retiro-de-concesion-tras-agresion-de-taxista-a-un-adulto-mayor\/#breadcrumb","itemListElement":[{"@type":"ListItem","position":1,"name":"Portada","item":"https:\/\/canal7slp.tv\/2025\/"},{"@type":"ListItem","position":2,"name":"Gobernador advierte posibles sanciones y retiro de concesi\u00f3n tras agresi\u00f3n de taxista a un adulto mayor"}]},{"@type":"WebSite","@id":"https:\/\/canal7slp.tv\/2025\/#website","url":"https:\/\/canal7slp.tv\/2025\/","name":"N7 - Noticieros Canal 7","description":"Somos el Medio","publisher":{"@id":"https:\/\/canal7slp.tv\/2025\/#organization"},"potentialAction":[{"@type":"SearchAction","target":{"@type":"EntryPoint","urlTemplate":"https:\/\/canal7slp.tv\/2025\/?s={search_term_string}"},"query-input":{"@type":"PropertyValueSpecification","valueRequired":true,"valueName":"search_term_string"}}],"inLanguage":"es"},{"@type":"Organization","@id":"https:\/\/canal7slp.tv\/2025\/#organization","name":"Noticieros Canal 7","url":"https:\/\/canal7slp.tv\/2025\/","logo":{"@type":"ImageObject","inLanguage":"es","@id":"https:\/\/canal7slp.tv\/2025\/#\/schema\/logo\/image\/","url":"https:\/\/canal7slp.tv\/2025\/wp-content\/uploads\/2021\/01\/logo-noticieros@2x.png","contentUrl":"https:\/\/canal7slp.tv\/2025\/wp-content\/uploads\/2021\/01\/logo-noticieros@2x.png","width":1017,"height":268,"caption":"Noticieros Canal 7"},"image":{"@id":"https:\/\/canal7slp.tv\/2025\/#\/schema\/logo\/image\/"},"sameAs":["https:\/\/www.facebook.com\/noticieroscanal7atencionciudadana\/","https:\/\/x.com\/NOTICIEROS7","https:\/\/www.instagram.com\/canal7_slp","https:\/\/www.youtube.com\/channel\/UCliiYs-gP3JfJeqdPrNdd5A"]},{"@type":"Person","@id":"https:\/\/canal7slp.tv\/2025\/#\/schema\/person\/271e2b60a96e7cc9d9ac296f4d7e414b","name":"Edici\u00f3n Web","image":{"@type":"ImageObject","inLanguage":"es","@id":"https:\/\/secure.gravatar.com\/avatar\/eee448fc3f7164808013b816ba91ac7e43bbe82a70bebac296f8bc6f0addaa1a?s=96&d=mm&r=g","url":"https:\/\/secure.gravatar.com\/avatar\/eee448fc3f7164808013b816ba91ac7e43bbe82a70bebac296f8bc6f0addaa1a?s=96&d=mm&r=g","contentUrl":"https:\/\/secure.gravatar.com\/avatar\/eee448fc3f7164808013b816ba91ac7e43bbe82a70bebac296f8bc6f0addaa1a?s=96&d=mm&r=g","caption":"Edici\u00f3n Web"},"url":"https:\/\/canal7slp.tv\/2025\/author\/edicionweb\/"}]}},"_links":{"self":[{"href":"https:\/\/canal7slp.tv\/2025\/wp-json\/wp\/v2\/posts\/187505","targetHints":{"allow":["GET"]}}],"collection":[{"href":"https:\/\/canal7slp.tv\/2025\/wp-json\/wp\/v2\/posts"}],"about":[{"href":"https:\/\/canal7slp.tv\/2025\/wp-json\/wp\/v2\/types\/post"}],"author":[{"embeddable":true,"href":"https:\/\/canal7slp.tv\/2025\/wp-json\/wp\/v2\/users\/2"}],"replies":[{"embeddable":true,"href":"https:\/\/canal7slp.tv\/2025\/wp-json\/wp\/v2\/comments?post=187505"}],"version-history":[{"count":1,"href":"https:\/\/canal7slp.tv\/2025\/wp-json\/wp\/v2\/posts\/187505\/revisions"}],"predecessor-version":[{"id":187508,"href":"https:\/\/canal7slp.tv\/2025\/wp-json\/wp\/v2\/posts\/187505\/revisions\/187508"}],"wp:featuredmedia":[{"embeddable":true,"href":"https:\/\/canal7slp.tv\/2025\/wp-json\/wp\/v2\/media\/187507"}],"wp:attachment":[{"href":"https:\/\/canal7slp.tv\/2025\/wp-json\/wp\/v2\/media?parent=187505"}],"wp:term":[{"taxonomy":"category","embeddable":true,"href":"https:\/\/canal7slp.tv\/2025\/wp-json\/wp\/v2\/categories?post=187505"},{"taxonomy":"post_tag","embeddable":true,"href":"https:\/\/canal7slp.tv\/2025\/wp-json\/wp\/v2\/tags?post=187505"}],"curies":[{"name":"wp","href":"https:\/\/api.w.org\/{rel}","templated":true}]}}