{"id":187501,"date":"2025-12-10T16:55:06","date_gmt":"2025-12-10T22:55:06","guid":{"rendered":"https:\/\/canal7slp.tv\/2025\/?p=187501"},"modified":"2025-12-10T16:55:06","modified_gmt":"2025-12-10T22:55:06","slug":"que-no-sean-maiceados-externa-vocero-de-arquidiocesis-por-supuesta-rifa-de-vehiculos-a-diputados","status":"publish","type":"post","link":"https:\/\/canal7slp.tv\/2025\/que-no-sean-maiceados-externa-vocero-de-arquidiocesis-por-supuesta-rifa-de-vehiculos-a-diputados\/","title":{"rendered":"\u00abQue no sean maiceados\u00bb, externa vocero de Arquidi\u00f3cesis por supuesta rifa de veh\u00edculos a diputados"},"content":{"rendered":"<p style=\"text-align: justify;\"><span style=\"font-size: 1.21429rem;\">SLP.- La difusi\u00f3n de un video en el que la diputada local Sara Rocha Medina presumi\u00f3 haber ganado un veh\u00edculo en una posada organizada con el gobernador de San Luis Potos\u00ed \u2014y que posteriormente calific\u00f3 como una broma\u2014 deriv\u00f3 en un posicionamiento de la Iglesia cat\u00f3lica sobre los beneficios que tienen los funcionarios p\u00fablicos.<\/span><\/p>\n<p style=\"text-align: justify;\">En su intervenci\u00f3n, el vocero, Tom\u00e1s Cruz Perales, retom\u00f3 un t\u00e9rmino utilizado para alertar sobre la influencia que pueden generar estos gestos.<\/p>\n<p style=\"text-align: justify;\">\u201cMe estaba acordando de una frase del cardenal Sandoval Dom\u00ednguez y un problema que hubo en su tiempo, utilizo esta palabra: maiceados, que no sean maiceados, esperemos\u00bb, se\u00f1al\u00f3.<\/p>\n<p style=\"text-align: justify;\">El comentario incluy\u00f3 referencias a otros regalos que fueron entregados a legisladores federales del partido de Morena.<\/p>\n<p style=\"text-align: justify;\">\u201cEsa palabra implica todo y es dif\u00edcil que sea de su bolso, desgraciadamente todo eso el erario, pensemos en todas las computadoras mac est\u00e1n recibiendo los diputados federales y de los libros que le est\u00e1n regalando el senado, que no seamos maiseados, es una frase que se entiende y tiene su vertiente con un trasfondo que nos invita a reflexionar\u00bb, insisti\u00f3.<\/p>\n<p style=\"text-align: justify;\">Adem\u00e1s, se mencionaron decisiones recientes tomadas por actores pol\u00edticos que contrastan con el discurso de austeridad.<\/p>\n<p style=\"text-align: justify;\">\u201cQu\u00e9 dijo la presidenta del partido de morena, que aunque se haya hecho un viaje a Jap\u00f3n, eso no choca con la austeridad, imag\u00ednate con nosotros el contraste cuando uno de a pie no es normal que salga del pa\u00eds y mucho menos en primera clase, en ese sentido se entiende la justa median\u00eda, yo creo que estar\u00edan muy lejos, extremadamente muy lejos de la justa median\u00eda del mexicano\u00bb, critic\u00f3.<\/p>\n<p style=\"text-align: justify;\">Prosigui\u00f3: \u201cUna cosa que es un derecho para la clase obrera otra clase lo ha hecho un privilegio, yo creo que no podemos vivir de privilegios sobre todo cuando estamos en una situaci\u00f3n precaria en nuestro pa\u00eds, no hay medicinas&#8230; Hay muchas carencias que desgraciadamente no tiene que ver con esto que estamos escuch\u00e1ndo a trav\u00e9s de los medios.\u201d<\/p>\n<p>Por: Jos\u00e9 Luis V\u00e1zquez<\/p>\n","protected":false},"excerpt":{"rendered":"<p>SLP.- La difusi\u00f3n de un video en el que la diputada local Sara Rocha Medina presumi\u00f3 haber ganado un veh\u00edculo en una posada organizada con el gobernador de San Luis Potos\u00ed \u2014y que posteriormente calific\u00f3 como una broma\u2014 deriv\u00f3 en un posicionamiento de la Iglesia cat\u00f3lica sobre los beneficios que tienen los funcionarios p\u00fablicos. En su intervenci\u00f3n, el vocero, Tom\u00e1s Cruz Perales, retom\u00f3 un t\u00e9rmino utilizado para alertar sobre la influencia que pueden generar estos gestos. \u201cMe estaba acordando de una frase del cardenal Sandoval Dom\u00ednguez y un problema que hubo en su tiempo, utilizo esta palabra: maiceados, que no [&hellip;]<\/p>\n","protected":false},"author":2,"featured_media":187503,"comment_status":"closed","ping_status":"closed","sticky":false,"template":"","format":"video","meta":{"_monsterinsights_skip_tracking":false,"_monsterinsights_sitenote_active":false,"_monsterinsights_sitenote_note":"","_monsterinsights_sitenote_category":0,"footnotes":""},"categories":[5,519,45],"tags":[],"class_list":["post-187501","post","type-post","status-publish","format-video","has-post-thumbnail","hentry","category-destacadas","category-iglesia","category-localesyregionales","post_format-post-format-video","post--single"],"yoast_head":"<!-- This site is optimized with the Yoast SEO plugin v27.4 - https:\/\/yoast.com\/product\/yoast-seo-wordpress\/ -->\n<title>&quot;Que no sean maiceados&quot;, externa vocero de Arquidi\u00f3cesis por supuesta rifa de veh\u00edculos a diputados - Canal 7 SLP - 2025<\/title>\n<meta name=\"robots\" content=\"index, follow, max-snippet:-1, max-image-preview:large, max-video-preview:-1\" \/>\n<link rel=\"canonical\" href=\"https:\/\/canal7slp.tv\/2025\/que-no-sean-maiceados-externa-vocero-de-arquidiocesis-por-supuesta-rifa-de-vehiculos-a-diputados\/\" \/>\n<meta property=\"og:locale\" content=\"es_ES\" \/>\n<meta property=\"og:type\" content=\"article\" \/>\n<meta property=\"og:title\" content=\"&quot;Que no sean maiceados&quot;, externa vocero de Arquidi\u00f3cesis por supuesta rifa de veh\u00edculos a diputados - Canal 7 SLP - 2025\" \/>\n<meta property=\"og:description\" content=\"SLP.- La difusi\u00f3n de un video en el que la diputada local Sara Rocha Medina presumi\u00f3 haber ganado un veh\u00edculo en una posada organizada con el gobernador de San Luis Potos\u00ed \u2014y que posteriormente calific\u00f3 como una broma\u2014 deriv\u00f3 en un posicionamiento de la Iglesia cat\u00f3lica sobre los beneficios que tienen los funcionarios p\u00fablicos. En su intervenci\u00f3n, el vocero, Tom\u00e1s Cruz Perales, retom\u00f3 un t\u00e9rmino utilizado para alertar sobre la influencia que pueden generar estos gestos. \u201cMe estaba acordando de una frase del cardenal Sandoval Dom\u00ednguez y un problema que hubo en su tiempo, utilizo esta palabra: maiceados, que no [&hellip;]\" \/>\n<meta property=\"og:url\" content=\"https:\/\/canal7slp.tv\/2025\/que-no-sean-maiceados-externa-vocero-de-arquidiocesis-por-supuesta-rifa-de-vehiculos-a-diputados\/\" \/>\n<meta property=\"og:site_name\" content=\"Canal 7 SLP - 2025\" \/>\n<meta property=\"article:publisher\" content=\"https:\/\/www.facebook.com\/noticieroscanal7atencionciudadana\/\" \/>\n<meta property=\"article:published_time\" content=\"2025-12-10T22:55:06+00:00\" \/>\n<meta property=\"og:image\" content=\"https:\/\/canal7slp.tv\/2025\/wp-content\/uploads\/2025\/12\/Vazquez02PadreSara.jpg\" \/>\n\t<meta property=\"og:image:width\" content=\"1280\" \/>\n\t<meta property=\"og:image:height\" content=\"720\" \/>\n\t<meta property=\"og:image:type\" content=\"image\/jpeg\" \/>\n<meta name=\"author\" content=\"Edici\u00f3n Web\" \/>\n<meta name=\"twitter:card\" content=\"summary_large_image\" \/>\n<meta name=\"twitter:creator\" content=\"@NOTICIEROS7\" \/>\n<meta name=\"twitter:site\" content=\"@NOTICIEROS7\" \/>\n<meta name=\"twitter:label1\" content=\"Escrito por\" \/>\n\t<meta name=\"twitter:data1\" content=\"Edici\u00f3n Web\" \/>\n\t<meta name=\"twitter:label2\" content=\"Tiempo de lectura\" \/>\n\t<meta name=\"twitter:data2\" content=\"2 minutos\" \/>\n<script type=\"application\/ld+json\" class=\"yoast-schema-graph\">{\"@context\":\"https:\\\/\\\/schema.org\",\"@graph\":[{\"@type\":\"Article\",\"@id\":\"https:\\\/\\\/canal7slp.tv\\\/2025\\\/que-no-sean-maiceados-externa-vocero-de-arquidiocesis-por-supuesta-rifa-de-vehiculos-a-diputados\\\/#article\",\"isPartOf\":{\"@id\":\"https:\\\/\\\/canal7slp.tv\\\/2025\\\/que-no-sean-maiceados-externa-vocero-de-arquidiocesis-por-supuesta-rifa-de-vehiculos-a-diputados\\\/\"},\"author\":{\"name\":\"Edici\u00f3n Web\",\"@id\":\"https:\\\/\\\/canal7slp.tv\\\/2025\\\/#\\\/schema\\\/person\\\/271e2b60a96e7cc9d9ac296f4d7e414b\"},\"headline\":\"\u00abQue no sean maiceados\u00bb, externa vocero de Arquidi\u00f3cesis por supuesta rifa de veh\u00edculos a diputados\",\"datePublished\":\"2025-12-10T22:55:06+00:00\",\"mainEntityOfPage\":{\"@id\":\"https:\\\/\\\/canal7slp.tv\\\/2025\\\/que-no-sean-maiceados-externa-vocero-de-arquidiocesis-por-supuesta-rifa-de-vehiculos-a-diputados\\\/\"},\"wordCount\":374,\"publisher\":{\"@id\":\"https:\\\/\\\/canal7slp.tv\\\/2025\\\/#organization\"},\"image\":{\"@id\":\"https:\\\/\\\/canal7slp.tv\\\/2025\\\/que-no-sean-maiceados-externa-vocero-de-arquidiocesis-por-supuesta-rifa-de-vehiculos-a-diputados\\\/#primaryimage\"},\"thumbnailUrl\":\"https:\\\/\\\/canal7slp.tv\\\/2025\\\/wp-content\\\/uploads\\\/2025\\\/12\\\/Vazquez02PadreSara.jpg\",\"articleSection\":[\"DESTACADAS\",\"Iglesia\",\"LOCALES Y REGIONALES\"],\"inLanguage\":\"es\"},{\"@type\":\"WebPage\",\"@id\":\"https:\\\/\\\/canal7slp.tv\\\/2025\\\/que-no-sean-maiceados-externa-vocero-de-arquidiocesis-por-supuesta-rifa-de-vehiculos-a-diputados\\\/\",\"url\":\"https:\\\/\\\/canal7slp.tv\\\/2025\\\/que-no-sean-maiceados-externa-vocero-de-arquidiocesis-por-supuesta-rifa-de-vehiculos-a-diputados\\\/\",\"name\":\"\\\"Que no sean maiceados\\\", externa vocero de Arquidi\u00f3cesis por supuesta rifa de veh\u00edculos a diputados - Canal 7 SLP - 2025\",\"isPartOf\":{\"@id\":\"https:\\\/\\\/canal7slp.tv\\\/2025\\\/#website\"},\"primaryImageOfPage\":{\"@id\":\"https:\\\/\\\/canal7slp.tv\\\/2025\\\/que-no-sean-maiceados-externa-vocero-de-arquidiocesis-por-supuesta-rifa-de-vehiculos-a-diputados\\\/#primaryimage\"},\"image\":{\"@id\":\"https:\\\/\\\/canal7slp.tv\\\/2025\\\/que-no-sean-maiceados-externa-vocero-de-arquidiocesis-por-supuesta-rifa-de-vehiculos-a-diputados\\\/#primaryimage\"},\"thumbnailUrl\":\"https:\\\/\\\/canal7slp.tv\\\/2025\\\/wp-content\\\/uploads\\\/2025\\\/12\\\/Vazquez02PadreSara.jpg\",\"datePublished\":\"2025-12-10T22:55:06+00:00\",\"breadcrumb\":{\"@id\":\"https:\\\/\\\/canal7slp.tv\\\/2025\\\/que-no-sean-maiceados-externa-vocero-de-arquidiocesis-por-supuesta-rifa-de-vehiculos-a-diputados\\\/#breadcrumb\"},\"inLanguage\":\"es\",\"potentialAction\":[{\"@type\":\"ReadAction\",\"target\":[\"https:\\\/\\\/canal7slp.tv\\\/2025\\\/que-no-sean-maiceados-externa-vocero-de-arquidiocesis-por-supuesta-rifa-de-vehiculos-a-diputados\\\/\"]}]},{\"@type\":\"ImageObject\",\"inLanguage\":\"es\",\"@id\":\"https:\\\/\\\/canal7slp.tv\\\/2025\\\/que-no-sean-maiceados-externa-vocero-de-arquidiocesis-por-supuesta-rifa-de-vehiculos-a-diputados\\\/#primaryimage\",\"url\":\"https:\\\/\\\/canal7slp.tv\\\/2025\\\/wp-content\\\/uploads\\\/2025\\\/12\\\/Vazquez02PadreSara.jpg\",\"contentUrl\":\"https:\\\/\\\/canal7slp.tv\\\/2025\\\/wp-content\\\/uploads\\\/2025\\\/12\\\/Vazquez02PadreSara.jpg\",\"width\":1280,\"height\":720},{\"@type\":\"BreadcrumbList\",\"@id\":\"https:\\\/\\\/canal7slp.tv\\\/2025\\\/que-no-sean-maiceados-externa-vocero-de-arquidiocesis-por-supuesta-rifa-de-vehiculos-a-diputados\\\/#breadcrumb\",\"itemListElement\":[{\"@type\":\"ListItem\",\"position\":1,\"name\":\"Portada\",\"item\":\"https:\\\/\\\/canal7slp.tv\\\/2025\\\/\"},{\"@type\":\"ListItem\",\"position\":2,\"name\":\"\u00abQue no sean maiceados\u00bb, externa vocero de Arquidi\u00f3cesis por supuesta rifa de veh\u00edculos a diputados\"}]},{\"@type\":\"WebSite\",\"@id\":\"https:\\\/\\\/canal7slp.tv\\\/2025\\\/#website\",\"url\":\"https:\\\/\\\/canal7slp.tv\\\/2025\\\/\",\"name\":\"N7 - Noticieros Canal 7\",\"description\":\"Somos el Medio\",\"publisher\":{\"@id\":\"https:\\\/\\\/canal7slp.tv\\\/2025\\\/#organization\"},\"potentialAction\":[{\"@type\":\"SearchAction\",\"target\":{\"@type\":\"EntryPoint\",\"urlTemplate\":\"https:\\\/\\\/canal7slp.tv\\\/2025\\\/?s={search_term_string}\"},\"query-input\":{\"@type\":\"PropertyValueSpecification\",\"valueRequired\":true,\"valueName\":\"search_term_string\"}}],\"inLanguage\":\"es\"},{\"@type\":\"Organization\",\"@id\":\"https:\\\/\\\/canal7slp.tv\\\/2025\\\/#organization\",\"name\":\"Noticieros Canal 7\",\"url\":\"https:\\\/\\\/canal7slp.tv\\\/2025\\\/\",\"logo\":{\"@type\":\"ImageObject\",\"inLanguage\":\"es\",\"@id\":\"https:\\\/\\\/canal7slp.tv\\\/2025\\\/#\\\/schema\\\/logo\\\/image\\\/\",\"url\":\"https:\\\/\\\/canal7slp.tv\\\/2025\\\/wp-content\\\/uploads\\\/2021\\\/01\\\/logo-noticieros@2x.png\",\"contentUrl\":\"https:\\\/\\\/canal7slp.tv\\\/2025\\\/wp-content\\\/uploads\\\/2021\\\/01\\\/logo-noticieros@2x.png\",\"width\":1017,\"height\":268,\"caption\":\"Noticieros Canal 7\"},\"image\":{\"@id\":\"https:\\\/\\\/canal7slp.tv\\\/2025\\\/#\\\/schema\\\/logo\\\/image\\\/\"},\"sameAs\":[\"https:\\\/\\\/www.facebook.com\\\/noticieroscanal7atencionciudadana\\\/\",\"https:\\\/\\\/x.com\\\/NOTICIEROS7\",\"https:\\\/\\\/www.instagram.com\\\/canal7_slp\",\"https:\\\/\\\/www.youtube.com\\\/channel\\\/UCliiYs-gP3JfJeqdPrNdd5A\"]},{\"@type\":\"Person\",\"@id\":\"https:\\\/\\\/canal7slp.tv\\\/2025\\\/#\\\/schema\\\/person\\\/271e2b60a96e7cc9d9ac296f4d7e414b\",\"name\":\"Edici\u00f3n Web\",\"image\":{\"@type\":\"ImageObject\",\"inLanguage\":\"es\",\"@id\":\"https:\\\/\\\/secure.gravatar.com\\\/avatar\\\/eee448fc3f7164808013b816ba91ac7e43bbe82a70bebac296f8bc6f0addaa1a?s=96&d=mm&r=g\",\"url\":\"https:\\\/\\\/secure.gravatar.com\\\/avatar\\\/eee448fc3f7164808013b816ba91ac7e43bbe82a70bebac296f8bc6f0addaa1a?s=96&d=mm&r=g\",\"contentUrl\":\"https:\\\/\\\/secure.gravatar.com\\\/avatar\\\/eee448fc3f7164808013b816ba91ac7e43bbe82a70bebac296f8bc6f0addaa1a?s=96&d=mm&r=g\",\"caption\":\"Edici\u00f3n Web\"},\"url\":\"https:\\\/\\\/canal7slp.tv\\\/2025\\\/author\\\/edicionweb\\\/\"}]}<\/script>\n<!-- \/ Yoast SEO plugin. -->","yoast_head_json":{"title":"\"Que no sean maiceados\", externa vocero de Arquidi\u00f3cesis por supuesta rifa de veh\u00edculos a diputados - Canal 7 SLP - 2025","robots":{"index":"index","follow":"follow","max-snippet":"max-snippet:-1","max-image-preview":"max-image-preview:large","max-video-preview":"max-video-preview:-1"},"canonical":"https:\/\/canal7slp.tv\/2025\/que-no-sean-maiceados-externa-vocero-de-arquidiocesis-por-supuesta-rifa-de-vehiculos-a-diputados\/","og_locale":"es_ES","og_type":"article","og_title":"\"Que no sean maiceados\", externa vocero de Arquidi\u00f3cesis por supuesta rifa de veh\u00edculos a diputados - Canal 7 SLP - 2025","og_description":"SLP.- La difusi\u00f3n de un video en el que la diputada local Sara Rocha Medina presumi\u00f3 haber ganado un veh\u00edculo en una posada organizada con el gobernador de San Luis Potos\u00ed \u2014y que posteriormente calific\u00f3 como una broma\u2014 deriv\u00f3 en un posicionamiento de la Iglesia cat\u00f3lica sobre los beneficios que tienen los funcionarios p\u00fablicos. En su intervenci\u00f3n, el vocero, Tom\u00e1s Cruz Perales, retom\u00f3 un t\u00e9rmino utilizado para alertar sobre la influencia que pueden generar estos gestos. \u201cMe estaba acordando de una frase del cardenal Sandoval Dom\u00ednguez y un problema que hubo en su tiempo, utilizo esta palabra: maiceados, que no [&hellip;]","og_url":"https:\/\/canal7slp.tv\/2025\/que-no-sean-maiceados-externa-vocero-de-arquidiocesis-por-supuesta-rifa-de-vehiculos-a-diputados\/","og_site_name":"Canal 7 SLP - 2025","article_publisher":"https:\/\/www.facebook.com\/noticieroscanal7atencionciudadana\/","article_published_time":"2025-12-10T22:55:06+00:00","og_image":[{"width":1280,"height":720,"url":"https:\/\/canal7slp.tv\/2025\/wp-content\/uploads\/2025\/12\/Vazquez02PadreSara.jpg","type":"image\/jpeg"}],"author":"Edici\u00f3n Web","twitter_card":"summary_large_image","twitter_creator":"@NOTICIEROS7","twitter_site":"@NOTICIEROS7","twitter_misc":{"Escrito por":"Edici\u00f3n Web","Tiempo de lectura":"2 minutos"},"schema":{"@context":"https:\/\/schema.org","@graph":[{"@type":"Article","@id":"https:\/\/canal7slp.tv\/2025\/que-no-sean-maiceados-externa-vocero-de-arquidiocesis-por-supuesta-rifa-de-vehiculos-a-diputados\/#article","isPartOf":{"@id":"https:\/\/canal7slp.tv\/2025\/que-no-sean-maiceados-externa-vocero-de-arquidiocesis-por-supuesta-rifa-de-vehiculos-a-diputados\/"},"author":{"name":"Edici\u00f3n Web","@id":"https:\/\/canal7slp.tv\/2025\/#\/schema\/person\/271e2b60a96e7cc9d9ac296f4d7e414b"},"headline":"\u00abQue no sean maiceados\u00bb, externa vocero de Arquidi\u00f3cesis por supuesta rifa de veh\u00edculos a diputados","datePublished":"2025-12-10T22:55:06+00:00","mainEntityOfPage":{"@id":"https:\/\/canal7slp.tv\/2025\/que-no-sean-maiceados-externa-vocero-de-arquidiocesis-por-supuesta-rifa-de-vehiculos-a-diputados\/"},"wordCount":374,"publisher":{"@id":"https:\/\/canal7slp.tv\/2025\/#organization"},"image":{"@id":"https:\/\/canal7slp.tv\/2025\/que-no-sean-maiceados-externa-vocero-de-arquidiocesis-por-supuesta-rifa-de-vehiculos-a-diputados\/#primaryimage"},"thumbnailUrl":"https:\/\/canal7slp.tv\/2025\/wp-content\/uploads\/2025\/12\/Vazquez02PadreSara.jpg","articleSection":["DESTACADAS","Iglesia","LOCALES Y REGIONALES"],"inLanguage":"es"},{"@type":"WebPage","@id":"https:\/\/canal7slp.tv\/2025\/que-no-sean-maiceados-externa-vocero-de-arquidiocesis-por-supuesta-rifa-de-vehiculos-a-diputados\/","url":"https:\/\/canal7slp.tv\/2025\/que-no-sean-maiceados-externa-vocero-de-arquidiocesis-por-supuesta-rifa-de-vehiculos-a-diputados\/","name":"\"Que no sean maiceados\", externa vocero de Arquidi\u00f3cesis por supuesta rifa de veh\u00edculos a diputados - Canal 7 SLP - 2025","isPartOf":{"@id":"https:\/\/canal7slp.tv\/2025\/#website"},"primaryImageOfPage":{"@id":"https:\/\/canal7slp.tv\/2025\/que-no-sean-maiceados-externa-vocero-de-arquidiocesis-por-supuesta-rifa-de-vehiculos-a-diputados\/#primaryimage"},"image":{"@id":"https:\/\/canal7slp.tv\/2025\/que-no-sean-maiceados-externa-vocero-de-arquidiocesis-por-supuesta-rifa-de-vehiculos-a-diputados\/#primaryimage"},"thumbnailUrl":"https:\/\/canal7slp.tv\/2025\/wp-content\/uploads\/2025\/12\/Vazquez02PadreSara.jpg","datePublished":"2025-12-10T22:55:06+00:00","breadcrumb":{"@id":"https:\/\/canal7slp.tv\/2025\/que-no-sean-maiceados-externa-vocero-de-arquidiocesis-por-supuesta-rifa-de-vehiculos-a-diputados\/#breadcrumb"},"inLanguage":"es","potentialAction":[{"@type":"ReadAction","target":["https:\/\/canal7slp.tv\/2025\/que-no-sean-maiceados-externa-vocero-de-arquidiocesis-por-supuesta-rifa-de-vehiculos-a-diputados\/"]}]},{"@type":"ImageObject","inLanguage":"es","@id":"https:\/\/canal7slp.tv\/2025\/que-no-sean-maiceados-externa-vocero-de-arquidiocesis-por-supuesta-rifa-de-vehiculos-a-diputados\/#primaryimage","url":"https:\/\/canal7slp.tv\/2025\/wp-content\/uploads\/2025\/12\/Vazquez02PadreSara.jpg","contentUrl":"https:\/\/canal7slp.tv\/2025\/wp-content\/uploads\/2025\/12\/Vazquez02PadreSara.jpg","width":1280,"height":720},{"@type":"BreadcrumbList","@id":"https:\/\/canal7slp.tv\/2025\/que-no-sean-maiceados-externa-vocero-de-arquidiocesis-por-supuesta-rifa-de-vehiculos-a-diputados\/#breadcrumb","itemListElement":[{"@type":"ListItem","position":1,"name":"Portada","item":"https:\/\/canal7slp.tv\/2025\/"},{"@type":"ListItem","position":2,"name":"\u00abQue no sean maiceados\u00bb, externa vocero de Arquidi\u00f3cesis por supuesta rifa de veh\u00edculos a diputados"}]},{"@type":"WebSite","@id":"https:\/\/canal7slp.tv\/2025\/#website","url":"https:\/\/canal7slp.tv\/2025\/","name":"N7 - Noticieros Canal 7","description":"Somos el Medio","publisher":{"@id":"https:\/\/canal7slp.tv\/2025\/#organization"},"potentialAction":[{"@type":"SearchAction","target":{"@type":"EntryPoint","urlTemplate":"https:\/\/canal7slp.tv\/2025\/?s={search_term_string}"},"query-input":{"@type":"PropertyValueSpecification","valueRequired":true,"valueName":"search_term_string"}}],"inLanguage":"es"},{"@type":"Organization","@id":"https:\/\/canal7slp.tv\/2025\/#organization","name":"Noticieros Canal 7","url":"https:\/\/canal7slp.tv\/2025\/","logo":{"@type":"ImageObject","inLanguage":"es","@id":"https:\/\/canal7slp.tv\/2025\/#\/schema\/logo\/image\/","url":"https:\/\/canal7slp.tv\/2025\/wp-content\/uploads\/2021\/01\/logo-noticieros@2x.png","contentUrl":"https:\/\/canal7slp.tv\/2025\/wp-content\/uploads\/2021\/01\/logo-noticieros@2x.png","width":1017,"height":268,"caption":"Noticieros Canal 7"},"image":{"@id":"https:\/\/canal7slp.tv\/2025\/#\/schema\/logo\/image\/"},"sameAs":["https:\/\/www.facebook.com\/noticieroscanal7atencionciudadana\/","https:\/\/x.com\/NOTICIEROS7","https:\/\/www.instagram.com\/canal7_slp","https:\/\/www.youtube.com\/channel\/UCliiYs-gP3JfJeqdPrNdd5A"]},{"@type":"Person","@id":"https:\/\/canal7slp.tv\/2025\/#\/schema\/person\/271e2b60a96e7cc9d9ac296f4d7e414b","name":"Edici\u00f3n Web","image":{"@type":"ImageObject","inLanguage":"es","@id":"https:\/\/secure.gravatar.com\/avatar\/eee448fc3f7164808013b816ba91ac7e43bbe82a70bebac296f8bc6f0addaa1a?s=96&d=mm&r=g","url":"https:\/\/secure.gravatar.com\/avatar\/eee448fc3f7164808013b816ba91ac7e43bbe82a70bebac296f8bc6f0addaa1a?s=96&d=mm&r=g","contentUrl":"https:\/\/secure.gravatar.com\/avatar\/eee448fc3f7164808013b816ba91ac7e43bbe82a70bebac296f8bc6f0addaa1a?s=96&d=mm&r=g","caption":"Edici\u00f3n Web"},"url":"https:\/\/canal7slp.tv\/2025\/author\/edicionweb\/"}]}},"_links":{"self":[{"href":"https:\/\/canal7slp.tv\/2025\/wp-json\/wp\/v2\/posts\/187501","targetHints":{"allow":["GET"]}}],"collection":[{"href":"https:\/\/canal7slp.tv\/2025\/wp-json\/wp\/v2\/posts"}],"about":[{"href":"https:\/\/canal7slp.tv\/2025\/wp-json\/wp\/v2\/types\/post"}],"author":[{"embeddable":true,"href":"https:\/\/canal7slp.tv\/2025\/wp-json\/wp\/v2\/users\/2"}],"replies":[{"embeddable":true,"href":"https:\/\/canal7slp.tv\/2025\/wp-json\/wp\/v2\/comments?post=187501"}],"version-history":[{"count":1,"href":"https:\/\/canal7slp.tv\/2025\/wp-json\/wp\/v2\/posts\/187501\/revisions"}],"predecessor-version":[{"id":187504,"href":"https:\/\/canal7slp.tv\/2025\/wp-json\/wp\/v2\/posts\/187501\/revisions\/187504"}],"wp:featuredmedia":[{"embeddable":true,"href":"https:\/\/canal7slp.tv\/2025\/wp-json\/wp\/v2\/media\/187503"}],"wp:attachment":[{"href":"https:\/\/canal7slp.tv\/2025\/wp-json\/wp\/v2\/media?parent=187501"}],"wp:term":[{"taxonomy":"category","embeddable":true,"href":"https:\/\/canal7slp.tv\/2025\/wp-json\/wp\/v2\/categories?post=187501"},{"taxonomy":"post_tag","embeddable":true,"href":"https:\/\/canal7slp.tv\/2025\/wp-json\/wp\/v2\/tags?post=187501"}],"curies":[{"name":"wp","href":"https:\/\/api.w.org\/{rel}","templated":true}]}}