{"id":187496,"date":"2025-12-10T16:40:42","date_gmt":"2025-12-10T22:40:42","guid":{"rendered":"https:\/\/canal7slp.tv\/2025\/?p=187496"},"modified":"2025-12-10T16:40:42","modified_gmt":"2025-12-10T22:40:42","slug":"percepcion-de-inseguridad-en-la-capital-supera-promedio-nacional","status":"publish","type":"post","link":"https:\/\/canal7slp.tv\/2025\/percepcion-de-inseguridad-en-la-capital-supera-promedio-nacional\/","title":{"rendered":"Percepci\u00f3n de inseguridad en la capital, supera promedio nacional"},"content":{"rendered":"<ul>\n<li style=\"text-align: justify;\">En cajeros autom\u00e1ticos, transporte p\u00fablico y calles, mayor percepci\u00f3n de inseguridad.<\/li>\n<\/ul>\n<p style=\"text-align: justify;\"><span style=\"font-size: 1.21429rem;\">SLP.- La Encuesta Nacional de Seguridad P\u00fablica Urbana (ENSU) correspondiente al tercer trimestre de 2025 revela que en la ciudad de San Luis Potos\u00ed, 70.9% de la poblaci\u00f3n se siente insegura, una reducci\u00f3n frente al 74.8% reportado en junio pasado.<\/span><\/p>\n<p style=\"text-align: justify;\">Aunque el indicador muestra una ligera mejora, la capital potosina contin\u00faa por encima del promedio nacional, ubicado en 63.0% de acuerdo con el reporte del Instituto Nacional de Estad\u00edstica y Geograf\u00eda.<\/p>\n<p style=\"text-align: justify;\">En el comparativo de un a\u00f1o, San Luis Potos\u00ed apenas vari\u00f3 respecto a septiembre de 2024 \u2014cuando report\u00f3 68.5%\u2014, mientras que diversas zonas del pa\u00eds registraron aumentos mucho m\u00e1s pronunciados.<\/p>\n<p style=\"text-align: justify;\">La ENSU detalla que ciudades como Culiac\u00e1n (88.3%), Irapuato (88.2%) y Chilpancingo (86.3%) concentran las percepciones m\u00e1s altas, mientras que otras como San Pedro Garza Garc\u00eda (8.9%) se mantienen con los \u00edndices m\u00e1s bajos.<\/p>\n<p style=\"text-align: justify;\">En contraste con el promedio nacional, que aument\u00f3 significativamente entre 2024 y 2025 al pasar de 58.6% a 63.0%, San Luis Potos\u00ed presenta un comportamiento m\u00e1s estable, aunque permanece dentro del grupo de ciudades con percepciones elevadas.<\/p>\n<p style=\"text-align: justify;\">El informe tambi\u00e9n muestra que los espacios donde m\u00e1s inseguridad se percibe a nivel nacional son cajeros autom\u00e1ticos en v\u00eda p\u00fablica (71.7%), transporte p\u00fablico (64.9%) y calles (64.4%).<\/p>\n<p style=\"text-align: justify;\">En cuanto a conflictos vecinales, la capital potosina registr\u00f3 31.7% de poblaci\u00f3n que asegur\u00f3 haber tenido alg\u00fan enfrentamiento o conflicto reciente, cifra ligeramente superior al promedio nacional de 34.3%.<\/p>\n<p style=\"text-align: justify;\">El reporte trimestral del INEGI confirma que la percepci\u00f3n de inseguridad es uno de los principales desaf\u00edos en todo el pa\u00eds, con San Luis Potos\u00ed a\u00fan por encima del nivel nacional pese a su ligera mejor\u00eda.<\/p>\n<p>Por: Jos\u00e9 Luis V\u00e1zquez<\/p>\n","protected":false},"excerpt":{"rendered":"<p>En cajeros autom\u00e1ticos, transporte p\u00fablico y calles, mayor percepci\u00f3n de inseguridad. SLP.- La Encuesta Nacional de Seguridad P\u00fablica Urbana (ENSU) correspondiente al tercer trimestre de 2025 revela que en la ciudad de San Luis Potos\u00ed, 70.9% de la poblaci\u00f3n se siente insegura, una reducci\u00f3n frente al 74.8% reportado en junio pasado. Aunque el indicador muestra una ligera mejora, la capital potosina contin\u00faa por encima del promedio nacional, ubicado en 63.0% de acuerdo con el reporte del Instituto Nacional de Estad\u00edstica y Geograf\u00eda. En el comparativo de un a\u00f1o, San Luis Potos\u00ed apenas vari\u00f3 respecto a septiembre de 2024 \u2014cuando report\u00f3 [&hellip;]<\/p>\n","protected":false},"author":2,"featured_media":187498,"comment_status":"closed","ping_status":"closed","sticky":false,"template":"","format":"video","meta":{"_monsterinsights_skip_tracking":false,"_monsterinsights_sitenote_active":false,"_monsterinsights_sitenote_note":"","_monsterinsights_sitenote_category":0,"footnotes":""},"categories":[5,45],"tags":[],"class_list":["post-187496","post","type-post","status-publish","format-video","has-post-thumbnail","hentry","category-destacadas","category-localesyregionales","post_format-post-format-video","post--single"],"yoast_head":"<!-- This site is optimized with the Yoast SEO plugin v27.5 - https:\/\/yoast.com\/product\/yoast-seo-wordpress\/ -->\n<title>Percepci\u00f3n de inseguridad en la capital, supera promedio nacional - Canal 7 SLP - 2025<\/title>\n<meta name=\"robots\" content=\"index, follow, max-snippet:-1, max-image-preview:large, max-video-preview:-1\" \/>\n<link rel=\"canonical\" href=\"https:\/\/canal7slp.tv\/2025\/percepcion-de-inseguridad-en-la-capital-supera-promedio-nacional\/\" \/>\n<meta property=\"og:locale\" content=\"es_ES\" \/>\n<meta property=\"og:type\" content=\"article\" \/>\n<meta property=\"og:title\" content=\"Percepci\u00f3n de inseguridad en la capital, supera promedio nacional - Canal 7 SLP - 2025\" \/>\n<meta property=\"og:description\" content=\"En cajeros autom\u00e1ticos, transporte p\u00fablico y calles, mayor percepci\u00f3n de inseguridad. SLP.- La Encuesta Nacional de Seguridad P\u00fablica Urbana (ENSU) correspondiente al tercer trimestre de 2025 revela que en la ciudad de San Luis Potos\u00ed, 70.9% de la poblaci\u00f3n se siente insegura, una reducci\u00f3n frente al 74.8% reportado en junio pasado. Aunque el indicador muestra una ligera mejora, la capital potosina contin\u00faa por encima del promedio nacional, ubicado en 63.0% de acuerdo con el reporte del Instituto Nacional de Estad\u00edstica y Geograf\u00eda. En el comparativo de un a\u00f1o, San Luis Potos\u00ed apenas vari\u00f3 respecto a septiembre de 2024 \u2014cuando report\u00f3 [&hellip;]\" \/>\n<meta property=\"og:url\" content=\"https:\/\/canal7slp.tv\/2025\/percepcion-de-inseguridad-en-la-capital-supera-promedio-nacional\/\" \/>\n<meta property=\"og:site_name\" content=\"Canal 7 SLP - 2025\" \/>\n<meta property=\"article:publisher\" content=\"https:\/\/www.facebook.com\/noticieroscanal7atencionciudadana\/\" \/>\n<meta property=\"article:published_time\" content=\"2025-12-10T22:40:42+00:00\" \/>\n<meta property=\"og:image\" content=\"https:\/\/canal7slp.tv\/2025\/wp-content\/uploads\/2025\/12\/Vazquez01Ensu.jpg\" \/>\n\t<meta property=\"og:image:width\" content=\"1280\" \/>\n\t<meta property=\"og:image:height\" content=\"720\" \/>\n\t<meta property=\"og:image:type\" content=\"image\/jpeg\" \/>\n<meta name=\"author\" content=\"Edici\u00f3n Web\" \/>\n<meta name=\"twitter:card\" content=\"summary_large_image\" \/>\n<meta name=\"twitter:creator\" content=\"@NOTICIEROS7\" \/>\n<meta name=\"twitter:site\" content=\"@NOTICIEROS7\" \/>\n<meta name=\"twitter:label1\" content=\"Escrito por\" \/>\n\t<meta name=\"twitter:data1\" content=\"Edici\u00f3n Web\" \/>\n\t<meta name=\"twitter:label2\" content=\"Tiempo de lectura\" \/>\n\t<meta name=\"twitter:data2\" content=\"2 minutos\" \/>\n<script type=\"application\/ld+json\" class=\"yoast-schema-graph\">{\"@context\":\"https:\\\/\\\/schema.org\",\"@graph\":[{\"@type\":\"Article\",\"@id\":\"https:\\\/\\\/canal7slp.tv\\\/2025\\\/percepcion-de-inseguridad-en-la-capital-supera-promedio-nacional\\\/#article\",\"isPartOf\":{\"@id\":\"https:\\\/\\\/canal7slp.tv\\\/2025\\\/percepcion-de-inseguridad-en-la-capital-supera-promedio-nacional\\\/\"},\"author\":{\"name\":\"Edici\u00f3n Web\",\"@id\":\"https:\\\/\\\/canal7slp.tv\\\/2025\\\/#\\\/schema\\\/person\\\/271e2b60a96e7cc9d9ac296f4d7e414b\"},\"headline\":\"Percepci\u00f3n de inseguridad en la capital, supera promedio nacional\",\"datePublished\":\"2025-12-10T22:40:42+00:00\",\"mainEntityOfPage\":{\"@id\":\"https:\\\/\\\/canal7slp.tv\\\/2025\\\/percepcion-de-inseguridad-en-la-capital-supera-promedio-nacional\\\/\"},\"wordCount\":303,\"publisher\":{\"@id\":\"https:\\\/\\\/canal7slp.tv\\\/2025\\\/#organization\"},\"image\":{\"@id\":\"https:\\\/\\\/canal7slp.tv\\\/2025\\\/percepcion-de-inseguridad-en-la-capital-supera-promedio-nacional\\\/#primaryimage\"},\"thumbnailUrl\":\"https:\\\/\\\/canal7slp.tv\\\/2025\\\/wp-content\\\/uploads\\\/2025\\\/12\\\/Vazquez01Ensu.jpg\",\"articleSection\":[\"DESTACADAS\",\"LOCALES Y REGIONALES\"],\"inLanguage\":\"es\"},{\"@type\":\"WebPage\",\"@id\":\"https:\\\/\\\/canal7slp.tv\\\/2025\\\/percepcion-de-inseguridad-en-la-capital-supera-promedio-nacional\\\/\",\"url\":\"https:\\\/\\\/canal7slp.tv\\\/2025\\\/percepcion-de-inseguridad-en-la-capital-supera-promedio-nacional\\\/\",\"name\":\"Percepci\u00f3n de inseguridad en la capital, supera promedio nacional - Canal 7 SLP - 2025\",\"isPartOf\":{\"@id\":\"https:\\\/\\\/canal7slp.tv\\\/2025\\\/#website\"},\"primaryImageOfPage\":{\"@id\":\"https:\\\/\\\/canal7slp.tv\\\/2025\\\/percepcion-de-inseguridad-en-la-capital-supera-promedio-nacional\\\/#primaryimage\"},\"image\":{\"@id\":\"https:\\\/\\\/canal7slp.tv\\\/2025\\\/percepcion-de-inseguridad-en-la-capital-supera-promedio-nacional\\\/#primaryimage\"},\"thumbnailUrl\":\"https:\\\/\\\/canal7slp.tv\\\/2025\\\/wp-content\\\/uploads\\\/2025\\\/12\\\/Vazquez01Ensu.jpg\",\"datePublished\":\"2025-12-10T22:40:42+00:00\",\"breadcrumb\":{\"@id\":\"https:\\\/\\\/canal7slp.tv\\\/2025\\\/percepcion-de-inseguridad-en-la-capital-supera-promedio-nacional\\\/#breadcrumb\"},\"inLanguage\":\"es\",\"potentialAction\":[{\"@type\":\"ReadAction\",\"target\":[\"https:\\\/\\\/canal7slp.tv\\\/2025\\\/percepcion-de-inseguridad-en-la-capital-supera-promedio-nacional\\\/\"]}]},{\"@type\":\"ImageObject\",\"inLanguage\":\"es\",\"@id\":\"https:\\\/\\\/canal7slp.tv\\\/2025\\\/percepcion-de-inseguridad-en-la-capital-supera-promedio-nacional\\\/#primaryimage\",\"url\":\"https:\\\/\\\/canal7slp.tv\\\/2025\\\/wp-content\\\/uploads\\\/2025\\\/12\\\/Vazquez01Ensu.jpg\",\"contentUrl\":\"https:\\\/\\\/canal7slp.tv\\\/2025\\\/wp-content\\\/uploads\\\/2025\\\/12\\\/Vazquez01Ensu.jpg\",\"width\":1280,\"height\":720},{\"@type\":\"BreadcrumbList\",\"@id\":\"https:\\\/\\\/canal7slp.tv\\\/2025\\\/percepcion-de-inseguridad-en-la-capital-supera-promedio-nacional\\\/#breadcrumb\",\"itemListElement\":[{\"@type\":\"ListItem\",\"position\":1,\"name\":\"Portada\",\"item\":\"https:\\\/\\\/canal7slp.tv\\\/2025\\\/\"},{\"@type\":\"ListItem\",\"position\":2,\"name\":\"Percepci\u00f3n de inseguridad en la capital, supera promedio nacional\"}]},{\"@type\":\"WebSite\",\"@id\":\"https:\\\/\\\/canal7slp.tv\\\/2025\\\/#website\",\"url\":\"https:\\\/\\\/canal7slp.tv\\\/2025\\\/\",\"name\":\"N7 - Noticieros Canal 7\",\"description\":\"Somos el Medio\",\"publisher\":{\"@id\":\"https:\\\/\\\/canal7slp.tv\\\/2025\\\/#organization\"},\"potentialAction\":[{\"@type\":\"SearchAction\",\"target\":{\"@type\":\"EntryPoint\",\"urlTemplate\":\"https:\\\/\\\/canal7slp.tv\\\/2025\\\/?s={search_term_string}\"},\"query-input\":{\"@type\":\"PropertyValueSpecification\",\"valueRequired\":true,\"valueName\":\"search_term_string\"}}],\"inLanguage\":\"es\"},{\"@type\":\"Organization\",\"@id\":\"https:\\\/\\\/canal7slp.tv\\\/2025\\\/#organization\",\"name\":\"Noticieros Canal 7\",\"url\":\"https:\\\/\\\/canal7slp.tv\\\/2025\\\/\",\"logo\":{\"@type\":\"ImageObject\",\"inLanguage\":\"es\",\"@id\":\"https:\\\/\\\/canal7slp.tv\\\/2025\\\/#\\\/schema\\\/logo\\\/image\\\/\",\"url\":\"https:\\\/\\\/canal7slp.tv\\\/2025\\\/wp-content\\\/uploads\\\/2021\\\/01\\\/logo-noticieros@2x.png\",\"contentUrl\":\"https:\\\/\\\/canal7slp.tv\\\/2025\\\/wp-content\\\/uploads\\\/2021\\\/01\\\/logo-noticieros@2x.png\",\"width\":1017,\"height\":268,\"caption\":\"Noticieros Canal 7\"},\"image\":{\"@id\":\"https:\\\/\\\/canal7slp.tv\\\/2025\\\/#\\\/schema\\\/logo\\\/image\\\/\"},\"sameAs\":[\"https:\\\/\\\/www.facebook.com\\\/noticieroscanal7atencionciudadana\\\/\",\"https:\\\/\\\/x.com\\\/NOTICIEROS7\",\"https:\\\/\\\/www.instagram.com\\\/canal7_slp\",\"https:\\\/\\\/www.youtube.com\\\/channel\\\/UCliiYs-gP3JfJeqdPrNdd5A\"]},{\"@type\":\"Person\",\"@id\":\"https:\\\/\\\/canal7slp.tv\\\/2025\\\/#\\\/schema\\\/person\\\/271e2b60a96e7cc9d9ac296f4d7e414b\",\"name\":\"Edici\u00f3n Web\",\"image\":{\"@type\":\"ImageObject\",\"inLanguage\":\"es\",\"@id\":\"https:\\\/\\\/secure.gravatar.com\\\/avatar\\\/eee448fc3f7164808013b816ba91ac7e43bbe82a70bebac296f8bc6f0addaa1a?s=96&d=mm&r=g\",\"url\":\"https:\\\/\\\/secure.gravatar.com\\\/avatar\\\/eee448fc3f7164808013b816ba91ac7e43bbe82a70bebac296f8bc6f0addaa1a?s=96&d=mm&r=g\",\"contentUrl\":\"https:\\\/\\\/secure.gravatar.com\\\/avatar\\\/eee448fc3f7164808013b816ba91ac7e43bbe82a70bebac296f8bc6f0addaa1a?s=96&d=mm&r=g\",\"caption\":\"Edici\u00f3n Web\"},\"url\":\"https:\\\/\\\/canal7slp.tv\\\/2025\\\/author\\\/edicionweb\\\/\"}]}<\/script>\n<!-- \/ Yoast SEO plugin. -->","yoast_head_json":{"title":"Percepci\u00f3n de inseguridad en la capital, supera promedio nacional - Canal 7 SLP - 2025","robots":{"index":"index","follow":"follow","max-snippet":"max-snippet:-1","max-image-preview":"max-image-preview:large","max-video-preview":"max-video-preview:-1"},"canonical":"https:\/\/canal7slp.tv\/2025\/percepcion-de-inseguridad-en-la-capital-supera-promedio-nacional\/","og_locale":"es_ES","og_type":"article","og_title":"Percepci\u00f3n de inseguridad en la capital, supera promedio nacional - Canal 7 SLP - 2025","og_description":"En cajeros autom\u00e1ticos, transporte p\u00fablico y calles, mayor percepci\u00f3n de inseguridad. SLP.- La Encuesta Nacional de Seguridad P\u00fablica Urbana (ENSU) correspondiente al tercer trimestre de 2025 revela que en la ciudad de San Luis Potos\u00ed, 70.9% de la poblaci\u00f3n se siente insegura, una reducci\u00f3n frente al 74.8% reportado en junio pasado. Aunque el indicador muestra una ligera mejora, la capital potosina contin\u00faa por encima del promedio nacional, ubicado en 63.0% de acuerdo con el reporte del Instituto Nacional de Estad\u00edstica y Geograf\u00eda. En el comparativo de un a\u00f1o, San Luis Potos\u00ed apenas vari\u00f3 respecto a septiembre de 2024 \u2014cuando report\u00f3 [&hellip;]","og_url":"https:\/\/canal7slp.tv\/2025\/percepcion-de-inseguridad-en-la-capital-supera-promedio-nacional\/","og_site_name":"Canal 7 SLP - 2025","article_publisher":"https:\/\/www.facebook.com\/noticieroscanal7atencionciudadana\/","article_published_time":"2025-12-10T22:40:42+00:00","og_image":[{"width":1280,"height":720,"url":"https:\/\/canal7slp.tv\/2025\/wp-content\/uploads\/2025\/12\/Vazquez01Ensu.jpg","type":"image\/jpeg"}],"author":"Edici\u00f3n Web","twitter_card":"summary_large_image","twitter_creator":"@NOTICIEROS7","twitter_site":"@NOTICIEROS7","twitter_misc":{"Escrito por":"Edici\u00f3n Web","Tiempo de lectura":"2 minutos"},"schema":{"@context":"https:\/\/schema.org","@graph":[{"@type":"Article","@id":"https:\/\/canal7slp.tv\/2025\/percepcion-de-inseguridad-en-la-capital-supera-promedio-nacional\/#article","isPartOf":{"@id":"https:\/\/canal7slp.tv\/2025\/percepcion-de-inseguridad-en-la-capital-supera-promedio-nacional\/"},"author":{"name":"Edici\u00f3n Web","@id":"https:\/\/canal7slp.tv\/2025\/#\/schema\/person\/271e2b60a96e7cc9d9ac296f4d7e414b"},"headline":"Percepci\u00f3n de inseguridad en la capital, supera promedio nacional","datePublished":"2025-12-10T22:40:42+00:00","mainEntityOfPage":{"@id":"https:\/\/canal7slp.tv\/2025\/percepcion-de-inseguridad-en-la-capital-supera-promedio-nacional\/"},"wordCount":303,"publisher":{"@id":"https:\/\/canal7slp.tv\/2025\/#organization"},"image":{"@id":"https:\/\/canal7slp.tv\/2025\/percepcion-de-inseguridad-en-la-capital-supera-promedio-nacional\/#primaryimage"},"thumbnailUrl":"https:\/\/canal7slp.tv\/2025\/wp-content\/uploads\/2025\/12\/Vazquez01Ensu.jpg","articleSection":["DESTACADAS","LOCALES Y REGIONALES"],"inLanguage":"es"},{"@type":"WebPage","@id":"https:\/\/canal7slp.tv\/2025\/percepcion-de-inseguridad-en-la-capital-supera-promedio-nacional\/","url":"https:\/\/canal7slp.tv\/2025\/percepcion-de-inseguridad-en-la-capital-supera-promedio-nacional\/","name":"Percepci\u00f3n de inseguridad en la capital, supera promedio nacional - Canal 7 SLP - 2025","isPartOf":{"@id":"https:\/\/canal7slp.tv\/2025\/#website"},"primaryImageOfPage":{"@id":"https:\/\/canal7slp.tv\/2025\/percepcion-de-inseguridad-en-la-capital-supera-promedio-nacional\/#primaryimage"},"image":{"@id":"https:\/\/canal7slp.tv\/2025\/percepcion-de-inseguridad-en-la-capital-supera-promedio-nacional\/#primaryimage"},"thumbnailUrl":"https:\/\/canal7slp.tv\/2025\/wp-content\/uploads\/2025\/12\/Vazquez01Ensu.jpg","datePublished":"2025-12-10T22:40:42+00:00","breadcrumb":{"@id":"https:\/\/canal7slp.tv\/2025\/percepcion-de-inseguridad-en-la-capital-supera-promedio-nacional\/#breadcrumb"},"inLanguage":"es","potentialAction":[{"@type":"ReadAction","target":["https:\/\/canal7slp.tv\/2025\/percepcion-de-inseguridad-en-la-capital-supera-promedio-nacional\/"]}]},{"@type":"ImageObject","inLanguage":"es","@id":"https:\/\/canal7slp.tv\/2025\/percepcion-de-inseguridad-en-la-capital-supera-promedio-nacional\/#primaryimage","url":"https:\/\/canal7slp.tv\/2025\/wp-content\/uploads\/2025\/12\/Vazquez01Ensu.jpg","contentUrl":"https:\/\/canal7slp.tv\/2025\/wp-content\/uploads\/2025\/12\/Vazquez01Ensu.jpg","width":1280,"height":720},{"@type":"BreadcrumbList","@id":"https:\/\/canal7slp.tv\/2025\/percepcion-de-inseguridad-en-la-capital-supera-promedio-nacional\/#breadcrumb","itemListElement":[{"@type":"ListItem","position":1,"name":"Portada","item":"https:\/\/canal7slp.tv\/2025\/"},{"@type":"ListItem","position":2,"name":"Percepci\u00f3n de inseguridad en la capital, supera promedio nacional"}]},{"@type":"WebSite","@id":"https:\/\/canal7slp.tv\/2025\/#website","url":"https:\/\/canal7slp.tv\/2025\/","name":"N7 - Noticieros Canal 7","description":"Somos el Medio","publisher":{"@id":"https:\/\/canal7slp.tv\/2025\/#organization"},"potentialAction":[{"@type":"SearchAction","target":{"@type":"EntryPoint","urlTemplate":"https:\/\/canal7slp.tv\/2025\/?s={search_term_string}"},"query-input":{"@type":"PropertyValueSpecification","valueRequired":true,"valueName":"search_term_string"}}],"inLanguage":"es"},{"@type":"Organization","@id":"https:\/\/canal7slp.tv\/2025\/#organization","name":"Noticieros Canal 7","url":"https:\/\/canal7slp.tv\/2025\/","logo":{"@type":"ImageObject","inLanguage":"es","@id":"https:\/\/canal7slp.tv\/2025\/#\/schema\/logo\/image\/","url":"https:\/\/canal7slp.tv\/2025\/wp-content\/uploads\/2021\/01\/logo-noticieros@2x.png","contentUrl":"https:\/\/canal7slp.tv\/2025\/wp-content\/uploads\/2021\/01\/logo-noticieros@2x.png","width":1017,"height":268,"caption":"Noticieros Canal 7"},"image":{"@id":"https:\/\/canal7slp.tv\/2025\/#\/schema\/logo\/image\/"},"sameAs":["https:\/\/www.facebook.com\/noticieroscanal7atencionciudadana\/","https:\/\/x.com\/NOTICIEROS7","https:\/\/www.instagram.com\/canal7_slp","https:\/\/www.youtube.com\/channel\/UCliiYs-gP3JfJeqdPrNdd5A"]},{"@type":"Person","@id":"https:\/\/canal7slp.tv\/2025\/#\/schema\/person\/271e2b60a96e7cc9d9ac296f4d7e414b","name":"Edici\u00f3n Web","image":{"@type":"ImageObject","inLanguage":"es","@id":"https:\/\/secure.gravatar.com\/avatar\/eee448fc3f7164808013b816ba91ac7e43bbe82a70bebac296f8bc6f0addaa1a?s=96&d=mm&r=g","url":"https:\/\/secure.gravatar.com\/avatar\/eee448fc3f7164808013b816ba91ac7e43bbe82a70bebac296f8bc6f0addaa1a?s=96&d=mm&r=g","contentUrl":"https:\/\/secure.gravatar.com\/avatar\/eee448fc3f7164808013b816ba91ac7e43bbe82a70bebac296f8bc6f0addaa1a?s=96&d=mm&r=g","caption":"Edici\u00f3n Web"},"url":"https:\/\/canal7slp.tv\/2025\/author\/edicionweb\/"}]}},"_links":{"self":[{"href":"https:\/\/canal7slp.tv\/2025\/wp-json\/wp\/v2\/posts\/187496","targetHints":{"allow":["GET"]}}],"collection":[{"href":"https:\/\/canal7slp.tv\/2025\/wp-json\/wp\/v2\/posts"}],"about":[{"href":"https:\/\/canal7slp.tv\/2025\/wp-json\/wp\/v2\/types\/post"}],"author":[{"embeddable":true,"href":"https:\/\/canal7slp.tv\/2025\/wp-json\/wp\/v2\/users\/2"}],"replies":[{"embeddable":true,"href":"https:\/\/canal7slp.tv\/2025\/wp-json\/wp\/v2\/comments?post=187496"}],"version-history":[{"count":2,"href":"https:\/\/canal7slp.tv\/2025\/wp-json\/wp\/v2\/posts\/187496\/revisions"}],"predecessor-version":[{"id":187500,"href":"https:\/\/canal7slp.tv\/2025\/wp-json\/wp\/v2\/posts\/187496\/revisions\/187500"}],"wp:featuredmedia":[{"embeddable":true,"href":"https:\/\/canal7slp.tv\/2025\/wp-json\/wp\/v2\/media\/187498"}],"wp:attachment":[{"href":"https:\/\/canal7slp.tv\/2025\/wp-json\/wp\/v2\/media?parent=187496"}],"wp:term":[{"taxonomy":"category","embeddable":true,"href":"https:\/\/canal7slp.tv\/2025\/wp-json\/wp\/v2\/categories?post=187496"},{"taxonomy":"post_tag","embeddable":true,"href":"https:\/\/canal7slp.tv\/2025\/wp-json\/wp\/v2\/tags?post=187496"}],"curies":[{"name":"wp","href":"https:\/\/api.w.org\/{rel}","templated":true}]}}