{"id":187490,"date":"2025-12-10T16:18:28","date_gmt":"2025-12-10T22:18:28","guid":{"rendered":"https:\/\/canal7slp.tv\/2025\/?p=187490"},"modified":"2025-12-10T16:18:28","modified_gmt":"2025-12-10T22:18:28","slug":"anuncian-bloqueo-total-de-senal-telefonica-en-reclusorios-federales-y-de-la-cdmx-para-2026","status":"publish","type":"post","link":"https:\/\/canal7slp.tv\/2025\/anuncian-bloqueo-total-de-senal-telefonica-en-reclusorios-federales-y-de-la-cdmx-para-2026\/","title":{"rendered":"Anuncian bloqueo total de se\u00f1al telef\u00f3nica en reclusorios federales y de la CDMX para 2026"},"content":{"rendered":"<p style=\"text-align: justify;\">M\u00e9xico.- El secretario de Seguridad y Protecci\u00f3n Ciudadana, Omar Garc\u00eda Harfuch, anunci\u00f3 que como parte de la Estrategia Nacional contra la Extorsi\u00f3n, se implementar\u00e1 el bloqueo de se\u00f1al telef\u00f3nica en los 14 reclusorios federales y los 13 centros penitenciarios de la Ciudad de M\u00e9xico durante el primer trimestre de 2026.<\/p>\n<p style=\"text-align: justify;\">El objetivo de esta medida es impedir que el delito de extorsi\u00f3n se cometa desde el interior de los penales.<\/p>\n<p style=\"text-align: justify;\">Garc\u00eda Harfuch detall\u00f3 que se est\u00e1n instalando inhibidores de se\u00f1al, sistemas de circuito cerrado avanzados, sensores de movimiento y esc\u00e1neres de seguridad en estos centros.<\/p>\n<p style=\"text-align: justify;\">Hasta ahora, se ha logrado bloquear el 33% de las l\u00edneas telef\u00f3nicas detectadas como utilizadas para extorsi\u00f3n, incluyendo un bloqueo total del servicio 3G y 4G en el penal de Santa Martha Acatitla.<\/p>\n<p style=\"text-align: justify;\">Durante la conferencia, el titular de la SSPC present\u00f3 un balance de la estrategia, se\u00f1alando que desde su inicio en julio se han recibido m\u00e1s de 102,800 llamadas al n\u00famero de denuncia 089.<\/p>\n<p style=\"text-align: justify;\">De estas, 77 mil 428 (75%) correspondieron a intentos de extorsi\u00f3n que no se consumaron gracias a la orientaci\u00f3n de los operadores, mientras que 10 mil 854 (11%) fueron denuncias de extorsiones consumadas que derivaron en tres mil 684 carpetas de investigaci\u00f3n.<\/p>\n<p style=\"text-align: justify;\">En materia de detenciones, inform\u00f3 que entre el 6 de julio y el 30 de noviembre se captur\u00f3 a 615 personas por extorsi\u00f3n en operativos realizados en 22 estados.<\/p>\n<p style=\"text-align: justify;\">Identific\u00f3 que 12 centros penitenciarios concentran el 56% de las l\u00edneas telef\u00f3nicas reportadas para este delito.<\/p>\n","protected":false},"excerpt":{"rendered":"<p>M\u00e9xico.- El secretario de Seguridad y Protecci\u00f3n Ciudadana, Omar Garc\u00eda Harfuch, anunci\u00f3 que como parte de la Estrategia Nacional contra la Extorsi\u00f3n, se implementar\u00e1 el bloqueo de se\u00f1al telef\u00f3nica en los 14 reclusorios federales y los 13 centros penitenciarios de la Ciudad de M\u00e9xico durante el primer trimestre de 2026. El objetivo de esta medida es impedir que el delito de extorsi\u00f3n se cometa desde el interior de los penales. Garc\u00eda Harfuch detall\u00f3 que se est\u00e1n instalando inhibidores de se\u00f1al, sistemas de circuito cerrado avanzados, sensores de movimiento y esc\u00e1neres de seguridad en estos centros. Hasta ahora, se ha logrado [&hellip;]<\/p>\n","protected":false},"author":2,"featured_media":187491,"comment_status":"closed","ping_status":"closed","sticky":false,"template":"","format":"standard","meta":{"_monsterinsights_skip_tracking":false,"_monsterinsights_sitenote_active":false,"_monsterinsights_sitenote_note":"","_monsterinsights_sitenote_category":0,"footnotes":""},"categories":[46],"tags":[],"class_list":["post-187490","post","type-post","status-publish","format-standard","has-post-thumbnail","hentry","category-nacional","post--single"],"yoast_head":"<!-- This site is optimized with the Yoast SEO plugin v27.4 - https:\/\/yoast.com\/product\/yoast-seo-wordpress\/ -->\n<title>Anuncian bloqueo total de se\u00f1al telef\u00f3nica en reclusorios federales y de la CDMX para 2026 - Canal 7 SLP - 2025<\/title>\n<meta name=\"robots\" content=\"index, follow, max-snippet:-1, max-image-preview:large, max-video-preview:-1\" \/>\n<link rel=\"canonical\" href=\"https:\/\/canal7slp.tv\/2025\/anuncian-bloqueo-total-de-senal-telefonica-en-reclusorios-federales-y-de-la-cdmx-para-2026\/\" \/>\n<meta property=\"og:locale\" content=\"es_ES\" \/>\n<meta property=\"og:type\" content=\"article\" \/>\n<meta property=\"og:title\" content=\"Anuncian bloqueo total de se\u00f1al telef\u00f3nica en reclusorios federales y de la CDMX para 2026 - Canal 7 SLP - 2025\" \/>\n<meta property=\"og:description\" content=\"M\u00e9xico.- El secretario de Seguridad y Protecci\u00f3n Ciudadana, Omar Garc\u00eda Harfuch, anunci\u00f3 que como parte de la Estrategia Nacional contra la Extorsi\u00f3n, se implementar\u00e1 el bloqueo de se\u00f1al telef\u00f3nica en los 14 reclusorios federales y los 13 centros penitenciarios de la Ciudad de M\u00e9xico durante el primer trimestre de 2026. El objetivo de esta medida es impedir que el delito de extorsi\u00f3n se cometa desde el interior de los penales. Garc\u00eda Harfuch detall\u00f3 que se est\u00e1n instalando inhibidores de se\u00f1al, sistemas de circuito cerrado avanzados, sensores de movimiento y esc\u00e1neres de seguridad en estos centros. Hasta ahora, se ha logrado [&hellip;]\" \/>\n<meta property=\"og:url\" content=\"https:\/\/canal7slp.tv\/2025\/anuncian-bloqueo-total-de-senal-telefonica-en-reclusorios-federales-y-de-la-cdmx-para-2026\/\" \/>\n<meta property=\"og:site_name\" content=\"Canal 7 SLP - 2025\" \/>\n<meta property=\"article:publisher\" content=\"https:\/\/www.facebook.com\/noticieroscanal7atencionciudadana\/\" \/>\n<meta property=\"article:published_time\" content=\"2025-12-10T22:18:28+00:00\" \/>\n<meta property=\"og:image\" content=\"https:\/\/canal7slp.tv\/2025\/wp-content\/uploads\/2025\/12\/08-8.jpg\" \/>\n\t<meta property=\"og:image:width\" content=\"898\" \/>\n\t<meta property=\"og:image:height\" content=\"500\" \/>\n\t<meta property=\"og:image:type\" content=\"image\/jpeg\" \/>\n<meta name=\"author\" content=\"Edici\u00f3n Web\" \/>\n<meta name=\"twitter:card\" content=\"summary_large_image\" \/>\n<meta name=\"twitter:creator\" content=\"@NOTICIEROS7\" \/>\n<meta name=\"twitter:site\" content=\"@NOTICIEROS7\" \/>\n<meta name=\"twitter:label1\" content=\"Escrito por\" \/>\n\t<meta name=\"twitter:data1\" content=\"Edici\u00f3n Web\" \/>\n\t<meta name=\"twitter:label2\" content=\"Tiempo de lectura\" \/>\n\t<meta name=\"twitter:data2\" content=\"2 minutos\" \/>\n<script type=\"application\/ld+json\" class=\"yoast-schema-graph\">{\"@context\":\"https:\\\/\\\/schema.org\",\"@graph\":[{\"@type\":\"Article\",\"@id\":\"https:\\\/\\\/canal7slp.tv\\\/2025\\\/anuncian-bloqueo-total-de-senal-telefonica-en-reclusorios-federales-y-de-la-cdmx-para-2026\\\/#article\",\"isPartOf\":{\"@id\":\"https:\\\/\\\/canal7slp.tv\\\/2025\\\/anuncian-bloqueo-total-de-senal-telefonica-en-reclusorios-federales-y-de-la-cdmx-para-2026\\\/\"},\"author\":{\"name\":\"Edici\u00f3n Web\",\"@id\":\"https:\\\/\\\/canal7slp.tv\\\/2025\\\/#\\\/schema\\\/person\\\/271e2b60a96e7cc9d9ac296f4d7e414b\"},\"headline\":\"Anuncian bloqueo total de se\u00f1al telef\u00f3nica en reclusorios federales y de la CDMX para 2026\",\"datePublished\":\"2025-12-10T22:18:28+00:00\",\"mainEntityOfPage\":{\"@id\":\"https:\\\/\\\/canal7slp.tv\\\/2025\\\/anuncian-bloqueo-total-de-senal-telefonica-en-reclusorios-federales-y-de-la-cdmx-para-2026\\\/\"},\"wordCount\":270,\"publisher\":{\"@id\":\"https:\\\/\\\/canal7slp.tv\\\/2025\\\/#organization\"},\"image\":{\"@id\":\"https:\\\/\\\/canal7slp.tv\\\/2025\\\/anuncian-bloqueo-total-de-senal-telefonica-en-reclusorios-federales-y-de-la-cdmx-para-2026\\\/#primaryimage\"},\"thumbnailUrl\":\"https:\\\/\\\/canal7slp.tv\\\/2025\\\/wp-content\\\/uploads\\\/2025\\\/12\\\/08-8.jpg\",\"articleSection\":[\"NACIONALES\"],\"inLanguage\":\"es\"},{\"@type\":\"WebPage\",\"@id\":\"https:\\\/\\\/canal7slp.tv\\\/2025\\\/anuncian-bloqueo-total-de-senal-telefonica-en-reclusorios-federales-y-de-la-cdmx-para-2026\\\/\",\"url\":\"https:\\\/\\\/canal7slp.tv\\\/2025\\\/anuncian-bloqueo-total-de-senal-telefonica-en-reclusorios-federales-y-de-la-cdmx-para-2026\\\/\",\"name\":\"Anuncian bloqueo total de se\u00f1al telef\u00f3nica en reclusorios federales y de la CDMX para 2026 - Canal 7 SLP - 2025\",\"isPartOf\":{\"@id\":\"https:\\\/\\\/canal7slp.tv\\\/2025\\\/#website\"},\"primaryImageOfPage\":{\"@id\":\"https:\\\/\\\/canal7slp.tv\\\/2025\\\/anuncian-bloqueo-total-de-senal-telefonica-en-reclusorios-federales-y-de-la-cdmx-para-2026\\\/#primaryimage\"},\"image\":{\"@id\":\"https:\\\/\\\/canal7slp.tv\\\/2025\\\/anuncian-bloqueo-total-de-senal-telefonica-en-reclusorios-federales-y-de-la-cdmx-para-2026\\\/#primaryimage\"},\"thumbnailUrl\":\"https:\\\/\\\/canal7slp.tv\\\/2025\\\/wp-content\\\/uploads\\\/2025\\\/12\\\/08-8.jpg\",\"datePublished\":\"2025-12-10T22:18:28+00:00\",\"breadcrumb\":{\"@id\":\"https:\\\/\\\/canal7slp.tv\\\/2025\\\/anuncian-bloqueo-total-de-senal-telefonica-en-reclusorios-federales-y-de-la-cdmx-para-2026\\\/#breadcrumb\"},\"inLanguage\":\"es\",\"potentialAction\":[{\"@type\":\"ReadAction\",\"target\":[\"https:\\\/\\\/canal7slp.tv\\\/2025\\\/anuncian-bloqueo-total-de-senal-telefonica-en-reclusorios-federales-y-de-la-cdmx-para-2026\\\/\"]}]},{\"@type\":\"ImageObject\",\"inLanguage\":\"es\",\"@id\":\"https:\\\/\\\/canal7slp.tv\\\/2025\\\/anuncian-bloqueo-total-de-senal-telefonica-en-reclusorios-federales-y-de-la-cdmx-para-2026\\\/#primaryimage\",\"url\":\"https:\\\/\\\/canal7slp.tv\\\/2025\\\/wp-content\\\/uploads\\\/2025\\\/12\\\/08-8.jpg\",\"contentUrl\":\"https:\\\/\\\/canal7slp.tv\\\/2025\\\/wp-content\\\/uploads\\\/2025\\\/12\\\/08-8.jpg\",\"width\":898,\"height\":500},{\"@type\":\"BreadcrumbList\",\"@id\":\"https:\\\/\\\/canal7slp.tv\\\/2025\\\/anuncian-bloqueo-total-de-senal-telefonica-en-reclusorios-federales-y-de-la-cdmx-para-2026\\\/#breadcrumb\",\"itemListElement\":[{\"@type\":\"ListItem\",\"position\":1,\"name\":\"Portada\",\"item\":\"https:\\\/\\\/canal7slp.tv\\\/2025\\\/\"},{\"@type\":\"ListItem\",\"position\":2,\"name\":\"Anuncian bloqueo total de se\u00f1al telef\u00f3nica en reclusorios federales y de la CDMX para 2026\"}]},{\"@type\":\"WebSite\",\"@id\":\"https:\\\/\\\/canal7slp.tv\\\/2025\\\/#website\",\"url\":\"https:\\\/\\\/canal7slp.tv\\\/2025\\\/\",\"name\":\"N7 - Noticieros Canal 7\",\"description\":\"Somos el Medio\",\"publisher\":{\"@id\":\"https:\\\/\\\/canal7slp.tv\\\/2025\\\/#organization\"},\"potentialAction\":[{\"@type\":\"SearchAction\",\"target\":{\"@type\":\"EntryPoint\",\"urlTemplate\":\"https:\\\/\\\/canal7slp.tv\\\/2025\\\/?s={search_term_string}\"},\"query-input\":{\"@type\":\"PropertyValueSpecification\",\"valueRequired\":true,\"valueName\":\"search_term_string\"}}],\"inLanguage\":\"es\"},{\"@type\":\"Organization\",\"@id\":\"https:\\\/\\\/canal7slp.tv\\\/2025\\\/#organization\",\"name\":\"Noticieros Canal 7\",\"url\":\"https:\\\/\\\/canal7slp.tv\\\/2025\\\/\",\"logo\":{\"@type\":\"ImageObject\",\"inLanguage\":\"es\",\"@id\":\"https:\\\/\\\/canal7slp.tv\\\/2025\\\/#\\\/schema\\\/logo\\\/image\\\/\",\"url\":\"https:\\\/\\\/canal7slp.tv\\\/2025\\\/wp-content\\\/uploads\\\/2021\\\/01\\\/logo-noticieros@2x.png\",\"contentUrl\":\"https:\\\/\\\/canal7slp.tv\\\/2025\\\/wp-content\\\/uploads\\\/2021\\\/01\\\/logo-noticieros@2x.png\",\"width\":1017,\"height\":268,\"caption\":\"Noticieros Canal 7\"},\"image\":{\"@id\":\"https:\\\/\\\/canal7slp.tv\\\/2025\\\/#\\\/schema\\\/logo\\\/image\\\/\"},\"sameAs\":[\"https:\\\/\\\/www.facebook.com\\\/noticieroscanal7atencionciudadana\\\/\",\"https:\\\/\\\/x.com\\\/NOTICIEROS7\",\"https:\\\/\\\/www.instagram.com\\\/canal7_slp\",\"https:\\\/\\\/www.youtube.com\\\/channel\\\/UCliiYs-gP3JfJeqdPrNdd5A\"]},{\"@type\":\"Person\",\"@id\":\"https:\\\/\\\/canal7slp.tv\\\/2025\\\/#\\\/schema\\\/person\\\/271e2b60a96e7cc9d9ac296f4d7e414b\",\"name\":\"Edici\u00f3n Web\",\"image\":{\"@type\":\"ImageObject\",\"inLanguage\":\"es\",\"@id\":\"https:\\\/\\\/secure.gravatar.com\\\/avatar\\\/eee448fc3f7164808013b816ba91ac7e43bbe82a70bebac296f8bc6f0addaa1a?s=96&d=mm&r=g\",\"url\":\"https:\\\/\\\/secure.gravatar.com\\\/avatar\\\/eee448fc3f7164808013b816ba91ac7e43bbe82a70bebac296f8bc6f0addaa1a?s=96&d=mm&r=g\",\"contentUrl\":\"https:\\\/\\\/secure.gravatar.com\\\/avatar\\\/eee448fc3f7164808013b816ba91ac7e43bbe82a70bebac296f8bc6f0addaa1a?s=96&d=mm&r=g\",\"caption\":\"Edici\u00f3n Web\"},\"url\":\"https:\\\/\\\/canal7slp.tv\\\/2025\\\/author\\\/edicionweb\\\/\"}]}<\/script>\n<!-- \/ Yoast SEO plugin. -->","yoast_head_json":{"title":"Anuncian bloqueo total de se\u00f1al telef\u00f3nica en reclusorios federales y de la CDMX para 2026 - Canal 7 SLP - 2025","robots":{"index":"index","follow":"follow","max-snippet":"max-snippet:-1","max-image-preview":"max-image-preview:large","max-video-preview":"max-video-preview:-1"},"canonical":"https:\/\/canal7slp.tv\/2025\/anuncian-bloqueo-total-de-senal-telefonica-en-reclusorios-federales-y-de-la-cdmx-para-2026\/","og_locale":"es_ES","og_type":"article","og_title":"Anuncian bloqueo total de se\u00f1al telef\u00f3nica en reclusorios federales y de la CDMX para 2026 - Canal 7 SLP - 2025","og_description":"M\u00e9xico.- El secretario de Seguridad y Protecci\u00f3n Ciudadana, Omar Garc\u00eda Harfuch, anunci\u00f3 que como parte de la Estrategia Nacional contra la Extorsi\u00f3n, se implementar\u00e1 el bloqueo de se\u00f1al telef\u00f3nica en los 14 reclusorios federales y los 13 centros penitenciarios de la Ciudad de M\u00e9xico durante el primer trimestre de 2026. El objetivo de esta medida es impedir que el delito de extorsi\u00f3n se cometa desde el interior de los penales. Garc\u00eda Harfuch detall\u00f3 que se est\u00e1n instalando inhibidores de se\u00f1al, sistemas de circuito cerrado avanzados, sensores de movimiento y esc\u00e1neres de seguridad en estos centros. Hasta ahora, se ha logrado [&hellip;]","og_url":"https:\/\/canal7slp.tv\/2025\/anuncian-bloqueo-total-de-senal-telefonica-en-reclusorios-federales-y-de-la-cdmx-para-2026\/","og_site_name":"Canal 7 SLP - 2025","article_publisher":"https:\/\/www.facebook.com\/noticieroscanal7atencionciudadana\/","article_published_time":"2025-12-10T22:18:28+00:00","og_image":[{"width":898,"height":500,"url":"https:\/\/canal7slp.tv\/2025\/wp-content\/uploads\/2025\/12\/08-8.jpg","type":"image\/jpeg"}],"author":"Edici\u00f3n Web","twitter_card":"summary_large_image","twitter_creator":"@NOTICIEROS7","twitter_site":"@NOTICIEROS7","twitter_misc":{"Escrito por":"Edici\u00f3n Web","Tiempo de lectura":"2 minutos"},"schema":{"@context":"https:\/\/schema.org","@graph":[{"@type":"Article","@id":"https:\/\/canal7slp.tv\/2025\/anuncian-bloqueo-total-de-senal-telefonica-en-reclusorios-federales-y-de-la-cdmx-para-2026\/#article","isPartOf":{"@id":"https:\/\/canal7slp.tv\/2025\/anuncian-bloqueo-total-de-senal-telefonica-en-reclusorios-federales-y-de-la-cdmx-para-2026\/"},"author":{"name":"Edici\u00f3n Web","@id":"https:\/\/canal7slp.tv\/2025\/#\/schema\/person\/271e2b60a96e7cc9d9ac296f4d7e414b"},"headline":"Anuncian bloqueo total de se\u00f1al telef\u00f3nica en reclusorios federales y de la CDMX para 2026","datePublished":"2025-12-10T22:18:28+00:00","mainEntityOfPage":{"@id":"https:\/\/canal7slp.tv\/2025\/anuncian-bloqueo-total-de-senal-telefonica-en-reclusorios-federales-y-de-la-cdmx-para-2026\/"},"wordCount":270,"publisher":{"@id":"https:\/\/canal7slp.tv\/2025\/#organization"},"image":{"@id":"https:\/\/canal7slp.tv\/2025\/anuncian-bloqueo-total-de-senal-telefonica-en-reclusorios-federales-y-de-la-cdmx-para-2026\/#primaryimage"},"thumbnailUrl":"https:\/\/canal7slp.tv\/2025\/wp-content\/uploads\/2025\/12\/08-8.jpg","articleSection":["NACIONALES"],"inLanguage":"es"},{"@type":"WebPage","@id":"https:\/\/canal7slp.tv\/2025\/anuncian-bloqueo-total-de-senal-telefonica-en-reclusorios-federales-y-de-la-cdmx-para-2026\/","url":"https:\/\/canal7slp.tv\/2025\/anuncian-bloqueo-total-de-senal-telefonica-en-reclusorios-federales-y-de-la-cdmx-para-2026\/","name":"Anuncian bloqueo total de se\u00f1al telef\u00f3nica en reclusorios federales y de la CDMX para 2026 - Canal 7 SLP - 2025","isPartOf":{"@id":"https:\/\/canal7slp.tv\/2025\/#website"},"primaryImageOfPage":{"@id":"https:\/\/canal7slp.tv\/2025\/anuncian-bloqueo-total-de-senal-telefonica-en-reclusorios-federales-y-de-la-cdmx-para-2026\/#primaryimage"},"image":{"@id":"https:\/\/canal7slp.tv\/2025\/anuncian-bloqueo-total-de-senal-telefonica-en-reclusorios-federales-y-de-la-cdmx-para-2026\/#primaryimage"},"thumbnailUrl":"https:\/\/canal7slp.tv\/2025\/wp-content\/uploads\/2025\/12\/08-8.jpg","datePublished":"2025-12-10T22:18:28+00:00","breadcrumb":{"@id":"https:\/\/canal7slp.tv\/2025\/anuncian-bloqueo-total-de-senal-telefonica-en-reclusorios-federales-y-de-la-cdmx-para-2026\/#breadcrumb"},"inLanguage":"es","potentialAction":[{"@type":"ReadAction","target":["https:\/\/canal7slp.tv\/2025\/anuncian-bloqueo-total-de-senal-telefonica-en-reclusorios-federales-y-de-la-cdmx-para-2026\/"]}]},{"@type":"ImageObject","inLanguage":"es","@id":"https:\/\/canal7slp.tv\/2025\/anuncian-bloqueo-total-de-senal-telefonica-en-reclusorios-federales-y-de-la-cdmx-para-2026\/#primaryimage","url":"https:\/\/canal7slp.tv\/2025\/wp-content\/uploads\/2025\/12\/08-8.jpg","contentUrl":"https:\/\/canal7slp.tv\/2025\/wp-content\/uploads\/2025\/12\/08-8.jpg","width":898,"height":500},{"@type":"BreadcrumbList","@id":"https:\/\/canal7slp.tv\/2025\/anuncian-bloqueo-total-de-senal-telefonica-en-reclusorios-federales-y-de-la-cdmx-para-2026\/#breadcrumb","itemListElement":[{"@type":"ListItem","position":1,"name":"Portada","item":"https:\/\/canal7slp.tv\/2025\/"},{"@type":"ListItem","position":2,"name":"Anuncian bloqueo total de se\u00f1al telef\u00f3nica en reclusorios federales y de la CDMX para 2026"}]},{"@type":"WebSite","@id":"https:\/\/canal7slp.tv\/2025\/#website","url":"https:\/\/canal7slp.tv\/2025\/","name":"N7 - Noticieros Canal 7","description":"Somos el Medio","publisher":{"@id":"https:\/\/canal7slp.tv\/2025\/#organization"},"potentialAction":[{"@type":"SearchAction","target":{"@type":"EntryPoint","urlTemplate":"https:\/\/canal7slp.tv\/2025\/?s={search_term_string}"},"query-input":{"@type":"PropertyValueSpecification","valueRequired":true,"valueName":"search_term_string"}}],"inLanguage":"es"},{"@type":"Organization","@id":"https:\/\/canal7slp.tv\/2025\/#organization","name":"Noticieros Canal 7","url":"https:\/\/canal7slp.tv\/2025\/","logo":{"@type":"ImageObject","inLanguage":"es","@id":"https:\/\/canal7slp.tv\/2025\/#\/schema\/logo\/image\/","url":"https:\/\/canal7slp.tv\/2025\/wp-content\/uploads\/2021\/01\/logo-noticieros@2x.png","contentUrl":"https:\/\/canal7slp.tv\/2025\/wp-content\/uploads\/2021\/01\/logo-noticieros@2x.png","width":1017,"height":268,"caption":"Noticieros Canal 7"},"image":{"@id":"https:\/\/canal7slp.tv\/2025\/#\/schema\/logo\/image\/"},"sameAs":["https:\/\/www.facebook.com\/noticieroscanal7atencionciudadana\/","https:\/\/x.com\/NOTICIEROS7","https:\/\/www.instagram.com\/canal7_slp","https:\/\/www.youtube.com\/channel\/UCliiYs-gP3JfJeqdPrNdd5A"]},{"@type":"Person","@id":"https:\/\/canal7slp.tv\/2025\/#\/schema\/person\/271e2b60a96e7cc9d9ac296f4d7e414b","name":"Edici\u00f3n Web","image":{"@type":"ImageObject","inLanguage":"es","@id":"https:\/\/secure.gravatar.com\/avatar\/eee448fc3f7164808013b816ba91ac7e43bbe82a70bebac296f8bc6f0addaa1a?s=96&d=mm&r=g","url":"https:\/\/secure.gravatar.com\/avatar\/eee448fc3f7164808013b816ba91ac7e43bbe82a70bebac296f8bc6f0addaa1a?s=96&d=mm&r=g","contentUrl":"https:\/\/secure.gravatar.com\/avatar\/eee448fc3f7164808013b816ba91ac7e43bbe82a70bebac296f8bc6f0addaa1a?s=96&d=mm&r=g","caption":"Edici\u00f3n Web"},"url":"https:\/\/canal7slp.tv\/2025\/author\/edicionweb\/"}]}},"_links":{"self":[{"href":"https:\/\/canal7slp.tv\/2025\/wp-json\/wp\/v2\/posts\/187490","targetHints":{"allow":["GET"]}}],"collection":[{"href":"https:\/\/canal7slp.tv\/2025\/wp-json\/wp\/v2\/posts"}],"about":[{"href":"https:\/\/canal7slp.tv\/2025\/wp-json\/wp\/v2\/types\/post"}],"author":[{"embeddable":true,"href":"https:\/\/canal7slp.tv\/2025\/wp-json\/wp\/v2\/users\/2"}],"replies":[{"embeddable":true,"href":"https:\/\/canal7slp.tv\/2025\/wp-json\/wp\/v2\/comments?post=187490"}],"version-history":[{"count":1,"href":"https:\/\/canal7slp.tv\/2025\/wp-json\/wp\/v2\/posts\/187490\/revisions"}],"predecessor-version":[{"id":187492,"href":"https:\/\/canal7slp.tv\/2025\/wp-json\/wp\/v2\/posts\/187490\/revisions\/187492"}],"wp:featuredmedia":[{"embeddable":true,"href":"https:\/\/canal7slp.tv\/2025\/wp-json\/wp\/v2\/media\/187491"}],"wp:attachment":[{"href":"https:\/\/canal7slp.tv\/2025\/wp-json\/wp\/v2\/media?parent=187490"}],"wp:term":[{"taxonomy":"category","embeddable":true,"href":"https:\/\/canal7slp.tv\/2025\/wp-json\/wp\/v2\/categories?post=187490"},{"taxonomy":"post_tag","embeddable":true,"href":"https:\/\/canal7slp.tv\/2025\/wp-json\/wp\/v2\/tags?post=187490"}],"curies":[{"name":"wp","href":"https:\/\/api.w.org\/{rel}","templated":true}]}}