{"id":187487,"date":"2025-12-10T14:54:15","date_gmt":"2025-12-10T20:54:15","guid":{"rendered":"https:\/\/canal7slp.tv\/2025\/?p=187487"},"modified":"2025-12-10T14:54:15","modified_gmt":"2025-12-10T20:54:15","slug":"hija-de-maria-corina-machado-recibe-el-nobel-de-la-paz-en-su-representacion-en-oslo","status":"publish","type":"post","link":"https:\/\/canal7slp.tv\/2025\/hija-de-maria-corina-machado-recibe-el-nobel-de-la-paz-en-su-representacion-en-oslo\/","title":{"rendered":"Hija de Mar\u00eda Corina Machado recibe el Nobel de la Paz en su representaci\u00f3n en Oslo"},"content":{"rendered":"<p style=\"text-align: justify;\">Oslo.- La l\u00edder opositora venezolana Mar\u00eda Corina Machado no estuvo presente en la ceremonia de entrega del Premio Nobel de la Paz en Oslo este mi\u00e9rcoles.<\/p>\n<p style=\"text-align: justify;\">Seg\u00fan las autoridades del Instituto Nobel, su hija, Ana Corina Sosa, acept\u00f3 el galard\u00f3n en su representaci\u00f3n.<\/p>\n<p style=\"text-align: justify;\">Machado, quien no ha aparecido p\u00fablicamente desde el pasado 9 de enero, se encuentra en la clandestinidad.<\/p>\n<p style=\"text-align: justify;\">El presidente del comit\u00e9 noruego del Nobel, J\u00f8rgen Watne Frydnes, se\u00f1al\u00f3 durante la ceremonia que Machado hizo \u00abtodo lo posible\u00bb para asistir, pero que el viaje implicaba \u00abun peligro extremo\u00bb.<\/p>\n<p style=\"text-align: justify;\">Asegur\u00f3 que la galardonada se encuentra a salvo y que estar\u00eda en Oslo.<\/p>\n<p style=\"text-align: justify;\">Previo al evento, se difundi\u00f3 una grabaci\u00f3n de audio de Machado en la que afirmaba estar a punto de abordar un avi\u00f3n y agradec\u00eda a quienes arriesgaron sus vidas para facilitar su viaje. Dedic\u00f3 el premio \u00aba todos los venezolanos\u00bb.<\/p>\n<p style=\"text-align: justify;\">La ceremonia cont\u00f3 con la presencia de varios mandatarios latinoamericanos en se\u00f1al de solidaridad, entre ellos los presidentes de Argentina, Ecuador, Panam\u00e1 y Paraguay.<\/p>\n<p style=\"text-align: justify;\">Mar\u00eda Corina Machado fue reconocida con el Nobel de la Paz el pasado 10 de octubre por su lucha por una transici\u00f3n democr\u00e1tica en Venezuela.<\/p>\n<p style=\"text-align: justify;\">Gan\u00f3 las primarias de la oposici\u00f3n para contender en las elecciones presidenciales de 2024, pero fue inhabilitada por el gobierno para postularse.<\/p>\n","protected":false},"excerpt":{"rendered":"<p>Oslo.- La l\u00edder opositora venezolana Mar\u00eda Corina Machado no estuvo presente en la ceremonia de entrega del Premio Nobel de la Paz en Oslo este mi\u00e9rcoles. Seg\u00fan las autoridades del Instituto Nobel, su hija, Ana Corina Sosa, acept\u00f3 el galard\u00f3n en su representaci\u00f3n. Machado, quien no ha aparecido p\u00fablicamente desde el pasado 9 de enero, se encuentra en la clandestinidad. El presidente del comit\u00e9 noruego del Nobel, J\u00f8rgen Watne Frydnes, se\u00f1al\u00f3 durante la ceremonia que Machado hizo \u00abtodo lo posible\u00bb para asistir, pero que el viaje implicaba \u00abun peligro extremo\u00bb. Asegur\u00f3 que la galardonada se encuentra a salvo y que [&hellip;]<\/p>\n","protected":false},"author":2,"featured_media":187488,"comment_status":"closed","ping_status":"closed","sticky":false,"template":"","format":"standard","meta":{"_monsterinsights_skip_tracking":false,"_monsterinsights_sitenote_active":false,"_monsterinsights_sitenote_note":"","_monsterinsights_sitenote_category":0,"footnotes":""},"categories":[44],"tags":[],"class_list":["post-187487","post","type-post","status-publish","format-standard","has-post-thumbnail","hentry","category-internacional","post--single"],"yoast_head":"<!-- This site is optimized with the Yoast SEO plugin v27.5 - https:\/\/yoast.com\/product\/yoast-seo-wordpress\/ -->\n<title>Hija de Mar\u00eda Corina Machado recibe el Nobel de la Paz en su representaci\u00f3n en Oslo - Canal 7 SLP - 2025<\/title>\n<meta name=\"robots\" content=\"index, follow, max-snippet:-1, max-image-preview:large, max-video-preview:-1\" \/>\n<link rel=\"canonical\" href=\"https:\/\/canal7slp.tv\/2025\/hija-de-maria-corina-machado-recibe-el-nobel-de-la-paz-en-su-representacion-en-oslo\/\" \/>\n<meta property=\"og:locale\" content=\"es_ES\" \/>\n<meta property=\"og:type\" content=\"article\" \/>\n<meta property=\"og:title\" content=\"Hija de Mar\u00eda Corina Machado recibe el Nobel de la Paz en su representaci\u00f3n en Oslo - Canal 7 SLP - 2025\" \/>\n<meta property=\"og:description\" content=\"Oslo.- La l\u00edder opositora venezolana Mar\u00eda Corina Machado no estuvo presente en la ceremonia de entrega del Premio Nobel de la Paz en Oslo este mi\u00e9rcoles. Seg\u00fan las autoridades del Instituto Nobel, su hija, Ana Corina Sosa, acept\u00f3 el galard\u00f3n en su representaci\u00f3n. Machado, quien no ha aparecido p\u00fablicamente desde el pasado 9 de enero, se encuentra en la clandestinidad. El presidente del comit\u00e9 noruego del Nobel, J\u00f8rgen Watne Frydnes, se\u00f1al\u00f3 durante la ceremonia que Machado hizo \u00abtodo lo posible\u00bb para asistir, pero que el viaje implicaba \u00abun peligro extremo\u00bb. Asegur\u00f3 que la galardonada se encuentra a salvo y que [&hellip;]\" \/>\n<meta property=\"og:url\" content=\"https:\/\/canal7slp.tv\/2025\/hija-de-maria-corina-machado-recibe-el-nobel-de-la-paz-en-su-representacion-en-oslo\/\" \/>\n<meta property=\"og:site_name\" content=\"Canal 7 SLP - 2025\" \/>\n<meta property=\"article:publisher\" content=\"https:\/\/www.facebook.com\/noticieroscanal7atencionciudadana\/\" \/>\n<meta property=\"article:published_time\" content=\"2025-12-10T20:54:15+00:00\" \/>\n<meta property=\"og:image\" content=\"https:\/\/canal7slp.tv\/2025\/wp-content\/uploads\/2025\/12\/07-10.jpg\" \/>\n\t<meta property=\"og:image:width\" content=\"793\" \/>\n\t<meta property=\"og:image:height\" content=\"500\" \/>\n\t<meta property=\"og:image:type\" content=\"image\/jpeg\" \/>\n<meta name=\"author\" content=\"Edici\u00f3n Web\" \/>\n<meta name=\"twitter:card\" content=\"summary_large_image\" \/>\n<meta name=\"twitter:creator\" content=\"@NOTICIEROS7\" \/>\n<meta name=\"twitter:site\" content=\"@NOTICIEROS7\" \/>\n<meta name=\"twitter:label1\" content=\"Escrito por\" \/>\n\t<meta name=\"twitter:data1\" content=\"Edici\u00f3n Web\" \/>\n\t<meta name=\"twitter:label2\" content=\"Tiempo de lectura\" \/>\n\t<meta name=\"twitter:data2\" content=\"2 minutos\" \/>\n<script type=\"application\/ld+json\" class=\"yoast-schema-graph\">{\"@context\":\"https:\\\/\\\/schema.org\",\"@graph\":[{\"@type\":\"Article\",\"@id\":\"https:\\\/\\\/canal7slp.tv\\\/2025\\\/hija-de-maria-corina-machado-recibe-el-nobel-de-la-paz-en-su-representacion-en-oslo\\\/#article\",\"isPartOf\":{\"@id\":\"https:\\\/\\\/canal7slp.tv\\\/2025\\\/hija-de-maria-corina-machado-recibe-el-nobel-de-la-paz-en-su-representacion-en-oslo\\\/\"},\"author\":{\"name\":\"Edici\u00f3n Web\",\"@id\":\"https:\\\/\\\/canal7slp.tv\\\/2025\\\/#\\\/schema\\\/person\\\/271e2b60a96e7cc9d9ac296f4d7e414b\"},\"headline\":\"Hija de Mar\u00eda Corina Machado recibe el Nobel de la Paz en su representaci\u00f3n en Oslo\",\"datePublished\":\"2025-12-10T20:54:15+00:00\",\"mainEntityOfPage\":{\"@id\":\"https:\\\/\\\/canal7slp.tv\\\/2025\\\/hija-de-maria-corina-machado-recibe-el-nobel-de-la-paz-en-su-representacion-en-oslo\\\/\"},\"wordCount\":248,\"publisher\":{\"@id\":\"https:\\\/\\\/canal7slp.tv\\\/2025\\\/#organization\"},\"image\":{\"@id\":\"https:\\\/\\\/canal7slp.tv\\\/2025\\\/hija-de-maria-corina-machado-recibe-el-nobel-de-la-paz-en-su-representacion-en-oslo\\\/#primaryimage\"},\"thumbnailUrl\":\"https:\\\/\\\/canal7slp.tv\\\/2025\\\/wp-content\\\/uploads\\\/2025\\\/12\\\/07-10.jpg\",\"articleSection\":[\"INTERNACIONALES\"],\"inLanguage\":\"es\"},{\"@type\":\"WebPage\",\"@id\":\"https:\\\/\\\/canal7slp.tv\\\/2025\\\/hija-de-maria-corina-machado-recibe-el-nobel-de-la-paz-en-su-representacion-en-oslo\\\/\",\"url\":\"https:\\\/\\\/canal7slp.tv\\\/2025\\\/hija-de-maria-corina-machado-recibe-el-nobel-de-la-paz-en-su-representacion-en-oslo\\\/\",\"name\":\"Hija de Mar\u00eda Corina Machado recibe el Nobel de la Paz en su representaci\u00f3n en Oslo - Canal 7 SLP - 2025\",\"isPartOf\":{\"@id\":\"https:\\\/\\\/canal7slp.tv\\\/2025\\\/#website\"},\"primaryImageOfPage\":{\"@id\":\"https:\\\/\\\/canal7slp.tv\\\/2025\\\/hija-de-maria-corina-machado-recibe-el-nobel-de-la-paz-en-su-representacion-en-oslo\\\/#primaryimage\"},\"image\":{\"@id\":\"https:\\\/\\\/canal7slp.tv\\\/2025\\\/hija-de-maria-corina-machado-recibe-el-nobel-de-la-paz-en-su-representacion-en-oslo\\\/#primaryimage\"},\"thumbnailUrl\":\"https:\\\/\\\/canal7slp.tv\\\/2025\\\/wp-content\\\/uploads\\\/2025\\\/12\\\/07-10.jpg\",\"datePublished\":\"2025-12-10T20:54:15+00:00\",\"breadcrumb\":{\"@id\":\"https:\\\/\\\/canal7slp.tv\\\/2025\\\/hija-de-maria-corina-machado-recibe-el-nobel-de-la-paz-en-su-representacion-en-oslo\\\/#breadcrumb\"},\"inLanguage\":\"es\",\"potentialAction\":[{\"@type\":\"ReadAction\",\"target\":[\"https:\\\/\\\/canal7slp.tv\\\/2025\\\/hija-de-maria-corina-machado-recibe-el-nobel-de-la-paz-en-su-representacion-en-oslo\\\/\"]}]},{\"@type\":\"ImageObject\",\"inLanguage\":\"es\",\"@id\":\"https:\\\/\\\/canal7slp.tv\\\/2025\\\/hija-de-maria-corina-machado-recibe-el-nobel-de-la-paz-en-su-representacion-en-oslo\\\/#primaryimage\",\"url\":\"https:\\\/\\\/canal7slp.tv\\\/2025\\\/wp-content\\\/uploads\\\/2025\\\/12\\\/07-10.jpg\",\"contentUrl\":\"https:\\\/\\\/canal7slp.tv\\\/2025\\\/wp-content\\\/uploads\\\/2025\\\/12\\\/07-10.jpg\",\"width\":793,\"height\":500},{\"@type\":\"BreadcrumbList\",\"@id\":\"https:\\\/\\\/canal7slp.tv\\\/2025\\\/hija-de-maria-corina-machado-recibe-el-nobel-de-la-paz-en-su-representacion-en-oslo\\\/#breadcrumb\",\"itemListElement\":[{\"@type\":\"ListItem\",\"position\":1,\"name\":\"Portada\",\"item\":\"https:\\\/\\\/canal7slp.tv\\\/2025\\\/\"},{\"@type\":\"ListItem\",\"position\":2,\"name\":\"Hija de Mar\u00eda Corina Machado recibe el Nobel de la Paz en su representaci\u00f3n en Oslo\"}]},{\"@type\":\"WebSite\",\"@id\":\"https:\\\/\\\/canal7slp.tv\\\/2025\\\/#website\",\"url\":\"https:\\\/\\\/canal7slp.tv\\\/2025\\\/\",\"name\":\"N7 - Noticieros Canal 7\",\"description\":\"Somos el Medio\",\"publisher\":{\"@id\":\"https:\\\/\\\/canal7slp.tv\\\/2025\\\/#organization\"},\"potentialAction\":[{\"@type\":\"SearchAction\",\"target\":{\"@type\":\"EntryPoint\",\"urlTemplate\":\"https:\\\/\\\/canal7slp.tv\\\/2025\\\/?s={search_term_string}\"},\"query-input\":{\"@type\":\"PropertyValueSpecification\",\"valueRequired\":true,\"valueName\":\"search_term_string\"}}],\"inLanguage\":\"es\"},{\"@type\":\"Organization\",\"@id\":\"https:\\\/\\\/canal7slp.tv\\\/2025\\\/#organization\",\"name\":\"Noticieros Canal 7\",\"url\":\"https:\\\/\\\/canal7slp.tv\\\/2025\\\/\",\"logo\":{\"@type\":\"ImageObject\",\"inLanguage\":\"es\",\"@id\":\"https:\\\/\\\/canal7slp.tv\\\/2025\\\/#\\\/schema\\\/logo\\\/image\\\/\",\"url\":\"https:\\\/\\\/canal7slp.tv\\\/2025\\\/wp-content\\\/uploads\\\/2021\\\/01\\\/logo-noticieros@2x.png\",\"contentUrl\":\"https:\\\/\\\/canal7slp.tv\\\/2025\\\/wp-content\\\/uploads\\\/2021\\\/01\\\/logo-noticieros@2x.png\",\"width\":1017,\"height\":268,\"caption\":\"Noticieros Canal 7\"},\"image\":{\"@id\":\"https:\\\/\\\/canal7slp.tv\\\/2025\\\/#\\\/schema\\\/logo\\\/image\\\/\"},\"sameAs\":[\"https:\\\/\\\/www.facebook.com\\\/noticieroscanal7atencionciudadana\\\/\",\"https:\\\/\\\/x.com\\\/NOTICIEROS7\",\"https:\\\/\\\/www.instagram.com\\\/canal7_slp\",\"https:\\\/\\\/www.youtube.com\\\/channel\\\/UCliiYs-gP3JfJeqdPrNdd5A\"]},{\"@type\":\"Person\",\"@id\":\"https:\\\/\\\/canal7slp.tv\\\/2025\\\/#\\\/schema\\\/person\\\/271e2b60a96e7cc9d9ac296f4d7e414b\",\"name\":\"Edici\u00f3n Web\",\"image\":{\"@type\":\"ImageObject\",\"inLanguage\":\"es\",\"@id\":\"https:\\\/\\\/secure.gravatar.com\\\/avatar\\\/eee448fc3f7164808013b816ba91ac7e43bbe82a70bebac296f8bc6f0addaa1a?s=96&d=mm&r=g\",\"url\":\"https:\\\/\\\/secure.gravatar.com\\\/avatar\\\/eee448fc3f7164808013b816ba91ac7e43bbe82a70bebac296f8bc6f0addaa1a?s=96&d=mm&r=g\",\"contentUrl\":\"https:\\\/\\\/secure.gravatar.com\\\/avatar\\\/eee448fc3f7164808013b816ba91ac7e43bbe82a70bebac296f8bc6f0addaa1a?s=96&d=mm&r=g\",\"caption\":\"Edici\u00f3n Web\"},\"url\":\"https:\\\/\\\/canal7slp.tv\\\/2025\\\/author\\\/edicionweb\\\/\"}]}<\/script>\n<!-- \/ Yoast SEO plugin. -->","yoast_head_json":{"title":"Hija de Mar\u00eda Corina Machado recibe el Nobel de la Paz en su representaci\u00f3n en Oslo - Canal 7 SLP - 2025","robots":{"index":"index","follow":"follow","max-snippet":"max-snippet:-1","max-image-preview":"max-image-preview:large","max-video-preview":"max-video-preview:-1"},"canonical":"https:\/\/canal7slp.tv\/2025\/hija-de-maria-corina-machado-recibe-el-nobel-de-la-paz-en-su-representacion-en-oslo\/","og_locale":"es_ES","og_type":"article","og_title":"Hija de Mar\u00eda Corina Machado recibe el Nobel de la Paz en su representaci\u00f3n en Oslo - Canal 7 SLP - 2025","og_description":"Oslo.- La l\u00edder opositora venezolana Mar\u00eda Corina Machado no estuvo presente en la ceremonia de entrega del Premio Nobel de la Paz en Oslo este mi\u00e9rcoles. Seg\u00fan las autoridades del Instituto Nobel, su hija, Ana Corina Sosa, acept\u00f3 el galard\u00f3n en su representaci\u00f3n. Machado, quien no ha aparecido p\u00fablicamente desde el pasado 9 de enero, se encuentra en la clandestinidad. El presidente del comit\u00e9 noruego del Nobel, J\u00f8rgen Watne Frydnes, se\u00f1al\u00f3 durante la ceremonia que Machado hizo \u00abtodo lo posible\u00bb para asistir, pero que el viaje implicaba \u00abun peligro extremo\u00bb. Asegur\u00f3 que la galardonada se encuentra a salvo y que [&hellip;]","og_url":"https:\/\/canal7slp.tv\/2025\/hija-de-maria-corina-machado-recibe-el-nobel-de-la-paz-en-su-representacion-en-oslo\/","og_site_name":"Canal 7 SLP - 2025","article_publisher":"https:\/\/www.facebook.com\/noticieroscanal7atencionciudadana\/","article_published_time":"2025-12-10T20:54:15+00:00","og_image":[{"width":793,"height":500,"url":"https:\/\/canal7slp.tv\/2025\/wp-content\/uploads\/2025\/12\/07-10.jpg","type":"image\/jpeg"}],"author":"Edici\u00f3n Web","twitter_card":"summary_large_image","twitter_creator":"@NOTICIEROS7","twitter_site":"@NOTICIEROS7","twitter_misc":{"Escrito por":"Edici\u00f3n Web","Tiempo de lectura":"2 minutos"},"schema":{"@context":"https:\/\/schema.org","@graph":[{"@type":"Article","@id":"https:\/\/canal7slp.tv\/2025\/hija-de-maria-corina-machado-recibe-el-nobel-de-la-paz-en-su-representacion-en-oslo\/#article","isPartOf":{"@id":"https:\/\/canal7slp.tv\/2025\/hija-de-maria-corina-machado-recibe-el-nobel-de-la-paz-en-su-representacion-en-oslo\/"},"author":{"name":"Edici\u00f3n Web","@id":"https:\/\/canal7slp.tv\/2025\/#\/schema\/person\/271e2b60a96e7cc9d9ac296f4d7e414b"},"headline":"Hija de Mar\u00eda Corina Machado recibe el Nobel de la Paz en su representaci\u00f3n en Oslo","datePublished":"2025-12-10T20:54:15+00:00","mainEntityOfPage":{"@id":"https:\/\/canal7slp.tv\/2025\/hija-de-maria-corina-machado-recibe-el-nobel-de-la-paz-en-su-representacion-en-oslo\/"},"wordCount":248,"publisher":{"@id":"https:\/\/canal7slp.tv\/2025\/#organization"},"image":{"@id":"https:\/\/canal7slp.tv\/2025\/hija-de-maria-corina-machado-recibe-el-nobel-de-la-paz-en-su-representacion-en-oslo\/#primaryimage"},"thumbnailUrl":"https:\/\/canal7slp.tv\/2025\/wp-content\/uploads\/2025\/12\/07-10.jpg","articleSection":["INTERNACIONALES"],"inLanguage":"es"},{"@type":"WebPage","@id":"https:\/\/canal7slp.tv\/2025\/hija-de-maria-corina-machado-recibe-el-nobel-de-la-paz-en-su-representacion-en-oslo\/","url":"https:\/\/canal7slp.tv\/2025\/hija-de-maria-corina-machado-recibe-el-nobel-de-la-paz-en-su-representacion-en-oslo\/","name":"Hija de Mar\u00eda Corina Machado recibe el Nobel de la Paz en su representaci\u00f3n en Oslo - Canal 7 SLP - 2025","isPartOf":{"@id":"https:\/\/canal7slp.tv\/2025\/#website"},"primaryImageOfPage":{"@id":"https:\/\/canal7slp.tv\/2025\/hija-de-maria-corina-machado-recibe-el-nobel-de-la-paz-en-su-representacion-en-oslo\/#primaryimage"},"image":{"@id":"https:\/\/canal7slp.tv\/2025\/hija-de-maria-corina-machado-recibe-el-nobel-de-la-paz-en-su-representacion-en-oslo\/#primaryimage"},"thumbnailUrl":"https:\/\/canal7slp.tv\/2025\/wp-content\/uploads\/2025\/12\/07-10.jpg","datePublished":"2025-12-10T20:54:15+00:00","breadcrumb":{"@id":"https:\/\/canal7slp.tv\/2025\/hija-de-maria-corina-machado-recibe-el-nobel-de-la-paz-en-su-representacion-en-oslo\/#breadcrumb"},"inLanguage":"es","potentialAction":[{"@type":"ReadAction","target":["https:\/\/canal7slp.tv\/2025\/hija-de-maria-corina-machado-recibe-el-nobel-de-la-paz-en-su-representacion-en-oslo\/"]}]},{"@type":"ImageObject","inLanguage":"es","@id":"https:\/\/canal7slp.tv\/2025\/hija-de-maria-corina-machado-recibe-el-nobel-de-la-paz-en-su-representacion-en-oslo\/#primaryimage","url":"https:\/\/canal7slp.tv\/2025\/wp-content\/uploads\/2025\/12\/07-10.jpg","contentUrl":"https:\/\/canal7slp.tv\/2025\/wp-content\/uploads\/2025\/12\/07-10.jpg","width":793,"height":500},{"@type":"BreadcrumbList","@id":"https:\/\/canal7slp.tv\/2025\/hija-de-maria-corina-machado-recibe-el-nobel-de-la-paz-en-su-representacion-en-oslo\/#breadcrumb","itemListElement":[{"@type":"ListItem","position":1,"name":"Portada","item":"https:\/\/canal7slp.tv\/2025\/"},{"@type":"ListItem","position":2,"name":"Hija de Mar\u00eda Corina Machado recibe el Nobel de la Paz en su representaci\u00f3n en Oslo"}]},{"@type":"WebSite","@id":"https:\/\/canal7slp.tv\/2025\/#website","url":"https:\/\/canal7slp.tv\/2025\/","name":"N7 - Noticieros Canal 7","description":"Somos el Medio","publisher":{"@id":"https:\/\/canal7slp.tv\/2025\/#organization"},"potentialAction":[{"@type":"SearchAction","target":{"@type":"EntryPoint","urlTemplate":"https:\/\/canal7slp.tv\/2025\/?s={search_term_string}"},"query-input":{"@type":"PropertyValueSpecification","valueRequired":true,"valueName":"search_term_string"}}],"inLanguage":"es"},{"@type":"Organization","@id":"https:\/\/canal7slp.tv\/2025\/#organization","name":"Noticieros Canal 7","url":"https:\/\/canal7slp.tv\/2025\/","logo":{"@type":"ImageObject","inLanguage":"es","@id":"https:\/\/canal7slp.tv\/2025\/#\/schema\/logo\/image\/","url":"https:\/\/canal7slp.tv\/2025\/wp-content\/uploads\/2021\/01\/logo-noticieros@2x.png","contentUrl":"https:\/\/canal7slp.tv\/2025\/wp-content\/uploads\/2021\/01\/logo-noticieros@2x.png","width":1017,"height":268,"caption":"Noticieros Canal 7"},"image":{"@id":"https:\/\/canal7slp.tv\/2025\/#\/schema\/logo\/image\/"},"sameAs":["https:\/\/www.facebook.com\/noticieroscanal7atencionciudadana\/","https:\/\/x.com\/NOTICIEROS7","https:\/\/www.instagram.com\/canal7_slp","https:\/\/www.youtube.com\/channel\/UCliiYs-gP3JfJeqdPrNdd5A"]},{"@type":"Person","@id":"https:\/\/canal7slp.tv\/2025\/#\/schema\/person\/271e2b60a96e7cc9d9ac296f4d7e414b","name":"Edici\u00f3n Web","image":{"@type":"ImageObject","inLanguage":"es","@id":"https:\/\/secure.gravatar.com\/avatar\/eee448fc3f7164808013b816ba91ac7e43bbe82a70bebac296f8bc6f0addaa1a?s=96&d=mm&r=g","url":"https:\/\/secure.gravatar.com\/avatar\/eee448fc3f7164808013b816ba91ac7e43bbe82a70bebac296f8bc6f0addaa1a?s=96&d=mm&r=g","contentUrl":"https:\/\/secure.gravatar.com\/avatar\/eee448fc3f7164808013b816ba91ac7e43bbe82a70bebac296f8bc6f0addaa1a?s=96&d=mm&r=g","caption":"Edici\u00f3n Web"},"url":"https:\/\/canal7slp.tv\/2025\/author\/edicionweb\/"}]}},"_links":{"self":[{"href":"https:\/\/canal7slp.tv\/2025\/wp-json\/wp\/v2\/posts\/187487","targetHints":{"allow":["GET"]}}],"collection":[{"href":"https:\/\/canal7slp.tv\/2025\/wp-json\/wp\/v2\/posts"}],"about":[{"href":"https:\/\/canal7slp.tv\/2025\/wp-json\/wp\/v2\/types\/post"}],"author":[{"embeddable":true,"href":"https:\/\/canal7slp.tv\/2025\/wp-json\/wp\/v2\/users\/2"}],"replies":[{"embeddable":true,"href":"https:\/\/canal7slp.tv\/2025\/wp-json\/wp\/v2\/comments?post=187487"}],"version-history":[{"count":1,"href":"https:\/\/canal7slp.tv\/2025\/wp-json\/wp\/v2\/posts\/187487\/revisions"}],"predecessor-version":[{"id":187489,"href":"https:\/\/canal7slp.tv\/2025\/wp-json\/wp\/v2\/posts\/187487\/revisions\/187489"}],"wp:featuredmedia":[{"embeddable":true,"href":"https:\/\/canal7slp.tv\/2025\/wp-json\/wp\/v2\/media\/187488"}],"wp:attachment":[{"href":"https:\/\/canal7slp.tv\/2025\/wp-json\/wp\/v2\/media?parent=187487"}],"wp:term":[{"taxonomy":"category","embeddable":true,"href":"https:\/\/canal7slp.tv\/2025\/wp-json\/wp\/v2\/categories?post=187487"},{"taxonomy":"post_tag","embeddable":true,"href":"https:\/\/canal7slp.tv\/2025\/wp-json\/wp\/v2\/tags?post=187487"}],"curies":[{"name":"wp","href":"https:\/\/api.w.org\/{rel}","templated":true}]}}