{"id":187484,"date":"2025-12-10T14:50:57","date_gmt":"2025-12-10T20:50:57","guid":{"rendered":"https:\/\/canal7slp.tv\/2025\/?p=187484"},"modified":"2025-12-10T14:50:57","modified_gmt":"2025-12-10T20:50:57","slug":"detienen-en-durango-a-presunto-jefe-de-plaza-y-operador-financiero-de-grupo-delictivo","status":"publish","type":"post","link":"https:\/\/canal7slp.tv\/2025\/detienen-en-durango-a-presunto-jefe-de-plaza-y-operador-financiero-de-grupo-delictivo\/","title":{"rendered":"Detienen en Durango a presunto jefe de plaza y operador financiero de grupo delictivo"},"content":{"rendered":"<p style=\"text-align: justify;\">Durango.- Fuerzas federales detuvieron a Edgar \u00abN\u00bb, alias \u00abEl Limones\u00bb, se\u00f1alado como jefe de plaza y operador financiero de un grupo delictivo con operaciones en los estados de Durango y Coahuila.<\/p>\n<p style=\"text-align: justify;\">La captura se realiz\u00f3 durante operativos coordinados de alto impacto como parte de la Estrategia Nacional contra la Extorsi\u00f3n.<\/p>\n<p style=\"text-align: justify;\">De acuerdo con informaci\u00f3n oficial, el detenido est\u00e1 presuntamente vinculado al grupo \u00abLos Cabrera\u00bb, considerado un brazo del C\u00e1rtel de Sinaloa, y es acusado de extorsionar a comerciantes y ganaderos, as\u00ed como de estar involucrado en actividades de fraude y lavado de dinero.<\/p>\n<p style=\"text-align: justify;\">Los operativos, que incluyeron cateos en inmuebles de ambas entidades, se llevaron a cabo en las primeras horas de este mi\u00e9rcoles.<\/p>\n<p style=\"text-align: justify;\">Durante los allanamientos se aseguraron cinco armas largas, un arma corta y equipo t\u00e1ctico. Reportes preliminares de vecinos en la capital de Durango mencionaron detonaciones de arma de fuego durante el despliegue.<\/p>\n<p style=\"text-align: justify;\">La Secretar\u00eda de Seguridad y Protecci\u00f3n Ciudadana (SSPC) destac\u00f3 que la captura fue resultado de trabajos de inteligencia realizados por diversas instituciones, entre ellas la Secretar\u00eda de Marina, el Centro Nacional de Inteligencia, la Fiscal\u00eda General de la Rep\u00fablica, la Secretar\u00eda de la Defensa Nacional y la Guardia Nacional.<\/p>\n<p style=\"text-align: justify;\">En coordinaci\u00f3n con la Unidad de Inteligencia Financiera, se identificaron operaciones irregulares asociadas al detenido.<\/p>\n","protected":false},"excerpt":{"rendered":"<p>Durango.- Fuerzas federales detuvieron a Edgar \u00abN\u00bb, alias \u00abEl Limones\u00bb, se\u00f1alado como jefe de plaza y operador financiero de un grupo delictivo con operaciones en los estados de Durango y Coahuila. La captura se realiz\u00f3 durante operativos coordinados de alto impacto como parte de la Estrategia Nacional contra la Extorsi\u00f3n. De acuerdo con informaci\u00f3n oficial, el detenido est\u00e1 presuntamente vinculado al grupo \u00abLos Cabrera\u00bb, considerado un brazo del C\u00e1rtel de Sinaloa, y es acusado de extorsionar a comerciantes y ganaderos, as\u00ed como de estar involucrado en actividades de fraude y lavado de dinero. Los operativos, que incluyeron cateos en inmuebles [&hellip;]<\/p>\n","protected":false},"author":2,"featured_media":187485,"comment_status":"closed","ping_status":"closed","sticky":false,"template":"","format":"standard","meta":{"_monsterinsights_skip_tracking":false,"_monsterinsights_sitenote_active":false,"_monsterinsights_sitenote_note":"","_monsterinsights_sitenote_category":0,"footnotes":""},"categories":[46],"tags":[],"class_list":["post-187484","post","type-post","status-publish","format-standard","has-post-thumbnail","hentry","category-nacional","post--single"],"yoast_head":"<!-- This site is optimized with the Yoast SEO plugin v27.5 - https:\/\/yoast.com\/product\/yoast-seo-wordpress\/ -->\n<title>Detienen en Durango a presunto jefe de plaza y operador financiero de grupo delictivo - Canal 7 SLP - 2025<\/title>\n<meta name=\"robots\" content=\"index, follow, max-snippet:-1, max-image-preview:large, max-video-preview:-1\" \/>\n<link rel=\"canonical\" href=\"https:\/\/canal7slp.tv\/2025\/detienen-en-durango-a-presunto-jefe-de-plaza-y-operador-financiero-de-grupo-delictivo\/\" \/>\n<meta property=\"og:locale\" content=\"es_ES\" \/>\n<meta property=\"og:type\" content=\"article\" \/>\n<meta property=\"og:title\" content=\"Detienen en Durango a presunto jefe de plaza y operador financiero de grupo delictivo - Canal 7 SLP - 2025\" \/>\n<meta property=\"og:description\" content=\"Durango.- Fuerzas federales detuvieron a Edgar \u00abN\u00bb, alias \u00abEl Limones\u00bb, se\u00f1alado como jefe de plaza y operador financiero de un grupo delictivo con operaciones en los estados de Durango y Coahuila. La captura se realiz\u00f3 durante operativos coordinados de alto impacto como parte de la Estrategia Nacional contra la Extorsi\u00f3n. De acuerdo con informaci\u00f3n oficial, el detenido est\u00e1 presuntamente vinculado al grupo \u00abLos Cabrera\u00bb, considerado un brazo del C\u00e1rtel de Sinaloa, y es acusado de extorsionar a comerciantes y ganaderos, as\u00ed como de estar involucrado en actividades de fraude y lavado de dinero. Los operativos, que incluyeron cateos en inmuebles [&hellip;]\" \/>\n<meta property=\"og:url\" content=\"https:\/\/canal7slp.tv\/2025\/detienen-en-durango-a-presunto-jefe-de-plaza-y-operador-financiero-de-grupo-delictivo\/\" \/>\n<meta property=\"og:site_name\" content=\"Canal 7 SLP - 2025\" \/>\n<meta property=\"article:publisher\" content=\"https:\/\/www.facebook.com\/noticieroscanal7atencionciudadana\/\" \/>\n<meta property=\"article:published_time\" content=\"2025-12-10T20:50:57+00:00\" \/>\n<meta property=\"og:image\" content=\"https:\/\/canal7slp.tv\/2025\/wp-content\/uploads\/2025\/12\/06b.jpg\" \/>\n\t<meta property=\"og:image:width\" content=\"1703\" \/>\n\t<meta property=\"og:image:height\" content=\"1080\" \/>\n\t<meta property=\"og:image:type\" content=\"image\/jpeg\" \/>\n<meta name=\"author\" content=\"Edici\u00f3n Web\" \/>\n<meta name=\"twitter:card\" content=\"summary_large_image\" \/>\n<meta name=\"twitter:creator\" content=\"@NOTICIEROS7\" \/>\n<meta name=\"twitter:site\" content=\"@NOTICIEROS7\" \/>\n<meta name=\"twitter:label1\" content=\"Escrito por\" \/>\n\t<meta name=\"twitter:data1\" content=\"Edici\u00f3n Web\" \/>\n\t<meta name=\"twitter:label2\" content=\"Tiempo de lectura\" \/>\n\t<meta name=\"twitter:data2\" content=\"1 minuto\" \/>\n<script type=\"application\/ld+json\" class=\"yoast-schema-graph\">{\"@context\":\"https:\\\/\\\/schema.org\",\"@graph\":[{\"@type\":\"Article\",\"@id\":\"https:\\\/\\\/canal7slp.tv\\\/2025\\\/detienen-en-durango-a-presunto-jefe-de-plaza-y-operador-financiero-de-grupo-delictivo\\\/#article\",\"isPartOf\":{\"@id\":\"https:\\\/\\\/canal7slp.tv\\\/2025\\\/detienen-en-durango-a-presunto-jefe-de-plaza-y-operador-financiero-de-grupo-delictivo\\\/\"},\"author\":{\"name\":\"Edici\u00f3n Web\",\"@id\":\"https:\\\/\\\/canal7slp.tv\\\/2025\\\/#\\\/schema\\\/person\\\/271e2b60a96e7cc9d9ac296f4d7e414b\"},\"headline\":\"Detienen en Durango a presunto jefe de plaza y operador financiero de grupo delictivo\",\"datePublished\":\"2025-12-10T20:50:57+00:00\",\"mainEntityOfPage\":{\"@id\":\"https:\\\/\\\/canal7slp.tv\\\/2025\\\/detienen-en-durango-a-presunto-jefe-de-plaza-y-operador-financiero-de-grupo-delictivo\\\/\"},\"wordCount\":238,\"publisher\":{\"@id\":\"https:\\\/\\\/canal7slp.tv\\\/2025\\\/#organization\"},\"image\":{\"@id\":\"https:\\\/\\\/canal7slp.tv\\\/2025\\\/detienen-en-durango-a-presunto-jefe-de-plaza-y-operador-financiero-de-grupo-delictivo\\\/#primaryimage\"},\"thumbnailUrl\":\"https:\\\/\\\/canal7slp.tv\\\/2025\\\/wp-content\\\/uploads\\\/2025\\\/12\\\/06b.jpg\",\"articleSection\":[\"NACIONALES\"],\"inLanguage\":\"es\"},{\"@type\":\"WebPage\",\"@id\":\"https:\\\/\\\/canal7slp.tv\\\/2025\\\/detienen-en-durango-a-presunto-jefe-de-plaza-y-operador-financiero-de-grupo-delictivo\\\/\",\"url\":\"https:\\\/\\\/canal7slp.tv\\\/2025\\\/detienen-en-durango-a-presunto-jefe-de-plaza-y-operador-financiero-de-grupo-delictivo\\\/\",\"name\":\"Detienen en Durango a presunto jefe de plaza y operador financiero de grupo delictivo - Canal 7 SLP - 2025\",\"isPartOf\":{\"@id\":\"https:\\\/\\\/canal7slp.tv\\\/2025\\\/#website\"},\"primaryImageOfPage\":{\"@id\":\"https:\\\/\\\/canal7slp.tv\\\/2025\\\/detienen-en-durango-a-presunto-jefe-de-plaza-y-operador-financiero-de-grupo-delictivo\\\/#primaryimage\"},\"image\":{\"@id\":\"https:\\\/\\\/canal7slp.tv\\\/2025\\\/detienen-en-durango-a-presunto-jefe-de-plaza-y-operador-financiero-de-grupo-delictivo\\\/#primaryimage\"},\"thumbnailUrl\":\"https:\\\/\\\/canal7slp.tv\\\/2025\\\/wp-content\\\/uploads\\\/2025\\\/12\\\/06b.jpg\",\"datePublished\":\"2025-12-10T20:50:57+00:00\",\"breadcrumb\":{\"@id\":\"https:\\\/\\\/canal7slp.tv\\\/2025\\\/detienen-en-durango-a-presunto-jefe-de-plaza-y-operador-financiero-de-grupo-delictivo\\\/#breadcrumb\"},\"inLanguage\":\"es\",\"potentialAction\":[{\"@type\":\"ReadAction\",\"target\":[\"https:\\\/\\\/canal7slp.tv\\\/2025\\\/detienen-en-durango-a-presunto-jefe-de-plaza-y-operador-financiero-de-grupo-delictivo\\\/\"]}]},{\"@type\":\"ImageObject\",\"inLanguage\":\"es\",\"@id\":\"https:\\\/\\\/canal7slp.tv\\\/2025\\\/detienen-en-durango-a-presunto-jefe-de-plaza-y-operador-financiero-de-grupo-delictivo\\\/#primaryimage\",\"url\":\"https:\\\/\\\/canal7slp.tv\\\/2025\\\/wp-content\\\/uploads\\\/2025\\\/12\\\/06b.jpg\",\"contentUrl\":\"https:\\\/\\\/canal7slp.tv\\\/2025\\\/wp-content\\\/uploads\\\/2025\\\/12\\\/06b.jpg\",\"width\":1703,\"height\":1080},{\"@type\":\"BreadcrumbList\",\"@id\":\"https:\\\/\\\/canal7slp.tv\\\/2025\\\/detienen-en-durango-a-presunto-jefe-de-plaza-y-operador-financiero-de-grupo-delictivo\\\/#breadcrumb\",\"itemListElement\":[{\"@type\":\"ListItem\",\"position\":1,\"name\":\"Portada\",\"item\":\"https:\\\/\\\/canal7slp.tv\\\/2025\\\/\"},{\"@type\":\"ListItem\",\"position\":2,\"name\":\"Detienen en Durango a presunto jefe de plaza y operador financiero de grupo delictivo\"}]},{\"@type\":\"WebSite\",\"@id\":\"https:\\\/\\\/canal7slp.tv\\\/2025\\\/#website\",\"url\":\"https:\\\/\\\/canal7slp.tv\\\/2025\\\/\",\"name\":\"N7 - Noticieros Canal 7\",\"description\":\"Somos el Medio\",\"publisher\":{\"@id\":\"https:\\\/\\\/canal7slp.tv\\\/2025\\\/#organization\"},\"potentialAction\":[{\"@type\":\"SearchAction\",\"target\":{\"@type\":\"EntryPoint\",\"urlTemplate\":\"https:\\\/\\\/canal7slp.tv\\\/2025\\\/?s={search_term_string}\"},\"query-input\":{\"@type\":\"PropertyValueSpecification\",\"valueRequired\":true,\"valueName\":\"search_term_string\"}}],\"inLanguage\":\"es\"},{\"@type\":\"Organization\",\"@id\":\"https:\\\/\\\/canal7slp.tv\\\/2025\\\/#organization\",\"name\":\"Noticieros Canal 7\",\"url\":\"https:\\\/\\\/canal7slp.tv\\\/2025\\\/\",\"logo\":{\"@type\":\"ImageObject\",\"inLanguage\":\"es\",\"@id\":\"https:\\\/\\\/canal7slp.tv\\\/2025\\\/#\\\/schema\\\/logo\\\/image\\\/\",\"url\":\"https:\\\/\\\/canal7slp.tv\\\/2025\\\/wp-content\\\/uploads\\\/2021\\\/01\\\/logo-noticieros@2x.png\",\"contentUrl\":\"https:\\\/\\\/canal7slp.tv\\\/2025\\\/wp-content\\\/uploads\\\/2021\\\/01\\\/logo-noticieros@2x.png\",\"width\":1017,\"height\":268,\"caption\":\"Noticieros Canal 7\"},\"image\":{\"@id\":\"https:\\\/\\\/canal7slp.tv\\\/2025\\\/#\\\/schema\\\/logo\\\/image\\\/\"},\"sameAs\":[\"https:\\\/\\\/www.facebook.com\\\/noticieroscanal7atencionciudadana\\\/\",\"https:\\\/\\\/x.com\\\/NOTICIEROS7\",\"https:\\\/\\\/www.instagram.com\\\/canal7_slp\",\"https:\\\/\\\/www.youtube.com\\\/channel\\\/UCliiYs-gP3JfJeqdPrNdd5A\"]},{\"@type\":\"Person\",\"@id\":\"https:\\\/\\\/canal7slp.tv\\\/2025\\\/#\\\/schema\\\/person\\\/271e2b60a96e7cc9d9ac296f4d7e414b\",\"name\":\"Edici\u00f3n Web\",\"image\":{\"@type\":\"ImageObject\",\"inLanguage\":\"es\",\"@id\":\"https:\\\/\\\/secure.gravatar.com\\\/avatar\\\/eee448fc3f7164808013b816ba91ac7e43bbe82a70bebac296f8bc6f0addaa1a?s=96&d=mm&r=g\",\"url\":\"https:\\\/\\\/secure.gravatar.com\\\/avatar\\\/eee448fc3f7164808013b816ba91ac7e43bbe82a70bebac296f8bc6f0addaa1a?s=96&d=mm&r=g\",\"contentUrl\":\"https:\\\/\\\/secure.gravatar.com\\\/avatar\\\/eee448fc3f7164808013b816ba91ac7e43bbe82a70bebac296f8bc6f0addaa1a?s=96&d=mm&r=g\",\"caption\":\"Edici\u00f3n Web\"},\"url\":\"https:\\\/\\\/canal7slp.tv\\\/2025\\\/author\\\/edicionweb\\\/\"}]}<\/script>\n<!-- \/ Yoast SEO plugin. -->","yoast_head_json":{"title":"Detienen en Durango a presunto jefe de plaza y operador financiero de grupo delictivo - Canal 7 SLP - 2025","robots":{"index":"index","follow":"follow","max-snippet":"max-snippet:-1","max-image-preview":"max-image-preview:large","max-video-preview":"max-video-preview:-1"},"canonical":"https:\/\/canal7slp.tv\/2025\/detienen-en-durango-a-presunto-jefe-de-plaza-y-operador-financiero-de-grupo-delictivo\/","og_locale":"es_ES","og_type":"article","og_title":"Detienen en Durango a presunto jefe de plaza y operador financiero de grupo delictivo - Canal 7 SLP - 2025","og_description":"Durango.- Fuerzas federales detuvieron a Edgar \u00abN\u00bb, alias \u00abEl Limones\u00bb, se\u00f1alado como jefe de plaza y operador financiero de un grupo delictivo con operaciones en los estados de Durango y Coahuila. La captura se realiz\u00f3 durante operativos coordinados de alto impacto como parte de la Estrategia Nacional contra la Extorsi\u00f3n. De acuerdo con informaci\u00f3n oficial, el detenido est\u00e1 presuntamente vinculado al grupo \u00abLos Cabrera\u00bb, considerado un brazo del C\u00e1rtel de Sinaloa, y es acusado de extorsionar a comerciantes y ganaderos, as\u00ed como de estar involucrado en actividades de fraude y lavado de dinero. Los operativos, que incluyeron cateos en inmuebles [&hellip;]","og_url":"https:\/\/canal7slp.tv\/2025\/detienen-en-durango-a-presunto-jefe-de-plaza-y-operador-financiero-de-grupo-delictivo\/","og_site_name":"Canal 7 SLP - 2025","article_publisher":"https:\/\/www.facebook.com\/noticieroscanal7atencionciudadana\/","article_published_time":"2025-12-10T20:50:57+00:00","og_image":[{"width":1703,"height":1080,"url":"https:\/\/canal7slp.tv\/2025\/wp-content\/uploads\/2025\/12\/06b.jpg","type":"image\/jpeg"}],"author":"Edici\u00f3n Web","twitter_card":"summary_large_image","twitter_creator":"@NOTICIEROS7","twitter_site":"@NOTICIEROS7","twitter_misc":{"Escrito por":"Edici\u00f3n Web","Tiempo de lectura":"1 minuto"},"schema":{"@context":"https:\/\/schema.org","@graph":[{"@type":"Article","@id":"https:\/\/canal7slp.tv\/2025\/detienen-en-durango-a-presunto-jefe-de-plaza-y-operador-financiero-de-grupo-delictivo\/#article","isPartOf":{"@id":"https:\/\/canal7slp.tv\/2025\/detienen-en-durango-a-presunto-jefe-de-plaza-y-operador-financiero-de-grupo-delictivo\/"},"author":{"name":"Edici\u00f3n Web","@id":"https:\/\/canal7slp.tv\/2025\/#\/schema\/person\/271e2b60a96e7cc9d9ac296f4d7e414b"},"headline":"Detienen en Durango a presunto jefe de plaza y operador financiero de grupo delictivo","datePublished":"2025-12-10T20:50:57+00:00","mainEntityOfPage":{"@id":"https:\/\/canal7slp.tv\/2025\/detienen-en-durango-a-presunto-jefe-de-plaza-y-operador-financiero-de-grupo-delictivo\/"},"wordCount":238,"publisher":{"@id":"https:\/\/canal7slp.tv\/2025\/#organization"},"image":{"@id":"https:\/\/canal7slp.tv\/2025\/detienen-en-durango-a-presunto-jefe-de-plaza-y-operador-financiero-de-grupo-delictivo\/#primaryimage"},"thumbnailUrl":"https:\/\/canal7slp.tv\/2025\/wp-content\/uploads\/2025\/12\/06b.jpg","articleSection":["NACIONALES"],"inLanguage":"es"},{"@type":"WebPage","@id":"https:\/\/canal7slp.tv\/2025\/detienen-en-durango-a-presunto-jefe-de-plaza-y-operador-financiero-de-grupo-delictivo\/","url":"https:\/\/canal7slp.tv\/2025\/detienen-en-durango-a-presunto-jefe-de-plaza-y-operador-financiero-de-grupo-delictivo\/","name":"Detienen en Durango a presunto jefe de plaza y operador financiero de grupo delictivo - Canal 7 SLP - 2025","isPartOf":{"@id":"https:\/\/canal7slp.tv\/2025\/#website"},"primaryImageOfPage":{"@id":"https:\/\/canal7slp.tv\/2025\/detienen-en-durango-a-presunto-jefe-de-plaza-y-operador-financiero-de-grupo-delictivo\/#primaryimage"},"image":{"@id":"https:\/\/canal7slp.tv\/2025\/detienen-en-durango-a-presunto-jefe-de-plaza-y-operador-financiero-de-grupo-delictivo\/#primaryimage"},"thumbnailUrl":"https:\/\/canal7slp.tv\/2025\/wp-content\/uploads\/2025\/12\/06b.jpg","datePublished":"2025-12-10T20:50:57+00:00","breadcrumb":{"@id":"https:\/\/canal7slp.tv\/2025\/detienen-en-durango-a-presunto-jefe-de-plaza-y-operador-financiero-de-grupo-delictivo\/#breadcrumb"},"inLanguage":"es","potentialAction":[{"@type":"ReadAction","target":["https:\/\/canal7slp.tv\/2025\/detienen-en-durango-a-presunto-jefe-de-plaza-y-operador-financiero-de-grupo-delictivo\/"]}]},{"@type":"ImageObject","inLanguage":"es","@id":"https:\/\/canal7slp.tv\/2025\/detienen-en-durango-a-presunto-jefe-de-plaza-y-operador-financiero-de-grupo-delictivo\/#primaryimage","url":"https:\/\/canal7slp.tv\/2025\/wp-content\/uploads\/2025\/12\/06b.jpg","contentUrl":"https:\/\/canal7slp.tv\/2025\/wp-content\/uploads\/2025\/12\/06b.jpg","width":1703,"height":1080},{"@type":"BreadcrumbList","@id":"https:\/\/canal7slp.tv\/2025\/detienen-en-durango-a-presunto-jefe-de-plaza-y-operador-financiero-de-grupo-delictivo\/#breadcrumb","itemListElement":[{"@type":"ListItem","position":1,"name":"Portada","item":"https:\/\/canal7slp.tv\/2025\/"},{"@type":"ListItem","position":2,"name":"Detienen en Durango a presunto jefe de plaza y operador financiero de grupo delictivo"}]},{"@type":"WebSite","@id":"https:\/\/canal7slp.tv\/2025\/#website","url":"https:\/\/canal7slp.tv\/2025\/","name":"N7 - Noticieros Canal 7","description":"Somos el Medio","publisher":{"@id":"https:\/\/canal7slp.tv\/2025\/#organization"},"potentialAction":[{"@type":"SearchAction","target":{"@type":"EntryPoint","urlTemplate":"https:\/\/canal7slp.tv\/2025\/?s={search_term_string}"},"query-input":{"@type":"PropertyValueSpecification","valueRequired":true,"valueName":"search_term_string"}}],"inLanguage":"es"},{"@type":"Organization","@id":"https:\/\/canal7slp.tv\/2025\/#organization","name":"Noticieros Canal 7","url":"https:\/\/canal7slp.tv\/2025\/","logo":{"@type":"ImageObject","inLanguage":"es","@id":"https:\/\/canal7slp.tv\/2025\/#\/schema\/logo\/image\/","url":"https:\/\/canal7slp.tv\/2025\/wp-content\/uploads\/2021\/01\/logo-noticieros@2x.png","contentUrl":"https:\/\/canal7slp.tv\/2025\/wp-content\/uploads\/2021\/01\/logo-noticieros@2x.png","width":1017,"height":268,"caption":"Noticieros Canal 7"},"image":{"@id":"https:\/\/canal7slp.tv\/2025\/#\/schema\/logo\/image\/"},"sameAs":["https:\/\/www.facebook.com\/noticieroscanal7atencionciudadana\/","https:\/\/x.com\/NOTICIEROS7","https:\/\/www.instagram.com\/canal7_slp","https:\/\/www.youtube.com\/channel\/UCliiYs-gP3JfJeqdPrNdd5A"]},{"@type":"Person","@id":"https:\/\/canal7slp.tv\/2025\/#\/schema\/person\/271e2b60a96e7cc9d9ac296f4d7e414b","name":"Edici\u00f3n Web","image":{"@type":"ImageObject","inLanguage":"es","@id":"https:\/\/secure.gravatar.com\/avatar\/eee448fc3f7164808013b816ba91ac7e43bbe82a70bebac296f8bc6f0addaa1a?s=96&d=mm&r=g","url":"https:\/\/secure.gravatar.com\/avatar\/eee448fc3f7164808013b816ba91ac7e43bbe82a70bebac296f8bc6f0addaa1a?s=96&d=mm&r=g","contentUrl":"https:\/\/secure.gravatar.com\/avatar\/eee448fc3f7164808013b816ba91ac7e43bbe82a70bebac296f8bc6f0addaa1a?s=96&d=mm&r=g","caption":"Edici\u00f3n Web"},"url":"https:\/\/canal7slp.tv\/2025\/author\/edicionweb\/"}]}},"_links":{"self":[{"href":"https:\/\/canal7slp.tv\/2025\/wp-json\/wp\/v2\/posts\/187484","targetHints":{"allow":["GET"]}}],"collection":[{"href":"https:\/\/canal7slp.tv\/2025\/wp-json\/wp\/v2\/posts"}],"about":[{"href":"https:\/\/canal7slp.tv\/2025\/wp-json\/wp\/v2\/types\/post"}],"author":[{"embeddable":true,"href":"https:\/\/canal7slp.tv\/2025\/wp-json\/wp\/v2\/users\/2"}],"replies":[{"embeddable":true,"href":"https:\/\/canal7slp.tv\/2025\/wp-json\/wp\/v2\/comments?post=187484"}],"version-history":[{"count":1,"href":"https:\/\/canal7slp.tv\/2025\/wp-json\/wp\/v2\/posts\/187484\/revisions"}],"predecessor-version":[{"id":187486,"href":"https:\/\/canal7slp.tv\/2025\/wp-json\/wp\/v2\/posts\/187484\/revisions\/187486"}],"wp:featuredmedia":[{"embeddable":true,"href":"https:\/\/canal7slp.tv\/2025\/wp-json\/wp\/v2\/media\/187485"}],"wp:attachment":[{"href":"https:\/\/canal7slp.tv\/2025\/wp-json\/wp\/v2\/media?parent=187484"}],"wp:term":[{"taxonomy":"category","embeddable":true,"href":"https:\/\/canal7slp.tv\/2025\/wp-json\/wp\/v2\/categories?post=187484"},{"taxonomy":"post_tag","embeddable":true,"href":"https:\/\/canal7slp.tv\/2025\/wp-json\/wp\/v2\/tags?post=187484"}],"curies":[{"name":"wp","href":"https:\/\/api.w.org\/{rel}","templated":true}]}}