{"id":187465,"date":"2025-12-10T14:18:43","date_gmt":"2025-12-10T20:18:43","guid":{"rendered":"https:\/\/canal7slp.tv\/2025\/?p=187465"},"modified":"2025-12-10T14:18:43","modified_gmt":"2025-12-10T20:18:43","slug":"dictan-prision-preventiva-para-cesar-duarte-por-lavado-de-dinero","status":"publish","type":"post","link":"https:\/\/canal7slp.tv\/2025\/dictan-prision-preventiva-para-cesar-duarte-por-lavado-de-dinero\/","title":{"rendered":"Dictan prisi\u00f3n preventiva para C\u00e9sar Duarte por lavado de dinero"},"content":{"rendered":"<p style=\"text-align: justify;\">Estado de M\u00e9xico.- Una jueza federal dict\u00f3 prisi\u00f3n preventiva justificada para el exgobernador de Chihuahua, C\u00e9sar Duarte J\u00e1quez, acusado por la Fiscal\u00eda General de la Rep\u00fablica (FGR) del delito de operaciones con recursos de procedencia il\u00edcita (lavado de dinero).<\/p>\n<p style=\"text-align: justify;\">El exmandatario permanecer\u00e1 en el Centro Federal de Readaptaci\u00f3n Social n\u00famero 1 \u00abAltiplano\u00bb mientras se determina su situaci\u00f3n jur\u00eddica.<\/p>\n<p style=\"text-align: justify;\">La audiencia inicial, que se prolong\u00f3 por aproximadamente 15 horas en el Centro de Justicia Penal Federal en el Estado de M\u00e9xico, tuvo como resoluci\u00f3n que se duplicara el plazo de 72 horas para que la autoridad ministerial presente sus argumentos.<\/p>\n<p style=\"text-align: justify;\">Por lo tanto, ser\u00e1 el pr\u00f3ximo s\u00e1bado cuando se defina si el exgobernador es vinculado a proceso.<\/p>\n<p style=\"text-align: justify;\">Durante la diligencia, el Ministerio P\u00fablico present\u00f3 su acusaci\u00f3n, se\u00f1alando que Duarte J\u00e1quez instrument\u00f3 un esquema para desviar 73.9 millones de pesos de la Secretar\u00eda de Hacienda de Chihuahua durante su gesti\u00f3n (2010-2016).<\/p>\n<p style=\"text-align: justify;\">Seg\u00fan la FGR, los recursos, destinados supuestamente a apoyos para el sector ganadero, fueron canalizados a empresas donde el exgobernador o su esposa, Bertha Olga G\u00f3mez Fong, figuraban como socios mayoritarios. La investigaci\u00f3n tambi\u00e9n involucra a un exfuncionario de la Secretar\u00eda de Hacienda estatal como presunto colaborador.<\/p>\n<p style=\"text-align: justify;\">C\u00e9sar Duarte J\u00e1quez fue detenido el lunes por la noche en la ciudad de Chihuahua por agentes federales, cuando circulaba en un veh\u00edculo. Una orden de aprehensi\u00f3n en su contra estaba vigente desde mayo del a\u00f1o pasado.<\/p>\n","protected":false},"excerpt":{"rendered":"<p>Estado de M\u00e9xico.- Una jueza federal dict\u00f3 prisi\u00f3n preventiva justificada para el exgobernador de Chihuahua, C\u00e9sar Duarte J\u00e1quez, acusado por la Fiscal\u00eda General de la Rep\u00fablica (FGR) del delito de operaciones con recursos de procedencia il\u00edcita (lavado de dinero). El exmandatario permanecer\u00e1 en el Centro Federal de Readaptaci\u00f3n Social n\u00famero 1 \u00abAltiplano\u00bb mientras se determina su situaci\u00f3n jur\u00eddica. La audiencia inicial, que se prolong\u00f3 por aproximadamente 15 horas en el Centro de Justicia Penal Federal en el Estado de M\u00e9xico, tuvo como resoluci\u00f3n que se duplicara el plazo de 72 horas para que la autoridad ministerial presente sus argumentos. Por [&hellip;]<\/p>\n","protected":false},"author":2,"featured_media":187466,"comment_status":"closed","ping_status":"closed","sticky":false,"template":"","format":"standard","meta":{"_monsterinsights_skip_tracking":false,"_monsterinsights_sitenote_active":false,"_monsterinsights_sitenote_note":"","_monsterinsights_sitenote_category":0,"footnotes":""},"categories":[46],"tags":[],"class_list":["post-187465","post","type-post","status-publish","format-standard","has-post-thumbnail","hentry","category-nacional","post--single"],"yoast_head":"<!-- This site is optimized with the Yoast SEO plugin v27.4 - https:\/\/yoast.com\/product\/yoast-seo-wordpress\/ -->\n<title>Dictan prisi\u00f3n preventiva para C\u00e9sar Duarte por lavado de dinero - Canal 7 SLP - 2025<\/title>\n<meta name=\"robots\" content=\"index, follow, max-snippet:-1, max-image-preview:large, max-video-preview:-1\" \/>\n<link rel=\"canonical\" href=\"https:\/\/canal7slp.tv\/2025\/dictan-prision-preventiva-para-cesar-duarte-por-lavado-de-dinero\/\" \/>\n<meta property=\"og:locale\" content=\"es_ES\" \/>\n<meta property=\"og:type\" content=\"article\" \/>\n<meta property=\"og:title\" content=\"Dictan prisi\u00f3n preventiva para C\u00e9sar Duarte por lavado de dinero - Canal 7 SLP - 2025\" \/>\n<meta property=\"og:description\" content=\"Estado de M\u00e9xico.- Una jueza federal dict\u00f3 prisi\u00f3n preventiva justificada para el exgobernador de Chihuahua, C\u00e9sar Duarte J\u00e1quez, acusado por la Fiscal\u00eda General de la Rep\u00fablica (FGR) del delito de operaciones con recursos de procedencia il\u00edcita (lavado de dinero). El exmandatario permanecer\u00e1 en el Centro Federal de Readaptaci\u00f3n Social n\u00famero 1 \u00abAltiplano\u00bb mientras se determina su situaci\u00f3n jur\u00eddica. La audiencia inicial, que se prolong\u00f3 por aproximadamente 15 horas en el Centro de Justicia Penal Federal en el Estado de M\u00e9xico, tuvo como resoluci\u00f3n que se duplicara el plazo de 72 horas para que la autoridad ministerial presente sus argumentos. Por [&hellip;]\" \/>\n<meta property=\"og:url\" content=\"https:\/\/canal7slp.tv\/2025\/dictan-prision-preventiva-para-cesar-duarte-por-lavado-de-dinero\/\" \/>\n<meta property=\"og:site_name\" content=\"Canal 7 SLP - 2025\" \/>\n<meta property=\"article:publisher\" content=\"https:\/\/www.facebook.com\/noticieroscanal7atencionciudadana\/\" \/>\n<meta property=\"article:published_time\" content=\"2025-12-10T20:18:43+00:00\" \/>\n<meta property=\"og:image\" content=\"https:\/\/canal7slp.tv\/2025\/wp-content\/uploads\/2025\/12\/04-9.jpg\" \/>\n\t<meta property=\"og:image:width\" content=\"788\" \/>\n\t<meta property=\"og:image:height\" content=\"410\" \/>\n\t<meta property=\"og:image:type\" content=\"image\/jpeg\" \/>\n<meta name=\"author\" content=\"Edici\u00f3n Web\" \/>\n<meta name=\"twitter:card\" content=\"summary_large_image\" \/>\n<meta name=\"twitter:creator\" content=\"@NOTICIEROS7\" \/>\n<meta name=\"twitter:site\" content=\"@NOTICIEROS7\" \/>\n<meta name=\"twitter:label1\" content=\"Escrito por\" \/>\n\t<meta name=\"twitter:data1\" content=\"Edici\u00f3n Web\" \/>\n\t<meta name=\"twitter:label2\" content=\"Tiempo de lectura\" \/>\n\t<meta name=\"twitter:data2\" content=\"2 minutos\" \/>\n<script type=\"application\/ld+json\" class=\"yoast-schema-graph\">{\"@context\":\"https:\\\/\\\/schema.org\",\"@graph\":[{\"@type\":\"Article\",\"@id\":\"https:\\\/\\\/canal7slp.tv\\\/2025\\\/dictan-prision-preventiva-para-cesar-duarte-por-lavado-de-dinero\\\/#article\",\"isPartOf\":{\"@id\":\"https:\\\/\\\/canal7slp.tv\\\/2025\\\/dictan-prision-preventiva-para-cesar-duarte-por-lavado-de-dinero\\\/\"},\"author\":{\"name\":\"Edici\u00f3n Web\",\"@id\":\"https:\\\/\\\/canal7slp.tv\\\/2025\\\/#\\\/schema\\\/person\\\/271e2b60a96e7cc9d9ac296f4d7e414b\"},\"headline\":\"Dictan prisi\u00f3n preventiva para C\u00e9sar Duarte por lavado de dinero\",\"datePublished\":\"2025-12-10T20:18:43+00:00\",\"mainEntityOfPage\":{\"@id\":\"https:\\\/\\\/canal7slp.tv\\\/2025\\\/dictan-prision-preventiva-para-cesar-duarte-por-lavado-de-dinero\\\/\"},\"wordCount\":273,\"publisher\":{\"@id\":\"https:\\\/\\\/canal7slp.tv\\\/2025\\\/#organization\"},\"image\":{\"@id\":\"https:\\\/\\\/canal7slp.tv\\\/2025\\\/dictan-prision-preventiva-para-cesar-duarte-por-lavado-de-dinero\\\/#primaryimage\"},\"thumbnailUrl\":\"https:\\\/\\\/canal7slp.tv\\\/2025\\\/wp-content\\\/uploads\\\/2025\\\/12\\\/04-9.jpg\",\"articleSection\":[\"NACIONALES\"],\"inLanguage\":\"es\"},{\"@type\":\"WebPage\",\"@id\":\"https:\\\/\\\/canal7slp.tv\\\/2025\\\/dictan-prision-preventiva-para-cesar-duarte-por-lavado-de-dinero\\\/\",\"url\":\"https:\\\/\\\/canal7slp.tv\\\/2025\\\/dictan-prision-preventiva-para-cesar-duarte-por-lavado-de-dinero\\\/\",\"name\":\"Dictan prisi\u00f3n preventiva para C\u00e9sar Duarte por lavado de dinero - Canal 7 SLP - 2025\",\"isPartOf\":{\"@id\":\"https:\\\/\\\/canal7slp.tv\\\/2025\\\/#website\"},\"primaryImageOfPage\":{\"@id\":\"https:\\\/\\\/canal7slp.tv\\\/2025\\\/dictan-prision-preventiva-para-cesar-duarte-por-lavado-de-dinero\\\/#primaryimage\"},\"image\":{\"@id\":\"https:\\\/\\\/canal7slp.tv\\\/2025\\\/dictan-prision-preventiva-para-cesar-duarte-por-lavado-de-dinero\\\/#primaryimage\"},\"thumbnailUrl\":\"https:\\\/\\\/canal7slp.tv\\\/2025\\\/wp-content\\\/uploads\\\/2025\\\/12\\\/04-9.jpg\",\"datePublished\":\"2025-12-10T20:18:43+00:00\",\"breadcrumb\":{\"@id\":\"https:\\\/\\\/canal7slp.tv\\\/2025\\\/dictan-prision-preventiva-para-cesar-duarte-por-lavado-de-dinero\\\/#breadcrumb\"},\"inLanguage\":\"es\",\"potentialAction\":[{\"@type\":\"ReadAction\",\"target\":[\"https:\\\/\\\/canal7slp.tv\\\/2025\\\/dictan-prision-preventiva-para-cesar-duarte-por-lavado-de-dinero\\\/\"]}]},{\"@type\":\"ImageObject\",\"inLanguage\":\"es\",\"@id\":\"https:\\\/\\\/canal7slp.tv\\\/2025\\\/dictan-prision-preventiva-para-cesar-duarte-por-lavado-de-dinero\\\/#primaryimage\",\"url\":\"https:\\\/\\\/canal7slp.tv\\\/2025\\\/wp-content\\\/uploads\\\/2025\\\/12\\\/04-9.jpg\",\"contentUrl\":\"https:\\\/\\\/canal7slp.tv\\\/2025\\\/wp-content\\\/uploads\\\/2025\\\/12\\\/04-9.jpg\",\"width\":788,\"height\":410},{\"@type\":\"BreadcrumbList\",\"@id\":\"https:\\\/\\\/canal7slp.tv\\\/2025\\\/dictan-prision-preventiva-para-cesar-duarte-por-lavado-de-dinero\\\/#breadcrumb\",\"itemListElement\":[{\"@type\":\"ListItem\",\"position\":1,\"name\":\"Portada\",\"item\":\"https:\\\/\\\/canal7slp.tv\\\/2025\\\/\"},{\"@type\":\"ListItem\",\"position\":2,\"name\":\"Dictan prisi\u00f3n preventiva para C\u00e9sar Duarte por lavado de dinero\"}]},{\"@type\":\"WebSite\",\"@id\":\"https:\\\/\\\/canal7slp.tv\\\/2025\\\/#website\",\"url\":\"https:\\\/\\\/canal7slp.tv\\\/2025\\\/\",\"name\":\"N7 - Noticieros Canal 7\",\"description\":\"Somos el Medio\",\"publisher\":{\"@id\":\"https:\\\/\\\/canal7slp.tv\\\/2025\\\/#organization\"},\"potentialAction\":[{\"@type\":\"SearchAction\",\"target\":{\"@type\":\"EntryPoint\",\"urlTemplate\":\"https:\\\/\\\/canal7slp.tv\\\/2025\\\/?s={search_term_string}\"},\"query-input\":{\"@type\":\"PropertyValueSpecification\",\"valueRequired\":true,\"valueName\":\"search_term_string\"}}],\"inLanguage\":\"es\"},{\"@type\":\"Organization\",\"@id\":\"https:\\\/\\\/canal7slp.tv\\\/2025\\\/#organization\",\"name\":\"Noticieros Canal 7\",\"url\":\"https:\\\/\\\/canal7slp.tv\\\/2025\\\/\",\"logo\":{\"@type\":\"ImageObject\",\"inLanguage\":\"es\",\"@id\":\"https:\\\/\\\/canal7slp.tv\\\/2025\\\/#\\\/schema\\\/logo\\\/image\\\/\",\"url\":\"https:\\\/\\\/canal7slp.tv\\\/2025\\\/wp-content\\\/uploads\\\/2021\\\/01\\\/logo-noticieros@2x.png\",\"contentUrl\":\"https:\\\/\\\/canal7slp.tv\\\/2025\\\/wp-content\\\/uploads\\\/2021\\\/01\\\/logo-noticieros@2x.png\",\"width\":1017,\"height\":268,\"caption\":\"Noticieros Canal 7\"},\"image\":{\"@id\":\"https:\\\/\\\/canal7slp.tv\\\/2025\\\/#\\\/schema\\\/logo\\\/image\\\/\"},\"sameAs\":[\"https:\\\/\\\/www.facebook.com\\\/noticieroscanal7atencionciudadana\\\/\",\"https:\\\/\\\/x.com\\\/NOTICIEROS7\",\"https:\\\/\\\/www.instagram.com\\\/canal7_slp\",\"https:\\\/\\\/www.youtube.com\\\/channel\\\/UCliiYs-gP3JfJeqdPrNdd5A\"]},{\"@type\":\"Person\",\"@id\":\"https:\\\/\\\/canal7slp.tv\\\/2025\\\/#\\\/schema\\\/person\\\/271e2b60a96e7cc9d9ac296f4d7e414b\",\"name\":\"Edici\u00f3n Web\",\"image\":{\"@type\":\"ImageObject\",\"inLanguage\":\"es\",\"@id\":\"https:\\\/\\\/secure.gravatar.com\\\/avatar\\\/eee448fc3f7164808013b816ba91ac7e43bbe82a70bebac296f8bc6f0addaa1a?s=96&d=mm&r=g\",\"url\":\"https:\\\/\\\/secure.gravatar.com\\\/avatar\\\/eee448fc3f7164808013b816ba91ac7e43bbe82a70bebac296f8bc6f0addaa1a?s=96&d=mm&r=g\",\"contentUrl\":\"https:\\\/\\\/secure.gravatar.com\\\/avatar\\\/eee448fc3f7164808013b816ba91ac7e43bbe82a70bebac296f8bc6f0addaa1a?s=96&d=mm&r=g\",\"caption\":\"Edici\u00f3n Web\"},\"url\":\"https:\\\/\\\/canal7slp.tv\\\/2025\\\/author\\\/edicionweb\\\/\"}]}<\/script>\n<!-- \/ Yoast SEO plugin. -->","yoast_head_json":{"title":"Dictan prisi\u00f3n preventiva para C\u00e9sar Duarte por lavado de dinero - Canal 7 SLP - 2025","robots":{"index":"index","follow":"follow","max-snippet":"max-snippet:-1","max-image-preview":"max-image-preview:large","max-video-preview":"max-video-preview:-1"},"canonical":"https:\/\/canal7slp.tv\/2025\/dictan-prision-preventiva-para-cesar-duarte-por-lavado-de-dinero\/","og_locale":"es_ES","og_type":"article","og_title":"Dictan prisi\u00f3n preventiva para C\u00e9sar Duarte por lavado de dinero - Canal 7 SLP - 2025","og_description":"Estado de M\u00e9xico.- Una jueza federal dict\u00f3 prisi\u00f3n preventiva justificada para el exgobernador de Chihuahua, C\u00e9sar Duarte J\u00e1quez, acusado por la Fiscal\u00eda General de la Rep\u00fablica (FGR) del delito de operaciones con recursos de procedencia il\u00edcita (lavado de dinero). El exmandatario permanecer\u00e1 en el Centro Federal de Readaptaci\u00f3n Social n\u00famero 1 \u00abAltiplano\u00bb mientras se determina su situaci\u00f3n jur\u00eddica. La audiencia inicial, que se prolong\u00f3 por aproximadamente 15 horas en el Centro de Justicia Penal Federal en el Estado de M\u00e9xico, tuvo como resoluci\u00f3n que se duplicara el plazo de 72 horas para que la autoridad ministerial presente sus argumentos. Por [&hellip;]","og_url":"https:\/\/canal7slp.tv\/2025\/dictan-prision-preventiva-para-cesar-duarte-por-lavado-de-dinero\/","og_site_name":"Canal 7 SLP - 2025","article_publisher":"https:\/\/www.facebook.com\/noticieroscanal7atencionciudadana\/","article_published_time":"2025-12-10T20:18:43+00:00","og_image":[{"width":788,"height":410,"url":"https:\/\/canal7slp.tv\/2025\/wp-content\/uploads\/2025\/12\/04-9.jpg","type":"image\/jpeg"}],"author":"Edici\u00f3n Web","twitter_card":"summary_large_image","twitter_creator":"@NOTICIEROS7","twitter_site":"@NOTICIEROS7","twitter_misc":{"Escrito por":"Edici\u00f3n Web","Tiempo de lectura":"2 minutos"},"schema":{"@context":"https:\/\/schema.org","@graph":[{"@type":"Article","@id":"https:\/\/canal7slp.tv\/2025\/dictan-prision-preventiva-para-cesar-duarte-por-lavado-de-dinero\/#article","isPartOf":{"@id":"https:\/\/canal7slp.tv\/2025\/dictan-prision-preventiva-para-cesar-duarte-por-lavado-de-dinero\/"},"author":{"name":"Edici\u00f3n Web","@id":"https:\/\/canal7slp.tv\/2025\/#\/schema\/person\/271e2b60a96e7cc9d9ac296f4d7e414b"},"headline":"Dictan prisi\u00f3n preventiva para C\u00e9sar Duarte por lavado de dinero","datePublished":"2025-12-10T20:18:43+00:00","mainEntityOfPage":{"@id":"https:\/\/canal7slp.tv\/2025\/dictan-prision-preventiva-para-cesar-duarte-por-lavado-de-dinero\/"},"wordCount":273,"publisher":{"@id":"https:\/\/canal7slp.tv\/2025\/#organization"},"image":{"@id":"https:\/\/canal7slp.tv\/2025\/dictan-prision-preventiva-para-cesar-duarte-por-lavado-de-dinero\/#primaryimage"},"thumbnailUrl":"https:\/\/canal7slp.tv\/2025\/wp-content\/uploads\/2025\/12\/04-9.jpg","articleSection":["NACIONALES"],"inLanguage":"es"},{"@type":"WebPage","@id":"https:\/\/canal7slp.tv\/2025\/dictan-prision-preventiva-para-cesar-duarte-por-lavado-de-dinero\/","url":"https:\/\/canal7slp.tv\/2025\/dictan-prision-preventiva-para-cesar-duarte-por-lavado-de-dinero\/","name":"Dictan prisi\u00f3n preventiva para C\u00e9sar Duarte por lavado de dinero - Canal 7 SLP - 2025","isPartOf":{"@id":"https:\/\/canal7slp.tv\/2025\/#website"},"primaryImageOfPage":{"@id":"https:\/\/canal7slp.tv\/2025\/dictan-prision-preventiva-para-cesar-duarte-por-lavado-de-dinero\/#primaryimage"},"image":{"@id":"https:\/\/canal7slp.tv\/2025\/dictan-prision-preventiva-para-cesar-duarte-por-lavado-de-dinero\/#primaryimage"},"thumbnailUrl":"https:\/\/canal7slp.tv\/2025\/wp-content\/uploads\/2025\/12\/04-9.jpg","datePublished":"2025-12-10T20:18:43+00:00","breadcrumb":{"@id":"https:\/\/canal7slp.tv\/2025\/dictan-prision-preventiva-para-cesar-duarte-por-lavado-de-dinero\/#breadcrumb"},"inLanguage":"es","potentialAction":[{"@type":"ReadAction","target":["https:\/\/canal7slp.tv\/2025\/dictan-prision-preventiva-para-cesar-duarte-por-lavado-de-dinero\/"]}]},{"@type":"ImageObject","inLanguage":"es","@id":"https:\/\/canal7slp.tv\/2025\/dictan-prision-preventiva-para-cesar-duarte-por-lavado-de-dinero\/#primaryimage","url":"https:\/\/canal7slp.tv\/2025\/wp-content\/uploads\/2025\/12\/04-9.jpg","contentUrl":"https:\/\/canal7slp.tv\/2025\/wp-content\/uploads\/2025\/12\/04-9.jpg","width":788,"height":410},{"@type":"BreadcrumbList","@id":"https:\/\/canal7slp.tv\/2025\/dictan-prision-preventiva-para-cesar-duarte-por-lavado-de-dinero\/#breadcrumb","itemListElement":[{"@type":"ListItem","position":1,"name":"Portada","item":"https:\/\/canal7slp.tv\/2025\/"},{"@type":"ListItem","position":2,"name":"Dictan prisi\u00f3n preventiva para C\u00e9sar Duarte por lavado de dinero"}]},{"@type":"WebSite","@id":"https:\/\/canal7slp.tv\/2025\/#website","url":"https:\/\/canal7slp.tv\/2025\/","name":"N7 - Noticieros Canal 7","description":"Somos el Medio","publisher":{"@id":"https:\/\/canal7slp.tv\/2025\/#organization"},"potentialAction":[{"@type":"SearchAction","target":{"@type":"EntryPoint","urlTemplate":"https:\/\/canal7slp.tv\/2025\/?s={search_term_string}"},"query-input":{"@type":"PropertyValueSpecification","valueRequired":true,"valueName":"search_term_string"}}],"inLanguage":"es"},{"@type":"Organization","@id":"https:\/\/canal7slp.tv\/2025\/#organization","name":"Noticieros Canal 7","url":"https:\/\/canal7slp.tv\/2025\/","logo":{"@type":"ImageObject","inLanguage":"es","@id":"https:\/\/canal7slp.tv\/2025\/#\/schema\/logo\/image\/","url":"https:\/\/canal7slp.tv\/2025\/wp-content\/uploads\/2021\/01\/logo-noticieros@2x.png","contentUrl":"https:\/\/canal7slp.tv\/2025\/wp-content\/uploads\/2021\/01\/logo-noticieros@2x.png","width":1017,"height":268,"caption":"Noticieros Canal 7"},"image":{"@id":"https:\/\/canal7slp.tv\/2025\/#\/schema\/logo\/image\/"},"sameAs":["https:\/\/www.facebook.com\/noticieroscanal7atencionciudadana\/","https:\/\/x.com\/NOTICIEROS7","https:\/\/www.instagram.com\/canal7_slp","https:\/\/www.youtube.com\/channel\/UCliiYs-gP3JfJeqdPrNdd5A"]},{"@type":"Person","@id":"https:\/\/canal7slp.tv\/2025\/#\/schema\/person\/271e2b60a96e7cc9d9ac296f4d7e414b","name":"Edici\u00f3n Web","image":{"@type":"ImageObject","inLanguage":"es","@id":"https:\/\/secure.gravatar.com\/avatar\/eee448fc3f7164808013b816ba91ac7e43bbe82a70bebac296f8bc6f0addaa1a?s=96&d=mm&r=g","url":"https:\/\/secure.gravatar.com\/avatar\/eee448fc3f7164808013b816ba91ac7e43bbe82a70bebac296f8bc6f0addaa1a?s=96&d=mm&r=g","contentUrl":"https:\/\/secure.gravatar.com\/avatar\/eee448fc3f7164808013b816ba91ac7e43bbe82a70bebac296f8bc6f0addaa1a?s=96&d=mm&r=g","caption":"Edici\u00f3n Web"},"url":"https:\/\/canal7slp.tv\/2025\/author\/edicionweb\/"}]}},"_links":{"self":[{"href":"https:\/\/canal7slp.tv\/2025\/wp-json\/wp\/v2\/posts\/187465","targetHints":{"allow":["GET"]}}],"collection":[{"href":"https:\/\/canal7slp.tv\/2025\/wp-json\/wp\/v2\/posts"}],"about":[{"href":"https:\/\/canal7slp.tv\/2025\/wp-json\/wp\/v2\/types\/post"}],"author":[{"embeddable":true,"href":"https:\/\/canal7slp.tv\/2025\/wp-json\/wp\/v2\/users\/2"}],"replies":[{"embeddable":true,"href":"https:\/\/canal7slp.tv\/2025\/wp-json\/wp\/v2\/comments?post=187465"}],"version-history":[{"count":1,"href":"https:\/\/canal7slp.tv\/2025\/wp-json\/wp\/v2\/posts\/187465\/revisions"}],"predecessor-version":[{"id":187467,"href":"https:\/\/canal7slp.tv\/2025\/wp-json\/wp\/v2\/posts\/187465\/revisions\/187467"}],"wp:featuredmedia":[{"embeddable":true,"href":"https:\/\/canal7slp.tv\/2025\/wp-json\/wp\/v2\/media\/187466"}],"wp:attachment":[{"href":"https:\/\/canal7slp.tv\/2025\/wp-json\/wp\/v2\/media?parent=187465"}],"wp:term":[{"taxonomy":"category","embeddable":true,"href":"https:\/\/canal7slp.tv\/2025\/wp-json\/wp\/v2\/categories?post=187465"},{"taxonomy":"post_tag","embeddable":true,"href":"https:\/\/canal7slp.tv\/2025\/wp-json\/wp\/v2\/tags?post=187465"}],"curies":[{"name":"wp","href":"https:\/\/api.w.org\/{rel}","templated":true}]}}