{"id":187401,"date":"2025-12-09T16:50:24","date_gmt":"2025-12-09T22:50:24","guid":{"rendered":"https:\/\/canal7slp.tv\/2025\/?p=187401"},"modified":"2025-12-09T16:59:44","modified_gmt":"2025-12-09T22:59:44","slug":"por-desaire-justifica-gobernador-recorte-superior-a-186-mdp-a-la-uaslp","status":"publish","type":"post","link":"https:\/\/canal7slp.tv\/2025\/por-desaire-justifica-gobernador-recorte-superior-a-186-mdp-a-la-uaslp\/","title":{"rendered":"Por \u00abdesaire\u00bb justifica gobernador recorte superior a 186 mdp a la UASLP"},"content":{"rendered":"<p style=\"text-align: justify;\"><span style=\"font-size: 1.21429rem;\">SLP.- El ajuste superior a 186 millones de pesos para la Universidad Aut\u00f3noma de San Luis Potos\u00ed en el 2026 fue justificado por el gobernador, Ricardo Gallardo Cardona, quien adem\u00e1s asegur\u00f3 existe una diferencia entre la instituci\u00f3n y el poder legislativo.<\/span><\/p>\n<p style=\"text-align: justify;\">\u201cYo creo que hay un claro desentendimiento entre el rector y los diputados. Tambi\u00e9n yo creo que no se le puede desairar a un poder, ni se le puede tratar de esa manera al poder legislativo\u00bb, dijo.<\/p>\n<p style=\"text-align: justify;\">Lo anterior ante las reuniones organizadas tanto por la m\u00e1xima casa de estudios y los congresistas que no fueron atendidas.<\/p>\n<p style=\"text-align: justify;\">\u201cHay que tenerle respeto, nosotros como poder ejecutivo, que somos un poder le tenemos un respeto, pues cuanto m\u00e1s que la universidad no es un poder y deber\u00eda de atenderlos. Lo que quiere el poder legislativo es ser atendidos y ellos no quieren atenderlo\u00bb, insisti\u00f3.<\/p>\n<p style=\"text-align: justify;\">Tambi\u00e9n plante\u00f3 que la UASLP y el Legislativo deben dialogar de manera directa para aclarar sus posiciones, particularmente luego de que las y los diputados refirieron intentos fallidos de contacto.<\/p>\n<p style=\"text-align: justify;\">\u201cYo creo que aqu\u00ed ya tendr\u00edan que ir directamente ellos a plantearle su inconformidad al legislativo y al legislativo decirle, oye, te estuve llamando 40 veces, no vienes, no nos quieres dar tu presupuesto, pues nosotros no somos magos\u00bb, se\u00f1al\u00f3.<\/p>\n<p style=\"text-align: justify;\">Continu\u00f3: \u201cEntonces yo creo que ah\u00ed tienen que llegar a un entendimiento. Nosotros vamos a apoyar a la universidad, est\u00e1 claro, pero tambi\u00e9n estamos respetando el poder legislativo.\u201d<\/p>\n<p style=\"text-align: justify;\">Por: Jos\u00e9 Luis V\u00e1zquez<\/p>\n","protected":false},"excerpt":{"rendered":"<p>SLP.- El ajuste superior a 186 millones de pesos para la Universidad Aut\u00f3noma de San Luis Potos\u00ed en el 2026 fue justificado por el gobernador, Ricardo Gallardo Cardona, quien adem\u00e1s asegur\u00f3 existe una diferencia entre la instituci\u00f3n y el poder legislativo. \u201cYo creo que hay un claro desentendimiento entre el rector y los diputados. Tambi\u00e9n yo creo que no se le puede desairar a un poder, ni se le puede tratar de esa manera al poder legislativo\u00bb, dijo. Lo anterior ante las reuniones organizadas tanto por la m\u00e1xima casa de estudios y los congresistas que no fueron atendidas. \u201cHay que [&hellip;]<\/p>\n","protected":false},"author":2,"featured_media":187403,"comment_status":"closed","ping_status":"closed","sticky":false,"template":"","format":"video","meta":{"_monsterinsights_skip_tracking":false,"_monsterinsights_sitenote_active":false,"_monsterinsights_sitenote_note":"","_monsterinsights_sitenote_category":0,"footnotes":""},"categories":[3,5,510,45],"tags":[],"class_list":["post-187401","post","type-post","status-publish","format-video","has-post-thumbnail","hentry","category-congreso","category-destacadas","category-gobedoslp","category-localesyregionales","post_format-post-format-video","post--single"],"yoast_head":"<!-- This site is optimized with the Yoast SEO plugin v27.4 - https:\/\/yoast.com\/product\/yoast-seo-wordpress\/ -->\n<title>Por &quot;desaire&quot; justifica gobernador recorte superior a 186 mdp a la UASLP - Canal 7 SLP - 2025<\/title>\n<meta name=\"robots\" content=\"index, follow, max-snippet:-1, max-image-preview:large, max-video-preview:-1\" \/>\n<link rel=\"canonical\" href=\"https:\/\/canal7slp.tv\/2025\/por-desaire-justifica-gobernador-recorte-superior-a-186-mdp-a-la-uaslp\/\" \/>\n<meta property=\"og:locale\" content=\"es_ES\" \/>\n<meta property=\"og:type\" content=\"article\" \/>\n<meta property=\"og:title\" content=\"Por &quot;desaire&quot; justifica gobernador recorte superior a 186 mdp a la UASLP - Canal 7 SLP - 2025\" \/>\n<meta property=\"og:description\" content=\"SLP.- El ajuste superior a 186 millones de pesos para la Universidad Aut\u00f3noma de San Luis Potos\u00ed en el 2026 fue justificado por el gobernador, Ricardo Gallardo Cardona, quien adem\u00e1s asegur\u00f3 existe una diferencia entre la instituci\u00f3n y el poder legislativo. \u201cYo creo que hay un claro desentendimiento entre el rector y los diputados. Tambi\u00e9n yo creo que no se le puede desairar a un poder, ni se le puede tratar de esa manera al poder legislativo\u00bb, dijo. Lo anterior ante las reuniones organizadas tanto por la m\u00e1xima casa de estudios y los congresistas que no fueron atendidas. \u201cHay que [&hellip;]\" \/>\n<meta property=\"og:url\" content=\"https:\/\/canal7slp.tv\/2025\/por-desaire-justifica-gobernador-recorte-superior-a-186-mdp-a-la-uaslp\/\" \/>\n<meta property=\"og:site_name\" content=\"Canal 7 SLP - 2025\" \/>\n<meta property=\"article:publisher\" content=\"https:\/\/www.facebook.com\/noticieroscanal7atencionciudadana\/\" \/>\n<meta property=\"article:published_time\" content=\"2025-12-09T22:50:24+00:00\" \/>\n<meta property=\"article:modified_time\" content=\"2025-12-09T22:59:44+00:00\" \/>\n<meta property=\"og:image\" content=\"https:\/\/canal7slp.tv\/2025\/wp-content\/uploads\/2025\/12\/Vazquez02GoberUASLP.jpg\" \/>\n\t<meta property=\"og:image:width\" content=\"1280\" \/>\n\t<meta property=\"og:image:height\" content=\"720\" \/>\n\t<meta property=\"og:image:type\" content=\"image\/jpeg\" \/>\n<meta name=\"author\" content=\"Edici\u00f3n Web\" \/>\n<meta name=\"twitter:card\" content=\"summary_large_image\" \/>\n<meta name=\"twitter:creator\" content=\"@NOTICIEROS7\" \/>\n<meta name=\"twitter:site\" content=\"@NOTICIEROS7\" \/>\n<meta name=\"twitter:label1\" content=\"Escrito por\" \/>\n\t<meta name=\"twitter:data1\" content=\"Edici\u00f3n Web\" \/>\n\t<meta name=\"twitter:label2\" content=\"Tiempo de lectura\" \/>\n\t<meta name=\"twitter:data2\" content=\"2 minutos\" \/>\n<script type=\"application\/ld+json\" class=\"yoast-schema-graph\">{\"@context\":\"https:\\\/\\\/schema.org\",\"@graph\":[{\"@type\":\"Article\",\"@id\":\"https:\\\/\\\/canal7slp.tv\\\/2025\\\/por-desaire-justifica-gobernador-recorte-superior-a-186-mdp-a-la-uaslp\\\/#article\",\"isPartOf\":{\"@id\":\"https:\\\/\\\/canal7slp.tv\\\/2025\\\/por-desaire-justifica-gobernador-recorte-superior-a-186-mdp-a-la-uaslp\\\/\"},\"author\":{\"name\":\"Edici\u00f3n Web\",\"@id\":\"https:\\\/\\\/canal7slp.tv\\\/2025\\\/#\\\/schema\\\/person\\\/271e2b60a96e7cc9d9ac296f4d7e414b\"},\"headline\":\"Por \u00abdesaire\u00bb justifica gobernador recorte superior a 186 mdp a la UASLP\",\"datePublished\":\"2025-12-09T22:50:24+00:00\",\"dateModified\":\"2025-12-09T22:59:44+00:00\",\"mainEntityOfPage\":{\"@id\":\"https:\\\/\\\/canal7slp.tv\\\/2025\\\/por-desaire-justifica-gobernador-recorte-superior-a-186-mdp-a-la-uaslp\\\/\"},\"wordCount\":266,\"publisher\":{\"@id\":\"https:\\\/\\\/canal7slp.tv\\\/2025\\\/#organization\"},\"image\":{\"@id\":\"https:\\\/\\\/canal7slp.tv\\\/2025\\\/por-desaire-justifica-gobernador-recorte-superior-a-186-mdp-a-la-uaslp\\\/#primaryimage\"},\"thumbnailUrl\":\"https:\\\/\\\/canal7slp.tv\\\/2025\\\/wp-content\\\/uploads\\\/2025\\\/12\\\/Vazquez02GoberUASLP.jpg\",\"articleSection\":[\"CONGRESO\",\"DESTACADAS\",\"GOBEDOSLP\",\"LOCALES Y REGIONALES\"],\"inLanguage\":\"es\"},{\"@type\":\"WebPage\",\"@id\":\"https:\\\/\\\/canal7slp.tv\\\/2025\\\/por-desaire-justifica-gobernador-recorte-superior-a-186-mdp-a-la-uaslp\\\/\",\"url\":\"https:\\\/\\\/canal7slp.tv\\\/2025\\\/por-desaire-justifica-gobernador-recorte-superior-a-186-mdp-a-la-uaslp\\\/\",\"name\":\"Por \\\"desaire\\\" justifica gobernador recorte superior a 186 mdp a la UASLP - Canal 7 SLP - 2025\",\"isPartOf\":{\"@id\":\"https:\\\/\\\/canal7slp.tv\\\/2025\\\/#website\"},\"primaryImageOfPage\":{\"@id\":\"https:\\\/\\\/canal7slp.tv\\\/2025\\\/por-desaire-justifica-gobernador-recorte-superior-a-186-mdp-a-la-uaslp\\\/#primaryimage\"},\"image\":{\"@id\":\"https:\\\/\\\/canal7slp.tv\\\/2025\\\/por-desaire-justifica-gobernador-recorte-superior-a-186-mdp-a-la-uaslp\\\/#primaryimage\"},\"thumbnailUrl\":\"https:\\\/\\\/canal7slp.tv\\\/2025\\\/wp-content\\\/uploads\\\/2025\\\/12\\\/Vazquez02GoberUASLP.jpg\",\"datePublished\":\"2025-12-09T22:50:24+00:00\",\"dateModified\":\"2025-12-09T22:59:44+00:00\",\"breadcrumb\":{\"@id\":\"https:\\\/\\\/canal7slp.tv\\\/2025\\\/por-desaire-justifica-gobernador-recorte-superior-a-186-mdp-a-la-uaslp\\\/#breadcrumb\"},\"inLanguage\":\"es\",\"potentialAction\":[{\"@type\":\"ReadAction\",\"target\":[\"https:\\\/\\\/canal7slp.tv\\\/2025\\\/por-desaire-justifica-gobernador-recorte-superior-a-186-mdp-a-la-uaslp\\\/\"]}]},{\"@type\":\"ImageObject\",\"inLanguage\":\"es\",\"@id\":\"https:\\\/\\\/canal7slp.tv\\\/2025\\\/por-desaire-justifica-gobernador-recorte-superior-a-186-mdp-a-la-uaslp\\\/#primaryimage\",\"url\":\"https:\\\/\\\/canal7slp.tv\\\/2025\\\/wp-content\\\/uploads\\\/2025\\\/12\\\/Vazquez02GoberUASLP.jpg\",\"contentUrl\":\"https:\\\/\\\/canal7slp.tv\\\/2025\\\/wp-content\\\/uploads\\\/2025\\\/12\\\/Vazquez02GoberUASLP.jpg\",\"width\":1280,\"height\":720},{\"@type\":\"BreadcrumbList\",\"@id\":\"https:\\\/\\\/canal7slp.tv\\\/2025\\\/por-desaire-justifica-gobernador-recorte-superior-a-186-mdp-a-la-uaslp\\\/#breadcrumb\",\"itemListElement\":[{\"@type\":\"ListItem\",\"position\":1,\"name\":\"Portada\",\"item\":\"https:\\\/\\\/canal7slp.tv\\\/2025\\\/\"},{\"@type\":\"ListItem\",\"position\":2,\"name\":\"Por \u00abdesaire\u00bb justifica gobernador recorte superior a 186 mdp a la UASLP\"}]},{\"@type\":\"WebSite\",\"@id\":\"https:\\\/\\\/canal7slp.tv\\\/2025\\\/#website\",\"url\":\"https:\\\/\\\/canal7slp.tv\\\/2025\\\/\",\"name\":\"N7 - Noticieros Canal 7\",\"description\":\"Somos el Medio\",\"publisher\":{\"@id\":\"https:\\\/\\\/canal7slp.tv\\\/2025\\\/#organization\"},\"potentialAction\":[{\"@type\":\"SearchAction\",\"target\":{\"@type\":\"EntryPoint\",\"urlTemplate\":\"https:\\\/\\\/canal7slp.tv\\\/2025\\\/?s={search_term_string}\"},\"query-input\":{\"@type\":\"PropertyValueSpecification\",\"valueRequired\":true,\"valueName\":\"search_term_string\"}}],\"inLanguage\":\"es\"},{\"@type\":\"Organization\",\"@id\":\"https:\\\/\\\/canal7slp.tv\\\/2025\\\/#organization\",\"name\":\"Noticieros Canal 7\",\"url\":\"https:\\\/\\\/canal7slp.tv\\\/2025\\\/\",\"logo\":{\"@type\":\"ImageObject\",\"inLanguage\":\"es\",\"@id\":\"https:\\\/\\\/canal7slp.tv\\\/2025\\\/#\\\/schema\\\/logo\\\/image\\\/\",\"url\":\"https:\\\/\\\/canal7slp.tv\\\/2025\\\/wp-content\\\/uploads\\\/2021\\\/01\\\/logo-noticieros@2x.png\",\"contentUrl\":\"https:\\\/\\\/canal7slp.tv\\\/2025\\\/wp-content\\\/uploads\\\/2021\\\/01\\\/logo-noticieros@2x.png\",\"width\":1017,\"height\":268,\"caption\":\"Noticieros Canal 7\"},\"image\":{\"@id\":\"https:\\\/\\\/canal7slp.tv\\\/2025\\\/#\\\/schema\\\/logo\\\/image\\\/\"},\"sameAs\":[\"https:\\\/\\\/www.facebook.com\\\/noticieroscanal7atencionciudadana\\\/\",\"https:\\\/\\\/x.com\\\/NOTICIEROS7\",\"https:\\\/\\\/www.instagram.com\\\/canal7_slp\",\"https:\\\/\\\/www.youtube.com\\\/channel\\\/UCliiYs-gP3JfJeqdPrNdd5A\"]},{\"@type\":\"Person\",\"@id\":\"https:\\\/\\\/canal7slp.tv\\\/2025\\\/#\\\/schema\\\/person\\\/271e2b60a96e7cc9d9ac296f4d7e414b\",\"name\":\"Edici\u00f3n Web\",\"image\":{\"@type\":\"ImageObject\",\"inLanguage\":\"es\",\"@id\":\"https:\\\/\\\/secure.gravatar.com\\\/avatar\\\/eee448fc3f7164808013b816ba91ac7e43bbe82a70bebac296f8bc6f0addaa1a?s=96&d=mm&r=g\",\"url\":\"https:\\\/\\\/secure.gravatar.com\\\/avatar\\\/eee448fc3f7164808013b816ba91ac7e43bbe82a70bebac296f8bc6f0addaa1a?s=96&d=mm&r=g\",\"contentUrl\":\"https:\\\/\\\/secure.gravatar.com\\\/avatar\\\/eee448fc3f7164808013b816ba91ac7e43bbe82a70bebac296f8bc6f0addaa1a?s=96&d=mm&r=g\",\"caption\":\"Edici\u00f3n Web\"},\"url\":\"https:\\\/\\\/canal7slp.tv\\\/2025\\\/author\\\/edicionweb\\\/\"}]}<\/script>\n<!-- \/ Yoast SEO plugin. -->","yoast_head_json":{"title":"Por \"desaire\" justifica gobernador recorte superior a 186 mdp a la UASLP - Canal 7 SLP - 2025","robots":{"index":"index","follow":"follow","max-snippet":"max-snippet:-1","max-image-preview":"max-image-preview:large","max-video-preview":"max-video-preview:-1"},"canonical":"https:\/\/canal7slp.tv\/2025\/por-desaire-justifica-gobernador-recorte-superior-a-186-mdp-a-la-uaslp\/","og_locale":"es_ES","og_type":"article","og_title":"Por \"desaire\" justifica gobernador recorte superior a 186 mdp a la UASLP - Canal 7 SLP - 2025","og_description":"SLP.- El ajuste superior a 186 millones de pesos para la Universidad Aut\u00f3noma de San Luis Potos\u00ed en el 2026 fue justificado por el gobernador, Ricardo Gallardo Cardona, quien adem\u00e1s asegur\u00f3 existe una diferencia entre la instituci\u00f3n y el poder legislativo. \u201cYo creo que hay un claro desentendimiento entre el rector y los diputados. Tambi\u00e9n yo creo que no se le puede desairar a un poder, ni se le puede tratar de esa manera al poder legislativo\u00bb, dijo. Lo anterior ante las reuniones organizadas tanto por la m\u00e1xima casa de estudios y los congresistas que no fueron atendidas. \u201cHay que [&hellip;]","og_url":"https:\/\/canal7slp.tv\/2025\/por-desaire-justifica-gobernador-recorte-superior-a-186-mdp-a-la-uaslp\/","og_site_name":"Canal 7 SLP - 2025","article_publisher":"https:\/\/www.facebook.com\/noticieroscanal7atencionciudadana\/","article_published_time":"2025-12-09T22:50:24+00:00","article_modified_time":"2025-12-09T22:59:44+00:00","og_image":[{"width":1280,"height":720,"url":"https:\/\/canal7slp.tv\/2025\/wp-content\/uploads\/2025\/12\/Vazquez02GoberUASLP.jpg","type":"image\/jpeg"}],"author":"Edici\u00f3n Web","twitter_card":"summary_large_image","twitter_creator":"@NOTICIEROS7","twitter_site":"@NOTICIEROS7","twitter_misc":{"Escrito por":"Edici\u00f3n Web","Tiempo de lectura":"2 minutos"},"schema":{"@context":"https:\/\/schema.org","@graph":[{"@type":"Article","@id":"https:\/\/canal7slp.tv\/2025\/por-desaire-justifica-gobernador-recorte-superior-a-186-mdp-a-la-uaslp\/#article","isPartOf":{"@id":"https:\/\/canal7slp.tv\/2025\/por-desaire-justifica-gobernador-recorte-superior-a-186-mdp-a-la-uaslp\/"},"author":{"name":"Edici\u00f3n Web","@id":"https:\/\/canal7slp.tv\/2025\/#\/schema\/person\/271e2b60a96e7cc9d9ac296f4d7e414b"},"headline":"Por \u00abdesaire\u00bb justifica gobernador recorte superior a 186 mdp a la UASLP","datePublished":"2025-12-09T22:50:24+00:00","dateModified":"2025-12-09T22:59:44+00:00","mainEntityOfPage":{"@id":"https:\/\/canal7slp.tv\/2025\/por-desaire-justifica-gobernador-recorte-superior-a-186-mdp-a-la-uaslp\/"},"wordCount":266,"publisher":{"@id":"https:\/\/canal7slp.tv\/2025\/#organization"},"image":{"@id":"https:\/\/canal7slp.tv\/2025\/por-desaire-justifica-gobernador-recorte-superior-a-186-mdp-a-la-uaslp\/#primaryimage"},"thumbnailUrl":"https:\/\/canal7slp.tv\/2025\/wp-content\/uploads\/2025\/12\/Vazquez02GoberUASLP.jpg","articleSection":["CONGRESO","DESTACADAS","GOBEDOSLP","LOCALES Y REGIONALES"],"inLanguage":"es"},{"@type":"WebPage","@id":"https:\/\/canal7slp.tv\/2025\/por-desaire-justifica-gobernador-recorte-superior-a-186-mdp-a-la-uaslp\/","url":"https:\/\/canal7slp.tv\/2025\/por-desaire-justifica-gobernador-recorte-superior-a-186-mdp-a-la-uaslp\/","name":"Por \"desaire\" justifica gobernador recorte superior a 186 mdp a la UASLP - Canal 7 SLP - 2025","isPartOf":{"@id":"https:\/\/canal7slp.tv\/2025\/#website"},"primaryImageOfPage":{"@id":"https:\/\/canal7slp.tv\/2025\/por-desaire-justifica-gobernador-recorte-superior-a-186-mdp-a-la-uaslp\/#primaryimage"},"image":{"@id":"https:\/\/canal7slp.tv\/2025\/por-desaire-justifica-gobernador-recorte-superior-a-186-mdp-a-la-uaslp\/#primaryimage"},"thumbnailUrl":"https:\/\/canal7slp.tv\/2025\/wp-content\/uploads\/2025\/12\/Vazquez02GoberUASLP.jpg","datePublished":"2025-12-09T22:50:24+00:00","dateModified":"2025-12-09T22:59:44+00:00","breadcrumb":{"@id":"https:\/\/canal7slp.tv\/2025\/por-desaire-justifica-gobernador-recorte-superior-a-186-mdp-a-la-uaslp\/#breadcrumb"},"inLanguage":"es","potentialAction":[{"@type":"ReadAction","target":["https:\/\/canal7slp.tv\/2025\/por-desaire-justifica-gobernador-recorte-superior-a-186-mdp-a-la-uaslp\/"]}]},{"@type":"ImageObject","inLanguage":"es","@id":"https:\/\/canal7slp.tv\/2025\/por-desaire-justifica-gobernador-recorte-superior-a-186-mdp-a-la-uaslp\/#primaryimage","url":"https:\/\/canal7slp.tv\/2025\/wp-content\/uploads\/2025\/12\/Vazquez02GoberUASLP.jpg","contentUrl":"https:\/\/canal7slp.tv\/2025\/wp-content\/uploads\/2025\/12\/Vazquez02GoberUASLP.jpg","width":1280,"height":720},{"@type":"BreadcrumbList","@id":"https:\/\/canal7slp.tv\/2025\/por-desaire-justifica-gobernador-recorte-superior-a-186-mdp-a-la-uaslp\/#breadcrumb","itemListElement":[{"@type":"ListItem","position":1,"name":"Portada","item":"https:\/\/canal7slp.tv\/2025\/"},{"@type":"ListItem","position":2,"name":"Por \u00abdesaire\u00bb justifica gobernador recorte superior a 186 mdp a la UASLP"}]},{"@type":"WebSite","@id":"https:\/\/canal7slp.tv\/2025\/#website","url":"https:\/\/canal7slp.tv\/2025\/","name":"N7 - Noticieros Canal 7","description":"Somos el Medio","publisher":{"@id":"https:\/\/canal7slp.tv\/2025\/#organization"},"potentialAction":[{"@type":"SearchAction","target":{"@type":"EntryPoint","urlTemplate":"https:\/\/canal7slp.tv\/2025\/?s={search_term_string}"},"query-input":{"@type":"PropertyValueSpecification","valueRequired":true,"valueName":"search_term_string"}}],"inLanguage":"es"},{"@type":"Organization","@id":"https:\/\/canal7slp.tv\/2025\/#organization","name":"Noticieros Canal 7","url":"https:\/\/canal7slp.tv\/2025\/","logo":{"@type":"ImageObject","inLanguage":"es","@id":"https:\/\/canal7slp.tv\/2025\/#\/schema\/logo\/image\/","url":"https:\/\/canal7slp.tv\/2025\/wp-content\/uploads\/2021\/01\/logo-noticieros@2x.png","contentUrl":"https:\/\/canal7slp.tv\/2025\/wp-content\/uploads\/2021\/01\/logo-noticieros@2x.png","width":1017,"height":268,"caption":"Noticieros Canal 7"},"image":{"@id":"https:\/\/canal7slp.tv\/2025\/#\/schema\/logo\/image\/"},"sameAs":["https:\/\/www.facebook.com\/noticieroscanal7atencionciudadana\/","https:\/\/x.com\/NOTICIEROS7","https:\/\/www.instagram.com\/canal7_slp","https:\/\/www.youtube.com\/channel\/UCliiYs-gP3JfJeqdPrNdd5A"]},{"@type":"Person","@id":"https:\/\/canal7slp.tv\/2025\/#\/schema\/person\/271e2b60a96e7cc9d9ac296f4d7e414b","name":"Edici\u00f3n Web","image":{"@type":"ImageObject","inLanguage":"es","@id":"https:\/\/secure.gravatar.com\/avatar\/eee448fc3f7164808013b816ba91ac7e43bbe82a70bebac296f8bc6f0addaa1a?s=96&d=mm&r=g","url":"https:\/\/secure.gravatar.com\/avatar\/eee448fc3f7164808013b816ba91ac7e43bbe82a70bebac296f8bc6f0addaa1a?s=96&d=mm&r=g","contentUrl":"https:\/\/secure.gravatar.com\/avatar\/eee448fc3f7164808013b816ba91ac7e43bbe82a70bebac296f8bc6f0addaa1a?s=96&d=mm&r=g","caption":"Edici\u00f3n Web"},"url":"https:\/\/canal7slp.tv\/2025\/author\/edicionweb\/"}]}},"_links":{"self":[{"href":"https:\/\/canal7slp.tv\/2025\/wp-json\/wp\/v2\/posts\/187401","targetHints":{"allow":["GET"]}}],"collection":[{"href":"https:\/\/canal7slp.tv\/2025\/wp-json\/wp\/v2\/posts"}],"about":[{"href":"https:\/\/canal7slp.tv\/2025\/wp-json\/wp\/v2\/types\/post"}],"author":[{"embeddable":true,"href":"https:\/\/canal7slp.tv\/2025\/wp-json\/wp\/v2\/users\/2"}],"replies":[{"embeddable":true,"href":"https:\/\/canal7slp.tv\/2025\/wp-json\/wp\/v2\/comments?post=187401"}],"version-history":[{"count":1,"href":"https:\/\/canal7slp.tv\/2025\/wp-json\/wp\/v2\/posts\/187401\/revisions"}],"predecessor-version":[{"id":187404,"href":"https:\/\/canal7slp.tv\/2025\/wp-json\/wp\/v2\/posts\/187401\/revisions\/187404"}],"wp:featuredmedia":[{"embeddable":true,"href":"https:\/\/canal7slp.tv\/2025\/wp-json\/wp\/v2\/media\/187403"}],"wp:attachment":[{"href":"https:\/\/canal7slp.tv\/2025\/wp-json\/wp\/v2\/media?parent=187401"}],"wp:term":[{"taxonomy":"category","embeddable":true,"href":"https:\/\/canal7slp.tv\/2025\/wp-json\/wp\/v2\/categories?post=187401"},{"taxonomy":"post_tag","embeddable":true,"href":"https:\/\/canal7slp.tv\/2025\/wp-json\/wp\/v2\/tags?post=187401"}],"curies":[{"name":"wp","href":"https:\/\/api.w.org\/{rel}","templated":true}]}}