{"id":187380,"date":"2025-12-09T16:00:33","date_gmt":"2025-12-09T22:00:33","guid":{"rendered":"https:\/\/canal7slp.tv\/2025\/?p=187380"},"modified":"2025-12-09T16:00:33","modified_gmt":"2025-12-09T22:00:33","slug":"analisis-preve-mayor-alza-en-hospedaje-en-mexico-que-en-eu-y-canada-por-mundial-2026","status":"publish","type":"post","link":"https:\/\/canal7slp.tv\/2025\/analisis-preve-mayor-alza-en-hospedaje-en-mexico-que-en-eu-y-canada-por-mundial-2026\/","title":{"rendered":"An\u00e1lisis prev\u00e9 mayor alza en hospedaje en M\u00e9xico que en EU y Canad\u00e1 por Mundial 2026"},"content":{"rendered":"<p style=\"text-align: justify;\">M\u00e9xico.- Un an\u00e1lisis de la Asociaci\u00f3n Mexicana de Viviendas Tur\u00edsticas (Amvitur) proyecta que las tarifas hoteleras en las ciudades sedes mexicanas del Mundial de F\u00fatbol FIFA 2026 podr\u00edan incrementarse hasta cuatro veces por encima de los promedios actuales.<\/p>\n<p style=\"text-align: justify;\">Este aumento superar\u00eda las variaciones previstas para ciudades de Estados Unidos y Canad\u00e1, las cuales oscilar\u00edan entre el 55% y el 92% seg\u00fan la consultora Lighthouse Intelligence.<\/p>\n<p style=\"text-align: justify;\">El director general de Amvitur, Sean C\u00e1zares Ahearne, explic\u00f3 que este comportamiento at\u00edpico se deriva de comparar las tarifas anticipadas para junio de 2026 con los precios vigentes en noviembre de 2025.<\/p>\n<p style=\"text-align: justify;\">Advirti\u00f3 que, pese al alza significativa, podr\u00eda registrarse una nueva escalada de precios y episodios de saturaci\u00f3n en la oferta de hospedaje.<\/p>\n<p style=\"text-align: justify;\">Ante este escenario, la asociaci\u00f3n destaca la oportunidad para que las \u00abviviendas tur\u00edsticas\u00bb complementen la capacidad de alojamiento tradicional.<\/p>\n<p style=\"text-align: justify;\">Seg\u00fan Amvitur, este tipo de hospedaje, ya reconocido por la FIFA como parte de las soluciones oficiales, ofrece flexibilidad, cobertura territorial y disponibilidad inmediata, lo que ayudar\u00eda a atender la demanda excedente y distribuir la derrama econ\u00f3mica m\u00e1s all\u00e1 de los corredores tur\u00edsticos habituales.<\/p>\n<p style=\"text-align: justify;\">C\u00e1zares Ahearne cit\u00f3 un estimado de la firma Deloitte que calcula que aproximadamente 44 mil viviendas se podr\u00edan convertir en hospedaje tur\u00edstico durante el evento, atendiendo principalmente a personas sin reservaciones previas o paquetes corporativos.<\/p>\n<p style=\"text-align: justify;\">Seg\u00fan los c\u00e1lculos de Amvitur, este segmento generar\u00eda un impacto directo de cerca de 87 millones de d\u00f3lares en gasto para las ciudades y m\u00e1s de 13 millones de d\u00f3lares en ingresos para anfitriones locales.<\/p>\n","protected":false},"excerpt":{"rendered":"<p>M\u00e9xico.- Un an\u00e1lisis de la Asociaci\u00f3n Mexicana de Viviendas Tur\u00edsticas (Amvitur) proyecta que las tarifas hoteleras en las ciudades sedes mexicanas del Mundial de F\u00fatbol FIFA 2026 podr\u00edan incrementarse hasta cuatro veces por encima de los promedios actuales. Este aumento superar\u00eda las variaciones previstas para ciudades de Estados Unidos y Canad\u00e1, las cuales oscilar\u00edan entre el 55% y el 92% seg\u00fan la consultora Lighthouse Intelligence. El director general de Amvitur, Sean C\u00e1zares Ahearne, explic\u00f3 que este comportamiento at\u00edpico se deriva de comparar las tarifas anticipadas para junio de 2026 con los precios vigentes en noviembre de 2025. Advirti\u00f3 que, pese [&hellip;]<\/p>\n","protected":false},"author":2,"featured_media":187381,"comment_status":"closed","ping_status":"closed","sticky":false,"template":"","format":"standard","meta":{"_monsterinsights_skip_tracking":false,"_monsterinsights_sitenote_active":false,"_monsterinsights_sitenote_note":"","_monsterinsights_sitenote_category":0,"footnotes":""},"categories":[40,46],"tags":[],"class_list":["post-187380","post","type-post","status-publish","format-standard","has-post-thumbnail","hentry","category-economia","category-nacional","post--single"],"yoast_head":"<!-- This site is optimized with the Yoast SEO plugin v27.4 - https:\/\/yoast.com\/product\/yoast-seo-wordpress\/ -->\n<title>An\u00e1lisis prev\u00e9 mayor alza en hospedaje en M\u00e9xico que en EU y Canad\u00e1 por Mundial 2026 - Canal 7 SLP - 2025<\/title>\n<meta name=\"robots\" content=\"index, follow, max-snippet:-1, max-image-preview:large, max-video-preview:-1\" \/>\n<link rel=\"canonical\" href=\"https:\/\/canal7slp.tv\/2025\/analisis-preve-mayor-alza-en-hospedaje-en-mexico-que-en-eu-y-canada-por-mundial-2026\/\" \/>\n<meta property=\"og:locale\" content=\"es_ES\" \/>\n<meta property=\"og:type\" content=\"article\" \/>\n<meta property=\"og:title\" content=\"An\u00e1lisis prev\u00e9 mayor alza en hospedaje en M\u00e9xico que en EU y Canad\u00e1 por Mundial 2026 - Canal 7 SLP - 2025\" \/>\n<meta property=\"og:description\" content=\"M\u00e9xico.- Un an\u00e1lisis de la Asociaci\u00f3n Mexicana de Viviendas Tur\u00edsticas (Amvitur) proyecta que las tarifas hoteleras en las ciudades sedes mexicanas del Mundial de F\u00fatbol FIFA 2026 podr\u00edan incrementarse hasta cuatro veces por encima de los promedios actuales. Este aumento superar\u00eda las variaciones previstas para ciudades de Estados Unidos y Canad\u00e1, las cuales oscilar\u00edan entre el 55% y el 92% seg\u00fan la consultora Lighthouse Intelligence. El director general de Amvitur, Sean C\u00e1zares Ahearne, explic\u00f3 que este comportamiento at\u00edpico se deriva de comparar las tarifas anticipadas para junio de 2026 con los precios vigentes en noviembre de 2025. Advirti\u00f3 que, pese [&hellip;]\" \/>\n<meta property=\"og:url\" content=\"https:\/\/canal7slp.tv\/2025\/analisis-preve-mayor-alza-en-hospedaje-en-mexico-que-en-eu-y-canada-por-mundial-2026\/\" \/>\n<meta property=\"og:site_name\" content=\"Canal 7 SLP - 2025\" \/>\n<meta property=\"article:publisher\" content=\"https:\/\/www.facebook.com\/noticieroscanal7atencionciudadana\/\" \/>\n<meta property=\"article:published_time\" content=\"2025-12-09T22:00:33+00:00\" \/>\n<meta property=\"og:image\" content=\"https:\/\/canal7slp.tv\/2025\/wp-content\/uploads\/2025\/12\/08-7.jpg\" \/>\n\t<meta property=\"og:image:width\" content=\"811\" \/>\n\t<meta property=\"og:image:height\" content=\"500\" \/>\n\t<meta property=\"og:image:type\" content=\"image\/jpeg\" \/>\n<meta name=\"author\" content=\"Edici\u00f3n Web\" \/>\n<meta name=\"twitter:card\" content=\"summary_large_image\" \/>\n<meta name=\"twitter:creator\" content=\"@NOTICIEROS7\" \/>\n<meta name=\"twitter:site\" content=\"@NOTICIEROS7\" \/>\n<meta name=\"twitter:label1\" content=\"Escrito por\" \/>\n\t<meta name=\"twitter:data1\" content=\"Edici\u00f3n Web\" \/>\n\t<meta name=\"twitter:label2\" content=\"Tiempo de lectura\" \/>\n\t<meta name=\"twitter:data2\" content=\"2 minutos\" \/>\n<script type=\"application\/ld+json\" class=\"yoast-schema-graph\">{\"@context\":\"https:\\\/\\\/schema.org\",\"@graph\":[{\"@type\":\"Article\",\"@id\":\"https:\\\/\\\/canal7slp.tv\\\/2025\\\/analisis-preve-mayor-alza-en-hospedaje-en-mexico-que-en-eu-y-canada-por-mundial-2026\\\/#article\",\"isPartOf\":{\"@id\":\"https:\\\/\\\/canal7slp.tv\\\/2025\\\/analisis-preve-mayor-alza-en-hospedaje-en-mexico-que-en-eu-y-canada-por-mundial-2026\\\/\"},\"author\":{\"name\":\"Edici\u00f3n Web\",\"@id\":\"https:\\\/\\\/canal7slp.tv\\\/2025\\\/#\\\/schema\\\/person\\\/271e2b60a96e7cc9d9ac296f4d7e414b\"},\"headline\":\"An\u00e1lisis prev\u00e9 mayor alza en hospedaje en M\u00e9xico que en EU y Canad\u00e1 por Mundial 2026\",\"datePublished\":\"2025-12-09T22:00:33+00:00\",\"mainEntityOfPage\":{\"@id\":\"https:\\\/\\\/canal7slp.tv\\\/2025\\\/analisis-preve-mayor-alza-en-hospedaje-en-mexico-que-en-eu-y-canada-por-mundial-2026\\\/\"},\"wordCount\":291,\"publisher\":{\"@id\":\"https:\\\/\\\/canal7slp.tv\\\/2025\\\/#organization\"},\"image\":{\"@id\":\"https:\\\/\\\/canal7slp.tv\\\/2025\\\/analisis-preve-mayor-alza-en-hospedaje-en-mexico-que-en-eu-y-canada-por-mundial-2026\\\/#primaryimage\"},\"thumbnailUrl\":\"https:\\\/\\\/canal7slp.tv\\\/2025\\\/wp-content\\\/uploads\\\/2025\\\/12\\\/08-7.jpg\",\"articleSection\":[\"ECONOM\u00cdA\",\"NACIONALES\"],\"inLanguage\":\"es\"},{\"@type\":\"WebPage\",\"@id\":\"https:\\\/\\\/canal7slp.tv\\\/2025\\\/analisis-preve-mayor-alza-en-hospedaje-en-mexico-que-en-eu-y-canada-por-mundial-2026\\\/\",\"url\":\"https:\\\/\\\/canal7slp.tv\\\/2025\\\/analisis-preve-mayor-alza-en-hospedaje-en-mexico-que-en-eu-y-canada-por-mundial-2026\\\/\",\"name\":\"An\u00e1lisis prev\u00e9 mayor alza en hospedaje en M\u00e9xico que en EU y Canad\u00e1 por Mundial 2026 - Canal 7 SLP - 2025\",\"isPartOf\":{\"@id\":\"https:\\\/\\\/canal7slp.tv\\\/2025\\\/#website\"},\"primaryImageOfPage\":{\"@id\":\"https:\\\/\\\/canal7slp.tv\\\/2025\\\/analisis-preve-mayor-alza-en-hospedaje-en-mexico-que-en-eu-y-canada-por-mundial-2026\\\/#primaryimage\"},\"image\":{\"@id\":\"https:\\\/\\\/canal7slp.tv\\\/2025\\\/analisis-preve-mayor-alza-en-hospedaje-en-mexico-que-en-eu-y-canada-por-mundial-2026\\\/#primaryimage\"},\"thumbnailUrl\":\"https:\\\/\\\/canal7slp.tv\\\/2025\\\/wp-content\\\/uploads\\\/2025\\\/12\\\/08-7.jpg\",\"datePublished\":\"2025-12-09T22:00:33+00:00\",\"breadcrumb\":{\"@id\":\"https:\\\/\\\/canal7slp.tv\\\/2025\\\/analisis-preve-mayor-alza-en-hospedaje-en-mexico-que-en-eu-y-canada-por-mundial-2026\\\/#breadcrumb\"},\"inLanguage\":\"es\",\"potentialAction\":[{\"@type\":\"ReadAction\",\"target\":[\"https:\\\/\\\/canal7slp.tv\\\/2025\\\/analisis-preve-mayor-alza-en-hospedaje-en-mexico-que-en-eu-y-canada-por-mundial-2026\\\/\"]}]},{\"@type\":\"ImageObject\",\"inLanguage\":\"es\",\"@id\":\"https:\\\/\\\/canal7slp.tv\\\/2025\\\/analisis-preve-mayor-alza-en-hospedaje-en-mexico-que-en-eu-y-canada-por-mundial-2026\\\/#primaryimage\",\"url\":\"https:\\\/\\\/canal7slp.tv\\\/2025\\\/wp-content\\\/uploads\\\/2025\\\/12\\\/08-7.jpg\",\"contentUrl\":\"https:\\\/\\\/canal7slp.tv\\\/2025\\\/wp-content\\\/uploads\\\/2025\\\/12\\\/08-7.jpg\",\"width\":811,\"height\":500},{\"@type\":\"BreadcrumbList\",\"@id\":\"https:\\\/\\\/canal7slp.tv\\\/2025\\\/analisis-preve-mayor-alza-en-hospedaje-en-mexico-que-en-eu-y-canada-por-mundial-2026\\\/#breadcrumb\",\"itemListElement\":[{\"@type\":\"ListItem\",\"position\":1,\"name\":\"Portada\",\"item\":\"https:\\\/\\\/canal7slp.tv\\\/2025\\\/\"},{\"@type\":\"ListItem\",\"position\":2,\"name\":\"An\u00e1lisis prev\u00e9 mayor alza en hospedaje en M\u00e9xico que en EU y Canad\u00e1 por Mundial 2026\"}]},{\"@type\":\"WebSite\",\"@id\":\"https:\\\/\\\/canal7slp.tv\\\/2025\\\/#website\",\"url\":\"https:\\\/\\\/canal7slp.tv\\\/2025\\\/\",\"name\":\"N7 - Noticieros Canal 7\",\"description\":\"Somos el Medio\",\"publisher\":{\"@id\":\"https:\\\/\\\/canal7slp.tv\\\/2025\\\/#organization\"},\"potentialAction\":[{\"@type\":\"SearchAction\",\"target\":{\"@type\":\"EntryPoint\",\"urlTemplate\":\"https:\\\/\\\/canal7slp.tv\\\/2025\\\/?s={search_term_string}\"},\"query-input\":{\"@type\":\"PropertyValueSpecification\",\"valueRequired\":true,\"valueName\":\"search_term_string\"}}],\"inLanguage\":\"es\"},{\"@type\":\"Organization\",\"@id\":\"https:\\\/\\\/canal7slp.tv\\\/2025\\\/#organization\",\"name\":\"Noticieros Canal 7\",\"url\":\"https:\\\/\\\/canal7slp.tv\\\/2025\\\/\",\"logo\":{\"@type\":\"ImageObject\",\"inLanguage\":\"es\",\"@id\":\"https:\\\/\\\/canal7slp.tv\\\/2025\\\/#\\\/schema\\\/logo\\\/image\\\/\",\"url\":\"https:\\\/\\\/canal7slp.tv\\\/2025\\\/wp-content\\\/uploads\\\/2021\\\/01\\\/logo-noticieros@2x.png\",\"contentUrl\":\"https:\\\/\\\/canal7slp.tv\\\/2025\\\/wp-content\\\/uploads\\\/2021\\\/01\\\/logo-noticieros@2x.png\",\"width\":1017,\"height\":268,\"caption\":\"Noticieros Canal 7\"},\"image\":{\"@id\":\"https:\\\/\\\/canal7slp.tv\\\/2025\\\/#\\\/schema\\\/logo\\\/image\\\/\"},\"sameAs\":[\"https:\\\/\\\/www.facebook.com\\\/noticieroscanal7atencionciudadana\\\/\",\"https:\\\/\\\/x.com\\\/NOTICIEROS7\",\"https:\\\/\\\/www.instagram.com\\\/canal7_slp\",\"https:\\\/\\\/www.youtube.com\\\/channel\\\/UCliiYs-gP3JfJeqdPrNdd5A\"]},{\"@type\":\"Person\",\"@id\":\"https:\\\/\\\/canal7slp.tv\\\/2025\\\/#\\\/schema\\\/person\\\/271e2b60a96e7cc9d9ac296f4d7e414b\",\"name\":\"Edici\u00f3n Web\",\"image\":{\"@type\":\"ImageObject\",\"inLanguage\":\"es\",\"@id\":\"https:\\\/\\\/secure.gravatar.com\\\/avatar\\\/eee448fc3f7164808013b816ba91ac7e43bbe82a70bebac296f8bc6f0addaa1a?s=96&d=mm&r=g\",\"url\":\"https:\\\/\\\/secure.gravatar.com\\\/avatar\\\/eee448fc3f7164808013b816ba91ac7e43bbe82a70bebac296f8bc6f0addaa1a?s=96&d=mm&r=g\",\"contentUrl\":\"https:\\\/\\\/secure.gravatar.com\\\/avatar\\\/eee448fc3f7164808013b816ba91ac7e43bbe82a70bebac296f8bc6f0addaa1a?s=96&d=mm&r=g\",\"caption\":\"Edici\u00f3n Web\"},\"url\":\"https:\\\/\\\/canal7slp.tv\\\/2025\\\/author\\\/edicionweb\\\/\"}]}<\/script>\n<!-- \/ Yoast SEO plugin. -->","yoast_head_json":{"title":"An\u00e1lisis prev\u00e9 mayor alza en hospedaje en M\u00e9xico que en EU y Canad\u00e1 por Mundial 2026 - Canal 7 SLP - 2025","robots":{"index":"index","follow":"follow","max-snippet":"max-snippet:-1","max-image-preview":"max-image-preview:large","max-video-preview":"max-video-preview:-1"},"canonical":"https:\/\/canal7slp.tv\/2025\/analisis-preve-mayor-alza-en-hospedaje-en-mexico-que-en-eu-y-canada-por-mundial-2026\/","og_locale":"es_ES","og_type":"article","og_title":"An\u00e1lisis prev\u00e9 mayor alza en hospedaje en M\u00e9xico que en EU y Canad\u00e1 por Mundial 2026 - Canal 7 SLP - 2025","og_description":"M\u00e9xico.- Un an\u00e1lisis de la Asociaci\u00f3n Mexicana de Viviendas Tur\u00edsticas (Amvitur) proyecta que las tarifas hoteleras en las ciudades sedes mexicanas del Mundial de F\u00fatbol FIFA 2026 podr\u00edan incrementarse hasta cuatro veces por encima de los promedios actuales. Este aumento superar\u00eda las variaciones previstas para ciudades de Estados Unidos y Canad\u00e1, las cuales oscilar\u00edan entre el 55% y el 92% seg\u00fan la consultora Lighthouse Intelligence. El director general de Amvitur, Sean C\u00e1zares Ahearne, explic\u00f3 que este comportamiento at\u00edpico se deriva de comparar las tarifas anticipadas para junio de 2026 con los precios vigentes en noviembre de 2025. Advirti\u00f3 que, pese [&hellip;]","og_url":"https:\/\/canal7slp.tv\/2025\/analisis-preve-mayor-alza-en-hospedaje-en-mexico-que-en-eu-y-canada-por-mundial-2026\/","og_site_name":"Canal 7 SLP - 2025","article_publisher":"https:\/\/www.facebook.com\/noticieroscanal7atencionciudadana\/","article_published_time":"2025-12-09T22:00:33+00:00","og_image":[{"width":811,"height":500,"url":"https:\/\/canal7slp.tv\/2025\/wp-content\/uploads\/2025\/12\/08-7.jpg","type":"image\/jpeg"}],"author":"Edici\u00f3n Web","twitter_card":"summary_large_image","twitter_creator":"@NOTICIEROS7","twitter_site":"@NOTICIEROS7","twitter_misc":{"Escrito por":"Edici\u00f3n Web","Tiempo de lectura":"2 minutos"},"schema":{"@context":"https:\/\/schema.org","@graph":[{"@type":"Article","@id":"https:\/\/canal7slp.tv\/2025\/analisis-preve-mayor-alza-en-hospedaje-en-mexico-que-en-eu-y-canada-por-mundial-2026\/#article","isPartOf":{"@id":"https:\/\/canal7slp.tv\/2025\/analisis-preve-mayor-alza-en-hospedaje-en-mexico-que-en-eu-y-canada-por-mundial-2026\/"},"author":{"name":"Edici\u00f3n Web","@id":"https:\/\/canal7slp.tv\/2025\/#\/schema\/person\/271e2b60a96e7cc9d9ac296f4d7e414b"},"headline":"An\u00e1lisis prev\u00e9 mayor alza en hospedaje en M\u00e9xico que en EU y Canad\u00e1 por Mundial 2026","datePublished":"2025-12-09T22:00:33+00:00","mainEntityOfPage":{"@id":"https:\/\/canal7slp.tv\/2025\/analisis-preve-mayor-alza-en-hospedaje-en-mexico-que-en-eu-y-canada-por-mundial-2026\/"},"wordCount":291,"publisher":{"@id":"https:\/\/canal7slp.tv\/2025\/#organization"},"image":{"@id":"https:\/\/canal7slp.tv\/2025\/analisis-preve-mayor-alza-en-hospedaje-en-mexico-que-en-eu-y-canada-por-mundial-2026\/#primaryimage"},"thumbnailUrl":"https:\/\/canal7slp.tv\/2025\/wp-content\/uploads\/2025\/12\/08-7.jpg","articleSection":["ECONOM\u00cdA","NACIONALES"],"inLanguage":"es"},{"@type":"WebPage","@id":"https:\/\/canal7slp.tv\/2025\/analisis-preve-mayor-alza-en-hospedaje-en-mexico-que-en-eu-y-canada-por-mundial-2026\/","url":"https:\/\/canal7slp.tv\/2025\/analisis-preve-mayor-alza-en-hospedaje-en-mexico-que-en-eu-y-canada-por-mundial-2026\/","name":"An\u00e1lisis prev\u00e9 mayor alza en hospedaje en M\u00e9xico que en EU y Canad\u00e1 por Mundial 2026 - Canal 7 SLP - 2025","isPartOf":{"@id":"https:\/\/canal7slp.tv\/2025\/#website"},"primaryImageOfPage":{"@id":"https:\/\/canal7slp.tv\/2025\/analisis-preve-mayor-alza-en-hospedaje-en-mexico-que-en-eu-y-canada-por-mundial-2026\/#primaryimage"},"image":{"@id":"https:\/\/canal7slp.tv\/2025\/analisis-preve-mayor-alza-en-hospedaje-en-mexico-que-en-eu-y-canada-por-mundial-2026\/#primaryimage"},"thumbnailUrl":"https:\/\/canal7slp.tv\/2025\/wp-content\/uploads\/2025\/12\/08-7.jpg","datePublished":"2025-12-09T22:00:33+00:00","breadcrumb":{"@id":"https:\/\/canal7slp.tv\/2025\/analisis-preve-mayor-alza-en-hospedaje-en-mexico-que-en-eu-y-canada-por-mundial-2026\/#breadcrumb"},"inLanguage":"es","potentialAction":[{"@type":"ReadAction","target":["https:\/\/canal7slp.tv\/2025\/analisis-preve-mayor-alza-en-hospedaje-en-mexico-que-en-eu-y-canada-por-mundial-2026\/"]}]},{"@type":"ImageObject","inLanguage":"es","@id":"https:\/\/canal7slp.tv\/2025\/analisis-preve-mayor-alza-en-hospedaje-en-mexico-que-en-eu-y-canada-por-mundial-2026\/#primaryimage","url":"https:\/\/canal7slp.tv\/2025\/wp-content\/uploads\/2025\/12\/08-7.jpg","contentUrl":"https:\/\/canal7slp.tv\/2025\/wp-content\/uploads\/2025\/12\/08-7.jpg","width":811,"height":500},{"@type":"BreadcrumbList","@id":"https:\/\/canal7slp.tv\/2025\/analisis-preve-mayor-alza-en-hospedaje-en-mexico-que-en-eu-y-canada-por-mundial-2026\/#breadcrumb","itemListElement":[{"@type":"ListItem","position":1,"name":"Portada","item":"https:\/\/canal7slp.tv\/2025\/"},{"@type":"ListItem","position":2,"name":"An\u00e1lisis prev\u00e9 mayor alza en hospedaje en M\u00e9xico que en EU y Canad\u00e1 por Mundial 2026"}]},{"@type":"WebSite","@id":"https:\/\/canal7slp.tv\/2025\/#website","url":"https:\/\/canal7slp.tv\/2025\/","name":"N7 - Noticieros Canal 7","description":"Somos el Medio","publisher":{"@id":"https:\/\/canal7slp.tv\/2025\/#organization"},"potentialAction":[{"@type":"SearchAction","target":{"@type":"EntryPoint","urlTemplate":"https:\/\/canal7slp.tv\/2025\/?s={search_term_string}"},"query-input":{"@type":"PropertyValueSpecification","valueRequired":true,"valueName":"search_term_string"}}],"inLanguage":"es"},{"@type":"Organization","@id":"https:\/\/canal7slp.tv\/2025\/#organization","name":"Noticieros Canal 7","url":"https:\/\/canal7slp.tv\/2025\/","logo":{"@type":"ImageObject","inLanguage":"es","@id":"https:\/\/canal7slp.tv\/2025\/#\/schema\/logo\/image\/","url":"https:\/\/canal7slp.tv\/2025\/wp-content\/uploads\/2021\/01\/logo-noticieros@2x.png","contentUrl":"https:\/\/canal7slp.tv\/2025\/wp-content\/uploads\/2021\/01\/logo-noticieros@2x.png","width":1017,"height":268,"caption":"Noticieros Canal 7"},"image":{"@id":"https:\/\/canal7slp.tv\/2025\/#\/schema\/logo\/image\/"},"sameAs":["https:\/\/www.facebook.com\/noticieroscanal7atencionciudadana\/","https:\/\/x.com\/NOTICIEROS7","https:\/\/www.instagram.com\/canal7_slp","https:\/\/www.youtube.com\/channel\/UCliiYs-gP3JfJeqdPrNdd5A"]},{"@type":"Person","@id":"https:\/\/canal7slp.tv\/2025\/#\/schema\/person\/271e2b60a96e7cc9d9ac296f4d7e414b","name":"Edici\u00f3n Web","image":{"@type":"ImageObject","inLanguage":"es","@id":"https:\/\/secure.gravatar.com\/avatar\/eee448fc3f7164808013b816ba91ac7e43bbe82a70bebac296f8bc6f0addaa1a?s=96&d=mm&r=g","url":"https:\/\/secure.gravatar.com\/avatar\/eee448fc3f7164808013b816ba91ac7e43bbe82a70bebac296f8bc6f0addaa1a?s=96&d=mm&r=g","contentUrl":"https:\/\/secure.gravatar.com\/avatar\/eee448fc3f7164808013b816ba91ac7e43bbe82a70bebac296f8bc6f0addaa1a?s=96&d=mm&r=g","caption":"Edici\u00f3n Web"},"url":"https:\/\/canal7slp.tv\/2025\/author\/edicionweb\/"}]}},"_links":{"self":[{"href":"https:\/\/canal7slp.tv\/2025\/wp-json\/wp\/v2\/posts\/187380","targetHints":{"allow":["GET"]}}],"collection":[{"href":"https:\/\/canal7slp.tv\/2025\/wp-json\/wp\/v2\/posts"}],"about":[{"href":"https:\/\/canal7slp.tv\/2025\/wp-json\/wp\/v2\/types\/post"}],"author":[{"embeddable":true,"href":"https:\/\/canal7slp.tv\/2025\/wp-json\/wp\/v2\/users\/2"}],"replies":[{"embeddable":true,"href":"https:\/\/canal7slp.tv\/2025\/wp-json\/wp\/v2\/comments?post=187380"}],"version-history":[{"count":1,"href":"https:\/\/canal7slp.tv\/2025\/wp-json\/wp\/v2\/posts\/187380\/revisions"}],"predecessor-version":[{"id":187382,"href":"https:\/\/canal7slp.tv\/2025\/wp-json\/wp\/v2\/posts\/187380\/revisions\/187382"}],"wp:featuredmedia":[{"embeddable":true,"href":"https:\/\/canal7slp.tv\/2025\/wp-json\/wp\/v2\/media\/187381"}],"wp:attachment":[{"href":"https:\/\/canal7slp.tv\/2025\/wp-json\/wp\/v2\/media?parent=187380"}],"wp:term":[{"taxonomy":"category","embeddable":true,"href":"https:\/\/canal7slp.tv\/2025\/wp-json\/wp\/v2\/categories?post=187380"},{"taxonomy":"post_tag","embeddable":true,"href":"https:\/\/canal7slp.tv\/2025\/wp-json\/wp\/v2\/tags?post=187380"}],"curies":[{"name":"wp","href":"https:\/\/api.w.org\/{rel}","templated":true}]}}