{"id":187361,"date":"2025-12-09T15:05:00","date_gmt":"2025-12-09T21:05:00","guid":{"rendered":"https:\/\/canal7slp.tv\/2025\/?p=187361"},"modified":"2025-12-09T15:05:00","modified_gmt":"2025-12-09T21:05:00","slug":"ricardo-cordero-hace-historia-al-quedar-campeon-en-canada","status":"publish","type":"post","link":"https:\/\/canal7slp.tv\/2025\/ricardo-cordero-hace-historia-al-quedar-campeon-en-canada\/","title":{"rendered":"Ricardo Cordero hace historia al quedar campe\u00f3n en Canad\u00e1"},"content":{"rendered":"<p style=\"text-align: justify;\">SLP.- La temporada 2025 del Canadian Rally Championship ha dado el cerrojazo final con el tradicional Big White Rally, evento que abarc\u00f3 tramos cronometrados. El clima fue un reto a vencer puesto que las fuertes tormentas, los caminos llenos de nieve y algunos hasta con hielo le pusieron la adrenalina a la competencia.<\/p>\n<p style=\"text-align: justify;\">Desde el inicio del rally, Ricardo y Marco se mostraron seguros para tratar de conseguir el objetivo y desde el d\u00eda uno dominaron los 2 primeros tramos de los 11 que conformaba el rally; en la jornada dos el dominio continuo en pr\u00e1cticamente todo el d\u00eda, arrojando buenos tiempos y rendimiento pese a las dificultades clim\u00e1ticas, al finalizar el evento Cordero se convert\u00eda en el primer mexicano en ganar un campeonato canadiense de rallismo, cerrando as\u00ed con 106 unidades acumuladas.<\/p>\n<p style=\"text-align: justify;\">Cordero sigue haciendo historia, ahora levant\u00e1ndose como campe\u00f3n en el pa\u00eds de la hoja de maple en su temporada de debut, adem\u00e1s acumula la cifra descomunal de: 7 Carreras Panamericanas, 6 Campeonatos de rallismo Mexicano, 5 Nacam rally Championship, 1 campeonato de las 24 horas de M\u00e9xico y 1 Campeonato de rallismo Canadiense.<\/p>\n","protected":false},"excerpt":{"rendered":"<p>SLP.- La temporada 2025 del Canadian Rally Championship ha dado el cerrojazo final con el tradicional Big White Rally, evento que abarc\u00f3 tramos cronometrados. El clima fue un reto a vencer puesto que las fuertes tormentas, los caminos llenos de nieve y algunos hasta con hielo le pusieron la adrenalina a la competencia. Desde el inicio del rally, Ricardo y Marco se mostraron seguros para tratar de conseguir el objetivo y desde el d\u00eda uno dominaron los 2 primeros tramos de los 11 que conformaba el rally; en la jornada dos el dominio continuo en pr\u00e1cticamente todo el d\u00eda, arrojando [&hellip;]<\/p>\n","protected":false},"author":2,"featured_media":187363,"comment_status":"closed","ping_status":"closed","sticky":false,"template":"","format":"video","meta":{"_monsterinsights_skip_tracking":false,"_monsterinsights_sitenote_active":false,"_monsterinsights_sitenote_note":"","_monsterinsights_sitenote_category":0,"footnotes":""},"categories":[7,5],"tags":[],"class_list":["post-187361","post","type-post","status-publish","format-video","has-post-thumbnail","hentry","category-deportes","category-destacadas","post_format-post-format-video","post--single"],"yoast_head":"<!-- This site is optimized with the Yoast SEO plugin v27.4 - https:\/\/yoast.com\/product\/yoast-seo-wordpress\/ -->\n<title>Ricardo Cordero hace historia al quedar campe\u00f3n en Canad\u00e1 - Canal 7 SLP - 2025<\/title>\n<meta name=\"robots\" content=\"index, follow, max-snippet:-1, max-image-preview:large, max-video-preview:-1\" \/>\n<link rel=\"canonical\" href=\"https:\/\/canal7slp.tv\/2025\/ricardo-cordero-hace-historia-al-quedar-campeon-en-canada\/\" \/>\n<meta property=\"og:locale\" content=\"es_ES\" \/>\n<meta property=\"og:type\" content=\"article\" \/>\n<meta property=\"og:title\" content=\"Ricardo Cordero hace historia al quedar campe\u00f3n en Canad\u00e1 - Canal 7 SLP - 2025\" \/>\n<meta property=\"og:description\" content=\"SLP.- La temporada 2025 del Canadian Rally Championship ha dado el cerrojazo final con el tradicional Big White Rally, evento que abarc\u00f3 tramos cronometrados. El clima fue un reto a vencer puesto que las fuertes tormentas, los caminos llenos de nieve y algunos hasta con hielo le pusieron la adrenalina a la competencia. Desde el inicio del rally, Ricardo y Marco se mostraron seguros para tratar de conseguir el objetivo y desde el d\u00eda uno dominaron los 2 primeros tramos de los 11 que conformaba el rally; en la jornada dos el dominio continuo en pr\u00e1cticamente todo el d\u00eda, arrojando [&hellip;]\" \/>\n<meta property=\"og:url\" content=\"https:\/\/canal7slp.tv\/2025\/ricardo-cordero-hace-historia-al-quedar-campeon-en-canada\/\" \/>\n<meta property=\"og:site_name\" content=\"Canal 7 SLP - 2025\" \/>\n<meta property=\"article:publisher\" content=\"https:\/\/www.facebook.com\/noticieroscanal7atencionciudadana\/\" \/>\n<meta property=\"article:published_time\" content=\"2025-12-09T21:05:00+00:00\" \/>\n<meta property=\"og:image\" content=\"https:\/\/canal7slp.tv\/2025\/wp-content\/uploads\/2025\/12\/Froi01Rally-1.jpg\" \/>\n\t<meta property=\"og:image:width\" content=\"1280\" \/>\n\t<meta property=\"og:image:height\" content=\"720\" \/>\n\t<meta property=\"og:image:type\" content=\"image\/jpeg\" \/>\n<meta name=\"author\" content=\"Edici\u00f3n Web\" \/>\n<meta name=\"twitter:card\" content=\"summary_large_image\" \/>\n<meta name=\"twitter:creator\" content=\"@NOTICIEROS7\" \/>\n<meta name=\"twitter:site\" content=\"@NOTICIEROS7\" \/>\n<meta name=\"twitter:label1\" content=\"Escrito por\" \/>\n\t<meta name=\"twitter:data1\" content=\"Edici\u00f3n Web\" \/>\n\t<meta name=\"twitter:label2\" content=\"Tiempo de lectura\" \/>\n\t<meta name=\"twitter:data2\" content=\"2 minutos\" \/>\n<script type=\"application\/ld+json\" class=\"yoast-schema-graph\">{\"@context\":\"https:\\\/\\\/schema.org\",\"@graph\":[{\"@type\":\"Article\",\"@id\":\"https:\\\/\\\/canal7slp.tv\\\/2025\\\/ricardo-cordero-hace-historia-al-quedar-campeon-en-canada\\\/#article\",\"isPartOf\":{\"@id\":\"https:\\\/\\\/canal7slp.tv\\\/2025\\\/ricardo-cordero-hace-historia-al-quedar-campeon-en-canada\\\/\"},\"author\":{\"name\":\"Edici\u00f3n Web\",\"@id\":\"https:\\\/\\\/canal7slp.tv\\\/2025\\\/#\\\/schema\\\/person\\\/271e2b60a96e7cc9d9ac296f4d7e414b\"},\"headline\":\"Ricardo Cordero hace historia al quedar campe\u00f3n en Canad\u00e1\",\"datePublished\":\"2025-12-09T21:05:00+00:00\",\"mainEntityOfPage\":{\"@id\":\"https:\\\/\\\/canal7slp.tv\\\/2025\\\/ricardo-cordero-hace-historia-al-quedar-campeon-en-canada\\\/\"},\"wordCount\":197,\"publisher\":{\"@id\":\"https:\\\/\\\/canal7slp.tv\\\/2025\\\/#organization\"},\"image\":{\"@id\":\"https:\\\/\\\/canal7slp.tv\\\/2025\\\/ricardo-cordero-hace-historia-al-quedar-campeon-en-canada\\\/#primaryimage\"},\"thumbnailUrl\":\"https:\\\/\\\/canal7slp.tv\\\/2025\\\/wp-content\\\/uploads\\\/2025\\\/12\\\/Froi01Rally-1.jpg\",\"articleSection\":[\"DEPORTES\",\"DESTACADAS\"],\"inLanguage\":\"es\"},{\"@type\":\"WebPage\",\"@id\":\"https:\\\/\\\/canal7slp.tv\\\/2025\\\/ricardo-cordero-hace-historia-al-quedar-campeon-en-canada\\\/\",\"url\":\"https:\\\/\\\/canal7slp.tv\\\/2025\\\/ricardo-cordero-hace-historia-al-quedar-campeon-en-canada\\\/\",\"name\":\"Ricardo Cordero hace historia al quedar campe\u00f3n en Canad\u00e1 - Canal 7 SLP - 2025\",\"isPartOf\":{\"@id\":\"https:\\\/\\\/canal7slp.tv\\\/2025\\\/#website\"},\"primaryImageOfPage\":{\"@id\":\"https:\\\/\\\/canal7slp.tv\\\/2025\\\/ricardo-cordero-hace-historia-al-quedar-campeon-en-canada\\\/#primaryimage\"},\"image\":{\"@id\":\"https:\\\/\\\/canal7slp.tv\\\/2025\\\/ricardo-cordero-hace-historia-al-quedar-campeon-en-canada\\\/#primaryimage\"},\"thumbnailUrl\":\"https:\\\/\\\/canal7slp.tv\\\/2025\\\/wp-content\\\/uploads\\\/2025\\\/12\\\/Froi01Rally-1.jpg\",\"datePublished\":\"2025-12-09T21:05:00+00:00\",\"breadcrumb\":{\"@id\":\"https:\\\/\\\/canal7slp.tv\\\/2025\\\/ricardo-cordero-hace-historia-al-quedar-campeon-en-canada\\\/#breadcrumb\"},\"inLanguage\":\"es\",\"potentialAction\":[{\"@type\":\"ReadAction\",\"target\":[\"https:\\\/\\\/canal7slp.tv\\\/2025\\\/ricardo-cordero-hace-historia-al-quedar-campeon-en-canada\\\/\"]}]},{\"@type\":\"ImageObject\",\"inLanguage\":\"es\",\"@id\":\"https:\\\/\\\/canal7slp.tv\\\/2025\\\/ricardo-cordero-hace-historia-al-quedar-campeon-en-canada\\\/#primaryimage\",\"url\":\"https:\\\/\\\/canal7slp.tv\\\/2025\\\/wp-content\\\/uploads\\\/2025\\\/12\\\/Froi01Rally-1.jpg\",\"contentUrl\":\"https:\\\/\\\/canal7slp.tv\\\/2025\\\/wp-content\\\/uploads\\\/2025\\\/12\\\/Froi01Rally-1.jpg\",\"width\":1280,\"height\":720},{\"@type\":\"BreadcrumbList\",\"@id\":\"https:\\\/\\\/canal7slp.tv\\\/2025\\\/ricardo-cordero-hace-historia-al-quedar-campeon-en-canada\\\/#breadcrumb\",\"itemListElement\":[{\"@type\":\"ListItem\",\"position\":1,\"name\":\"Portada\",\"item\":\"https:\\\/\\\/canal7slp.tv\\\/2025\\\/\"},{\"@type\":\"ListItem\",\"position\":2,\"name\":\"Ricardo Cordero hace historia al quedar campe\u00f3n en Canad\u00e1\"}]},{\"@type\":\"WebSite\",\"@id\":\"https:\\\/\\\/canal7slp.tv\\\/2025\\\/#website\",\"url\":\"https:\\\/\\\/canal7slp.tv\\\/2025\\\/\",\"name\":\"N7 - Noticieros Canal 7\",\"description\":\"Somos el Medio\",\"publisher\":{\"@id\":\"https:\\\/\\\/canal7slp.tv\\\/2025\\\/#organization\"},\"potentialAction\":[{\"@type\":\"SearchAction\",\"target\":{\"@type\":\"EntryPoint\",\"urlTemplate\":\"https:\\\/\\\/canal7slp.tv\\\/2025\\\/?s={search_term_string}\"},\"query-input\":{\"@type\":\"PropertyValueSpecification\",\"valueRequired\":true,\"valueName\":\"search_term_string\"}}],\"inLanguage\":\"es\"},{\"@type\":\"Organization\",\"@id\":\"https:\\\/\\\/canal7slp.tv\\\/2025\\\/#organization\",\"name\":\"Noticieros Canal 7\",\"url\":\"https:\\\/\\\/canal7slp.tv\\\/2025\\\/\",\"logo\":{\"@type\":\"ImageObject\",\"inLanguage\":\"es\",\"@id\":\"https:\\\/\\\/canal7slp.tv\\\/2025\\\/#\\\/schema\\\/logo\\\/image\\\/\",\"url\":\"https:\\\/\\\/canal7slp.tv\\\/2025\\\/wp-content\\\/uploads\\\/2021\\\/01\\\/logo-noticieros@2x.png\",\"contentUrl\":\"https:\\\/\\\/canal7slp.tv\\\/2025\\\/wp-content\\\/uploads\\\/2021\\\/01\\\/logo-noticieros@2x.png\",\"width\":1017,\"height\":268,\"caption\":\"Noticieros Canal 7\"},\"image\":{\"@id\":\"https:\\\/\\\/canal7slp.tv\\\/2025\\\/#\\\/schema\\\/logo\\\/image\\\/\"},\"sameAs\":[\"https:\\\/\\\/www.facebook.com\\\/noticieroscanal7atencionciudadana\\\/\",\"https:\\\/\\\/x.com\\\/NOTICIEROS7\",\"https:\\\/\\\/www.instagram.com\\\/canal7_slp\",\"https:\\\/\\\/www.youtube.com\\\/channel\\\/UCliiYs-gP3JfJeqdPrNdd5A\"]},{\"@type\":\"Person\",\"@id\":\"https:\\\/\\\/canal7slp.tv\\\/2025\\\/#\\\/schema\\\/person\\\/271e2b60a96e7cc9d9ac296f4d7e414b\",\"name\":\"Edici\u00f3n Web\",\"image\":{\"@type\":\"ImageObject\",\"inLanguage\":\"es\",\"@id\":\"https:\\\/\\\/secure.gravatar.com\\\/avatar\\\/eee448fc3f7164808013b816ba91ac7e43bbe82a70bebac296f8bc6f0addaa1a?s=96&d=mm&r=g\",\"url\":\"https:\\\/\\\/secure.gravatar.com\\\/avatar\\\/eee448fc3f7164808013b816ba91ac7e43bbe82a70bebac296f8bc6f0addaa1a?s=96&d=mm&r=g\",\"contentUrl\":\"https:\\\/\\\/secure.gravatar.com\\\/avatar\\\/eee448fc3f7164808013b816ba91ac7e43bbe82a70bebac296f8bc6f0addaa1a?s=96&d=mm&r=g\",\"caption\":\"Edici\u00f3n Web\"},\"url\":\"https:\\\/\\\/canal7slp.tv\\\/2025\\\/author\\\/edicionweb\\\/\"}]}<\/script>\n<!-- \/ Yoast SEO plugin. -->","yoast_head_json":{"title":"Ricardo Cordero hace historia al quedar campe\u00f3n en Canad\u00e1 - Canal 7 SLP - 2025","robots":{"index":"index","follow":"follow","max-snippet":"max-snippet:-1","max-image-preview":"max-image-preview:large","max-video-preview":"max-video-preview:-1"},"canonical":"https:\/\/canal7slp.tv\/2025\/ricardo-cordero-hace-historia-al-quedar-campeon-en-canada\/","og_locale":"es_ES","og_type":"article","og_title":"Ricardo Cordero hace historia al quedar campe\u00f3n en Canad\u00e1 - Canal 7 SLP - 2025","og_description":"SLP.- La temporada 2025 del Canadian Rally Championship ha dado el cerrojazo final con el tradicional Big White Rally, evento que abarc\u00f3 tramos cronometrados. El clima fue un reto a vencer puesto que las fuertes tormentas, los caminos llenos de nieve y algunos hasta con hielo le pusieron la adrenalina a la competencia. Desde el inicio del rally, Ricardo y Marco se mostraron seguros para tratar de conseguir el objetivo y desde el d\u00eda uno dominaron los 2 primeros tramos de los 11 que conformaba el rally; en la jornada dos el dominio continuo en pr\u00e1cticamente todo el d\u00eda, arrojando [&hellip;]","og_url":"https:\/\/canal7slp.tv\/2025\/ricardo-cordero-hace-historia-al-quedar-campeon-en-canada\/","og_site_name":"Canal 7 SLP - 2025","article_publisher":"https:\/\/www.facebook.com\/noticieroscanal7atencionciudadana\/","article_published_time":"2025-12-09T21:05:00+00:00","og_image":[{"width":1280,"height":720,"url":"https:\/\/canal7slp.tv\/2025\/wp-content\/uploads\/2025\/12\/Froi01Rally-1.jpg","type":"image\/jpeg"}],"author":"Edici\u00f3n Web","twitter_card":"summary_large_image","twitter_creator":"@NOTICIEROS7","twitter_site":"@NOTICIEROS7","twitter_misc":{"Escrito por":"Edici\u00f3n Web","Tiempo de lectura":"2 minutos"},"schema":{"@context":"https:\/\/schema.org","@graph":[{"@type":"Article","@id":"https:\/\/canal7slp.tv\/2025\/ricardo-cordero-hace-historia-al-quedar-campeon-en-canada\/#article","isPartOf":{"@id":"https:\/\/canal7slp.tv\/2025\/ricardo-cordero-hace-historia-al-quedar-campeon-en-canada\/"},"author":{"name":"Edici\u00f3n Web","@id":"https:\/\/canal7slp.tv\/2025\/#\/schema\/person\/271e2b60a96e7cc9d9ac296f4d7e414b"},"headline":"Ricardo Cordero hace historia al quedar campe\u00f3n en Canad\u00e1","datePublished":"2025-12-09T21:05:00+00:00","mainEntityOfPage":{"@id":"https:\/\/canal7slp.tv\/2025\/ricardo-cordero-hace-historia-al-quedar-campeon-en-canada\/"},"wordCount":197,"publisher":{"@id":"https:\/\/canal7slp.tv\/2025\/#organization"},"image":{"@id":"https:\/\/canal7slp.tv\/2025\/ricardo-cordero-hace-historia-al-quedar-campeon-en-canada\/#primaryimage"},"thumbnailUrl":"https:\/\/canal7slp.tv\/2025\/wp-content\/uploads\/2025\/12\/Froi01Rally-1.jpg","articleSection":["DEPORTES","DESTACADAS"],"inLanguage":"es"},{"@type":"WebPage","@id":"https:\/\/canal7slp.tv\/2025\/ricardo-cordero-hace-historia-al-quedar-campeon-en-canada\/","url":"https:\/\/canal7slp.tv\/2025\/ricardo-cordero-hace-historia-al-quedar-campeon-en-canada\/","name":"Ricardo Cordero hace historia al quedar campe\u00f3n en Canad\u00e1 - Canal 7 SLP - 2025","isPartOf":{"@id":"https:\/\/canal7slp.tv\/2025\/#website"},"primaryImageOfPage":{"@id":"https:\/\/canal7slp.tv\/2025\/ricardo-cordero-hace-historia-al-quedar-campeon-en-canada\/#primaryimage"},"image":{"@id":"https:\/\/canal7slp.tv\/2025\/ricardo-cordero-hace-historia-al-quedar-campeon-en-canada\/#primaryimage"},"thumbnailUrl":"https:\/\/canal7slp.tv\/2025\/wp-content\/uploads\/2025\/12\/Froi01Rally-1.jpg","datePublished":"2025-12-09T21:05:00+00:00","breadcrumb":{"@id":"https:\/\/canal7slp.tv\/2025\/ricardo-cordero-hace-historia-al-quedar-campeon-en-canada\/#breadcrumb"},"inLanguage":"es","potentialAction":[{"@type":"ReadAction","target":["https:\/\/canal7slp.tv\/2025\/ricardo-cordero-hace-historia-al-quedar-campeon-en-canada\/"]}]},{"@type":"ImageObject","inLanguage":"es","@id":"https:\/\/canal7slp.tv\/2025\/ricardo-cordero-hace-historia-al-quedar-campeon-en-canada\/#primaryimage","url":"https:\/\/canal7slp.tv\/2025\/wp-content\/uploads\/2025\/12\/Froi01Rally-1.jpg","contentUrl":"https:\/\/canal7slp.tv\/2025\/wp-content\/uploads\/2025\/12\/Froi01Rally-1.jpg","width":1280,"height":720},{"@type":"BreadcrumbList","@id":"https:\/\/canal7slp.tv\/2025\/ricardo-cordero-hace-historia-al-quedar-campeon-en-canada\/#breadcrumb","itemListElement":[{"@type":"ListItem","position":1,"name":"Portada","item":"https:\/\/canal7slp.tv\/2025\/"},{"@type":"ListItem","position":2,"name":"Ricardo Cordero hace historia al quedar campe\u00f3n en Canad\u00e1"}]},{"@type":"WebSite","@id":"https:\/\/canal7slp.tv\/2025\/#website","url":"https:\/\/canal7slp.tv\/2025\/","name":"N7 - Noticieros Canal 7","description":"Somos el Medio","publisher":{"@id":"https:\/\/canal7slp.tv\/2025\/#organization"},"potentialAction":[{"@type":"SearchAction","target":{"@type":"EntryPoint","urlTemplate":"https:\/\/canal7slp.tv\/2025\/?s={search_term_string}"},"query-input":{"@type":"PropertyValueSpecification","valueRequired":true,"valueName":"search_term_string"}}],"inLanguage":"es"},{"@type":"Organization","@id":"https:\/\/canal7slp.tv\/2025\/#organization","name":"Noticieros Canal 7","url":"https:\/\/canal7slp.tv\/2025\/","logo":{"@type":"ImageObject","inLanguage":"es","@id":"https:\/\/canal7slp.tv\/2025\/#\/schema\/logo\/image\/","url":"https:\/\/canal7slp.tv\/2025\/wp-content\/uploads\/2021\/01\/logo-noticieros@2x.png","contentUrl":"https:\/\/canal7slp.tv\/2025\/wp-content\/uploads\/2021\/01\/logo-noticieros@2x.png","width":1017,"height":268,"caption":"Noticieros Canal 7"},"image":{"@id":"https:\/\/canal7slp.tv\/2025\/#\/schema\/logo\/image\/"},"sameAs":["https:\/\/www.facebook.com\/noticieroscanal7atencionciudadana\/","https:\/\/x.com\/NOTICIEROS7","https:\/\/www.instagram.com\/canal7_slp","https:\/\/www.youtube.com\/channel\/UCliiYs-gP3JfJeqdPrNdd5A"]},{"@type":"Person","@id":"https:\/\/canal7slp.tv\/2025\/#\/schema\/person\/271e2b60a96e7cc9d9ac296f4d7e414b","name":"Edici\u00f3n Web","image":{"@type":"ImageObject","inLanguage":"es","@id":"https:\/\/secure.gravatar.com\/avatar\/eee448fc3f7164808013b816ba91ac7e43bbe82a70bebac296f8bc6f0addaa1a?s=96&d=mm&r=g","url":"https:\/\/secure.gravatar.com\/avatar\/eee448fc3f7164808013b816ba91ac7e43bbe82a70bebac296f8bc6f0addaa1a?s=96&d=mm&r=g","contentUrl":"https:\/\/secure.gravatar.com\/avatar\/eee448fc3f7164808013b816ba91ac7e43bbe82a70bebac296f8bc6f0addaa1a?s=96&d=mm&r=g","caption":"Edici\u00f3n Web"},"url":"https:\/\/canal7slp.tv\/2025\/author\/edicionweb\/"}]}},"_links":{"self":[{"href":"https:\/\/canal7slp.tv\/2025\/wp-json\/wp\/v2\/posts\/187361","targetHints":{"allow":["GET"]}}],"collection":[{"href":"https:\/\/canal7slp.tv\/2025\/wp-json\/wp\/v2\/posts"}],"about":[{"href":"https:\/\/canal7slp.tv\/2025\/wp-json\/wp\/v2\/types\/post"}],"author":[{"embeddable":true,"href":"https:\/\/canal7slp.tv\/2025\/wp-json\/wp\/v2\/users\/2"}],"replies":[{"embeddable":true,"href":"https:\/\/canal7slp.tv\/2025\/wp-json\/wp\/v2\/comments?post=187361"}],"version-history":[{"count":2,"href":"https:\/\/canal7slp.tv\/2025\/wp-json\/wp\/v2\/posts\/187361\/revisions"}],"predecessor-version":[{"id":187365,"href":"https:\/\/canal7slp.tv\/2025\/wp-json\/wp\/v2\/posts\/187361\/revisions\/187365"}],"wp:featuredmedia":[{"embeddable":true,"href":"https:\/\/canal7slp.tv\/2025\/wp-json\/wp\/v2\/media\/187363"}],"wp:attachment":[{"href":"https:\/\/canal7slp.tv\/2025\/wp-json\/wp\/v2\/media?parent=187361"}],"wp:term":[{"taxonomy":"category","embeddable":true,"href":"https:\/\/canal7slp.tv\/2025\/wp-json\/wp\/v2\/categories?post=187361"},{"taxonomy":"post_tag","embeddable":true,"href":"https:\/\/canal7slp.tv\/2025\/wp-json\/wp\/v2\/tags?post=187361"}],"curies":[{"name":"wp","href":"https:\/\/api.w.org\/{rel}","templated":true}]}}