{"id":187356,"date":"2025-12-09T14:23:07","date_gmt":"2025-12-09T20:23:07","guid":{"rendered":"https:\/\/canal7slp.tv\/2025\/?p=187356"},"modified":"2025-12-09T14:23:07","modified_gmt":"2025-12-09T20:23:07","slug":"subsecretario-de-seguridad-de-colima-resulta-herido-durante-ataque-armado","status":"publish","type":"post","link":"https:\/\/canal7slp.tv\/2025\/subsecretario-de-seguridad-de-colima-resulta-herido-durante-ataque-armado\/","title":{"rendered":"Subsecretario de seguridad de Colima resulta herido durante ataque armado"},"content":{"rendered":"<p style=\"text-align: justify;\">Colima.- El subsecretario de Operaciones de la Secretar\u00eda de Seguridad P\u00fablica de Colima, Heriberto Morent\u00edn Ram\u00edrez, fue herido la ma\u00f1ana de este martes durante un ataque a tiros en la zona norte de la capital.<\/p>\n<p style=\"text-align: justify;\">El funcionario viajaba en una camioneta blanca sobre la avenida Ignacio Sandoval cuando individuos armados dispararon en al menos seis ocasiones contra el veh\u00edculo.<\/p>\n<p style=\"text-align: justify;\">El atentado ocurri\u00f3 poco despu\u00e9s de las 7:00 horas.<\/p>\n<p style=\"text-align: justify;\">Tras solicitar apoyo, Morent\u00edn Ram\u00edrez fue trasladado a un hospital, donde permanece bajo atenci\u00f3n m\u00e9dica y en condici\u00f3n estable, inform\u00f3 la Mesa de Coordinaci\u00f3n Estatal para la Construcci\u00f3n de Paz y Seguridad.<\/p>\n<p style=\"text-align: justify;\">Corporaciones de seguridad desplegaron un operativo en el \u00e1rea para resguardar la escena y recopilar evidencias.<\/p>\n<p style=\"text-align: justify;\">La Fiscal\u00eda General del Estado asumi\u00f3 la investigaci\u00f3n y ya trabaja en la identificaci\u00f3n de los responsables.<\/p>\n<p style=\"text-align: justify;\">En un comunicado, el gobierno estatal conden\u00f3 el ataque, expres\u00f3 su solidaridad hacia el funcionario y su familia, y asegur\u00f3 que colaborar\u00e1 plenamente con la FGE para esclarecer los hechos.<\/p>\n","protected":false},"excerpt":{"rendered":"<p>Colima.- El subsecretario de Operaciones de la Secretar\u00eda de Seguridad P\u00fablica de Colima, Heriberto Morent\u00edn Ram\u00edrez, fue herido la ma\u00f1ana de este martes durante un ataque a tiros en la zona norte de la capital. El funcionario viajaba en una camioneta blanca sobre la avenida Ignacio Sandoval cuando individuos armados dispararon en al menos seis ocasiones contra el veh\u00edculo. El atentado ocurri\u00f3 poco despu\u00e9s de las 7:00 horas. Tras solicitar apoyo, Morent\u00edn Ram\u00edrez fue trasladado a un hospital, donde permanece bajo atenci\u00f3n m\u00e9dica y en condici\u00f3n estable, inform\u00f3 la Mesa de Coordinaci\u00f3n Estatal para la Construcci\u00f3n de Paz y Seguridad. [&hellip;]<\/p>\n","protected":false},"author":2,"featured_media":187352,"comment_status":"closed","ping_status":"closed","sticky":false,"template":"","format":"standard","meta":{"_monsterinsights_skip_tracking":false,"_monsterinsights_sitenote_active":false,"_monsterinsights_sitenote_note":"","_monsterinsights_sitenote_category":0,"footnotes":""},"categories":[46],"tags":[],"class_list":["post-187356","post","type-post","status-publish","format-standard","has-post-thumbnail","hentry","category-nacional","post--single"],"yoast_head":"<!-- This site is optimized with the Yoast SEO plugin v27.4 - https:\/\/yoast.com\/product\/yoast-seo-wordpress\/ -->\n<title>Subsecretario de seguridad de Colima resulta herido durante ataque armado - Canal 7 SLP - 2025<\/title>\n<meta name=\"robots\" content=\"index, follow, max-snippet:-1, max-image-preview:large, max-video-preview:-1\" \/>\n<link rel=\"canonical\" href=\"https:\/\/canal7slp.tv\/2025\/subsecretario-de-seguridad-de-colima-resulta-herido-durante-ataque-armado\/\" \/>\n<meta property=\"og:locale\" content=\"es_ES\" \/>\n<meta property=\"og:type\" content=\"article\" \/>\n<meta property=\"og:title\" content=\"Subsecretario de seguridad de Colima resulta herido durante ataque armado - Canal 7 SLP - 2025\" \/>\n<meta property=\"og:description\" content=\"Colima.- El subsecretario de Operaciones de la Secretar\u00eda de Seguridad P\u00fablica de Colima, Heriberto Morent\u00edn Ram\u00edrez, fue herido la ma\u00f1ana de este martes durante un ataque a tiros en la zona norte de la capital. El funcionario viajaba en una camioneta blanca sobre la avenida Ignacio Sandoval cuando individuos armados dispararon en al menos seis ocasiones contra el veh\u00edculo. El atentado ocurri\u00f3 poco despu\u00e9s de las 7:00 horas. Tras solicitar apoyo, Morent\u00edn Ram\u00edrez fue trasladado a un hospital, donde permanece bajo atenci\u00f3n m\u00e9dica y en condici\u00f3n estable, inform\u00f3 la Mesa de Coordinaci\u00f3n Estatal para la Construcci\u00f3n de Paz y Seguridad. [&hellip;]\" \/>\n<meta property=\"og:url\" content=\"https:\/\/canal7slp.tv\/2025\/subsecretario-de-seguridad-de-colima-resulta-herido-durante-ataque-armado\/\" \/>\n<meta property=\"og:site_name\" content=\"Canal 7 SLP - 2025\" \/>\n<meta property=\"article:publisher\" content=\"https:\/\/www.facebook.com\/noticieroscanal7atencionciudadana\/\" \/>\n<meta property=\"article:published_time\" content=\"2025-12-09T20:23:07+00:00\" \/>\n<meta property=\"og:image\" content=\"https:\/\/canal7slp.tv\/2025\/wp-content\/uploads\/2025\/12\/04-8.jpg\" \/>\n\t<meta property=\"og:image:width\" content=\"750\" \/>\n\t<meta property=\"og:image:height\" content=\"500\" \/>\n\t<meta property=\"og:image:type\" content=\"image\/jpeg\" \/>\n<meta name=\"author\" content=\"Edici\u00f3n Web\" \/>\n<meta name=\"twitter:card\" content=\"summary_large_image\" \/>\n<meta name=\"twitter:creator\" content=\"@NOTICIEROS7\" \/>\n<meta name=\"twitter:site\" content=\"@NOTICIEROS7\" \/>\n<meta name=\"twitter:label1\" content=\"Escrito por\" \/>\n\t<meta name=\"twitter:data1\" content=\"Edici\u00f3n Web\" \/>\n\t<meta name=\"twitter:label2\" content=\"Tiempo de lectura\" \/>\n\t<meta name=\"twitter:data2\" content=\"1 minuto\" \/>\n<script type=\"application\/ld+json\" class=\"yoast-schema-graph\">{\"@context\":\"https:\\\/\\\/schema.org\",\"@graph\":[{\"@type\":\"Article\",\"@id\":\"https:\\\/\\\/canal7slp.tv\\\/2025\\\/subsecretario-de-seguridad-de-colima-resulta-herido-durante-ataque-armado\\\/#article\",\"isPartOf\":{\"@id\":\"https:\\\/\\\/canal7slp.tv\\\/2025\\\/subsecretario-de-seguridad-de-colima-resulta-herido-durante-ataque-armado\\\/\"},\"author\":{\"name\":\"Edici\u00f3n Web\",\"@id\":\"https:\\\/\\\/canal7slp.tv\\\/2025\\\/#\\\/schema\\\/person\\\/271e2b60a96e7cc9d9ac296f4d7e414b\"},\"headline\":\"Subsecretario de seguridad de Colima resulta herido durante ataque armado\",\"datePublished\":\"2025-12-09T20:23:07+00:00\",\"mainEntityOfPage\":{\"@id\":\"https:\\\/\\\/canal7slp.tv\\\/2025\\\/subsecretario-de-seguridad-de-colima-resulta-herido-durante-ataque-armado\\\/\"},\"wordCount\":190,\"publisher\":{\"@id\":\"https:\\\/\\\/canal7slp.tv\\\/2025\\\/#organization\"},\"image\":{\"@id\":\"https:\\\/\\\/canal7slp.tv\\\/2025\\\/subsecretario-de-seguridad-de-colima-resulta-herido-durante-ataque-armado\\\/#primaryimage\"},\"thumbnailUrl\":\"https:\\\/\\\/canal7slp.tv\\\/2025\\\/wp-content\\\/uploads\\\/2025\\\/12\\\/04-8.jpg\",\"articleSection\":[\"NACIONALES\"],\"inLanguage\":\"es\"},{\"@type\":\"WebPage\",\"@id\":\"https:\\\/\\\/canal7slp.tv\\\/2025\\\/subsecretario-de-seguridad-de-colima-resulta-herido-durante-ataque-armado\\\/\",\"url\":\"https:\\\/\\\/canal7slp.tv\\\/2025\\\/subsecretario-de-seguridad-de-colima-resulta-herido-durante-ataque-armado\\\/\",\"name\":\"Subsecretario de seguridad de Colima resulta herido durante ataque armado - Canal 7 SLP - 2025\",\"isPartOf\":{\"@id\":\"https:\\\/\\\/canal7slp.tv\\\/2025\\\/#website\"},\"primaryImageOfPage\":{\"@id\":\"https:\\\/\\\/canal7slp.tv\\\/2025\\\/subsecretario-de-seguridad-de-colima-resulta-herido-durante-ataque-armado\\\/#primaryimage\"},\"image\":{\"@id\":\"https:\\\/\\\/canal7slp.tv\\\/2025\\\/subsecretario-de-seguridad-de-colima-resulta-herido-durante-ataque-armado\\\/#primaryimage\"},\"thumbnailUrl\":\"https:\\\/\\\/canal7slp.tv\\\/2025\\\/wp-content\\\/uploads\\\/2025\\\/12\\\/04-8.jpg\",\"datePublished\":\"2025-12-09T20:23:07+00:00\",\"breadcrumb\":{\"@id\":\"https:\\\/\\\/canal7slp.tv\\\/2025\\\/subsecretario-de-seguridad-de-colima-resulta-herido-durante-ataque-armado\\\/#breadcrumb\"},\"inLanguage\":\"es\",\"potentialAction\":[{\"@type\":\"ReadAction\",\"target\":[\"https:\\\/\\\/canal7slp.tv\\\/2025\\\/subsecretario-de-seguridad-de-colima-resulta-herido-durante-ataque-armado\\\/\"]}]},{\"@type\":\"ImageObject\",\"inLanguage\":\"es\",\"@id\":\"https:\\\/\\\/canal7slp.tv\\\/2025\\\/subsecretario-de-seguridad-de-colima-resulta-herido-durante-ataque-armado\\\/#primaryimage\",\"url\":\"https:\\\/\\\/canal7slp.tv\\\/2025\\\/wp-content\\\/uploads\\\/2025\\\/12\\\/04-8.jpg\",\"contentUrl\":\"https:\\\/\\\/canal7slp.tv\\\/2025\\\/wp-content\\\/uploads\\\/2025\\\/12\\\/04-8.jpg\",\"width\":750,\"height\":500},{\"@type\":\"BreadcrumbList\",\"@id\":\"https:\\\/\\\/canal7slp.tv\\\/2025\\\/subsecretario-de-seguridad-de-colima-resulta-herido-durante-ataque-armado\\\/#breadcrumb\",\"itemListElement\":[{\"@type\":\"ListItem\",\"position\":1,\"name\":\"Portada\",\"item\":\"https:\\\/\\\/canal7slp.tv\\\/2025\\\/\"},{\"@type\":\"ListItem\",\"position\":2,\"name\":\"Subsecretario de seguridad de Colima resulta herido durante ataque armado\"}]},{\"@type\":\"WebSite\",\"@id\":\"https:\\\/\\\/canal7slp.tv\\\/2025\\\/#website\",\"url\":\"https:\\\/\\\/canal7slp.tv\\\/2025\\\/\",\"name\":\"N7 - Noticieros Canal 7\",\"description\":\"Somos el Medio\",\"publisher\":{\"@id\":\"https:\\\/\\\/canal7slp.tv\\\/2025\\\/#organization\"},\"potentialAction\":[{\"@type\":\"SearchAction\",\"target\":{\"@type\":\"EntryPoint\",\"urlTemplate\":\"https:\\\/\\\/canal7slp.tv\\\/2025\\\/?s={search_term_string}\"},\"query-input\":{\"@type\":\"PropertyValueSpecification\",\"valueRequired\":true,\"valueName\":\"search_term_string\"}}],\"inLanguage\":\"es\"},{\"@type\":\"Organization\",\"@id\":\"https:\\\/\\\/canal7slp.tv\\\/2025\\\/#organization\",\"name\":\"Noticieros Canal 7\",\"url\":\"https:\\\/\\\/canal7slp.tv\\\/2025\\\/\",\"logo\":{\"@type\":\"ImageObject\",\"inLanguage\":\"es\",\"@id\":\"https:\\\/\\\/canal7slp.tv\\\/2025\\\/#\\\/schema\\\/logo\\\/image\\\/\",\"url\":\"https:\\\/\\\/canal7slp.tv\\\/2025\\\/wp-content\\\/uploads\\\/2021\\\/01\\\/logo-noticieros@2x.png\",\"contentUrl\":\"https:\\\/\\\/canal7slp.tv\\\/2025\\\/wp-content\\\/uploads\\\/2021\\\/01\\\/logo-noticieros@2x.png\",\"width\":1017,\"height\":268,\"caption\":\"Noticieros Canal 7\"},\"image\":{\"@id\":\"https:\\\/\\\/canal7slp.tv\\\/2025\\\/#\\\/schema\\\/logo\\\/image\\\/\"},\"sameAs\":[\"https:\\\/\\\/www.facebook.com\\\/noticieroscanal7atencionciudadana\\\/\",\"https:\\\/\\\/x.com\\\/NOTICIEROS7\",\"https:\\\/\\\/www.instagram.com\\\/canal7_slp\",\"https:\\\/\\\/www.youtube.com\\\/channel\\\/UCliiYs-gP3JfJeqdPrNdd5A\"]},{\"@type\":\"Person\",\"@id\":\"https:\\\/\\\/canal7slp.tv\\\/2025\\\/#\\\/schema\\\/person\\\/271e2b60a96e7cc9d9ac296f4d7e414b\",\"name\":\"Edici\u00f3n Web\",\"image\":{\"@type\":\"ImageObject\",\"inLanguage\":\"es\",\"@id\":\"https:\\\/\\\/secure.gravatar.com\\\/avatar\\\/eee448fc3f7164808013b816ba91ac7e43bbe82a70bebac296f8bc6f0addaa1a?s=96&d=mm&r=g\",\"url\":\"https:\\\/\\\/secure.gravatar.com\\\/avatar\\\/eee448fc3f7164808013b816ba91ac7e43bbe82a70bebac296f8bc6f0addaa1a?s=96&d=mm&r=g\",\"contentUrl\":\"https:\\\/\\\/secure.gravatar.com\\\/avatar\\\/eee448fc3f7164808013b816ba91ac7e43bbe82a70bebac296f8bc6f0addaa1a?s=96&d=mm&r=g\",\"caption\":\"Edici\u00f3n Web\"},\"url\":\"https:\\\/\\\/canal7slp.tv\\\/2025\\\/author\\\/edicionweb\\\/\"}]}<\/script>\n<!-- \/ Yoast SEO plugin. -->","yoast_head_json":{"title":"Subsecretario de seguridad de Colima resulta herido durante ataque armado - Canal 7 SLP - 2025","robots":{"index":"index","follow":"follow","max-snippet":"max-snippet:-1","max-image-preview":"max-image-preview:large","max-video-preview":"max-video-preview:-1"},"canonical":"https:\/\/canal7slp.tv\/2025\/subsecretario-de-seguridad-de-colima-resulta-herido-durante-ataque-armado\/","og_locale":"es_ES","og_type":"article","og_title":"Subsecretario de seguridad de Colima resulta herido durante ataque armado - Canal 7 SLP - 2025","og_description":"Colima.- El subsecretario de Operaciones de la Secretar\u00eda de Seguridad P\u00fablica de Colima, Heriberto Morent\u00edn Ram\u00edrez, fue herido la ma\u00f1ana de este martes durante un ataque a tiros en la zona norte de la capital. El funcionario viajaba en una camioneta blanca sobre la avenida Ignacio Sandoval cuando individuos armados dispararon en al menos seis ocasiones contra el veh\u00edculo. El atentado ocurri\u00f3 poco despu\u00e9s de las 7:00 horas. Tras solicitar apoyo, Morent\u00edn Ram\u00edrez fue trasladado a un hospital, donde permanece bajo atenci\u00f3n m\u00e9dica y en condici\u00f3n estable, inform\u00f3 la Mesa de Coordinaci\u00f3n Estatal para la Construcci\u00f3n de Paz y Seguridad. [&hellip;]","og_url":"https:\/\/canal7slp.tv\/2025\/subsecretario-de-seguridad-de-colima-resulta-herido-durante-ataque-armado\/","og_site_name":"Canal 7 SLP - 2025","article_publisher":"https:\/\/www.facebook.com\/noticieroscanal7atencionciudadana\/","article_published_time":"2025-12-09T20:23:07+00:00","og_image":[{"width":750,"height":500,"url":"https:\/\/canal7slp.tv\/2025\/wp-content\/uploads\/2025\/12\/04-8.jpg","type":"image\/jpeg"}],"author":"Edici\u00f3n Web","twitter_card":"summary_large_image","twitter_creator":"@NOTICIEROS7","twitter_site":"@NOTICIEROS7","twitter_misc":{"Escrito por":"Edici\u00f3n Web","Tiempo de lectura":"1 minuto"},"schema":{"@context":"https:\/\/schema.org","@graph":[{"@type":"Article","@id":"https:\/\/canal7slp.tv\/2025\/subsecretario-de-seguridad-de-colima-resulta-herido-durante-ataque-armado\/#article","isPartOf":{"@id":"https:\/\/canal7slp.tv\/2025\/subsecretario-de-seguridad-de-colima-resulta-herido-durante-ataque-armado\/"},"author":{"name":"Edici\u00f3n Web","@id":"https:\/\/canal7slp.tv\/2025\/#\/schema\/person\/271e2b60a96e7cc9d9ac296f4d7e414b"},"headline":"Subsecretario de seguridad de Colima resulta herido durante ataque armado","datePublished":"2025-12-09T20:23:07+00:00","mainEntityOfPage":{"@id":"https:\/\/canal7slp.tv\/2025\/subsecretario-de-seguridad-de-colima-resulta-herido-durante-ataque-armado\/"},"wordCount":190,"publisher":{"@id":"https:\/\/canal7slp.tv\/2025\/#organization"},"image":{"@id":"https:\/\/canal7slp.tv\/2025\/subsecretario-de-seguridad-de-colima-resulta-herido-durante-ataque-armado\/#primaryimage"},"thumbnailUrl":"https:\/\/canal7slp.tv\/2025\/wp-content\/uploads\/2025\/12\/04-8.jpg","articleSection":["NACIONALES"],"inLanguage":"es"},{"@type":"WebPage","@id":"https:\/\/canal7slp.tv\/2025\/subsecretario-de-seguridad-de-colima-resulta-herido-durante-ataque-armado\/","url":"https:\/\/canal7slp.tv\/2025\/subsecretario-de-seguridad-de-colima-resulta-herido-durante-ataque-armado\/","name":"Subsecretario de seguridad de Colima resulta herido durante ataque armado - Canal 7 SLP - 2025","isPartOf":{"@id":"https:\/\/canal7slp.tv\/2025\/#website"},"primaryImageOfPage":{"@id":"https:\/\/canal7slp.tv\/2025\/subsecretario-de-seguridad-de-colima-resulta-herido-durante-ataque-armado\/#primaryimage"},"image":{"@id":"https:\/\/canal7slp.tv\/2025\/subsecretario-de-seguridad-de-colima-resulta-herido-durante-ataque-armado\/#primaryimage"},"thumbnailUrl":"https:\/\/canal7slp.tv\/2025\/wp-content\/uploads\/2025\/12\/04-8.jpg","datePublished":"2025-12-09T20:23:07+00:00","breadcrumb":{"@id":"https:\/\/canal7slp.tv\/2025\/subsecretario-de-seguridad-de-colima-resulta-herido-durante-ataque-armado\/#breadcrumb"},"inLanguage":"es","potentialAction":[{"@type":"ReadAction","target":["https:\/\/canal7slp.tv\/2025\/subsecretario-de-seguridad-de-colima-resulta-herido-durante-ataque-armado\/"]}]},{"@type":"ImageObject","inLanguage":"es","@id":"https:\/\/canal7slp.tv\/2025\/subsecretario-de-seguridad-de-colima-resulta-herido-durante-ataque-armado\/#primaryimage","url":"https:\/\/canal7slp.tv\/2025\/wp-content\/uploads\/2025\/12\/04-8.jpg","contentUrl":"https:\/\/canal7slp.tv\/2025\/wp-content\/uploads\/2025\/12\/04-8.jpg","width":750,"height":500},{"@type":"BreadcrumbList","@id":"https:\/\/canal7slp.tv\/2025\/subsecretario-de-seguridad-de-colima-resulta-herido-durante-ataque-armado\/#breadcrumb","itemListElement":[{"@type":"ListItem","position":1,"name":"Portada","item":"https:\/\/canal7slp.tv\/2025\/"},{"@type":"ListItem","position":2,"name":"Subsecretario de seguridad de Colima resulta herido durante ataque armado"}]},{"@type":"WebSite","@id":"https:\/\/canal7slp.tv\/2025\/#website","url":"https:\/\/canal7slp.tv\/2025\/","name":"N7 - Noticieros Canal 7","description":"Somos el Medio","publisher":{"@id":"https:\/\/canal7slp.tv\/2025\/#organization"},"potentialAction":[{"@type":"SearchAction","target":{"@type":"EntryPoint","urlTemplate":"https:\/\/canal7slp.tv\/2025\/?s={search_term_string}"},"query-input":{"@type":"PropertyValueSpecification","valueRequired":true,"valueName":"search_term_string"}}],"inLanguage":"es"},{"@type":"Organization","@id":"https:\/\/canal7slp.tv\/2025\/#organization","name":"Noticieros Canal 7","url":"https:\/\/canal7slp.tv\/2025\/","logo":{"@type":"ImageObject","inLanguage":"es","@id":"https:\/\/canal7slp.tv\/2025\/#\/schema\/logo\/image\/","url":"https:\/\/canal7slp.tv\/2025\/wp-content\/uploads\/2021\/01\/logo-noticieros@2x.png","contentUrl":"https:\/\/canal7slp.tv\/2025\/wp-content\/uploads\/2021\/01\/logo-noticieros@2x.png","width":1017,"height":268,"caption":"Noticieros Canal 7"},"image":{"@id":"https:\/\/canal7slp.tv\/2025\/#\/schema\/logo\/image\/"},"sameAs":["https:\/\/www.facebook.com\/noticieroscanal7atencionciudadana\/","https:\/\/x.com\/NOTICIEROS7","https:\/\/www.instagram.com\/canal7_slp","https:\/\/www.youtube.com\/channel\/UCliiYs-gP3JfJeqdPrNdd5A"]},{"@type":"Person","@id":"https:\/\/canal7slp.tv\/2025\/#\/schema\/person\/271e2b60a96e7cc9d9ac296f4d7e414b","name":"Edici\u00f3n Web","image":{"@type":"ImageObject","inLanguage":"es","@id":"https:\/\/secure.gravatar.com\/avatar\/eee448fc3f7164808013b816ba91ac7e43bbe82a70bebac296f8bc6f0addaa1a?s=96&d=mm&r=g","url":"https:\/\/secure.gravatar.com\/avatar\/eee448fc3f7164808013b816ba91ac7e43bbe82a70bebac296f8bc6f0addaa1a?s=96&d=mm&r=g","contentUrl":"https:\/\/secure.gravatar.com\/avatar\/eee448fc3f7164808013b816ba91ac7e43bbe82a70bebac296f8bc6f0addaa1a?s=96&d=mm&r=g","caption":"Edici\u00f3n Web"},"url":"https:\/\/canal7slp.tv\/2025\/author\/edicionweb\/"}]}},"_links":{"self":[{"href":"https:\/\/canal7slp.tv\/2025\/wp-json\/wp\/v2\/posts\/187356","targetHints":{"allow":["GET"]}}],"collection":[{"href":"https:\/\/canal7slp.tv\/2025\/wp-json\/wp\/v2\/posts"}],"about":[{"href":"https:\/\/canal7slp.tv\/2025\/wp-json\/wp\/v2\/types\/post"}],"author":[{"embeddable":true,"href":"https:\/\/canal7slp.tv\/2025\/wp-json\/wp\/v2\/users\/2"}],"replies":[{"embeddable":true,"href":"https:\/\/canal7slp.tv\/2025\/wp-json\/wp\/v2\/comments?post=187356"}],"version-history":[{"count":1,"href":"https:\/\/canal7slp.tv\/2025\/wp-json\/wp\/v2\/posts\/187356\/revisions"}],"predecessor-version":[{"id":187357,"href":"https:\/\/canal7slp.tv\/2025\/wp-json\/wp\/v2\/posts\/187356\/revisions\/187357"}],"wp:featuredmedia":[{"embeddable":true,"href":"https:\/\/canal7slp.tv\/2025\/wp-json\/wp\/v2\/media\/187352"}],"wp:attachment":[{"href":"https:\/\/canal7slp.tv\/2025\/wp-json\/wp\/v2\/media?parent=187356"}],"wp:term":[{"taxonomy":"category","embeddable":true,"href":"https:\/\/canal7slp.tv\/2025\/wp-json\/wp\/v2\/categories?post=187356"},{"taxonomy":"post_tag","embeddable":true,"href":"https:\/\/canal7slp.tv\/2025\/wp-json\/wp\/v2\/tags?post=187356"}],"curies":[{"name":"wp","href":"https:\/\/api.w.org\/{rel}","templated":true}]}}