{"id":187273,"date":"2025-12-08T16:05:09","date_gmt":"2025-12-08T22:05:09","guid":{"rendered":"https:\/\/canal7slp.tv\/2025\/?p=187273"},"modified":"2025-12-09T19:51:07","modified_gmt":"2025-12-10T01:51:07","slug":"explosion-con-moto-bomba-en-colombia-deja-al-menos-15-heridos","status":"publish","type":"post","link":"https:\/\/canal7slp.tv\/2025\/explosion-con-moto-bomba-en-colombia-deja-al-menos-15-heridos\/","title":{"rendered":"Explosi\u00f3n con moto-bomba en Colombia deja al menos 15 heridos"},"content":{"rendered":"<p style=\"text-align: justify;\">Cauca.- Una explosi\u00f3n provocada por una motocicleta cargada con explosivos dej\u00f3 al menos 15 personas heridas en el municipio de Balboa, en el departamento colombiano del Cauca.<\/p>\n<p style=\"text-align: justify;\">El estallido ocurri\u00f3 la noche del s\u00e1bado frente a la estaci\u00f3n de polic\u00eda local y, seg\u00fan las autoridades, fue ejecutado por las disidencias del Estado Mayor Central (EMC).<\/p>\n<p style=\"text-align: justify;\">La Defensor\u00eda del Pueblo se\u00f1al\u00f3 que el ataque constituye una violaci\u00f3n al derecho internacional humanitario, pues impact\u00f3 de manera indiscriminada a la poblaci\u00f3n civil y da\u00f1\u00f3 instalaciones p\u00fablicas y comercios cercanos, incluida la alcald\u00eda, establecimientos locales, una cooperativa cafetera y parte del sistema el\u00e9ctrico.<\/p>\n<p style=\"text-align: justify;\">El organismo record\u00f3 que Balboa y el vecino municipio de Pat\u00eda conforman una zona donde confluyen cultivos de coca y miner\u00eda ilegal, disputada por distintos grupos armados.<\/p>\n<p style=\"text-align: justify;\">La secretaria de Salud del Cauca, Carolina Camargo, inform\u00f3 que la cifra de heridos aument\u00f3 con el paso de las horas, enviando a varios de los lesionados a hospitales de mayor capacidad fuera del municipio debido a la gravedad de sus heridas.<\/p>\n<p style=\"text-align: justify;\">El presidente de Colombia, Gustavo Petro, conden\u00f3 el hecho calific\u00e1ndolo como un acto de terrorismo y retom\u00f3 el t\u00e9rmino \u201cnarcoterrorismo\u201d empleado por el presidente de Estados Unidos, Donald Trump, para asociar la violencia armada con las econom\u00edas il\u00edcitas.<\/p>\n<p style=\"text-align: justify;\">Petro anunci\u00f3 que llevar\u00e1 una acusaci\u00f3n contra N\u00e9stor Gregorio Vera, alias Iv\u00e1n Mordisco y se\u00f1alado l\u00edder del EMC, ante la Corte Penal Internacional. En paralelo, el Ministerio de Defensa ofreci\u00f3 una recompensa cercana a los 56 mil d\u00f3lares por informaci\u00f3n que permita ubicar a los responsables.<\/p>\n<p style=\"text-align: justify;\">La defensora del Pueblo, Iris Mar\u00edn, expres\u00f3 solidaridad con los afectados e hizo un llamado a los grupos armados que operan en la regi\u00f3n para que abandonen las actividades ilegales, pongan fin a la violencia y garanticen el derecho de la poblaci\u00f3n a vivir en paz.<\/p>\n","protected":false},"excerpt":{"rendered":"<p>Cauca.- Una explosi\u00f3n provocada por una motocicleta cargada con explosivos dej\u00f3 al menos 15 personas heridas en el municipio de Balboa, en el departamento colombiano del Cauca. El estallido ocurri\u00f3 la noche del s\u00e1bado frente a la estaci\u00f3n de polic\u00eda local y, seg\u00fan las autoridades, fue ejecutado por las disidencias del Estado Mayor Central (EMC). La Defensor\u00eda del Pueblo se\u00f1al\u00f3 que el ataque constituye una violaci\u00f3n al derecho internacional humanitario, pues impact\u00f3 de manera indiscriminada a la poblaci\u00f3n civil y da\u00f1\u00f3 instalaciones p\u00fablicas y comercios cercanos, incluida la alcald\u00eda, establecimientos locales, una cooperativa cafetera y parte del sistema el\u00e9ctrico. El [&hellip;]<\/p>\n","protected":false},"author":2,"featured_media":187274,"comment_status":"closed","ping_status":"closed","sticky":false,"template":"","format":"standard","meta":{"_monsterinsights_skip_tracking":false,"_monsterinsights_sitenote_active":false,"_monsterinsights_sitenote_note":"","_monsterinsights_sitenote_category":0,"footnotes":""},"categories":[44],"tags":[],"class_list":["post-187273","post","type-post","status-publish","format-standard","has-post-thumbnail","hentry","category-internacional","post--single"],"yoast_head":"<!-- This site is optimized with the Yoast SEO plugin v27.4 - https:\/\/yoast.com\/product\/yoast-seo-wordpress\/ -->\n<title>Explosi\u00f3n con moto-bomba en Colombia deja al menos 15 heridos - Canal 7 SLP - 2025<\/title>\n<meta name=\"robots\" content=\"index, follow, max-snippet:-1, max-image-preview:large, max-video-preview:-1\" \/>\n<link rel=\"canonical\" href=\"https:\/\/canal7slp.tv\/2025\/explosion-con-moto-bomba-en-colombia-deja-al-menos-15-heridos\/\" \/>\n<meta property=\"og:locale\" content=\"es_ES\" \/>\n<meta property=\"og:type\" content=\"article\" \/>\n<meta property=\"og:title\" content=\"Explosi\u00f3n con moto-bomba en Colombia deja al menos 15 heridos - Canal 7 SLP - 2025\" \/>\n<meta property=\"og:description\" content=\"Cauca.- Una explosi\u00f3n provocada por una motocicleta cargada con explosivos dej\u00f3 al menos 15 personas heridas en el municipio de Balboa, en el departamento colombiano del Cauca. El estallido ocurri\u00f3 la noche del s\u00e1bado frente a la estaci\u00f3n de polic\u00eda local y, seg\u00fan las autoridades, fue ejecutado por las disidencias del Estado Mayor Central (EMC). La Defensor\u00eda del Pueblo se\u00f1al\u00f3 que el ataque constituye una violaci\u00f3n al derecho internacional humanitario, pues impact\u00f3 de manera indiscriminada a la poblaci\u00f3n civil y da\u00f1\u00f3 instalaciones p\u00fablicas y comercios cercanos, incluida la alcald\u00eda, establecimientos locales, una cooperativa cafetera y parte del sistema el\u00e9ctrico. El [&hellip;]\" \/>\n<meta property=\"og:url\" content=\"https:\/\/canal7slp.tv\/2025\/explosion-con-moto-bomba-en-colombia-deja-al-menos-15-heridos\/\" \/>\n<meta property=\"og:site_name\" content=\"Canal 7 SLP - 2025\" \/>\n<meta property=\"article:publisher\" content=\"https:\/\/www.facebook.com\/noticieroscanal7atencionciudadana\/\" \/>\n<meta property=\"article:published_time\" content=\"2025-12-08T22:05:09+00:00\" \/>\n<meta property=\"article:modified_time\" content=\"2025-12-10T01:51:07+00:00\" \/>\n<meta property=\"og:image\" content=\"https:\/\/canal7slp.tv\/2025\/wp-content\/uploads\/2025\/12\/07-8.jpg\" \/>\n\t<meta property=\"og:image:width\" content=\"690\" \/>\n\t<meta property=\"og:image:height\" content=\"500\" \/>\n\t<meta property=\"og:image:type\" content=\"image\/jpeg\" \/>\n<meta name=\"author\" content=\"Edici\u00f3n Web\" \/>\n<meta name=\"twitter:card\" content=\"summary_large_image\" \/>\n<meta name=\"twitter:creator\" content=\"@NOTICIEROS7\" \/>\n<meta name=\"twitter:site\" content=\"@NOTICIEROS7\" \/>\n<meta name=\"twitter:label1\" content=\"Escrito por\" \/>\n\t<meta name=\"twitter:data1\" content=\"Edici\u00f3n Web\" \/>\n\t<meta name=\"twitter:label2\" content=\"Tiempo de lectura\" \/>\n\t<meta name=\"twitter:data2\" content=\"2 minutos\" \/>\n<script type=\"application\/ld+json\" class=\"yoast-schema-graph\">{\"@context\":\"https:\\\/\\\/schema.org\",\"@graph\":[{\"@type\":\"Article\",\"@id\":\"https:\\\/\\\/canal7slp.tv\\\/2025\\\/explosion-con-moto-bomba-en-colombia-deja-al-menos-15-heridos\\\/#article\",\"isPartOf\":{\"@id\":\"https:\\\/\\\/canal7slp.tv\\\/2025\\\/explosion-con-moto-bomba-en-colombia-deja-al-menos-15-heridos\\\/\"},\"author\":{\"name\":\"Edici\u00f3n Web\",\"@id\":\"https:\\\/\\\/canal7slp.tv\\\/2025\\\/#\\\/schema\\\/person\\\/271e2b60a96e7cc9d9ac296f4d7e414b\"},\"headline\":\"Explosi\u00f3n con moto-bomba en Colombia deja al menos 15 heridos\",\"datePublished\":\"2025-12-08T22:05:09+00:00\",\"dateModified\":\"2025-12-10T01:51:07+00:00\",\"mainEntityOfPage\":{\"@id\":\"https:\\\/\\\/canal7slp.tv\\\/2025\\\/explosion-con-moto-bomba-en-colombia-deja-al-menos-15-heridos\\\/\"},\"wordCount\":335,\"publisher\":{\"@id\":\"https:\\\/\\\/canal7slp.tv\\\/2025\\\/#organization\"},\"image\":{\"@id\":\"https:\\\/\\\/canal7slp.tv\\\/2025\\\/explosion-con-moto-bomba-en-colombia-deja-al-menos-15-heridos\\\/#primaryimage\"},\"thumbnailUrl\":\"https:\\\/\\\/canal7slp.tv\\\/2025\\\/wp-content\\\/uploads\\\/2025\\\/12\\\/07-8.jpg\",\"articleSection\":[\"INTERNACIONALES\"],\"inLanguage\":\"es\"},{\"@type\":\"WebPage\",\"@id\":\"https:\\\/\\\/canal7slp.tv\\\/2025\\\/explosion-con-moto-bomba-en-colombia-deja-al-menos-15-heridos\\\/\",\"url\":\"https:\\\/\\\/canal7slp.tv\\\/2025\\\/explosion-con-moto-bomba-en-colombia-deja-al-menos-15-heridos\\\/\",\"name\":\"Explosi\u00f3n con moto-bomba en Colombia deja al menos 15 heridos - Canal 7 SLP - 2025\",\"isPartOf\":{\"@id\":\"https:\\\/\\\/canal7slp.tv\\\/2025\\\/#website\"},\"primaryImageOfPage\":{\"@id\":\"https:\\\/\\\/canal7slp.tv\\\/2025\\\/explosion-con-moto-bomba-en-colombia-deja-al-menos-15-heridos\\\/#primaryimage\"},\"image\":{\"@id\":\"https:\\\/\\\/canal7slp.tv\\\/2025\\\/explosion-con-moto-bomba-en-colombia-deja-al-menos-15-heridos\\\/#primaryimage\"},\"thumbnailUrl\":\"https:\\\/\\\/canal7slp.tv\\\/2025\\\/wp-content\\\/uploads\\\/2025\\\/12\\\/07-8.jpg\",\"datePublished\":\"2025-12-08T22:05:09+00:00\",\"dateModified\":\"2025-12-10T01:51:07+00:00\",\"breadcrumb\":{\"@id\":\"https:\\\/\\\/canal7slp.tv\\\/2025\\\/explosion-con-moto-bomba-en-colombia-deja-al-menos-15-heridos\\\/#breadcrumb\"},\"inLanguage\":\"es\",\"potentialAction\":[{\"@type\":\"ReadAction\",\"target\":[\"https:\\\/\\\/canal7slp.tv\\\/2025\\\/explosion-con-moto-bomba-en-colombia-deja-al-menos-15-heridos\\\/\"]}]},{\"@type\":\"ImageObject\",\"inLanguage\":\"es\",\"@id\":\"https:\\\/\\\/canal7slp.tv\\\/2025\\\/explosion-con-moto-bomba-en-colombia-deja-al-menos-15-heridos\\\/#primaryimage\",\"url\":\"https:\\\/\\\/canal7slp.tv\\\/2025\\\/wp-content\\\/uploads\\\/2025\\\/12\\\/07-8.jpg\",\"contentUrl\":\"https:\\\/\\\/canal7slp.tv\\\/2025\\\/wp-content\\\/uploads\\\/2025\\\/12\\\/07-8.jpg\",\"width\":690,\"height\":500},{\"@type\":\"BreadcrumbList\",\"@id\":\"https:\\\/\\\/canal7slp.tv\\\/2025\\\/explosion-con-moto-bomba-en-colombia-deja-al-menos-15-heridos\\\/#breadcrumb\",\"itemListElement\":[{\"@type\":\"ListItem\",\"position\":1,\"name\":\"Portada\",\"item\":\"https:\\\/\\\/canal7slp.tv\\\/2025\\\/\"},{\"@type\":\"ListItem\",\"position\":2,\"name\":\"Explosi\u00f3n con moto-bomba en Colombia deja al menos 15 heridos\"}]},{\"@type\":\"WebSite\",\"@id\":\"https:\\\/\\\/canal7slp.tv\\\/2025\\\/#website\",\"url\":\"https:\\\/\\\/canal7slp.tv\\\/2025\\\/\",\"name\":\"N7 - Noticieros Canal 7\",\"description\":\"Somos el Medio\",\"publisher\":{\"@id\":\"https:\\\/\\\/canal7slp.tv\\\/2025\\\/#organization\"},\"potentialAction\":[{\"@type\":\"SearchAction\",\"target\":{\"@type\":\"EntryPoint\",\"urlTemplate\":\"https:\\\/\\\/canal7slp.tv\\\/2025\\\/?s={search_term_string}\"},\"query-input\":{\"@type\":\"PropertyValueSpecification\",\"valueRequired\":true,\"valueName\":\"search_term_string\"}}],\"inLanguage\":\"es\"},{\"@type\":\"Organization\",\"@id\":\"https:\\\/\\\/canal7slp.tv\\\/2025\\\/#organization\",\"name\":\"Noticieros Canal 7\",\"url\":\"https:\\\/\\\/canal7slp.tv\\\/2025\\\/\",\"logo\":{\"@type\":\"ImageObject\",\"inLanguage\":\"es\",\"@id\":\"https:\\\/\\\/canal7slp.tv\\\/2025\\\/#\\\/schema\\\/logo\\\/image\\\/\",\"url\":\"https:\\\/\\\/canal7slp.tv\\\/2025\\\/wp-content\\\/uploads\\\/2021\\\/01\\\/logo-noticieros@2x.png\",\"contentUrl\":\"https:\\\/\\\/canal7slp.tv\\\/2025\\\/wp-content\\\/uploads\\\/2021\\\/01\\\/logo-noticieros@2x.png\",\"width\":1017,\"height\":268,\"caption\":\"Noticieros Canal 7\"},\"image\":{\"@id\":\"https:\\\/\\\/canal7slp.tv\\\/2025\\\/#\\\/schema\\\/logo\\\/image\\\/\"},\"sameAs\":[\"https:\\\/\\\/www.facebook.com\\\/noticieroscanal7atencionciudadana\\\/\",\"https:\\\/\\\/x.com\\\/NOTICIEROS7\",\"https:\\\/\\\/www.instagram.com\\\/canal7_slp\",\"https:\\\/\\\/www.youtube.com\\\/channel\\\/UCliiYs-gP3JfJeqdPrNdd5A\"]},{\"@type\":\"Person\",\"@id\":\"https:\\\/\\\/canal7slp.tv\\\/2025\\\/#\\\/schema\\\/person\\\/271e2b60a96e7cc9d9ac296f4d7e414b\",\"name\":\"Edici\u00f3n Web\",\"image\":{\"@type\":\"ImageObject\",\"inLanguage\":\"es\",\"@id\":\"https:\\\/\\\/secure.gravatar.com\\\/avatar\\\/eee448fc3f7164808013b816ba91ac7e43bbe82a70bebac296f8bc6f0addaa1a?s=96&d=mm&r=g\",\"url\":\"https:\\\/\\\/secure.gravatar.com\\\/avatar\\\/eee448fc3f7164808013b816ba91ac7e43bbe82a70bebac296f8bc6f0addaa1a?s=96&d=mm&r=g\",\"contentUrl\":\"https:\\\/\\\/secure.gravatar.com\\\/avatar\\\/eee448fc3f7164808013b816ba91ac7e43bbe82a70bebac296f8bc6f0addaa1a?s=96&d=mm&r=g\",\"caption\":\"Edici\u00f3n Web\"},\"url\":\"https:\\\/\\\/canal7slp.tv\\\/2025\\\/author\\\/edicionweb\\\/\"}]}<\/script>\n<!-- \/ Yoast SEO plugin. -->","yoast_head_json":{"title":"Explosi\u00f3n con moto-bomba en Colombia deja al menos 15 heridos - Canal 7 SLP - 2025","robots":{"index":"index","follow":"follow","max-snippet":"max-snippet:-1","max-image-preview":"max-image-preview:large","max-video-preview":"max-video-preview:-1"},"canonical":"https:\/\/canal7slp.tv\/2025\/explosion-con-moto-bomba-en-colombia-deja-al-menos-15-heridos\/","og_locale":"es_ES","og_type":"article","og_title":"Explosi\u00f3n con moto-bomba en Colombia deja al menos 15 heridos - Canal 7 SLP - 2025","og_description":"Cauca.- Una explosi\u00f3n provocada por una motocicleta cargada con explosivos dej\u00f3 al menos 15 personas heridas en el municipio de Balboa, en el departamento colombiano del Cauca. El estallido ocurri\u00f3 la noche del s\u00e1bado frente a la estaci\u00f3n de polic\u00eda local y, seg\u00fan las autoridades, fue ejecutado por las disidencias del Estado Mayor Central (EMC). La Defensor\u00eda del Pueblo se\u00f1al\u00f3 que el ataque constituye una violaci\u00f3n al derecho internacional humanitario, pues impact\u00f3 de manera indiscriminada a la poblaci\u00f3n civil y da\u00f1\u00f3 instalaciones p\u00fablicas y comercios cercanos, incluida la alcald\u00eda, establecimientos locales, una cooperativa cafetera y parte del sistema el\u00e9ctrico. El [&hellip;]","og_url":"https:\/\/canal7slp.tv\/2025\/explosion-con-moto-bomba-en-colombia-deja-al-menos-15-heridos\/","og_site_name":"Canal 7 SLP - 2025","article_publisher":"https:\/\/www.facebook.com\/noticieroscanal7atencionciudadana\/","article_published_time":"2025-12-08T22:05:09+00:00","article_modified_time":"2025-12-10T01:51:07+00:00","og_image":[{"width":690,"height":500,"url":"https:\/\/canal7slp.tv\/2025\/wp-content\/uploads\/2025\/12\/07-8.jpg","type":"image\/jpeg"}],"author":"Edici\u00f3n Web","twitter_card":"summary_large_image","twitter_creator":"@NOTICIEROS7","twitter_site":"@NOTICIEROS7","twitter_misc":{"Escrito por":"Edici\u00f3n Web","Tiempo de lectura":"2 minutos"},"schema":{"@context":"https:\/\/schema.org","@graph":[{"@type":"Article","@id":"https:\/\/canal7slp.tv\/2025\/explosion-con-moto-bomba-en-colombia-deja-al-menos-15-heridos\/#article","isPartOf":{"@id":"https:\/\/canal7slp.tv\/2025\/explosion-con-moto-bomba-en-colombia-deja-al-menos-15-heridos\/"},"author":{"name":"Edici\u00f3n Web","@id":"https:\/\/canal7slp.tv\/2025\/#\/schema\/person\/271e2b60a96e7cc9d9ac296f4d7e414b"},"headline":"Explosi\u00f3n con moto-bomba en Colombia deja al menos 15 heridos","datePublished":"2025-12-08T22:05:09+00:00","dateModified":"2025-12-10T01:51:07+00:00","mainEntityOfPage":{"@id":"https:\/\/canal7slp.tv\/2025\/explosion-con-moto-bomba-en-colombia-deja-al-menos-15-heridos\/"},"wordCount":335,"publisher":{"@id":"https:\/\/canal7slp.tv\/2025\/#organization"},"image":{"@id":"https:\/\/canal7slp.tv\/2025\/explosion-con-moto-bomba-en-colombia-deja-al-menos-15-heridos\/#primaryimage"},"thumbnailUrl":"https:\/\/canal7slp.tv\/2025\/wp-content\/uploads\/2025\/12\/07-8.jpg","articleSection":["INTERNACIONALES"],"inLanguage":"es"},{"@type":"WebPage","@id":"https:\/\/canal7slp.tv\/2025\/explosion-con-moto-bomba-en-colombia-deja-al-menos-15-heridos\/","url":"https:\/\/canal7slp.tv\/2025\/explosion-con-moto-bomba-en-colombia-deja-al-menos-15-heridos\/","name":"Explosi\u00f3n con moto-bomba en Colombia deja al menos 15 heridos - Canal 7 SLP - 2025","isPartOf":{"@id":"https:\/\/canal7slp.tv\/2025\/#website"},"primaryImageOfPage":{"@id":"https:\/\/canal7slp.tv\/2025\/explosion-con-moto-bomba-en-colombia-deja-al-menos-15-heridos\/#primaryimage"},"image":{"@id":"https:\/\/canal7slp.tv\/2025\/explosion-con-moto-bomba-en-colombia-deja-al-menos-15-heridos\/#primaryimage"},"thumbnailUrl":"https:\/\/canal7slp.tv\/2025\/wp-content\/uploads\/2025\/12\/07-8.jpg","datePublished":"2025-12-08T22:05:09+00:00","dateModified":"2025-12-10T01:51:07+00:00","breadcrumb":{"@id":"https:\/\/canal7slp.tv\/2025\/explosion-con-moto-bomba-en-colombia-deja-al-menos-15-heridos\/#breadcrumb"},"inLanguage":"es","potentialAction":[{"@type":"ReadAction","target":["https:\/\/canal7slp.tv\/2025\/explosion-con-moto-bomba-en-colombia-deja-al-menos-15-heridos\/"]}]},{"@type":"ImageObject","inLanguage":"es","@id":"https:\/\/canal7slp.tv\/2025\/explosion-con-moto-bomba-en-colombia-deja-al-menos-15-heridos\/#primaryimage","url":"https:\/\/canal7slp.tv\/2025\/wp-content\/uploads\/2025\/12\/07-8.jpg","contentUrl":"https:\/\/canal7slp.tv\/2025\/wp-content\/uploads\/2025\/12\/07-8.jpg","width":690,"height":500},{"@type":"BreadcrumbList","@id":"https:\/\/canal7slp.tv\/2025\/explosion-con-moto-bomba-en-colombia-deja-al-menos-15-heridos\/#breadcrumb","itemListElement":[{"@type":"ListItem","position":1,"name":"Portada","item":"https:\/\/canal7slp.tv\/2025\/"},{"@type":"ListItem","position":2,"name":"Explosi\u00f3n con moto-bomba en Colombia deja al menos 15 heridos"}]},{"@type":"WebSite","@id":"https:\/\/canal7slp.tv\/2025\/#website","url":"https:\/\/canal7slp.tv\/2025\/","name":"N7 - Noticieros Canal 7","description":"Somos el Medio","publisher":{"@id":"https:\/\/canal7slp.tv\/2025\/#organization"},"potentialAction":[{"@type":"SearchAction","target":{"@type":"EntryPoint","urlTemplate":"https:\/\/canal7slp.tv\/2025\/?s={search_term_string}"},"query-input":{"@type":"PropertyValueSpecification","valueRequired":true,"valueName":"search_term_string"}}],"inLanguage":"es"},{"@type":"Organization","@id":"https:\/\/canal7slp.tv\/2025\/#organization","name":"Noticieros Canal 7","url":"https:\/\/canal7slp.tv\/2025\/","logo":{"@type":"ImageObject","inLanguage":"es","@id":"https:\/\/canal7slp.tv\/2025\/#\/schema\/logo\/image\/","url":"https:\/\/canal7slp.tv\/2025\/wp-content\/uploads\/2021\/01\/logo-noticieros@2x.png","contentUrl":"https:\/\/canal7slp.tv\/2025\/wp-content\/uploads\/2021\/01\/logo-noticieros@2x.png","width":1017,"height":268,"caption":"Noticieros Canal 7"},"image":{"@id":"https:\/\/canal7slp.tv\/2025\/#\/schema\/logo\/image\/"},"sameAs":["https:\/\/www.facebook.com\/noticieroscanal7atencionciudadana\/","https:\/\/x.com\/NOTICIEROS7","https:\/\/www.instagram.com\/canal7_slp","https:\/\/www.youtube.com\/channel\/UCliiYs-gP3JfJeqdPrNdd5A"]},{"@type":"Person","@id":"https:\/\/canal7slp.tv\/2025\/#\/schema\/person\/271e2b60a96e7cc9d9ac296f4d7e414b","name":"Edici\u00f3n Web","image":{"@type":"ImageObject","inLanguage":"es","@id":"https:\/\/secure.gravatar.com\/avatar\/eee448fc3f7164808013b816ba91ac7e43bbe82a70bebac296f8bc6f0addaa1a?s=96&d=mm&r=g","url":"https:\/\/secure.gravatar.com\/avatar\/eee448fc3f7164808013b816ba91ac7e43bbe82a70bebac296f8bc6f0addaa1a?s=96&d=mm&r=g","contentUrl":"https:\/\/secure.gravatar.com\/avatar\/eee448fc3f7164808013b816ba91ac7e43bbe82a70bebac296f8bc6f0addaa1a?s=96&d=mm&r=g","caption":"Edici\u00f3n Web"},"url":"https:\/\/canal7slp.tv\/2025\/author\/edicionweb\/"}]}},"_links":{"self":[{"href":"https:\/\/canal7slp.tv\/2025\/wp-json\/wp\/v2\/posts\/187273","targetHints":{"allow":["GET"]}}],"collection":[{"href":"https:\/\/canal7slp.tv\/2025\/wp-json\/wp\/v2\/posts"}],"about":[{"href":"https:\/\/canal7slp.tv\/2025\/wp-json\/wp\/v2\/types\/post"}],"author":[{"embeddable":true,"href":"https:\/\/canal7slp.tv\/2025\/wp-json\/wp\/v2\/users\/2"}],"replies":[{"embeddable":true,"href":"https:\/\/canal7slp.tv\/2025\/wp-json\/wp\/v2\/comments?post=187273"}],"version-history":[{"count":3,"href":"https:\/\/canal7slp.tv\/2025\/wp-json\/wp\/v2\/posts\/187273\/revisions"}],"predecessor-version":[{"id":187277,"href":"https:\/\/canal7slp.tv\/2025\/wp-json\/wp\/v2\/posts\/187273\/revisions\/187277"}],"wp:featuredmedia":[{"embeddable":true,"href":"https:\/\/canal7slp.tv\/2025\/wp-json\/wp\/v2\/media\/187274"}],"wp:attachment":[{"href":"https:\/\/canal7slp.tv\/2025\/wp-json\/wp\/v2\/media?parent=187273"}],"wp:term":[{"taxonomy":"category","embeddable":true,"href":"https:\/\/canal7slp.tv\/2025\/wp-json\/wp\/v2\/categories?post=187273"},{"taxonomy":"post_tag","embeddable":true,"href":"https:\/\/canal7slp.tv\/2025\/wp-json\/wp\/v2\/tags?post=187273"}],"curies":[{"name":"wp","href":"https:\/\/api.w.org\/{rel}","templated":true}]}}