{"id":187253,"date":"2025-12-08T15:00:54","date_gmt":"2025-12-08T21:00:54","guid":{"rendered":"https:\/\/canal7slp.tv\/2025\/?p=187253"},"modified":"2025-12-08T15:00:54","modified_gmt":"2025-12-08T21:00:54","slug":"para-jose-miguel-reyes-de-guanajuato-el-gran-fondo-nueva-york","status":"publish","type":"post","link":"https:\/\/canal7slp.tv\/2025\/para-jose-miguel-reyes-de-guanajuato-el-gran-fondo-nueva-york\/","title":{"rendered":"Para Jos\u00e9 Miguel Reyes de Guanajuato el Gran Fondo Nueva York"},"content":{"rendered":"<p style=\"text-align: justify;\">SLP.-\u00a0Con \u00e9xito se llevo realiz\u00f3 el Gran Fondo Nueva York North America Championship San Luis Capital 2025, el cual dio inicio en punto de las 7:00 horas en la Plaza del Carmen, donde la gran caravana inici\u00f3 la competencia.<\/p>\n<p style=\"text-align: justify;\">El evento conto con la participaci\u00f3n de mas de 2 mil competidores que disfrutaron de un trayecto muy demandante en las dos distancias pactadas, tanto el Medio Fondo como en Gran Fondo.<\/p>\n<p style=\"text-align: justify;\">En la rama varonil el triunfo correspondi\u00f3 al guanajuatense Jos\u00e9 Miguel Reyes que con un tiempo de 2 horas, 52 minutos y 22 segundos se alz\u00f3 como el gran ganador del Overall Varonil, lo que le permiti\u00f3 obtener su boleto al Gran Fondo Nueva York del a\u00f1o entrante en la Uni\u00f3n Americana.<\/p>\n<p style=\"text-align: justify;\">En Overall Femenil el p\u00f3dium fue netamente potosino con gran victoria de Nancy Mercado S\u00e1nchez con tiempo de 3 horas, 20 minutos y 45 segundos. Sof\u00eda Rodr\u00edguez ocup\u00f3 la segunda posici\u00f3n con 3 horas, 25 minutos y 40 segundos.<\/p>\n","protected":false},"excerpt":{"rendered":"<p>SLP.-\u00a0Con \u00e9xito se llevo realiz\u00f3 el Gran Fondo Nueva York North America Championship San Luis Capital 2025, el cual dio inicio en punto de las 7:00 horas en la Plaza del Carmen, donde la gran caravana inici\u00f3 la competencia. El evento conto con la participaci\u00f3n de mas de 2 mil competidores que disfrutaron de un trayecto muy demandante en las dos distancias pactadas, tanto el Medio Fondo como en Gran Fondo. En la rama varonil el triunfo correspondi\u00f3 al guanajuatense Jos\u00e9 Miguel Reyes que con un tiempo de 2 horas, 52 minutos y 22 segundos se alz\u00f3 como el gran [&hellip;]<\/p>\n","protected":false},"author":2,"featured_media":187255,"comment_status":"closed","ping_status":"closed","sticky":false,"template":"","format":"video","meta":{"_monsterinsights_skip_tracking":false,"_monsterinsights_sitenote_active":false,"_monsterinsights_sitenote_note":"","_monsterinsights_sitenote_category":0,"footnotes":""},"categories":[7,5],"tags":[],"class_list":["post-187253","post","type-post","status-publish","format-video","has-post-thumbnail","hentry","category-deportes","category-destacadas","post_format-post-format-video","post--single"],"yoast_head":"<!-- This site is optimized with the Yoast SEO plugin v27.4 - https:\/\/yoast.com\/product\/yoast-seo-wordpress\/ -->\n<title>Para Jos\u00e9 Miguel Reyes de Guanajuato el Gran Fondo Nueva York - Canal 7 SLP - 2025<\/title>\n<meta name=\"robots\" content=\"index, follow, max-snippet:-1, max-image-preview:large, max-video-preview:-1\" \/>\n<link rel=\"canonical\" href=\"https:\/\/canal7slp.tv\/2025\/para-jose-miguel-reyes-de-guanajuato-el-gran-fondo-nueva-york\/\" \/>\n<meta property=\"og:locale\" content=\"es_ES\" \/>\n<meta property=\"og:type\" content=\"article\" \/>\n<meta property=\"og:title\" content=\"Para Jos\u00e9 Miguel Reyes de Guanajuato el Gran Fondo Nueva York - Canal 7 SLP - 2025\" \/>\n<meta property=\"og:description\" content=\"SLP.-\u00a0Con \u00e9xito se llevo realiz\u00f3 el Gran Fondo Nueva York North America Championship San Luis Capital 2025, el cual dio inicio en punto de las 7:00 horas en la Plaza del Carmen, donde la gran caravana inici\u00f3 la competencia. El evento conto con la participaci\u00f3n de mas de 2 mil competidores que disfrutaron de un trayecto muy demandante en las dos distancias pactadas, tanto el Medio Fondo como en Gran Fondo. En la rama varonil el triunfo correspondi\u00f3 al guanajuatense Jos\u00e9 Miguel Reyes que con un tiempo de 2 horas, 52 minutos y 22 segundos se alz\u00f3 como el gran [&hellip;]\" \/>\n<meta property=\"og:url\" content=\"https:\/\/canal7slp.tv\/2025\/para-jose-miguel-reyes-de-guanajuato-el-gran-fondo-nueva-york\/\" \/>\n<meta property=\"og:site_name\" content=\"Canal 7 SLP - 2025\" \/>\n<meta property=\"article:publisher\" content=\"https:\/\/www.facebook.com\/noticieroscanal7atencionciudadana\/\" \/>\n<meta property=\"article:published_time\" content=\"2025-12-08T21:00:54+00:00\" \/>\n<meta property=\"og:image\" content=\"https:\/\/canal7slp.tv\/2025\/wp-content\/uploads\/2025\/12\/Froi01Ciclismo.jpg\" \/>\n\t<meta property=\"og:image:width\" content=\"1280\" \/>\n\t<meta property=\"og:image:height\" content=\"720\" \/>\n\t<meta property=\"og:image:type\" content=\"image\/jpeg\" \/>\n<meta name=\"author\" content=\"Edici\u00f3n Web\" \/>\n<meta name=\"twitter:card\" content=\"summary_large_image\" \/>\n<meta name=\"twitter:creator\" content=\"@NOTICIEROS7\" \/>\n<meta name=\"twitter:site\" content=\"@NOTICIEROS7\" \/>\n<meta name=\"twitter:label1\" content=\"Escrito por\" \/>\n\t<meta name=\"twitter:data1\" content=\"Edici\u00f3n Web\" \/>\n\t<meta name=\"twitter:label2\" content=\"Tiempo de lectura\" \/>\n\t<meta name=\"twitter:data2\" content=\"1 minuto\" \/>\n<script type=\"application\/ld+json\" class=\"yoast-schema-graph\">{\"@context\":\"https:\\\/\\\/schema.org\",\"@graph\":[{\"@type\":\"Article\",\"@id\":\"https:\\\/\\\/canal7slp.tv\\\/2025\\\/para-jose-miguel-reyes-de-guanajuato-el-gran-fondo-nueva-york\\\/#article\",\"isPartOf\":{\"@id\":\"https:\\\/\\\/canal7slp.tv\\\/2025\\\/para-jose-miguel-reyes-de-guanajuato-el-gran-fondo-nueva-york\\\/\"},\"author\":{\"name\":\"Edici\u00f3n Web\",\"@id\":\"https:\\\/\\\/canal7slp.tv\\\/2025\\\/#\\\/schema\\\/person\\\/271e2b60a96e7cc9d9ac296f4d7e414b\"},\"headline\":\"Para Jos\u00e9 Miguel Reyes de Guanajuato el Gran Fondo Nueva York\",\"datePublished\":\"2025-12-08T21:00:54+00:00\",\"mainEntityOfPage\":{\"@id\":\"https:\\\/\\\/canal7slp.tv\\\/2025\\\/para-jose-miguel-reyes-de-guanajuato-el-gran-fondo-nueva-york\\\/\"},\"wordCount\":171,\"publisher\":{\"@id\":\"https:\\\/\\\/canal7slp.tv\\\/2025\\\/#organization\"},\"image\":{\"@id\":\"https:\\\/\\\/canal7slp.tv\\\/2025\\\/para-jose-miguel-reyes-de-guanajuato-el-gran-fondo-nueva-york\\\/#primaryimage\"},\"thumbnailUrl\":\"https:\\\/\\\/canal7slp.tv\\\/2025\\\/wp-content\\\/uploads\\\/2025\\\/12\\\/Froi01Ciclismo.jpg\",\"articleSection\":[\"DEPORTES\",\"DESTACADAS\"],\"inLanguage\":\"es\"},{\"@type\":\"WebPage\",\"@id\":\"https:\\\/\\\/canal7slp.tv\\\/2025\\\/para-jose-miguel-reyes-de-guanajuato-el-gran-fondo-nueva-york\\\/\",\"url\":\"https:\\\/\\\/canal7slp.tv\\\/2025\\\/para-jose-miguel-reyes-de-guanajuato-el-gran-fondo-nueva-york\\\/\",\"name\":\"Para Jos\u00e9 Miguel Reyes de Guanajuato el Gran Fondo Nueva York - Canal 7 SLP - 2025\",\"isPartOf\":{\"@id\":\"https:\\\/\\\/canal7slp.tv\\\/2025\\\/#website\"},\"primaryImageOfPage\":{\"@id\":\"https:\\\/\\\/canal7slp.tv\\\/2025\\\/para-jose-miguel-reyes-de-guanajuato-el-gran-fondo-nueva-york\\\/#primaryimage\"},\"image\":{\"@id\":\"https:\\\/\\\/canal7slp.tv\\\/2025\\\/para-jose-miguel-reyes-de-guanajuato-el-gran-fondo-nueva-york\\\/#primaryimage\"},\"thumbnailUrl\":\"https:\\\/\\\/canal7slp.tv\\\/2025\\\/wp-content\\\/uploads\\\/2025\\\/12\\\/Froi01Ciclismo.jpg\",\"datePublished\":\"2025-12-08T21:00:54+00:00\",\"breadcrumb\":{\"@id\":\"https:\\\/\\\/canal7slp.tv\\\/2025\\\/para-jose-miguel-reyes-de-guanajuato-el-gran-fondo-nueva-york\\\/#breadcrumb\"},\"inLanguage\":\"es\",\"potentialAction\":[{\"@type\":\"ReadAction\",\"target\":[\"https:\\\/\\\/canal7slp.tv\\\/2025\\\/para-jose-miguel-reyes-de-guanajuato-el-gran-fondo-nueva-york\\\/\"]}]},{\"@type\":\"ImageObject\",\"inLanguage\":\"es\",\"@id\":\"https:\\\/\\\/canal7slp.tv\\\/2025\\\/para-jose-miguel-reyes-de-guanajuato-el-gran-fondo-nueva-york\\\/#primaryimage\",\"url\":\"https:\\\/\\\/canal7slp.tv\\\/2025\\\/wp-content\\\/uploads\\\/2025\\\/12\\\/Froi01Ciclismo.jpg\",\"contentUrl\":\"https:\\\/\\\/canal7slp.tv\\\/2025\\\/wp-content\\\/uploads\\\/2025\\\/12\\\/Froi01Ciclismo.jpg\",\"width\":1280,\"height\":720},{\"@type\":\"BreadcrumbList\",\"@id\":\"https:\\\/\\\/canal7slp.tv\\\/2025\\\/para-jose-miguel-reyes-de-guanajuato-el-gran-fondo-nueva-york\\\/#breadcrumb\",\"itemListElement\":[{\"@type\":\"ListItem\",\"position\":1,\"name\":\"Portada\",\"item\":\"https:\\\/\\\/canal7slp.tv\\\/2025\\\/\"},{\"@type\":\"ListItem\",\"position\":2,\"name\":\"Para Jos\u00e9 Miguel Reyes de Guanajuato el Gran Fondo Nueva York\"}]},{\"@type\":\"WebSite\",\"@id\":\"https:\\\/\\\/canal7slp.tv\\\/2025\\\/#website\",\"url\":\"https:\\\/\\\/canal7slp.tv\\\/2025\\\/\",\"name\":\"N7 - Noticieros Canal 7\",\"description\":\"Somos el Medio\",\"publisher\":{\"@id\":\"https:\\\/\\\/canal7slp.tv\\\/2025\\\/#organization\"},\"potentialAction\":[{\"@type\":\"SearchAction\",\"target\":{\"@type\":\"EntryPoint\",\"urlTemplate\":\"https:\\\/\\\/canal7slp.tv\\\/2025\\\/?s={search_term_string}\"},\"query-input\":{\"@type\":\"PropertyValueSpecification\",\"valueRequired\":true,\"valueName\":\"search_term_string\"}}],\"inLanguage\":\"es\"},{\"@type\":\"Organization\",\"@id\":\"https:\\\/\\\/canal7slp.tv\\\/2025\\\/#organization\",\"name\":\"Noticieros Canal 7\",\"url\":\"https:\\\/\\\/canal7slp.tv\\\/2025\\\/\",\"logo\":{\"@type\":\"ImageObject\",\"inLanguage\":\"es\",\"@id\":\"https:\\\/\\\/canal7slp.tv\\\/2025\\\/#\\\/schema\\\/logo\\\/image\\\/\",\"url\":\"https:\\\/\\\/canal7slp.tv\\\/2025\\\/wp-content\\\/uploads\\\/2021\\\/01\\\/logo-noticieros@2x.png\",\"contentUrl\":\"https:\\\/\\\/canal7slp.tv\\\/2025\\\/wp-content\\\/uploads\\\/2021\\\/01\\\/logo-noticieros@2x.png\",\"width\":1017,\"height\":268,\"caption\":\"Noticieros Canal 7\"},\"image\":{\"@id\":\"https:\\\/\\\/canal7slp.tv\\\/2025\\\/#\\\/schema\\\/logo\\\/image\\\/\"},\"sameAs\":[\"https:\\\/\\\/www.facebook.com\\\/noticieroscanal7atencionciudadana\\\/\",\"https:\\\/\\\/x.com\\\/NOTICIEROS7\",\"https:\\\/\\\/www.instagram.com\\\/canal7_slp\",\"https:\\\/\\\/www.youtube.com\\\/channel\\\/UCliiYs-gP3JfJeqdPrNdd5A\"]},{\"@type\":\"Person\",\"@id\":\"https:\\\/\\\/canal7slp.tv\\\/2025\\\/#\\\/schema\\\/person\\\/271e2b60a96e7cc9d9ac296f4d7e414b\",\"name\":\"Edici\u00f3n Web\",\"image\":{\"@type\":\"ImageObject\",\"inLanguage\":\"es\",\"@id\":\"https:\\\/\\\/secure.gravatar.com\\\/avatar\\\/eee448fc3f7164808013b816ba91ac7e43bbe82a70bebac296f8bc6f0addaa1a?s=96&d=mm&r=g\",\"url\":\"https:\\\/\\\/secure.gravatar.com\\\/avatar\\\/eee448fc3f7164808013b816ba91ac7e43bbe82a70bebac296f8bc6f0addaa1a?s=96&d=mm&r=g\",\"contentUrl\":\"https:\\\/\\\/secure.gravatar.com\\\/avatar\\\/eee448fc3f7164808013b816ba91ac7e43bbe82a70bebac296f8bc6f0addaa1a?s=96&d=mm&r=g\",\"caption\":\"Edici\u00f3n Web\"},\"url\":\"https:\\\/\\\/canal7slp.tv\\\/2025\\\/author\\\/edicionweb\\\/\"}]}<\/script>\n<!-- \/ Yoast SEO plugin. -->","yoast_head_json":{"title":"Para Jos\u00e9 Miguel Reyes de Guanajuato el Gran Fondo Nueva York - Canal 7 SLP - 2025","robots":{"index":"index","follow":"follow","max-snippet":"max-snippet:-1","max-image-preview":"max-image-preview:large","max-video-preview":"max-video-preview:-1"},"canonical":"https:\/\/canal7slp.tv\/2025\/para-jose-miguel-reyes-de-guanajuato-el-gran-fondo-nueva-york\/","og_locale":"es_ES","og_type":"article","og_title":"Para Jos\u00e9 Miguel Reyes de Guanajuato el Gran Fondo Nueva York - Canal 7 SLP - 2025","og_description":"SLP.-\u00a0Con \u00e9xito se llevo realiz\u00f3 el Gran Fondo Nueva York North America Championship San Luis Capital 2025, el cual dio inicio en punto de las 7:00 horas en la Plaza del Carmen, donde la gran caravana inici\u00f3 la competencia. El evento conto con la participaci\u00f3n de mas de 2 mil competidores que disfrutaron de un trayecto muy demandante en las dos distancias pactadas, tanto el Medio Fondo como en Gran Fondo. En la rama varonil el triunfo correspondi\u00f3 al guanajuatense Jos\u00e9 Miguel Reyes que con un tiempo de 2 horas, 52 minutos y 22 segundos se alz\u00f3 como el gran [&hellip;]","og_url":"https:\/\/canal7slp.tv\/2025\/para-jose-miguel-reyes-de-guanajuato-el-gran-fondo-nueva-york\/","og_site_name":"Canal 7 SLP - 2025","article_publisher":"https:\/\/www.facebook.com\/noticieroscanal7atencionciudadana\/","article_published_time":"2025-12-08T21:00:54+00:00","og_image":[{"width":1280,"height":720,"url":"https:\/\/canal7slp.tv\/2025\/wp-content\/uploads\/2025\/12\/Froi01Ciclismo.jpg","type":"image\/jpeg"}],"author":"Edici\u00f3n Web","twitter_card":"summary_large_image","twitter_creator":"@NOTICIEROS7","twitter_site":"@NOTICIEROS7","twitter_misc":{"Escrito por":"Edici\u00f3n Web","Tiempo de lectura":"1 minuto"},"schema":{"@context":"https:\/\/schema.org","@graph":[{"@type":"Article","@id":"https:\/\/canal7slp.tv\/2025\/para-jose-miguel-reyes-de-guanajuato-el-gran-fondo-nueva-york\/#article","isPartOf":{"@id":"https:\/\/canal7slp.tv\/2025\/para-jose-miguel-reyes-de-guanajuato-el-gran-fondo-nueva-york\/"},"author":{"name":"Edici\u00f3n Web","@id":"https:\/\/canal7slp.tv\/2025\/#\/schema\/person\/271e2b60a96e7cc9d9ac296f4d7e414b"},"headline":"Para Jos\u00e9 Miguel Reyes de Guanajuato el Gran Fondo Nueva York","datePublished":"2025-12-08T21:00:54+00:00","mainEntityOfPage":{"@id":"https:\/\/canal7slp.tv\/2025\/para-jose-miguel-reyes-de-guanajuato-el-gran-fondo-nueva-york\/"},"wordCount":171,"publisher":{"@id":"https:\/\/canal7slp.tv\/2025\/#organization"},"image":{"@id":"https:\/\/canal7slp.tv\/2025\/para-jose-miguel-reyes-de-guanajuato-el-gran-fondo-nueva-york\/#primaryimage"},"thumbnailUrl":"https:\/\/canal7slp.tv\/2025\/wp-content\/uploads\/2025\/12\/Froi01Ciclismo.jpg","articleSection":["DEPORTES","DESTACADAS"],"inLanguage":"es"},{"@type":"WebPage","@id":"https:\/\/canal7slp.tv\/2025\/para-jose-miguel-reyes-de-guanajuato-el-gran-fondo-nueva-york\/","url":"https:\/\/canal7slp.tv\/2025\/para-jose-miguel-reyes-de-guanajuato-el-gran-fondo-nueva-york\/","name":"Para Jos\u00e9 Miguel Reyes de Guanajuato el Gran Fondo Nueva York - Canal 7 SLP - 2025","isPartOf":{"@id":"https:\/\/canal7slp.tv\/2025\/#website"},"primaryImageOfPage":{"@id":"https:\/\/canal7slp.tv\/2025\/para-jose-miguel-reyes-de-guanajuato-el-gran-fondo-nueva-york\/#primaryimage"},"image":{"@id":"https:\/\/canal7slp.tv\/2025\/para-jose-miguel-reyes-de-guanajuato-el-gran-fondo-nueva-york\/#primaryimage"},"thumbnailUrl":"https:\/\/canal7slp.tv\/2025\/wp-content\/uploads\/2025\/12\/Froi01Ciclismo.jpg","datePublished":"2025-12-08T21:00:54+00:00","breadcrumb":{"@id":"https:\/\/canal7slp.tv\/2025\/para-jose-miguel-reyes-de-guanajuato-el-gran-fondo-nueva-york\/#breadcrumb"},"inLanguage":"es","potentialAction":[{"@type":"ReadAction","target":["https:\/\/canal7slp.tv\/2025\/para-jose-miguel-reyes-de-guanajuato-el-gran-fondo-nueva-york\/"]}]},{"@type":"ImageObject","inLanguage":"es","@id":"https:\/\/canal7slp.tv\/2025\/para-jose-miguel-reyes-de-guanajuato-el-gran-fondo-nueva-york\/#primaryimage","url":"https:\/\/canal7slp.tv\/2025\/wp-content\/uploads\/2025\/12\/Froi01Ciclismo.jpg","contentUrl":"https:\/\/canal7slp.tv\/2025\/wp-content\/uploads\/2025\/12\/Froi01Ciclismo.jpg","width":1280,"height":720},{"@type":"BreadcrumbList","@id":"https:\/\/canal7slp.tv\/2025\/para-jose-miguel-reyes-de-guanajuato-el-gran-fondo-nueva-york\/#breadcrumb","itemListElement":[{"@type":"ListItem","position":1,"name":"Portada","item":"https:\/\/canal7slp.tv\/2025\/"},{"@type":"ListItem","position":2,"name":"Para Jos\u00e9 Miguel Reyes de Guanajuato el Gran Fondo Nueva York"}]},{"@type":"WebSite","@id":"https:\/\/canal7slp.tv\/2025\/#website","url":"https:\/\/canal7slp.tv\/2025\/","name":"N7 - Noticieros Canal 7","description":"Somos el Medio","publisher":{"@id":"https:\/\/canal7slp.tv\/2025\/#organization"},"potentialAction":[{"@type":"SearchAction","target":{"@type":"EntryPoint","urlTemplate":"https:\/\/canal7slp.tv\/2025\/?s={search_term_string}"},"query-input":{"@type":"PropertyValueSpecification","valueRequired":true,"valueName":"search_term_string"}}],"inLanguage":"es"},{"@type":"Organization","@id":"https:\/\/canal7slp.tv\/2025\/#organization","name":"Noticieros Canal 7","url":"https:\/\/canal7slp.tv\/2025\/","logo":{"@type":"ImageObject","inLanguage":"es","@id":"https:\/\/canal7slp.tv\/2025\/#\/schema\/logo\/image\/","url":"https:\/\/canal7slp.tv\/2025\/wp-content\/uploads\/2021\/01\/logo-noticieros@2x.png","contentUrl":"https:\/\/canal7slp.tv\/2025\/wp-content\/uploads\/2021\/01\/logo-noticieros@2x.png","width":1017,"height":268,"caption":"Noticieros Canal 7"},"image":{"@id":"https:\/\/canal7slp.tv\/2025\/#\/schema\/logo\/image\/"},"sameAs":["https:\/\/www.facebook.com\/noticieroscanal7atencionciudadana\/","https:\/\/x.com\/NOTICIEROS7","https:\/\/www.instagram.com\/canal7_slp","https:\/\/www.youtube.com\/channel\/UCliiYs-gP3JfJeqdPrNdd5A"]},{"@type":"Person","@id":"https:\/\/canal7slp.tv\/2025\/#\/schema\/person\/271e2b60a96e7cc9d9ac296f4d7e414b","name":"Edici\u00f3n Web","image":{"@type":"ImageObject","inLanguage":"es","@id":"https:\/\/secure.gravatar.com\/avatar\/eee448fc3f7164808013b816ba91ac7e43bbe82a70bebac296f8bc6f0addaa1a?s=96&d=mm&r=g","url":"https:\/\/secure.gravatar.com\/avatar\/eee448fc3f7164808013b816ba91ac7e43bbe82a70bebac296f8bc6f0addaa1a?s=96&d=mm&r=g","contentUrl":"https:\/\/secure.gravatar.com\/avatar\/eee448fc3f7164808013b816ba91ac7e43bbe82a70bebac296f8bc6f0addaa1a?s=96&d=mm&r=g","caption":"Edici\u00f3n Web"},"url":"https:\/\/canal7slp.tv\/2025\/author\/edicionweb\/"}]}},"_links":{"self":[{"href":"https:\/\/canal7slp.tv\/2025\/wp-json\/wp\/v2\/posts\/187253","targetHints":{"allow":["GET"]}}],"collection":[{"href":"https:\/\/canal7slp.tv\/2025\/wp-json\/wp\/v2\/posts"}],"about":[{"href":"https:\/\/canal7slp.tv\/2025\/wp-json\/wp\/v2\/types\/post"}],"author":[{"embeddable":true,"href":"https:\/\/canal7slp.tv\/2025\/wp-json\/wp\/v2\/users\/2"}],"replies":[{"embeddable":true,"href":"https:\/\/canal7slp.tv\/2025\/wp-json\/wp\/v2\/comments?post=187253"}],"version-history":[{"count":1,"href":"https:\/\/canal7slp.tv\/2025\/wp-json\/wp\/v2\/posts\/187253\/revisions"}],"predecessor-version":[{"id":187256,"href":"https:\/\/canal7slp.tv\/2025\/wp-json\/wp\/v2\/posts\/187253\/revisions\/187256"}],"wp:featuredmedia":[{"embeddable":true,"href":"https:\/\/canal7slp.tv\/2025\/wp-json\/wp\/v2\/media\/187255"}],"wp:attachment":[{"href":"https:\/\/canal7slp.tv\/2025\/wp-json\/wp\/v2\/media?parent=187253"}],"wp:term":[{"taxonomy":"category","embeddable":true,"href":"https:\/\/canal7slp.tv\/2025\/wp-json\/wp\/v2\/categories?post=187253"},{"taxonomy":"post_tag","embeddable":true,"href":"https:\/\/canal7slp.tv\/2025\/wp-json\/wp\/v2\/tags?post=187253"}],"curies":[{"name":"wp","href":"https:\/\/api.w.org\/{rel}","templated":true}]}}