{"id":187242,"date":"2025-12-08T14:20:17","date_gmt":"2025-12-08T20:20:17","guid":{"rendered":"https:\/\/canal7slp.tv\/2025\/?p=187242"},"modified":"2025-12-08T14:20:17","modified_gmt":"2025-12-08T20:20:17","slug":"aumenta-a-seis-la-cifra-de-fallecidos-por-atentado-explosivo-en-michoacan","status":"publish","type":"post","link":"https:\/\/canal7slp.tv\/2025\/aumenta-a-seis-la-cifra-de-fallecidos-por-atentado-explosivo-en-michoacan\/","title":{"rendered":"Aumenta a seis la cifra de fallecidos por atentado explosivo en Michoac\u00e1n"},"content":{"rendered":"<p style=\"text-align: justify;\">\n<p style=\"text-align: justify;\">Coahuayana.- Las autoridades del estado de Michoac\u00e1n informaron este domingo que el saldo del atentado con veh\u00edculo explosivo ocurrido el s\u00e1bado en Coahuayana aument\u00f3 a seis personas fallecidas. El deceso m\u00e1s reciente corresponde a una de las v\u00edctimas que se encontraba hospitalizada en estado grave.<\/p>\n<p style=\"text-align: justify;\">De acuerdo con el reporte, cuatro de las personas fallecidas eran integrantes de la Polic\u00eda Comunitaria de ese municipio. Adem\u00e1s, se mantiene un saldo de seis personas lesionadas.<\/p>\n<p style=\"text-align: justify;\">El incidente, ocurrido frente a la alcald\u00eda y una base de la Polic\u00eda Comunitaria, involucr\u00f3 la detonaci\u00f3n de un veh\u00edculo. Elementos de dicha corporaci\u00f3n atribuyeron el ataque al C\u00e1rtel Jalisco Nueva Generaci\u00f3n.<\/p>\n<p style=\"text-align: justify;\">La Fiscal\u00eda General de Michoac\u00e1n detall\u00f3 que en el lugar se localiz\u00f3 una camioneta destruida y los restos de dos personas. Inicialmente, ocho polic\u00edas comunitarios resultaron lesionados, de los cuales tres fallecieron posteriormente durante la atenci\u00f3n m\u00e9dica.<\/p>\n<p style=\"text-align: justify;\">Por su parte, la Fiscal\u00eda General de la Rep\u00fablica (FGR) inici\u00f3 una carpeta de investigaci\u00f3n por el delito de terrorismo, fundamentada en el uso de explosivos contra elementos policiales.<\/p>\n","protected":false},"excerpt":{"rendered":"<p>Coahuayana.- Las autoridades del estado de Michoac\u00e1n informaron este domingo que el saldo del atentado con veh\u00edculo explosivo ocurrido el s\u00e1bado en Coahuayana aument\u00f3 a seis personas fallecidas. El deceso m\u00e1s reciente corresponde a una de las v\u00edctimas que se encontraba hospitalizada en estado grave. De acuerdo con el reporte, cuatro de las personas fallecidas eran integrantes de la Polic\u00eda Comunitaria de ese municipio. Adem\u00e1s, se mantiene un saldo de seis personas lesionadas. El incidente, ocurrido frente a la alcald\u00eda y una base de la Polic\u00eda Comunitaria, involucr\u00f3 la detonaci\u00f3n de un veh\u00edculo. Elementos de dicha corporaci\u00f3n atribuyeron el ataque [&hellip;]<\/p>\n","protected":false},"author":2,"featured_media":187243,"comment_status":"closed","ping_status":"closed","sticky":false,"template":"","format":"standard","meta":{"_monsterinsights_skip_tracking":false,"_monsterinsights_sitenote_active":false,"_monsterinsights_sitenote_note":"","_monsterinsights_sitenote_category":0,"footnotes":""},"categories":[46],"tags":[],"class_list":["post-187242","post","type-post","status-publish","format-standard","has-post-thumbnail","hentry","category-nacional","post--single"],"yoast_head":"<!-- This site is optimized with the Yoast SEO plugin v27.4 - https:\/\/yoast.com\/product\/yoast-seo-wordpress\/ -->\n<title>Aumenta a seis la cifra de fallecidos por atentado explosivo en Michoac\u00e1n - Canal 7 SLP - 2025<\/title>\n<meta name=\"robots\" content=\"index, follow, max-snippet:-1, max-image-preview:large, max-video-preview:-1\" \/>\n<link rel=\"canonical\" href=\"https:\/\/canal7slp.tv\/2025\/aumenta-a-seis-la-cifra-de-fallecidos-por-atentado-explosivo-en-michoacan\/\" \/>\n<meta property=\"og:locale\" content=\"es_ES\" \/>\n<meta property=\"og:type\" content=\"article\" \/>\n<meta property=\"og:title\" content=\"Aumenta a seis la cifra de fallecidos por atentado explosivo en Michoac\u00e1n - Canal 7 SLP - 2025\" \/>\n<meta property=\"og:description\" content=\"Coahuayana.- Las autoridades del estado de Michoac\u00e1n informaron este domingo que el saldo del atentado con veh\u00edculo explosivo ocurrido el s\u00e1bado en Coahuayana aument\u00f3 a seis personas fallecidas. El deceso m\u00e1s reciente corresponde a una de las v\u00edctimas que se encontraba hospitalizada en estado grave. De acuerdo con el reporte, cuatro de las personas fallecidas eran integrantes de la Polic\u00eda Comunitaria de ese municipio. Adem\u00e1s, se mantiene un saldo de seis personas lesionadas. El incidente, ocurrido frente a la alcald\u00eda y una base de la Polic\u00eda Comunitaria, involucr\u00f3 la detonaci\u00f3n de un veh\u00edculo. Elementos de dicha corporaci\u00f3n atribuyeron el ataque [&hellip;]\" \/>\n<meta property=\"og:url\" content=\"https:\/\/canal7slp.tv\/2025\/aumenta-a-seis-la-cifra-de-fallecidos-por-atentado-explosivo-en-michoacan\/\" \/>\n<meta property=\"og:site_name\" content=\"Canal 7 SLP - 2025\" \/>\n<meta property=\"article:publisher\" content=\"https:\/\/www.facebook.com\/noticieroscanal7atencionciudadana\/\" \/>\n<meta property=\"article:published_time\" content=\"2025-12-08T20:20:17+00:00\" \/>\n<meta property=\"og:image\" content=\"https:\/\/canal7slp.tv\/2025\/wp-content\/uploads\/2025\/12\/04-7.jpg\" \/>\n\t<meta property=\"og:image:width\" content=\"888\" \/>\n\t<meta property=\"og:image:height\" content=\"500\" \/>\n\t<meta property=\"og:image:type\" content=\"image\/jpeg\" \/>\n<meta name=\"author\" content=\"Edici\u00f3n Web\" \/>\n<meta name=\"twitter:card\" content=\"summary_large_image\" \/>\n<meta name=\"twitter:creator\" content=\"@NOTICIEROS7\" \/>\n<meta name=\"twitter:site\" content=\"@NOTICIEROS7\" \/>\n<meta name=\"twitter:label1\" content=\"Escrito por\" \/>\n\t<meta name=\"twitter:data1\" content=\"Edici\u00f3n Web\" \/>\n\t<meta name=\"twitter:label2\" content=\"Tiempo de lectura\" \/>\n\t<meta name=\"twitter:data2\" content=\"1 minuto\" \/>\n<script type=\"application\/ld+json\" class=\"yoast-schema-graph\">{\"@context\":\"https:\\\/\\\/schema.org\",\"@graph\":[{\"@type\":\"Article\",\"@id\":\"https:\\\/\\\/canal7slp.tv\\\/2025\\\/aumenta-a-seis-la-cifra-de-fallecidos-por-atentado-explosivo-en-michoacan\\\/#article\",\"isPartOf\":{\"@id\":\"https:\\\/\\\/canal7slp.tv\\\/2025\\\/aumenta-a-seis-la-cifra-de-fallecidos-por-atentado-explosivo-en-michoacan\\\/\"},\"author\":{\"name\":\"Edici\u00f3n Web\",\"@id\":\"https:\\\/\\\/canal7slp.tv\\\/2025\\\/#\\\/schema\\\/person\\\/271e2b60a96e7cc9d9ac296f4d7e414b\"},\"headline\":\"Aumenta a seis la cifra de fallecidos por atentado explosivo en Michoac\u00e1n\",\"datePublished\":\"2025-12-08T20:20:17+00:00\",\"mainEntityOfPage\":{\"@id\":\"https:\\\/\\\/canal7slp.tv\\\/2025\\\/aumenta-a-seis-la-cifra-de-fallecidos-por-atentado-explosivo-en-michoacan\\\/\"},\"wordCount\":207,\"publisher\":{\"@id\":\"https:\\\/\\\/canal7slp.tv\\\/2025\\\/#organization\"},\"image\":{\"@id\":\"https:\\\/\\\/canal7slp.tv\\\/2025\\\/aumenta-a-seis-la-cifra-de-fallecidos-por-atentado-explosivo-en-michoacan\\\/#primaryimage\"},\"thumbnailUrl\":\"https:\\\/\\\/canal7slp.tv\\\/2025\\\/wp-content\\\/uploads\\\/2025\\\/12\\\/04-7.jpg\",\"articleSection\":[\"NACIONALES\"],\"inLanguage\":\"es\"},{\"@type\":\"WebPage\",\"@id\":\"https:\\\/\\\/canal7slp.tv\\\/2025\\\/aumenta-a-seis-la-cifra-de-fallecidos-por-atentado-explosivo-en-michoacan\\\/\",\"url\":\"https:\\\/\\\/canal7slp.tv\\\/2025\\\/aumenta-a-seis-la-cifra-de-fallecidos-por-atentado-explosivo-en-michoacan\\\/\",\"name\":\"Aumenta a seis la cifra de fallecidos por atentado explosivo en Michoac\u00e1n - Canal 7 SLP - 2025\",\"isPartOf\":{\"@id\":\"https:\\\/\\\/canal7slp.tv\\\/2025\\\/#website\"},\"primaryImageOfPage\":{\"@id\":\"https:\\\/\\\/canal7slp.tv\\\/2025\\\/aumenta-a-seis-la-cifra-de-fallecidos-por-atentado-explosivo-en-michoacan\\\/#primaryimage\"},\"image\":{\"@id\":\"https:\\\/\\\/canal7slp.tv\\\/2025\\\/aumenta-a-seis-la-cifra-de-fallecidos-por-atentado-explosivo-en-michoacan\\\/#primaryimage\"},\"thumbnailUrl\":\"https:\\\/\\\/canal7slp.tv\\\/2025\\\/wp-content\\\/uploads\\\/2025\\\/12\\\/04-7.jpg\",\"datePublished\":\"2025-12-08T20:20:17+00:00\",\"breadcrumb\":{\"@id\":\"https:\\\/\\\/canal7slp.tv\\\/2025\\\/aumenta-a-seis-la-cifra-de-fallecidos-por-atentado-explosivo-en-michoacan\\\/#breadcrumb\"},\"inLanguage\":\"es\",\"potentialAction\":[{\"@type\":\"ReadAction\",\"target\":[\"https:\\\/\\\/canal7slp.tv\\\/2025\\\/aumenta-a-seis-la-cifra-de-fallecidos-por-atentado-explosivo-en-michoacan\\\/\"]}]},{\"@type\":\"ImageObject\",\"inLanguage\":\"es\",\"@id\":\"https:\\\/\\\/canal7slp.tv\\\/2025\\\/aumenta-a-seis-la-cifra-de-fallecidos-por-atentado-explosivo-en-michoacan\\\/#primaryimage\",\"url\":\"https:\\\/\\\/canal7slp.tv\\\/2025\\\/wp-content\\\/uploads\\\/2025\\\/12\\\/04-7.jpg\",\"contentUrl\":\"https:\\\/\\\/canal7slp.tv\\\/2025\\\/wp-content\\\/uploads\\\/2025\\\/12\\\/04-7.jpg\",\"width\":888,\"height\":500},{\"@type\":\"BreadcrumbList\",\"@id\":\"https:\\\/\\\/canal7slp.tv\\\/2025\\\/aumenta-a-seis-la-cifra-de-fallecidos-por-atentado-explosivo-en-michoacan\\\/#breadcrumb\",\"itemListElement\":[{\"@type\":\"ListItem\",\"position\":1,\"name\":\"Portada\",\"item\":\"https:\\\/\\\/canal7slp.tv\\\/2025\\\/\"},{\"@type\":\"ListItem\",\"position\":2,\"name\":\"Aumenta a seis la cifra de fallecidos por atentado explosivo en Michoac\u00e1n\"}]},{\"@type\":\"WebSite\",\"@id\":\"https:\\\/\\\/canal7slp.tv\\\/2025\\\/#website\",\"url\":\"https:\\\/\\\/canal7slp.tv\\\/2025\\\/\",\"name\":\"N7 - Noticieros Canal 7\",\"description\":\"Somos el Medio\",\"publisher\":{\"@id\":\"https:\\\/\\\/canal7slp.tv\\\/2025\\\/#organization\"},\"potentialAction\":[{\"@type\":\"SearchAction\",\"target\":{\"@type\":\"EntryPoint\",\"urlTemplate\":\"https:\\\/\\\/canal7slp.tv\\\/2025\\\/?s={search_term_string}\"},\"query-input\":{\"@type\":\"PropertyValueSpecification\",\"valueRequired\":true,\"valueName\":\"search_term_string\"}}],\"inLanguage\":\"es\"},{\"@type\":\"Organization\",\"@id\":\"https:\\\/\\\/canal7slp.tv\\\/2025\\\/#organization\",\"name\":\"Noticieros Canal 7\",\"url\":\"https:\\\/\\\/canal7slp.tv\\\/2025\\\/\",\"logo\":{\"@type\":\"ImageObject\",\"inLanguage\":\"es\",\"@id\":\"https:\\\/\\\/canal7slp.tv\\\/2025\\\/#\\\/schema\\\/logo\\\/image\\\/\",\"url\":\"https:\\\/\\\/canal7slp.tv\\\/2025\\\/wp-content\\\/uploads\\\/2021\\\/01\\\/logo-noticieros@2x.png\",\"contentUrl\":\"https:\\\/\\\/canal7slp.tv\\\/2025\\\/wp-content\\\/uploads\\\/2021\\\/01\\\/logo-noticieros@2x.png\",\"width\":1017,\"height\":268,\"caption\":\"Noticieros Canal 7\"},\"image\":{\"@id\":\"https:\\\/\\\/canal7slp.tv\\\/2025\\\/#\\\/schema\\\/logo\\\/image\\\/\"},\"sameAs\":[\"https:\\\/\\\/www.facebook.com\\\/noticieroscanal7atencionciudadana\\\/\",\"https:\\\/\\\/x.com\\\/NOTICIEROS7\",\"https:\\\/\\\/www.instagram.com\\\/canal7_slp\",\"https:\\\/\\\/www.youtube.com\\\/channel\\\/UCliiYs-gP3JfJeqdPrNdd5A\"]},{\"@type\":\"Person\",\"@id\":\"https:\\\/\\\/canal7slp.tv\\\/2025\\\/#\\\/schema\\\/person\\\/271e2b60a96e7cc9d9ac296f4d7e414b\",\"name\":\"Edici\u00f3n Web\",\"image\":{\"@type\":\"ImageObject\",\"inLanguage\":\"es\",\"@id\":\"https:\\\/\\\/secure.gravatar.com\\\/avatar\\\/eee448fc3f7164808013b816ba91ac7e43bbe82a70bebac296f8bc6f0addaa1a?s=96&d=mm&r=g\",\"url\":\"https:\\\/\\\/secure.gravatar.com\\\/avatar\\\/eee448fc3f7164808013b816ba91ac7e43bbe82a70bebac296f8bc6f0addaa1a?s=96&d=mm&r=g\",\"contentUrl\":\"https:\\\/\\\/secure.gravatar.com\\\/avatar\\\/eee448fc3f7164808013b816ba91ac7e43bbe82a70bebac296f8bc6f0addaa1a?s=96&d=mm&r=g\",\"caption\":\"Edici\u00f3n Web\"},\"url\":\"https:\\\/\\\/canal7slp.tv\\\/2025\\\/author\\\/edicionweb\\\/\"}]}<\/script>\n<!-- \/ Yoast SEO plugin. -->","yoast_head_json":{"title":"Aumenta a seis la cifra de fallecidos por atentado explosivo en Michoac\u00e1n - Canal 7 SLP - 2025","robots":{"index":"index","follow":"follow","max-snippet":"max-snippet:-1","max-image-preview":"max-image-preview:large","max-video-preview":"max-video-preview:-1"},"canonical":"https:\/\/canal7slp.tv\/2025\/aumenta-a-seis-la-cifra-de-fallecidos-por-atentado-explosivo-en-michoacan\/","og_locale":"es_ES","og_type":"article","og_title":"Aumenta a seis la cifra de fallecidos por atentado explosivo en Michoac\u00e1n - Canal 7 SLP - 2025","og_description":"Coahuayana.- Las autoridades del estado de Michoac\u00e1n informaron este domingo que el saldo del atentado con veh\u00edculo explosivo ocurrido el s\u00e1bado en Coahuayana aument\u00f3 a seis personas fallecidas. El deceso m\u00e1s reciente corresponde a una de las v\u00edctimas que se encontraba hospitalizada en estado grave. De acuerdo con el reporte, cuatro de las personas fallecidas eran integrantes de la Polic\u00eda Comunitaria de ese municipio. Adem\u00e1s, se mantiene un saldo de seis personas lesionadas. El incidente, ocurrido frente a la alcald\u00eda y una base de la Polic\u00eda Comunitaria, involucr\u00f3 la detonaci\u00f3n de un veh\u00edculo. Elementos de dicha corporaci\u00f3n atribuyeron el ataque [&hellip;]","og_url":"https:\/\/canal7slp.tv\/2025\/aumenta-a-seis-la-cifra-de-fallecidos-por-atentado-explosivo-en-michoacan\/","og_site_name":"Canal 7 SLP - 2025","article_publisher":"https:\/\/www.facebook.com\/noticieroscanal7atencionciudadana\/","article_published_time":"2025-12-08T20:20:17+00:00","og_image":[{"width":888,"height":500,"url":"https:\/\/canal7slp.tv\/2025\/wp-content\/uploads\/2025\/12\/04-7.jpg","type":"image\/jpeg"}],"author":"Edici\u00f3n Web","twitter_card":"summary_large_image","twitter_creator":"@NOTICIEROS7","twitter_site":"@NOTICIEROS7","twitter_misc":{"Escrito por":"Edici\u00f3n Web","Tiempo de lectura":"1 minuto"},"schema":{"@context":"https:\/\/schema.org","@graph":[{"@type":"Article","@id":"https:\/\/canal7slp.tv\/2025\/aumenta-a-seis-la-cifra-de-fallecidos-por-atentado-explosivo-en-michoacan\/#article","isPartOf":{"@id":"https:\/\/canal7slp.tv\/2025\/aumenta-a-seis-la-cifra-de-fallecidos-por-atentado-explosivo-en-michoacan\/"},"author":{"name":"Edici\u00f3n Web","@id":"https:\/\/canal7slp.tv\/2025\/#\/schema\/person\/271e2b60a96e7cc9d9ac296f4d7e414b"},"headline":"Aumenta a seis la cifra de fallecidos por atentado explosivo en Michoac\u00e1n","datePublished":"2025-12-08T20:20:17+00:00","mainEntityOfPage":{"@id":"https:\/\/canal7slp.tv\/2025\/aumenta-a-seis-la-cifra-de-fallecidos-por-atentado-explosivo-en-michoacan\/"},"wordCount":207,"publisher":{"@id":"https:\/\/canal7slp.tv\/2025\/#organization"},"image":{"@id":"https:\/\/canal7slp.tv\/2025\/aumenta-a-seis-la-cifra-de-fallecidos-por-atentado-explosivo-en-michoacan\/#primaryimage"},"thumbnailUrl":"https:\/\/canal7slp.tv\/2025\/wp-content\/uploads\/2025\/12\/04-7.jpg","articleSection":["NACIONALES"],"inLanguage":"es"},{"@type":"WebPage","@id":"https:\/\/canal7slp.tv\/2025\/aumenta-a-seis-la-cifra-de-fallecidos-por-atentado-explosivo-en-michoacan\/","url":"https:\/\/canal7slp.tv\/2025\/aumenta-a-seis-la-cifra-de-fallecidos-por-atentado-explosivo-en-michoacan\/","name":"Aumenta a seis la cifra de fallecidos por atentado explosivo en Michoac\u00e1n - Canal 7 SLP - 2025","isPartOf":{"@id":"https:\/\/canal7slp.tv\/2025\/#website"},"primaryImageOfPage":{"@id":"https:\/\/canal7slp.tv\/2025\/aumenta-a-seis-la-cifra-de-fallecidos-por-atentado-explosivo-en-michoacan\/#primaryimage"},"image":{"@id":"https:\/\/canal7slp.tv\/2025\/aumenta-a-seis-la-cifra-de-fallecidos-por-atentado-explosivo-en-michoacan\/#primaryimage"},"thumbnailUrl":"https:\/\/canal7slp.tv\/2025\/wp-content\/uploads\/2025\/12\/04-7.jpg","datePublished":"2025-12-08T20:20:17+00:00","breadcrumb":{"@id":"https:\/\/canal7slp.tv\/2025\/aumenta-a-seis-la-cifra-de-fallecidos-por-atentado-explosivo-en-michoacan\/#breadcrumb"},"inLanguage":"es","potentialAction":[{"@type":"ReadAction","target":["https:\/\/canal7slp.tv\/2025\/aumenta-a-seis-la-cifra-de-fallecidos-por-atentado-explosivo-en-michoacan\/"]}]},{"@type":"ImageObject","inLanguage":"es","@id":"https:\/\/canal7slp.tv\/2025\/aumenta-a-seis-la-cifra-de-fallecidos-por-atentado-explosivo-en-michoacan\/#primaryimage","url":"https:\/\/canal7slp.tv\/2025\/wp-content\/uploads\/2025\/12\/04-7.jpg","contentUrl":"https:\/\/canal7slp.tv\/2025\/wp-content\/uploads\/2025\/12\/04-7.jpg","width":888,"height":500},{"@type":"BreadcrumbList","@id":"https:\/\/canal7slp.tv\/2025\/aumenta-a-seis-la-cifra-de-fallecidos-por-atentado-explosivo-en-michoacan\/#breadcrumb","itemListElement":[{"@type":"ListItem","position":1,"name":"Portada","item":"https:\/\/canal7slp.tv\/2025\/"},{"@type":"ListItem","position":2,"name":"Aumenta a seis la cifra de fallecidos por atentado explosivo en Michoac\u00e1n"}]},{"@type":"WebSite","@id":"https:\/\/canal7slp.tv\/2025\/#website","url":"https:\/\/canal7slp.tv\/2025\/","name":"N7 - Noticieros Canal 7","description":"Somos el Medio","publisher":{"@id":"https:\/\/canal7slp.tv\/2025\/#organization"},"potentialAction":[{"@type":"SearchAction","target":{"@type":"EntryPoint","urlTemplate":"https:\/\/canal7slp.tv\/2025\/?s={search_term_string}"},"query-input":{"@type":"PropertyValueSpecification","valueRequired":true,"valueName":"search_term_string"}}],"inLanguage":"es"},{"@type":"Organization","@id":"https:\/\/canal7slp.tv\/2025\/#organization","name":"Noticieros Canal 7","url":"https:\/\/canal7slp.tv\/2025\/","logo":{"@type":"ImageObject","inLanguage":"es","@id":"https:\/\/canal7slp.tv\/2025\/#\/schema\/logo\/image\/","url":"https:\/\/canal7slp.tv\/2025\/wp-content\/uploads\/2021\/01\/logo-noticieros@2x.png","contentUrl":"https:\/\/canal7slp.tv\/2025\/wp-content\/uploads\/2021\/01\/logo-noticieros@2x.png","width":1017,"height":268,"caption":"Noticieros Canal 7"},"image":{"@id":"https:\/\/canal7slp.tv\/2025\/#\/schema\/logo\/image\/"},"sameAs":["https:\/\/www.facebook.com\/noticieroscanal7atencionciudadana\/","https:\/\/x.com\/NOTICIEROS7","https:\/\/www.instagram.com\/canal7_slp","https:\/\/www.youtube.com\/channel\/UCliiYs-gP3JfJeqdPrNdd5A"]},{"@type":"Person","@id":"https:\/\/canal7slp.tv\/2025\/#\/schema\/person\/271e2b60a96e7cc9d9ac296f4d7e414b","name":"Edici\u00f3n Web","image":{"@type":"ImageObject","inLanguage":"es","@id":"https:\/\/secure.gravatar.com\/avatar\/eee448fc3f7164808013b816ba91ac7e43bbe82a70bebac296f8bc6f0addaa1a?s=96&d=mm&r=g","url":"https:\/\/secure.gravatar.com\/avatar\/eee448fc3f7164808013b816ba91ac7e43bbe82a70bebac296f8bc6f0addaa1a?s=96&d=mm&r=g","contentUrl":"https:\/\/secure.gravatar.com\/avatar\/eee448fc3f7164808013b816ba91ac7e43bbe82a70bebac296f8bc6f0addaa1a?s=96&d=mm&r=g","caption":"Edici\u00f3n Web"},"url":"https:\/\/canal7slp.tv\/2025\/author\/edicionweb\/"}]}},"_links":{"self":[{"href":"https:\/\/canal7slp.tv\/2025\/wp-json\/wp\/v2\/posts\/187242","targetHints":{"allow":["GET"]}}],"collection":[{"href":"https:\/\/canal7slp.tv\/2025\/wp-json\/wp\/v2\/posts"}],"about":[{"href":"https:\/\/canal7slp.tv\/2025\/wp-json\/wp\/v2\/types\/post"}],"author":[{"embeddable":true,"href":"https:\/\/canal7slp.tv\/2025\/wp-json\/wp\/v2\/users\/2"}],"replies":[{"embeddable":true,"href":"https:\/\/canal7slp.tv\/2025\/wp-json\/wp\/v2\/comments?post=187242"}],"version-history":[{"count":1,"href":"https:\/\/canal7slp.tv\/2025\/wp-json\/wp\/v2\/posts\/187242\/revisions"}],"predecessor-version":[{"id":187244,"href":"https:\/\/canal7slp.tv\/2025\/wp-json\/wp\/v2\/posts\/187242\/revisions\/187244"}],"wp:featuredmedia":[{"embeddable":true,"href":"https:\/\/canal7slp.tv\/2025\/wp-json\/wp\/v2\/media\/187243"}],"wp:attachment":[{"href":"https:\/\/canal7slp.tv\/2025\/wp-json\/wp\/v2\/media?parent=187242"}],"wp:term":[{"taxonomy":"category","embeddable":true,"href":"https:\/\/canal7slp.tv\/2025\/wp-json\/wp\/v2\/categories?post=187242"},{"taxonomy":"post_tag","embeddable":true,"href":"https:\/\/canal7slp.tv\/2025\/wp-json\/wp\/v2\/tags?post=187242"}],"curies":[{"name":"wp","href":"https:\/\/api.w.org\/{rel}","templated":true}]}}