{"id":187238,"date":"2025-12-08T14:10:19","date_gmt":"2025-12-08T20:10:19","guid":{"rendered":"https:\/\/canal7slp.tv\/2025\/?p=187238"},"modified":"2025-12-08T14:10:19","modified_gmt":"2025-12-08T20:10:19","slug":"fuerte-terremoto-de-7-6-sacude-el-norte-de-japon-y-activa-alertas-de-tsunami","status":"publish","type":"post","link":"https:\/\/canal7slp.tv\/2025\/fuerte-terremoto-de-7-6-sacude-el-norte-de-japon-y-activa-alertas-de-tsunami\/","title":{"rendered":"Fuerte terremoto de 7.6 sacude el norte de Jap\u00f3n y activa alertas de tsunami"},"content":{"rendered":"<p style=\"text-align: justify;\">Aomori.- Un terremoto de magnitud 7.6 sacudi\u00f3 la regi\u00f3n norte de Jap\u00f3n durante la noche de este lunes, lo que llev\u00f3 a las autoridades a emitir alertas de tsunami para amplias zonas de la costa del Pac\u00edfico.<\/p>\n<p style=\"text-align: justify;\">El sismo, con epicentro frente a las costas de la prefectura de Aomori, alcanz\u00f3 una intensidad m\u00e1xima de nivel 6 superior en la escala s\u00edsmica japonesa en la ciudad de Hachinohe.<\/p>\n<p style=\"text-align: justify;\">Las autoridades meteorol\u00f3gicas activaron inicialmente una alerta de tsunami por olas de hasta tres metros de altura para las costas de las prefecturas de Aomori e Iwate, y el sur de la isla de Hokkaido.<\/p>\n<p style=\"text-align: justify;\">La alerta fue posteriormente rebajada a advertencia tras confirmarse la llegada de tsunamis, el mayor de los cuales fue de 70 cent\u00edmetros registrado en el puerto de Kuji, en Iwate.<\/p>\n<p style=\"text-align: justify;\">Seg\u00fan reportes de medios locales, al menos ocho personas resultaron heridas como consecuencia del terremoto, dos en Hokkaido y seis en Aomori.<\/p>\n<p style=\"text-align: justify;\">Las autoridades instaron a evacuar a miles de residentes de zonas costeras como medida de precauci\u00f3n. El gobierno estableci\u00f3 un equipo de respuesta para coordinar las labores de evaluaci\u00f3n y asistencia.<\/p>\n<p style=\"text-align: justify;\">Hasta el momento, los operadores de las centrales nucleares ubicadas en la regi\u00f3n, incluidas las de Higashidori y Onagawa, no han reportado anomal\u00edas. El terremoto tambi\u00e9n provoc\u00f3 cortes de electricidad en aproximadamente dos mil 700 hogares en Aomori.<\/p>\n<p style=\"text-align: justify;\">Jap\u00f3n, situado en el llamado \u00abAnillo de Fuego\u00bb, es una de las zonas s\u00edsmicas m\u00e1s activas del mundo. Las autoridades han advertido sobre la posibilidad de r\u00e9plicas significativas en los pr\u00f3ximos d\u00edas.<\/p>\n","protected":false},"excerpt":{"rendered":"<p>Aomori.- Un terremoto de magnitud 7.6 sacudi\u00f3 la regi\u00f3n norte de Jap\u00f3n durante la noche de este lunes, lo que llev\u00f3 a las autoridades a emitir alertas de tsunami para amplias zonas de la costa del Pac\u00edfico. El sismo, con epicentro frente a las costas de la prefectura de Aomori, alcanz\u00f3 una intensidad m\u00e1xima de nivel 6 superior en la escala s\u00edsmica japonesa en la ciudad de Hachinohe. Las autoridades meteorol\u00f3gicas activaron inicialmente una alerta de tsunami por olas de hasta tres metros de altura para las costas de las prefecturas de Aomori e Iwate, y el sur de la [&hellip;]<\/p>\n","protected":false},"author":2,"featured_media":187240,"comment_status":"closed","ping_status":"closed","sticky":false,"template":"","format":"standard","meta":{"_monsterinsights_skip_tracking":false,"_monsterinsights_sitenote_active":false,"_monsterinsights_sitenote_note":"","_monsterinsights_sitenote_category":0,"footnotes":""},"categories":[44],"tags":[],"class_list":["post-187238","post","type-post","status-publish","format-standard","has-post-thumbnail","hentry","category-internacional","post--single"],"yoast_head":"<!-- This site is optimized with the Yoast SEO plugin v27.4 - https:\/\/yoast.com\/product\/yoast-seo-wordpress\/ -->\n<title>Fuerte terremoto de 7.6 sacude el norte de Jap\u00f3n y activa alertas de tsunami - Canal 7 SLP - 2025<\/title>\n<meta name=\"robots\" content=\"index, follow, max-snippet:-1, max-image-preview:large, max-video-preview:-1\" \/>\n<link rel=\"canonical\" href=\"https:\/\/canal7slp.tv\/2025\/fuerte-terremoto-de-7-6-sacude-el-norte-de-japon-y-activa-alertas-de-tsunami\/\" \/>\n<meta property=\"og:locale\" content=\"es_ES\" \/>\n<meta property=\"og:type\" content=\"article\" \/>\n<meta property=\"og:title\" content=\"Fuerte terremoto de 7.6 sacude el norte de Jap\u00f3n y activa alertas de tsunami - Canal 7 SLP - 2025\" \/>\n<meta property=\"og:description\" content=\"Aomori.- Un terremoto de magnitud 7.6 sacudi\u00f3 la regi\u00f3n norte de Jap\u00f3n durante la noche de este lunes, lo que llev\u00f3 a las autoridades a emitir alertas de tsunami para amplias zonas de la costa del Pac\u00edfico. El sismo, con epicentro frente a las costas de la prefectura de Aomori, alcanz\u00f3 una intensidad m\u00e1xima de nivel 6 superior en la escala s\u00edsmica japonesa en la ciudad de Hachinohe. Las autoridades meteorol\u00f3gicas activaron inicialmente una alerta de tsunami por olas de hasta tres metros de altura para las costas de las prefecturas de Aomori e Iwate, y el sur de la [&hellip;]\" \/>\n<meta property=\"og:url\" content=\"https:\/\/canal7slp.tv\/2025\/fuerte-terremoto-de-7-6-sacude-el-norte-de-japon-y-activa-alertas-de-tsunami\/\" \/>\n<meta property=\"og:site_name\" content=\"Canal 7 SLP - 2025\" \/>\n<meta property=\"article:publisher\" content=\"https:\/\/www.facebook.com\/noticieroscanal7atencionciudadana\/\" \/>\n<meta property=\"article:published_time\" content=\"2025-12-08T20:10:19+00:00\" \/>\n<meta property=\"og:image\" content=\"https:\/\/canal7slp.tv\/2025\/wp-content\/uploads\/2025\/12\/03-6.jpg\" \/>\n\t<meta property=\"og:image:width\" content=\"887\" \/>\n\t<meta property=\"og:image:height\" content=\"500\" \/>\n\t<meta property=\"og:image:type\" content=\"image\/jpeg\" \/>\n<meta name=\"author\" content=\"Edici\u00f3n Web\" \/>\n<meta name=\"twitter:card\" content=\"summary_large_image\" \/>\n<meta name=\"twitter:creator\" content=\"@NOTICIEROS7\" \/>\n<meta name=\"twitter:site\" content=\"@NOTICIEROS7\" \/>\n<meta name=\"twitter:label1\" content=\"Escrito por\" \/>\n\t<meta name=\"twitter:data1\" content=\"Edici\u00f3n Web\" \/>\n\t<meta name=\"twitter:label2\" content=\"Tiempo de lectura\" \/>\n\t<meta name=\"twitter:data2\" content=\"2 minutos\" \/>\n<script type=\"application\/ld+json\" class=\"yoast-schema-graph\">{\"@context\":\"https:\\\/\\\/schema.org\",\"@graph\":[{\"@type\":\"Article\",\"@id\":\"https:\\\/\\\/canal7slp.tv\\\/2025\\\/fuerte-terremoto-de-7-6-sacude-el-norte-de-japon-y-activa-alertas-de-tsunami\\\/#article\",\"isPartOf\":{\"@id\":\"https:\\\/\\\/canal7slp.tv\\\/2025\\\/fuerte-terremoto-de-7-6-sacude-el-norte-de-japon-y-activa-alertas-de-tsunami\\\/\"},\"author\":{\"name\":\"Edici\u00f3n Web\",\"@id\":\"https:\\\/\\\/canal7slp.tv\\\/2025\\\/#\\\/schema\\\/person\\\/271e2b60a96e7cc9d9ac296f4d7e414b\"},\"headline\":\"Fuerte terremoto de 7.6 sacude el norte de Jap\u00f3n y activa alertas de tsunami\",\"datePublished\":\"2025-12-08T20:10:19+00:00\",\"mainEntityOfPage\":{\"@id\":\"https:\\\/\\\/canal7slp.tv\\\/2025\\\/fuerte-terremoto-de-7-6-sacude-el-norte-de-japon-y-activa-alertas-de-tsunami\\\/\"},\"wordCount\":286,\"publisher\":{\"@id\":\"https:\\\/\\\/canal7slp.tv\\\/2025\\\/#organization\"},\"image\":{\"@id\":\"https:\\\/\\\/canal7slp.tv\\\/2025\\\/fuerte-terremoto-de-7-6-sacude-el-norte-de-japon-y-activa-alertas-de-tsunami\\\/#primaryimage\"},\"thumbnailUrl\":\"https:\\\/\\\/canal7slp.tv\\\/2025\\\/wp-content\\\/uploads\\\/2025\\\/12\\\/03-6.jpg\",\"articleSection\":[\"INTERNACIONALES\"],\"inLanguage\":\"es\"},{\"@type\":\"WebPage\",\"@id\":\"https:\\\/\\\/canal7slp.tv\\\/2025\\\/fuerte-terremoto-de-7-6-sacude-el-norte-de-japon-y-activa-alertas-de-tsunami\\\/\",\"url\":\"https:\\\/\\\/canal7slp.tv\\\/2025\\\/fuerte-terremoto-de-7-6-sacude-el-norte-de-japon-y-activa-alertas-de-tsunami\\\/\",\"name\":\"Fuerte terremoto de 7.6 sacude el norte de Jap\u00f3n y activa alertas de tsunami - Canal 7 SLP - 2025\",\"isPartOf\":{\"@id\":\"https:\\\/\\\/canal7slp.tv\\\/2025\\\/#website\"},\"primaryImageOfPage\":{\"@id\":\"https:\\\/\\\/canal7slp.tv\\\/2025\\\/fuerte-terremoto-de-7-6-sacude-el-norte-de-japon-y-activa-alertas-de-tsunami\\\/#primaryimage\"},\"image\":{\"@id\":\"https:\\\/\\\/canal7slp.tv\\\/2025\\\/fuerte-terremoto-de-7-6-sacude-el-norte-de-japon-y-activa-alertas-de-tsunami\\\/#primaryimage\"},\"thumbnailUrl\":\"https:\\\/\\\/canal7slp.tv\\\/2025\\\/wp-content\\\/uploads\\\/2025\\\/12\\\/03-6.jpg\",\"datePublished\":\"2025-12-08T20:10:19+00:00\",\"breadcrumb\":{\"@id\":\"https:\\\/\\\/canal7slp.tv\\\/2025\\\/fuerte-terremoto-de-7-6-sacude-el-norte-de-japon-y-activa-alertas-de-tsunami\\\/#breadcrumb\"},\"inLanguage\":\"es\",\"potentialAction\":[{\"@type\":\"ReadAction\",\"target\":[\"https:\\\/\\\/canal7slp.tv\\\/2025\\\/fuerte-terremoto-de-7-6-sacude-el-norte-de-japon-y-activa-alertas-de-tsunami\\\/\"]}]},{\"@type\":\"ImageObject\",\"inLanguage\":\"es\",\"@id\":\"https:\\\/\\\/canal7slp.tv\\\/2025\\\/fuerte-terremoto-de-7-6-sacude-el-norte-de-japon-y-activa-alertas-de-tsunami\\\/#primaryimage\",\"url\":\"https:\\\/\\\/canal7slp.tv\\\/2025\\\/wp-content\\\/uploads\\\/2025\\\/12\\\/03-6.jpg\",\"contentUrl\":\"https:\\\/\\\/canal7slp.tv\\\/2025\\\/wp-content\\\/uploads\\\/2025\\\/12\\\/03-6.jpg\",\"width\":887,\"height\":500},{\"@type\":\"BreadcrumbList\",\"@id\":\"https:\\\/\\\/canal7slp.tv\\\/2025\\\/fuerte-terremoto-de-7-6-sacude-el-norte-de-japon-y-activa-alertas-de-tsunami\\\/#breadcrumb\",\"itemListElement\":[{\"@type\":\"ListItem\",\"position\":1,\"name\":\"Portada\",\"item\":\"https:\\\/\\\/canal7slp.tv\\\/2025\\\/\"},{\"@type\":\"ListItem\",\"position\":2,\"name\":\"Fuerte terremoto de 7.6 sacude el norte de Jap\u00f3n y activa alertas de tsunami\"}]},{\"@type\":\"WebSite\",\"@id\":\"https:\\\/\\\/canal7slp.tv\\\/2025\\\/#website\",\"url\":\"https:\\\/\\\/canal7slp.tv\\\/2025\\\/\",\"name\":\"N7 - Noticieros Canal 7\",\"description\":\"Somos el Medio\",\"publisher\":{\"@id\":\"https:\\\/\\\/canal7slp.tv\\\/2025\\\/#organization\"},\"potentialAction\":[{\"@type\":\"SearchAction\",\"target\":{\"@type\":\"EntryPoint\",\"urlTemplate\":\"https:\\\/\\\/canal7slp.tv\\\/2025\\\/?s={search_term_string}\"},\"query-input\":{\"@type\":\"PropertyValueSpecification\",\"valueRequired\":true,\"valueName\":\"search_term_string\"}}],\"inLanguage\":\"es\"},{\"@type\":\"Organization\",\"@id\":\"https:\\\/\\\/canal7slp.tv\\\/2025\\\/#organization\",\"name\":\"Noticieros Canal 7\",\"url\":\"https:\\\/\\\/canal7slp.tv\\\/2025\\\/\",\"logo\":{\"@type\":\"ImageObject\",\"inLanguage\":\"es\",\"@id\":\"https:\\\/\\\/canal7slp.tv\\\/2025\\\/#\\\/schema\\\/logo\\\/image\\\/\",\"url\":\"https:\\\/\\\/canal7slp.tv\\\/2025\\\/wp-content\\\/uploads\\\/2021\\\/01\\\/logo-noticieros@2x.png\",\"contentUrl\":\"https:\\\/\\\/canal7slp.tv\\\/2025\\\/wp-content\\\/uploads\\\/2021\\\/01\\\/logo-noticieros@2x.png\",\"width\":1017,\"height\":268,\"caption\":\"Noticieros Canal 7\"},\"image\":{\"@id\":\"https:\\\/\\\/canal7slp.tv\\\/2025\\\/#\\\/schema\\\/logo\\\/image\\\/\"},\"sameAs\":[\"https:\\\/\\\/www.facebook.com\\\/noticieroscanal7atencionciudadana\\\/\",\"https:\\\/\\\/x.com\\\/NOTICIEROS7\",\"https:\\\/\\\/www.instagram.com\\\/canal7_slp\",\"https:\\\/\\\/www.youtube.com\\\/channel\\\/UCliiYs-gP3JfJeqdPrNdd5A\"]},{\"@type\":\"Person\",\"@id\":\"https:\\\/\\\/canal7slp.tv\\\/2025\\\/#\\\/schema\\\/person\\\/271e2b60a96e7cc9d9ac296f4d7e414b\",\"name\":\"Edici\u00f3n Web\",\"image\":{\"@type\":\"ImageObject\",\"inLanguage\":\"es\",\"@id\":\"https:\\\/\\\/secure.gravatar.com\\\/avatar\\\/eee448fc3f7164808013b816ba91ac7e43bbe82a70bebac296f8bc6f0addaa1a?s=96&d=mm&r=g\",\"url\":\"https:\\\/\\\/secure.gravatar.com\\\/avatar\\\/eee448fc3f7164808013b816ba91ac7e43bbe82a70bebac296f8bc6f0addaa1a?s=96&d=mm&r=g\",\"contentUrl\":\"https:\\\/\\\/secure.gravatar.com\\\/avatar\\\/eee448fc3f7164808013b816ba91ac7e43bbe82a70bebac296f8bc6f0addaa1a?s=96&d=mm&r=g\",\"caption\":\"Edici\u00f3n Web\"},\"url\":\"https:\\\/\\\/canal7slp.tv\\\/2025\\\/author\\\/edicionweb\\\/\"}]}<\/script>\n<!-- \/ Yoast SEO plugin. -->","yoast_head_json":{"title":"Fuerte terremoto de 7.6 sacude el norte de Jap\u00f3n y activa alertas de tsunami - Canal 7 SLP - 2025","robots":{"index":"index","follow":"follow","max-snippet":"max-snippet:-1","max-image-preview":"max-image-preview:large","max-video-preview":"max-video-preview:-1"},"canonical":"https:\/\/canal7slp.tv\/2025\/fuerte-terremoto-de-7-6-sacude-el-norte-de-japon-y-activa-alertas-de-tsunami\/","og_locale":"es_ES","og_type":"article","og_title":"Fuerte terremoto de 7.6 sacude el norte de Jap\u00f3n y activa alertas de tsunami - Canal 7 SLP - 2025","og_description":"Aomori.- Un terremoto de magnitud 7.6 sacudi\u00f3 la regi\u00f3n norte de Jap\u00f3n durante la noche de este lunes, lo que llev\u00f3 a las autoridades a emitir alertas de tsunami para amplias zonas de la costa del Pac\u00edfico. El sismo, con epicentro frente a las costas de la prefectura de Aomori, alcanz\u00f3 una intensidad m\u00e1xima de nivel 6 superior en la escala s\u00edsmica japonesa en la ciudad de Hachinohe. Las autoridades meteorol\u00f3gicas activaron inicialmente una alerta de tsunami por olas de hasta tres metros de altura para las costas de las prefecturas de Aomori e Iwate, y el sur de la [&hellip;]","og_url":"https:\/\/canal7slp.tv\/2025\/fuerte-terremoto-de-7-6-sacude-el-norte-de-japon-y-activa-alertas-de-tsunami\/","og_site_name":"Canal 7 SLP - 2025","article_publisher":"https:\/\/www.facebook.com\/noticieroscanal7atencionciudadana\/","article_published_time":"2025-12-08T20:10:19+00:00","og_image":[{"width":887,"height":500,"url":"https:\/\/canal7slp.tv\/2025\/wp-content\/uploads\/2025\/12\/03-6.jpg","type":"image\/jpeg"}],"author":"Edici\u00f3n Web","twitter_card":"summary_large_image","twitter_creator":"@NOTICIEROS7","twitter_site":"@NOTICIEROS7","twitter_misc":{"Escrito por":"Edici\u00f3n Web","Tiempo de lectura":"2 minutos"},"schema":{"@context":"https:\/\/schema.org","@graph":[{"@type":"Article","@id":"https:\/\/canal7slp.tv\/2025\/fuerte-terremoto-de-7-6-sacude-el-norte-de-japon-y-activa-alertas-de-tsunami\/#article","isPartOf":{"@id":"https:\/\/canal7slp.tv\/2025\/fuerte-terremoto-de-7-6-sacude-el-norte-de-japon-y-activa-alertas-de-tsunami\/"},"author":{"name":"Edici\u00f3n Web","@id":"https:\/\/canal7slp.tv\/2025\/#\/schema\/person\/271e2b60a96e7cc9d9ac296f4d7e414b"},"headline":"Fuerte terremoto de 7.6 sacude el norte de Jap\u00f3n y activa alertas de tsunami","datePublished":"2025-12-08T20:10:19+00:00","mainEntityOfPage":{"@id":"https:\/\/canal7slp.tv\/2025\/fuerte-terremoto-de-7-6-sacude-el-norte-de-japon-y-activa-alertas-de-tsunami\/"},"wordCount":286,"publisher":{"@id":"https:\/\/canal7slp.tv\/2025\/#organization"},"image":{"@id":"https:\/\/canal7slp.tv\/2025\/fuerte-terremoto-de-7-6-sacude-el-norte-de-japon-y-activa-alertas-de-tsunami\/#primaryimage"},"thumbnailUrl":"https:\/\/canal7slp.tv\/2025\/wp-content\/uploads\/2025\/12\/03-6.jpg","articleSection":["INTERNACIONALES"],"inLanguage":"es"},{"@type":"WebPage","@id":"https:\/\/canal7slp.tv\/2025\/fuerte-terremoto-de-7-6-sacude-el-norte-de-japon-y-activa-alertas-de-tsunami\/","url":"https:\/\/canal7slp.tv\/2025\/fuerte-terremoto-de-7-6-sacude-el-norte-de-japon-y-activa-alertas-de-tsunami\/","name":"Fuerte terremoto de 7.6 sacude el norte de Jap\u00f3n y activa alertas de tsunami - Canal 7 SLP - 2025","isPartOf":{"@id":"https:\/\/canal7slp.tv\/2025\/#website"},"primaryImageOfPage":{"@id":"https:\/\/canal7slp.tv\/2025\/fuerte-terremoto-de-7-6-sacude-el-norte-de-japon-y-activa-alertas-de-tsunami\/#primaryimage"},"image":{"@id":"https:\/\/canal7slp.tv\/2025\/fuerte-terremoto-de-7-6-sacude-el-norte-de-japon-y-activa-alertas-de-tsunami\/#primaryimage"},"thumbnailUrl":"https:\/\/canal7slp.tv\/2025\/wp-content\/uploads\/2025\/12\/03-6.jpg","datePublished":"2025-12-08T20:10:19+00:00","breadcrumb":{"@id":"https:\/\/canal7slp.tv\/2025\/fuerte-terremoto-de-7-6-sacude-el-norte-de-japon-y-activa-alertas-de-tsunami\/#breadcrumb"},"inLanguage":"es","potentialAction":[{"@type":"ReadAction","target":["https:\/\/canal7slp.tv\/2025\/fuerte-terremoto-de-7-6-sacude-el-norte-de-japon-y-activa-alertas-de-tsunami\/"]}]},{"@type":"ImageObject","inLanguage":"es","@id":"https:\/\/canal7slp.tv\/2025\/fuerte-terremoto-de-7-6-sacude-el-norte-de-japon-y-activa-alertas-de-tsunami\/#primaryimage","url":"https:\/\/canal7slp.tv\/2025\/wp-content\/uploads\/2025\/12\/03-6.jpg","contentUrl":"https:\/\/canal7slp.tv\/2025\/wp-content\/uploads\/2025\/12\/03-6.jpg","width":887,"height":500},{"@type":"BreadcrumbList","@id":"https:\/\/canal7slp.tv\/2025\/fuerte-terremoto-de-7-6-sacude-el-norte-de-japon-y-activa-alertas-de-tsunami\/#breadcrumb","itemListElement":[{"@type":"ListItem","position":1,"name":"Portada","item":"https:\/\/canal7slp.tv\/2025\/"},{"@type":"ListItem","position":2,"name":"Fuerte terremoto de 7.6 sacude el norte de Jap\u00f3n y activa alertas de tsunami"}]},{"@type":"WebSite","@id":"https:\/\/canal7slp.tv\/2025\/#website","url":"https:\/\/canal7slp.tv\/2025\/","name":"N7 - Noticieros Canal 7","description":"Somos el Medio","publisher":{"@id":"https:\/\/canal7slp.tv\/2025\/#organization"},"potentialAction":[{"@type":"SearchAction","target":{"@type":"EntryPoint","urlTemplate":"https:\/\/canal7slp.tv\/2025\/?s={search_term_string}"},"query-input":{"@type":"PropertyValueSpecification","valueRequired":true,"valueName":"search_term_string"}}],"inLanguage":"es"},{"@type":"Organization","@id":"https:\/\/canal7slp.tv\/2025\/#organization","name":"Noticieros Canal 7","url":"https:\/\/canal7slp.tv\/2025\/","logo":{"@type":"ImageObject","inLanguage":"es","@id":"https:\/\/canal7slp.tv\/2025\/#\/schema\/logo\/image\/","url":"https:\/\/canal7slp.tv\/2025\/wp-content\/uploads\/2021\/01\/logo-noticieros@2x.png","contentUrl":"https:\/\/canal7slp.tv\/2025\/wp-content\/uploads\/2021\/01\/logo-noticieros@2x.png","width":1017,"height":268,"caption":"Noticieros Canal 7"},"image":{"@id":"https:\/\/canal7slp.tv\/2025\/#\/schema\/logo\/image\/"},"sameAs":["https:\/\/www.facebook.com\/noticieroscanal7atencionciudadana\/","https:\/\/x.com\/NOTICIEROS7","https:\/\/www.instagram.com\/canal7_slp","https:\/\/www.youtube.com\/channel\/UCliiYs-gP3JfJeqdPrNdd5A"]},{"@type":"Person","@id":"https:\/\/canal7slp.tv\/2025\/#\/schema\/person\/271e2b60a96e7cc9d9ac296f4d7e414b","name":"Edici\u00f3n Web","image":{"@type":"ImageObject","inLanguage":"es","@id":"https:\/\/secure.gravatar.com\/avatar\/eee448fc3f7164808013b816ba91ac7e43bbe82a70bebac296f8bc6f0addaa1a?s=96&d=mm&r=g","url":"https:\/\/secure.gravatar.com\/avatar\/eee448fc3f7164808013b816ba91ac7e43bbe82a70bebac296f8bc6f0addaa1a?s=96&d=mm&r=g","contentUrl":"https:\/\/secure.gravatar.com\/avatar\/eee448fc3f7164808013b816ba91ac7e43bbe82a70bebac296f8bc6f0addaa1a?s=96&d=mm&r=g","caption":"Edici\u00f3n Web"},"url":"https:\/\/canal7slp.tv\/2025\/author\/edicionweb\/"}]}},"_links":{"self":[{"href":"https:\/\/canal7slp.tv\/2025\/wp-json\/wp\/v2\/posts\/187238","targetHints":{"allow":["GET"]}}],"collection":[{"href":"https:\/\/canal7slp.tv\/2025\/wp-json\/wp\/v2\/posts"}],"about":[{"href":"https:\/\/canal7slp.tv\/2025\/wp-json\/wp\/v2\/types\/post"}],"author":[{"embeddable":true,"href":"https:\/\/canal7slp.tv\/2025\/wp-json\/wp\/v2\/users\/2"}],"replies":[{"embeddable":true,"href":"https:\/\/canal7slp.tv\/2025\/wp-json\/wp\/v2\/comments?post=187238"}],"version-history":[{"count":1,"href":"https:\/\/canal7slp.tv\/2025\/wp-json\/wp\/v2\/posts\/187238\/revisions"}],"predecessor-version":[{"id":187241,"href":"https:\/\/canal7slp.tv\/2025\/wp-json\/wp\/v2\/posts\/187238\/revisions\/187241"}],"wp:featuredmedia":[{"embeddable":true,"href":"https:\/\/canal7slp.tv\/2025\/wp-json\/wp\/v2\/media\/187240"}],"wp:attachment":[{"href":"https:\/\/canal7slp.tv\/2025\/wp-json\/wp\/v2\/media?parent=187238"}],"wp:term":[{"taxonomy":"category","embeddable":true,"href":"https:\/\/canal7slp.tv\/2025\/wp-json\/wp\/v2\/categories?post=187238"},{"taxonomy":"post_tag","embeddable":true,"href":"https:\/\/canal7slp.tv\/2025\/wp-json\/wp\/v2\/tags?post=187238"}],"curies":[{"name":"wp","href":"https:\/\/api.w.org\/{rel}","templated":true}]}}