{"id":187230,"date":"2025-12-08T13:45:03","date_gmt":"2025-12-08T19:45:03","guid":{"rendered":"https:\/\/canal7slp.tv\/2025\/?p=187230"},"modified":"2025-12-08T13:45:03","modified_gmt":"2025-12-08T19:45:03","slug":"marco-de-ley-contra-extorsion-trastocaria-a-comunicadores-rafael-vargas-pasaye","status":"publish","type":"post","link":"https:\/\/canal7slp.tv\/2025\/marco-de-ley-contra-extorsion-trastocaria-a-comunicadores-rafael-vargas-pasaye\/","title":{"rendered":"Marco de Ley contra extorsi\u00f3n, trastocar\u00eda a comunicadores: Rafael Vargas Pasaye"},"content":{"rendered":"<p style=\"text-align: justify;\">SLP.- Medios de comunicaci\u00f3n se ven trastocados en su libertad de expresi\u00f3n por el actual marco legal en el pa\u00eds, as\u00ed lo hizo saber el consultor pol\u00edtico Rafael Vargas Pasaye.<\/p>\n<p style=\"text-align: justify;\">\u201cEn todo M\u00e9xico vemos entidades como Puebla o como Campeche donde ha sido notorio este tipo de actos\u00bb.<\/p>\n<p style=\"text-align: justify;\">La C\u00e1mara de Diputados de M\u00e9xico aprob\u00f3 la reforma que expide una nueva Ley General en materia de Extorsi\u00f3n.<\/p>\n<p style=\"text-align: justify;\">\u201cY hay algo que tambi\u00e9n se llama auto censura, pues tambi\u00e9n piensan o le dan una valoraci\u00f3n al tipo de notas que desean sacar\u201d.<\/p>\n<p style=\"text-align: justify;\">Acept\u00f3 que la modificaci\u00f3n a la Ley General en materia de Extorsi\u00f3n pudiera ser manipulada en su finalidad.<\/p>\n<p style=\"text-align: justify;\">\u201cS\u00ed creo que estamos en un problema (\u2026) de este marco legal que puede llegar a ser o que ya es en algunos estados\u00bb.<\/p>\n<p style=\"text-align: justify;\">La conferencia se dio en el marco de las capacitaciones ofrecidas por el Instituto de Formaci\u00f3n Pol\u00edtica \u201cJes\u00fas Reyes Heroles\u201d del Partido Revolucionario Institucional.<\/p>\n<p style=\"text-align: justify;\">\u201cFue una capacitaci\u00f3n enfocada en el tema de narrativas, de comunicaci\u00f3n y transmisi\u00f3n de un mensaje y c\u00f3mo conformar una narrativa para impactar en la ciudadan\u00eda\u201d.<\/p>\n<p style=\"text-align: justify;\">Por: Juan Carlos Contreras<\/p>\n","protected":false},"excerpt":{"rendered":"<p>SLP.- Medios de comunicaci\u00f3n se ven trastocados en su libertad de expresi\u00f3n por el actual marco legal en el pa\u00eds, as\u00ed lo hizo saber el consultor pol\u00edtico Rafael Vargas Pasaye. \u201cEn todo M\u00e9xico vemos entidades como Puebla o como Campeche donde ha sido notorio este tipo de actos\u00bb. La C\u00e1mara de Diputados de M\u00e9xico aprob\u00f3 la reforma que expide una nueva Ley General en materia de Extorsi\u00f3n. \u201cY hay algo que tambi\u00e9n se llama auto censura, pues tambi\u00e9n piensan o le dan una valoraci\u00f3n al tipo de notas que desean sacar\u201d. Acept\u00f3 que la modificaci\u00f3n a la Ley General en [&hellip;]<\/p>\n","protected":false},"author":2,"featured_media":187231,"comment_status":"closed","ping_status":"closed","sticky":false,"template":"","format":"video","meta":{"_monsterinsights_skip_tracking":false,"_monsterinsights_sitenote_active":false,"_monsterinsights_sitenote_note":"","_monsterinsights_sitenote_category":0,"footnotes":""},"categories":[5,45],"tags":[],"class_list":["post-187230","post","type-post","status-publish","format-video","has-post-thumbnail","hentry","category-destacadas","category-localesyregionales","post_format-post-format-video","post--single"],"yoast_head":"<!-- This site is optimized with the Yoast SEO plugin v27.4 - https:\/\/yoast.com\/product\/yoast-seo-wordpress\/ -->\n<title>Marco de Ley contra extorsi\u00f3n, trastocar\u00eda a comunicadores: Rafael Vargas Pasaye - Canal 7 SLP - 2025<\/title>\n<meta name=\"robots\" content=\"index, follow, max-snippet:-1, max-image-preview:large, max-video-preview:-1\" \/>\n<link rel=\"canonical\" href=\"https:\/\/canal7slp.tv\/2025\/marco-de-ley-contra-extorsion-trastocaria-a-comunicadores-rafael-vargas-pasaye\/\" \/>\n<meta property=\"og:locale\" content=\"es_ES\" \/>\n<meta property=\"og:type\" content=\"article\" \/>\n<meta property=\"og:title\" content=\"Marco de Ley contra extorsi\u00f3n, trastocar\u00eda a comunicadores: Rafael Vargas Pasaye - Canal 7 SLP - 2025\" \/>\n<meta property=\"og:description\" content=\"SLP.- Medios de comunicaci\u00f3n se ven trastocados en su libertad de expresi\u00f3n por el actual marco legal en el pa\u00eds, as\u00ed lo hizo saber el consultor pol\u00edtico Rafael Vargas Pasaye. \u201cEn todo M\u00e9xico vemos entidades como Puebla o como Campeche donde ha sido notorio este tipo de actos\u00bb. La C\u00e1mara de Diputados de M\u00e9xico aprob\u00f3 la reforma que expide una nueva Ley General en materia de Extorsi\u00f3n. \u201cY hay algo que tambi\u00e9n se llama auto censura, pues tambi\u00e9n piensan o le dan una valoraci\u00f3n al tipo de notas que desean sacar\u201d. Acept\u00f3 que la modificaci\u00f3n a la Ley General en [&hellip;]\" \/>\n<meta property=\"og:url\" content=\"https:\/\/canal7slp.tv\/2025\/marco-de-ley-contra-extorsion-trastocaria-a-comunicadores-rafael-vargas-pasaye\/\" \/>\n<meta property=\"og:site_name\" content=\"Canal 7 SLP - 2025\" \/>\n<meta property=\"article:publisher\" content=\"https:\/\/www.facebook.com\/noticieroscanal7atencionciudadana\/\" \/>\n<meta property=\"article:published_time\" content=\"2025-12-08T19:45:03+00:00\" \/>\n<meta property=\"og:image\" content=\"https:\/\/canal7slp.tv\/2025\/wp-content\/uploads\/2025\/12\/Poky02VargasPasaye.jpg\" \/>\n\t<meta property=\"og:image:width\" content=\"1280\" \/>\n\t<meta property=\"og:image:height\" content=\"720\" \/>\n\t<meta property=\"og:image:type\" content=\"image\/jpeg\" \/>\n<meta name=\"author\" content=\"Edici\u00f3n Web\" \/>\n<meta name=\"twitter:card\" content=\"summary_large_image\" \/>\n<meta name=\"twitter:creator\" content=\"@NOTICIEROS7\" \/>\n<meta name=\"twitter:site\" content=\"@NOTICIEROS7\" \/>\n<meta name=\"twitter:label1\" content=\"Escrito por\" \/>\n\t<meta name=\"twitter:data1\" content=\"Edici\u00f3n Web\" \/>\n\t<meta name=\"twitter:label2\" content=\"Tiempo de lectura\" \/>\n\t<meta name=\"twitter:data2\" content=\"2 minutos\" \/>\n<script type=\"application\/ld+json\" class=\"yoast-schema-graph\">{\"@context\":\"https:\\\/\\\/schema.org\",\"@graph\":[{\"@type\":\"Article\",\"@id\":\"https:\\\/\\\/canal7slp.tv\\\/2025\\\/marco-de-ley-contra-extorsion-trastocaria-a-comunicadores-rafael-vargas-pasaye\\\/#article\",\"isPartOf\":{\"@id\":\"https:\\\/\\\/canal7slp.tv\\\/2025\\\/marco-de-ley-contra-extorsion-trastocaria-a-comunicadores-rafael-vargas-pasaye\\\/\"},\"author\":{\"name\":\"Edici\u00f3n Web\",\"@id\":\"https:\\\/\\\/canal7slp.tv\\\/2025\\\/#\\\/schema\\\/person\\\/271e2b60a96e7cc9d9ac296f4d7e414b\"},\"headline\":\"Marco de Ley contra extorsi\u00f3n, trastocar\u00eda a comunicadores: Rafael Vargas Pasaye\",\"datePublished\":\"2025-12-08T19:45:03+00:00\",\"mainEntityOfPage\":{\"@id\":\"https:\\\/\\\/canal7slp.tv\\\/2025\\\/marco-de-ley-contra-extorsion-trastocaria-a-comunicadores-rafael-vargas-pasaye\\\/\"},\"wordCount\":221,\"publisher\":{\"@id\":\"https:\\\/\\\/canal7slp.tv\\\/2025\\\/#organization\"},\"image\":{\"@id\":\"https:\\\/\\\/canal7slp.tv\\\/2025\\\/marco-de-ley-contra-extorsion-trastocaria-a-comunicadores-rafael-vargas-pasaye\\\/#primaryimage\"},\"thumbnailUrl\":\"https:\\\/\\\/canal7slp.tv\\\/2025\\\/wp-content\\\/uploads\\\/2025\\\/12\\\/Poky02VargasPasaye.jpg\",\"articleSection\":[\"DESTACADAS\",\"LOCALES Y REGIONALES\"],\"inLanguage\":\"es\"},{\"@type\":\"WebPage\",\"@id\":\"https:\\\/\\\/canal7slp.tv\\\/2025\\\/marco-de-ley-contra-extorsion-trastocaria-a-comunicadores-rafael-vargas-pasaye\\\/\",\"url\":\"https:\\\/\\\/canal7slp.tv\\\/2025\\\/marco-de-ley-contra-extorsion-trastocaria-a-comunicadores-rafael-vargas-pasaye\\\/\",\"name\":\"Marco de Ley contra extorsi\u00f3n, trastocar\u00eda a comunicadores: Rafael Vargas Pasaye - Canal 7 SLP - 2025\",\"isPartOf\":{\"@id\":\"https:\\\/\\\/canal7slp.tv\\\/2025\\\/#website\"},\"primaryImageOfPage\":{\"@id\":\"https:\\\/\\\/canal7slp.tv\\\/2025\\\/marco-de-ley-contra-extorsion-trastocaria-a-comunicadores-rafael-vargas-pasaye\\\/#primaryimage\"},\"image\":{\"@id\":\"https:\\\/\\\/canal7slp.tv\\\/2025\\\/marco-de-ley-contra-extorsion-trastocaria-a-comunicadores-rafael-vargas-pasaye\\\/#primaryimage\"},\"thumbnailUrl\":\"https:\\\/\\\/canal7slp.tv\\\/2025\\\/wp-content\\\/uploads\\\/2025\\\/12\\\/Poky02VargasPasaye.jpg\",\"datePublished\":\"2025-12-08T19:45:03+00:00\",\"breadcrumb\":{\"@id\":\"https:\\\/\\\/canal7slp.tv\\\/2025\\\/marco-de-ley-contra-extorsion-trastocaria-a-comunicadores-rafael-vargas-pasaye\\\/#breadcrumb\"},\"inLanguage\":\"es\",\"potentialAction\":[{\"@type\":\"ReadAction\",\"target\":[\"https:\\\/\\\/canal7slp.tv\\\/2025\\\/marco-de-ley-contra-extorsion-trastocaria-a-comunicadores-rafael-vargas-pasaye\\\/\"]}]},{\"@type\":\"ImageObject\",\"inLanguage\":\"es\",\"@id\":\"https:\\\/\\\/canal7slp.tv\\\/2025\\\/marco-de-ley-contra-extorsion-trastocaria-a-comunicadores-rafael-vargas-pasaye\\\/#primaryimage\",\"url\":\"https:\\\/\\\/canal7slp.tv\\\/2025\\\/wp-content\\\/uploads\\\/2025\\\/12\\\/Poky02VargasPasaye.jpg\",\"contentUrl\":\"https:\\\/\\\/canal7slp.tv\\\/2025\\\/wp-content\\\/uploads\\\/2025\\\/12\\\/Poky02VargasPasaye.jpg\",\"width\":1280,\"height\":720},{\"@type\":\"BreadcrumbList\",\"@id\":\"https:\\\/\\\/canal7slp.tv\\\/2025\\\/marco-de-ley-contra-extorsion-trastocaria-a-comunicadores-rafael-vargas-pasaye\\\/#breadcrumb\",\"itemListElement\":[{\"@type\":\"ListItem\",\"position\":1,\"name\":\"Portada\",\"item\":\"https:\\\/\\\/canal7slp.tv\\\/2025\\\/\"},{\"@type\":\"ListItem\",\"position\":2,\"name\":\"Marco de Ley contra extorsi\u00f3n, trastocar\u00eda a comunicadores: Rafael Vargas Pasaye\"}]},{\"@type\":\"WebSite\",\"@id\":\"https:\\\/\\\/canal7slp.tv\\\/2025\\\/#website\",\"url\":\"https:\\\/\\\/canal7slp.tv\\\/2025\\\/\",\"name\":\"N7 - Noticieros Canal 7\",\"description\":\"Somos el Medio\",\"publisher\":{\"@id\":\"https:\\\/\\\/canal7slp.tv\\\/2025\\\/#organization\"},\"potentialAction\":[{\"@type\":\"SearchAction\",\"target\":{\"@type\":\"EntryPoint\",\"urlTemplate\":\"https:\\\/\\\/canal7slp.tv\\\/2025\\\/?s={search_term_string}\"},\"query-input\":{\"@type\":\"PropertyValueSpecification\",\"valueRequired\":true,\"valueName\":\"search_term_string\"}}],\"inLanguage\":\"es\"},{\"@type\":\"Organization\",\"@id\":\"https:\\\/\\\/canal7slp.tv\\\/2025\\\/#organization\",\"name\":\"Noticieros Canal 7\",\"url\":\"https:\\\/\\\/canal7slp.tv\\\/2025\\\/\",\"logo\":{\"@type\":\"ImageObject\",\"inLanguage\":\"es\",\"@id\":\"https:\\\/\\\/canal7slp.tv\\\/2025\\\/#\\\/schema\\\/logo\\\/image\\\/\",\"url\":\"https:\\\/\\\/canal7slp.tv\\\/2025\\\/wp-content\\\/uploads\\\/2021\\\/01\\\/logo-noticieros@2x.png\",\"contentUrl\":\"https:\\\/\\\/canal7slp.tv\\\/2025\\\/wp-content\\\/uploads\\\/2021\\\/01\\\/logo-noticieros@2x.png\",\"width\":1017,\"height\":268,\"caption\":\"Noticieros Canal 7\"},\"image\":{\"@id\":\"https:\\\/\\\/canal7slp.tv\\\/2025\\\/#\\\/schema\\\/logo\\\/image\\\/\"},\"sameAs\":[\"https:\\\/\\\/www.facebook.com\\\/noticieroscanal7atencionciudadana\\\/\",\"https:\\\/\\\/x.com\\\/NOTICIEROS7\",\"https:\\\/\\\/www.instagram.com\\\/canal7_slp\",\"https:\\\/\\\/www.youtube.com\\\/channel\\\/UCliiYs-gP3JfJeqdPrNdd5A\"]},{\"@type\":\"Person\",\"@id\":\"https:\\\/\\\/canal7slp.tv\\\/2025\\\/#\\\/schema\\\/person\\\/271e2b60a96e7cc9d9ac296f4d7e414b\",\"name\":\"Edici\u00f3n Web\",\"image\":{\"@type\":\"ImageObject\",\"inLanguage\":\"es\",\"@id\":\"https:\\\/\\\/secure.gravatar.com\\\/avatar\\\/eee448fc3f7164808013b816ba91ac7e43bbe82a70bebac296f8bc6f0addaa1a?s=96&d=mm&r=g\",\"url\":\"https:\\\/\\\/secure.gravatar.com\\\/avatar\\\/eee448fc3f7164808013b816ba91ac7e43bbe82a70bebac296f8bc6f0addaa1a?s=96&d=mm&r=g\",\"contentUrl\":\"https:\\\/\\\/secure.gravatar.com\\\/avatar\\\/eee448fc3f7164808013b816ba91ac7e43bbe82a70bebac296f8bc6f0addaa1a?s=96&d=mm&r=g\",\"caption\":\"Edici\u00f3n Web\"},\"url\":\"https:\\\/\\\/canal7slp.tv\\\/2025\\\/author\\\/edicionweb\\\/\"}]}<\/script>\n<!-- \/ Yoast SEO plugin. -->","yoast_head_json":{"title":"Marco de Ley contra extorsi\u00f3n, trastocar\u00eda a comunicadores: Rafael Vargas Pasaye - Canal 7 SLP - 2025","robots":{"index":"index","follow":"follow","max-snippet":"max-snippet:-1","max-image-preview":"max-image-preview:large","max-video-preview":"max-video-preview:-1"},"canonical":"https:\/\/canal7slp.tv\/2025\/marco-de-ley-contra-extorsion-trastocaria-a-comunicadores-rafael-vargas-pasaye\/","og_locale":"es_ES","og_type":"article","og_title":"Marco de Ley contra extorsi\u00f3n, trastocar\u00eda a comunicadores: Rafael Vargas Pasaye - Canal 7 SLP - 2025","og_description":"SLP.- Medios de comunicaci\u00f3n se ven trastocados en su libertad de expresi\u00f3n por el actual marco legal en el pa\u00eds, as\u00ed lo hizo saber el consultor pol\u00edtico Rafael Vargas Pasaye. \u201cEn todo M\u00e9xico vemos entidades como Puebla o como Campeche donde ha sido notorio este tipo de actos\u00bb. La C\u00e1mara de Diputados de M\u00e9xico aprob\u00f3 la reforma que expide una nueva Ley General en materia de Extorsi\u00f3n. \u201cY hay algo que tambi\u00e9n se llama auto censura, pues tambi\u00e9n piensan o le dan una valoraci\u00f3n al tipo de notas que desean sacar\u201d. Acept\u00f3 que la modificaci\u00f3n a la Ley General en [&hellip;]","og_url":"https:\/\/canal7slp.tv\/2025\/marco-de-ley-contra-extorsion-trastocaria-a-comunicadores-rafael-vargas-pasaye\/","og_site_name":"Canal 7 SLP - 2025","article_publisher":"https:\/\/www.facebook.com\/noticieroscanal7atencionciudadana\/","article_published_time":"2025-12-08T19:45:03+00:00","og_image":[{"width":1280,"height":720,"url":"https:\/\/canal7slp.tv\/2025\/wp-content\/uploads\/2025\/12\/Poky02VargasPasaye.jpg","type":"image\/jpeg"}],"author":"Edici\u00f3n Web","twitter_card":"summary_large_image","twitter_creator":"@NOTICIEROS7","twitter_site":"@NOTICIEROS7","twitter_misc":{"Escrito por":"Edici\u00f3n Web","Tiempo de lectura":"2 minutos"},"schema":{"@context":"https:\/\/schema.org","@graph":[{"@type":"Article","@id":"https:\/\/canal7slp.tv\/2025\/marco-de-ley-contra-extorsion-trastocaria-a-comunicadores-rafael-vargas-pasaye\/#article","isPartOf":{"@id":"https:\/\/canal7slp.tv\/2025\/marco-de-ley-contra-extorsion-trastocaria-a-comunicadores-rafael-vargas-pasaye\/"},"author":{"name":"Edici\u00f3n Web","@id":"https:\/\/canal7slp.tv\/2025\/#\/schema\/person\/271e2b60a96e7cc9d9ac296f4d7e414b"},"headline":"Marco de Ley contra extorsi\u00f3n, trastocar\u00eda a comunicadores: Rafael Vargas Pasaye","datePublished":"2025-12-08T19:45:03+00:00","mainEntityOfPage":{"@id":"https:\/\/canal7slp.tv\/2025\/marco-de-ley-contra-extorsion-trastocaria-a-comunicadores-rafael-vargas-pasaye\/"},"wordCount":221,"publisher":{"@id":"https:\/\/canal7slp.tv\/2025\/#organization"},"image":{"@id":"https:\/\/canal7slp.tv\/2025\/marco-de-ley-contra-extorsion-trastocaria-a-comunicadores-rafael-vargas-pasaye\/#primaryimage"},"thumbnailUrl":"https:\/\/canal7slp.tv\/2025\/wp-content\/uploads\/2025\/12\/Poky02VargasPasaye.jpg","articleSection":["DESTACADAS","LOCALES Y REGIONALES"],"inLanguage":"es"},{"@type":"WebPage","@id":"https:\/\/canal7slp.tv\/2025\/marco-de-ley-contra-extorsion-trastocaria-a-comunicadores-rafael-vargas-pasaye\/","url":"https:\/\/canal7slp.tv\/2025\/marco-de-ley-contra-extorsion-trastocaria-a-comunicadores-rafael-vargas-pasaye\/","name":"Marco de Ley contra extorsi\u00f3n, trastocar\u00eda a comunicadores: Rafael Vargas Pasaye - Canal 7 SLP - 2025","isPartOf":{"@id":"https:\/\/canal7slp.tv\/2025\/#website"},"primaryImageOfPage":{"@id":"https:\/\/canal7slp.tv\/2025\/marco-de-ley-contra-extorsion-trastocaria-a-comunicadores-rafael-vargas-pasaye\/#primaryimage"},"image":{"@id":"https:\/\/canal7slp.tv\/2025\/marco-de-ley-contra-extorsion-trastocaria-a-comunicadores-rafael-vargas-pasaye\/#primaryimage"},"thumbnailUrl":"https:\/\/canal7slp.tv\/2025\/wp-content\/uploads\/2025\/12\/Poky02VargasPasaye.jpg","datePublished":"2025-12-08T19:45:03+00:00","breadcrumb":{"@id":"https:\/\/canal7slp.tv\/2025\/marco-de-ley-contra-extorsion-trastocaria-a-comunicadores-rafael-vargas-pasaye\/#breadcrumb"},"inLanguage":"es","potentialAction":[{"@type":"ReadAction","target":["https:\/\/canal7slp.tv\/2025\/marco-de-ley-contra-extorsion-trastocaria-a-comunicadores-rafael-vargas-pasaye\/"]}]},{"@type":"ImageObject","inLanguage":"es","@id":"https:\/\/canal7slp.tv\/2025\/marco-de-ley-contra-extorsion-trastocaria-a-comunicadores-rafael-vargas-pasaye\/#primaryimage","url":"https:\/\/canal7slp.tv\/2025\/wp-content\/uploads\/2025\/12\/Poky02VargasPasaye.jpg","contentUrl":"https:\/\/canal7slp.tv\/2025\/wp-content\/uploads\/2025\/12\/Poky02VargasPasaye.jpg","width":1280,"height":720},{"@type":"BreadcrumbList","@id":"https:\/\/canal7slp.tv\/2025\/marco-de-ley-contra-extorsion-trastocaria-a-comunicadores-rafael-vargas-pasaye\/#breadcrumb","itemListElement":[{"@type":"ListItem","position":1,"name":"Portada","item":"https:\/\/canal7slp.tv\/2025\/"},{"@type":"ListItem","position":2,"name":"Marco de Ley contra extorsi\u00f3n, trastocar\u00eda a comunicadores: Rafael Vargas Pasaye"}]},{"@type":"WebSite","@id":"https:\/\/canal7slp.tv\/2025\/#website","url":"https:\/\/canal7slp.tv\/2025\/","name":"N7 - Noticieros Canal 7","description":"Somos el Medio","publisher":{"@id":"https:\/\/canal7slp.tv\/2025\/#organization"},"potentialAction":[{"@type":"SearchAction","target":{"@type":"EntryPoint","urlTemplate":"https:\/\/canal7slp.tv\/2025\/?s={search_term_string}"},"query-input":{"@type":"PropertyValueSpecification","valueRequired":true,"valueName":"search_term_string"}}],"inLanguage":"es"},{"@type":"Organization","@id":"https:\/\/canal7slp.tv\/2025\/#organization","name":"Noticieros Canal 7","url":"https:\/\/canal7slp.tv\/2025\/","logo":{"@type":"ImageObject","inLanguage":"es","@id":"https:\/\/canal7slp.tv\/2025\/#\/schema\/logo\/image\/","url":"https:\/\/canal7slp.tv\/2025\/wp-content\/uploads\/2021\/01\/logo-noticieros@2x.png","contentUrl":"https:\/\/canal7slp.tv\/2025\/wp-content\/uploads\/2021\/01\/logo-noticieros@2x.png","width":1017,"height":268,"caption":"Noticieros Canal 7"},"image":{"@id":"https:\/\/canal7slp.tv\/2025\/#\/schema\/logo\/image\/"},"sameAs":["https:\/\/www.facebook.com\/noticieroscanal7atencionciudadana\/","https:\/\/x.com\/NOTICIEROS7","https:\/\/www.instagram.com\/canal7_slp","https:\/\/www.youtube.com\/channel\/UCliiYs-gP3JfJeqdPrNdd5A"]},{"@type":"Person","@id":"https:\/\/canal7slp.tv\/2025\/#\/schema\/person\/271e2b60a96e7cc9d9ac296f4d7e414b","name":"Edici\u00f3n Web","image":{"@type":"ImageObject","inLanguage":"es","@id":"https:\/\/secure.gravatar.com\/avatar\/eee448fc3f7164808013b816ba91ac7e43bbe82a70bebac296f8bc6f0addaa1a?s=96&d=mm&r=g","url":"https:\/\/secure.gravatar.com\/avatar\/eee448fc3f7164808013b816ba91ac7e43bbe82a70bebac296f8bc6f0addaa1a?s=96&d=mm&r=g","contentUrl":"https:\/\/secure.gravatar.com\/avatar\/eee448fc3f7164808013b816ba91ac7e43bbe82a70bebac296f8bc6f0addaa1a?s=96&d=mm&r=g","caption":"Edici\u00f3n Web"},"url":"https:\/\/canal7slp.tv\/2025\/author\/edicionweb\/"}]}},"_links":{"self":[{"href":"https:\/\/canal7slp.tv\/2025\/wp-json\/wp\/v2\/posts\/187230","targetHints":{"allow":["GET"]}}],"collection":[{"href":"https:\/\/canal7slp.tv\/2025\/wp-json\/wp\/v2\/posts"}],"about":[{"href":"https:\/\/canal7slp.tv\/2025\/wp-json\/wp\/v2\/types\/post"}],"author":[{"embeddable":true,"href":"https:\/\/canal7slp.tv\/2025\/wp-json\/wp\/v2\/users\/2"}],"replies":[{"embeddable":true,"href":"https:\/\/canal7slp.tv\/2025\/wp-json\/wp\/v2\/comments?post=187230"}],"version-history":[{"count":2,"href":"https:\/\/canal7slp.tv\/2025\/wp-json\/wp\/v2\/posts\/187230\/revisions"}],"predecessor-version":[{"id":187234,"href":"https:\/\/canal7slp.tv\/2025\/wp-json\/wp\/v2\/posts\/187230\/revisions\/187234"}],"wp:featuredmedia":[{"embeddable":true,"href":"https:\/\/canal7slp.tv\/2025\/wp-json\/wp\/v2\/media\/187231"}],"wp:attachment":[{"href":"https:\/\/canal7slp.tv\/2025\/wp-json\/wp\/v2\/media?parent=187230"}],"wp:term":[{"taxonomy":"category","embeddable":true,"href":"https:\/\/canal7slp.tv\/2025\/wp-json\/wp\/v2\/categories?post=187230"},{"taxonomy":"post_tag","embeddable":true,"href":"https:\/\/canal7slp.tv\/2025\/wp-json\/wp\/v2\/tags?post=187230"}],"curies":[{"name":"wp","href":"https:\/\/api.w.org\/{rel}","templated":true}]}}