{"id":187199,"date":"2025-12-07T15:19:16","date_gmt":"2025-12-07T21:19:16","guid":{"rendered":"https:\/\/canal7slp.tv\/2025\/?p=187199"},"modified":"2025-12-07T15:19:16","modified_gmt":"2025-12-07T21:19:16","slug":"fallece-miguel-angel-chico-herrera-secretario-tecnico-de-la-jucopo-en-el-senado","status":"publish","type":"post","link":"https:\/\/canal7slp.tv\/2025\/fallece-miguel-angel-chico-herrera-secretario-tecnico-de-la-jucopo-en-el-senado\/","title":{"rendered":"Fallece Miguel \u00c1ngel Chico Herrera, secretario t\u00e9cnico de la Jucopo en el Senado"},"content":{"rendered":"<p style=\"text-align: justify;\">M\u00e9xico.- Este domingo se dio a conocer la muerte de Miguel \u00c1ngel Chico Herrera, secretario t\u00e9cnico de la Junta de Coordinaci\u00f3n Pol\u00edtica del Senado.<\/p>\n<p style=\"text-align: justify;\">La presidenta de la Mesa Directiva, Laura Itzel Castillo Ju\u00e1rez, confirm\u00f3 el deceso mediante un mensaje en redes sociales, en el que expres\u00f3 sus condolencias a los familiares y personas cercanas al funcionario.<\/p>\n<p style=\"text-align: justify;\">La senadora no ofreci\u00f3 detalles sobre las causas del fallecimiento.<\/p>\n<p style=\"text-align: justify;\">Chico Herrera manten\u00eda una relaci\u00f3n cercana con Ad\u00e1n Augusto L\u00f3pez Hern\u00e1ndez, coordinador del grupo parlamentario de Morena y presidente de la Jucopo.<\/p>\n<p style=\"text-align: justify;\">Desde su posici\u00f3n, participaba en la operaci\u00f3n interna de una de las \u00e1reas clave en la conducci\u00f3n pol\u00edtica del Senado.<\/p>\n","protected":false},"excerpt":{"rendered":"<p>M\u00e9xico.- Este domingo se dio a conocer la muerte de Miguel \u00c1ngel Chico Herrera, secretario t\u00e9cnico de la Junta de Coordinaci\u00f3n Pol\u00edtica del Senado. La presidenta de la Mesa Directiva, Laura Itzel Castillo Ju\u00e1rez, confirm\u00f3 el deceso mediante un mensaje en redes sociales, en el que expres\u00f3 sus condolencias a los familiares y personas cercanas al funcionario. La senadora no ofreci\u00f3 detalles sobre las causas del fallecimiento. Chico Herrera manten\u00eda una relaci\u00f3n cercana con Ad\u00e1n Augusto L\u00f3pez Hern\u00e1ndez, coordinador del grupo parlamentario de Morena y presidente de la Jucopo. Desde su posici\u00f3n, participaba en la operaci\u00f3n interna de una de [&hellip;]<\/p>\n","protected":false},"author":2,"featured_media":187200,"comment_status":"closed","ping_status":"closed","sticky":false,"template":"","format":"standard","meta":{"_monsterinsights_skip_tracking":false,"_monsterinsights_sitenote_active":false,"_monsterinsights_sitenote_note":"","_monsterinsights_sitenote_category":0,"footnotes":""},"categories":[46],"tags":[],"class_list":["post-187199","post","type-post","status-publish","format-standard","has-post-thumbnail","hentry","category-nacional","post--single"],"yoast_head":"<!-- This site is optimized with the Yoast SEO plugin v27.4 - https:\/\/yoast.com\/product\/yoast-seo-wordpress\/ -->\n<title>Fallece Miguel \u00c1ngel Chico Herrera, secretario t\u00e9cnico de la Jucopo en el Senado - Canal 7 SLP - 2025<\/title>\n<meta name=\"robots\" content=\"index, follow, max-snippet:-1, max-image-preview:large, max-video-preview:-1\" \/>\n<link rel=\"canonical\" href=\"https:\/\/canal7slp.tv\/2025\/fallece-miguel-angel-chico-herrera-secretario-tecnico-de-la-jucopo-en-el-senado\/\" \/>\n<meta property=\"og:locale\" content=\"es_ES\" \/>\n<meta property=\"og:type\" content=\"article\" \/>\n<meta property=\"og:title\" content=\"Fallece Miguel \u00c1ngel Chico Herrera, secretario t\u00e9cnico de la Jucopo en el Senado - Canal 7 SLP - 2025\" \/>\n<meta property=\"og:description\" content=\"M\u00e9xico.- Este domingo se dio a conocer la muerte de Miguel \u00c1ngel Chico Herrera, secretario t\u00e9cnico de la Junta de Coordinaci\u00f3n Pol\u00edtica del Senado. La presidenta de la Mesa Directiva, Laura Itzel Castillo Ju\u00e1rez, confirm\u00f3 el deceso mediante un mensaje en redes sociales, en el que expres\u00f3 sus condolencias a los familiares y personas cercanas al funcionario. La senadora no ofreci\u00f3 detalles sobre las causas del fallecimiento. Chico Herrera manten\u00eda una relaci\u00f3n cercana con Ad\u00e1n Augusto L\u00f3pez Hern\u00e1ndez, coordinador del grupo parlamentario de Morena y presidente de la Jucopo. Desde su posici\u00f3n, participaba en la operaci\u00f3n interna de una de [&hellip;]\" \/>\n<meta property=\"og:url\" content=\"https:\/\/canal7slp.tv\/2025\/fallece-miguel-angel-chico-herrera-secretario-tecnico-de-la-jucopo-en-el-senado\/\" \/>\n<meta property=\"og:site_name\" content=\"Canal 7 SLP - 2025\" \/>\n<meta property=\"article:publisher\" content=\"https:\/\/www.facebook.com\/noticieroscanal7atencionciudadana\/\" \/>\n<meta property=\"article:published_time\" content=\"2025-12-07T21:19:16+00:00\" \/>\n<meta property=\"og:image\" content=\"https:\/\/canal7slp.tv\/2025\/wp-content\/uploads\/2025\/12\/06-6.jpg\" \/>\n\t<meta property=\"og:image:width\" content=\"944\" \/>\n\t<meta property=\"og:image:height\" content=\"500\" \/>\n\t<meta property=\"og:image:type\" content=\"image\/jpeg\" \/>\n<meta name=\"author\" content=\"Edici\u00f3n Web\" \/>\n<meta name=\"twitter:card\" content=\"summary_large_image\" \/>\n<meta name=\"twitter:creator\" content=\"@NOTICIEROS7\" \/>\n<meta name=\"twitter:site\" content=\"@NOTICIEROS7\" \/>\n<meta name=\"twitter:label1\" content=\"Escrito por\" \/>\n\t<meta name=\"twitter:data1\" content=\"Edici\u00f3n Web\" \/>\n\t<meta name=\"twitter:label2\" content=\"Tiempo de lectura\" \/>\n\t<meta name=\"twitter:data2\" content=\"1 minuto\" \/>\n<script type=\"application\/ld+json\" class=\"yoast-schema-graph\">{\"@context\":\"https:\\\/\\\/schema.org\",\"@graph\":[{\"@type\":\"Article\",\"@id\":\"https:\\\/\\\/canal7slp.tv\\\/2025\\\/fallece-miguel-angel-chico-herrera-secretario-tecnico-de-la-jucopo-en-el-senado\\\/#article\",\"isPartOf\":{\"@id\":\"https:\\\/\\\/canal7slp.tv\\\/2025\\\/fallece-miguel-angel-chico-herrera-secretario-tecnico-de-la-jucopo-en-el-senado\\\/\"},\"author\":{\"name\":\"Edici\u00f3n Web\",\"@id\":\"https:\\\/\\\/canal7slp.tv\\\/2025\\\/#\\\/schema\\\/person\\\/271e2b60a96e7cc9d9ac296f4d7e414b\"},\"headline\":\"Fallece Miguel \u00c1ngel Chico Herrera, secretario t\u00e9cnico de la Jucopo en el Senado\",\"datePublished\":\"2025-12-07T21:19:16+00:00\",\"mainEntityOfPage\":{\"@id\":\"https:\\\/\\\/canal7slp.tv\\\/2025\\\/fallece-miguel-angel-chico-herrera-secretario-tecnico-de-la-jucopo-en-el-senado\\\/\"},\"wordCount\":138,\"publisher\":{\"@id\":\"https:\\\/\\\/canal7slp.tv\\\/2025\\\/#organization\"},\"image\":{\"@id\":\"https:\\\/\\\/canal7slp.tv\\\/2025\\\/fallece-miguel-angel-chico-herrera-secretario-tecnico-de-la-jucopo-en-el-senado\\\/#primaryimage\"},\"thumbnailUrl\":\"https:\\\/\\\/canal7slp.tv\\\/2025\\\/wp-content\\\/uploads\\\/2025\\\/12\\\/06-6.jpg\",\"articleSection\":[\"NACIONALES\"],\"inLanguage\":\"es\"},{\"@type\":\"WebPage\",\"@id\":\"https:\\\/\\\/canal7slp.tv\\\/2025\\\/fallece-miguel-angel-chico-herrera-secretario-tecnico-de-la-jucopo-en-el-senado\\\/\",\"url\":\"https:\\\/\\\/canal7slp.tv\\\/2025\\\/fallece-miguel-angel-chico-herrera-secretario-tecnico-de-la-jucopo-en-el-senado\\\/\",\"name\":\"Fallece Miguel \u00c1ngel Chico Herrera, secretario t\u00e9cnico de la Jucopo en el Senado - Canal 7 SLP - 2025\",\"isPartOf\":{\"@id\":\"https:\\\/\\\/canal7slp.tv\\\/2025\\\/#website\"},\"primaryImageOfPage\":{\"@id\":\"https:\\\/\\\/canal7slp.tv\\\/2025\\\/fallece-miguel-angel-chico-herrera-secretario-tecnico-de-la-jucopo-en-el-senado\\\/#primaryimage\"},\"image\":{\"@id\":\"https:\\\/\\\/canal7slp.tv\\\/2025\\\/fallece-miguel-angel-chico-herrera-secretario-tecnico-de-la-jucopo-en-el-senado\\\/#primaryimage\"},\"thumbnailUrl\":\"https:\\\/\\\/canal7slp.tv\\\/2025\\\/wp-content\\\/uploads\\\/2025\\\/12\\\/06-6.jpg\",\"datePublished\":\"2025-12-07T21:19:16+00:00\",\"breadcrumb\":{\"@id\":\"https:\\\/\\\/canal7slp.tv\\\/2025\\\/fallece-miguel-angel-chico-herrera-secretario-tecnico-de-la-jucopo-en-el-senado\\\/#breadcrumb\"},\"inLanguage\":\"es\",\"potentialAction\":[{\"@type\":\"ReadAction\",\"target\":[\"https:\\\/\\\/canal7slp.tv\\\/2025\\\/fallece-miguel-angel-chico-herrera-secretario-tecnico-de-la-jucopo-en-el-senado\\\/\"]}]},{\"@type\":\"ImageObject\",\"inLanguage\":\"es\",\"@id\":\"https:\\\/\\\/canal7slp.tv\\\/2025\\\/fallece-miguel-angel-chico-herrera-secretario-tecnico-de-la-jucopo-en-el-senado\\\/#primaryimage\",\"url\":\"https:\\\/\\\/canal7slp.tv\\\/2025\\\/wp-content\\\/uploads\\\/2025\\\/12\\\/06-6.jpg\",\"contentUrl\":\"https:\\\/\\\/canal7slp.tv\\\/2025\\\/wp-content\\\/uploads\\\/2025\\\/12\\\/06-6.jpg\",\"width\":944,\"height\":500},{\"@type\":\"BreadcrumbList\",\"@id\":\"https:\\\/\\\/canal7slp.tv\\\/2025\\\/fallece-miguel-angel-chico-herrera-secretario-tecnico-de-la-jucopo-en-el-senado\\\/#breadcrumb\",\"itemListElement\":[{\"@type\":\"ListItem\",\"position\":1,\"name\":\"Portada\",\"item\":\"https:\\\/\\\/canal7slp.tv\\\/2025\\\/\"},{\"@type\":\"ListItem\",\"position\":2,\"name\":\"Fallece Miguel \u00c1ngel Chico Herrera, secretario t\u00e9cnico de la Jucopo en el Senado\"}]},{\"@type\":\"WebSite\",\"@id\":\"https:\\\/\\\/canal7slp.tv\\\/2025\\\/#website\",\"url\":\"https:\\\/\\\/canal7slp.tv\\\/2025\\\/\",\"name\":\"N7 - Noticieros Canal 7\",\"description\":\"Somos el Medio\",\"publisher\":{\"@id\":\"https:\\\/\\\/canal7slp.tv\\\/2025\\\/#organization\"},\"potentialAction\":[{\"@type\":\"SearchAction\",\"target\":{\"@type\":\"EntryPoint\",\"urlTemplate\":\"https:\\\/\\\/canal7slp.tv\\\/2025\\\/?s={search_term_string}\"},\"query-input\":{\"@type\":\"PropertyValueSpecification\",\"valueRequired\":true,\"valueName\":\"search_term_string\"}}],\"inLanguage\":\"es\"},{\"@type\":\"Organization\",\"@id\":\"https:\\\/\\\/canal7slp.tv\\\/2025\\\/#organization\",\"name\":\"Noticieros Canal 7\",\"url\":\"https:\\\/\\\/canal7slp.tv\\\/2025\\\/\",\"logo\":{\"@type\":\"ImageObject\",\"inLanguage\":\"es\",\"@id\":\"https:\\\/\\\/canal7slp.tv\\\/2025\\\/#\\\/schema\\\/logo\\\/image\\\/\",\"url\":\"https:\\\/\\\/canal7slp.tv\\\/2025\\\/wp-content\\\/uploads\\\/2021\\\/01\\\/logo-noticieros@2x.png\",\"contentUrl\":\"https:\\\/\\\/canal7slp.tv\\\/2025\\\/wp-content\\\/uploads\\\/2021\\\/01\\\/logo-noticieros@2x.png\",\"width\":1017,\"height\":268,\"caption\":\"Noticieros Canal 7\"},\"image\":{\"@id\":\"https:\\\/\\\/canal7slp.tv\\\/2025\\\/#\\\/schema\\\/logo\\\/image\\\/\"},\"sameAs\":[\"https:\\\/\\\/www.facebook.com\\\/noticieroscanal7atencionciudadana\\\/\",\"https:\\\/\\\/x.com\\\/NOTICIEROS7\",\"https:\\\/\\\/www.instagram.com\\\/canal7_slp\",\"https:\\\/\\\/www.youtube.com\\\/channel\\\/UCliiYs-gP3JfJeqdPrNdd5A\"]},{\"@type\":\"Person\",\"@id\":\"https:\\\/\\\/canal7slp.tv\\\/2025\\\/#\\\/schema\\\/person\\\/271e2b60a96e7cc9d9ac296f4d7e414b\",\"name\":\"Edici\u00f3n Web\",\"image\":{\"@type\":\"ImageObject\",\"inLanguage\":\"es\",\"@id\":\"https:\\\/\\\/secure.gravatar.com\\\/avatar\\\/eee448fc3f7164808013b816ba91ac7e43bbe82a70bebac296f8bc6f0addaa1a?s=96&d=mm&r=g\",\"url\":\"https:\\\/\\\/secure.gravatar.com\\\/avatar\\\/eee448fc3f7164808013b816ba91ac7e43bbe82a70bebac296f8bc6f0addaa1a?s=96&d=mm&r=g\",\"contentUrl\":\"https:\\\/\\\/secure.gravatar.com\\\/avatar\\\/eee448fc3f7164808013b816ba91ac7e43bbe82a70bebac296f8bc6f0addaa1a?s=96&d=mm&r=g\",\"caption\":\"Edici\u00f3n Web\"},\"url\":\"https:\\\/\\\/canal7slp.tv\\\/2025\\\/author\\\/edicionweb\\\/\"}]}<\/script>\n<!-- \/ Yoast SEO plugin. -->","yoast_head_json":{"title":"Fallece Miguel \u00c1ngel Chico Herrera, secretario t\u00e9cnico de la Jucopo en el Senado - Canal 7 SLP - 2025","robots":{"index":"index","follow":"follow","max-snippet":"max-snippet:-1","max-image-preview":"max-image-preview:large","max-video-preview":"max-video-preview:-1"},"canonical":"https:\/\/canal7slp.tv\/2025\/fallece-miguel-angel-chico-herrera-secretario-tecnico-de-la-jucopo-en-el-senado\/","og_locale":"es_ES","og_type":"article","og_title":"Fallece Miguel \u00c1ngel Chico Herrera, secretario t\u00e9cnico de la Jucopo en el Senado - Canal 7 SLP - 2025","og_description":"M\u00e9xico.- Este domingo se dio a conocer la muerte de Miguel \u00c1ngel Chico Herrera, secretario t\u00e9cnico de la Junta de Coordinaci\u00f3n Pol\u00edtica del Senado. La presidenta de la Mesa Directiva, Laura Itzel Castillo Ju\u00e1rez, confirm\u00f3 el deceso mediante un mensaje en redes sociales, en el que expres\u00f3 sus condolencias a los familiares y personas cercanas al funcionario. La senadora no ofreci\u00f3 detalles sobre las causas del fallecimiento. Chico Herrera manten\u00eda una relaci\u00f3n cercana con Ad\u00e1n Augusto L\u00f3pez Hern\u00e1ndez, coordinador del grupo parlamentario de Morena y presidente de la Jucopo. Desde su posici\u00f3n, participaba en la operaci\u00f3n interna de una de [&hellip;]","og_url":"https:\/\/canal7slp.tv\/2025\/fallece-miguel-angel-chico-herrera-secretario-tecnico-de-la-jucopo-en-el-senado\/","og_site_name":"Canal 7 SLP - 2025","article_publisher":"https:\/\/www.facebook.com\/noticieroscanal7atencionciudadana\/","article_published_time":"2025-12-07T21:19:16+00:00","og_image":[{"width":944,"height":500,"url":"https:\/\/canal7slp.tv\/2025\/wp-content\/uploads\/2025\/12\/06-6.jpg","type":"image\/jpeg"}],"author":"Edici\u00f3n Web","twitter_card":"summary_large_image","twitter_creator":"@NOTICIEROS7","twitter_site":"@NOTICIEROS7","twitter_misc":{"Escrito por":"Edici\u00f3n Web","Tiempo de lectura":"1 minuto"},"schema":{"@context":"https:\/\/schema.org","@graph":[{"@type":"Article","@id":"https:\/\/canal7slp.tv\/2025\/fallece-miguel-angel-chico-herrera-secretario-tecnico-de-la-jucopo-en-el-senado\/#article","isPartOf":{"@id":"https:\/\/canal7slp.tv\/2025\/fallece-miguel-angel-chico-herrera-secretario-tecnico-de-la-jucopo-en-el-senado\/"},"author":{"name":"Edici\u00f3n Web","@id":"https:\/\/canal7slp.tv\/2025\/#\/schema\/person\/271e2b60a96e7cc9d9ac296f4d7e414b"},"headline":"Fallece Miguel \u00c1ngel Chico Herrera, secretario t\u00e9cnico de la Jucopo en el Senado","datePublished":"2025-12-07T21:19:16+00:00","mainEntityOfPage":{"@id":"https:\/\/canal7slp.tv\/2025\/fallece-miguel-angel-chico-herrera-secretario-tecnico-de-la-jucopo-en-el-senado\/"},"wordCount":138,"publisher":{"@id":"https:\/\/canal7slp.tv\/2025\/#organization"},"image":{"@id":"https:\/\/canal7slp.tv\/2025\/fallece-miguel-angel-chico-herrera-secretario-tecnico-de-la-jucopo-en-el-senado\/#primaryimage"},"thumbnailUrl":"https:\/\/canal7slp.tv\/2025\/wp-content\/uploads\/2025\/12\/06-6.jpg","articleSection":["NACIONALES"],"inLanguage":"es"},{"@type":"WebPage","@id":"https:\/\/canal7slp.tv\/2025\/fallece-miguel-angel-chico-herrera-secretario-tecnico-de-la-jucopo-en-el-senado\/","url":"https:\/\/canal7slp.tv\/2025\/fallece-miguel-angel-chico-herrera-secretario-tecnico-de-la-jucopo-en-el-senado\/","name":"Fallece Miguel \u00c1ngel Chico Herrera, secretario t\u00e9cnico de la Jucopo en el Senado - Canal 7 SLP - 2025","isPartOf":{"@id":"https:\/\/canal7slp.tv\/2025\/#website"},"primaryImageOfPage":{"@id":"https:\/\/canal7slp.tv\/2025\/fallece-miguel-angel-chico-herrera-secretario-tecnico-de-la-jucopo-en-el-senado\/#primaryimage"},"image":{"@id":"https:\/\/canal7slp.tv\/2025\/fallece-miguel-angel-chico-herrera-secretario-tecnico-de-la-jucopo-en-el-senado\/#primaryimage"},"thumbnailUrl":"https:\/\/canal7slp.tv\/2025\/wp-content\/uploads\/2025\/12\/06-6.jpg","datePublished":"2025-12-07T21:19:16+00:00","breadcrumb":{"@id":"https:\/\/canal7slp.tv\/2025\/fallece-miguel-angel-chico-herrera-secretario-tecnico-de-la-jucopo-en-el-senado\/#breadcrumb"},"inLanguage":"es","potentialAction":[{"@type":"ReadAction","target":["https:\/\/canal7slp.tv\/2025\/fallece-miguel-angel-chico-herrera-secretario-tecnico-de-la-jucopo-en-el-senado\/"]}]},{"@type":"ImageObject","inLanguage":"es","@id":"https:\/\/canal7slp.tv\/2025\/fallece-miguel-angel-chico-herrera-secretario-tecnico-de-la-jucopo-en-el-senado\/#primaryimage","url":"https:\/\/canal7slp.tv\/2025\/wp-content\/uploads\/2025\/12\/06-6.jpg","contentUrl":"https:\/\/canal7slp.tv\/2025\/wp-content\/uploads\/2025\/12\/06-6.jpg","width":944,"height":500},{"@type":"BreadcrumbList","@id":"https:\/\/canal7slp.tv\/2025\/fallece-miguel-angel-chico-herrera-secretario-tecnico-de-la-jucopo-en-el-senado\/#breadcrumb","itemListElement":[{"@type":"ListItem","position":1,"name":"Portada","item":"https:\/\/canal7slp.tv\/2025\/"},{"@type":"ListItem","position":2,"name":"Fallece Miguel \u00c1ngel Chico Herrera, secretario t\u00e9cnico de la Jucopo en el Senado"}]},{"@type":"WebSite","@id":"https:\/\/canal7slp.tv\/2025\/#website","url":"https:\/\/canal7slp.tv\/2025\/","name":"N7 - Noticieros Canal 7","description":"Somos el Medio","publisher":{"@id":"https:\/\/canal7slp.tv\/2025\/#organization"},"potentialAction":[{"@type":"SearchAction","target":{"@type":"EntryPoint","urlTemplate":"https:\/\/canal7slp.tv\/2025\/?s={search_term_string}"},"query-input":{"@type":"PropertyValueSpecification","valueRequired":true,"valueName":"search_term_string"}}],"inLanguage":"es"},{"@type":"Organization","@id":"https:\/\/canal7slp.tv\/2025\/#organization","name":"Noticieros Canal 7","url":"https:\/\/canal7slp.tv\/2025\/","logo":{"@type":"ImageObject","inLanguage":"es","@id":"https:\/\/canal7slp.tv\/2025\/#\/schema\/logo\/image\/","url":"https:\/\/canal7slp.tv\/2025\/wp-content\/uploads\/2021\/01\/logo-noticieros@2x.png","contentUrl":"https:\/\/canal7slp.tv\/2025\/wp-content\/uploads\/2021\/01\/logo-noticieros@2x.png","width":1017,"height":268,"caption":"Noticieros Canal 7"},"image":{"@id":"https:\/\/canal7slp.tv\/2025\/#\/schema\/logo\/image\/"},"sameAs":["https:\/\/www.facebook.com\/noticieroscanal7atencionciudadana\/","https:\/\/x.com\/NOTICIEROS7","https:\/\/www.instagram.com\/canal7_slp","https:\/\/www.youtube.com\/channel\/UCliiYs-gP3JfJeqdPrNdd5A"]},{"@type":"Person","@id":"https:\/\/canal7slp.tv\/2025\/#\/schema\/person\/271e2b60a96e7cc9d9ac296f4d7e414b","name":"Edici\u00f3n Web","image":{"@type":"ImageObject","inLanguage":"es","@id":"https:\/\/secure.gravatar.com\/avatar\/eee448fc3f7164808013b816ba91ac7e43bbe82a70bebac296f8bc6f0addaa1a?s=96&d=mm&r=g","url":"https:\/\/secure.gravatar.com\/avatar\/eee448fc3f7164808013b816ba91ac7e43bbe82a70bebac296f8bc6f0addaa1a?s=96&d=mm&r=g","contentUrl":"https:\/\/secure.gravatar.com\/avatar\/eee448fc3f7164808013b816ba91ac7e43bbe82a70bebac296f8bc6f0addaa1a?s=96&d=mm&r=g","caption":"Edici\u00f3n Web"},"url":"https:\/\/canal7slp.tv\/2025\/author\/edicionweb\/"}]}},"_links":{"self":[{"href":"https:\/\/canal7slp.tv\/2025\/wp-json\/wp\/v2\/posts\/187199","targetHints":{"allow":["GET"]}}],"collection":[{"href":"https:\/\/canal7slp.tv\/2025\/wp-json\/wp\/v2\/posts"}],"about":[{"href":"https:\/\/canal7slp.tv\/2025\/wp-json\/wp\/v2\/types\/post"}],"author":[{"embeddable":true,"href":"https:\/\/canal7slp.tv\/2025\/wp-json\/wp\/v2\/users\/2"}],"replies":[{"embeddable":true,"href":"https:\/\/canal7slp.tv\/2025\/wp-json\/wp\/v2\/comments?post=187199"}],"version-history":[{"count":1,"href":"https:\/\/canal7slp.tv\/2025\/wp-json\/wp\/v2\/posts\/187199\/revisions"}],"predecessor-version":[{"id":187201,"href":"https:\/\/canal7slp.tv\/2025\/wp-json\/wp\/v2\/posts\/187199\/revisions\/187201"}],"wp:featuredmedia":[{"embeddable":true,"href":"https:\/\/canal7slp.tv\/2025\/wp-json\/wp\/v2\/media\/187200"}],"wp:attachment":[{"href":"https:\/\/canal7slp.tv\/2025\/wp-json\/wp\/v2\/media?parent=187199"}],"wp:term":[{"taxonomy":"category","embeddable":true,"href":"https:\/\/canal7slp.tv\/2025\/wp-json\/wp\/v2\/categories?post=187199"},{"taxonomy":"post_tag","embeddable":true,"href":"https:\/\/canal7slp.tv\/2025\/wp-json\/wp\/v2\/tags?post=187199"}],"curies":[{"name":"wp","href":"https:\/\/api.w.org\/{rel}","templated":true}]}}