{"id":187161,"date":"2025-12-06T14:32:30","date_gmt":"2025-12-06T20:32:30","guid":{"rendered":"https:\/\/canal7slp.tv\/2025\/?p=187161"},"modified":"2025-12-06T14:36:16","modified_gmt":"2025-12-06T20:36:16","slug":"se-preve-la-creacion-de-una-junta-de-paz-para-gaza-con-trump-como-presidente","status":"publish","type":"post","link":"https:\/\/canal7slp.tv\/2025\/se-preve-la-creacion-de-una-junta-de-paz-para-gaza-con-trump-como-presidente\/","title":{"rendered":"Se prev\u00e9 la creaci\u00f3n de una Junta de Paz para Gaza con Trump como presidente"},"content":{"rendered":"<p style=\"text-align: justify;\">Gaza.- Antes de que termine el a\u00f1o podr\u00eda anunciarse una nueva estructura internacional de gobierno para la Franja de Gaza, como parte de la siguiente etapa del alto al fuego actualmente vigente. Seg\u00fan un funcionario \u00e1rabe y un diplom\u00e1tico occidental consultados bajo anonimato, el plan contempla la creaci\u00f3n de una \u201cJunta de Paz\u201d que supervisar\u00eda la reconstrucci\u00f3n del territorio y cuya presidencia recaer\u00eda en el mandatario estadounidense, Donald Trump.<\/p>\n<p style=\"text-align: justify;\">El esquema forma parte de los compromisos incluidos en la tregua mediada por Washington y plantea que la ONU otorgue a la junta un mandato inicial de dos a\u00f1os, renovable. Estar\u00eda integrada por alrededor de una docena de l\u00edderes de Medio Oriente y de pa\u00edses occidentales, mientras que un comit\u00e9 de tecn\u00f3cratas palestinos asumir\u00eda tareas de administraci\u00f3n cotidiana durante la etapa posterior al conflicto.<\/p>\n<p style=\"text-align: justify;\">La oficializaci\u00f3n del anuncio podr\u00eda ocurrir este mes durante una reuni\u00f3n prevista entre Trump y el primer ministro israel\u00ed, Benjamin Netanyahu. Paralelamente, el acuerdo de alto al fuego prev\u00e9 la creaci\u00f3n de una Fuerza Internacional de Estabilizaci\u00f3n encargada de mantener la seguridad en Gaza y supervisar el proceso de desarme de Ham\u00e1s, condici\u00f3n impuesta por Israel para avanzar en la negociaci\u00f3n.<\/p>\n<p style=\"text-align: justify;\">La primera fase de la tregua, vigente desde el 10 de octubre, se encuentra en su tramo final. A\u00fan queda pendiente la entrega de los restos de un ciudadano israel\u00ed por parte de Ham\u00e1s, un requisito contemplado en los t\u00e9rminos del acuerdo.<\/p>\n","protected":false},"excerpt":{"rendered":"<p>Gaza.- Antes de que termine el a\u00f1o podr\u00eda anunciarse una nueva estructura internacional de gobierno para la Franja de Gaza, como parte de la siguiente etapa del alto al fuego actualmente vigente. Seg\u00fan un funcionario \u00e1rabe y un diplom\u00e1tico occidental consultados bajo anonimato, el plan contempla la creaci\u00f3n de una \u201cJunta de Paz\u201d que supervisar\u00eda la reconstrucci\u00f3n del territorio y cuya presidencia recaer\u00eda en el mandatario estadounidense, Donald Trump. El esquema forma parte de los compromisos incluidos en la tregua mediada por Washington y plantea que la ONU otorgue a la junta un mandato inicial de dos a\u00f1os, renovable. Estar\u00eda [&hellip;]<\/p>\n","protected":false},"author":2,"featured_media":187165,"comment_status":"closed","ping_status":"closed","sticky":false,"template":"","format":"standard","meta":{"_monsterinsights_skip_tracking":false,"_monsterinsights_sitenote_active":false,"_monsterinsights_sitenote_note":"","_monsterinsights_sitenote_category":0,"footnotes":""},"categories":[44],"tags":[],"class_list":["post-187161","post","type-post","status-publish","format-standard","has-post-thumbnail","hentry","category-internacional","post--single"],"yoast_head":"<!-- This site is optimized with the Yoast SEO plugin v27.4 - https:\/\/yoast.com\/product\/yoast-seo-wordpress\/ -->\n<title>Se prev\u00e9 la creaci\u00f3n de una Junta de Paz para Gaza con Trump como presidente - Canal 7 SLP - 2025<\/title>\n<meta name=\"robots\" content=\"index, follow, max-snippet:-1, max-image-preview:large, max-video-preview:-1\" \/>\n<link rel=\"canonical\" href=\"https:\/\/canal7slp.tv\/2025\/se-preve-la-creacion-de-una-junta-de-paz-para-gaza-con-trump-como-presidente\/\" \/>\n<meta property=\"og:locale\" content=\"es_ES\" \/>\n<meta property=\"og:type\" content=\"article\" \/>\n<meta property=\"og:title\" content=\"Se prev\u00e9 la creaci\u00f3n de una Junta de Paz para Gaza con Trump como presidente - Canal 7 SLP - 2025\" \/>\n<meta property=\"og:description\" content=\"Gaza.- Antes de que termine el a\u00f1o podr\u00eda anunciarse una nueva estructura internacional de gobierno para la Franja de Gaza, como parte de la siguiente etapa del alto al fuego actualmente vigente. Seg\u00fan un funcionario \u00e1rabe y un diplom\u00e1tico occidental consultados bajo anonimato, el plan contempla la creaci\u00f3n de una \u201cJunta de Paz\u201d que supervisar\u00eda la reconstrucci\u00f3n del territorio y cuya presidencia recaer\u00eda en el mandatario estadounidense, Donald Trump. El esquema forma parte de los compromisos incluidos en la tregua mediada por Washington y plantea que la ONU otorgue a la junta un mandato inicial de dos a\u00f1os, renovable. Estar\u00eda [&hellip;]\" \/>\n<meta property=\"og:url\" content=\"https:\/\/canal7slp.tv\/2025\/se-preve-la-creacion-de-una-junta-de-paz-para-gaza-con-trump-como-presidente\/\" \/>\n<meta property=\"og:site_name\" content=\"Canal 7 SLP - 2025\" \/>\n<meta property=\"article:publisher\" content=\"https:\/\/www.facebook.com\/noticieroscanal7atencionciudadana\/\" \/>\n<meta property=\"article:published_time\" content=\"2025-12-06T20:32:30+00:00\" \/>\n<meta property=\"article:modified_time\" content=\"2025-12-06T20:36:16+00:00\" \/>\n<meta property=\"og:image\" content=\"https:\/\/canal7slp.tv\/2025\/wp-content\/uploads\/2025\/12\/08-4.jpg\" \/>\n\t<meta property=\"og:image:width\" content=\"888\" \/>\n\t<meta property=\"og:image:height\" content=\"500\" \/>\n\t<meta property=\"og:image:type\" content=\"image\/jpeg\" \/>\n<meta name=\"author\" content=\"Edici\u00f3n Web\" \/>\n<meta name=\"twitter:card\" content=\"summary_large_image\" \/>\n<meta name=\"twitter:creator\" content=\"@NOTICIEROS7\" \/>\n<meta name=\"twitter:site\" content=\"@NOTICIEROS7\" \/>\n<meta name=\"twitter:label1\" content=\"Escrito por\" \/>\n\t<meta name=\"twitter:data1\" content=\"Edici\u00f3n Web\" \/>\n\t<meta name=\"twitter:label2\" content=\"Tiempo de lectura\" \/>\n\t<meta name=\"twitter:data2\" content=\"2 minutos\" \/>\n<script type=\"application\/ld+json\" class=\"yoast-schema-graph\">{\"@context\":\"https:\\\/\\\/schema.org\",\"@graph\":[{\"@type\":\"Article\",\"@id\":\"https:\\\/\\\/canal7slp.tv\\\/2025\\\/se-preve-la-creacion-de-una-junta-de-paz-para-gaza-con-trump-como-presidente\\\/#article\",\"isPartOf\":{\"@id\":\"https:\\\/\\\/canal7slp.tv\\\/2025\\\/se-preve-la-creacion-de-una-junta-de-paz-para-gaza-con-trump-como-presidente\\\/\"},\"author\":{\"name\":\"Edici\u00f3n Web\",\"@id\":\"https:\\\/\\\/canal7slp.tv\\\/2025\\\/#\\\/schema\\\/person\\\/271e2b60a96e7cc9d9ac296f4d7e414b\"},\"headline\":\"Se prev\u00e9 la creaci\u00f3n de una Junta de Paz para Gaza con Trump como presidente\",\"datePublished\":\"2025-12-06T20:32:30+00:00\",\"dateModified\":\"2025-12-06T20:36:16+00:00\",\"mainEntityOfPage\":{\"@id\":\"https:\\\/\\\/canal7slp.tv\\\/2025\\\/se-preve-la-creacion-de-una-junta-de-paz-para-gaza-con-trump-como-presidente\\\/\"},\"wordCount\":278,\"publisher\":{\"@id\":\"https:\\\/\\\/canal7slp.tv\\\/2025\\\/#organization\"},\"image\":{\"@id\":\"https:\\\/\\\/canal7slp.tv\\\/2025\\\/se-preve-la-creacion-de-una-junta-de-paz-para-gaza-con-trump-como-presidente\\\/#primaryimage\"},\"thumbnailUrl\":\"https:\\\/\\\/canal7slp.tv\\\/2025\\\/wp-content\\\/uploads\\\/2025\\\/12\\\/08-4.jpg\",\"articleSection\":[\"INTERNACIONALES\"],\"inLanguage\":\"es\"},{\"@type\":\"WebPage\",\"@id\":\"https:\\\/\\\/canal7slp.tv\\\/2025\\\/se-preve-la-creacion-de-una-junta-de-paz-para-gaza-con-trump-como-presidente\\\/\",\"url\":\"https:\\\/\\\/canal7slp.tv\\\/2025\\\/se-preve-la-creacion-de-una-junta-de-paz-para-gaza-con-trump-como-presidente\\\/\",\"name\":\"Se prev\u00e9 la creaci\u00f3n de una Junta de Paz para Gaza con Trump como presidente - Canal 7 SLP - 2025\",\"isPartOf\":{\"@id\":\"https:\\\/\\\/canal7slp.tv\\\/2025\\\/#website\"},\"primaryImageOfPage\":{\"@id\":\"https:\\\/\\\/canal7slp.tv\\\/2025\\\/se-preve-la-creacion-de-una-junta-de-paz-para-gaza-con-trump-como-presidente\\\/#primaryimage\"},\"image\":{\"@id\":\"https:\\\/\\\/canal7slp.tv\\\/2025\\\/se-preve-la-creacion-de-una-junta-de-paz-para-gaza-con-trump-como-presidente\\\/#primaryimage\"},\"thumbnailUrl\":\"https:\\\/\\\/canal7slp.tv\\\/2025\\\/wp-content\\\/uploads\\\/2025\\\/12\\\/08-4.jpg\",\"datePublished\":\"2025-12-06T20:32:30+00:00\",\"dateModified\":\"2025-12-06T20:36:16+00:00\",\"breadcrumb\":{\"@id\":\"https:\\\/\\\/canal7slp.tv\\\/2025\\\/se-preve-la-creacion-de-una-junta-de-paz-para-gaza-con-trump-como-presidente\\\/#breadcrumb\"},\"inLanguage\":\"es\",\"potentialAction\":[{\"@type\":\"ReadAction\",\"target\":[\"https:\\\/\\\/canal7slp.tv\\\/2025\\\/se-preve-la-creacion-de-una-junta-de-paz-para-gaza-con-trump-como-presidente\\\/\"]}]},{\"@type\":\"ImageObject\",\"inLanguage\":\"es\",\"@id\":\"https:\\\/\\\/canal7slp.tv\\\/2025\\\/se-preve-la-creacion-de-una-junta-de-paz-para-gaza-con-trump-como-presidente\\\/#primaryimage\",\"url\":\"https:\\\/\\\/canal7slp.tv\\\/2025\\\/wp-content\\\/uploads\\\/2025\\\/12\\\/08-4.jpg\",\"contentUrl\":\"https:\\\/\\\/canal7slp.tv\\\/2025\\\/wp-content\\\/uploads\\\/2025\\\/12\\\/08-4.jpg\",\"width\":888,\"height\":500},{\"@type\":\"BreadcrumbList\",\"@id\":\"https:\\\/\\\/canal7slp.tv\\\/2025\\\/se-preve-la-creacion-de-una-junta-de-paz-para-gaza-con-trump-como-presidente\\\/#breadcrumb\",\"itemListElement\":[{\"@type\":\"ListItem\",\"position\":1,\"name\":\"Portada\",\"item\":\"https:\\\/\\\/canal7slp.tv\\\/2025\\\/\"},{\"@type\":\"ListItem\",\"position\":2,\"name\":\"Se prev\u00e9 la creaci\u00f3n de una Junta de Paz para Gaza con Trump como presidente\"}]},{\"@type\":\"WebSite\",\"@id\":\"https:\\\/\\\/canal7slp.tv\\\/2025\\\/#website\",\"url\":\"https:\\\/\\\/canal7slp.tv\\\/2025\\\/\",\"name\":\"N7 - Noticieros Canal 7\",\"description\":\"Somos el Medio\",\"publisher\":{\"@id\":\"https:\\\/\\\/canal7slp.tv\\\/2025\\\/#organization\"},\"potentialAction\":[{\"@type\":\"SearchAction\",\"target\":{\"@type\":\"EntryPoint\",\"urlTemplate\":\"https:\\\/\\\/canal7slp.tv\\\/2025\\\/?s={search_term_string}\"},\"query-input\":{\"@type\":\"PropertyValueSpecification\",\"valueRequired\":true,\"valueName\":\"search_term_string\"}}],\"inLanguage\":\"es\"},{\"@type\":\"Organization\",\"@id\":\"https:\\\/\\\/canal7slp.tv\\\/2025\\\/#organization\",\"name\":\"Noticieros Canal 7\",\"url\":\"https:\\\/\\\/canal7slp.tv\\\/2025\\\/\",\"logo\":{\"@type\":\"ImageObject\",\"inLanguage\":\"es\",\"@id\":\"https:\\\/\\\/canal7slp.tv\\\/2025\\\/#\\\/schema\\\/logo\\\/image\\\/\",\"url\":\"https:\\\/\\\/canal7slp.tv\\\/2025\\\/wp-content\\\/uploads\\\/2021\\\/01\\\/logo-noticieros@2x.png\",\"contentUrl\":\"https:\\\/\\\/canal7slp.tv\\\/2025\\\/wp-content\\\/uploads\\\/2021\\\/01\\\/logo-noticieros@2x.png\",\"width\":1017,\"height\":268,\"caption\":\"Noticieros Canal 7\"},\"image\":{\"@id\":\"https:\\\/\\\/canal7slp.tv\\\/2025\\\/#\\\/schema\\\/logo\\\/image\\\/\"},\"sameAs\":[\"https:\\\/\\\/www.facebook.com\\\/noticieroscanal7atencionciudadana\\\/\",\"https:\\\/\\\/x.com\\\/NOTICIEROS7\",\"https:\\\/\\\/www.instagram.com\\\/canal7_slp\",\"https:\\\/\\\/www.youtube.com\\\/channel\\\/UCliiYs-gP3JfJeqdPrNdd5A\"]},{\"@type\":\"Person\",\"@id\":\"https:\\\/\\\/canal7slp.tv\\\/2025\\\/#\\\/schema\\\/person\\\/271e2b60a96e7cc9d9ac296f4d7e414b\",\"name\":\"Edici\u00f3n Web\",\"image\":{\"@type\":\"ImageObject\",\"inLanguage\":\"es\",\"@id\":\"https:\\\/\\\/secure.gravatar.com\\\/avatar\\\/eee448fc3f7164808013b816ba91ac7e43bbe82a70bebac296f8bc6f0addaa1a?s=96&d=mm&r=g\",\"url\":\"https:\\\/\\\/secure.gravatar.com\\\/avatar\\\/eee448fc3f7164808013b816ba91ac7e43bbe82a70bebac296f8bc6f0addaa1a?s=96&d=mm&r=g\",\"contentUrl\":\"https:\\\/\\\/secure.gravatar.com\\\/avatar\\\/eee448fc3f7164808013b816ba91ac7e43bbe82a70bebac296f8bc6f0addaa1a?s=96&d=mm&r=g\",\"caption\":\"Edici\u00f3n Web\"},\"url\":\"https:\\\/\\\/canal7slp.tv\\\/2025\\\/author\\\/edicionweb\\\/\"}]}<\/script>\n<!-- \/ Yoast SEO plugin. -->","yoast_head_json":{"title":"Se prev\u00e9 la creaci\u00f3n de una Junta de Paz para Gaza con Trump como presidente - Canal 7 SLP - 2025","robots":{"index":"index","follow":"follow","max-snippet":"max-snippet:-1","max-image-preview":"max-image-preview:large","max-video-preview":"max-video-preview:-1"},"canonical":"https:\/\/canal7slp.tv\/2025\/se-preve-la-creacion-de-una-junta-de-paz-para-gaza-con-trump-como-presidente\/","og_locale":"es_ES","og_type":"article","og_title":"Se prev\u00e9 la creaci\u00f3n de una Junta de Paz para Gaza con Trump como presidente - Canal 7 SLP - 2025","og_description":"Gaza.- Antes de que termine el a\u00f1o podr\u00eda anunciarse una nueva estructura internacional de gobierno para la Franja de Gaza, como parte de la siguiente etapa del alto al fuego actualmente vigente. Seg\u00fan un funcionario \u00e1rabe y un diplom\u00e1tico occidental consultados bajo anonimato, el plan contempla la creaci\u00f3n de una \u201cJunta de Paz\u201d que supervisar\u00eda la reconstrucci\u00f3n del territorio y cuya presidencia recaer\u00eda en el mandatario estadounidense, Donald Trump. El esquema forma parte de los compromisos incluidos en la tregua mediada por Washington y plantea que la ONU otorgue a la junta un mandato inicial de dos a\u00f1os, renovable. Estar\u00eda [&hellip;]","og_url":"https:\/\/canal7slp.tv\/2025\/se-preve-la-creacion-de-una-junta-de-paz-para-gaza-con-trump-como-presidente\/","og_site_name":"Canal 7 SLP - 2025","article_publisher":"https:\/\/www.facebook.com\/noticieroscanal7atencionciudadana\/","article_published_time":"2025-12-06T20:32:30+00:00","article_modified_time":"2025-12-06T20:36:16+00:00","og_image":[{"width":888,"height":500,"url":"https:\/\/canal7slp.tv\/2025\/wp-content\/uploads\/2025\/12\/08-4.jpg","type":"image\/jpeg"}],"author":"Edici\u00f3n Web","twitter_card":"summary_large_image","twitter_creator":"@NOTICIEROS7","twitter_site":"@NOTICIEROS7","twitter_misc":{"Escrito por":"Edici\u00f3n Web","Tiempo de lectura":"2 minutos"},"schema":{"@context":"https:\/\/schema.org","@graph":[{"@type":"Article","@id":"https:\/\/canal7slp.tv\/2025\/se-preve-la-creacion-de-una-junta-de-paz-para-gaza-con-trump-como-presidente\/#article","isPartOf":{"@id":"https:\/\/canal7slp.tv\/2025\/se-preve-la-creacion-de-una-junta-de-paz-para-gaza-con-trump-como-presidente\/"},"author":{"name":"Edici\u00f3n Web","@id":"https:\/\/canal7slp.tv\/2025\/#\/schema\/person\/271e2b60a96e7cc9d9ac296f4d7e414b"},"headline":"Se prev\u00e9 la creaci\u00f3n de una Junta de Paz para Gaza con Trump como presidente","datePublished":"2025-12-06T20:32:30+00:00","dateModified":"2025-12-06T20:36:16+00:00","mainEntityOfPage":{"@id":"https:\/\/canal7slp.tv\/2025\/se-preve-la-creacion-de-una-junta-de-paz-para-gaza-con-trump-como-presidente\/"},"wordCount":278,"publisher":{"@id":"https:\/\/canal7slp.tv\/2025\/#organization"},"image":{"@id":"https:\/\/canal7slp.tv\/2025\/se-preve-la-creacion-de-una-junta-de-paz-para-gaza-con-trump-como-presidente\/#primaryimage"},"thumbnailUrl":"https:\/\/canal7slp.tv\/2025\/wp-content\/uploads\/2025\/12\/08-4.jpg","articleSection":["INTERNACIONALES"],"inLanguage":"es"},{"@type":"WebPage","@id":"https:\/\/canal7slp.tv\/2025\/se-preve-la-creacion-de-una-junta-de-paz-para-gaza-con-trump-como-presidente\/","url":"https:\/\/canal7slp.tv\/2025\/se-preve-la-creacion-de-una-junta-de-paz-para-gaza-con-trump-como-presidente\/","name":"Se prev\u00e9 la creaci\u00f3n de una Junta de Paz para Gaza con Trump como presidente - Canal 7 SLP - 2025","isPartOf":{"@id":"https:\/\/canal7slp.tv\/2025\/#website"},"primaryImageOfPage":{"@id":"https:\/\/canal7slp.tv\/2025\/se-preve-la-creacion-de-una-junta-de-paz-para-gaza-con-trump-como-presidente\/#primaryimage"},"image":{"@id":"https:\/\/canal7slp.tv\/2025\/se-preve-la-creacion-de-una-junta-de-paz-para-gaza-con-trump-como-presidente\/#primaryimage"},"thumbnailUrl":"https:\/\/canal7slp.tv\/2025\/wp-content\/uploads\/2025\/12\/08-4.jpg","datePublished":"2025-12-06T20:32:30+00:00","dateModified":"2025-12-06T20:36:16+00:00","breadcrumb":{"@id":"https:\/\/canal7slp.tv\/2025\/se-preve-la-creacion-de-una-junta-de-paz-para-gaza-con-trump-como-presidente\/#breadcrumb"},"inLanguage":"es","potentialAction":[{"@type":"ReadAction","target":["https:\/\/canal7slp.tv\/2025\/se-preve-la-creacion-de-una-junta-de-paz-para-gaza-con-trump-como-presidente\/"]}]},{"@type":"ImageObject","inLanguage":"es","@id":"https:\/\/canal7slp.tv\/2025\/se-preve-la-creacion-de-una-junta-de-paz-para-gaza-con-trump-como-presidente\/#primaryimage","url":"https:\/\/canal7slp.tv\/2025\/wp-content\/uploads\/2025\/12\/08-4.jpg","contentUrl":"https:\/\/canal7slp.tv\/2025\/wp-content\/uploads\/2025\/12\/08-4.jpg","width":888,"height":500},{"@type":"BreadcrumbList","@id":"https:\/\/canal7slp.tv\/2025\/se-preve-la-creacion-de-una-junta-de-paz-para-gaza-con-trump-como-presidente\/#breadcrumb","itemListElement":[{"@type":"ListItem","position":1,"name":"Portada","item":"https:\/\/canal7slp.tv\/2025\/"},{"@type":"ListItem","position":2,"name":"Se prev\u00e9 la creaci\u00f3n de una Junta de Paz para Gaza con Trump como presidente"}]},{"@type":"WebSite","@id":"https:\/\/canal7slp.tv\/2025\/#website","url":"https:\/\/canal7slp.tv\/2025\/","name":"N7 - Noticieros Canal 7","description":"Somos el Medio","publisher":{"@id":"https:\/\/canal7slp.tv\/2025\/#organization"},"potentialAction":[{"@type":"SearchAction","target":{"@type":"EntryPoint","urlTemplate":"https:\/\/canal7slp.tv\/2025\/?s={search_term_string}"},"query-input":{"@type":"PropertyValueSpecification","valueRequired":true,"valueName":"search_term_string"}}],"inLanguage":"es"},{"@type":"Organization","@id":"https:\/\/canal7slp.tv\/2025\/#organization","name":"Noticieros Canal 7","url":"https:\/\/canal7slp.tv\/2025\/","logo":{"@type":"ImageObject","inLanguage":"es","@id":"https:\/\/canal7slp.tv\/2025\/#\/schema\/logo\/image\/","url":"https:\/\/canal7slp.tv\/2025\/wp-content\/uploads\/2021\/01\/logo-noticieros@2x.png","contentUrl":"https:\/\/canal7slp.tv\/2025\/wp-content\/uploads\/2021\/01\/logo-noticieros@2x.png","width":1017,"height":268,"caption":"Noticieros Canal 7"},"image":{"@id":"https:\/\/canal7slp.tv\/2025\/#\/schema\/logo\/image\/"},"sameAs":["https:\/\/www.facebook.com\/noticieroscanal7atencionciudadana\/","https:\/\/x.com\/NOTICIEROS7","https:\/\/www.instagram.com\/canal7_slp","https:\/\/www.youtube.com\/channel\/UCliiYs-gP3JfJeqdPrNdd5A"]},{"@type":"Person","@id":"https:\/\/canal7slp.tv\/2025\/#\/schema\/person\/271e2b60a96e7cc9d9ac296f4d7e414b","name":"Edici\u00f3n Web","image":{"@type":"ImageObject","inLanguage":"es","@id":"https:\/\/secure.gravatar.com\/avatar\/eee448fc3f7164808013b816ba91ac7e43bbe82a70bebac296f8bc6f0addaa1a?s=96&d=mm&r=g","url":"https:\/\/secure.gravatar.com\/avatar\/eee448fc3f7164808013b816ba91ac7e43bbe82a70bebac296f8bc6f0addaa1a?s=96&d=mm&r=g","contentUrl":"https:\/\/secure.gravatar.com\/avatar\/eee448fc3f7164808013b816ba91ac7e43bbe82a70bebac296f8bc6f0addaa1a?s=96&d=mm&r=g","caption":"Edici\u00f3n Web"},"url":"https:\/\/canal7slp.tv\/2025\/author\/edicionweb\/"}]}},"_links":{"self":[{"href":"https:\/\/canal7slp.tv\/2025\/wp-json\/wp\/v2\/posts\/187161","targetHints":{"allow":["GET"]}}],"collection":[{"href":"https:\/\/canal7slp.tv\/2025\/wp-json\/wp\/v2\/posts"}],"about":[{"href":"https:\/\/canal7slp.tv\/2025\/wp-json\/wp\/v2\/types\/post"}],"author":[{"embeddable":true,"href":"https:\/\/canal7slp.tv\/2025\/wp-json\/wp\/v2\/users\/2"}],"replies":[{"embeddable":true,"href":"https:\/\/canal7slp.tv\/2025\/wp-json\/wp\/v2\/comments?post=187161"}],"version-history":[{"count":2,"href":"https:\/\/canal7slp.tv\/2025\/wp-json\/wp\/v2\/posts\/187161\/revisions"}],"predecessor-version":[{"id":187166,"href":"https:\/\/canal7slp.tv\/2025\/wp-json\/wp\/v2\/posts\/187161\/revisions\/187166"}],"wp:featuredmedia":[{"embeddable":true,"href":"https:\/\/canal7slp.tv\/2025\/wp-json\/wp\/v2\/media\/187165"}],"wp:attachment":[{"href":"https:\/\/canal7slp.tv\/2025\/wp-json\/wp\/v2\/media?parent=187161"}],"wp:term":[{"taxonomy":"category","embeddable":true,"href":"https:\/\/canal7slp.tv\/2025\/wp-json\/wp\/v2\/categories?post=187161"},{"taxonomy":"post_tag","embeddable":true,"href":"https:\/\/canal7slp.tv\/2025\/wp-json\/wp\/v2\/tags?post=187161"}],"curies":[{"name":"wp","href":"https:\/\/api.w.org\/{rel}","templated":true}]}}