{"id":187154,"date":"2025-12-06T13:19:46","date_gmt":"2025-12-06T19:19:46","guid":{"rendered":"https:\/\/canal7slp.tv\/2025\/?p=187154"},"modified":"2025-12-06T16:21:17","modified_gmt":"2025-12-06T22:21:17","slug":"semarnat-reserva-por-cinco-anos-informacion-sobre-impactos-ambientales-del-tren-maya-en-cavernas","status":"publish","type":"post","link":"https:\/\/canal7slp.tv\/2025\/semarnat-reserva-por-cinco-anos-informacion-sobre-impactos-ambientales-del-tren-maya-en-cavernas\/","title":{"rendered":"Semarnat reserva por cinco a\u00f1os informaci\u00f3n sobre impactos ambientales del Tren Maya en cavernas"},"content":{"rendered":"<p style=\"text-align: justify;\">M\u00e9xico.- La Secretar\u00eda de Medio Ambiente y Recursos Naturales (Semarnat) decidi\u00f3 mantener bajo reserva los documentos t\u00e9cnicos que describen las afectaciones ambientales en cenotes y cavernas relacionadas con la construcci\u00f3n del Tramo 5 del Tren Maya, al considerarlos informaci\u00f3n de seguridad nacional.<\/p>\n<p style=\"text-align: justify;\">La medida, aplicada en respuesta a una solicitud de transparencia, se sustenta en una resoluci\u00f3n interna emitida en 2023 que establece un periodo de resguardo de cinco a\u00f1os, por lo que los dict\u00e1menes y estudios no podr\u00e1n conocerse p\u00fablicamente hasta 2028, salvo que la dependencia determine lo contrario.<\/p>\n<p style=\"text-align: justify;\">Aunque la Semarnat ha evitado difundir evaluaciones espec\u00edficas, en una comparecencia legislativa su titular reconoci\u00f3 da\u00f1os en al menos ocho formaciones k\u00e1rsticas entre Playa del Carmen y Tulum, incluyendo la presencia de concreto y trabajos de limpieza, adem\u00e1s de admitir que una parte importante de las condicionantes ambientales del proyecto sigue sin cumplirse.<\/p>\n<p style=\"text-align: justify;\">Pese a esa admisi\u00f3n, la Direcci\u00f3n General de Impacto y Riesgo Ambiental inform\u00f3 en su respuesta formal que no cuenta con monitoreos, auditor\u00edas ni estudios propios sobre la calidad del agua o impactos directos en cenotes y cavernas.<\/p>\n<p style=\"text-align: justify;\">La informaci\u00f3n disponible al p\u00fablico se limita a las Manifestaciones de Impacto Ambiental, documentos que no incluyen an\u00e1lisis espec\u00edficos sobre estas afectaciones.<\/p>\n","protected":false},"excerpt":{"rendered":"<p>M\u00e9xico.- La Secretar\u00eda de Medio Ambiente y Recursos Naturales (Semarnat) decidi\u00f3 mantener bajo reserva los documentos t\u00e9cnicos que describen las afectaciones ambientales en cenotes y cavernas relacionadas con la construcci\u00f3n del Tramo 5 del Tren Maya, al considerarlos informaci\u00f3n de seguridad nacional. La medida, aplicada en respuesta a una solicitud de transparencia, se sustenta en una resoluci\u00f3n interna emitida en 2023 que establece un periodo de resguardo de cinco a\u00f1os, por lo que los dict\u00e1menes y estudios no podr\u00e1n conocerse p\u00fablicamente hasta 2028, salvo que la dependencia determine lo contrario. Aunque la Semarnat ha evitado difundir evaluaciones espec\u00edficas, en una [&hellip;]<\/p>\n","protected":false},"author":2,"featured_media":187155,"comment_status":"closed","ping_status":"closed","sticky":false,"template":"","format":"standard","meta":{"_monsterinsights_skip_tracking":false,"_monsterinsights_sitenote_active":false,"_monsterinsights_sitenote_note":"","_monsterinsights_sitenote_category":0,"footnotes":""},"categories":[46],"tags":[],"class_list":["post-187154","post","type-post","status-publish","format-standard","has-post-thumbnail","hentry","category-nacional","post--single"],"yoast_head":"<!-- This site is optimized with the Yoast SEO plugin v27.4 - https:\/\/yoast.com\/product\/yoast-seo-wordpress\/ -->\n<title>Semarnat reserva por cinco a\u00f1os informaci\u00f3n sobre impactos ambientales del Tren Maya en cavernas - Canal 7 SLP - 2025<\/title>\n<meta name=\"robots\" content=\"index, follow, max-snippet:-1, max-image-preview:large, max-video-preview:-1\" \/>\n<link rel=\"canonical\" href=\"https:\/\/canal7slp.tv\/2025\/semarnat-reserva-por-cinco-anos-informacion-sobre-impactos-ambientales-del-tren-maya-en-cavernas\/\" \/>\n<meta property=\"og:locale\" content=\"es_ES\" \/>\n<meta property=\"og:type\" content=\"article\" \/>\n<meta property=\"og:title\" content=\"Semarnat reserva por cinco a\u00f1os informaci\u00f3n sobre impactos ambientales del Tren Maya en cavernas - Canal 7 SLP - 2025\" \/>\n<meta property=\"og:description\" content=\"M\u00e9xico.- La Secretar\u00eda de Medio Ambiente y Recursos Naturales (Semarnat) decidi\u00f3 mantener bajo reserva los documentos t\u00e9cnicos que describen las afectaciones ambientales en cenotes y cavernas relacionadas con la construcci\u00f3n del Tramo 5 del Tren Maya, al considerarlos informaci\u00f3n de seguridad nacional. La medida, aplicada en respuesta a una solicitud de transparencia, se sustenta en una resoluci\u00f3n interna emitida en 2023 que establece un periodo de resguardo de cinco a\u00f1os, por lo que los dict\u00e1menes y estudios no podr\u00e1n conocerse p\u00fablicamente hasta 2028, salvo que la dependencia determine lo contrario. Aunque la Semarnat ha evitado difundir evaluaciones espec\u00edficas, en una [&hellip;]\" \/>\n<meta property=\"og:url\" content=\"https:\/\/canal7slp.tv\/2025\/semarnat-reserva-por-cinco-anos-informacion-sobre-impactos-ambientales-del-tren-maya-en-cavernas\/\" \/>\n<meta property=\"og:site_name\" content=\"Canal 7 SLP - 2025\" \/>\n<meta property=\"article:publisher\" content=\"https:\/\/www.facebook.com\/noticieroscanal7atencionciudadana\/\" \/>\n<meta property=\"article:published_time\" content=\"2025-12-06T19:19:46+00:00\" \/>\n<meta property=\"article:modified_time\" content=\"2025-12-06T22:21:17+00:00\" \/>\n<meta property=\"og:image\" content=\"https:\/\/canal7slp.tv\/2025\/wp-content\/uploads\/2025\/12\/06-5.jpg\" \/>\n\t<meta property=\"og:image:width\" content=\"750\" \/>\n\t<meta property=\"og:image:height\" content=\"500\" \/>\n\t<meta property=\"og:image:type\" content=\"image\/jpeg\" \/>\n<meta name=\"author\" content=\"Edici\u00f3n Web\" \/>\n<meta name=\"twitter:card\" content=\"summary_large_image\" \/>\n<meta name=\"twitter:creator\" content=\"@NOTICIEROS7\" \/>\n<meta name=\"twitter:site\" content=\"@NOTICIEROS7\" \/>\n<meta name=\"twitter:label1\" content=\"Escrito por\" \/>\n\t<meta name=\"twitter:data1\" content=\"Edici\u00f3n Web\" \/>\n\t<meta name=\"twitter:label2\" content=\"Tiempo de lectura\" \/>\n\t<meta name=\"twitter:data2\" content=\"2 minutos\" \/>\n<script type=\"application\/ld+json\" class=\"yoast-schema-graph\">{\"@context\":\"https:\\\/\\\/schema.org\",\"@graph\":[{\"@type\":\"Article\",\"@id\":\"https:\\\/\\\/canal7slp.tv\\\/2025\\\/semarnat-reserva-por-cinco-anos-informacion-sobre-impactos-ambientales-del-tren-maya-en-cavernas\\\/#article\",\"isPartOf\":{\"@id\":\"https:\\\/\\\/canal7slp.tv\\\/2025\\\/semarnat-reserva-por-cinco-anos-informacion-sobre-impactos-ambientales-del-tren-maya-en-cavernas\\\/\"},\"author\":{\"name\":\"Edici\u00f3n Web\",\"@id\":\"https:\\\/\\\/canal7slp.tv\\\/2025\\\/#\\\/schema\\\/person\\\/271e2b60a96e7cc9d9ac296f4d7e414b\"},\"headline\":\"Semarnat reserva por cinco a\u00f1os informaci\u00f3n sobre impactos ambientales del Tren Maya en cavernas\",\"datePublished\":\"2025-12-06T19:19:46+00:00\",\"dateModified\":\"2025-12-06T22:21:17+00:00\",\"mainEntityOfPage\":{\"@id\":\"https:\\\/\\\/canal7slp.tv\\\/2025\\\/semarnat-reserva-por-cinco-anos-informacion-sobre-impactos-ambientales-del-tren-maya-en-cavernas\\\/\"},\"wordCount\":238,\"publisher\":{\"@id\":\"https:\\\/\\\/canal7slp.tv\\\/2025\\\/#organization\"},\"image\":{\"@id\":\"https:\\\/\\\/canal7slp.tv\\\/2025\\\/semarnat-reserva-por-cinco-anos-informacion-sobre-impactos-ambientales-del-tren-maya-en-cavernas\\\/#primaryimage\"},\"thumbnailUrl\":\"https:\\\/\\\/canal7slp.tv\\\/2025\\\/wp-content\\\/uploads\\\/2025\\\/12\\\/06-5.jpg\",\"articleSection\":[\"NACIONALES\"],\"inLanguage\":\"es\"},{\"@type\":\"WebPage\",\"@id\":\"https:\\\/\\\/canal7slp.tv\\\/2025\\\/semarnat-reserva-por-cinco-anos-informacion-sobre-impactos-ambientales-del-tren-maya-en-cavernas\\\/\",\"url\":\"https:\\\/\\\/canal7slp.tv\\\/2025\\\/semarnat-reserva-por-cinco-anos-informacion-sobre-impactos-ambientales-del-tren-maya-en-cavernas\\\/\",\"name\":\"Semarnat reserva por cinco a\u00f1os informaci\u00f3n sobre impactos ambientales del Tren Maya en cavernas - Canal 7 SLP - 2025\",\"isPartOf\":{\"@id\":\"https:\\\/\\\/canal7slp.tv\\\/2025\\\/#website\"},\"primaryImageOfPage\":{\"@id\":\"https:\\\/\\\/canal7slp.tv\\\/2025\\\/semarnat-reserva-por-cinco-anos-informacion-sobre-impactos-ambientales-del-tren-maya-en-cavernas\\\/#primaryimage\"},\"image\":{\"@id\":\"https:\\\/\\\/canal7slp.tv\\\/2025\\\/semarnat-reserva-por-cinco-anos-informacion-sobre-impactos-ambientales-del-tren-maya-en-cavernas\\\/#primaryimage\"},\"thumbnailUrl\":\"https:\\\/\\\/canal7slp.tv\\\/2025\\\/wp-content\\\/uploads\\\/2025\\\/12\\\/06-5.jpg\",\"datePublished\":\"2025-12-06T19:19:46+00:00\",\"dateModified\":\"2025-12-06T22:21:17+00:00\",\"breadcrumb\":{\"@id\":\"https:\\\/\\\/canal7slp.tv\\\/2025\\\/semarnat-reserva-por-cinco-anos-informacion-sobre-impactos-ambientales-del-tren-maya-en-cavernas\\\/#breadcrumb\"},\"inLanguage\":\"es\",\"potentialAction\":[{\"@type\":\"ReadAction\",\"target\":[\"https:\\\/\\\/canal7slp.tv\\\/2025\\\/semarnat-reserva-por-cinco-anos-informacion-sobre-impactos-ambientales-del-tren-maya-en-cavernas\\\/\"]}]},{\"@type\":\"ImageObject\",\"inLanguage\":\"es\",\"@id\":\"https:\\\/\\\/canal7slp.tv\\\/2025\\\/semarnat-reserva-por-cinco-anos-informacion-sobre-impactos-ambientales-del-tren-maya-en-cavernas\\\/#primaryimage\",\"url\":\"https:\\\/\\\/canal7slp.tv\\\/2025\\\/wp-content\\\/uploads\\\/2025\\\/12\\\/06-5.jpg\",\"contentUrl\":\"https:\\\/\\\/canal7slp.tv\\\/2025\\\/wp-content\\\/uploads\\\/2025\\\/12\\\/06-5.jpg\",\"width\":750,\"height\":500},{\"@type\":\"BreadcrumbList\",\"@id\":\"https:\\\/\\\/canal7slp.tv\\\/2025\\\/semarnat-reserva-por-cinco-anos-informacion-sobre-impactos-ambientales-del-tren-maya-en-cavernas\\\/#breadcrumb\",\"itemListElement\":[{\"@type\":\"ListItem\",\"position\":1,\"name\":\"Portada\",\"item\":\"https:\\\/\\\/canal7slp.tv\\\/2025\\\/\"},{\"@type\":\"ListItem\",\"position\":2,\"name\":\"Semarnat reserva por cinco a\u00f1os informaci\u00f3n sobre impactos ambientales del Tren Maya en cavernas\"}]},{\"@type\":\"WebSite\",\"@id\":\"https:\\\/\\\/canal7slp.tv\\\/2025\\\/#website\",\"url\":\"https:\\\/\\\/canal7slp.tv\\\/2025\\\/\",\"name\":\"N7 - Noticieros Canal 7\",\"description\":\"Somos el Medio\",\"publisher\":{\"@id\":\"https:\\\/\\\/canal7slp.tv\\\/2025\\\/#organization\"},\"potentialAction\":[{\"@type\":\"SearchAction\",\"target\":{\"@type\":\"EntryPoint\",\"urlTemplate\":\"https:\\\/\\\/canal7slp.tv\\\/2025\\\/?s={search_term_string}\"},\"query-input\":{\"@type\":\"PropertyValueSpecification\",\"valueRequired\":true,\"valueName\":\"search_term_string\"}}],\"inLanguage\":\"es\"},{\"@type\":\"Organization\",\"@id\":\"https:\\\/\\\/canal7slp.tv\\\/2025\\\/#organization\",\"name\":\"Noticieros Canal 7\",\"url\":\"https:\\\/\\\/canal7slp.tv\\\/2025\\\/\",\"logo\":{\"@type\":\"ImageObject\",\"inLanguage\":\"es\",\"@id\":\"https:\\\/\\\/canal7slp.tv\\\/2025\\\/#\\\/schema\\\/logo\\\/image\\\/\",\"url\":\"https:\\\/\\\/canal7slp.tv\\\/2025\\\/wp-content\\\/uploads\\\/2021\\\/01\\\/logo-noticieros@2x.png\",\"contentUrl\":\"https:\\\/\\\/canal7slp.tv\\\/2025\\\/wp-content\\\/uploads\\\/2021\\\/01\\\/logo-noticieros@2x.png\",\"width\":1017,\"height\":268,\"caption\":\"Noticieros Canal 7\"},\"image\":{\"@id\":\"https:\\\/\\\/canal7slp.tv\\\/2025\\\/#\\\/schema\\\/logo\\\/image\\\/\"},\"sameAs\":[\"https:\\\/\\\/www.facebook.com\\\/noticieroscanal7atencionciudadana\\\/\",\"https:\\\/\\\/x.com\\\/NOTICIEROS7\",\"https:\\\/\\\/www.instagram.com\\\/canal7_slp\",\"https:\\\/\\\/www.youtube.com\\\/channel\\\/UCliiYs-gP3JfJeqdPrNdd5A\"]},{\"@type\":\"Person\",\"@id\":\"https:\\\/\\\/canal7slp.tv\\\/2025\\\/#\\\/schema\\\/person\\\/271e2b60a96e7cc9d9ac296f4d7e414b\",\"name\":\"Edici\u00f3n Web\",\"image\":{\"@type\":\"ImageObject\",\"inLanguage\":\"es\",\"@id\":\"https:\\\/\\\/secure.gravatar.com\\\/avatar\\\/eee448fc3f7164808013b816ba91ac7e43bbe82a70bebac296f8bc6f0addaa1a?s=96&d=mm&r=g\",\"url\":\"https:\\\/\\\/secure.gravatar.com\\\/avatar\\\/eee448fc3f7164808013b816ba91ac7e43bbe82a70bebac296f8bc6f0addaa1a?s=96&d=mm&r=g\",\"contentUrl\":\"https:\\\/\\\/secure.gravatar.com\\\/avatar\\\/eee448fc3f7164808013b816ba91ac7e43bbe82a70bebac296f8bc6f0addaa1a?s=96&d=mm&r=g\",\"caption\":\"Edici\u00f3n Web\"},\"url\":\"https:\\\/\\\/canal7slp.tv\\\/2025\\\/author\\\/edicionweb\\\/\"}]}<\/script>\n<!-- \/ Yoast SEO plugin. -->","yoast_head_json":{"title":"Semarnat reserva por cinco a\u00f1os informaci\u00f3n sobre impactos ambientales del Tren Maya en cavernas - Canal 7 SLP - 2025","robots":{"index":"index","follow":"follow","max-snippet":"max-snippet:-1","max-image-preview":"max-image-preview:large","max-video-preview":"max-video-preview:-1"},"canonical":"https:\/\/canal7slp.tv\/2025\/semarnat-reserva-por-cinco-anos-informacion-sobre-impactos-ambientales-del-tren-maya-en-cavernas\/","og_locale":"es_ES","og_type":"article","og_title":"Semarnat reserva por cinco a\u00f1os informaci\u00f3n sobre impactos ambientales del Tren Maya en cavernas - Canal 7 SLP - 2025","og_description":"M\u00e9xico.- La Secretar\u00eda de Medio Ambiente y Recursos Naturales (Semarnat) decidi\u00f3 mantener bajo reserva los documentos t\u00e9cnicos que describen las afectaciones ambientales en cenotes y cavernas relacionadas con la construcci\u00f3n del Tramo 5 del Tren Maya, al considerarlos informaci\u00f3n de seguridad nacional. La medida, aplicada en respuesta a una solicitud de transparencia, se sustenta en una resoluci\u00f3n interna emitida en 2023 que establece un periodo de resguardo de cinco a\u00f1os, por lo que los dict\u00e1menes y estudios no podr\u00e1n conocerse p\u00fablicamente hasta 2028, salvo que la dependencia determine lo contrario. Aunque la Semarnat ha evitado difundir evaluaciones espec\u00edficas, en una [&hellip;]","og_url":"https:\/\/canal7slp.tv\/2025\/semarnat-reserva-por-cinco-anos-informacion-sobre-impactos-ambientales-del-tren-maya-en-cavernas\/","og_site_name":"Canal 7 SLP - 2025","article_publisher":"https:\/\/www.facebook.com\/noticieroscanal7atencionciudadana\/","article_published_time":"2025-12-06T19:19:46+00:00","article_modified_time":"2025-12-06T22:21:17+00:00","og_image":[{"width":750,"height":500,"url":"https:\/\/canal7slp.tv\/2025\/wp-content\/uploads\/2025\/12\/06-5.jpg","type":"image\/jpeg"}],"author":"Edici\u00f3n Web","twitter_card":"summary_large_image","twitter_creator":"@NOTICIEROS7","twitter_site":"@NOTICIEROS7","twitter_misc":{"Escrito por":"Edici\u00f3n Web","Tiempo de lectura":"2 minutos"},"schema":{"@context":"https:\/\/schema.org","@graph":[{"@type":"Article","@id":"https:\/\/canal7slp.tv\/2025\/semarnat-reserva-por-cinco-anos-informacion-sobre-impactos-ambientales-del-tren-maya-en-cavernas\/#article","isPartOf":{"@id":"https:\/\/canal7slp.tv\/2025\/semarnat-reserva-por-cinco-anos-informacion-sobre-impactos-ambientales-del-tren-maya-en-cavernas\/"},"author":{"name":"Edici\u00f3n Web","@id":"https:\/\/canal7slp.tv\/2025\/#\/schema\/person\/271e2b60a96e7cc9d9ac296f4d7e414b"},"headline":"Semarnat reserva por cinco a\u00f1os informaci\u00f3n sobre impactos ambientales del Tren Maya en cavernas","datePublished":"2025-12-06T19:19:46+00:00","dateModified":"2025-12-06T22:21:17+00:00","mainEntityOfPage":{"@id":"https:\/\/canal7slp.tv\/2025\/semarnat-reserva-por-cinco-anos-informacion-sobre-impactos-ambientales-del-tren-maya-en-cavernas\/"},"wordCount":238,"publisher":{"@id":"https:\/\/canal7slp.tv\/2025\/#organization"},"image":{"@id":"https:\/\/canal7slp.tv\/2025\/semarnat-reserva-por-cinco-anos-informacion-sobre-impactos-ambientales-del-tren-maya-en-cavernas\/#primaryimage"},"thumbnailUrl":"https:\/\/canal7slp.tv\/2025\/wp-content\/uploads\/2025\/12\/06-5.jpg","articleSection":["NACIONALES"],"inLanguage":"es"},{"@type":"WebPage","@id":"https:\/\/canal7slp.tv\/2025\/semarnat-reserva-por-cinco-anos-informacion-sobre-impactos-ambientales-del-tren-maya-en-cavernas\/","url":"https:\/\/canal7slp.tv\/2025\/semarnat-reserva-por-cinco-anos-informacion-sobre-impactos-ambientales-del-tren-maya-en-cavernas\/","name":"Semarnat reserva por cinco a\u00f1os informaci\u00f3n sobre impactos ambientales del Tren Maya en cavernas - Canal 7 SLP - 2025","isPartOf":{"@id":"https:\/\/canal7slp.tv\/2025\/#website"},"primaryImageOfPage":{"@id":"https:\/\/canal7slp.tv\/2025\/semarnat-reserva-por-cinco-anos-informacion-sobre-impactos-ambientales-del-tren-maya-en-cavernas\/#primaryimage"},"image":{"@id":"https:\/\/canal7slp.tv\/2025\/semarnat-reserva-por-cinco-anos-informacion-sobre-impactos-ambientales-del-tren-maya-en-cavernas\/#primaryimage"},"thumbnailUrl":"https:\/\/canal7slp.tv\/2025\/wp-content\/uploads\/2025\/12\/06-5.jpg","datePublished":"2025-12-06T19:19:46+00:00","dateModified":"2025-12-06T22:21:17+00:00","breadcrumb":{"@id":"https:\/\/canal7slp.tv\/2025\/semarnat-reserva-por-cinco-anos-informacion-sobre-impactos-ambientales-del-tren-maya-en-cavernas\/#breadcrumb"},"inLanguage":"es","potentialAction":[{"@type":"ReadAction","target":["https:\/\/canal7slp.tv\/2025\/semarnat-reserva-por-cinco-anos-informacion-sobre-impactos-ambientales-del-tren-maya-en-cavernas\/"]}]},{"@type":"ImageObject","inLanguage":"es","@id":"https:\/\/canal7slp.tv\/2025\/semarnat-reserva-por-cinco-anos-informacion-sobre-impactos-ambientales-del-tren-maya-en-cavernas\/#primaryimage","url":"https:\/\/canal7slp.tv\/2025\/wp-content\/uploads\/2025\/12\/06-5.jpg","contentUrl":"https:\/\/canal7slp.tv\/2025\/wp-content\/uploads\/2025\/12\/06-5.jpg","width":750,"height":500},{"@type":"BreadcrumbList","@id":"https:\/\/canal7slp.tv\/2025\/semarnat-reserva-por-cinco-anos-informacion-sobre-impactos-ambientales-del-tren-maya-en-cavernas\/#breadcrumb","itemListElement":[{"@type":"ListItem","position":1,"name":"Portada","item":"https:\/\/canal7slp.tv\/2025\/"},{"@type":"ListItem","position":2,"name":"Semarnat reserva por cinco a\u00f1os informaci\u00f3n sobre impactos ambientales del Tren Maya en cavernas"}]},{"@type":"WebSite","@id":"https:\/\/canal7slp.tv\/2025\/#website","url":"https:\/\/canal7slp.tv\/2025\/","name":"N7 - Noticieros Canal 7","description":"Somos el Medio","publisher":{"@id":"https:\/\/canal7slp.tv\/2025\/#organization"},"potentialAction":[{"@type":"SearchAction","target":{"@type":"EntryPoint","urlTemplate":"https:\/\/canal7slp.tv\/2025\/?s={search_term_string}"},"query-input":{"@type":"PropertyValueSpecification","valueRequired":true,"valueName":"search_term_string"}}],"inLanguage":"es"},{"@type":"Organization","@id":"https:\/\/canal7slp.tv\/2025\/#organization","name":"Noticieros Canal 7","url":"https:\/\/canal7slp.tv\/2025\/","logo":{"@type":"ImageObject","inLanguage":"es","@id":"https:\/\/canal7slp.tv\/2025\/#\/schema\/logo\/image\/","url":"https:\/\/canal7slp.tv\/2025\/wp-content\/uploads\/2021\/01\/logo-noticieros@2x.png","contentUrl":"https:\/\/canal7slp.tv\/2025\/wp-content\/uploads\/2021\/01\/logo-noticieros@2x.png","width":1017,"height":268,"caption":"Noticieros Canal 7"},"image":{"@id":"https:\/\/canal7slp.tv\/2025\/#\/schema\/logo\/image\/"},"sameAs":["https:\/\/www.facebook.com\/noticieroscanal7atencionciudadana\/","https:\/\/x.com\/NOTICIEROS7","https:\/\/www.instagram.com\/canal7_slp","https:\/\/www.youtube.com\/channel\/UCliiYs-gP3JfJeqdPrNdd5A"]},{"@type":"Person","@id":"https:\/\/canal7slp.tv\/2025\/#\/schema\/person\/271e2b60a96e7cc9d9ac296f4d7e414b","name":"Edici\u00f3n Web","image":{"@type":"ImageObject","inLanguage":"es","@id":"https:\/\/secure.gravatar.com\/avatar\/eee448fc3f7164808013b816ba91ac7e43bbe82a70bebac296f8bc6f0addaa1a?s=96&d=mm&r=g","url":"https:\/\/secure.gravatar.com\/avatar\/eee448fc3f7164808013b816ba91ac7e43bbe82a70bebac296f8bc6f0addaa1a?s=96&d=mm&r=g","contentUrl":"https:\/\/secure.gravatar.com\/avatar\/eee448fc3f7164808013b816ba91ac7e43bbe82a70bebac296f8bc6f0addaa1a?s=96&d=mm&r=g","caption":"Edici\u00f3n Web"},"url":"https:\/\/canal7slp.tv\/2025\/author\/edicionweb\/"}]}},"_links":{"self":[{"href":"https:\/\/canal7slp.tv\/2025\/wp-json\/wp\/v2\/posts\/187154","targetHints":{"allow":["GET"]}}],"collection":[{"href":"https:\/\/canal7slp.tv\/2025\/wp-json\/wp\/v2\/posts"}],"about":[{"href":"https:\/\/canal7slp.tv\/2025\/wp-json\/wp\/v2\/types\/post"}],"author":[{"embeddable":true,"href":"https:\/\/canal7slp.tv\/2025\/wp-json\/wp\/v2\/users\/2"}],"replies":[{"embeddable":true,"href":"https:\/\/canal7slp.tv\/2025\/wp-json\/wp\/v2\/comments?post=187154"}],"version-history":[{"count":1,"href":"https:\/\/canal7slp.tv\/2025\/wp-json\/wp\/v2\/posts\/187154\/revisions"}],"predecessor-version":[{"id":187156,"href":"https:\/\/canal7slp.tv\/2025\/wp-json\/wp\/v2\/posts\/187154\/revisions\/187156"}],"wp:featuredmedia":[{"embeddable":true,"href":"https:\/\/canal7slp.tv\/2025\/wp-json\/wp\/v2\/media\/187155"}],"wp:attachment":[{"href":"https:\/\/canal7slp.tv\/2025\/wp-json\/wp\/v2\/media?parent=187154"}],"wp:term":[{"taxonomy":"category","embeddable":true,"href":"https:\/\/canal7slp.tv\/2025\/wp-json\/wp\/v2\/categories?post=187154"},{"taxonomy":"post_tag","embeddable":true,"href":"https:\/\/canal7slp.tv\/2025\/wp-json\/wp\/v2\/tags?post=187154"}],"curies":[{"name":"wp","href":"https:\/\/api.w.org\/{rel}","templated":true}]}}