{"id":187148,"date":"2025-12-06T12:30:34","date_gmt":"2025-12-06T18:30:34","guid":{"rendered":"https:\/\/canal7slp.tv\/2025\/?p=187148"},"modified":"2025-12-06T12:30:34","modified_gmt":"2025-12-06T18:30:34","slug":"gobierno-federal-busca-reforzar-la-seguridad-en-michoacan-ante-la-crisis-agricola-y-criminal","status":"publish","type":"post","link":"https:\/\/canal7slp.tv\/2025\/gobierno-federal-busca-reforzar-la-seguridad-en-michoacan-ante-la-crisis-agricola-y-criminal\/","title":{"rendered":"Gobierno Federal busca reforzar la seguridad en Michoac\u00e1n ante la crisis agr\u00edcola y criminal"},"content":{"rendered":"<p style=\"text-align: justify;\">Michoac\u00e1n.- Comunidades agr\u00edcolas en el estado de Michoac\u00e1n enfrentan una situaci\u00f3n cr\u00edtica marcada por la extorsi\u00f3n sistem\u00e1tica de grupos delictivos, lo que ha llevado a algunos productores a abandonar o reducir sus cultivos.<\/p>\n<p style=\"text-align: justify;\">Testimonios recogidos en la regi\u00f3n, particularmente en zonas limoneras, describen un control econ\u00f3mico por parte de los c\u00e1rteles que fija precios y retiene una parte de las ganancias, volviendo la actividad insostenible.<\/p>\n<p style=\"text-align: justify;\">Este panorama se ha agravado tras los asesinatos del alcalde de Uruapan, Carlos Manzo, y del l\u00edder limonero Bernardo Bravo, figuras que hab\u00edan denunciado p\u00fablicamente la influencia del crimen organizado.<\/p>\n<p style=\"text-align: justify;\">El homicidio de Manzo, ocurrido en un espacio p\u00fablico a pesar de contar con un amplio dispositivo de seguridad, gener\u00f3 protestas y puso bajo escrutinio la estrategia de seguridad en el estado.<\/p>\n<p style=\"text-align: justify;\">Ante la presi\u00f3n, el gobierno federal anunci\u00f3 el despliegue de 2,000 elementos adicionales de las fuerzas armadas en Michoac\u00e1n, sum\u00e1ndose a los ya desplegados, como parte de un operativo que enfatiza la coordinaci\u00f3n y la inteligencia.<\/p>\n<p style=\"text-align: justify;\">Sin embargo, residentes y analistas expresan escepticismo sobre la efectividad a largo plazo de estas medidas, se\u00f1alando el fracaso de estrategias pasadas y la persistente fragmentaci\u00f3n y especializaci\u00f3n de los grupos criminales en la entidad.<\/p>\n<p style=\"text-align: justify;\">La violencia en Michoac\u00e1n, donde operan varios de los c\u00e1rteles designados como organizaciones terroristas por Estados Unidos, tambi\u00e9n ha atra\u00eddo la atenci\u00f3n internacional.<\/p>\n<p style=\"text-align: justify;\">La administraci\u00f3n del presidente Donald Trump ha ofrecido ayuda militar a M\u00e9xico y ha realizado operaciones antinarc\u00f3ticos en la regi\u00f3n del Caribe, aumentando la presi\u00f3n sobre el gobierno de la presidenta Claudia Sheinbaum para contener la crisis.<\/p>\n","protected":false},"excerpt":{"rendered":"<p>Michoac\u00e1n.- Comunidades agr\u00edcolas en el estado de Michoac\u00e1n enfrentan una situaci\u00f3n cr\u00edtica marcada por la extorsi\u00f3n sistem\u00e1tica de grupos delictivos, lo que ha llevado a algunos productores a abandonar o reducir sus cultivos. Testimonios recogidos en la regi\u00f3n, particularmente en zonas limoneras, describen un control econ\u00f3mico por parte de los c\u00e1rteles que fija precios y retiene una parte de las ganancias, volviendo la actividad insostenible. Este panorama se ha agravado tras los asesinatos del alcalde de Uruapan, Carlos Manzo, y del l\u00edder limonero Bernardo Bravo, figuras que hab\u00edan denunciado p\u00fablicamente la influencia del crimen organizado. El homicidio de Manzo, ocurrido [&hellip;]<\/p>\n","protected":false},"author":2,"featured_media":187149,"comment_status":"closed","ping_status":"closed","sticky":false,"template":"","format":"standard","meta":{"_monsterinsights_skip_tracking":false,"_monsterinsights_sitenote_active":false,"_monsterinsights_sitenote_note":"","_monsterinsights_sitenote_category":0,"footnotes":""},"categories":[46],"tags":[],"class_list":["post-187148","post","type-post","status-publish","format-standard","has-post-thumbnail","hentry","category-nacional","post--single"],"yoast_head":"<!-- This site is optimized with the Yoast SEO plugin v27.4 - https:\/\/yoast.com\/product\/yoast-seo-wordpress\/ -->\n<title>Gobierno Federal busca reforzar la seguridad en Michoac\u00e1n ante la crisis agr\u00edcola y criminal - Canal 7 SLP - 2025<\/title>\n<meta name=\"robots\" content=\"index, follow, max-snippet:-1, max-image-preview:large, max-video-preview:-1\" \/>\n<link rel=\"canonical\" href=\"https:\/\/canal7slp.tv\/2025\/gobierno-federal-busca-reforzar-la-seguridad-en-michoacan-ante-la-crisis-agricola-y-criminal\/\" \/>\n<meta property=\"og:locale\" content=\"es_ES\" \/>\n<meta property=\"og:type\" content=\"article\" \/>\n<meta property=\"og:title\" content=\"Gobierno Federal busca reforzar la seguridad en Michoac\u00e1n ante la crisis agr\u00edcola y criminal - Canal 7 SLP - 2025\" \/>\n<meta property=\"og:description\" content=\"Michoac\u00e1n.- Comunidades agr\u00edcolas en el estado de Michoac\u00e1n enfrentan una situaci\u00f3n cr\u00edtica marcada por la extorsi\u00f3n sistem\u00e1tica de grupos delictivos, lo que ha llevado a algunos productores a abandonar o reducir sus cultivos. Testimonios recogidos en la regi\u00f3n, particularmente en zonas limoneras, describen un control econ\u00f3mico por parte de los c\u00e1rteles que fija precios y retiene una parte de las ganancias, volviendo la actividad insostenible. Este panorama se ha agravado tras los asesinatos del alcalde de Uruapan, Carlos Manzo, y del l\u00edder limonero Bernardo Bravo, figuras que hab\u00edan denunciado p\u00fablicamente la influencia del crimen organizado. El homicidio de Manzo, ocurrido [&hellip;]\" \/>\n<meta property=\"og:url\" content=\"https:\/\/canal7slp.tv\/2025\/gobierno-federal-busca-reforzar-la-seguridad-en-michoacan-ante-la-crisis-agricola-y-criminal\/\" \/>\n<meta property=\"og:site_name\" content=\"Canal 7 SLP - 2025\" \/>\n<meta property=\"article:publisher\" content=\"https:\/\/www.facebook.com\/noticieroscanal7atencionciudadana\/\" \/>\n<meta property=\"article:published_time\" content=\"2025-12-06T18:30:34+00:00\" \/>\n<meta property=\"og:image\" content=\"https:\/\/canal7slp.tv\/2025\/wp-content\/uploads\/2025\/12\/04-5.jpg\" \/>\n\t<meta property=\"og:image:width\" content=\"888\" \/>\n\t<meta property=\"og:image:height\" content=\"500\" \/>\n\t<meta property=\"og:image:type\" content=\"image\/jpeg\" \/>\n<meta name=\"author\" content=\"Edici\u00f3n Web\" \/>\n<meta name=\"twitter:card\" content=\"summary_large_image\" \/>\n<meta name=\"twitter:creator\" content=\"@NOTICIEROS7\" \/>\n<meta name=\"twitter:site\" content=\"@NOTICIEROS7\" \/>\n<meta name=\"twitter:label1\" content=\"Escrito por\" \/>\n\t<meta name=\"twitter:data1\" content=\"Edici\u00f3n Web\" \/>\n\t<meta name=\"twitter:label2\" content=\"Tiempo de lectura\" \/>\n\t<meta name=\"twitter:data2\" content=\"2 minutos\" \/>\n<script type=\"application\/ld+json\" class=\"yoast-schema-graph\">{\"@context\":\"https:\\\/\\\/schema.org\",\"@graph\":[{\"@type\":\"Article\",\"@id\":\"https:\\\/\\\/canal7slp.tv\\\/2025\\\/gobierno-federal-busca-reforzar-la-seguridad-en-michoacan-ante-la-crisis-agricola-y-criminal\\\/#article\",\"isPartOf\":{\"@id\":\"https:\\\/\\\/canal7slp.tv\\\/2025\\\/gobierno-federal-busca-reforzar-la-seguridad-en-michoacan-ante-la-crisis-agricola-y-criminal\\\/\"},\"author\":{\"name\":\"Edici\u00f3n Web\",\"@id\":\"https:\\\/\\\/canal7slp.tv\\\/2025\\\/#\\\/schema\\\/person\\\/271e2b60a96e7cc9d9ac296f4d7e414b\"},\"headline\":\"Gobierno Federal busca reforzar la seguridad en Michoac\u00e1n ante la crisis agr\u00edcola y criminal\",\"datePublished\":\"2025-12-06T18:30:34+00:00\",\"mainEntityOfPage\":{\"@id\":\"https:\\\/\\\/canal7slp.tv\\\/2025\\\/gobierno-federal-busca-reforzar-la-seguridad-en-michoacan-ante-la-crisis-agricola-y-criminal\\\/\"},\"wordCount\":305,\"publisher\":{\"@id\":\"https:\\\/\\\/canal7slp.tv\\\/2025\\\/#organization\"},\"image\":{\"@id\":\"https:\\\/\\\/canal7slp.tv\\\/2025\\\/gobierno-federal-busca-reforzar-la-seguridad-en-michoacan-ante-la-crisis-agricola-y-criminal\\\/#primaryimage\"},\"thumbnailUrl\":\"https:\\\/\\\/canal7slp.tv\\\/2025\\\/wp-content\\\/uploads\\\/2025\\\/12\\\/04-5.jpg\",\"articleSection\":[\"NACIONALES\"],\"inLanguage\":\"es\"},{\"@type\":\"WebPage\",\"@id\":\"https:\\\/\\\/canal7slp.tv\\\/2025\\\/gobierno-federal-busca-reforzar-la-seguridad-en-michoacan-ante-la-crisis-agricola-y-criminal\\\/\",\"url\":\"https:\\\/\\\/canal7slp.tv\\\/2025\\\/gobierno-federal-busca-reforzar-la-seguridad-en-michoacan-ante-la-crisis-agricola-y-criminal\\\/\",\"name\":\"Gobierno Federal busca reforzar la seguridad en Michoac\u00e1n ante la crisis agr\u00edcola y criminal - Canal 7 SLP - 2025\",\"isPartOf\":{\"@id\":\"https:\\\/\\\/canal7slp.tv\\\/2025\\\/#website\"},\"primaryImageOfPage\":{\"@id\":\"https:\\\/\\\/canal7slp.tv\\\/2025\\\/gobierno-federal-busca-reforzar-la-seguridad-en-michoacan-ante-la-crisis-agricola-y-criminal\\\/#primaryimage\"},\"image\":{\"@id\":\"https:\\\/\\\/canal7slp.tv\\\/2025\\\/gobierno-federal-busca-reforzar-la-seguridad-en-michoacan-ante-la-crisis-agricola-y-criminal\\\/#primaryimage\"},\"thumbnailUrl\":\"https:\\\/\\\/canal7slp.tv\\\/2025\\\/wp-content\\\/uploads\\\/2025\\\/12\\\/04-5.jpg\",\"datePublished\":\"2025-12-06T18:30:34+00:00\",\"breadcrumb\":{\"@id\":\"https:\\\/\\\/canal7slp.tv\\\/2025\\\/gobierno-federal-busca-reforzar-la-seguridad-en-michoacan-ante-la-crisis-agricola-y-criminal\\\/#breadcrumb\"},\"inLanguage\":\"es\",\"potentialAction\":[{\"@type\":\"ReadAction\",\"target\":[\"https:\\\/\\\/canal7slp.tv\\\/2025\\\/gobierno-federal-busca-reforzar-la-seguridad-en-michoacan-ante-la-crisis-agricola-y-criminal\\\/\"]}]},{\"@type\":\"ImageObject\",\"inLanguage\":\"es\",\"@id\":\"https:\\\/\\\/canal7slp.tv\\\/2025\\\/gobierno-federal-busca-reforzar-la-seguridad-en-michoacan-ante-la-crisis-agricola-y-criminal\\\/#primaryimage\",\"url\":\"https:\\\/\\\/canal7slp.tv\\\/2025\\\/wp-content\\\/uploads\\\/2025\\\/12\\\/04-5.jpg\",\"contentUrl\":\"https:\\\/\\\/canal7slp.tv\\\/2025\\\/wp-content\\\/uploads\\\/2025\\\/12\\\/04-5.jpg\",\"width\":888,\"height\":500},{\"@type\":\"BreadcrumbList\",\"@id\":\"https:\\\/\\\/canal7slp.tv\\\/2025\\\/gobierno-federal-busca-reforzar-la-seguridad-en-michoacan-ante-la-crisis-agricola-y-criminal\\\/#breadcrumb\",\"itemListElement\":[{\"@type\":\"ListItem\",\"position\":1,\"name\":\"Portada\",\"item\":\"https:\\\/\\\/canal7slp.tv\\\/2025\\\/\"},{\"@type\":\"ListItem\",\"position\":2,\"name\":\"Gobierno Federal busca reforzar la seguridad en Michoac\u00e1n ante la crisis agr\u00edcola y criminal\"}]},{\"@type\":\"WebSite\",\"@id\":\"https:\\\/\\\/canal7slp.tv\\\/2025\\\/#website\",\"url\":\"https:\\\/\\\/canal7slp.tv\\\/2025\\\/\",\"name\":\"N7 - Noticieros Canal 7\",\"description\":\"Somos el Medio\",\"publisher\":{\"@id\":\"https:\\\/\\\/canal7slp.tv\\\/2025\\\/#organization\"},\"potentialAction\":[{\"@type\":\"SearchAction\",\"target\":{\"@type\":\"EntryPoint\",\"urlTemplate\":\"https:\\\/\\\/canal7slp.tv\\\/2025\\\/?s={search_term_string}\"},\"query-input\":{\"@type\":\"PropertyValueSpecification\",\"valueRequired\":true,\"valueName\":\"search_term_string\"}}],\"inLanguage\":\"es\"},{\"@type\":\"Organization\",\"@id\":\"https:\\\/\\\/canal7slp.tv\\\/2025\\\/#organization\",\"name\":\"Noticieros Canal 7\",\"url\":\"https:\\\/\\\/canal7slp.tv\\\/2025\\\/\",\"logo\":{\"@type\":\"ImageObject\",\"inLanguage\":\"es\",\"@id\":\"https:\\\/\\\/canal7slp.tv\\\/2025\\\/#\\\/schema\\\/logo\\\/image\\\/\",\"url\":\"https:\\\/\\\/canal7slp.tv\\\/2025\\\/wp-content\\\/uploads\\\/2021\\\/01\\\/logo-noticieros@2x.png\",\"contentUrl\":\"https:\\\/\\\/canal7slp.tv\\\/2025\\\/wp-content\\\/uploads\\\/2021\\\/01\\\/logo-noticieros@2x.png\",\"width\":1017,\"height\":268,\"caption\":\"Noticieros Canal 7\"},\"image\":{\"@id\":\"https:\\\/\\\/canal7slp.tv\\\/2025\\\/#\\\/schema\\\/logo\\\/image\\\/\"},\"sameAs\":[\"https:\\\/\\\/www.facebook.com\\\/noticieroscanal7atencionciudadana\\\/\",\"https:\\\/\\\/x.com\\\/NOTICIEROS7\",\"https:\\\/\\\/www.instagram.com\\\/canal7_slp\",\"https:\\\/\\\/www.youtube.com\\\/channel\\\/UCliiYs-gP3JfJeqdPrNdd5A\"]},{\"@type\":\"Person\",\"@id\":\"https:\\\/\\\/canal7slp.tv\\\/2025\\\/#\\\/schema\\\/person\\\/271e2b60a96e7cc9d9ac296f4d7e414b\",\"name\":\"Edici\u00f3n Web\",\"image\":{\"@type\":\"ImageObject\",\"inLanguage\":\"es\",\"@id\":\"https:\\\/\\\/secure.gravatar.com\\\/avatar\\\/eee448fc3f7164808013b816ba91ac7e43bbe82a70bebac296f8bc6f0addaa1a?s=96&d=mm&r=g\",\"url\":\"https:\\\/\\\/secure.gravatar.com\\\/avatar\\\/eee448fc3f7164808013b816ba91ac7e43bbe82a70bebac296f8bc6f0addaa1a?s=96&d=mm&r=g\",\"contentUrl\":\"https:\\\/\\\/secure.gravatar.com\\\/avatar\\\/eee448fc3f7164808013b816ba91ac7e43bbe82a70bebac296f8bc6f0addaa1a?s=96&d=mm&r=g\",\"caption\":\"Edici\u00f3n Web\"},\"url\":\"https:\\\/\\\/canal7slp.tv\\\/2025\\\/author\\\/edicionweb\\\/\"}]}<\/script>\n<!-- \/ Yoast SEO plugin. -->","yoast_head_json":{"title":"Gobierno Federal busca reforzar la seguridad en Michoac\u00e1n ante la crisis agr\u00edcola y criminal - Canal 7 SLP - 2025","robots":{"index":"index","follow":"follow","max-snippet":"max-snippet:-1","max-image-preview":"max-image-preview:large","max-video-preview":"max-video-preview:-1"},"canonical":"https:\/\/canal7slp.tv\/2025\/gobierno-federal-busca-reforzar-la-seguridad-en-michoacan-ante-la-crisis-agricola-y-criminal\/","og_locale":"es_ES","og_type":"article","og_title":"Gobierno Federal busca reforzar la seguridad en Michoac\u00e1n ante la crisis agr\u00edcola y criminal - Canal 7 SLP - 2025","og_description":"Michoac\u00e1n.- Comunidades agr\u00edcolas en el estado de Michoac\u00e1n enfrentan una situaci\u00f3n cr\u00edtica marcada por la extorsi\u00f3n sistem\u00e1tica de grupos delictivos, lo que ha llevado a algunos productores a abandonar o reducir sus cultivos. Testimonios recogidos en la regi\u00f3n, particularmente en zonas limoneras, describen un control econ\u00f3mico por parte de los c\u00e1rteles que fija precios y retiene una parte de las ganancias, volviendo la actividad insostenible. Este panorama se ha agravado tras los asesinatos del alcalde de Uruapan, Carlos Manzo, y del l\u00edder limonero Bernardo Bravo, figuras que hab\u00edan denunciado p\u00fablicamente la influencia del crimen organizado. El homicidio de Manzo, ocurrido [&hellip;]","og_url":"https:\/\/canal7slp.tv\/2025\/gobierno-federal-busca-reforzar-la-seguridad-en-michoacan-ante-la-crisis-agricola-y-criminal\/","og_site_name":"Canal 7 SLP - 2025","article_publisher":"https:\/\/www.facebook.com\/noticieroscanal7atencionciudadana\/","article_published_time":"2025-12-06T18:30:34+00:00","og_image":[{"width":888,"height":500,"url":"https:\/\/canal7slp.tv\/2025\/wp-content\/uploads\/2025\/12\/04-5.jpg","type":"image\/jpeg"}],"author":"Edici\u00f3n Web","twitter_card":"summary_large_image","twitter_creator":"@NOTICIEROS7","twitter_site":"@NOTICIEROS7","twitter_misc":{"Escrito por":"Edici\u00f3n Web","Tiempo de lectura":"2 minutos"},"schema":{"@context":"https:\/\/schema.org","@graph":[{"@type":"Article","@id":"https:\/\/canal7slp.tv\/2025\/gobierno-federal-busca-reforzar-la-seguridad-en-michoacan-ante-la-crisis-agricola-y-criminal\/#article","isPartOf":{"@id":"https:\/\/canal7slp.tv\/2025\/gobierno-federal-busca-reforzar-la-seguridad-en-michoacan-ante-la-crisis-agricola-y-criminal\/"},"author":{"name":"Edici\u00f3n Web","@id":"https:\/\/canal7slp.tv\/2025\/#\/schema\/person\/271e2b60a96e7cc9d9ac296f4d7e414b"},"headline":"Gobierno Federal busca reforzar la seguridad en Michoac\u00e1n ante la crisis agr\u00edcola y criminal","datePublished":"2025-12-06T18:30:34+00:00","mainEntityOfPage":{"@id":"https:\/\/canal7slp.tv\/2025\/gobierno-federal-busca-reforzar-la-seguridad-en-michoacan-ante-la-crisis-agricola-y-criminal\/"},"wordCount":305,"publisher":{"@id":"https:\/\/canal7slp.tv\/2025\/#organization"},"image":{"@id":"https:\/\/canal7slp.tv\/2025\/gobierno-federal-busca-reforzar-la-seguridad-en-michoacan-ante-la-crisis-agricola-y-criminal\/#primaryimage"},"thumbnailUrl":"https:\/\/canal7slp.tv\/2025\/wp-content\/uploads\/2025\/12\/04-5.jpg","articleSection":["NACIONALES"],"inLanguage":"es"},{"@type":"WebPage","@id":"https:\/\/canal7slp.tv\/2025\/gobierno-federal-busca-reforzar-la-seguridad-en-michoacan-ante-la-crisis-agricola-y-criminal\/","url":"https:\/\/canal7slp.tv\/2025\/gobierno-federal-busca-reforzar-la-seguridad-en-michoacan-ante-la-crisis-agricola-y-criminal\/","name":"Gobierno Federal busca reforzar la seguridad en Michoac\u00e1n ante la crisis agr\u00edcola y criminal - Canal 7 SLP - 2025","isPartOf":{"@id":"https:\/\/canal7slp.tv\/2025\/#website"},"primaryImageOfPage":{"@id":"https:\/\/canal7slp.tv\/2025\/gobierno-federal-busca-reforzar-la-seguridad-en-michoacan-ante-la-crisis-agricola-y-criminal\/#primaryimage"},"image":{"@id":"https:\/\/canal7slp.tv\/2025\/gobierno-federal-busca-reforzar-la-seguridad-en-michoacan-ante-la-crisis-agricola-y-criminal\/#primaryimage"},"thumbnailUrl":"https:\/\/canal7slp.tv\/2025\/wp-content\/uploads\/2025\/12\/04-5.jpg","datePublished":"2025-12-06T18:30:34+00:00","breadcrumb":{"@id":"https:\/\/canal7slp.tv\/2025\/gobierno-federal-busca-reforzar-la-seguridad-en-michoacan-ante-la-crisis-agricola-y-criminal\/#breadcrumb"},"inLanguage":"es","potentialAction":[{"@type":"ReadAction","target":["https:\/\/canal7slp.tv\/2025\/gobierno-federal-busca-reforzar-la-seguridad-en-michoacan-ante-la-crisis-agricola-y-criminal\/"]}]},{"@type":"ImageObject","inLanguage":"es","@id":"https:\/\/canal7slp.tv\/2025\/gobierno-federal-busca-reforzar-la-seguridad-en-michoacan-ante-la-crisis-agricola-y-criminal\/#primaryimage","url":"https:\/\/canal7slp.tv\/2025\/wp-content\/uploads\/2025\/12\/04-5.jpg","contentUrl":"https:\/\/canal7slp.tv\/2025\/wp-content\/uploads\/2025\/12\/04-5.jpg","width":888,"height":500},{"@type":"BreadcrumbList","@id":"https:\/\/canal7slp.tv\/2025\/gobierno-federal-busca-reforzar-la-seguridad-en-michoacan-ante-la-crisis-agricola-y-criminal\/#breadcrumb","itemListElement":[{"@type":"ListItem","position":1,"name":"Portada","item":"https:\/\/canal7slp.tv\/2025\/"},{"@type":"ListItem","position":2,"name":"Gobierno Federal busca reforzar la seguridad en Michoac\u00e1n ante la crisis agr\u00edcola y criminal"}]},{"@type":"WebSite","@id":"https:\/\/canal7slp.tv\/2025\/#website","url":"https:\/\/canal7slp.tv\/2025\/","name":"N7 - Noticieros Canal 7","description":"Somos el Medio","publisher":{"@id":"https:\/\/canal7slp.tv\/2025\/#organization"},"potentialAction":[{"@type":"SearchAction","target":{"@type":"EntryPoint","urlTemplate":"https:\/\/canal7slp.tv\/2025\/?s={search_term_string}"},"query-input":{"@type":"PropertyValueSpecification","valueRequired":true,"valueName":"search_term_string"}}],"inLanguage":"es"},{"@type":"Organization","@id":"https:\/\/canal7slp.tv\/2025\/#organization","name":"Noticieros Canal 7","url":"https:\/\/canal7slp.tv\/2025\/","logo":{"@type":"ImageObject","inLanguage":"es","@id":"https:\/\/canal7slp.tv\/2025\/#\/schema\/logo\/image\/","url":"https:\/\/canal7slp.tv\/2025\/wp-content\/uploads\/2021\/01\/logo-noticieros@2x.png","contentUrl":"https:\/\/canal7slp.tv\/2025\/wp-content\/uploads\/2021\/01\/logo-noticieros@2x.png","width":1017,"height":268,"caption":"Noticieros Canal 7"},"image":{"@id":"https:\/\/canal7slp.tv\/2025\/#\/schema\/logo\/image\/"},"sameAs":["https:\/\/www.facebook.com\/noticieroscanal7atencionciudadana\/","https:\/\/x.com\/NOTICIEROS7","https:\/\/www.instagram.com\/canal7_slp","https:\/\/www.youtube.com\/channel\/UCliiYs-gP3JfJeqdPrNdd5A"]},{"@type":"Person","@id":"https:\/\/canal7slp.tv\/2025\/#\/schema\/person\/271e2b60a96e7cc9d9ac296f4d7e414b","name":"Edici\u00f3n Web","image":{"@type":"ImageObject","inLanguage":"es","@id":"https:\/\/secure.gravatar.com\/avatar\/eee448fc3f7164808013b816ba91ac7e43bbe82a70bebac296f8bc6f0addaa1a?s=96&d=mm&r=g","url":"https:\/\/secure.gravatar.com\/avatar\/eee448fc3f7164808013b816ba91ac7e43bbe82a70bebac296f8bc6f0addaa1a?s=96&d=mm&r=g","contentUrl":"https:\/\/secure.gravatar.com\/avatar\/eee448fc3f7164808013b816ba91ac7e43bbe82a70bebac296f8bc6f0addaa1a?s=96&d=mm&r=g","caption":"Edici\u00f3n Web"},"url":"https:\/\/canal7slp.tv\/2025\/author\/edicionweb\/"}]}},"_links":{"self":[{"href":"https:\/\/canal7slp.tv\/2025\/wp-json\/wp\/v2\/posts\/187148","targetHints":{"allow":["GET"]}}],"collection":[{"href":"https:\/\/canal7slp.tv\/2025\/wp-json\/wp\/v2\/posts"}],"about":[{"href":"https:\/\/canal7slp.tv\/2025\/wp-json\/wp\/v2\/types\/post"}],"author":[{"embeddable":true,"href":"https:\/\/canal7slp.tv\/2025\/wp-json\/wp\/v2\/users\/2"}],"replies":[{"embeddable":true,"href":"https:\/\/canal7slp.tv\/2025\/wp-json\/wp\/v2\/comments?post=187148"}],"version-history":[{"count":1,"href":"https:\/\/canal7slp.tv\/2025\/wp-json\/wp\/v2\/posts\/187148\/revisions"}],"predecessor-version":[{"id":187150,"href":"https:\/\/canal7slp.tv\/2025\/wp-json\/wp\/v2\/posts\/187148\/revisions\/187150"}],"wp:featuredmedia":[{"embeddable":true,"href":"https:\/\/canal7slp.tv\/2025\/wp-json\/wp\/v2\/media\/187149"}],"wp:attachment":[{"href":"https:\/\/canal7slp.tv\/2025\/wp-json\/wp\/v2\/media?parent=187148"}],"wp:term":[{"taxonomy":"category","embeddable":true,"href":"https:\/\/canal7slp.tv\/2025\/wp-json\/wp\/v2\/categories?post=187148"},{"taxonomy":"post_tag","embeddable":true,"href":"https:\/\/canal7slp.tv\/2025\/wp-json\/wp\/v2\/tags?post=187148"}],"curies":[{"name":"wp","href":"https:\/\/api.w.org\/{rel}","templated":true}]}}