{"id":187082,"date":"2025-12-05T16:37:19","date_gmt":"2025-12-05T22:37:19","guid":{"rendered":"https:\/\/canal7slp.tv\/2025\/?p=187082"},"modified":"2025-12-05T16:37:19","modified_gmt":"2025-12-05T22:37:19","slug":"agresion-a-repartidor-conflicto-entre-particulares-ayuntamiento-de-slp","status":"publish","type":"post","link":"https:\/\/canal7slp.tv\/2025\/agresion-a-repartidor-conflicto-entre-particulares-ayuntamiento-de-slp\/","title":{"rendered":"Agresi\u00f3n a repartidor, conflicto entre particulares: Ayuntamiento de SLP"},"content":{"rendered":"<p style=\"text-align: justify;\"><span style=\"font-size: 1.21429rem;\">SLP.- Un conflicto entre particulares fue la naturaleza del incidente registrado en la Avenida Santos Degollado, donde un repartidor de plataforma result\u00f3 herido por arma de fuego.<\/span><\/p>\n<p style=\"text-align: justify;\">De acuerdo con el presidente municipal de San Luis Potos\u00ed, Enrique Galindo Ceballos, el hecho no corresponde a un intento de asalto, sino a un problema derivado de una entrega a domicilio que escal\u00f3 hasta la agresi\u00f3n.<\/p>\n<p style=\"text-align: justify;\">\u201cEs un repartidor de Didi que llega a un domicilio, o sea, no fue un asalto ni nada por el estilo porque se hablaba de que era un asalto, no es un tema de seguridad p\u00fablica\u00bb, dijo.<\/p>\n<p style=\"text-align: justify;\">Continu\u00f3: \u201cEs un repartidor de comida que llega a un domicilio cuando llega no le quieren pagar, el mismo lanza unas piedras y rompe un par de cristales, sale un habitante de ese domicilio y le dispara\u00bb.<\/p>\n<p style=\"text-align: justify;\">Se\u00f1al\u00f3 que la posesi\u00f3n del arma por parte del agresor es un asunto que deber\u00e1 esclarecer la autoridad competente.<\/p>\n<p style=\"text-align: justify;\">\u00abEs un tema como entre particulares, qu\u00e9 hace un arma ah\u00ed, no lo s\u00e9; la Polic\u00eda municipal en menos de 40 minutos ten\u00eda detenido al agresor del arma de fuego, est\u00e1 detenido, anoche mismo se puso a disposici\u00f3n de la fiscal\u00eda general del estado\u00bb, detall\u00f3.<\/p>\n<p style=\"text-align: justify;\">El alcalde mencion\u00f3 que la intervenci\u00f3n policial permiti\u00f3 contener el hecho.<\/p>\n<p style=\"text-align: justify;\">\u201cLa Polic\u00eda municipal reaccion\u00f3 de manera inmediata, yo digo que eficaz, es un caso muy particular, ya la historia completa es esa: un repartidor hace su chamba no le pagan \u00e9l se que quiere desquitar, salen de la casa, le disparan, lo hieren, la Polic\u00eda municipal interviene de manera oportuna y lo detiene con todo y arma\u00bb, reiter\u00f3.<\/p>\n<p>Por: Jos\u00e9 Luis V\u00e1zquez<\/p>\n","protected":false},"excerpt":{"rendered":"<p>SLP.- Un conflicto entre particulares fue la naturaleza del incidente registrado en la Avenida Santos Degollado, donde un repartidor de plataforma result\u00f3 herido por arma de fuego. De acuerdo con el presidente municipal de San Luis Potos\u00ed, Enrique Galindo Ceballos, el hecho no corresponde a un intento de asalto, sino a un problema derivado de una entrega a domicilio que escal\u00f3 hasta la agresi\u00f3n. \u201cEs un repartidor de Didi que llega a un domicilio, o sea, no fue un asalto ni nada por el estilo porque se hablaba de que era un asalto, no es un tema de seguridad p\u00fablica\u00bb, [&hellip;]<\/p>\n","protected":false},"author":2,"featured_media":187084,"comment_status":"closed","ping_status":"closed","sticky":false,"template":"","format":"video","meta":{"_monsterinsights_skip_tracking":false,"_monsterinsights_sitenote_active":false,"_monsterinsights_sitenote_note":"","_monsterinsights_sitenote_category":0,"footnotes":""},"categories":[5,45],"tags":[],"class_list":["post-187082","post","type-post","status-publish","format-video","has-post-thumbnail","hentry","category-destacadas","category-localesyregionales","post_format-post-format-video","post--single"],"yoast_head":"<!-- This site is optimized with the Yoast SEO plugin v27.4 - https:\/\/yoast.com\/product\/yoast-seo-wordpress\/ -->\n<title>Agresi\u00f3n a repartidor, conflicto entre particulares: Ayuntamiento de SLP - Canal 7 SLP - 2025<\/title>\n<meta name=\"robots\" content=\"index, follow, max-snippet:-1, max-image-preview:large, max-video-preview:-1\" \/>\n<link rel=\"canonical\" href=\"https:\/\/canal7slp.tv\/2025\/agresion-a-repartidor-conflicto-entre-particulares-ayuntamiento-de-slp\/\" \/>\n<meta property=\"og:locale\" content=\"es_ES\" \/>\n<meta property=\"og:type\" content=\"article\" \/>\n<meta property=\"og:title\" content=\"Agresi\u00f3n a repartidor, conflicto entre particulares: Ayuntamiento de SLP - Canal 7 SLP - 2025\" \/>\n<meta property=\"og:description\" content=\"SLP.- Un conflicto entre particulares fue la naturaleza del incidente registrado en la Avenida Santos Degollado, donde un repartidor de plataforma result\u00f3 herido por arma de fuego. De acuerdo con el presidente municipal de San Luis Potos\u00ed, Enrique Galindo Ceballos, el hecho no corresponde a un intento de asalto, sino a un problema derivado de una entrega a domicilio que escal\u00f3 hasta la agresi\u00f3n. \u201cEs un repartidor de Didi que llega a un domicilio, o sea, no fue un asalto ni nada por el estilo porque se hablaba de que era un asalto, no es un tema de seguridad p\u00fablica\u00bb, [&hellip;]\" \/>\n<meta property=\"og:url\" content=\"https:\/\/canal7slp.tv\/2025\/agresion-a-repartidor-conflicto-entre-particulares-ayuntamiento-de-slp\/\" \/>\n<meta property=\"og:site_name\" content=\"Canal 7 SLP - 2025\" \/>\n<meta property=\"article:publisher\" content=\"https:\/\/www.facebook.com\/noticieroscanal7atencionciudadana\/\" \/>\n<meta property=\"article:published_time\" content=\"2025-12-05T22:37:19+00:00\" \/>\n<meta property=\"og:image\" content=\"https:\/\/canal7slp.tv\/2025\/wp-content\/uploads\/2025\/12\/Vazquez02Repartidor.jpg\" \/>\n\t<meta property=\"og:image:width\" content=\"1280\" \/>\n\t<meta property=\"og:image:height\" content=\"720\" \/>\n\t<meta property=\"og:image:type\" content=\"image\/jpeg\" \/>\n<meta name=\"author\" content=\"Edici\u00f3n Web\" \/>\n<meta name=\"twitter:card\" content=\"summary_large_image\" \/>\n<meta name=\"twitter:creator\" content=\"@NOTICIEROS7\" \/>\n<meta name=\"twitter:site\" content=\"@NOTICIEROS7\" \/>\n<meta name=\"twitter:label1\" content=\"Escrito por\" \/>\n\t<meta name=\"twitter:data1\" content=\"Edici\u00f3n Web\" \/>\n\t<meta name=\"twitter:label2\" content=\"Tiempo de lectura\" \/>\n\t<meta name=\"twitter:data2\" content=\"2 minutos\" \/>\n<script type=\"application\/ld+json\" class=\"yoast-schema-graph\">{\"@context\":\"https:\\\/\\\/schema.org\",\"@graph\":[{\"@type\":\"Article\",\"@id\":\"https:\\\/\\\/canal7slp.tv\\\/2025\\\/agresion-a-repartidor-conflicto-entre-particulares-ayuntamiento-de-slp\\\/#article\",\"isPartOf\":{\"@id\":\"https:\\\/\\\/canal7slp.tv\\\/2025\\\/agresion-a-repartidor-conflicto-entre-particulares-ayuntamiento-de-slp\\\/\"},\"author\":{\"name\":\"Edici\u00f3n Web\",\"@id\":\"https:\\\/\\\/canal7slp.tv\\\/2025\\\/#\\\/schema\\\/person\\\/271e2b60a96e7cc9d9ac296f4d7e414b\"},\"headline\":\"Agresi\u00f3n a repartidor, conflicto entre particulares: Ayuntamiento de SLP\",\"datePublished\":\"2025-12-05T22:37:19+00:00\",\"mainEntityOfPage\":{\"@id\":\"https:\\\/\\\/canal7slp.tv\\\/2025\\\/agresion-a-repartidor-conflicto-entre-particulares-ayuntamiento-de-slp\\\/\"},\"wordCount\":297,\"publisher\":{\"@id\":\"https:\\\/\\\/canal7slp.tv\\\/2025\\\/#organization\"},\"image\":{\"@id\":\"https:\\\/\\\/canal7slp.tv\\\/2025\\\/agresion-a-repartidor-conflicto-entre-particulares-ayuntamiento-de-slp\\\/#primaryimage\"},\"thumbnailUrl\":\"https:\\\/\\\/canal7slp.tv\\\/2025\\\/wp-content\\\/uploads\\\/2025\\\/12\\\/Vazquez02Repartidor.jpg\",\"articleSection\":[\"DESTACADAS\",\"LOCALES Y REGIONALES\"],\"inLanguage\":\"es\"},{\"@type\":\"WebPage\",\"@id\":\"https:\\\/\\\/canal7slp.tv\\\/2025\\\/agresion-a-repartidor-conflicto-entre-particulares-ayuntamiento-de-slp\\\/\",\"url\":\"https:\\\/\\\/canal7slp.tv\\\/2025\\\/agresion-a-repartidor-conflicto-entre-particulares-ayuntamiento-de-slp\\\/\",\"name\":\"Agresi\u00f3n a repartidor, conflicto entre particulares: Ayuntamiento de SLP - Canal 7 SLP - 2025\",\"isPartOf\":{\"@id\":\"https:\\\/\\\/canal7slp.tv\\\/2025\\\/#website\"},\"primaryImageOfPage\":{\"@id\":\"https:\\\/\\\/canal7slp.tv\\\/2025\\\/agresion-a-repartidor-conflicto-entre-particulares-ayuntamiento-de-slp\\\/#primaryimage\"},\"image\":{\"@id\":\"https:\\\/\\\/canal7slp.tv\\\/2025\\\/agresion-a-repartidor-conflicto-entre-particulares-ayuntamiento-de-slp\\\/#primaryimage\"},\"thumbnailUrl\":\"https:\\\/\\\/canal7slp.tv\\\/2025\\\/wp-content\\\/uploads\\\/2025\\\/12\\\/Vazquez02Repartidor.jpg\",\"datePublished\":\"2025-12-05T22:37:19+00:00\",\"breadcrumb\":{\"@id\":\"https:\\\/\\\/canal7slp.tv\\\/2025\\\/agresion-a-repartidor-conflicto-entre-particulares-ayuntamiento-de-slp\\\/#breadcrumb\"},\"inLanguage\":\"es\",\"potentialAction\":[{\"@type\":\"ReadAction\",\"target\":[\"https:\\\/\\\/canal7slp.tv\\\/2025\\\/agresion-a-repartidor-conflicto-entre-particulares-ayuntamiento-de-slp\\\/\"]}]},{\"@type\":\"ImageObject\",\"inLanguage\":\"es\",\"@id\":\"https:\\\/\\\/canal7slp.tv\\\/2025\\\/agresion-a-repartidor-conflicto-entre-particulares-ayuntamiento-de-slp\\\/#primaryimage\",\"url\":\"https:\\\/\\\/canal7slp.tv\\\/2025\\\/wp-content\\\/uploads\\\/2025\\\/12\\\/Vazquez02Repartidor.jpg\",\"contentUrl\":\"https:\\\/\\\/canal7slp.tv\\\/2025\\\/wp-content\\\/uploads\\\/2025\\\/12\\\/Vazquez02Repartidor.jpg\",\"width\":1280,\"height\":720},{\"@type\":\"BreadcrumbList\",\"@id\":\"https:\\\/\\\/canal7slp.tv\\\/2025\\\/agresion-a-repartidor-conflicto-entre-particulares-ayuntamiento-de-slp\\\/#breadcrumb\",\"itemListElement\":[{\"@type\":\"ListItem\",\"position\":1,\"name\":\"Portada\",\"item\":\"https:\\\/\\\/canal7slp.tv\\\/2025\\\/\"},{\"@type\":\"ListItem\",\"position\":2,\"name\":\"Agresi\u00f3n a repartidor, conflicto entre particulares: Ayuntamiento de SLP\"}]},{\"@type\":\"WebSite\",\"@id\":\"https:\\\/\\\/canal7slp.tv\\\/2025\\\/#website\",\"url\":\"https:\\\/\\\/canal7slp.tv\\\/2025\\\/\",\"name\":\"N7 - Noticieros Canal 7\",\"description\":\"Somos el Medio\",\"publisher\":{\"@id\":\"https:\\\/\\\/canal7slp.tv\\\/2025\\\/#organization\"},\"potentialAction\":[{\"@type\":\"SearchAction\",\"target\":{\"@type\":\"EntryPoint\",\"urlTemplate\":\"https:\\\/\\\/canal7slp.tv\\\/2025\\\/?s={search_term_string}\"},\"query-input\":{\"@type\":\"PropertyValueSpecification\",\"valueRequired\":true,\"valueName\":\"search_term_string\"}}],\"inLanguage\":\"es\"},{\"@type\":\"Organization\",\"@id\":\"https:\\\/\\\/canal7slp.tv\\\/2025\\\/#organization\",\"name\":\"Noticieros Canal 7\",\"url\":\"https:\\\/\\\/canal7slp.tv\\\/2025\\\/\",\"logo\":{\"@type\":\"ImageObject\",\"inLanguage\":\"es\",\"@id\":\"https:\\\/\\\/canal7slp.tv\\\/2025\\\/#\\\/schema\\\/logo\\\/image\\\/\",\"url\":\"https:\\\/\\\/canal7slp.tv\\\/2025\\\/wp-content\\\/uploads\\\/2021\\\/01\\\/logo-noticieros@2x.png\",\"contentUrl\":\"https:\\\/\\\/canal7slp.tv\\\/2025\\\/wp-content\\\/uploads\\\/2021\\\/01\\\/logo-noticieros@2x.png\",\"width\":1017,\"height\":268,\"caption\":\"Noticieros Canal 7\"},\"image\":{\"@id\":\"https:\\\/\\\/canal7slp.tv\\\/2025\\\/#\\\/schema\\\/logo\\\/image\\\/\"},\"sameAs\":[\"https:\\\/\\\/www.facebook.com\\\/noticieroscanal7atencionciudadana\\\/\",\"https:\\\/\\\/x.com\\\/NOTICIEROS7\",\"https:\\\/\\\/www.instagram.com\\\/canal7_slp\",\"https:\\\/\\\/www.youtube.com\\\/channel\\\/UCliiYs-gP3JfJeqdPrNdd5A\"]},{\"@type\":\"Person\",\"@id\":\"https:\\\/\\\/canal7slp.tv\\\/2025\\\/#\\\/schema\\\/person\\\/271e2b60a96e7cc9d9ac296f4d7e414b\",\"name\":\"Edici\u00f3n Web\",\"image\":{\"@type\":\"ImageObject\",\"inLanguage\":\"es\",\"@id\":\"https:\\\/\\\/secure.gravatar.com\\\/avatar\\\/eee448fc3f7164808013b816ba91ac7e43bbe82a70bebac296f8bc6f0addaa1a?s=96&d=mm&r=g\",\"url\":\"https:\\\/\\\/secure.gravatar.com\\\/avatar\\\/eee448fc3f7164808013b816ba91ac7e43bbe82a70bebac296f8bc6f0addaa1a?s=96&d=mm&r=g\",\"contentUrl\":\"https:\\\/\\\/secure.gravatar.com\\\/avatar\\\/eee448fc3f7164808013b816ba91ac7e43bbe82a70bebac296f8bc6f0addaa1a?s=96&d=mm&r=g\",\"caption\":\"Edici\u00f3n Web\"},\"url\":\"https:\\\/\\\/canal7slp.tv\\\/2025\\\/author\\\/edicionweb\\\/\"}]}<\/script>\n<!-- \/ Yoast SEO plugin. -->","yoast_head_json":{"title":"Agresi\u00f3n a repartidor, conflicto entre particulares: Ayuntamiento de SLP - Canal 7 SLP - 2025","robots":{"index":"index","follow":"follow","max-snippet":"max-snippet:-1","max-image-preview":"max-image-preview:large","max-video-preview":"max-video-preview:-1"},"canonical":"https:\/\/canal7slp.tv\/2025\/agresion-a-repartidor-conflicto-entre-particulares-ayuntamiento-de-slp\/","og_locale":"es_ES","og_type":"article","og_title":"Agresi\u00f3n a repartidor, conflicto entre particulares: Ayuntamiento de SLP - Canal 7 SLP - 2025","og_description":"SLP.- Un conflicto entre particulares fue la naturaleza del incidente registrado en la Avenida Santos Degollado, donde un repartidor de plataforma result\u00f3 herido por arma de fuego. De acuerdo con el presidente municipal de San Luis Potos\u00ed, Enrique Galindo Ceballos, el hecho no corresponde a un intento de asalto, sino a un problema derivado de una entrega a domicilio que escal\u00f3 hasta la agresi\u00f3n. \u201cEs un repartidor de Didi que llega a un domicilio, o sea, no fue un asalto ni nada por el estilo porque se hablaba de que era un asalto, no es un tema de seguridad p\u00fablica\u00bb, [&hellip;]","og_url":"https:\/\/canal7slp.tv\/2025\/agresion-a-repartidor-conflicto-entre-particulares-ayuntamiento-de-slp\/","og_site_name":"Canal 7 SLP - 2025","article_publisher":"https:\/\/www.facebook.com\/noticieroscanal7atencionciudadana\/","article_published_time":"2025-12-05T22:37:19+00:00","og_image":[{"width":1280,"height":720,"url":"https:\/\/canal7slp.tv\/2025\/wp-content\/uploads\/2025\/12\/Vazquez02Repartidor.jpg","type":"image\/jpeg"}],"author":"Edici\u00f3n Web","twitter_card":"summary_large_image","twitter_creator":"@NOTICIEROS7","twitter_site":"@NOTICIEROS7","twitter_misc":{"Escrito por":"Edici\u00f3n Web","Tiempo de lectura":"2 minutos"},"schema":{"@context":"https:\/\/schema.org","@graph":[{"@type":"Article","@id":"https:\/\/canal7slp.tv\/2025\/agresion-a-repartidor-conflicto-entre-particulares-ayuntamiento-de-slp\/#article","isPartOf":{"@id":"https:\/\/canal7slp.tv\/2025\/agresion-a-repartidor-conflicto-entre-particulares-ayuntamiento-de-slp\/"},"author":{"name":"Edici\u00f3n Web","@id":"https:\/\/canal7slp.tv\/2025\/#\/schema\/person\/271e2b60a96e7cc9d9ac296f4d7e414b"},"headline":"Agresi\u00f3n a repartidor, conflicto entre particulares: Ayuntamiento de SLP","datePublished":"2025-12-05T22:37:19+00:00","mainEntityOfPage":{"@id":"https:\/\/canal7slp.tv\/2025\/agresion-a-repartidor-conflicto-entre-particulares-ayuntamiento-de-slp\/"},"wordCount":297,"publisher":{"@id":"https:\/\/canal7slp.tv\/2025\/#organization"},"image":{"@id":"https:\/\/canal7slp.tv\/2025\/agresion-a-repartidor-conflicto-entre-particulares-ayuntamiento-de-slp\/#primaryimage"},"thumbnailUrl":"https:\/\/canal7slp.tv\/2025\/wp-content\/uploads\/2025\/12\/Vazquez02Repartidor.jpg","articleSection":["DESTACADAS","LOCALES Y REGIONALES"],"inLanguage":"es"},{"@type":"WebPage","@id":"https:\/\/canal7slp.tv\/2025\/agresion-a-repartidor-conflicto-entre-particulares-ayuntamiento-de-slp\/","url":"https:\/\/canal7slp.tv\/2025\/agresion-a-repartidor-conflicto-entre-particulares-ayuntamiento-de-slp\/","name":"Agresi\u00f3n a repartidor, conflicto entre particulares: Ayuntamiento de SLP - Canal 7 SLP - 2025","isPartOf":{"@id":"https:\/\/canal7slp.tv\/2025\/#website"},"primaryImageOfPage":{"@id":"https:\/\/canal7slp.tv\/2025\/agresion-a-repartidor-conflicto-entre-particulares-ayuntamiento-de-slp\/#primaryimage"},"image":{"@id":"https:\/\/canal7slp.tv\/2025\/agresion-a-repartidor-conflicto-entre-particulares-ayuntamiento-de-slp\/#primaryimage"},"thumbnailUrl":"https:\/\/canal7slp.tv\/2025\/wp-content\/uploads\/2025\/12\/Vazquez02Repartidor.jpg","datePublished":"2025-12-05T22:37:19+00:00","breadcrumb":{"@id":"https:\/\/canal7slp.tv\/2025\/agresion-a-repartidor-conflicto-entre-particulares-ayuntamiento-de-slp\/#breadcrumb"},"inLanguage":"es","potentialAction":[{"@type":"ReadAction","target":["https:\/\/canal7slp.tv\/2025\/agresion-a-repartidor-conflicto-entre-particulares-ayuntamiento-de-slp\/"]}]},{"@type":"ImageObject","inLanguage":"es","@id":"https:\/\/canal7slp.tv\/2025\/agresion-a-repartidor-conflicto-entre-particulares-ayuntamiento-de-slp\/#primaryimage","url":"https:\/\/canal7slp.tv\/2025\/wp-content\/uploads\/2025\/12\/Vazquez02Repartidor.jpg","contentUrl":"https:\/\/canal7slp.tv\/2025\/wp-content\/uploads\/2025\/12\/Vazquez02Repartidor.jpg","width":1280,"height":720},{"@type":"BreadcrumbList","@id":"https:\/\/canal7slp.tv\/2025\/agresion-a-repartidor-conflicto-entre-particulares-ayuntamiento-de-slp\/#breadcrumb","itemListElement":[{"@type":"ListItem","position":1,"name":"Portada","item":"https:\/\/canal7slp.tv\/2025\/"},{"@type":"ListItem","position":2,"name":"Agresi\u00f3n a repartidor, conflicto entre particulares: Ayuntamiento de SLP"}]},{"@type":"WebSite","@id":"https:\/\/canal7slp.tv\/2025\/#website","url":"https:\/\/canal7slp.tv\/2025\/","name":"N7 - Noticieros Canal 7","description":"Somos el Medio","publisher":{"@id":"https:\/\/canal7slp.tv\/2025\/#organization"},"potentialAction":[{"@type":"SearchAction","target":{"@type":"EntryPoint","urlTemplate":"https:\/\/canal7slp.tv\/2025\/?s={search_term_string}"},"query-input":{"@type":"PropertyValueSpecification","valueRequired":true,"valueName":"search_term_string"}}],"inLanguage":"es"},{"@type":"Organization","@id":"https:\/\/canal7slp.tv\/2025\/#organization","name":"Noticieros Canal 7","url":"https:\/\/canal7slp.tv\/2025\/","logo":{"@type":"ImageObject","inLanguage":"es","@id":"https:\/\/canal7slp.tv\/2025\/#\/schema\/logo\/image\/","url":"https:\/\/canal7slp.tv\/2025\/wp-content\/uploads\/2021\/01\/logo-noticieros@2x.png","contentUrl":"https:\/\/canal7slp.tv\/2025\/wp-content\/uploads\/2021\/01\/logo-noticieros@2x.png","width":1017,"height":268,"caption":"Noticieros Canal 7"},"image":{"@id":"https:\/\/canal7slp.tv\/2025\/#\/schema\/logo\/image\/"},"sameAs":["https:\/\/www.facebook.com\/noticieroscanal7atencionciudadana\/","https:\/\/x.com\/NOTICIEROS7","https:\/\/www.instagram.com\/canal7_slp","https:\/\/www.youtube.com\/channel\/UCliiYs-gP3JfJeqdPrNdd5A"]},{"@type":"Person","@id":"https:\/\/canal7slp.tv\/2025\/#\/schema\/person\/271e2b60a96e7cc9d9ac296f4d7e414b","name":"Edici\u00f3n Web","image":{"@type":"ImageObject","inLanguage":"es","@id":"https:\/\/secure.gravatar.com\/avatar\/eee448fc3f7164808013b816ba91ac7e43bbe82a70bebac296f8bc6f0addaa1a?s=96&d=mm&r=g","url":"https:\/\/secure.gravatar.com\/avatar\/eee448fc3f7164808013b816ba91ac7e43bbe82a70bebac296f8bc6f0addaa1a?s=96&d=mm&r=g","contentUrl":"https:\/\/secure.gravatar.com\/avatar\/eee448fc3f7164808013b816ba91ac7e43bbe82a70bebac296f8bc6f0addaa1a?s=96&d=mm&r=g","caption":"Edici\u00f3n Web"},"url":"https:\/\/canal7slp.tv\/2025\/author\/edicionweb\/"}]}},"_links":{"self":[{"href":"https:\/\/canal7slp.tv\/2025\/wp-json\/wp\/v2\/posts\/187082","targetHints":{"allow":["GET"]}}],"collection":[{"href":"https:\/\/canal7slp.tv\/2025\/wp-json\/wp\/v2\/posts"}],"about":[{"href":"https:\/\/canal7slp.tv\/2025\/wp-json\/wp\/v2\/types\/post"}],"author":[{"embeddable":true,"href":"https:\/\/canal7slp.tv\/2025\/wp-json\/wp\/v2\/users\/2"}],"replies":[{"embeddable":true,"href":"https:\/\/canal7slp.tv\/2025\/wp-json\/wp\/v2\/comments?post=187082"}],"version-history":[{"count":1,"href":"https:\/\/canal7slp.tv\/2025\/wp-json\/wp\/v2\/posts\/187082\/revisions"}],"predecessor-version":[{"id":187085,"href":"https:\/\/canal7slp.tv\/2025\/wp-json\/wp\/v2\/posts\/187082\/revisions\/187085"}],"wp:featuredmedia":[{"embeddable":true,"href":"https:\/\/canal7slp.tv\/2025\/wp-json\/wp\/v2\/media\/187084"}],"wp:attachment":[{"href":"https:\/\/canal7slp.tv\/2025\/wp-json\/wp\/v2\/media?parent=187082"}],"wp:term":[{"taxonomy":"category","embeddable":true,"href":"https:\/\/canal7slp.tv\/2025\/wp-json\/wp\/v2\/categories?post=187082"},{"taxonomy":"post_tag","embeddable":true,"href":"https:\/\/canal7slp.tv\/2025\/wp-json\/wp\/v2\/tags?post=187082"}],"curies":[{"name":"wp","href":"https:\/\/api.w.org\/{rel}","templated":true}]}}