{"id":187020,"date":"2025-12-04T21:57:44","date_gmt":"2025-12-05T03:57:44","guid":{"rendered":"https:\/\/canal7slp.tv\/2025\/?p=187020"},"modified":"2025-12-04T21:57:44","modified_gmt":"2025-12-05T03:57:44","slug":"en-esta-temporada-vacacional-de-fin-de-ano-alertan-contras-las-agencias-de-viaje-patito","status":"publish","type":"post","link":"https:\/\/canal7slp.tv\/2025\/en-esta-temporada-vacacional-de-fin-de-ano-alertan-contras-las-agencias-de-viaje-patito\/","title":{"rendered":"En esta temporada vacacional de fin de a\u00f1o, alertan contras las agencias de viaje patito"},"content":{"rendered":"<p style=\"text-align: justify;\"><span style=\"font-size: 1.21429rem;\">SLP.- Al ser el fin de a\u00f1o la temporada m\u00e1s alta en la contrataci\u00f3n de paquetes tur\u00edsticos la presidenta en San Luis Potos\u00ed de la Asociaci\u00f3n Mexicana de Agencias de Viajes, Daniela Alonso Barr\u00f3n, alert\u00f3 sobre las llamadas \u201cagencias patito\u201d, que ofrecen ofertas que luego resultan un fraude.<\/span><\/p>\n<p style=\"text-align: justify;\">En este contexto, se\u00f1al\u00f3 algunos tips para no contratar estos servicios.<\/p>\n<p style=\"text-align: justify;\">Reiter\u00f3 que en esta temporada vacacional es com\u00fan que se ofrezcan atractivos paquetes tur\u00edsticos y que dijo, este tipo de ofertas generalmente se ofrecen en redes sociales.<\/p>\n<p style=\"text-align: justify;\">En este contexto, la presidenta local de la Asociaci\u00f3n Mexicana de Agencias de Viajes recomend\u00f3 acudir a los establecimientos afiliados a este organismo para mayor seguridad y protecci\u00f3n.<\/p>\n<p>Por: Claudio Ibarra<\/p>\n","protected":false},"excerpt":{"rendered":"<p>SLP.- Al ser el fin de a\u00f1o la temporada m\u00e1s alta en la contrataci\u00f3n de paquetes tur\u00edsticos la presidenta en San Luis Potos\u00ed de la Asociaci\u00f3n Mexicana de Agencias de Viajes, Daniela Alonso Barr\u00f3n, alert\u00f3 sobre las llamadas \u201cagencias patito\u201d, que ofrecen ofertas que luego resultan un fraude. En este contexto, se\u00f1al\u00f3 algunos tips para no contratar estos servicios. Reiter\u00f3 que en esta temporada vacacional es com\u00fan que se ofrezcan atractivos paquetes tur\u00edsticos y que dijo, este tipo de ofertas generalmente se ofrecen en redes sociales. En este contexto, la presidenta local de la Asociaci\u00f3n Mexicana de Agencias de Viajes [&hellip;]<\/p>\n","protected":false},"author":2,"featured_media":187036,"comment_status":"closed","ping_status":"closed","sticky":false,"template":"","format":"video","meta":{"_monsterinsights_skip_tracking":false,"_monsterinsights_sitenote_active":false,"_monsterinsights_sitenote_note":"","_monsterinsights_sitenote_category":0,"footnotes":""},"categories":[5,45],"tags":[],"class_list":["post-187020","post","type-post","status-publish","format-video","has-post-thumbnail","hentry","category-destacadas","category-localesyregionales","post_format-post-format-video","post--single"],"yoast_head":"<!-- This site is optimized with the Yoast SEO plugin v27.4 - https:\/\/yoast.com\/product\/yoast-seo-wordpress\/ -->\n<title>En esta temporada vacacional de fin de a\u00f1o, alertan contras las agencias de viaje patito - Canal 7 SLP - 2025<\/title>\n<meta name=\"robots\" content=\"index, follow, max-snippet:-1, max-image-preview:large, max-video-preview:-1\" \/>\n<link rel=\"canonical\" href=\"https:\/\/canal7slp.tv\/2025\/en-esta-temporada-vacacional-de-fin-de-ano-alertan-contras-las-agencias-de-viaje-patito\/\" \/>\n<meta property=\"og:locale\" content=\"es_ES\" \/>\n<meta property=\"og:type\" content=\"article\" \/>\n<meta property=\"og:title\" content=\"En esta temporada vacacional de fin de a\u00f1o, alertan contras las agencias de viaje patito - Canal 7 SLP - 2025\" \/>\n<meta property=\"og:description\" content=\"SLP.- Al ser el fin de a\u00f1o la temporada m\u00e1s alta en la contrataci\u00f3n de paquetes tur\u00edsticos la presidenta en San Luis Potos\u00ed de la Asociaci\u00f3n Mexicana de Agencias de Viajes, Daniela Alonso Barr\u00f3n, alert\u00f3 sobre las llamadas \u201cagencias patito\u201d, que ofrecen ofertas que luego resultan un fraude. En este contexto, se\u00f1al\u00f3 algunos tips para no contratar estos servicios. Reiter\u00f3 que en esta temporada vacacional es com\u00fan que se ofrezcan atractivos paquetes tur\u00edsticos y que dijo, este tipo de ofertas generalmente se ofrecen en redes sociales. En este contexto, la presidenta local de la Asociaci\u00f3n Mexicana de Agencias de Viajes [&hellip;]\" \/>\n<meta property=\"og:url\" content=\"https:\/\/canal7slp.tv\/2025\/en-esta-temporada-vacacional-de-fin-de-ano-alertan-contras-las-agencias-de-viaje-patito\/\" \/>\n<meta property=\"og:site_name\" content=\"Canal 7 SLP - 2025\" \/>\n<meta property=\"article:publisher\" content=\"https:\/\/www.facebook.com\/noticieroscanal7atencionciudadana\/\" \/>\n<meta property=\"article:published_time\" content=\"2025-12-05T03:57:44+00:00\" \/>\n<meta property=\"og:image\" content=\"https:\/\/canal7slp.tv\/2025\/wp-content\/uploads\/2025\/12\/Claudio04AgenciasPatito.jpg\" \/>\n\t<meta property=\"og:image:width\" content=\"1280\" \/>\n\t<meta property=\"og:image:height\" content=\"720\" \/>\n\t<meta property=\"og:image:type\" content=\"image\/jpeg\" \/>\n<meta name=\"author\" content=\"Edici\u00f3n Web\" \/>\n<meta name=\"twitter:card\" content=\"summary_large_image\" \/>\n<meta name=\"twitter:creator\" content=\"@NOTICIEROS7\" \/>\n<meta name=\"twitter:site\" content=\"@NOTICIEROS7\" \/>\n<meta name=\"twitter:label1\" content=\"Escrito por\" \/>\n\t<meta name=\"twitter:data1\" content=\"Edici\u00f3n Web\" \/>\n\t<meta name=\"twitter:label2\" content=\"Tiempo de lectura\" \/>\n\t<meta name=\"twitter:data2\" content=\"1 minuto\" \/>\n<script type=\"application\/ld+json\" class=\"yoast-schema-graph\">{\"@context\":\"https:\\\/\\\/schema.org\",\"@graph\":[{\"@type\":\"Article\",\"@id\":\"https:\\\/\\\/canal7slp.tv\\\/2025\\\/en-esta-temporada-vacacional-de-fin-de-ano-alertan-contras-las-agencias-de-viaje-patito\\\/#article\",\"isPartOf\":{\"@id\":\"https:\\\/\\\/canal7slp.tv\\\/2025\\\/en-esta-temporada-vacacional-de-fin-de-ano-alertan-contras-las-agencias-de-viaje-patito\\\/\"},\"author\":{\"name\":\"Edici\u00f3n Web\",\"@id\":\"https:\\\/\\\/canal7slp.tv\\\/2025\\\/#\\\/schema\\\/person\\\/271e2b60a96e7cc9d9ac296f4d7e414b\"},\"headline\":\"En esta temporada vacacional de fin de a\u00f1o, alertan contras las agencias de viaje patito\",\"datePublished\":\"2025-12-05T03:57:44+00:00\",\"mainEntityOfPage\":{\"@id\":\"https:\\\/\\\/canal7slp.tv\\\/2025\\\/en-esta-temporada-vacacional-de-fin-de-ano-alertan-contras-las-agencias-de-viaje-patito\\\/\"},\"wordCount\":145,\"publisher\":{\"@id\":\"https:\\\/\\\/canal7slp.tv\\\/2025\\\/#organization\"},\"image\":{\"@id\":\"https:\\\/\\\/canal7slp.tv\\\/2025\\\/en-esta-temporada-vacacional-de-fin-de-ano-alertan-contras-las-agencias-de-viaje-patito\\\/#primaryimage\"},\"thumbnailUrl\":\"https:\\\/\\\/canal7slp.tv\\\/2025\\\/wp-content\\\/uploads\\\/2025\\\/12\\\/Claudio04AgenciasPatito.jpg\",\"articleSection\":[\"DESTACADAS\",\"LOCALES Y REGIONALES\"],\"inLanguage\":\"es\"},{\"@type\":\"WebPage\",\"@id\":\"https:\\\/\\\/canal7slp.tv\\\/2025\\\/en-esta-temporada-vacacional-de-fin-de-ano-alertan-contras-las-agencias-de-viaje-patito\\\/\",\"url\":\"https:\\\/\\\/canal7slp.tv\\\/2025\\\/en-esta-temporada-vacacional-de-fin-de-ano-alertan-contras-las-agencias-de-viaje-patito\\\/\",\"name\":\"En esta temporada vacacional de fin de a\u00f1o, alertan contras las agencias de viaje patito - Canal 7 SLP - 2025\",\"isPartOf\":{\"@id\":\"https:\\\/\\\/canal7slp.tv\\\/2025\\\/#website\"},\"primaryImageOfPage\":{\"@id\":\"https:\\\/\\\/canal7slp.tv\\\/2025\\\/en-esta-temporada-vacacional-de-fin-de-ano-alertan-contras-las-agencias-de-viaje-patito\\\/#primaryimage\"},\"image\":{\"@id\":\"https:\\\/\\\/canal7slp.tv\\\/2025\\\/en-esta-temporada-vacacional-de-fin-de-ano-alertan-contras-las-agencias-de-viaje-patito\\\/#primaryimage\"},\"thumbnailUrl\":\"https:\\\/\\\/canal7slp.tv\\\/2025\\\/wp-content\\\/uploads\\\/2025\\\/12\\\/Claudio04AgenciasPatito.jpg\",\"datePublished\":\"2025-12-05T03:57:44+00:00\",\"breadcrumb\":{\"@id\":\"https:\\\/\\\/canal7slp.tv\\\/2025\\\/en-esta-temporada-vacacional-de-fin-de-ano-alertan-contras-las-agencias-de-viaje-patito\\\/#breadcrumb\"},\"inLanguage\":\"es\",\"potentialAction\":[{\"@type\":\"ReadAction\",\"target\":[\"https:\\\/\\\/canal7slp.tv\\\/2025\\\/en-esta-temporada-vacacional-de-fin-de-ano-alertan-contras-las-agencias-de-viaje-patito\\\/\"]}]},{\"@type\":\"ImageObject\",\"inLanguage\":\"es\",\"@id\":\"https:\\\/\\\/canal7slp.tv\\\/2025\\\/en-esta-temporada-vacacional-de-fin-de-ano-alertan-contras-las-agencias-de-viaje-patito\\\/#primaryimage\",\"url\":\"https:\\\/\\\/canal7slp.tv\\\/2025\\\/wp-content\\\/uploads\\\/2025\\\/12\\\/Claudio04AgenciasPatito.jpg\",\"contentUrl\":\"https:\\\/\\\/canal7slp.tv\\\/2025\\\/wp-content\\\/uploads\\\/2025\\\/12\\\/Claudio04AgenciasPatito.jpg\",\"width\":1280,\"height\":720},{\"@type\":\"BreadcrumbList\",\"@id\":\"https:\\\/\\\/canal7slp.tv\\\/2025\\\/en-esta-temporada-vacacional-de-fin-de-ano-alertan-contras-las-agencias-de-viaje-patito\\\/#breadcrumb\",\"itemListElement\":[{\"@type\":\"ListItem\",\"position\":1,\"name\":\"Portada\",\"item\":\"https:\\\/\\\/canal7slp.tv\\\/2025\\\/\"},{\"@type\":\"ListItem\",\"position\":2,\"name\":\"En esta temporada vacacional de fin de a\u00f1o, alertan contras las agencias de viaje patito\"}]},{\"@type\":\"WebSite\",\"@id\":\"https:\\\/\\\/canal7slp.tv\\\/2025\\\/#website\",\"url\":\"https:\\\/\\\/canal7slp.tv\\\/2025\\\/\",\"name\":\"N7 - Noticieros Canal 7\",\"description\":\"Somos el Medio\",\"publisher\":{\"@id\":\"https:\\\/\\\/canal7slp.tv\\\/2025\\\/#organization\"},\"potentialAction\":[{\"@type\":\"SearchAction\",\"target\":{\"@type\":\"EntryPoint\",\"urlTemplate\":\"https:\\\/\\\/canal7slp.tv\\\/2025\\\/?s={search_term_string}\"},\"query-input\":{\"@type\":\"PropertyValueSpecification\",\"valueRequired\":true,\"valueName\":\"search_term_string\"}}],\"inLanguage\":\"es\"},{\"@type\":\"Organization\",\"@id\":\"https:\\\/\\\/canal7slp.tv\\\/2025\\\/#organization\",\"name\":\"Noticieros Canal 7\",\"url\":\"https:\\\/\\\/canal7slp.tv\\\/2025\\\/\",\"logo\":{\"@type\":\"ImageObject\",\"inLanguage\":\"es\",\"@id\":\"https:\\\/\\\/canal7slp.tv\\\/2025\\\/#\\\/schema\\\/logo\\\/image\\\/\",\"url\":\"https:\\\/\\\/canal7slp.tv\\\/2025\\\/wp-content\\\/uploads\\\/2021\\\/01\\\/logo-noticieros@2x.png\",\"contentUrl\":\"https:\\\/\\\/canal7slp.tv\\\/2025\\\/wp-content\\\/uploads\\\/2021\\\/01\\\/logo-noticieros@2x.png\",\"width\":1017,\"height\":268,\"caption\":\"Noticieros Canal 7\"},\"image\":{\"@id\":\"https:\\\/\\\/canal7slp.tv\\\/2025\\\/#\\\/schema\\\/logo\\\/image\\\/\"},\"sameAs\":[\"https:\\\/\\\/www.facebook.com\\\/noticieroscanal7atencionciudadana\\\/\",\"https:\\\/\\\/x.com\\\/NOTICIEROS7\",\"https:\\\/\\\/www.instagram.com\\\/canal7_slp\",\"https:\\\/\\\/www.youtube.com\\\/channel\\\/UCliiYs-gP3JfJeqdPrNdd5A\"]},{\"@type\":\"Person\",\"@id\":\"https:\\\/\\\/canal7slp.tv\\\/2025\\\/#\\\/schema\\\/person\\\/271e2b60a96e7cc9d9ac296f4d7e414b\",\"name\":\"Edici\u00f3n Web\",\"image\":{\"@type\":\"ImageObject\",\"inLanguage\":\"es\",\"@id\":\"https:\\\/\\\/secure.gravatar.com\\\/avatar\\\/eee448fc3f7164808013b816ba91ac7e43bbe82a70bebac296f8bc6f0addaa1a?s=96&d=mm&r=g\",\"url\":\"https:\\\/\\\/secure.gravatar.com\\\/avatar\\\/eee448fc3f7164808013b816ba91ac7e43bbe82a70bebac296f8bc6f0addaa1a?s=96&d=mm&r=g\",\"contentUrl\":\"https:\\\/\\\/secure.gravatar.com\\\/avatar\\\/eee448fc3f7164808013b816ba91ac7e43bbe82a70bebac296f8bc6f0addaa1a?s=96&d=mm&r=g\",\"caption\":\"Edici\u00f3n Web\"},\"url\":\"https:\\\/\\\/canal7slp.tv\\\/2025\\\/author\\\/edicionweb\\\/\"}]}<\/script>\n<!-- \/ Yoast SEO plugin. -->","yoast_head_json":{"title":"En esta temporada vacacional de fin de a\u00f1o, alertan contras las agencias de viaje patito - Canal 7 SLP - 2025","robots":{"index":"index","follow":"follow","max-snippet":"max-snippet:-1","max-image-preview":"max-image-preview:large","max-video-preview":"max-video-preview:-1"},"canonical":"https:\/\/canal7slp.tv\/2025\/en-esta-temporada-vacacional-de-fin-de-ano-alertan-contras-las-agencias-de-viaje-patito\/","og_locale":"es_ES","og_type":"article","og_title":"En esta temporada vacacional de fin de a\u00f1o, alertan contras las agencias de viaje patito - Canal 7 SLP - 2025","og_description":"SLP.- Al ser el fin de a\u00f1o la temporada m\u00e1s alta en la contrataci\u00f3n de paquetes tur\u00edsticos la presidenta en San Luis Potos\u00ed de la Asociaci\u00f3n Mexicana de Agencias de Viajes, Daniela Alonso Barr\u00f3n, alert\u00f3 sobre las llamadas \u201cagencias patito\u201d, que ofrecen ofertas que luego resultan un fraude. En este contexto, se\u00f1al\u00f3 algunos tips para no contratar estos servicios. Reiter\u00f3 que en esta temporada vacacional es com\u00fan que se ofrezcan atractivos paquetes tur\u00edsticos y que dijo, este tipo de ofertas generalmente se ofrecen en redes sociales. En este contexto, la presidenta local de la Asociaci\u00f3n Mexicana de Agencias de Viajes [&hellip;]","og_url":"https:\/\/canal7slp.tv\/2025\/en-esta-temporada-vacacional-de-fin-de-ano-alertan-contras-las-agencias-de-viaje-patito\/","og_site_name":"Canal 7 SLP - 2025","article_publisher":"https:\/\/www.facebook.com\/noticieroscanal7atencionciudadana\/","article_published_time":"2025-12-05T03:57:44+00:00","og_image":[{"width":1280,"height":720,"url":"https:\/\/canal7slp.tv\/2025\/wp-content\/uploads\/2025\/12\/Claudio04AgenciasPatito.jpg","type":"image\/jpeg"}],"author":"Edici\u00f3n Web","twitter_card":"summary_large_image","twitter_creator":"@NOTICIEROS7","twitter_site":"@NOTICIEROS7","twitter_misc":{"Escrito por":"Edici\u00f3n Web","Tiempo de lectura":"1 minuto"},"schema":{"@context":"https:\/\/schema.org","@graph":[{"@type":"Article","@id":"https:\/\/canal7slp.tv\/2025\/en-esta-temporada-vacacional-de-fin-de-ano-alertan-contras-las-agencias-de-viaje-patito\/#article","isPartOf":{"@id":"https:\/\/canal7slp.tv\/2025\/en-esta-temporada-vacacional-de-fin-de-ano-alertan-contras-las-agencias-de-viaje-patito\/"},"author":{"name":"Edici\u00f3n Web","@id":"https:\/\/canal7slp.tv\/2025\/#\/schema\/person\/271e2b60a96e7cc9d9ac296f4d7e414b"},"headline":"En esta temporada vacacional de fin de a\u00f1o, alertan contras las agencias de viaje patito","datePublished":"2025-12-05T03:57:44+00:00","mainEntityOfPage":{"@id":"https:\/\/canal7slp.tv\/2025\/en-esta-temporada-vacacional-de-fin-de-ano-alertan-contras-las-agencias-de-viaje-patito\/"},"wordCount":145,"publisher":{"@id":"https:\/\/canal7slp.tv\/2025\/#organization"},"image":{"@id":"https:\/\/canal7slp.tv\/2025\/en-esta-temporada-vacacional-de-fin-de-ano-alertan-contras-las-agencias-de-viaje-patito\/#primaryimage"},"thumbnailUrl":"https:\/\/canal7slp.tv\/2025\/wp-content\/uploads\/2025\/12\/Claudio04AgenciasPatito.jpg","articleSection":["DESTACADAS","LOCALES Y REGIONALES"],"inLanguage":"es"},{"@type":"WebPage","@id":"https:\/\/canal7slp.tv\/2025\/en-esta-temporada-vacacional-de-fin-de-ano-alertan-contras-las-agencias-de-viaje-patito\/","url":"https:\/\/canal7slp.tv\/2025\/en-esta-temporada-vacacional-de-fin-de-ano-alertan-contras-las-agencias-de-viaje-patito\/","name":"En esta temporada vacacional de fin de a\u00f1o, alertan contras las agencias de viaje patito - Canal 7 SLP - 2025","isPartOf":{"@id":"https:\/\/canal7slp.tv\/2025\/#website"},"primaryImageOfPage":{"@id":"https:\/\/canal7slp.tv\/2025\/en-esta-temporada-vacacional-de-fin-de-ano-alertan-contras-las-agencias-de-viaje-patito\/#primaryimage"},"image":{"@id":"https:\/\/canal7slp.tv\/2025\/en-esta-temporada-vacacional-de-fin-de-ano-alertan-contras-las-agencias-de-viaje-patito\/#primaryimage"},"thumbnailUrl":"https:\/\/canal7slp.tv\/2025\/wp-content\/uploads\/2025\/12\/Claudio04AgenciasPatito.jpg","datePublished":"2025-12-05T03:57:44+00:00","breadcrumb":{"@id":"https:\/\/canal7slp.tv\/2025\/en-esta-temporada-vacacional-de-fin-de-ano-alertan-contras-las-agencias-de-viaje-patito\/#breadcrumb"},"inLanguage":"es","potentialAction":[{"@type":"ReadAction","target":["https:\/\/canal7slp.tv\/2025\/en-esta-temporada-vacacional-de-fin-de-ano-alertan-contras-las-agencias-de-viaje-patito\/"]}]},{"@type":"ImageObject","inLanguage":"es","@id":"https:\/\/canal7slp.tv\/2025\/en-esta-temporada-vacacional-de-fin-de-ano-alertan-contras-las-agencias-de-viaje-patito\/#primaryimage","url":"https:\/\/canal7slp.tv\/2025\/wp-content\/uploads\/2025\/12\/Claudio04AgenciasPatito.jpg","contentUrl":"https:\/\/canal7slp.tv\/2025\/wp-content\/uploads\/2025\/12\/Claudio04AgenciasPatito.jpg","width":1280,"height":720},{"@type":"BreadcrumbList","@id":"https:\/\/canal7slp.tv\/2025\/en-esta-temporada-vacacional-de-fin-de-ano-alertan-contras-las-agencias-de-viaje-patito\/#breadcrumb","itemListElement":[{"@type":"ListItem","position":1,"name":"Portada","item":"https:\/\/canal7slp.tv\/2025\/"},{"@type":"ListItem","position":2,"name":"En esta temporada vacacional de fin de a\u00f1o, alertan contras las agencias de viaje patito"}]},{"@type":"WebSite","@id":"https:\/\/canal7slp.tv\/2025\/#website","url":"https:\/\/canal7slp.tv\/2025\/","name":"N7 - Noticieros Canal 7","description":"Somos el Medio","publisher":{"@id":"https:\/\/canal7slp.tv\/2025\/#organization"},"potentialAction":[{"@type":"SearchAction","target":{"@type":"EntryPoint","urlTemplate":"https:\/\/canal7slp.tv\/2025\/?s={search_term_string}"},"query-input":{"@type":"PropertyValueSpecification","valueRequired":true,"valueName":"search_term_string"}}],"inLanguage":"es"},{"@type":"Organization","@id":"https:\/\/canal7slp.tv\/2025\/#organization","name":"Noticieros Canal 7","url":"https:\/\/canal7slp.tv\/2025\/","logo":{"@type":"ImageObject","inLanguage":"es","@id":"https:\/\/canal7slp.tv\/2025\/#\/schema\/logo\/image\/","url":"https:\/\/canal7slp.tv\/2025\/wp-content\/uploads\/2021\/01\/logo-noticieros@2x.png","contentUrl":"https:\/\/canal7slp.tv\/2025\/wp-content\/uploads\/2021\/01\/logo-noticieros@2x.png","width":1017,"height":268,"caption":"Noticieros Canal 7"},"image":{"@id":"https:\/\/canal7slp.tv\/2025\/#\/schema\/logo\/image\/"},"sameAs":["https:\/\/www.facebook.com\/noticieroscanal7atencionciudadana\/","https:\/\/x.com\/NOTICIEROS7","https:\/\/www.instagram.com\/canal7_slp","https:\/\/www.youtube.com\/channel\/UCliiYs-gP3JfJeqdPrNdd5A"]},{"@type":"Person","@id":"https:\/\/canal7slp.tv\/2025\/#\/schema\/person\/271e2b60a96e7cc9d9ac296f4d7e414b","name":"Edici\u00f3n Web","image":{"@type":"ImageObject","inLanguage":"es","@id":"https:\/\/secure.gravatar.com\/avatar\/eee448fc3f7164808013b816ba91ac7e43bbe82a70bebac296f8bc6f0addaa1a?s=96&d=mm&r=g","url":"https:\/\/secure.gravatar.com\/avatar\/eee448fc3f7164808013b816ba91ac7e43bbe82a70bebac296f8bc6f0addaa1a?s=96&d=mm&r=g","contentUrl":"https:\/\/secure.gravatar.com\/avatar\/eee448fc3f7164808013b816ba91ac7e43bbe82a70bebac296f8bc6f0addaa1a?s=96&d=mm&r=g","caption":"Edici\u00f3n Web"},"url":"https:\/\/canal7slp.tv\/2025\/author\/edicionweb\/"}]}},"_links":{"self":[{"href":"https:\/\/canal7slp.tv\/2025\/wp-json\/wp\/v2\/posts\/187020","targetHints":{"allow":["GET"]}}],"collection":[{"href":"https:\/\/canal7slp.tv\/2025\/wp-json\/wp\/v2\/posts"}],"about":[{"href":"https:\/\/canal7slp.tv\/2025\/wp-json\/wp\/v2\/types\/post"}],"author":[{"embeddable":true,"href":"https:\/\/canal7slp.tv\/2025\/wp-json\/wp\/v2\/users\/2"}],"replies":[{"embeddable":true,"href":"https:\/\/canal7slp.tv\/2025\/wp-json\/wp\/v2\/comments?post=187020"}],"version-history":[{"count":2,"href":"https:\/\/canal7slp.tv\/2025\/wp-json\/wp\/v2\/posts\/187020\/revisions"}],"predecessor-version":[{"id":187037,"href":"https:\/\/canal7slp.tv\/2025\/wp-json\/wp\/v2\/posts\/187020\/revisions\/187037"}],"wp:featuredmedia":[{"embeddable":true,"href":"https:\/\/canal7slp.tv\/2025\/wp-json\/wp\/v2\/media\/187036"}],"wp:attachment":[{"href":"https:\/\/canal7slp.tv\/2025\/wp-json\/wp\/v2\/media?parent=187020"}],"wp:term":[{"taxonomy":"category","embeddable":true,"href":"https:\/\/canal7slp.tv\/2025\/wp-json\/wp\/v2\/categories?post=187020"},{"taxonomy":"post_tag","embeddable":true,"href":"https:\/\/canal7slp.tv\/2025\/wp-json\/wp\/v2\/tags?post=187020"}],"curies":[{"name":"wp","href":"https:\/\/api.w.org\/{rel}","templated":true}]}}