{"id":186990,"date":"2025-12-04T17:14:48","date_gmt":"2025-12-04T23:14:48","guid":{"rendered":"https:\/\/canal7slp.tv\/2025\/?p=186990"},"modified":"2025-12-04T17:14:48","modified_gmt":"2025-12-04T23:14:48","slug":"bloqueos-en-carreteras-de-mexico-generan-impacto-moderado-en-slp-sgg","status":"publish","type":"post","link":"https:\/\/canal7slp.tv\/2025\/bloqueos-en-carreteras-de-mexico-generan-impacto-moderado-en-slp-sgg\/","title":{"rendered":"Bloqueos en carreteras de M\u00e9xico generan impacto moderado en SLP: SGG"},"content":{"rendered":"<p style=\"text-align: justify;\"><span style=\"font-size: 1.21429rem;\">SLP.- Las manifestaciones y cierres carreteros que se registraron recientemente en distintas zonas del pa\u00eds s\u00ed han tenido repercusiones en San Luis Potos\u00ed.<\/span><\/p>\n<p style=\"text-align: justify;\">Autoridades reportan afectaciones al tr\u00e1nsito y al flujo comercial, aunque desde el Gobierno del Estado se sostiene que fueron menores frente a lo ocurrido en otras entidades.<\/p>\n<p style=\"text-align: justify;\">El secretario General de Gobierno, Guadalupe Torres S\u00e1nchez, afirm\u00f3 que actualmente no existe ning\u00fan cierre activo en territorio potosino.<\/p>\n<p style=\"text-align: justify;\">Record\u00f3 que, durante la semana pasada, el estado enfrent\u00f3 varios puntos interrumpidos y que todos fueron atendidos por personal gubernamental:<\/p>\n<p style=\"text-align: justify;\">\u201cNosotros en San Luis Potos\u00ed no mantenemos ning\u00fan bloqueo, inclusive la semana pasada cuando se generaron estos nosotros tuvimos siete puntos bloqueados y en todos, en absolutamente cada uno de ellos hubo una comisi\u00f3n integrada por funcionarios estatales, por diputados federales, por gente de seguridad p\u00fablica, por integrantes de la Secretar\u00eda de desarrollo agropecuario que los escucharon\u00bb, dijo.<\/p>\n<p style=\"text-align: justify;\">Continu\u00f3: \u201cY por supuesto que ha habido afectaciones, sin embargo, estas no han sido tan grandes como en otros estados, nosotros tuvimos dentro de estos siete bloqueos uno en la carretera 57 a la altura del entronque con Villa de arista, ese bloqueo lo solucionamos en 4 horas, r\u00e1pido justamente por la atenci\u00f3n que estamos dando\u201d.<\/p>\n<p style=\"text-align: justify;\">Explic\u00f3 que las peticiones de los manifestantes se vincularon principalmente a la reforma a la Ley de Aguas.<\/p>\n<p style=\"text-align: justify;\">\u201cA final de d\u00eda, algunas de esas inconformidades generaron que la iniciativa de reforma original fuera variada para poder encausar las peticiones y darle claridad y seguridad a los t\u00edtulos de concesi\u00f3n de agua de muchos agricultores en San Luis Potos\u00ed\u00bb, agreg\u00f3.<\/p>\n<p style=\"text-align: justify;\">Sobre las afectaciones locales, el secretario reconoci\u00f3 impactos, aunque insisti\u00f3 en que fueron controlados.<\/p>\n<p style=\"text-align: justify;\">\u201cEn el caso de San Luis Potos\u00ed no duraron d\u00edas como en otros casos sucedi\u00f3, y por supuesto buscamos que no se generen, siempre apostamos al di\u00e1logo, que no haya afectaci\u00f3n de terceras personas, que fluya el comercio, qu\u00e9 fluya la econom\u00eda, no estamos como para ponernos el pie\u00bb, termin\u00f3.<\/p>\n<p>Por: Jos\u00e9 Luis V\u00e1zquez<\/p>\n","protected":false},"excerpt":{"rendered":"<p>SLP.- Las manifestaciones y cierres carreteros que se registraron recientemente en distintas zonas del pa\u00eds s\u00ed han tenido repercusiones en San Luis Potos\u00ed. Autoridades reportan afectaciones al tr\u00e1nsito y al flujo comercial, aunque desde el Gobierno del Estado se sostiene que fueron menores frente a lo ocurrido en otras entidades. El secretario General de Gobierno, Guadalupe Torres S\u00e1nchez, afirm\u00f3 que actualmente no existe ning\u00fan cierre activo en territorio potosino. Record\u00f3 que, durante la semana pasada, el estado enfrent\u00f3 varios puntos interrumpidos y que todos fueron atendidos por personal gubernamental: \u201cNosotros en San Luis Potos\u00ed no mantenemos ning\u00fan bloqueo, inclusive la [&hellip;]<\/p>\n","protected":false},"author":2,"featured_media":186992,"comment_status":"closed","ping_status":"closed","sticky":false,"template":"","format":"video","meta":{"_monsterinsights_skip_tracking":false,"_monsterinsights_sitenote_active":false,"_monsterinsights_sitenote_note":"","_monsterinsights_sitenote_category":0,"footnotes":""},"categories":[5,510,45],"tags":[],"class_list":["post-186990","post","type-post","status-publish","format-video","has-post-thumbnail","hentry","category-destacadas","category-gobedoslp","category-localesyregionales","post_format-post-format-video","post--single"],"yoast_head":"<!-- This site is optimized with the Yoast SEO plugin v27.4 - https:\/\/yoast.com\/product\/yoast-seo-wordpress\/ -->\n<title>Bloqueos en carreteras de M\u00e9xico generan impacto moderado en SLP: SGG - Canal 7 SLP - 2025<\/title>\n<meta name=\"robots\" content=\"index, follow, max-snippet:-1, max-image-preview:large, max-video-preview:-1\" \/>\n<link rel=\"canonical\" href=\"https:\/\/canal7slp.tv\/2025\/bloqueos-en-carreteras-de-mexico-generan-impacto-moderado-en-slp-sgg\/\" \/>\n<meta property=\"og:locale\" content=\"es_ES\" \/>\n<meta property=\"og:type\" content=\"article\" \/>\n<meta property=\"og:title\" content=\"Bloqueos en carreteras de M\u00e9xico generan impacto moderado en SLP: SGG - Canal 7 SLP - 2025\" \/>\n<meta property=\"og:description\" content=\"SLP.- Las manifestaciones y cierres carreteros que se registraron recientemente en distintas zonas del pa\u00eds s\u00ed han tenido repercusiones en San Luis Potos\u00ed. Autoridades reportan afectaciones al tr\u00e1nsito y al flujo comercial, aunque desde el Gobierno del Estado se sostiene que fueron menores frente a lo ocurrido en otras entidades. El secretario General de Gobierno, Guadalupe Torres S\u00e1nchez, afirm\u00f3 que actualmente no existe ning\u00fan cierre activo en territorio potosino. Record\u00f3 que, durante la semana pasada, el estado enfrent\u00f3 varios puntos interrumpidos y que todos fueron atendidos por personal gubernamental: \u201cNosotros en San Luis Potos\u00ed no mantenemos ning\u00fan bloqueo, inclusive la [&hellip;]\" \/>\n<meta property=\"og:url\" content=\"https:\/\/canal7slp.tv\/2025\/bloqueos-en-carreteras-de-mexico-generan-impacto-moderado-en-slp-sgg\/\" \/>\n<meta property=\"og:site_name\" content=\"Canal 7 SLP - 2025\" \/>\n<meta property=\"article:publisher\" content=\"https:\/\/www.facebook.com\/noticieroscanal7atencionciudadana\/\" \/>\n<meta property=\"article:published_time\" content=\"2025-12-04T23:14:48+00:00\" \/>\n<meta property=\"og:image\" content=\"https:\/\/canal7slp.tv\/2025\/wp-content\/uploads\/2025\/12\/Vazquez03Afectaciones.jpg\" \/>\n\t<meta property=\"og:image:width\" content=\"1280\" \/>\n\t<meta property=\"og:image:height\" content=\"720\" \/>\n\t<meta property=\"og:image:type\" content=\"image\/jpeg\" \/>\n<meta name=\"author\" content=\"Edici\u00f3n Web\" \/>\n<meta name=\"twitter:card\" content=\"summary_large_image\" \/>\n<meta name=\"twitter:creator\" content=\"@NOTICIEROS7\" \/>\n<meta name=\"twitter:site\" content=\"@NOTICIEROS7\" \/>\n<meta name=\"twitter:label1\" content=\"Escrito por\" \/>\n\t<meta name=\"twitter:data1\" content=\"Edici\u00f3n Web\" \/>\n\t<meta name=\"twitter:label2\" content=\"Tiempo de lectura\" \/>\n\t<meta name=\"twitter:data2\" content=\"2 minutos\" \/>\n<script type=\"application\/ld+json\" class=\"yoast-schema-graph\">{\"@context\":\"https:\\\/\\\/schema.org\",\"@graph\":[{\"@type\":\"Article\",\"@id\":\"https:\\\/\\\/canal7slp.tv\\\/2025\\\/bloqueos-en-carreteras-de-mexico-generan-impacto-moderado-en-slp-sgg\\\/#article\",\"isPartOf\":{\"@id\":\"https:\\\/\\\/canal7slp.tv\\\/2025\\\/bloqueos-en-carreteras-de-mexico-generan-impacto-moderado-en-slp-sgg\\\/\"},\"author\":{\"name\":\"Edici\u00f3n Web\",\"@id\":\"https:\\\/\\\/canal7slp.tv\\\/2025\\\/#\\\/schema\\\/person\\\/271e2b60a96e7cc9d9ac296f4d7e414b\"},\"headline\":\"Bloqueos en carreteras de M\u00e9xico generan impacto moderado en SLP: SGG\",\"datePublished\":\"2025-12-04T23:14:48+00:00\",\"mainEntityOfPage\":{\"@id\":\"https:\\\/\\\/canal7slp.tv\\\/2025\\\/bloqueos-en-carreteras-de-mexico-generan-impacto-moderado-en-slp-sgg\\\/\"},\"wordCount\":360,\"publisher\":{\"@id\":\"https:\\\/\\\/canal7slp.tv\\\/2025\\\/#organization\"},\"image\":{\"@id\":\"https:\\\/\\\/canal7slp.tv\\\/2025\\\/bloqueos-en-carreteras-de-mexico-generan-impacto-moderado-en-slp-sgg\\\/#primaryimage\"},\"thumbnailUrl\":\"https:\\\/\\\/canal7slp.tv\\\/2025\\\/wp-content\\\/uploads\\\/2025\\\/12\\\/Vazquez03Afectaciones.jpg\",\"articleSection\":[\"DESTACADAS\",\"GOBEDOSLP\",\"LOCALES Y REGIONALES\"],\"inLanguage\":\"es\"},{\"@type\":\"WebPage\",\"@id\":\"https:\\\/\\\/canal7slp.tv\\\/2025\\\/bloqueos-en-carreteras-de-mexico-generan-impacto-moderado-en-slp-sgg\\\/\",\"url\":\"https:\\\/\\\/canal7slp.tv\\\/2025\\\/bloqueos-en-carreteras-de-mexico-generan-impacto-moderado-en-slp-sgg\\\/\",\"name\":\"Bloqueos en carreteras de M\u00e9xico generan impacto moderado en SLP: SGG - Canal 7 SLP - 2025\",\"isPartOf\":{\"@id\":\"https:\\\/\\\/canal7slp.tv\\\/2025\\\/#website\"},\"primaryImageOfPage\":{\"@id\":\"https:\\\/\\\/canal7slp.tv\\\/2025\\\/bloqueos-en-carreteras-de-mexico-generan-impacto-moderado-en-slp-sgg\\\/#primaryimage\"},\"image\":{\"@id\":\"https:\\\/\\\/canal7slp.tv\\\/2025\\\/bloqueos-en-carreteras-de-mexico-generan-impacto-moderado-en-slp-sgg\\\/#primaryimage\"},\"thumbnailUrl\":\"https:\\\/\\\/canal7slp.tv\\\/2025\\\/wp-content\\\/uploads\\\/2025\\\/12\\\/Vazquez03Afectaciones.jpg\",\"datePublished\":\"2025-12-04T23:14:48+00:00\",\"breadcrumb\":{\"@id\":\"https:\\\/\\\/canal7slp.tv\\\/2025\\\/bloqueos-en-carreteras-de-mexico-generan-impacto-moderado-en-slp-sgg\\\/#breadcrumb\"},\"inLanguage\":\"es\",\"potentialAction\":[{\"@type\":\"ReadAction\",\"target\":[\"https:\\\/\\\/canal7slp.tv\\\/2025\\\/bloqueos-en-carreteras-de-mexico-generan-impacto-moderado-en-slp-sgg\\\/\"]}]},{\"@type\":\"ImageObject\",\"inLanguage\":\"es\",\"@id\":\"https:\\\/\\\/canal7slp.tv\\\/2025\\\/bloqueos-en-carreteras-de-mexico-generan-impacto-moderado-en-slp-sgg\\\/#primaryimage\",\"url\":\"https:\\\/\\\/canal7slp.tv\\\/2025\\\/wp-content\\\/uploads\\\/2025\\\/12\\\/Vazquez03Afectaciones.jpg\",\"contentUrl\":\"https:\\\/\\\/canal7slp.tv\\\/2025\\\/wp-content\\\/uploads\\\/2025\\\/12\\\/Vazquez03Afectaciones.jpg\",\"width\":1280,\"height\":720},{\"@type\":\"BreadcrumbList\",\"@id\":\"https:\\\/\\\/canal7slp.tv\\\/2025\\\/bloqueos-en-carreteras-de-mexico-generan-impacto-moderado-en-slp-sgg\\\/#breadcrumb\",\"itemListElement\":[{\"@type\":\"ListItem\",\"position\":1,\"name\":\"Portada\",\"item\":\"https:\\\/\\\/canal7slp.tv\\\/2025\\\/\"},{\"@type\":\"ListItem\",\"position\":2,\"name\":\"Bloqueos en carreteras de M\u00e9xico generan impacto moderado en SLP: SGG\"}]},{\"@type\":\"WebSite\",\"@id\":\"https:\\\/\\\/canal7slp.tv\\\/2025\\\/#website\",\"url\":\"https:\\\/\\\/canal7slp.tv\\\/2025\\\/\",\"name\":\"N7 - Noticieros Canal 7\",\"description\":\"Somos el Medio\",\"publisher\":{\"@id\":\"https:\\\/\\\/canal7slp.tv\\\/2025\\\/#organization\"},\"potentialAction\":[{\"@type\":\"SearchAction\",\"target\":{\"@type\":\"EntryPoint\",\"urlTemplate\":\"https:\\\/\\\/canal7slp.tv\\\/2025\\\/?s={search_term_string}\"},\"query-input\":{\"@type\":\"PropertyValueSpecification\",\"valueRequired\":true,\"valueName\":\"search_term_string\"}}],\"inLanguage\":\"es\"},{\"@type\":\"Organization\",\"@id\":\"https:\\\/\\\/canal7slp.tv\\\/2025\\\/#organization\",\"name\":\"Noticieros Canal 7\",\"url\":\"https:\\\/\\\/canal7slp.tv\\\/2025\\\/\",\"logo\":{\"@type\":\"ImageObject\",\"inLanguage\":\"es\",\"@id\":\"https:\\\/\\\/canal7slp.tv\\\/2025\\\/#\\\/schema\\\/logo\\\/image\\\/\",\"url\":\"https:\\\/\\\/canal7slp.tv\\\/2025\\\/wp-content\\\/uploads\\\/2021\\\/01\\\/logo-noticieros@2x.png\",\"contentUrl\":\"https:\\\/\\\/canal7slp.tv\\\/2025\\\/wp-content\\\/uploads\\\/2021\\\/01\\\/logo-noticieros@2x.png\",\"width\":1017,\"height\":268,\"caption\":\"Noticieros Canal 7\"},\"image\":{\"@id\":\"https:\\\/\\\/canal7slp.tv\\\/2025\\\/#\\\/schema\\\/logo\\\/image\\\/\"},\"sameAs\":[\"https:\\\/\\\/www.facebook.com\\\/noticieroscanal7atencionciudadana\\\/\",\"https:\\\/\\\/x.com\\\/NOTICIEROS7\",\"https:\\\/\\\/www.instagram.com\\\/canal7_slp\",\"https:\\\/\\\/www.youtube.com\\\/channel\\\/UCliiYs-gP3JfJeqdPrNdd5A\"]},{\"@type\":\"Person\",\"@id\":\"https:\\\/\\\/canal7slp.tv\\\/2025\\\/#\\\/schema\\\/person\\\/271e2b60a96e7cc9d9ac296f4d7e414b\",\"name\":\"Edici\u00f3n Web\",\"image\":{\"@type\":\"ImageObject\",\"inLanguage\":\"es\",\"@id\":\"https:\\\/\\\/secure.gravatar.com\\\/avatar\\\/eee448fc3f7164808013b816ba91ac7e43bbe82a70bebac296f8bc6f0addaa1a?s=96&d=mm&r=g\",\"url\":\"https:\\\/\\\/secure.gravatar.com\\\/avatar\\\/eee448fc3f7164808013b816ba91ac7e43bbe82a70bebac296f8bc6f0addaa1a?s=96&d=mm&r=g\",\"contentUrl\":\"https:\\\/\\\/secure.gravatar.com\\\/avatar\\\/eee448fc3f7164808013b816ba91ac7e43bbe82a70bebac296f8bc6f0addaa1a?s=96&d=mm&r=g\",\"caption\":\"Edici\u00f3n Web\"},\"url\":\"https:\\\/\\\/canal7slp.tv\\\/2025\\\/author\\\/edicionweb\\\/\"}]}<\/script>\n<!-- \/ Yoast SEO plugin. -->","yoast_head_json":{"title":"Bloqueos en carreteras de M\u00e9xico generan impacto moderado en SLP: SGG - Canal 7 SLP - 2025","robots":{"index":"index","follow":"follow","max-snippet":"max-snippet:-1","max-image-preview":"max-image-preview:large","max-video-preview":"max-video-preview:-1"},"canonical":"https:\/\/canal7slp.tv\/2025\/bloqueos-en-carreteras-de-mexico-generan-impacto-moderado-en-slp-sgg\/","og_locale":"es_ES","og_type":"article","og_title":"Bloqueos en carreteras de M\u00e9xico generan impacto moderado en SLP: SGG - Canal 7 SLP - 2025","og_description":"SLP.- Las manifestaciones y cierres carreteros que se registraron recientemente en distintas zonas del pa\u00eds s\u00ed han tenido repercusiones en San Luis Potos\u00ed. Autoridades reportan afectaciones al tr\u00e1nsito y al flujo comercial, aunque desde el Gobierno del Estado se sostiene que fueron menores frente a lo ocurrido en otras entidades. El secretario General de Gobierno, Guadalupe Torres S\u00e1nchez, afirm\u00f3 que actualmente no existe ning\u00fan cierre activo en territorio potosino. Record\u00f3 que, durante la semana pasada, el estado enfrent\u00f3 varios puntos interrumpidos y que todos fueron atendidos por personal gubernamental: \u201cNosotros en San Luis Potos\u00ed no mantenemos ning\u00fan bloqueo, inclusive la [&hellip;]","og_url":"https:\/\/canal7slp.tv\/2025\/bloqueos-en-carreteras-de-mexico-generan-impacto-moderado-en-slp-sgg\/","og_site_name":"Canal 7 SLP - 2025","article_publisher":"https:\/\/www.facebook.com\/noticieroscanal7atencionciudadana\/","article_published_time":"2025-12-04T23:14:48+00:00","og_image":[{"width":1280,"height":720,"url":"https:\/\/canal7slp.tv\/2025\/wp-content\/uploads\/2025\/12\/Vazquez03Afectaciones.jpg","type":"image\/jpeg"}],"author":"Edici\u00f3n Web","twitter_card":"summary_large_image","twitter_creator":"@NOTICIEROS7","twitter_site":"@NOTICIEROS7","twitter_misc":{"Escrito por":"Edici\u00f3n Web","Tiempo de lectura":"2 minutos"},"schema":{"@context":"https:\/\/schema.org","@graph":[{"@type":"Article","@id":"https:\/\/canal7slp.tv\/2025\/bloqueos-en-carreteras-de-mexico-generan-impacto-moderado-en-slp-sgg\/#article","isPartOf":{"@id":"https:\/\/canal7slp.tv\/2025\/bloqueos-en-carreteras-de-mexico-generan-impacto-moderado-en-slp-sgg\/"},"author":{"name":"Edici\u00f3n Web","@id":"https:\/\/canal7slp.tv\/2025\/#\/schema\/person\/271e2b60a96e7cc9d9ac296f4d7e414b"},"headline":"Bloqueos en carreteras de M\u00e9xico generan impacto moderado en SLP: SGG","datePublished":"2025-12-04T23:14:48+00:00","mainEntityOfPage":{"@id":"https:\/\/canal7slp.tv\/2025\/bloqueos-en-carreteras-de-mexico-generan-impacto-moderado-en-slp-sgg\/"},"wordCount":360,"publisher":{"@id":"https:\/\/canal7slp.tv\/2025\/#organization"},"image":{"@id":"https:\/\/canal7slp.tv\/2025\/bloqueos-en-carreteras-de-mexico-generan-impacto-moderado-en-slp-sgg\/#primaryimage"},"thumbnailUrl":"https:\/\/canal7slp.tv\/2025\/wp-content\/uploads\/2025\/12\/Vazquez03Afectaciones.jpg","articleSection":["DESTACADAS","GOBEDOSLP","LOCALES Y REGIONALES"],"inLanguage":"es"},{"@type":"WebPage","@id":"https:\/\/canal7slp.tv\/2025\/bloqueos-en-carreteras-de-mexico-generan-impacto-moderado-en-slp-sgg\/","url":"https:\/\/canal7slp.tv\/2025\/bloqueos-en-carreteras-de-mexico-generan-impacto-moderado-en-slp-sgg\/","name":"Bloqueos en carreteras de M\u00e9xico generan impacto moderado en SLP: SGG - Canal 7 SLP - 2025","isPartOf":{"@id":"https:\/\/canal7slp.tv\/2025\/#website"},"primaryImageOfPage":{"@id":"https:\/\/canal7slp.tv\/2025\/bloqueos-en-carreteras-de-mexico-generan-impacto-moderado-en-slp-sgg\/#primaryimage"},"image":{"@id":"https:\/\/canal7slp.tv\/2025\/bloqueos-en-carreteras-de-mexico-generan-impacto-moderado-en-slp-sgg\/#primaryimage"},"thumbnailUrl":"https:\/\/canal7slp.tv\/2025\/wp-content\/uploads\/2025\/12\/Vazquez03Afectaciones.jpg","datePublished":"2025-12-04T23:14:48+00:00","breadcrumb":{"@id":"https:\/\/canal7slp.tv\/2025\/bloqueos-en-carreteras-de-mexico-generan-impacto-moderado-en-slp-sgg\/#breadcrumb"},"inLanguage":"es","potentialAction":[{"@type":"ReadAction","target":["https:\/\/canal7slp.tv\/2025\/bloqueos-en-carreteras-de-mexico-generan-impacto-moderado-en-slp-sgg\/"]}]},{"@type":"ImageObject","inLanguage":"es","@id":"https:\/\/canal7slp.tv\/2025\/bloqueos-en-carreteras-de-mexico-generan-impacto-moderado-en-slp-sgg\/#primaryimage","url":"https:\/\/canal7slp.tv\/2025\/wp-content\/uploads\/2025\/12\/Vazquez03Afectaciones.jpg","contentUrl":"https:\/\/canal7slp.tv\/2025\/wp-content\/uploads\/2025\/12\/Vazquez03Afectaciones.jpg","width":1280,"height":720},{"@type":"BreadcrumbList","@id":"https:\/\/canal7slp.tv\/2025\/bloqueos-en-carreteras-de-mexico-generan-impacto-moderado-en-slp-sgg\/#breadcrumb","itemListElement":[{"@type":"ListItem","position":1,"name":"Portada","item":"https:\/\/canal7slp.tv\/2025\/"},{"@type":"ListItem","position":2,"name":"Bloqueos en carreteras de M\u00e9xico generan impacto moderado en SLP: SGG"}]},{"@type":"WebSite","@id":"https:\/\/canal7slp.tv\/2025\/#website","url":"https:\/\/canal7slp.tv\/2025\/","name":"N7 - Noticieros Canal 7","description":"Somos el Medio","publisher":{"@id":"https:\/\/canal7slp.tv\/2025\/#organization"},"potentialAction":[{"@type":"SearchAction","target":{"@type":"EntryPoint","urlTemplate":"https:\/\/canal7slp.tv\/2025\/?s={search_term_string}"},"query-input":{"@type":"PropertyValueSpecification","valueRequired":true,"valueName":"search_term_string"}}],"inLanguage":"es"},{"@type":"Organization","@id":"https:\/\/canal7slp.tv\/2025\/#organization","name":"Noticieros Canal 7","url":"https:\/\/canal7slp.tv\/2025\/","logo":{"@type":"ImageObject","inLanguage":"es","@id":"https:\/\/canal7slp.tv\/2025\/#\/schema\/logo\/image\/","url":"https:\/\/canal7slp.tv\/2025\/wp-content\/uploads\/2021\/01\/logo-noticieros@2x.png","contentUrl":"https:\/\/canal7slp.tv\/2025\/wp-content\/uploads\/2021\/01\/logo-noticieros@2x.png","width":1017,"height":268,"caption":"Noticieros Canal 7"},"image":{"@id":"https:\/\/canal7slp.tv\/2025\/#\/schema\/logo\/image\/"},"sameAs":["https:\/\/www.facebook.com\/noticieroscanal7atencionciudadana\/","https:\/\/x.com\/NOTICIEROS7","https:\/\/www.instagram.com\/canal7_slp","https:\/\/www.youtube.com\/channel\/UCliiYs-gP3JfJeqdPrNdd5A"]},{"@type":"Person","@id":"https:\/\/canal7slp.tv\/2025\/#\/schema\/person\/271e2b60a96e7cc9d9ac296f4d7e414b","name":"Edici\u00f3n Web","image":{"@type":"ImageObject","inLanguage":"es","@id":"https:\/\/secure.gravatar.com\/avatar\/eee448fc3f7164808013b816ba91ac7e43bbe82a70bebac296f8bc6f0addaa1a?s=96&d=mm&r=g","url":"https:\/\/secure.gravatar.com\/avatar\/eee448fc3f7164808013b816ba91ac7e43bbe82a70bebac296f8bc6f0addaa1a?s=96&d=mm&r=g","contentUrl":"https:\/\/secure.gravatar.com\/avatar\/eee448fc3f7164808013b816ba91ac7e43bbe82a70bebac296f8bc6f0addaa1a?s=96&d=mm&r=g","caption":"Edici\u00f3n Web"},"url":"https:\/\/canal7slp.tv\/2025\/author\/edicionweb\/"}]}},"_links":{"self":[{"href":"https:\/\/canal7slp.tv\/2025\/wp-json\/wp\/v2\/posts\/186990","targetHints":{"allow":["GET"]}}],"collection":[{"href":"https:\/\/canal7slp.tv\/2025\/wp-json\/wp\/v2\/posts"}],"about":[{"href":"https:\/\/canal7slp.tv\/2025\/wp-json\/wp\/v2\/types\/post"}],"author":[{"embeddable":true,"href":"https:\/\/canal7slp.tv\/2025\/wp-json\/wp\/v2\/users\/2"}],"replies":[{"embeddable":true,"href":"https:\/\/canal7slp.tv\/2025\/wp-json\/wp\/v2\/comments?post=186990"}],"version-history":[{"count":1,"href":"https:\/\/canal7slp.tv\/2025\/wp-json\/wp\/v2\/posts\/186990\/revisions"}],"predecessor-version":[{"id":186993,"href":"https:\/\/canal7slp.tv\/2025\/wp-json\/wp\/v2\/posts\/186990\/revisions\/186993"}],"wp:featuredmedia":[{"embeddable":true,"href":"https:\/\/canal7slp.tv\/2025\/wp-json\/wp\/v2\/media\/186992"}],"wp:attachment":[{"href":"https:\/\/canal7slp.tv\/2025\/wp-json\/wp\/v2\/media?parent=186990"}],"wp:term":[{"taxonomy":"category","embeddable":true,"href":"https:\/\/canal7slp.tv\/2025\/wp-json\/wp\/v2\/categories?post=186990"},{"taxonomy":"post_tag","embeddable":true,"href":"https:\/\/canal7slp.tv\/2025\/wp-json\/wp\/v2\/tags?post=186990"}],"curies":[{"name":"wp","href":"https:\/\/api.w.org\/{rel}","templated":true}]}}