{"id":186986,"date":"2025-12-04T17:02:45","date_gmt":"2025-12-04T23:02:45","guid":{"rendered":"https:\/\/canal7slp.tv\/2025\/?p=186986"},"modified":"2025-12-04T17:02:45","modified_gmt":"2025-12-04T23:02:45","slug":"en-curso-proceso-contra-implicado-en-choque-del-rio-espanita-que-cobro-la-vida-de-una-familia-fiscalia","status":"publish","type":"post","link":"https:\/\/canal7slp.tv\/2025\/en-curso-proceso-contra-implicado-en-choque-del-rio-espanita-que-cobro-la-vida-de-una-familia-fiscalia\/","title":{"rendered":"En curso, proceso contra implicado en choque del R\u00edo Espa\u00f1ita que cobr\u00f3 la vida de una familia: Fiscal\u00eda"},"content":{"rendered":"<p style=\"text-align: justify;\"><span style=\"font-size: 1.21429rem;\">SLP.- Las versiones que circulan en redes sobre una posible liberaci\u00f3n del presunto responsable del accidente donde una familia perdi\u00f3 la vida en el R\u00edo Espa\u00f1ita no tienen sustento por ahora, de acuerdo con la Fiscal\u00eda General del Estado de San Luis Potos\u00ed.<\/span><\/p>\n<p style=\"text-align: justify;\">De hecho, se confirm\u00f3 que el proceso penal contin\u00faa en curso y sin indicios de que el acusado vaya a obtener su libertad.<\/p>\n<p style=\"text-align: justify;\">\u201cEn cuanto al accidente donde una familia completa perdi\u00f3 la vida nosotros ya judicializamos el asunto&#8230; Lo que ocurri\u00f3 fue que en ese momento cuando la persona iba a ser declarada result\u00f3 que estaba hospitalizada\u201d, detall\u00f3.<\/p>\n<p style=\"text-align: justify;\">Dijo que esta circunstancia gener\u00f3 una pausa procesal, pero el tr\u00e1mite ya fue retomado.<\/p>\n<p style=\"text-align: justify;\">\u201cEntonces hubo una suspensi\u00f3n en cuanto al procedimiento sin embargo, ya reanud\u00f3 y no tenemos ahorita ning\u00fan dato de que vaya hasta este momento salir fuera\u201d, afirm\u00f3.<\/p>\n<p style=\"text-align: justify;\">La fiscal agreg\u00f3 que la instituci\u00f3n permanecer\u00e1 atenta a cualquier estrategia que implemente la defensa del acusado.<\/p>\n<p style=\"text-align: justify;\">\u201cSe mantiene todav\u00eda, habr\u00eda que ver qu\u00e9 acciones va a ser la defensa seguramente, pero la fiscal\u00eda va a estar actuando de manera diligente&#8230; Hasta ahorita tenemos por ah\u00ed el dato en cuanto al dictamen por hecho de tr\u00e1nsito\u201d, expuso.<\/p>\n<p>Por: Jos\u00e9 Luis V\u00e1zquez<\/p>\n","protected":false},"excerpt":{"rendered":"<p>SLP.- Las versiones que circulan en redes sobre una posible liberaci\u00f3n del presunto responsable del accidente donde una familia perdi\u00f3 la vida en el R\u00edo Espa\u00f1ita no tienen sustento por ahora, de acuerdo con la Fiscal\u00eda General del Estado de San Luis Potos\u00ed. De hecho, se confirm\u00f3 que el proceso penal contin\u00faa en curso y sin indicios de que el acusado vaya a obtener su libertad. \u201cEn cuanto al accidente donde una familia completa perdi\u00f3 la vida nosotros ya judicializamos el asunto&#8230; Lo que ocurri\u00f3 fue que en ese momento cuando la persona iba a ser declarada result\u00f3 que estaba [&hellip;]<\/p>\n","protected":false},"author":2,"featured_media":186988,"comment_status":"closed","ping_status":"closed","sticky":false,"template":"","format":"video","meta":{"_monsterinsights_skip_tracking":false,"_monsterinsights_sitenote_active":false,"_monsterinsights_sitenote_note":"","_monsterinsights_sitenote_category":0,"footnotes":""},"categories":[5,45],"tags":[],"class_list":["post-186986","post","type-post","status-publish","format-video","has-post-thumbnail","hentry","category-destacadas","category-localesyregionales","post_format-post-format-video","post--single"],"yoast_head":"<!-- This site is optimized with the Yoast SEO plugin v27.4 - https:\/\/yoast.com\/product\/yoast-seo-wordpress\/ -->\n<title>En curso, proceso contra implicado en choque del R\u00edo Espa\u00f1ita que cobr\u00f3 la vida de una familia: Fiscal\u00eda - Canal 7 SLP - 2025<\/title>\n<meta name=\"robots\" content=\"index, follow, max-snippet:-1, max-image-preview:large, max-video-preview:-1\" \/>\n<link rel=\"canonical\" href=\"https:\/\/canal7slp.tv\/2025\/en-curso-proceso-contra-implicado-en-choque-del-rio-espanita-que-cobro-la-vida-de-una-familia-fiscalia\/\" \/>\n<meta property=\"og:locale\" content=\"es_ES\" \/>\n<meta property=\"og:type\" content=\"article\" \/>\n<meta property=\"og:title\" content=\"En curso, proceso contra implicado en choque del R\u00edo Espa\u00f1ita que cobr\u00f3 la vida de una familia: Fiscal\u00eda - Canal 7 SLP - 2025\" \/>\n<meta property=\"og:description\" content=\"SLP.- Las versiones que circulan en redes sobre una posible liberaci\u00f3n del presunto responsable del accidente donde una familia perdi\u00f3 la vida en el R\u00edo Espa\u00f1ita no tienen sustento por ahora, de acuerdo con la Fiscal\u00eda General del Estado de San Luis Potos\u00ed. De hecho, se confirm\u00f3 que el proceso penal contin\u00faa en curso y sin indicios de que el acusado vaya a obtener su libertad. \u201cEn cuanto al accidente donde una familia completa perdi\u00f3 la vida nosotros ya judicializamos el asunto&#8230; Lo que ocurri\u00f3 fue que en ese momento cuando la persona iba a ser declarada result\u00f3 que estaba [&hellip;]\" \/>\n<meta property=\"og:url\" content=\"https:\/\/canal7slp.tv\/2025\/en-curso-proceso-contra-implicado-en-choque-del-rio-espanita-que-cobro-la-vida-de-una-familia-fiscalia\/\" \/>\n<meta property=\"og:site_name\" content=\"Canal 7 SLP - 2025\" \/>\n<meta property=\"article:publisher\" content=\"https:\/\/www.facebook.com\/noticieroscanal7atencionciudadana\/\" \/>\n<meta property=\"article:published_time\" content=\"2025-12-04T23:02:45+00:00\" \/>\n<meta property=\"og:image\" content=\"https:\/\/canal7slp.tv\/2025\/wp-content\/uploads\/2025\/12\/Vazquez02Espanitia.jpg\" \/>\n\t<meta property=\"og:image:width\" content=\"1280\" \/>\n\t<meta property=\"og:image:height\" content=\"720\" \/>\n\t<meta property=\"og:image:type\" content=\"image\/jpeg\" \/>\n<meta name=\"author\" content=\"Edici\u00f3n Web\" \/>\n<meta name=\"twitter:card\" content=\"summary_large_image\" \/>\n<meta name=\"twitter:creator\" content=\"@NOTICIEROS7\" \/>\n<meta name=\"twitter:site\" content=\"@NOTICIEROS7\" \/>\n<meta name=\"twitter:label1\" content=\"Escrito por\" \/>\n\t<meta name=\"twitter:data1\" content=\"Edici\u00f3n Web\" \/>\n\t<meta name=\"twitter:label2\" content=\"Tiempo de lectura\" \/>\n\t<meta name=\"twitter:data2\" content=\"2 minutos\" \/>\n<script type=\"application\/ld+json\" class=\"yoast-schema-graph\">{\"@context\":\"https:\\\/\\\/schema.org\",\"@graph\":[{\"@type\":\"Article\",\"@id\":\"https:\\\/\\\/canal7slp.tv\\\/2025\\\/en-curso-proceso-contra-implicado-en-choque-del-rio-espanita-que-cobro-la-vida-de-una-familia-fiscalia\\\/#article\",\"isPartOf\":{\"@id\":\"https:\\\/\\\/canal7slp.tv\\\/2025\\\/en-curso-proceso-contra-implicado-en-choque-del-rio-espanita-que-cobro-la-vida-de-una-familia-fiscalia\\\/\"},\"author\":{\"name\":\"Edici\u00f3n Web\",\"@id\":\"https:\\\/\\\/canal7slp.tv\\\/2025\\\/#\\\/schema\\\/person\\\/271e2b60a96e7cc9d9ac296f4d7e414b\"},\"headline\":\"En curso, proceso contra implicado en choque del R\u00edo Espa\u00f1ita que cobr\u00f3 la vida de una familia: Fiscal\u00eda\",\"datePublished\":\"2025-12-04T23:02:45+00:00\",\"mainEntityOfPage\":{\"@id\":\"https:\\\/\\\/canal7slp.tv\\\/2025\\\/en-curso-proceso-contra-implicado-en-choque-del-rio-espanita-que-cobro-la-vida-de-una-familia-fiscalia\\\/\"},\"wordCount\":240,\"publisher\":{\"@id\":\"https:\\\/\\\/canal7slp.tv\\\/2025\\\/#organization\"},\"image\":{\"@id\":\"https:\\\/\\\/canal7slp.tv\\\/2025\\\/en-curso-proceso-contra-implicado-en-choque-del-rio-espanita-que-cobro-la-vida-de-una-familia-fiscalia\\\/#primaryimage\"},\"thumbnailUrl\":\"https:\\\/\\\/canal7slp.tv\\\/2025\\\/wp-content\\\/uploads\\\/2025\\\/12\\\/Vazquez02Espanitia.jpg\",\"articleSection\":[\"DESTACADAS\",\"LOCALES Y REGIONALES\"],\"inLanguage\":\"es\"},{\"@type\":\"WebPage\",\"@id\":\"https:\\\/\\\/canal7slp.tv\\\/2025\\\/en-curso-proceso-contra-implicado-en-choque-del-rio-espanita-que-cobro-la-vida-de-una-familia-fiscalia\\\/\",\"url\":\"https:\\\/\\\/canal7slp.tv\\\/2025\\\/en-curso-proceso-contra-implicado-en-choque-del-rio-espanita-que-cobro-la-vida-de-una-familia-fiscalia\\\/\",\"name\":\"En curso, proceso contra implicado en choque del R\u00edo Espa\u00f1ita que cobr\u00f3 la vida de una familia: Fiscal\u00eda - Canal 7 SLP - 2025\",\"isPartOf\":{\"@id\":\"https:\\\/\\\/canal7slp.tv\\\/2025\\\/#website\"},\"primaryImageOfPage\":{\"@id\":\"https:\\\/\\\/canal7slp.tv\\\/2025\\\/en-curso-proceso-contra-implicado-en-choque-del-rio-espanita-que-cobro-la-vida-de-una-familia-fiscalia\\\/#primaryimage\"},\"image\":{\"@id\":\"https:\\\/\\\/canal7slp.tv\\\/2025\\\/en-curso-proceso-contra-implicado-en-choque-del-rio-espanita-que-cobro-la-vida-de-una-familia-fiscalia\\\/#primaryimage\"},\"thumbnailUrl\":\"https:\\\/\\\/canal7slp.tv\\\/2025\\\/wp-content\\\/uploads\\\/2025\\\/12\\\/Vazquez02Espanitia.jpg\",\"datePublished\":\"2025-12-04T23:02:45+00:00\",\"breadcrumb\":{\"@id\":\"https:\\\/\\\/canal7slp.tv\\\/2025\\\/en-curso-proceso-contra-implicado-en-choque-del-rio-espanita-que-cobro-la-vida-de-una-familia-fiscalia\\\/#breadcrumb\"},\"inLanguage\":\"es\",\"potentialAction\":[{\"@type\":\"ReadAction\",\"target\":[\"https:\\\/\\\/canal7slp.tv\\\/2025\\\/en-curso-proceso-contra-implicado-en-choque-del-rio-espanita-que-cobro-la-vida-de-una-familia-fiscalia\\\/\"]}]},{\"@type\":\"ImageObject\",\"inLanguage\":\"es\",\"@id\":\"https:\\\/\\\/canal7slp.tv\\\/2025\\\/en-curso-proceso-contra-implicado-en-choque-del-rio-espanita-que-cobro-la-vida-de-una-familia-fiscalia\\\/#primaryimage\",\"url\":\"https:\\\/\\\/canal7slp.tv\\\/2025\\\/wp-content\\\/uploads\\\/2025\\\/12\\\/Vazquez02Espanitia.jpg\",\"contentUrl\":\"https:\\\/\\\/canal7slp.tv\\\/2025\\\/wp-content\\\/uploads\\\/2025\\\/12\\\/Vazquez02Espanitia.jpg\",\"width\":1280,\"height\":720},{\"@type\":\"BreadcrumbList\",\"@id\":\"https:\\\/\\\/canal7slp.tv\\\/2025\\\/en-curso-proceso-contra-implicado-en-choque-del-rio-espanita-que-cobro-la-vida-de-una-familia-fiscalia\\\/#breadcrumb\",\"itemListElement\":[{\"@type\":\"ListItem\",\"position\":1,\"name\":\"Portada\",\"item\":\"https:\\\/\\\/canal7slp.tv\\\/2025\\\/\"},{\"@type\":\"ListItem\",\"position\":2,\"name\":\"En curso, proceso contra implicado en choque del R\u00edo Espa\u00f1ita que cobr\u00f3 la vida de una familia: Fiscal\u00eda\"}]},{\"@type\":\"WebSite\",\"@id\":\"https:\\\/\\\/canal7slp.tv\\\/2025\\\/#website\",\"url\":\"https:\\\/\\\/canal7slp.tv\\\/2025\\\/\",\"name\":\"N7 - Noticieros Canal 7\",\"description\":\"Somos el Medio\",\"publisher\":{\"@id\":\"https:\\\/\\\/canal7slp.tv\\\/2025\\\/#organization\"},\"potentialAction\":[{\"@type\":\"SearchAction\",\"target\":{\"@type\":\"EntryPoint\",\"urlTemplate\":\"https:\\\/\\\/canal7slp.tv\\\/2025\\\/?s={search_term_string}\"},\"query-input\":{\"@type\":\"PropertyValueSpecification\",\"valueRequired\":true,\"valueName\":\"search_term_string\"}}],\"inLanguage\":\"es\"},{\"@type\":\"Organization\",\"@id\":\"https:\\\/\\\/canal7slp.tv\\\/2025\\\/#organization\",\"name\":\"Noticieros Canal 7\",\"url\":\"https:\\\/\\\/canal7slp.tv\\\/2025\\\/\",\"logo\":{\"@type\":\"ImageObject\",\"inLanguage\":\"es\",\"@id\":\"https:\\\/\\\/canal7slp.tv\\\/2025\\\/#\\\/schema\\\/logo\\\/image\\\/\",\"url\":\"https:\\\/\\\/canal7slp.tv\\\/2025\\\/wp-content\\\/uploads\\\/2021\\\/01\\\/logo-noticieros@2x.png\",\"contentUrl\":\"https:\\\/\\\/canal7slp.tv\\\/2025\\\/wp-content\\\/uploads\\\/2021\\\/01\\\/logo-noticieros@2x.png\",\"width\":1017,\"height\":268,\"caption\":\"Noticieros Canal 7\"},\"image\":{\"@id\":\"https:\\\/\\\/canal7slp.tv\\\/2025\\\/#\\\/schema\\\/logo\\\/image\\\/\"},\"sameAs\":[\"https:\\\/\\\/www.facebook.com\\\/noticieroscanal7atencionciudadana\\\/\",\"https:\\\/\\\/x.com\\\/NOTICIEROS7\",\"https:\\\/\\\/www.instagram.com\\\/canal7_slp\",\"https:\\\/\\\/www.youtube.com\\\/channel\\\/UCliiYs-gP3JfJeqdPrNdd5A\"]},{\"@type\":\"Person\",\"@id\":\"https:\\\/\\\/canal7slp.tv\\\/2025\\\/#\\\/schema\\\/person\\\/271e2b60a96e7cc9d9ac296f4d7e414b\",\"name\":\"Edici\u00f3n Web\",\"image\":{\"@type\":\"ImageObject\",\"inLanguage\":\"es\",\"@id\":\"https:\\\/\\\/secure.gravatar.com\\\/avatar\\\/eee448fc3f7164808013b816ba91ac7e43bbe82a70bebac296f8bc6f0addaa1a?s=96&d=mm&r=g\",\"url\":\"https:\\\/\\\/secure.gravatar.com\\\/avatar\\\/eee448fc3f7164808013b816ba91ac7e43bbe82a70bebac296f8bc6f0addaa1a?s=96&d=mm&r=g\",\"contentUrl\":\"https:\\\/\\\/secure.gravatar.com\\\/avatar\\\/eee448fc3f7164808013b816ba91ac7e43bbe82a70bebac296f8bc6f0addaa1a?s=96&d=mm&r=g\",\"caption\":\"Edici\u00f3n Web\"},\"url\":\"https:\\\/\\\/canal7slp.tv\\\/2025\\\/author\\\/edicionweb\\\/\"}]}<\/script>\n<!-- \/ Yoast SEO plugin. -->","yoast_head_json":{"title":"En curso, proceso contra implicado en choque del R\u00edo Espa\u00f1ita que cobr\u00f3 la vida de una familia: Fiscal\u00eda - Canal 7 SLP - 2025","robots":{"index":"index","follow":"follow","max-snippet":"max-snippet:-1","max-image-preview":"max-image-preview:large","max-video-preview":"max-video-preview:-1"},"canonical":"https:\/\/canal7slp.tv\/2025\/en-curso-proceso-contra-implicado-en-choque-del-rio-espanita-que-cobro-la-vida-de-una-familia-fiscalia\/","og_locale":"es_ES","og_type":"article","og_title":"En curso, proceso contra implicado en choque del R\u00edo Espa\u00f1ita que cobr\u00f3 la vida de una familia: Fiscal\u00eda - Canal 7 SLP - 2025","og_description":"SLP.- Las versiones que circulan en redes sobre una posible liberaci\u00f3n del presunto responsable del accidente donde una familia perdi\u00f3 la vida en el R\u00edo Espa\u00f1ita no tienen sustento por ahora, de acuerdo con la Fiscal\u00eda General del Estado de San Luis Potos\u00ed. De hecho, se confirm\u00f3 que el proceso penal contin\u00faa en curso y sin indicios de que el acusado vaya a obtener su libertad. \u201cEn cuanto al accidente donde una familia completa perdi\u00f3 la vida nosotros ya judicializamos el asunto&#8230; Lo que ocurri\u00f3 fue que en ese momento cuando la persona iba a ser declarada result\u00f3 que estaba [&hellip;]","og_url":"https:\/\/canal7slp.tv\/2025\/en-curso-proceso-contra-implicado-en-choque-del-rio-espanita-que-cobro-la-vida-de-una-familia-fiscalia\/","og_site_name":"Canal 7 SLP - 2025","article_publisher":"https:\/\/www.facebook.com\/noticieroscanal7atencionciudadana\/","article_published_time":"2025-12-04T23:02:45+00:00","og_image":[{"width":1280,"height":720,"url":"https:\/\/canal7slp.tv\/2025\/wp-content\/uploads\/2025\/12\/Vazquez02Espanitia.jpg","type":"image\/jpeg"}],"author":"Edici\u00f3n Web","twitter_card":"summary_large_image","twitter_creator":"@NOTICIEROS7","twitter_site":"@NOTICIEROS7","twitter_misc":{"Escrito por":"Edici\u00f3n Web","Tiempo de lectura":"2 minutos"},"schema":{"@context":"https:\/\/schema.org","@graph":[{"@type":"Article","@id":"https:\/\/canal7slp.tv\/2025\/en-curso-proceso-contra-implicado-en-choque-del-rio-espanita-que-cobro-la-vida-de-una-familia-fiscalia\/#article","isPartOf":{"@id":"https:\/\/canal7slp.tv\/2025\/en-curso-proceso-contra-implicado-en-choque-del-rio-espanita-que-cobro-la-vida-de-una-familia-fiscalia\/"},"author":{"name":"Edici\u00f3n Web","@id":"https:\/\/canal7slp.tv\/2025\/#\/schema\/person\/271e2b60a96e7cc9d9ac296f4d7e414b"},"headline":"En curso, proceso contra implicado en choque del R\u00edo Espa\u00f1ita que cobr\u00f3 la vida de una familia: Fiscal\u00eda","datePublished":"2025-12-04T23:02:45+00:00","mainEntityOfPage":{"@id":"https:\/\/canal7slp.tv\/2025\/en-curso-proceso-contra-implicado-en-choque-del-rio-espanita-que-cobro-la-vida-de-una-familia-fiscalia\/"},"wordCount":240,"publisher":{"@id":"https:\/\/canal7slp.tv\/2025\/#organization"},"image":{"@id":"https:\/\/canal7slp.tv\/2025\/en-curso-proceso-contra-implicado-en-choque-del-rio-espanita-que-cobro-la-vida-de-una-familia-fiscalia\/#primaryimage"},"thumbnailUrl":"https:\/\/canal7slp.tv\/2025\/wp-content\/uploads\/2025\/12\/Vazquez02Espanitia.jpg","articleSection":["DESTACADAS","LOCALES Y REGIONALES"],"inLanguage":"es"},{"@type":"WebPage","@id":"https:\/\/canal7slp.tv\/2025\/en-curso-proceso-contra-implicado-en-choque-del-rio-espanita-que-cobro-la-vida-de-una-familia-fiscalia\/","url":"https:\/\/canal7slp.tv\/2025\/en-curso-proceso-contra-implicado-en-choque-del-rio-espanita-que-cobro-la-vida-de-una-familia-fiscalia\/","name":"En curso, proceso contra implicado en choque del R\u00edo Espa\u00f1ita que cobr\u00f3 la vida de una familia: Fiscal\u00eda - Canal 7 SLP - 2025","isPartOf":{"@id":"https:\/\/canal7slp.tv\/2025\/#website"},"primaryImageOfPage":{"@id":"https:\/\/canal7slp.tv\/2025\/en-curso-proceso-contra-implicado-en-choque-del-rio-espanita-que-cobro-la-vida-de-una-familia-fiscalia\/#primaryimage"},"image":{"@id":"https:\/\/canal7slp.tv\/2025\/en-curso-proceso-contra-implicado-en-choque-del-rio-espanita-que-cobro-la-vida-de-una-familia-fiscalia\/#primaryimage"},"thumbnailUrl":"https:\/\/canal7slp.tv\/2025\/wp-content\/uploads\/2025\/12\/Vazquez02Espanitia.jpg","datePublished":"2025-12-04T23:02:45+00:00","breadcrumb":{"@id":"https:\/\/canal7slp.tv\/2025\/en-curso-proceso-contra-implicado-en-choque-del-rio-espanita-que-cobro-la-vida-de-una-familia-fiscalia\/#breadcrumb"},"inLanguage":"es","potentialAction":[{"@type":"ReadAction","target":["https:\/\/canal7slp.tv\/2025\/en-curso-proceso-contra-implicado-en-choque-del-rio-espanita-que-cobro-la-vida-de-una-familia-fiscalia\/"]}]},{"@type":"ImageObject","inLanguage":"es","@id":"https:\/\/canal7slp.tv\/2025\/en-curso-proceso-contra-implicado-en-choque-del-rio-espanita-que-cobro-la-vida-de-una-familia-fiscalia\/#primaryimage","url":"https:\/\/canal7slp.tv\/2025\/wp-content\/uploads\/2025\/12\/Vazquez02Espanitia.jpg","contentUrl":"https:\/\/canal7slp.tv\/2025\/wp-content\/uploads\/2025\/12\/Vazquez02Espanitia.jpg","width":1280,"height":720},{"@type":"BreadcrumbList","@id":"https:\/\/canal7slp.tv\/2025\/en-curso-proceso-contra-implicado-en-choque-del-rio-espanita-que-cobro-la-vida-de-una-familia-fiscalia\/#breadcrumb","itemListElement":[{"@type":"ListItem","position":1,"name":"Portada","item":"https:\/\/canal7slp.tv\/2025\/"},{"@type":"ListItem","position":2,"name":"En curso, proceso contra implicado en choque del R\u00edo Espa\u00f1ita que cobr\u00f3 la vida de una familia: Fiscal\u00eda"}]},{"@type":"WebSite","@id":"https:\/\/canal7slp.tv\/2025\/#website","url":"https:\/\/canal7slp.tv\/2025\/","name":"N7 - Noticieros Canal 7","description":"Somos el Medio","publisher":{"@id":"https:\/\/canal7slp.tv\/2025\/#organization"},"potentialAction":[{"@type":"SearchAction","target":{"@type":"EntryPoint","urlTemplate":"https:\/\/canal7slp.tv\/2025\/?s={search_term_string}"},"query-input":{"@type":"PropertyValueSpecification","valueRequired":true,"valueName":"search_term_string"}}],"inLanguage":"es"},{"@type":"Organization","@id":"https:\/\/canal7slp.tv\/2025\/#organization","name":"Noticieros Canal 7","url":"https:\/\/canal7slp.tv\/2025\/","logo":{"@type":"ImageObject","inLanguage":"es","@id":"https:\/\/canal7slp.tv\/2025\/#\/schema\/logo\/image\/","url":"https:\/\/canal7slp.tv\/2025\/wp-content\/uploads\/2021\/01\/logo-noticieros@2x.png","contentUrl":"https:\/\/canal7slp.tv\/2025\/wp-content\/uploads\/2021\/01\/logo-noticieros@2x.png","width":1017,"height":268,"caption":"Noticieros Canal 7"},"image":{"@id":"https:\/\/canal7slp.tv\/2025\/#\/schema\/logo\/image\/"},"sameAs":["https:\/\/www.facebook.com\/noticieroscanal7atencionciudadana\/","https:\/\/x.com\/NOTICIEROS7","https:\/\/www.instagram.com\/canal7_slp","https:\/\/www.youtube.com\/channel\/UCliiYs-gP3JfJeqdPrNdd5A"]},{"@type":"Person","@id":"https:\/\/canal7slp.tv\/2025\/#\/schema\/person\/271e2b60a96e7cc9d9ac296f4d7e414b","name":"Edici\u00f3n Web","image":{"@type":"ImageObject","inLanguage":"es","@id":"https:\/\/secure.gravatar.com\/avatar\/eee448fc3f7164808013b816ba91ac7e43bbe82a70bebac296f8bc6f0addaa1a?s=96&d=mm&r=g","url":"https:\/\/secure.gravatar.com\/avatar\/eee448fc3f7164808013b816ba91ac7e43bbe82a70bebac296f8bc6f0addaa1a?s=96&d=mm&r=g","contentUrl":"https:\/\/secure.gravatar.com\/avatar\/eee448fc3f7164808013b816ba91ac7e43bbe82a70bebac296f8bc6f0addaa1a?s=96&d=mm&r=g","caption":"Edici\u00f3n Web"},"url":"https:\/\/canal7slp.tv\/2025\/author\/edicionweb\/"}]}},"_links":{"self":[{"href":"https:\/\/canal7slp.tv\/2025\/wp-json\/wp\/v2\/posts\/186986","targetHints":{"allow":["GET"]}}],"collection":[{"href":"https:\/\/canal7slp.tv\/2025\/wp-json\/wp\/v2\/posts"}],"about":[{"href":"https:\/\/canal7slp.tv\/2025\/wp-json\/wp\/v2\/types\/post"}],"author":[{"embeddable":true,"href":"https:\/\/canal7slp.tv\/2025\/wp-json\/wp\/v2\/users\/2"}],"replies":[{"embeddable":true,"href":"https:\/\/canal7slp.tv\/2025\/wp-json\/wp\/v2\/comments?post=186986"}],"version-history":[{"count":1,"href":"https:\/\/canal7slp.tv\/2025\/wp-json\/wp\/v2\/posts\/186986\/revisions"}],"predecessor-version":[{"id":186989,"href":"https:\/\/canal7slp.tv\/2025\/wp-json\/wp\/v2\/posts\/186986\/revisions\/186989"}],"wp:featuredmedia":[{"embeddable":true,"href":"https:\/\/canal7slp.tv\/2025\/wp-json\/wp\/v2\/media\/186988"}],"wp:attachment":[{"href":"https:\/\/canal7slp.tv\/2025\/wp-json\/wp\/v2\/media?parent=186986"}],"wp:term":[{"taxonomy":"category","embeddable":true,"href":"https:\/\/canal7slp.tv\/2025\/wp-json\/wp\/v2\/categories?post=186986"},{"taxonomy":"post_tag","embeddable":true,"href":"https:\/\/canal7slp.tv\/2025\/wp-json\/wp\/v2\/tags?post=186986"}],"curies":[{"name":"wp","href":"https:\/\/api.w.org\/{rel}","templated":true}]}}