{"id":186948,"date":"2025-12-04T15:11:32","date_gmt":"2025-12-04T21:11:32","guid":{"rendered":"https:\/\/canal7slp.tv\/2025\/?p=186948"},"modified":"2025-12-04T15:11:32","modified_gmt":"2025-12-04T21:11:32","slug":"eua-revoca-visa-alcalde-de-bc-en-medio-de-nuevas-cancelaciones-a-funcionarios","status":"publish","type":"post","link":"https:\/\/canal7slp.tv\/2025\/eua-revoca-visa-alcalde-de-bc-en-medio-de-nuevas-cancelaciones-a-funcionarios\/","title":{"rendered":"EUA revoca visa alcalde de BC en medio de nuevas cancelaciones a funcionarios"},"content":{"rendered":"<p style=\"text-align: justify;\">San Felipe.- El alcalde de San Felipe, Baja California, Jos\u00e9 Luis Dagnino L\u00f3pez, inform\u00f3 que el gobierno de Estados Unidos cancel\u00f3 su visa sin ofrecerle una explicaci\u00f3n formal.<\/p>\n<p style=\"text-align: justify;\">El edil, afiliado a Morena, dio a conocer la situaci\u00f3n a trav\u00e9s de redes sociales y asegur\u00f3 que ya inici\u00f3 gestiones para conocer las razones de la medida y seguir los cauces legales y diplom\u00e1ticos correspondientes.<\/p>\n<p style=\"text-align: justify;\">Tambi\u00e9n afirm\u00f3 que la revocaci\u00f3n no afectar\u00e1 sus labores en el municipio.<\/p>\n<p style=\"text-align: justify;\">Medios locales reportaron que el presidente municipal permaneci\u00f3 alrededor de 12 horas retenido en la garita de Calexico, California, cuando buscaba ingresar al vecino pa\u00eds para participar en un evento oficial en el que recibir\u00eda un donativo destinado al cuerpo de bomberos.<\/p>\n<p style=\"text-align: justify;\">La decisi\u00f3n se suma a otras cancelaciones de visas a funcionarios de Baja California. En mayo pasado, la gobernadora Marina del Pilar \u00c1vila Olmeda y su entonces esposo, Carlos Torres, tambi\u00e9n vieron revocados sus documentos.<\/p>\n<p style=\"text-align: justify;\">Adem\u00e1s, este jueves trascendi\u00f3 que el director general de Investigaci\u00f3n de la Agencia Nacional de Aduanas de M\u00e9xico, Alex Tonatiuh, fue objeto de la misma medida.<\/p>\n<p style=\"text-align: justify;\">De acuerdo con reportes period\u00edsticos, estas acciones forman parte de una pol\u00edtica estadounidense orientada a impedir el ingreso de personas consideradas riesgos potenciales para la seguridad, ya sea por presuntos v\u00ednculos con actividades criminales o por representar intereses contrarios a los de Washington.<\/p>\n","protected":false},"excerpt":{"rendered":"<p>San Felipe.- El alcalde de San Felipe, Baja California, Jos\u00e9 Luis Dagnino L\u00f3pez, inform\u00f3 que el gobierno de Estados Unidos cancel\u00f3 su visa sin ofrecerle una explicaci\u00f3n formal. El edil, afiliado a Morena, dio a conocer la situaci\u00f3n a trav\u00e9s de redes sociales y asegur\u00f3 que ya inici\u00f3 gestiones para conocer las razones de la medida y seguir los cauces legales y diplom\u00e1ticos correspondientes. Tambi\u00e9n afirm\u00f3 que la revocaci\u00f3n no afectar\u00e1 sus labores en el municipio. Medios locales reportaron que el presidente municipal permaneci\u00f3 alrededor de 12 horas retenido en la garita de Calexico, California, cuando buscaba ingresar al vecino [&hellip;]<\/p>\n","protected":false},"author":2,"featured_media":186949,"comment_status":"closed","ping_status":"closed","sticky":false,"template":"","format":"standard","meta":{"_monsterinsights_skip_tracking":false,"_monsterinsights_sitenote_active":false,"_monsterinsights_sitenote_note":"","_monsterinsights_sitenote_category":0,"footnotes":""},"categories":[46],"tags":[],"class_list":["post-186948","post","type-post","status-publish","format-standard","has-post-thumbnail","hentry","category-nacional","post--single"],"yoast_head":"<!-- This site is optimized with the Yoast SEO plugin v27.5 - https:\/\/yoast.com\/product\/yoast-seo-wordpress\/ -->\n<title>EUA revoca visa alcalde de BC en medio de nuevas cancelaciones a funcionarios - Canal 7 SLP - 2025<\/title>\n<meta name=\"robots\" content=\"index, follow, max-snippet:-1, max-image-preview:large, max-video-preview:-1\" \/>\n<link rel=\"canonical\" href=\"https:\/\/canal7slp.tv\/2025\/eua-revoca-visa-alcalde-de-bc-en-medio-de-nuevas-cancelaciones-a-funcionarios\/\" \/>\n<meta property=\"og:locale\" content=\"es_ES\" \/>\n<meta property=\"og:type\" content=\"article\" \/>\n<meta property=\"og:title\" content=\"EUA revoca visa alcalde de BC en medio de nuevas cancelaciones a funcionarios - Canal 7 SLP - 2025\" \/>\n<meta property=\"og:description\" content=\"San Felipe.- El alcalde de San Felipe, Baja California, Jos\u00e9 Luis Dagnino L\u00f3pez, inform\u00f3 que el gobierno de Estados Unidos cancel\u00f3 su visa sin ofrecerle una explicaci\u00f3n formal. El edil, afiliado a Morena, dio a conocer la situaci\u00f3n a trav\u00e9s de redes sociales y asegur\u00f3 que ya inici\u00f3 gestiones para conocer las razones de la medida y seguir los cauces legales y diplom\u00e1ticos correspondientes. Tambi\u00e9n afirm\u00f3 que la revocaci\u00f3n no afectar\u00e1 sus labores en el municipio. Medios locales reportaron que el presidente municipal permaneci\u00f3 alrededor de 12 horas retenido en la garita de Calexico, California, cuando buscaba ingresar al vecino [&hellip;]\" \/>\n<meta property=\"og:url\" content=\"https:\/\/canal7slp.tv\/2025\/eua-revoca-visa-alcalde-de-bc-en-medio-de-nuevas-cancelaciones-a-funcionarios\/\" \/>\n<meta property=\"og:site_name\" content=\"Canal 7 SLP - 2025\" \/>\n<meta property=\"article:publisher\" content=\"https:\/\/www.facebook.com\/noticieroscanal7atencionciudadana\/\" \/>\n<meta property=\"article:published_time\" content=\"2025-12-04T21:11:32+00:00\" \/>\n<meta property=\"og:image\" content=\"https:\/\/canal7slp.tv\/2025\/wp-content\/uploads\/2025\/12\/06-3.jpg\" \/>\n\t<meta property=\"og:image:width\" content=\"750\" \/>\n\t<meta property=\"og:image:height\" content=\"500\" \/>\n\t<meta property=\"og:image:type\" content=\"image\/jpeg\" \/>\n<meta name=\"author\" content=\"Edici\u00f3n Web\" \/>\n<meta name=\"twitter:card\" content=\"summary_large_image\" \/>\n<meta name=\"twitter:creator\" content=\"@NOTICIEROS7\" \/>\n<meta name=\"twitter:site\" content=\"@NOTICIEROS7\" \/>\n<meta name=\"twitter:label1\" content=\"Escrito por\" \/>\n\t<meta name=\"twitter:data1\" content=\"Edici\u00f3n Web\" \/>\n\t<meta name=\"twitter:label2\" content=\"Tiempo de lectura\" \/>\n\t<meta name=\"twitter:data2\" content=\"2 minutos\" \/>\n<script type=\"application\/ld+json\" class=\"yoast-schema-graph\">{\"@context\":\"https:\\\/\\\/schema.org\",\"@graph\":[{\"@type\":\"Article\",\"@id\":\"https:\\\/\\\/canal7slp.tv\\\/2025\\\/eua-revoca-visa-alcalde-de-bc-en-medio-de-nuevas-cancelaciones-a-funcionarios\\\/#article\",\"isPartOf\":{\"@id\":\"https:\\\/\\\/canal7slp.tv\\\/2025\\\/eua-revoca-visa-alcalde-de-bc-en-medio-de-nuevas-cancelaciones-a-funcionarios\\\/\"},\"author\":{\"name\":\"Edici\u00f3n Web\",\"@id\":\"https:\\\/\\\/canal7slp.tv\\\/2025\\\/#\\\/schema\\\/person\\\/271e2b60a96e7cc9d9ac296f4d7e414b\"},\"headline\":\"EUA revoca visa alcalde de BC en medio de nuevas cancelaciones a funcionarios\",\"datePublished\":\"2025-12-04T21:11:32+00:00\",\"mainEntityOfPage\":{\"@id\":\"https:\\\/\\\/canal7slp.tv\\\/2025\\\/eua-revoca-visa-alcalde-de-bc-en-medio-de-nuevas-cancelaciones-a-funcionarios\\\/\"},\"wordCount\":252,\"publisher\":{\"@id\":\"https:\\\/\\\/canal7slp.tv\\\/2025\\\/#organization\"},\"image\":{\"@id\":\"https:\\\/\\\/canal7slp.tv\\\/2025\\\/eua-revoca-visa-alcalde-de-bc-en-medio-de-nuevas-cancelaciones-a-funcionarios\\\/#primaryimage\"},\"thumbnailUrl\":\"https:\\\/\\\/canal7slp.tv\\\/2025\\\/wp-content\\\/uploads\\\/2025\\\/12\\\/06-3.jpg\",\"articleSection\":[\"NACIONALES\"],\"inLanguage\":\"es\"},{\"@type\":\"WebPage\",\"@id\":\"https:\\\/\\\/canal7slp.tv\\\/2025\\\/eua-revoca-visa-alcalde-de-bc-en-medio-de-nuevas-cancelaciones-a-funcionarios\\\/\",\"url\":\"https:\\\/\\\/canal7slp.tv\\\/2025\\\/eua-revoca-visa-alcalde-de-bc-en-medio-de-nuevas-cancelaciones-a-funcionarios\\\/\",\"name\":\"EUA revoca visa alcalde de BC en medio de nuevas cancelaciones a funcionarios - Canal 7 SLP - 2025\",\"isPartOf\":{\"@id\":\"https:\\\/\\\/canal7slp.tv\\\/2025\\\/#website\"},\"primaryImageOfPage\":{\"@id\":\"https:\\\/\\\/canal7slp.tv\\\/2025\\\/eua-revoca-visa-alcalde-de-bc-en-medio-de-nuevas-cancelaciones-a-funcionarios\\\/#primaryimage\"},\"image\":{\"@id\":\"https:\\\/\\\/canal7slp.tv\\\/2025\\\/eua-revoca-visa-alcalde-de-bc-en-medio-de-nuevas-cancelaciones-a-funcionarios\\\/#primaryimage\"},\"thumbnailUrl\":\"https:\\\/\\\/canal7slp.tv\\\/2025\\\/wp-content\\\/uploads\\\/2025\\\/12\\\/06-3.jpg\",\"datePublished\":\"2025-12-04T21:11:32+00:00\",\"breadcrumb\":{\"@id\":\"https:\\\/\\\/canal7slp.tv\\\/2025\\\/eua-revoca-visa-alcalde-de-bc-en-medio-de-nuevas-cancelaciones-a-funcionarios\\\/#breadcrumb\"},\"inLanguage\":\"es\",\"potentialAction\":[{\"@type\":\"ReadAction\",\"target\":[\"https:\\\/\\\/canal7slp.tv\\\/2025\\\/eua-revoca-visa-alcalde-de-bc-en-medio-de-nuevas-cancelaciones-a-funcionarios\\\/\"]}]},{\"@type\":\"ImageObject\",\"inLanguage\":\"es\",\"@id\":\"https:\\\/\\\/canal7slp.tv\\\/2025\\\/eua-revoca-visa-alcalde-de-bc-en-medio-de-nuevas-cancelaciones-a-funcionarios\\\/#primaryimage\",\"url\":\"https:\\\/\\\/canal7slp.tv\\\/2025\\\/wp-content\\\/uploads\\\/2025\\\/12\\\/06-3.jpg\",\"contentUrl\":\"https:\\\/\\\/canal7slp.tv\\\/2025\\\/wp-content\\\/uploads\\\/2025\\\/12\\\/06-3.jpg\",\"width\":750,\"height\":500},{\"@type\":\"BreadcrumbList\",\"@id\":\"https:\\\/\\\/canal7slp.tv\\\/2025\\\/eua-revoca-visa-alcalde-de-bc-en-medio-de-nuevas-cancelaciones-a-funcionarios\\\/#breadcrumb\",\"itemListElement\":[{\"@type\":\"ListItem\",\"position\":1,\"name\":\"Portada\",\"item\":\"https:\\\/\\\/canal7slp.tv\\\/2025\\\/\"},{\"@type\":\"ListItem\",\"position\":2,\"name\":\"EUA revoca visa alcalde de BC en medio de nuevas cancelaciones a funcionarios\"}]},{\"@type\":\"WebSite\",\"@id\":\"https:\\\/\\\/canal7slp.tv\\\/2025\\\/#website\",\"url\":\"https:\\\/\\\/canal7slp.tv\\\/2025\\\/\",\"name\":\"N7 - Noticieros Canal 7\",\"description\":\"Somos el Medio\",\"publisher\":{\"@id\":\"https:\\\/\\\/canal7slp.tv\\\/2025\\\/#organization\"},\"potentialAction\":[{\"@type\":\"SearchAction\",\"target\":{\"@type\":\"EntryPoint\",\"urlTemplate\":\"https:\\\/\\\/canal7slp.tv\\\/2025\\\/?s={search_term_string}\"},\"query-input\":{\"@type\":\"PropertyValueSpecification\",\"valueRequired\":true,\"valueName\":\"search_term_string\"}}],\"inLanguage\":\"es\"},{\"@type\":\"Organization\",\"@id\":\"https:\\\/\\\/canal7slp.tv\\\/2025\\\/#organization\",\"name\":\"Noticieros Canal 7\",\"url\":\"https:\\\/\\\/canal7slp.tv\\\/2025\\\/\",\"logo\":{\"@type\":\"ImageObject\",\"inLanguage\":\"es\",\"@id\":\"https:\\\/\\\/canal7slp.tv\\\/2025\\\/#\\\/schema\\\/logo\\\/image\\\/\",\"url\":\"https:\\\/\\\/canal7slp.tv\\\/2025\\\/wp-content\\\/uploads\\\/2021\\\/01\\\/logo-noticieros@2x.png\",\"contentUrl\":\"https:\\\/\\\/canal7slp.tv\\\/2025\\\/wp-content\\\/uploads\\\/2021\\\/01\\\/logo-noticieros@2x.png\",\"width\":1017,\"height\":268,\"caption\":\"Noticieros Canal 7\"},\"image\":{\"@id\":\"https:\\\/\\\/canal7slp.tv\\\/2025\\\/#\\\/schema\\\/logo\\\/image\\\/\"},\"sameAs\":[\"https:\\\/\\\/www.facebook.com\\\/noticieroscanal7atencionciudadana\\\/\",\"https:\\\/\\\/x.com\\\/NOTICIEROS7\",\"https:\\\/\\\/www.instagram.com\\\/canal7_slp\",\"https:\\\/\\\/www.youtube.com\\\/channel\\\/UCliiYs-gP3JfJeqdPrNdd5A\"]},{\"@type\":\"Person\",\"@id\":\"https:\\\/\\\/canal7slp.tv\\\/2025\\\/#\\\/schema\\\/person\\\/271e2b60a96e7cc9d9ac296f4d7e414b\",\"name\":\"Edici\u00f3n Web\",\"image\":{\"@type\":\"ImageObject\",\"inLanguage\":\"es\",\"@id\":\"https:\\\/\\\/secure.gravatar.com\\\/avatar\\\/eee448fc3f7164808013b816ba91ac7e43bbe82a70bebac296f8bc6f0addaa1a?s=96&d=mm&r=g\",\"url\":\"https:\\\/\\\/secure.gravatar.com\\\/avatar\\\/eee448fc3f7164808013b816ba91ac7e43bbe82a70bebac296f8bc6f0addaa1a?s=96&d=mm&r=g\",\"contentUrl\":\"https:\\\/\\\/secure.gravatar.com\\\/avatar\\\/eee448fc3f7164808013b816ba91ac7e43bbe82a70bebac296f8bc6f0addaa1a?s=96&d=mm&r=g\",\"caption\":\"Edici\u00f3n Web\"},\"url\":\"https:\\\/\\\/canal7slp.tv\\\/2025\\\/author\\\/edicionweb\\\/\"}]}<\/script>\n<!-- \/ Yoast SEO plugin. -->","yoast_head_json":{"title":"EUA revoca visa alcalde de BC en medio de nuevas cancelaciones a funcionarios - Canal 7 SLP - 2025","robots":{"index":"index","follow":"follow","max-snippet":"max-snippet:-1","max-image-preview":"max-image-preview:large","max-video-preview":"max-video-preview:-1"},"canonical":"https:\/\/canal7slp.tv\/2025\/eua-revoca-visa-alcalde-de-bc-en-medio-de-nuevas-cancelaciones-a-funcionarios\/","og_locale":"es_ES","og_type":"article","og_title":"EUA revoca visa alcalde de BC en medio de nuevas cancelaciones a funcionarios - Canal 7 SLP - 2025","og_description":"San Felipe.- El alcalde de San Felipe, Baja California, Jos\u00e9 Luis Dagnino L\u00f3pez, inform\u00f3 que el gobierno de Estados Unidos cancel\u00f3 su visa sin ofrecerle una explicaci\u00f3n formal. El edil, afiliado a Morena, dio a conocer la situaci\u00f3n a trav\u00e9s de redes sociales y asegur\u00f3 que ya inici\u00f3 gestiones para conocer las razones de la medida y seguir los cauces legales y diplom\u00e1ticos correspondientes. Tambi\u00e9n afirm\u00f3 que la revocaci\u00f3n no afectar\u00e1 sus labores en el municipio. Medios locales reportaron que el presidente municipal permaneci\u00f3 alrededor de 12 horas retenido en la garita de Calexico, California, cuando buscaba ingresar al vecino [&hellip;]","og_url":"https:\/\/canal7slp.tv\/2025\/eua-revoca-visa-alcalde-de-bc-en-medio-de-nuevas-cancelaciones-a-funcionarios\/","og_site_name":"Canal 7 SLP - 2025","article_publisher":"https:\/\/www.facebook.com\/noticieroscanal7atencionciudadana\/","article_published_time":"2025-12-04T21:11:32+00:00","og_image":[{"width":750,"height":500,"url":"https:\/\/canal7slp.tv\/2025\/wp-content\/uploads\/2025\/12\/06-3.jpg","type":"image\/jpeg"}],"author":"Edici\u00f3n Web","twitter_card":"summary_large_image","twitter_creator":"@NOTICIEROS7","twitter_site":"@NOTICIEROS7","twitter_misc":{"Escrito por":"Edici\u00f3n Web","Tiempo de lectura":"2 minutos"},"schema":{"@context":"https:\/\/schema.org","@graph":[{"@type":"Article","@id":"https:\/\/canal7slp.tv\/2025\/eua-revoca-visa-alcalde-de-bc-en-medio-de-nuevas-cancelaciones-a-funcionarios\/#article","isPartOf":{"@id":"https:\/\/canal7slp.tv\/2025\/eua-revoca-visa-alcalde-de-bc-en-medio-de-nuevas-cancelaciones-a-funcionarios\/"},"author":{"name":"Edici\u00f3n Web","@id":"https:\/\/canal7slp.tv\/2025\/#\/schema\/person\/271e2b60a96e7cc9d9ac296f4d7e414b"},"headline":"EUA revoca visa alcalde de BC en medio de nuevas cancelaciones a funcionarios","datePublished":"2025-12-04T21:11:32+00:00","mainEntityOfPage":{"@id":"https:\/\/canal7slp.tv\/2025\/eua-revoca-visa-alcalde-de-bc-en-medio-de-nuevas-cancelaciones-a-funcionarios\/"},"wordCount":252,"publisher":{"@id":"https:\/\/canal7slp.tv\/2025\/#organization"},"image":{"@id":"https:\/\/canal7slp.tv\/2025\/eua-revoca-visa-alcalde-de-bc-en-medio-de-nuevas-cancelaciones-a-funcionarios\/#primaryimage"},"thumbnailUrl":"https:\/\/canal7slp.tv\/2025\/wp-content\/uploads\/2025\/12\/06-3.jpg","articleSection":["NACIONALES"],"inLanguage":"es"},{"@type":"WebPage","@id":"https:\/\/canal7slp.tv\/2025\/eua-revoca-visa-alcalde-de-bc-en-medio-de-nuevas-cancelaciones-a-funcionarios\/","url":"https:\/\/canal7slp.tv\/2025\/eua-revoca-visa-alcalde-de-bc-en-medio-de-nuevas-cancelaciones-a-funcionarios\/","name":"EUA revoca visa alcalde de BC en medio de nuevas cancelaciones a funcionarios - Canal 7 SLP - 2025","isPartOf":{"@id":"https:\/\/canal7slp.tv\/2025\/#website"},"primaryImageOfPage":{"@id":"https:\/\/canal7slp.tv\/2025\/eua-revoca-visa-alcalde-de-bc-en-medio-de-nuevas-cancelaciones-a-funcionarios\/#primaryimage"},"image":{"@id":"https:\/\/canal7slp.tv\/2025\/eua-revoca-visa-alcalde-de-bc-en-medio-de-nuevas-cancelaciones-a-funcionarios\/#primaryimage"},"thumbnailUrl":"https:\/\/canal7slp.tv\/2025\/wp-content\/uploads\/2025\/12\/06-3.jpg","datePublished":"2025-12-04T21:11:32+00:00","breadcrumb":{"@id":"https:\/\/canal7slp.tv\/2025\/eua-revoca-visa-alcalde-de-bc-en-medio-de-nuevas-cancelaciones-a-funcionarios\/#breadcrumb"},"inLanguage":"es","potentialAction":[{"@type":"ReadAction","target":["https:\/\/canal7slp.tv\/2025\/eua-revoca-visa-alcalde-de-bc-en-medio-de-nuevas-cancelaciones-a-funcionarios\/"]}]},{"@type":"ImageObject","inLanguage":"es","@id":"https:\/\/canal7slp.tv\/2025\/eua-revoca-visa-alcalde-de-bc-en-medio-de-nuevas-cancelaciones-a-funcionarios\/#primaryimage","url":"https:\/\/canal7slp.tv\/2025\/wp-content\/uploads\/2025\/12\/06-3.jpg","contentUrl":"https:\/\/canal7slp.tv\/2025\/wp-content\/uploads\/2025\/12\/06-3.jpg","width":750,"height":500},{"@type":"BreadcrumbList","@id":"https:\/\/canal7slp.tv\/2025\/eua-revoca-visa-alcalde-de-bc-en-medio-de-nuevas-cancelaciones-a-funcionarios\/#breadcrumb","itemListElement":[{"@type":"ListItem","position":1,"name":"Portada","item":"https:\/\/canal7slp.tv\/2025\/"},{"@type":"ListItem","position":2,"name":"EUA revoca visa alcalde de BC en medio de nuevas cancelaciones a funcionarios"}]},{"@type":"WebSite","@id":"https:\/\/canal7slp.tv\/2025\/#website","url":"https:\/\/canal7slp.tv\/2025\/","name":"N7 - Noticieros Canal 7","description":"Somos el Medio","publisher":{"@id":"https:\/\/canal7slp.tv\/2025\/#organization"},"potentialAction":[{"@type":"SearchAction","target":{"@type":"EntryPoint","urlTemplate":"https:\/\/canal7slp.tv\/2025\/?s={search_term_string}"},"query-input":{"@type":"PropertyValueSpecification","valueRequired":true,"valueName":"search_term_string"}}],"inLanguage":"es"},{"@type":"Organization","@id":"https:\/\/canal7slp.tv\/2025\/#organization","name":"Noticieros Canal 7","url":"https:\/\/canal7slp.tv\/2025\/","logo":{"@type":"ImageObject","inLanguage":"es","@id":"https:\/\/canal7slp.tv\/2025\/#\/schema\/logo\/image\/","url":"https:\/\/canal7slp.tv\/2025\/wp-content\/uploads\/2021\/01\/logo-noticieros@2x.png","contentUrl":"https:\/\/canal7slp.tv\/2025\/wp-content\/uploads\/2021\/01\/logo-noticieros@2x.png","width":1017,"height":268,"caption":"Noticieros Canal 7"},"image":{"@id":"https:\/\/canal7slp.tv\/2025\/#\/schema\/logo\/image\/"},"sameAs":["https:\/\/www.facebook.com\/noticieroscanal7atencionciudadana\/","https:\/\/x.com\/NOTICIEROS7","https:\/\/www.instagram.com\/canal7_slp","https:\/\/www.youtube.com\/channel\/UCliiYs-gP3JfJeqdPrNdd5A"]},{"@type":"Person","@id":"https:\/\/canal7slp.tv\/2025\/#\/schema\/person\/271e2b60a96e7cc9d9ac296f4d7e414b","name":"Edici\u00f3n Web","image":{"@type":"ImageObject","inLanguage":"es","@id":"https:\/\/secure.gravatar.com\/avatar\/eee448fc3f7164808013b816ba91ac7e43bbe82a70bebac296f8bc6f0addaa1a?s=96&d=mm&r=g","url":"https:\/\/secure.gravatar.com\/avatar\/eee448fc3f7164808013b816ba91ac7e43bbe82a70bebac296f8bc6f0addaa1a?s=96&d=mm&r=g","contentUrl":"https:\/\/secure.gravatar.com\/avatar\/eee448fc3f7164808013b816ba91ac7e43bbe82a70bebac296f8bc6f0addaa1a?s=96&d=mm&r=g","caption":"Edici\u00f3n Web"},"url":"https:\/\/canal7slp.tv\/2025\/author\/edicionweb\/"}]}},"_links":{"self":[{"href":"https:\/\/canal7slp.tv\/2025\/wp-json\/wp\/v2\/posts\/186948","targetHints":{"allow":["GET"]}}],"collection":[{"href":"https:\/\/canal7slp.tv\/2025\/wp-json\/wp\/v2\/posts"}],"about":[{"href":"https:\/\/canal7slp.tv\/2025\/wp-json\/wp\/v2\/types\/post"}],"author":[{"embeddable":true,"href":"https:\/\/canal7slp.tv\/2025\/wp-json\/wp\/v2\/users\/2"}],"replies":[{"embeddable":true,"href":"https:\/\/canal7slp.tv\/2025\/wp-json\/wp\/v2\/comments?post=186948"}],"version-history":[{"count":2,"href":"https:\/\/canal7slp.tv\/2025\/wp-json\/wp\/v2\/posts\/186948\/revisions"}],"predecessor-version":[{"id":186951,"href":"https:\/\/canal7slp.tv\/2025\/wp-json\/wp\/v2\/posts\/186948\/revisions\/186951"}],"wp:featuredmedia":[{"embeddable":true,"href":"https:\/\/canal7slp.tv\/2025\/wp-json\/wp\/v2\/media\/186949"}],"wp:attachment":[{"href":"https:\/\/canal7slp.tv\/2025\/wp-json\/wp\/v2\/media?parent=186948"}],"wp:term":[{"taxonomy":"category","embeddable":true,"href":"https:\/\/canal7slp.tv\/2025\/wp-json\/wp\/v2\/categories?post=186948"},{"taxonomy":"post_tag","embeddable":true,"href":"https:\/\/canal7slp.tv\/2025\/wp-json\/wp\/v2\/tags?post=186948"}],"curies":[{"name":"wp","href":"https:\/\/api.w.org\/{rel}","templated":true}]}}