{"id":186914,"date":"2025-12-03T20:38:47","date_gmt":"2025-12-04T02:38:47","guid":{"rendered":"https:\/\/canal7slp.tv\/2025\/?p=186914"},"modified":"2025-12-03T20:38:47","modified_gmt":"2025-12-04T02:38:47","slug":"alcalde-capitalino-afirma-que-iniciara-el-2026-con-grandes-obras-de-infraestructura","status":"publish","type":"post","link":"https:\/\/canal7slp.tv\/2025\/alcalde-capitalino-afirma-que-iniciara-el-2026-con-grandes-obras-de-infraestructura\/","title":{"rendered":"Alcalde capitalino afirma que iniciar\u00e1 el 2026 con grandes obras de infraestructura"},"content":{"rendered":"<p style=\"text-align: justify;\"><span style=\"font-size: 1.21429rem;\">SLP.- El presidente municipal capitalino Enrique Galindo Ceballos confirm\u00f3 la realizaci\u00f3n de tres grandes obras de infraestructura para iniciar el 2026 y que dijo, estar\u00e1n encaminadas a dar soluci\u00f3n en temas de urbanidad en la zona metropolitana.<\/span><\/p>\n<p style=\"text-align: justify;\">Se\u00f1al\u00f3 que estos proyectos contemplan tambi\u00e9n un paso a desnivel en el bulevard del R\u00edo Espa\u00f1ita.<\/p>\n<p style=\"text-align: justify;\">El edil capitalino se\u00f1al\u00f3 que algunos de estos proyectos se tiene previsto desarrollarse en conjunto con el gobierno del estado.<\/p>\n<p style=\"text-align: justify;\">Asimismo, asegur\u00f3 que independientemente de estas obras de infraestructura proyectadas se har\u00e1 tambi\u00e9n obras en muchas colonias de la zona metropolitana.<\/p>\n<p>Por: Claudio Ibarra<\/p>\n","protected":false},"excerpt":{"rendered":"<p>SLP.- El presidente municipal capitalino Enrique Galindo Ceballos confirm\u00f3 la realizaci\u00f3n de tres grandes obras de infraestructura para iniciar el 2026 y que dijo, estar\u00e1n encaminadas a dar soluci\u00f3n en temas de urbanidad en la zona metropolitana. Se\u00f1al\u00f3 que estos proyectos contemplan tambi\u00e9n un paso a desnivel en el bulevard del R\u00edo Espa\u00f1ita. El edil capitalino se\u00f1al\u00f3 que algunos de estos proyectos se tiene previsto desarrollarse en conjunto con el gobierno del estado. Asimismo, asegur\u00f3 que independientemente de estas obras de infraestructura proyectadas se har\u00e1 tambi\u00e9n obras en muchas colonias de la zona metropolitana. Por: Claudio Ibarra<\/p>\n","protected":false},"author":2,"featured_media":186924,"comment_status":"closed","ping_status":"closed","sticky":false,"template":"","format":"video","meta":{"_monsterinsights_skip_tracking":false,"_monsterinsights_sitenote_active":false,"_monsterinsights_sitenote_note":"","_monsterinsights_sitenote_category":0,"footnotes":""},"categories":[66,5,45],"tags":[],"class_list":["post-186914","post","type-post","status-publish","format-video","has-post-thumbnail","hentry","category-ayoslp","category-destacadas","category-localesyregionales","post_format-post-format-video","post--single"],"yoast_head":"<!-- This site is optimized with the Yoast SEO plugin v27.4 - https:\/\/yoast.com\/product\/yoast-seo-wordpress\/ -->\n<title>Alcalde capitalino afirma que iniciar\u00e1 el 2026 con grandes obras de infraestructura - Canal 7 SLP - 2025<\/title>\n<meta name=\"robots\" content=\"index, follow, max-snippet:-1, max-image-preview:large, max-video-preview:-1\" \/>\n<link rel=\"canonical\" href=\"https:\/\/canal7slp.tv\/2025\/alcalde-capitalino-afirma-que-iniciara-el-2026-con-grandes-obras-de-infraestructura\/\" \/>\n<meta property=\"og:locale\" content=\"es_ES\" \/>\n<meta property=\"og:type\" content=\"article\" \/>\n<meta property=\"og:title\" content=\"Alcalde capitalino afirma que iniciar\u00e1 el 2026 con grandes obras de infraestructura - Canal 7 SLP - 2025\" \/>\n<meta property=\"og:description\" content=\"SLP.- El presidente municipal capitalino Enrique Galindo Ceballos confirm\u00f3 la realizaci\u00f3n de tres grandes obras de infraestructura para iniciar el 2026 y que dijo, estar\u00e1n encaminadas a dar soluci\u00f3n en temas de urbanidad en la zona metropolitana. Se\u00f1al\u00f3 que estos proyectos contemplan tambi\u00e9n un paso a desnivel en el bulevard del R\u00edo Espa\u00f1ita. El edil capitalino se\u00f1al\u00f3 que algunos de estos proyectos se tiene previsto desarrollarse en conjunto con el gobierno del estado. Asimismo, asegur\u00f3 que independientemente de estas obras de infraestructura proyectadas se har\u00e1 tambi\u00e9n obras en muchas colonias de la zona metropolitana. Por: Claudio Ibarra\" \/>\n<meta property=\"og:url\" content=\"https:\/\/canal7slp.tv\/2025\/alcalde-capitalino-afirma-que-iniciara-el-2026-con-grandes-obras-de-infraestructura\/\" \/>\n<meta property=\"og:site_name\" content=\"Canal 7 SLP - 2025\" \/>\n<meta property=\"article:publisher\" content=\"https:\/\/www.facebook.com\/noticieroscanal7atencionciudadana\/\" \/>\n<meta property=\"article:published_time\" content=\"2025-12-04T02:38:47+00:00\" \/>\n<meta property=\"og:image\" content=\"https:\/\/canal7slp.tv\/2025\/wp-content\/uploads\/2025\/12\/Claudio03Obras2026.jpg\" \/>\n\t<meta property=\"og:image:width\" content=\"1280\" \/>\n\t<meta property=\"og:image:height\" content=\"720\" \/>\n\t<meta property=\"og:image:type\" content=\"image\/jpeg\" \/>\n<meta name=\"author\" content=\"Edici\u00f3n Web\" \/>\n<meta name=\"twitter:card\" content=\"summary_large_image\" \/>\n<meta name=\"twitter:creator\" content=\"@NOTICIEROS7\" \/>\n<meta name=\"twitter:site\" content=\"@NOTICIEROS7\" \/>\n<meta name=\"twitter:label1\" content=\"Escrito por\" \/>\n\t<meta name=\"twitter:data1\" content=\"Edici\u00f3n Web\" \/>\n\t<meta name=\"twitter:label2\" content=\"Tiempo de lectura\" \/>\n\t<meta name=\"twitter:data2\" content=\"1 minuto\" \/>\n<script type=\"application\/ld+json\" class=\"yoast-schema-graph\">{\"@context\":\"https:\\\/\\\/schema.org\",\"@graph\":[{\"@type\":\"Article\",\"@id\":\"https:\\\/\\\/canal7slp.tv\\\/2025\\\/alcalde-capitalino-afirma-que-iniciara-el-2026-con-grandes-obras-de-infraestructura\\\/#article\",\"isPartOf\":{\"@id\":\"https:\\\/\\\/canal7slp.tv\\\/2025\\\/alcalde-capitalino-afirma-que-iniciara-el-2026-con-grandes-obras-de-infraestructura\\\/\"},\"author\":{\"name\":\"Edici\u00f3n Web\",\"@id\":\"https:\\\/\\\/canal7slp.tv\\\/2025\\\/#\\\/schema\\\/person\\\/271e2b60a96e7cc9d9ac296f4d7e414b\"},\"headline\":\"Alcalde capitalino afirma que iniciar\u00e1 el 2026 con grandes obras de infraestructura\",\"datePublished\":\"2025-12-04T02:38:47+00:00\",\"mainEntityOfPage\":{\"@id\":\"https:\\\/\\\/canal7slp.tv\\\/2025\\\/alcalde-capitalino-afirma-que-iniciara-el-2026-con-grandes-obras-de-infraestructura\\\/\"},\"wordCount\":117,\"publisher\":{\"@id\":\"https:\\\/\\\/canal7slp.tv\\\/2025\\\/#organization\"},\"image\":{\"@id\":\"https:\\\/\\\/canal7slp.tv\\\/2025\\\/alcalde-capitalino-afirma-que-iniciara-el-2026-con-grandes-obras-de-infraestructura\\\/#primaryimage\"},\"thumbnailUrl\":\"https:\\\/\\\/canal7slp.tv\\\/2025\\\/wp-content\\\/uploads\\\/2025\\\/12\\\/Claudio03Obras2026.jpg\",\"articleSection\":[\"AYOSLP\",\"DESTACADAS\",\"LOCALES Y REGIONALES\"],\"inLanguage\":\"es\"},{\"@type\":\"WebPage\",\"@id\":\"https:\\\/\\\/canal7slp.tv\\\/2025\\\/alcalde-capitalino-afirma-que-iniciara-el-2026-con-grandes-obras-de-infraestructura\\\/\",\"url\":\"https:\\\/\\\/canal7slp.tv\\\/2025\\\/alcalde-capitalino-afirma-que-iniciara-el-2026-con-grandes-obras-de-infraestructura\\\/\",\"name\":\"Alcalde capitalino afirma que iniciar\u00e1 el 2026 con grandes obras de infraestructura - Canal 7 SLP - 2025\",\"isPartOf\":{\"@id\":\"https:\\\/\\\/canal7slp.tv\\\/2025\\\/#website\"},\"primaryImageOfPage\":{\"@id\":\"https:\\\/\\\/canal7slp.tv\\\/2025\\\/alcalde-capitalino-afirma-que-iniciara-el-2026-con-grandes-obras-de-infraestructura\\\/#primaryimage\"},\"image\":{\"@id\":\"https:\\\/\\\/canal7slp.tv\\\/2025\\\/alcalde-capitalino-afirma-que-iniciara-el-2026-con-grandes-obras-de-infraestructura\\\/#primaryimage\"},\"thumbnailUrl\":\"https:\\\/\\\/canal7slp.tv\\\/2025\\\/wp-content\\\/uploads\\\/2025\\\/12\\\/Claudio03Obras2026.jpg\",\"datePublished\":\"2025-12-04T02:38:47+00:00\",\"breadcrumb\":{\"@id\":\"https:\\\/\\\/canal7slp.tv\\\/2025\\\/alcalde-capitalino-afirma-que-iniciara-el-2026-con-grandes-obras-de-infraestructura\\\/#breadcrumb\"},\"inLanguage\":\"es\",\"potentialAction\":[{\"@type\":\"ReadAction\",\"target\":[\"https:\\\/\\\/canal7slp.tv\\\/2025\\\/alcalde-capitalino-afirma-que-iniciara-el-2026-con-grandes-obras-de-infraestructura\\\/\"]}]},{\"@type\":\"ImageObject\",\"inLanguage\":\"es\",\"@id\":\"https:\\\/\\\/canal7slp.tv\\\/2025\\\/alcalde-capitalino-afirma-que-iniciara-el-2026-con-grandes-obras-de-infraestructura\\\/#primaryimage\",\"url\":\"https:\\\/\\\/canal7slp.tv\\\/2025\\\/wp-content\\\/uploads\\\/2025\\\/12\\\/Claudio03Obras2026.jpg\",\"contentUrl\":\"https:\\\/\\\/canal7slp.tv\\\/2025\\\/wp-content\\\/uploads\\\/2025\\\/12\\\/Claudio03Obras2026.jpg\",\"width\":1280,\"height\":720},{\"@type\":\"BreadcrumbList\",\"@id\":\"https:\\\/\\\/canal7slp.tv\\\/2025\\\/alcalde-capitalino-afirma-que-iniciara-el-2026-con-grandes-obras-de-infraestructura\\\/#breadcrumb\",\"itemListElement\":[{\"@type\":\"ListItem\",\"position\":1,\"name\":\"Portada\",\"item\":\"https:\\\/\\\/canal7slp.tv\\\/2025\\\/\"},{\"@type\":\"ListItem\",\"position\":2,\"name\":\"Alcalde capitalino afirma que iniciar\u00e1 el 2026 con grandes obras de infraestructura\"}]},{\"@type\":\"WebSite\",\"@id\":\"https:\\\/\\\/canal7slp.tv\\\/2025\\\/#website\",\"url\":\"https:\\\/\\\/canal7slp.tv\\\/2025\\\/\",\"name\":\"N7 - Noticieros Canal 7\",\"description\":\"Somos el Medio\",\"publisher\":{\"@id\":\"https:\\\/\\\/canal7slp.tv\\\/2025\\\/#organization\"},\"potentialAction\":[{\"@type\":\"SearchAction\",\"target\":{\"@type\":\"EntryPoint\",\"urlTemplate\":\"https:\\\/\\\/canal7slp.tv\\\/2025\\\/?s={search_term_string}\"},\"query-input\":{\"@type\":\"PropertyValueSpecification\",\"valueRequired\":true,\"valueName\":\"search_term_string\"}}],\"inLanguage\":\"es\"},{\"@type\":\"Organization\",\"@id\":\"https:\\\/\\\/canal7slp.tv\\\/2025\\\/#organization\",\"name\":\"Noticieros Canal 7\",\"url\":\"https:\\\/\\\/canal7slp.tv\\\/2025\\\/\",\"logo\":{\"@type\":\"ImageObject\",\"inLanguage\":\"es\",\"@id\":\"https:\\\/\\\/canal7slp.tv\\\/2025\\\/#\\\/schema\\\/logo\\\/image\\\/\",\"url\":\"https:\\\/\\\/canal7slp.tv\\\/2025\\\/wp-content\\\/uploads\\\/2021\\\/01\\\/logo-noticieros@2x.png\",\"contentUrl\":\"https:\\\/\\\/canal7slp.tv\\\/2025\\\/wp-content\\\/uploads\\\/2021\\\/01\\\/logo-noticieros@2x.png\",\"width\":1017,\"height\":268,\"caption\":\"Noticieros Canal 7\"},\"image\":{\"@id\":\"https:\\\/\\\/canal7slp.tv\\\/2025\\\/#\\\/schema\\\/logo\\\/image\\\/\"},\"sameAs\":[\"https:\\\/\\\/www.facebook.com\\\/noticieroscanal7atencionciudadana\\\/\",\"https:\\\/\\\/x.com\\\/NOTICIEROS7\",\"https:\\\/\\\/www.instagram.com\\\/canal7_slp\",\"https:\\\/\\\/www.youtube.com\\\/channel\\\/UCliiYs-gP3JfJeqdPrNdd5A\"]},{\"@type\":\"Person\",\"@id\":\"https:\\\/\\\/canal7slp.tv\\\/2025\\\/#\\\/schema\\\/person\\\/271e2b60a96e7cc9d9ac296f4d7e414b\",\"name\":\"Edici\u00f3n Web\",\"image\":{\"@type\":\"ImageObject\",\"inLanguage\":\"es\",\"@id\":\"https:\\\/\\\/secure.gravatar.com\\\/avatar\\\/eee448fc3f7164808013b816ba91ac7e43bbe82a70bebac296f8bc6f0addaa1a?s=96&d=mm&r=g\",\"url\":\"https:\\\/\\\/secure.gravatar.com\\\/avatar\\\/eee448fc3f7164808013b816ba91ac7e43bbe82a70bebac296f8bc6f0addaa1a?s=96&d=mm&r=g\",\"contentUrl\":\"https:\\\/\\\/secure.gravatar.com\\\/avatar\\\/eee448fc3f7164808013b816ba91ac7e43bbe82a70bebac296f8bc6f0addaa1a?s=96&d=mm&r=g\",\"caption\":\"Edici\u00f3n Web\"},\"url\":\"https:\\\/\\\/canal7slp.tv\\\/2025\\\/author\\\/edicionweb\\\/\"}]}<\/script>\n<!-- \/ Yoast SEO plugin. -->","yoast_head_json":{"title":"Alcalde capitalino afirma que iniciar\u00e1 el 2026 con grandes obras de infraestructura - Canal 7 SLP - 2025","robots":{"index":"index","follow":"follow","max-snippet":"max-snippet:-1","max-image-preview":"max-image-preview:large","max-video-preview":"max-video-preview:-1"},"canonical":"https:\/\/canal7slp.tv\/2025\/alcalde-capitalino-afirma-que-iniciara-el-2026-con-grandes-obras-de-infraestructura\/","og_locale":"es_ES","og_type":"article","og_title":"Alcalde capitalino afirma que iniciar\u00e1 el 2026 con grandes obras de infraestructura - Canal 7 SLP - 2025","og_description":"SLP.- El presidente municipal capitalino Enrique Galindo Ceballos confirm\u00f3 la realizaci\u00f3n de tres grandes obras de infraestructura para iniciar el 2026 y que dijo, estar\u00e1n encaminadas a dar soluci\u00f3n en temas de urbanidad en la zona metropolitana. Se\u00f1al\u00f3 que estos proyectos contemplan tambi\u00e9n un paso a desnivel en el bulevard del R\u00edo Espa\u00f1ita. El edil capitalino se\u00f1al\u00f3 que algunos de estos proyectos se tiene previsto desarrollarse en conjunto con el gobierno del estado. Asimismo, asegur\u00f3 que independientemente de estas obras de infraestructura proyectadas se har\u00e1 tambi\u00e9n obras en muchas colonias de la zona metropolitana. Por: Claudio Ibarra","og_url":"https:\/\/canal7slp.tv\/2025\/alcalde-capitalino-afirma-que-iniciara-el-2026-con-grandes-obras-de-infraestructura\/","og_site_name":"Canal 7 SLP - 2025","article_publisher":"https:\/\/www.facebook.com\/noticieroscanal7atencionciudadana\/","article_published_time":"2025-12-04T02:38:47+00:00","og_image":[{"width":1280,"height":720,"url":"https:\/\/canal7slp.tv\/2025\/wp-content\/uploads\/2025\/12\/Claudio03Obras2026.jpg","type":"image\/jpeg"}],"author":"Edici\u00f3n Web","twitter_card":"summary_large_image","twitter_creator":"@NOTICIEROS7","twitter_site":"@NOTICIEROS7","twitter_misc":{"Escrito por":"Edici\u00f3n Web","Tiempo de lectura":"1 minuto"},"schema":{"@context":"https:\/\/schema.org","@graph":[{"@type":"Article","@id":"https:\/\/canal7slp.tv\/2025\/alcalde-capitalino-afirma-que-iniciara-el-2026-con-grandes-obras-de-infraestructura\/#article","isPartOf":{"@id":"https:\/\/canal7slp.tv\/2025\/alcalde-capitalino-afirma-que-iniciara-el-2026-con-grandes-obras-de-infraestructura\/"},"author":{"name":"Edici\u00f3n Web","@id":"https:\/\/canal7slp.tv\/2025\/#\/schema\/person\/271e2b60a96e7cc9d9ac296f4d7e414b"},"headline":"Alcalde capitalino afirma que iniciar\u00e1 el 2026 con grandes obras de infraestructura","datePublished":"2025-12-04T02:38:47+00:00","mainEntityOfPage":{"@id":"https:\/\/canal7slp.tv\/2025\/alcalde-capitalino-afirma-que-iniciara-el-2026-con-grandes-obras-de-infraestructura\/"},"wordCount":117,"publisher":{"@id":"https:\/\/canal7slp.tv\/2025\/#organization"},"image":{"@id":"https:\/\/canal7slp.tv\/2025\/alcalde-capitalino-afirma-que-iniciara-el-2026-con-grandes-obras-de-infraestructura\/#primaryimage"},"thumbnailUrl":"https:\/\/canal7slp.tv\/2025\/wp-content\/uploads\/2025\/12\/Claudio03Obras2026.jpg","articleSection":["AYOSLP","DESTACADAS","LOCALES Y REGIONALES"],"inLanguage":"es"},{"@type":"WebPage","@id":"https:\/\/canal7slp.tv\/2025\/alcalde-capitalino-afirma-que-iniciara-el-2026-con-grandes-obras-de-infraestructura\/","url":"https:\/\/canal7slp.tv\/2025\/alcalde-capitalino-afirma-que-iniciara-el-2026-con-grandes-obras-de-infraestructura\/","name":"Alcalde capitalino afirma que iniciar\u00e1 el 2026 con grandes obras de infraestructura - Canal 7 SLP - 2025","isPartOf":{"@id":"https:\/\/canal7slp.tv\/2025\/#website"},"primaryImageOfPage":{"@id":"https:\/\/canal7slp.tv\/2025\/alcalde-capitalino-afirma-que-iniciara-el-2026-con-grandes-obras-de-infraestructura\/#primaryimage"},"image":{"@id":"https:\/\/canal7slp.tv\/2025\/alcalde-capitalino-afirma-que-iniciara-el-2026-con-grandes-obras-de-infraestructura\/#primaryimage"},"thumbnailUrl":"https:\/\/canal7slp.tv\/2025\/wp-content\/uploads\/2025\/12\/Claudio03Obras2026.jpg","datePublished":"2025-12-04T02:38:47+00:00","breadcrumb":{"@id":"https:\/\/canal7slp.tv\/2025\/alcalde-capitalino-afirma-que-iniciara-el-2026-con-grandes-obras-de-infraestructura\/#breadcrumb"},"inLanguage":"es","potentialAction":[{"@type":"ReadAction","target":["https:\/\/canal7slp.tv\/2025\/alcalde-capitalino-afirma-que-iniciara-el-2026-con-grandes-obras-de-infraestructura\/"]}]},{"@type":"ImageObject","inLanguage":"es","@id":"https:\/\/canal7slp.tv\/2025\/alcalde-capitalino-afirma-que-iniciara-el-2026-con-grandes-obras-de-infraestructura\/#primaryimage","url":"https:\/\/canal7slp.tv\/2025\/wp-content\/uploads\/2025\/12\/Claudio03Obras2026.jpg","contentUrl":"https:\/\/canal7slp.tv\/2025\/wp-content\/uploads\/2025\/12\/Claudio03Obras2026.jpg","width":1280,"height":720},{"@type":"BreadcrumbList","@id":"https:\/\/canal7slp.tv\/2025\/alcalde-capitalino-afirma-que-iniciara-el-2026-con-grandes-obras-de-infraestructura\/#breadcrumb","itemListElement":[{"@type":"ListItem","position":1,"name":"Portada","item":"https:\/\/canal7slp.tv\/2025\/"},{"@type":"ListItem","position":2,"name":"Alcalde capitalino afirma que iniciar\u00e1 el 2026 con grandes obras de infraestructura"}]},{"@type":"WebSite","@id":"https:\/\/canal7slp.tv\/2025\/#website","url":"https:\/\/canal7slp.tv\/2025\/","name":"N7 - Noticieros Canal 7","description":"Somos el Medio","publisher":{"@id":"https:\/\/canal7slp.tv\/2025\/#organization"},"potentialAction":[{"@type":"SearchAction","target":{"@type":"EntryPoint","urlTemplate":"https:\/\/canal7slp.tv\/2025\/?s={search_term_string}"},"query-input":{"@type":"PropertyValueSpecification","valueRequired":true,"valueName":"search_term_string"}}],"inLanguage":"es"},{"@type":"Organization","@id":"https:\/\/canal7slp.tv\/2025\/#organization","name":"Noticieros Canal 7","url":"https:\/\/canal7slp.tv\/2025\/","logo":{"@type":"ImageObject","inLanguage":"es","@id":"https:\/\/canal7slp.tv\/2025\/#\/schema\/logo\/image\/","url":"https:\/\/canal7slp.tv\/2025\/wp-content\/uploads\/2021\/01\/logo-noticieros@2x.png","contentUrl":"https:\/\/canal7slp.tv\/2025\/wp-content\/uploads\/2021\/01\/logo-noticieros@2x.png","width":1017,"height":268,"caption":"Noticieros Canal 7"},"image":{"@id":"https:\/\/canal7slp.tv\/2025\/#\/schema\/logo\/image\/"},"sameAs":["https:\/\/www.facebook.com\/noticieroscanal7atencionciudadana\/","https:\/\/x.com\/NOTICIEROS7","https:\/\/www.instagram.com\/canal7_slp","https:\/\/www.youtube.com\/channel\/UCliiYs-gP3JfJeqdPrNdd5A"]},{"@type":"Person","@id":"https:\/\/canal7slp.tv\/2025\/#\/schema\/person\/271e2b60a96e7cc9d9ac296f4d7e414b","name":"Edici\u00f3n Web","image":{"@type":"ImageObject","inLanguage":"es","@id":"https:\/\/secure.gravatar.com\/avatar\/eee448fc3f7164808013b816ba91ac7e43bbe82a70bebac296f8bc6f0addaa1a?s=96&d=mm&r=g","url":"https:\/\/secure.gravatar.com\/avatar\/eee448fc3f7164808013b816ba91ac7e43bbe82a70bebac296f8bc6f0addaa1a?s=96&d=mm&r=g","contentUrl":"https:\/\/secure.gravatar.com\/avatar\/eee448fc3f7164808013b816ba91ac7e43bbe82a70bebac296f8bc6f0addaa1a?s=96&d=mm&r=g","caption":"Edici\u00f3n Web"},"url":"https:\/\/canal7slp.tv\/2025\/author\/edicionweb\/"}]}},"_links":{"self":[{"href":"https:\/\/canal7slp.tv\/2025\/wp-json\/wp\/v2\/posts\/186914","targetHints":{"allow":["GET"]}}],"collection":[{"href":"https:\/\/canal7slp.tv\/2025\/wp-json\/wp\/v2\/posts"}],"about":[{"href":"https:\/\/canal7slp.tv\/2025\/wp-json\/wp\/v2\/types\/post"}],"author":[{"embeddable":true,"href":"https:\/\/canal7slp.tv\/2025\/wp-json\/wp\/v2\/users\/2"}],"replies":[{"embeddable":true,"href":"https:\/\/canal7slp.tv\/2025\/wp-json\/wp\/v2\/comments?post=186914"}],"version-history":[{"count":2,"href":"https:\/\/canal7slp.tv\/2025\/wp-json\/wp\/v2\/posts\/186914\/revisions"}],"predecessor-version":[{"id":186925,"href":"https:\/\/canal7slp.tv\/2025\/wp-json\/wp\/v2\/posts\/186914\/revisions\/186925"}],"wp:featuredmedia":[{"embeddable":true,"href":"https:\/\/canal7slp.tv\/2025\/wp-json\/wp\/v2\/media\/186924"}],"wp:attachment":[{"href":"https:\/\/canal7slp.tv\/2025\/wp-json\/wp\/v2\/media?parent=186914"}],"wp:term":[{"taxonomy":"category","embeddable":true,"href":"https:\/\/canal7slp.tv\/2025\/wp-json\/wp\/v2\/categories?post=186914"},{"taxonomy":"post_tag","embeddable":true,"href":"https:\/\/canal7slp.tv\/2025\/wp-json\/wp\/v2\/tags?post=186914"}],"curies":[{"name":"wp","href":"https:\/\/api.w.org\/{rel}","templated":true}]}}