{"id":186900,"date":"2025-12-03T18:45:02","date_gmt":"2025-12-04T00:45:02","guid":{"rendered":"https:\/\/canal7slp.tv\/2025\/?p=186900"},"modified":"2025-12-03T18:45:02","modified_gmt":"2025-12-04T00:45:02","slug":"en-aumento-tasas-de-siniestralidad-en-la-capital-coalicion-movilidad-segura","status":"publish","type":"post","link":"https:\/\/canal7slp.tv\/2025\/en-aumento-tasas-de-siniestralidad-en-la-capital-coalicion-movilidad-segura\/","title":{"rendered":"En aumento tasas de siniestralidad en la capital: Coalici\u00f3n Movilidad Segura"},"content":{"rendered":"<p style=\"text-align: justify;\">SLP.- Lois Mu\u00f1oz, integrante de la Coalici\u00f3n Movilidad Segura San Luis Potos\u00ed, habl\u00f3 sobre los resultados del an\u00e1lisis Sem\u00e1foro Ciudadano de Movilidad y Seguridad Vial aplicado al ayuntamiento de la capital.<\/p>\n<p style=\"text-align: justify;\">\u201cSem\u00e1foro Ciudadano de Movilidad y Seguridad Vial y lo definimos c\u00f3mo un instrumento de auditor\u00eda ciudadana que aval\u00faa el grado de cumplimiento del Ayuntamiento de San Luis Potos\u00ed con sus obligaciones conforme a la Ley General de Movilidad y Seguridad Vial as\u00ed como la Norma Oficial Mexicana 004\u201d.<\/p>\n<p style=\"text-align: justify;\">La administraci\u00f3n capitalina falla en los compromisos adquiridos por el presidente Enrique Galindo.<\/p>\n<p style=\"text-align: justify;\">En la reducci\u00f3n de siniestros viales y acciones enfocadas en salvar vidas no hay mejoras.<\/p>\n<p style=\"text-align: justify;\">\u201cLas tasas de siniestralidad siguen en aumento, una parte muy preocupante es que se sigue hablando de accidentes en lugar de siniestros viales\u201d.<\/p>\n<p style=\"text-align: justify;\">Se propuso tambi\u00e9n una Direcci\u00f3n de Movilidad, Seguridad Vial y Espacio P\u00fablico, tampoco ha fructificado.<\/p>\n<p style=\"text-align: justify;\">\u201cLa propuesta actual del ayuntamiento para la creaci\u00f3n de la direcci\u00f3n de movilidad no cuenta con las funciones suficientes ni con los instrumentos para operar\u201d.<\/p>\n<p style=\"text-align: justify;\">V\u00edctor Hern\u00e1ndez, parte de la coalici\u00f3n, se\u00f1al\u00f3 uno de los puntos m\u00e1s relevantes y es que las ciclov\u00edas en la capital y el proyecto de ampliaci\u00f3n de estos espacios no es el adecuado.<\/p>\n<p style=\"text-align: justify;\">\u201cEl documento presentado incumple la NOM-004 SEDATU2023, en cuanto a las disposiciones de dise\u00f1o, de infraestructura ciclista (\u2026) consideramos que la propuesta es muy limitada que su ampliaci\u00f3n debe de obedecer a la demanda de usuarios\u201d.<\/p>\n<p style=\"text-align: justify;\">Otro de los aspectos trascendentales es que la circulaci\u00f3n de personas con discapacidad es sumamente complicada en la capital.<\/p>\n<p>Por: Juan Carlos Contreras<\/p>\n","protected":false},"excerpt":{"rendered":"<p>SLP.- Lois Mu\u00f1oz, integrante de la Coalici\u00f3n Movilidad Segura San Luis Potos\u00ed, habl\u00f3 sobre los resultados del an\u00e1lisis Sem\u00e1foro Ciudadano de Movilidad y Seguridad Vial aplicado al ayuntamiento de la capital. \u201cSem\u00e1foro Ciudadano de Movilidad y Seguridad Vial y lo definimos c\u00f3mo un instrumento de auditor\u00eda ciudadana que aval\u00faa el grado de cumplimiento del Ayuntamiento de San Luis Potos\u00ed con sus obligaciones conforme a la Ley General de Movilidad y Seguridad Vial as\u00ed como la Norma Oficial Mexicana 004\u201d. La administraci\u00f3n capitalina falla en los compromisos adquiridos por el presidente Enrique Galindo. En la reducci\u00f3n de siniestros viales y acciones [&hellip;]<\/p>\n","protected":false},"author":2,"featured_media":186909,"comment_status":"closed","ping_status":"closed","sticky":false,"template":"","format":"video","meta":{"_monsterinsights_skip_tracking":false,"_monsterinsights_sitenote_active":false,"_monsterinsights_sitenote_note":"","_monsterinsights_sitenote_category":0,"footnotes":""},"categories":[5,45],"tags":[],"class_list":["post-186900","post","type-post","status-publish","format-video","has-post-thumbnail","hentry","category-destacadas","category-localesyregionales","post_format-post-format-video","post--single"],"yoast_head":"<!-- This site is optimized with the Yoast SEO plugin v27.4 - https:\/\/yoast.com\/product\/yoast-seo-wordpress\/ -->\n<title>En aumento tasas de siniestralidad en la capital: Coalici\u00f3n Movilidad Segura - Canal 7 SLP - 2025<\/title>\n<meta name=\"robots\" content=\"index, follow, max-snippet:-1, max-image-preview:large, max-video-preview:-1\" \/>\n<link rel=\"canonical\" href=\"https:\/\/canal7slp.tv\/2025\/en-aumento-tasas-de-siniestralidad-en-la-capital-coalicion-movilidad-segura\/\" \/>\n<meta property=\"og:locale\" content=\"es_ES\" \/>\n<meta property=\"og:type\" content=\"article\" \/>\n<meta property=\"og:title\" content=\"En aumento tasas de siniestralidad en la capital: Coalici\u00f3n Movilidad Segura - Canal 7 SLP - 2025\" \/>\n<meta property=\"og:description\" content=\"SLP.- Lois Mu\u00f1oz, integrante de la Coalici\u00f3n Movilidad Segura San Luis Potos\u00ed, habl\u00f3 sobre los resultados del an\u00e1lisis Sem\u00e1foro Ciudadano de Movilidad y Seguridad Vial aplicado al ayuntamiento de la capital. \u201cSem\u00e1foro Ciudadano de Movilidad y Seguridad Vial y lo definimos c\u00f3mo un instrumento de auditor\u00eda ciudadana que aval\u00faa el grado de cumplimiento del Ayuntamiento de San Luis Potos\u00ed con sus obligaciones conforme a la Ley General de Movilidad y Seguridad Vial as\u00ed como la Norma Oficial Mexicana 004\u201d. La administraci\u00f3n capitalina falla en los compromisos adquiridos por el presidente Enrique Galindo. En la reducci\u00f3n de siniestros viales y acciones [&hellip;]\" \/>\n<meta property=\"og:url\" content=\"https:\/\/canal7slp.tv\/2025\/en-aumento-tasas-de-siniestralidad-en-la-capital-coalicion-movilidad-segura\/\" \/>\n<meta property=\"og:site_name\" content=\"Canal 7 SLP - 2025\" \/>\n<meta property=\"article:publisher\" content=\"https:\/\/www.facebook.com\/noticieroscanal7atencionciudadana\/\" \/>\n<meta property=\"article:published_time\" content=\"2025-12-04T00:45:02+00:00\" \/>\n<meta property=\"og:image\" content=\"https:\/\/canal7slp.tv\/2025\/wp-content\/uploads\/2025\/12\/Poky04MovilidadBicicleta.jpg\" \/>\n\t<meta property=\"og:image:width\" content=\"1280\" \/>\n\t<meta property=\"og:image:height\" content=\"720\" \/>\n\t<meta property=\"og:image:type\" content=\"image\/jpeg\" \/>\n<meta name=\"author\" content=\"Edici\u00f3n Web\" \/>\n<meta name=\"twitter:card\" content=\"summary_large_image\" \/>\n<meta name=\"twitter:creator\" content=\"@NOTICIEROS7\" \/>\n<meta name=\"twitter:site\" content=\"@NOTICIEROS7\" \/>\n<meta name=\"twitter:label1\" content=\"Escrito por\" \/>\n\t<meta name=\"twitter:data1\" content=\"Edici\u00f3n Web\" \/>\n\t<meta name=\"twitter:label2\" content=\"Tiempo de lectura\" \/>\n\t<meta name=\"twitter:data2\" content=\"2 minutos\" \/>\n<script type=\"application\/ld+json\" class=\"yoast-schema-graph\">{\"@context\":\"https:\\\/\\\/schema.org\",\"@graph\":[{\"@type\":\"Article\",\"@id\":\"https:\\\/\\\/canal7slp.tv\\\/2025\\\/en-aumento-tasas-de-siniestralidad-en-la-capital-coalicion-movilidad-segura\\\/#article\",\"isPartOf\":{\"@id\":\"https:\\\/\\\/canal7slp.tv\\\/2025\\\/en-aumento-tasas-de-siniestralidad-en-la-capital-coalicion-movilidad-segura\\\/\"},\"author\":{\"name\":\"Edici\u00f3n Web\",\"@id\":\"https:\\\/\\\/canal7slp.tv\\\/2025\\\/#\\\/schema\\\/person\\\/271e2b60a96e7cc9d9ac296f4d7e414b\"},\"headline\":\"En aumento tasas de siniestralidad en la capital: Coalici\u00f3n Movilidad Segura\",\"datePublished\":\"2025-12-04T00:45:02+00:00\",\"mainEntityOfPage\":{\"@id\":\"https:\\\/\\\/canal7slp.tv\\\/2025\\\/en-aumento-tasas-de-siniestralidad-en-la-capital-coalicion-movilidad-segura\\\/\"},\"wordCount\":298,\"publisher\":{\"@id\":\"https:\\\/\\\/canal7slp.tv\\\/2025\\\/#organization\"},\"image\":{\"@id\":\"https:\\\/\\\/canal7slp.tv\\\/2025\\\/en-aumento-tasas-de-siniestralidad-en-la-capital-coalicion-movilidad-segura\\\/#primaryimage\"},\"thumbnailUrl\":\"https:\\\/\\\/canal7slp.tv\\\/2025\\\/wp-content\\\/uploads\\\/2025\\\/12\\\/Poky04MovilidadBicicleta.jpg\",\"articleSection\":[\"DESTACADAS\",\"LOCALES Y REGIONALES\"],\"inLanguage\":\"es\"},{\"@type\":\"WebPage\",\"@id\":\"https:\\\/\\\/canal7slp.tv\\\/2025\\\/en-aumento-tasas-de-siniestralidad-en-la-capital-coalicion-movilidad-segura\\\/\",\"url\":\"https:\\\/\\\/canal7slp.tv\\\/2025\\\/en-aumento-tasas-de-siniestralidad-en-la-capital-coalicion-movilidad-segura\\\/\",\"name\":\"En aumento tasas de siniestralidad en la capital: Coalici\u00f3n Movilidad Segura - Canal 7 SLP - 2025\",\"isPartOf\":{\"@id\":\"https:\\\/\\\/canal7slp.tv\\\/2025\\\/#website\"},\"primaryImageOfPage\":{\"@id\":\"https:\\\/\\\/canal7slp.tv\\\/2025\\\/en-aumento-tasas-de-siniestralidad-en-la-capital-coalicion-movilidad-segura\\\/#primaryimage\"},\"image\":{\"@id\":\"https:\\\/\\\/canal7slp.tv\\\/2025\\\/en-aumento-tasas-de-siniestralidad-en-la-capital-coalicion-movilidad-segura\\\/#primaryimage\"},\"thumbnailUrl\":\"https:\\\/\\\/canal7slp.tv\\\/2025\\\/wp-content\\\/uploads\\\/2025\\\/12\\\/Poky04MovilidadBicicleta.jpg\",\"datePublished\":\"2025-12-04T00:45:02+00:00\",\"breadcrumb\":{\"@id\":\"https:\\\/\\\/canal7slp.tv\\\/2025\\\/en-aumento-tasas-de-siniestralidad-en-la-capital-coalicion-movilidad-segura\\\/#breadcrumb\"},\"inLanguage\":\"es\",\"potentialAction\":[{\"@type\":\"ReadAction\",\"target\":[\"https:\\\/\\\/canal7slp.tv\\\/2025\\\/en-aumento-tasas-de-siniestralidad-en-la-capital-coalicion-movilidad-segura\\\/\"]}]},{\"@type\":\"ImageObject\",\"inLanguage\":\"es\",\"@id\":\"https:\\\/\\\/canal7slp.tv\\\/2025\\\/en-aumento-tasas-de-siniestralidad-en-la-capital-coalicion-movilidad-segura\\\/#primaryimage\",\"url\":\"https:\\\/\\\/canal7slp.tv\\\/2025\\\/wp-content\\\/uploads\\\/2025\\\/12\\\/Poky04MovilidadBicicleta.jpg\",\"contentUrl\":\"https:\\\/\\\/canal7slp.tv\\\/2025\\\/wp-content\\\/uploads\\\/2025\\\/12\\\/Poky04MovilidadBicicleta.jpg\",\"width\":1280,\"height\":720},{\"@type\":\"BreadcrumbList\",\"@id\":\"https:\\\/\\\/canal7slp.tv\\\/2025\\\/en-aumento-tasas-de-siniestralidad-en-la-capital-coalicion-movilidad-segura\\\/#breadcrumb\",\"itemListElement\":[{\"@type\":\"ListItem\",\"position\":1,\"name\":\"Portada\",\"item\":\"https:\\\/\\\/canal7slp.tv\\\/2025\\\/\"},{\"@type\":\"ListItem\",\"position\":2,\"name\":\"En aumento tasas de siniestralidad en la capital: Coalici\u00f3n Movilidad Segura\"}]},{\"@type\":\"WebSite\",\"@id\":\"https:\\\/\\\/canal7slp.tv\\\/2025\\\/#website\",\"url\":\"https:\\\/\\\/canal7slp.tv\\\/2025\\\/\",\"name\":\"N7 - Noticieros Canal 7\",\"description\":\"Somos el Medio\",\"publisher\":{\"@id\":\"https:\\\/\\\/canal7slp.tv\\\/2025\\\/#organization\"},\"potentialAction\":[{\"@type\":\"SearchAction\",\"target\":{\"@type\":\"EntryPoint\",\"urlTemplate\":\"https:\\\/\\\/canal7slp.tv\\\/2025\\\/?s={search_term_string}\"},\"query-input\":{\"@type\":\"PropertyValueSpecification\",\"valueRequired\":true,\"valueName\":\"search_term_string\"}}],\"inLanguage\":\"es\"},{\"@type\":\"Organization\",\"@id\":\"https:\\\/\\\/canal7slp.tv\\\/2025\\\/#organization\",\"name\":\"Noticieros Canal 7\",\"url\":\"https:\\\/\\\/canal7slp.tv\\\/2025\\\/\",\"logo\":{\"@type\":\"ImageObject\",\"inLanguage\":\"es\",\"@id\":\"https:\\\/\\\/canal7slp.tv\\\/2025\\\/#\\\/schema\\\/logo\\\/image\\\/\",\"url\":\"https:\\\/\\\/canal7slp.tv\\\/2025\\\/wp-content\\\/uploads\\\/2021\\\/01\\\/logo-noticieros@2x.png\",\"contentUrl\":\"https:\\\/\\\/canal7slp.tv\\\/2025\\\/wp-content\\\/uploads\\\/2021\\\/01\\\/logo-noticieros@2x.png\",\"width\":1017,\"height\":268,\"caption\":\"Noticieros Canal 7\"},\"image\":{\"@id\":\"https:\\\/\\\/canal7slp.tv\\\/2025\\\/#\\\/schema\\\/logo\\\/image\\\/\"},\"sameAs\":[\"https:\\\/\\\/www.facebook.com\\\/noticieroscanal7atencionciudadana\\\/\",\"https:\\\/\\\/x.com\\\/NOTICIEROS7\",\"https:\\\/\\\/www.instagram.com\\\/canal7_slp\",\"https:\\\/\\\/www.youtube.com\\\/channel\\\/UCliiYs-gP3JfJeqdPrNdd5A\"]},{\"@type\":\"Person\",\"@id\":\"https:\\\/\\\/canal7slp.tv\\\/2025\\\/#\\\/schema\\\/person\\\/271e2b60a96e7cc9d9ac296f4d7e414b\",\"name\":\"Edici\u00f3n Web\",\"image\":{\"@type\":\"ImageObject\",\"inLanguage\":\"es\",\"@id\":\"https:\\\/\\\/secure.gravatar.com\\\/avatar\\\/eee448fc3f7164808013b816ba91ac7e43bbe82a70bebac296f8bc6f0addaa1a?s=96&d=mm&r=g\",\"url\":\"https:\\\/\\\/secure.gravatar.com\\\/avatar\\\/eee448fc3f7164808013b816ba91ac7e43bbe82a70bebac296f8bc6f0addaa1a?s=96&d=mm&r=g\",\"contentUrl\":\"https:\\\/\\\/secure.gravatar.com\\\/avatar\\\/eee448fc3f7164808013b816ba91ac7e43bbe82a70bebac296f8bc6f0addaa1a?s=96&d=mm&r=g\",\"caption\":\"Edici\u00f3n Web\"},\"url\":\"https:\\\/\\\/canal7slp.tv\\\/2025\\\/author\\\/edicionweb\\\/\"}]}<\/script>\n<!-- \/ Yoast SEO plugin. -->","yoast_head_json":{"title":"En aumento tasas de siniestralidad en la capital: Coalici\u00f3n Movilidad Segura - Canal 7 SLP - 2025","robots":{"index":"index","follow":"follow","max-snippet":"max-snippet:-1","max-image-preview":"max-image-preview:large","max-video-preview":"max-video-preview:-1"},"canonical":"https:\/\/canal7slp.tv\/2025\/en-aumento-tasas-de-siniestralidad-en-la-capital-coalicion-movilidad-segura\/","og_locale":"es_ES","og_type":"article","og_title":"En aumento tasas de siniestralidad en la capital: Coalici\u00f3n Movilidad Segura - Canal 7 SLP - 2025","og_description":"SLP.- Lois Mu\u00f1oz, integrante de la Coalici\u00f3n Movilidad Segura San Luis Potos\u00ed, habl\u00f3 sobre los resultados del an\u00e1lisis Sem\u00e1foro Ciudadano de Movilidad y Seguridad Vial aplicado al ayuntamiento de la capital. \u201cSem\u00e1foro Ciudadano de Movilidad y Seguridad Vial y lo definimos c\u00f3mo un instrumento de auditor\u00eda ciudadana que aval\u00faa el grado de cumplimiento del Ayuntamiento de San Luis Potos\u00ed con sus obligaciones conforme a la Ley General de Movilidad y Seguridad Vial as\u00ed como la Norma Oficial Mexicana 004\u201d. La administraci\u00f3n capitalina falla en los compromisos adquiridos por el presidente Enrique Galindo. En la reducci\u00f3n de siniestros viales y acciones [&hellip;]","og_url":"https:\/\/canal7slp.tv\/2025\/en-aumento-tasas-de-siniestralidad-en-la-capital-coalicion-movilidad-segura\/","og_site_name":"Canal 7 SLP - 2025","article_publisher":"https:\/\/www.facebook.com\/noticieroscanal7atencionciudadana\/","article_published_time":"2025-12-04T00:45:02+00:00","og_image":[{"width":1280,"height":720,"url":"https:\/\/canal7slp.tv\/2025\/wp-content\/uploads\/2025\/12\/Poky04MovilidadBicicleta.jpg","type":"image\/jpeg"}],"author":"Edici\u00f3n Web","twitter_card":"summary_large_image","twitter_creator":"@NOTICIEROS7","twitter_site":"@NOTICIEROS7","twitter_misc":{"Escrito por":"Edici\u00f3n Web","Tiempo de lectura":"2 minutos"},"schema":{"@context":"https:\/\/schema.org","@graph":[{"@type":"Article","@id":"https:\/\/canal7slp.tv\/2025\/en-aumento-tasas-de-siniestralidad-en-la-capital-coalicion-movilidad-segura\/#article","isPartOf":{"@id":"https:\/\/canal7slp.tv\/2025\/en-aumento-tasas-de-siniestralidad-en-la-capital-coalicion-movilidad-segura\/"},"author":{"name":"Edici\u00f3n Web","@id":"https:\/\/canal7slp.tv\/2025\/#\/schema\/person\/271e2b60a96e7cc9d9ac296f4d7e414b"},"headline":"En aumento tasas de siniestralidad en la capital: Coalici\u00f3n Movilidad Segura","datePublished":"2025-12-04T00:45:02+00:00","mainEntityOfPage":{"@id":"https:\/\/canal7slp.tv\/2025\/en-aumento-tasas-de-siniestralidad-en-la-capital-coalicion-movilidad-segura\/"},"wordCount":298,"publisher":{"@id":"https:\/\/canal7slp.tv\/2025\/#organization"},"image":{"@id":"https:\/\/canal7slp.tv\/2025\/en-aumento-tasas-de-siniestralidad-en-la-capital-coalicion-movilidad-segura\/#primaryimage"},"thumbnailUrl":"https:\/\/canal7slp.tv\/2025\/wp-content\/uploads\/2025\/12\/Poky04MovilidadBicicleta.jpg","articleSection":["DESTACADAS","LOCALES Y REGIONALES"],"inLanguage":"es"},{"@type":"WebPage","@id":"https:\/\/canal7slp.tv\/2025\/en-aumento-tasas-de-siniestralidad-en-la-capital-coalicion-movilidad-segura\/","url":"https:\/\/canal7slp.tv\/2025\/en-aumento-tasas-de-siniestralidad-en-la-capital-coalicion-movilidad-segura\/","name":"En aumento tasas de siniestralidad en la capital: Coalici\u00f3n Movilidad Segura - Canal 7 SLP - 2025","isPartOf":{"@id":"https:\/\/canal7slp.tv\/2025\/#website"},"primaryImageOfPage":{"@id":"https:\/\/canal7slp.tv\/2025\/en-aumento-tasas-de-siniestralidad-en-la-capital-coalicion-movilidad-segura\/#primaryimage"},"image":{"@id":"https:\/\/canal7slp.tv\/2025\/en-aumento-tasas-de-siniestralidad-en-la-capital-coalicion-movilidad-segura\/#primaryimage"},"thumbnailUrl":"https:\/\/canal7slp.tv\/2025\/wp-content\/uploads\/2025\/12\/Poky04MovilidadBicicleta.jpg","datePublished":"2025-12-04T00:45:02+00:00","breadcrumb":{"@id":"https:\/\/canal7slp.tv\/2025\/en-aumento-tasas-de-siniestralidad-en-la-capital-coalicion-movilidad-segura\/#breadcrumb"},"inLanguage":"es","potentialAction":[{"@type":"ReadAction","target":["https:\/\/canal7slp.tv\/2025\/en-aumento-tasas-de-siniestralidad-en-la-capital-coalicion-movilidad-segura\/"]}]},{"@type":"ImageObject","inLanguage":"es","@id":"https:\/\/canal7slp.tv\/2025\/en-aumento-tasas-de-siniestralidad-en-la-capital-coalicion-movilidad-segura\/#primaryimage","url":"https:\/\/canal7slp.tv\/2025\/wp-content\/uploads\/2025\/12\/Poky04MovilidadBicicleta.jpg","contentUrl":"https:\/\/canal7slp.tv\/2025\/wp-content\/uploads\/2025\/12\/Poky04MovilidadBicicleta.jpg","width":1280,"height":720},{"@type":"BreadcrumbList","@id":"https:\/\/canal7slp.tv\/2025\/en-aumento-tasas-de-siniestralidad-en-la-capital-coalicion-movilidad-segura\/#breadcrumb","itemListElement":[{"@type":"ListItem","position":1,"name":"Portada","item":"https:\/\/canal7slp.tv\/2025\/"},{"@type":"ListItem","position":2,"name":"En aumento tasas de siniestralidad en la capital: Coalici\u00f3n Movilidad Segura"}]},{"@type":"WebSite","@id":"https:\/\/canal7slp.tv\/2025\/#website","url":"https:\/\/canal7slp.tv\/2025\/","name":"N7 - Noticieros Canal 7","description":"Somos el Medio","publisher":{"@id":"https:\/\/canal7slp.tv\/2025\/#organization"},"potentialAction":[{"@type":"SearchAction","target":{"@type":"EntryPoint","urlTemplate":"https:\/\/canal7slp.tv\/2025\/?s={search_term_string}"},"query-input":{"@type":"PropertyValueSpecification","valueRequired":true,"valueName":"search_term_string"}}],"inLanguage":"es"},{"@type":"Organization","@id":"https:\/\/canal7slp.tv\/2025\/#organization","name":"Noticieros Canal 7","url":"https:\/\/canal7slp.tv\/2025\/","logo":{"@type":"ImageObject","inLanguage":"es","@id":"https:\/\/canal7slp.tv\/2025\/#\/schema\/logo\/image\/","url":"https:\/\/canal7slp.tv\/2025\/wp-content\/uploads\/2021\/01\/logo-noticieros@2x.png","contentUrl":"https:\/\/canal7slp.tv\/2025\/wp-content\/uploads\/2021\/01\/logo-noticieros@2x.png","width":1017,"height":268,"caption":"Noticieros Canal 7"},"image":{"@id":"https:\/\/canal7slp.tv\/2025\/#\/schema\/logo\/image\/"},"sameAs":["https:\/\/www.facebook.com\/noticieroscanal7atencionciudadana\/","https:\/\/x.com\/NOTICIEROS7","https:\/\/www.instagram.com\/canal7_slp","https:\/\/www.youtube.com\/channel\/UCliiYs-gP3JfJeqdPrNdd5A"]},{"@type":"Person","@id":"https:\/\/canal7slp.tv\/2025\/#\/schema\/person\/271e2b60a96e7cc9d9ac296f4d7e414b","name":"Edici\u00f3n Web","image":{"@type":"ImageObject","inLanguage":"es","@id":"https:\/\/secure.gravatar.com\/avatar\/eee448fc3f7164808013b816ba91ac7e43bbe82a70bebac296f8bc6f0addaa1a?s=96&d=mm&r=g","url":"https:\/\/secure.gravatar.com\/avatar\/eee448fc3f7164808013b816ba91ac7e43bbe82a70bebac296f8bc6f0addaa1a?s=96&d=mm&r=g","contentUrl":"https:\/\/secure.gravatar.com\/avatar\/eee448fc3f7164808013b816ba91ac7e43bbe82a70bebac296f8bc6f0addaa1a?s=96&d=mm&r=g","caption":"Edici\u00f3n Web"},"url":"https:\/\/canal7slp.tv\/2025\/author\/edicionweb\/"}]}},"_links":{"self":[{"href":"https:\/\/canal7slp.tv\/2025\/wp-json\/wp\/v2\/posts\/186900","targetHints":{"allow":["GET"]}}],"collection":[{"href":"https:\/\/canal7slp.tv\/2025\/wp-json\/wp\/v2\/posts"}],"about":[{"href":"https:\/\/canal7slp.tv\/2025\/wp-json\/wp\/v2\/types\/post"}],"author":[{"embeddable":true,"href":"https:\/\/canal7slp.tv\/2025\/wp-json\/wp\/v2\/users\/2"}],"replies":[{"embeddable":true,"href":"https:\/\/canal7slp.tv\/2025\/wp-json\/wp\/v2\/comments?post=186900"}],"version-history":[{"count":3,"href":"https:\/\/canal7slp.tv\/2025\/wp-json\/wp\/v2\/posts\/186900\/revisions"}],"predecessor-version":[{"id":186911,"href":"https:\/\/canal7slp.tv\/2025\/wp-json\/wp\/v2\/posts\/186900\/revisions\/186911"}],"wp:featuredmedia":[{"embeddable":true,"href":"https:\/\/canal7slp.tv\/2025\/wp-json\/wp\/v2\/media\/186909"}],"wp:attachment":[{"href":"https:\/\/canal7slp.tv\/2025\/wp-json\/wp\/v2\/media?parent=186900"}],"wp:term":[{"taxonomy":"category","embeddable":true,"href":"https:\/\/canal7slp.tv\/2025\/wp-json\/wp\/v2\/categories?post=186900"},{"taxonomy":"post_tag","embeddable":true,"href":"https:\/\/canal7slp.tv\/2025\/wp-json\/wp\/v2\/tags?post=186900"}],"curies":[{"name":"wp","href":"https:\/\/api.w.org\/{rel}","templated":true}]}}