{"id":186899,"date":"2025-12-03T18:29:01","date_gmt":"2025-12-04T00:29:01","guid":{"rendered":"https:\/\/canal7slp.tv\/2025\/?p=186899"},"modified":"2025-12-03T18:29:01","modified_gmt":"2025-12-04T00:29:01","slug":"cadenas-de-suministro-impactadas-por-colapso-de-corredores-durante-bloqueos-canacar","status":"publish","type":"post","link":"https:\/\/canal7slp.tv\/2025\/cadenas-de-suministro-impactadas-por-colapso-de-corredores-durante-bloqueos-canacar\/","title":{"rendered":"Cadenas de suministro, impactadas por colapso de corredores, durante bloqueos: CANACAR"},"content":{"rendered":"<p style=\"text-align: justify;\">SLP.- Los bloqueos interestatales que se han dado en fechas recientes de parte de operadores de cami\u00f3n quinta rueda y de campesinos han afectado la econom\u00eda y generado p\u00e9rdidas de considerables costos a empresas del pa\u00eds, as\u00ed lo expuso el subdelegado de la C\u00e1mara Nacional del Autotransporte de Carga.<\/p>\n<p style=\"text-align: justify;\">\u201cObviamente han colapsado grandes corredores en todo M\u00e9xico (\u2026) pues ya f\u00e1bricas, se est\u00e1n afectando las cadenas de suministro, el abasto de supermercados, por ah\u00ed hemos visto notas donde hay compa\u00f1eros que est\u00e1n tirando productos perecederos derivado de que duraron ah\u00ed dos o tres d\u00edas con los bloqueos\u201d.<\/p>\n<p style=\"text-align: justify;\">Acept\u00f3 que de manera particular la seguridad en carreteras si es solicitud de todos pues a la fecha uno de los tramos m\u00e1s peligrosos de la zona centro es la carretera 57 desde Quer\u00e9taro hasta San Luis Potos\u00ed y de la capital a Matehuala.<\/p>\n<p style=\"text-align: justify;\">\u201cEl tema de seguridad ha sido un reto y no de ahorita, creo que tiene bastante tiempo, sin embargo, creo que se est\u00e1n haciendo esfuerzos en pro de combatir este grave problema\u201d.<\/p>\n<p style=\"text-align: justify;\">Se\u00f1al\u00f3 que es necesario dialogar entre los inconformes y las autoridades.<\/p>\n<p style=\"text-align: justify;\">\u201cEs un tema de alto riesgo que nos afecta a todos, aqu\u00ed nada m\u00e1s es exhortar a que dialoguen, que lleguen a un acuerdo para evitar eso que nos afecta toda la econom\u00eda nacional\u201d.<\/p>\n<p style=\"text-align: justify;\">Por: Juan Carlos Contreras<\/p>\n","protected":false},"excerpt":{"rendered":"<p>SLP.- Los bloqueos interestatales que se han dado en fechas recientes de parte de operadores de cami\u00f3n quinta rueda y de campesinos han afectado la econom\u00eda y generado p\u00e9rdidas de considerables costos a empresas del pa\u00eds, as\u00ed lo expuso el subdelegado de la C\u00e1mara Nacional del Autotransporte de Carga. \u201cObviamente han colapsado grandes corredores en todo M\u00e9xico (\u2026) pues ya f\u00e1bricas, se est\u00e1n afectando las cadenas de suministro, el abasto de supermercados, por ah\u00ed hemos visto notas donde hay compa\u00f1eros que est\u00e1n tirando productos perecederos derivado de que duraron ah\u00ed dos o tres d\u00edas con los bloqueos\u201d. Acept\u00f3 que de [&hellip;]<\/p>\n","protected":false},"author":2,"featured_media":186906,"comment_status":"closed","ping_status":"closed","sticky":false,"template":"","format":"video","meta":{"_monsterinsights_skip_tracking":false,"_monsterinsights_sitenote_active":false,"_monsterinsights_sitenote_note":"","_monsterinsights_sitenote_category":0,"footnotes":""},"categories":[5,45],"tags":[],"class_list":["post-186899","post","type-post","status-publish","format-video","has-post-thumbnail","hentry","category-destacadas","category-localesyregionales","post_format-post-format-video","post--single"],"yoast_head":"<!-- This site is optimized with the Yoast SEO plugin v27.4 - https:\/\/yoast.com\/product\/yoast-seo-wordpress\/ -->\n<title>Cadenas de suministro, impactadas por colapso de corredores, durante bloqueos: CANACAR - Canal 7 SLP - 2025<\/title>\n<meta name=\"robots\" content=\"index, follow, max-snippet:-1, max-image-preview:large, max-video-preview:-1\" \/>\n<link rel=\"canonical\" href=\"https:\/\/canal7slp.tv\/2025\/cadenas-de-suministro-impactadas-por-colapso-de-corredores-durante-bloqueos-canacar\/\" \/>\n<meta property=\"og:locale\" content=\"es_ES\" \/>\n<meta property=\"og:type\" content=\"article\" \/>\n<meta property=\"og:title\" content=\"Cadenas de suministro, impactadas por colapso de corredores, durante bloqueos: CANACAR - Canal 7 SLP - 2025\" \/>\n<meta property=\"og:description\" content=\"SLP.- Los bloqueos interestatales que se han dado en fechas recientes de parte de operadores de cami\u00f3n quinta rueda y de campesinos han afectado la econom\u00eda y generado p\u00e9rdidas de considerables costos a empresas del pa\u00eds, as\u00ed lo expuso el subdelegado de la C\u00e1mara Nacional del Autotransporte de Carga. \u201cObviamente han colapsado grandes corredores en todo M\u00e9xico (\u2026) pues ya f\u00e1bricas, se est\u00e1n afectando las cadenas de suministro, el abasto de supermercados, por ah\u00ed hemos visto notas donde hay compa\u00f1eros que est\u00e1n tirando productos perecederos derivado de que duraron ah\u00ed dos o tres d\u00edas con los bloqueos\u201d. Acept\u00f3 que de [&hellip;]\" \/>\n<meta property=\"og:url\" content=\"https:\/\/canal7slp.tv\/2025\/cadenas-de-suministro-impactadas-por-colapso-de-corredores-durante-bloqueos-canacar\/\" \/>\n<meta property=\"og:site_name\" content=\"Canal 7 SLP - 2025\" \/>\n<meta property=\"article:publisher\" content=\"https:\/\/www.facebook.com\/noticieroscanal7atencionciudadana\/\" \/>\n<meta property=\"article:published_time\" content=\"2025-12-04T00:29:01+00:00\" \/>\n<meta property=\"og:image\" content=\"https:\/\/canal7slp.tv\/2025\/wp-content\/uploads\/2025\/12\/Poky03CANACARBloqueos.jpg\" \/>\n\t<meta property=\"og:image:width\" content=\"1280\" \/>\n\t<meta property=\"og:image:height\" content=\"720\" \/>\n\t<meta property=\"og:image:type\" content=\"image\/jpeg\" \/>\n<meta name=\"author\" content=\"Edici\u00f3n Web\" \/>\n<meta name=\"twitter:card\" content=\"summary_large_image\" \/>\n<meta name=\"twitter:creator\" content=\"@NOTICIEROS7\" \/>\n<meta name=\"twitter:site\" content=\"@NOTICIEROS7\" \/>\n<meta name=\"twitter:label1\" content=\"Escrito por\" \/>\n\t<meta name=\"twitter:data1\" content=\"Edici\u00f3n Web\" \/>\n\t<meta name=\"twitter:label2\" content=\"Tiempo de lectura\" \/>\n\t<meta name=\"twitter:data2\" content=\"2 minutos\" \/>\n<script type=\"application\/ld+json\" class=\"yoast-schema-graph\">{\"@context\":\"https:\\\/\\\/schema.org\",\"@graph\":[{\"@type\":\"Article\",\"@id\":\"https:\\\/\\\/canal7slp.tv\\\/2025\\\/cadenas-de-suministro-impactadas-por-colapso-de-corredores-durante-bloqueos-canacar\\\/#article\",\"isPartOf\":{\"@id\":\"https:\\\/\\\/canal7slp.tv\\\/2025\\\/cadenas-de-suministro-impactadas-por-colapso-de-corredores-durante-bloqueos-canacar\\\/\"},\"author\":{\"name\":\"Edici\u00f3n Web\",\"@id\":\"https:\\\/\\\/canal7slp.tv\\\/2025\\\/#\\\/schema\\\/person\\\/271e2b60a96e7cc9d9ac296f4d7e414b\"},\"headline\":\"Cadenas de suministro, impactadas por colapso de corredores, durante bloqueos: CANACAR\",\"datePublished\":\"2025-12-04T00:29:01+00:00\",\"mainEntityOfPage\":{\"@id\":\"https:\\\/\\\/canal7slp.tv\\\/2025\\\/cadenas-de-suministro-impactadas-por-colapso-de-corredores-durante-bloqueos-canacar\\\/\"},\"wordCount\":249,\"publisher\":{\"@id\":\"https:\\\/\\\/canal7slp.tv\\\/2025\\\/#organization\"},\"image\":{\"@id\":\"https:\\\/\\\/canal7slp.tv\\\/2025\\\/cadenas-de-suministro-impactadas-por-colapso-de-corredores-durante-bloqueos-canacar\\\/#primaryimage\"},\"thumbnailUrl\":\"https:\\\/\\\/canal7slp.tv\\\/2025\\\/wp-content\\\/uploads\\\/2025\\\/12\\\/Poky03CANACARBloqueos.jpg\",\"articleSection\":[\"DESTACADAS\",\"LOCALES Y REGIONALES\"],\"inLanguage\":\"es\"},{\"@type\":\"WebPage\",\"@id\":\"https:\\\/\\\/canal7slp.tv\\\/2025\\\/cadenas-de-suministro-impactadas-por-colapso-de-corredores-durante-bloqueos-canacar\\\/\",\"url\":\"https:\\\/\\\/canal7slp.tv\\\/2025\\\/cadenas-de-suministro-impactadas-por-colapso-de-corredores-durante-bloqueos-canacar\\\/\",\"name\":\"Cadenas de suministro, impactadas por colapso de corredores, durante bloqueos: CANACAR - Canal 7 SLP - 2025\",\"isPartOf\":{\"@id\":\"https:\\\/\\\/canal7slp.tv\\\/2025\\\/#website\"},\"primaryImageOfPage\":{\"@id\":\"https:\\\/\\\/canal7slp.tv\\\/2025\\\/cadenas-de-suministro-impactadas-por-colapso-de-corredores-durante-bloqueos-canacar\\\/#primaryimage\"},\"image\":{\"@id\":\"https:\\\/\\\/canal7slp.tv\\\/2025\\\/cadenas-de-suministro-impactadas-por-colapso-de-corredores-durante-bloqueos-canacar\\\/#primaryimage\"},\"thumbnailUrl\":\"https:\\\/\\\/canal7slp.tv\\\/2025\\\/wp-content\\\/uploads\\\/2025\\\/12\\\/Poky03CANACARBloqueos.jpg\",\"datePublished\":\"2025-12-04T00:29:01+00:00\",\"breadcrumb\":{\"@id\":\"https:\\\/\\\/canal7slp.tv\\\/2025\\\/cadenas-de-suministro-impactadas-por-colapso-de-corredores-durante-bloqueos-canacar\\\/#breadcrumb\"},\"inLanguage\":\"es\",\"potentialAction\":[{\"@type\":\"ReadAction\",\"target\":[\"https:\\\/\\\/canal7slp.tv\\\/2025\\\/cadenas-de-suministro-impactadas-por-colapso-de-corredores-durante-bloqueos-canacar\\\/\"]}]},{\"@type\":\"ImageObject\",\"inLanguage\":\"es\",\"@id\":\"https:\\\/\\\/canal7slp.tv\\\/2025\\\/cadenas-de-suministro-impactadas-por-colapso-de-corredores-durante-bloqueos-canacar\\\/#primaryimage\",\"url\":\"https:\\\/\\\/canal7slp.tv\\\/2025\\\/wp-content\\\/uploads\\\/2025\\\/12\\\/Poky03CANACARBloqueos.jpg\",\"contentUrl\":\"https:\\\/\\\/canal7slp.tv\\\/2025\\\/wp-content\\\/uploads\\\/2025\\\/12\\\/Poky03CANACARBloqueos.jpg\",\"width\":1280,\"height\":720},{\"@type\":\"BreadcrumbList\",\"@id\":\"https:\\\/\\\/canal7slp.tv\\\/2025\\\/cadenas-de-suministro-impactadas-por-colapso-de-corredores-durante-bloqueos-canacar\\\/#breadcrumb\",\"itemListElement\":[{\"@type\":\"ListItem\",\"position\":1,\"name\":\"Portada\",\"item\":\"https:\\\/\\\/canal7slp.tv\\\/2025\\\/\"},{\"@type\":\"ListItem\",\"position\":2,\"name\":\"Cadenas de suministro, impactadas por colapso de corredores, durante bloqueos: CANACAR\"}]},{\"@type\":\"WebSite\",\"@id\":\"https:\\\/\\\/canal7slp.tv\\\/2025\\\/#website\",\"url\":\"https:\\\/\\\/canal7slp.tv\\\/2025\\\/\",\"name\":\"N7 - Noticieros Canal 7\",\"description\":\"Somos el Medio\",\"publisher\":{\"@id\":\"https:\\\/\\\/canal7slp.tv\\\/2025\\\/#organization\"},\"potentialAction\":[{\"@type\":\"SearchAction\",\"target\":{\"@type\":\"EntryPoint\",\"urlTemplate\":\"https:\\\/\\\/canal7slp.tv\\\/2025\\\/?s={search_term_string}\"},\"query-input\":{\"@type\":\"PropertyValueSpecification\",\"valueRequired\":true,\"valueName\":\"search_term_string\"}}],\"inLanguage\":\"es\"},{\"@type\":\"Organization\",\"@id\":\"https:\\\/\\\/canal7slp.tv\\\/2025\\\/#organization\",\"name\":\"Noticieros Canal 7\",\"url\":\"https:\\\/\\\/canal7slp.tv\\\/2025\\\/\",\"logo\":{\"@type\":\"ImageObject\",\"inLanguage\":\"es\",\"@id\":\"https:\\\/\\\/canal7slp.tv\\\/2025\\\/#\\\/schema\\\/logo\\\/image\\\/\",\"url\":\"https:\\\/\\\/canal7slp.tv\\\/2025\\\/wp-content\\\/uploads\\\/2021\\\/01\\\/logo-noticieros@2x.png\",\"contentUrl\":\"https:\\\/\\\/canal7slp.tv\\\/2025\\\/wp-content\\\/uploads\\\/2021\\\/01\\\/logo-noticieros@2x.png\",\"width\":1017,\"height\":268,\"caption\":\"Noticieros Canal 7\"},\"image\":{\"@id\":\"https:\\\/\\\/canal7slp.tv\\\/2025\\\/#\\\/schema\\\/logo\\\/image\\\/\"},\"sameAs\":[\"https:\\\/\\\/www.facebook.com\\\/noticieroscanal7atencionciudadana\\\/\",\"https:\\\/\\\/x.com\\\/NOTICIEROS7\",\"https:\\\/\\\/www.instagram.com\\\/canal7_slp\",\"https:\\\/\\\/www.youtube.com\\\/channel\\\/UCliiYs-gP3JfJeqdPrNdd5A\"]},{\"@type\":\"Person\",\"@id\":\"https:\\\/\\\/canal7slp.tv\\\/2025\\\/#\\\/schema\\\/person\\\/271e2b60a96e7cc9d9ac296f4d7e414b\",\"name\":\"Edici\u00f3n Web\",\"image\":{\"@type\":\"ImageObject\",\"inLanguage\":\"es\",\"@id\":\"https:\\\/\\\/secure.gravatar.com\\\/avatar\\\/eee448fc3f7164808013b816ba91ac7e43bbe82a70bebac296f8bc6f0addaa1a?s=96&d=mm&r=g\",\"url\":\"https:\\\/\\\/secure.gravatar.com\\\/avatar\\\/eee448fc3f7164808013b816ba91ac7e43bbe82a70bebac296f8bc6f0addaa1a?s=96&d=mm&r=g\",\"contentUrl\":\"https:\\\/\\\/secure.gravatar.com\\\/avatar\\\/eee448fc3f7164808013b816ba91ac7e43bbe82a70bebac296f8bc6f0addaa1a?s=96&d=mm&r=g\",\"caption\":\"Edici\u00f3n Web\"},\"url\":\"https:\\\/\\\/canal7slp.tv\\\/2025\\\/author\\\/edicionweb\\\/\"}]}<\/script>\n<!-- \/ Yoast SEO plugin. -->","yoast_head_json":{"title":"Cadenas de suministro, impactadas por colapso de corredores, durante bloqueos: CANACAR - Canal 7 SLP - 2025","robots":{"index":"index","follow":"follow","max-snippet":"max-snippet:-1","max-image-preview":"max-image-preview:large","max-video-preview":"max-video-preview:-1"},"canonical":"https:\/\/canal7slp.tv\/2025\/cadenas-de-suministro-impactadas-por-colapso-de-corredores-durante-bloqueos-canacar\/","og_locale":"es_ES","og_type":"article","og_title":"Cadenas de suministro, impactadas por colapso de corredores, durante bloqueos: CANACAR - Canal 7 SLP - 2025","og_description":"SLP.- Los bloqueos interestatales que se han dado en fechas recientes de parte de operadores de cami\u00f3n quinta rueda y de campesinos han afectado la econom\u00eda y generado p\u00e9rdidas de considerables costos a empresas del pa\u00eds, as\u00ed lo expuso el subdelegado de la C\u00e1mara Nacional del Autotransporte de Carga. \u201cObviamente han colapsado grandes corredores en todo M\u00e9xico (\u2026) pues ya f\u00e1bricas, se est\u00e1n afectando las cadenas de suministro, el abasto de supermercados, por ah\u00ed hemos visto notas donde hay compa\u00f1eros que est\u00e1n tirando productos perecederos derivado de que duraron ah\u00ed dos o tres d\u00edas con los bloqueos\u201d. Acept\u00f3 que de [&hellip;]","og_url":"https:\/\/canal7slp.tv\/2025\/cadenas-de-suministro-impactadas-por-colapso-de-corredores-durante-bloqueos-canacar\/","og_site_name":"Canal 7 SLP - 2025","article_publisher":"https:\/\/www.facebook.com\/noticieroscanal7atencionciudadana\/","article_published_time":"2025-12-04T00:29:01+00:00","og_image":[{"width":1280,"height":720,"url":"https:\/\/canal7slp.tv\/2025\/wp-content\/uploads\/2025\/12\/Poky03CANACARBloqueos.jpg","type":"image\/jpeg"}],"author":"Edici\u00f3n Web","twitter_card":"summary_large_image","twitter_creator":"@NOTICIEROS7","twitter_site":"@NOTICIEROS7","twitter_misc":{"Escrito por":"Edici\u00f3n Web","Tiempo de lectura":"2 minutos"},"schema":{"@context":"https:\/\/schema.org","@graph":[{"@type":"Article","@id":"https:\/\/canal7slp.tv\/2025\/cadenas-de-suministro-impactadas-por-colapso-de-corredores-durante-bloqueos-canacar\/#article","isPartOf":{"@id":"https:\/\/canal7slp.tv\/2025\/cadenas-de-suministro-impactadas-por-colapso-de-corredores-durante-bloqueos-canacar\/"},"author":{"name":"Edici\u00f3n Web","@id":"https:\/\/canal7slp.tv\/2025\/#\/schema\/person\/271e2b60a96e7cc9d9ac296f4d7e414b"},"headline":"Cadenas de suministro, impactadas por colapso de corredores, durante bloqueos: CANACAR","datePublished":"2025-12-04T00:29:01+00:00","mainEntityOfPage":{"@id":"https:\/\/canal7slp.tv\/2025\/cadenas-de-suministro-impactadas-por-colapso-de-corredores-durante-bloqueos-canacar\/"},"wordCount":249,"publisher":{"@id":"https:\/\/canal7slp.tv\/2025\/#organization"},"image":{"@id":"https:\/\/canal7slp.tv\/2025\/cadenas-de-suministro-impactadas-por-colapso-de-corredores-durante-bloqueos-canacar\/#primaryimage"},"thumbnailUrl":"https:\/\/canal7slp.tv\/2025\/wp-content\/uploads\/2025\/12\/Poky03CANACARBloqueos.jpg","articleSection":["DESTACADAS","LOCALES Y REGIONALES"],"inLanguage":"es"},{"@type":"WebPage","@id":"https:\/\/canal7slp.tv\/2025\/cadenas-de-suministro-impactadas-por-colapso-de-corredores-durante-bloqueos-canacar\/","url":"https:\/\/canal7slp.tv\/2025\/cadenas-de-suministro-impactadas-por-colapso-de-corredores-durante-bloqueos-canacar\/","name":"Cadenas de suministro, impactadas por colapso de corredores, durante bloqueos: CANACAR - Canal 7 SLP - 2025","isPartOf":{"@id":"https:\/\/canal7slp.tv\/2025\/#website"},"primaryImageOfPage":{"@id":"https:\/\/canal7slp.tv\/2025\/cadenas-de-suministro-impactadas-por-colapso-de-corredores-durante-bloqueos-canacar\/#primaryimage"},"image":{"@id":"https:\/\/canal7slp.tv\/2025\/cadenas-de-suministro-impactadas-por-colapso-de-corredores-durante-bloqueos-canacar\/#primaryimage"},"thumbnailUrl":"https:\/\/canal7slp.tv\/2025\/wp-content\/uploads\/2025\/12\/Poky03CANACARBloqueos.jpg","datePublished":"2025-12-04T00:29:01+00:00","breadcrumb":{"@id":"https:\/\/canal7slp.tv\/2025\/cadenas-de-suministro-impactadas-por-colapso-de-corredores-durante-bloqueos-canacar\/#breadcrumb"},"inLanguage":"es","potentialAction":[{"@type":"ReadAction","target":["https:\/\/canal7slp.tv\/2025\/cadenas-de-suministro-impactadas-por-colapso-de-corredores-durante-bloqueos-canacar\/"]}]},{"@type":"ImageObject","inLanguage":"es","@id":"https:\/\/canal7slp.tv\/2025\/cadenas-de-suministro-impactadas-por-colapso-de-corredores-durante-bloqueos-canacar\/#primaryimage","url":"https:\/\/canal7slp.tv\/2025\/wp-content\/uploads\/2025\/12\/Poky03CANACARBloqueos.jpg","contentUrl":"https:\/\/canal7slp.tv\/2025\/wp-content\/uploads\/2025\/12\/Poky03CANACARBloqueos.jpg","width":1280,"height":720},{"@type":"BreadcrumbList","@id":"https:\/\/canal7slp.tv\/2025\/cadenas-de-suministro-impactadas-por-colapso-de-corredores-durante-bloqueos-canacar\/#breadcrumb","itemListElement":[{"@type":"ListItem","position":1,"name":"Portada","item":"https:\/\/canal7slp.tv\/2025\/"},{"@type":"ListItem","position":2,"name":"Cadenas de suministro, impactadas por colapso de corredores, durante bloqueos: CANACAR"}]},{"@type":"WebSite","@id":"https:\/\/canal7slp.tv\/2025\/#website","url":"https:\/\/canal7slp.tv\/2025\/","name":"N7 - Noticieros Canal 7","description":"Somos el Medio","publisher":{"@id":"https:\/\/canal7slp.tv\/2025\/#organization"},"potentialAction":[{"@type":"SearchAction","target":{"@type":"EntryPoint","urlTemplate":"https:\/\/canal7slp.tv\/2025\/?s={search_term_string}"},"query-input":{"@type":"PropertyValueSpecification","valueRequired":true,"valueName":"search_term_string"}}],"inLanguage":"es"},{"@type":"Organization","@id":"https:\/\/canal7slp.tv\/2025\/#organization","name":"Noticieros Canal 7","url":"https:\/\/canal7slp.tv\/2025\/","logo":{"@type":"ImageObject","inLanguage":"es","@id":"https:\/\/canal7slp.tv\/2025\/#\/schema\/logo\/image\/","url":"https:\/\/canal7slp.tv\/2025\/wp-content\/uploads\/2021\/01\/logo-noticieros@2x.png","contentUrl":"https:\/\/canal7slp.tv\/2025\/wp-content\/uploads\/2021\/01\/logo-noticieros@2x.png","width":1017,"height":268,"caption":"Noticieros Canal 7"},"image":{"@id":"https:\/\/canal7slp.tv\/2025\/#\/schema\/logo\/image\/"},"sameAs":["https:\/\/www.facebook.com\/noticieroscanal7atencionciudadana\/","https:\/\/x.com\/NOTICIEROS7","https:\/\/www.instagram.com\/canal7_slp","https:\/\/www.youtube.com\/channel\/UCliiYs-gP3JfJeqdPrNdd5A"]},{"@type":"Person","@id":"https:\/\/canal7slp.tv\/2025\/#\/schema\/person\/271e2b60a96e7cc9d9ac296f4d7e414b","name":"Edici\u00f3n Web","image":{"@type":"ImageObject","inLanguage":"es","@id":"https:\/\/secure.gravatar.com\/avatar\/eee448fc3f7164808013b816ba91ac7e43bbe82a70bebac296f8bc6f0addaa1a?s=96&d=mm&r=g","url":"https:\/\/secure.gravatar.com\/avatar\/eee448fc3f7164808013b816ba91ac7e43bbe82a70bebac296f8bc6f0addaa1a?s=96&d=mm&r=g","contentUrl":"https:\/\/secure.gravatar.com\/avatar\/eee448fc3f7164808013b816ba91ac7e43bbe82a70bebac296f8bc6f0addaa1a?s=96&d=mm&r=g","caption":"Edici\u00f3n Web"},"url":"https:\/\/canal7slp.tv\/2025\/author\/edicionweb\/"}]}},"_links":{"self":[{"href":"https:\/\/canal7slp.tv\/2025\/wp-json\/wp\/v2\/posts\/186899","targetHints":{"allow":["GET"]}}],"collection":[{"href":"https:\/\/canal7slp.tv\/2025\/wp-json\/wp\/v2\/posts"}],"about":[{"href":"https:\/\/canal7slp.tv\/2025\/wp-json\/wp\/v2\/types\/post"}],"author":[{"embeddable":true,"href":"https:\/\/canal7slp.tv\/2025\/wp-json\/wp\/v2\/users\/2"}],"replies":[{"embeddable":true,"href":"https:\/\/canal7slp.tv\/2025\/wp-json\/wp\/v2\/comments?post=186899"}],"version-history":[{"count":2,"href":"https:\/\/canal7slp.tv\/2025\/wp-json\/wp\/v2\/posts\/186899\/revisions"}],"predecessor-version":[{"id":186907,"href":"https:\/\/canal7slp.tv\/2025\/wp-json\/wp\/v2\/posts\/186899\/revisions\/186907"}],"wp:featuredmedia":[{"embeddable":true,"href":"https:\/\/canal7slp.tv\/2025\/wp-json\/wp\/v2\/media\/186906"}],"wp:attachment":[{"href":"https:\/\/canal7slp.tv\/2025\/wp-json\/wp\/v2\/media?parent=186899"}],"wp:term":[{"taxonomy":"category","embeddable":true,"href":"https:\/\/canal7slp.tv\/2025\/wp-json\/wp\/v2\/categories?post=186899"},{"taxonomy":"post_tag","embeddable":true,"href":"https:\/\/canal7slp.tv\/2025\/wp-json\/wp\/v2\/tags?post=186899"}],"curies":[{"name":"wp","href":"https:\/\/api.w.org\/{rel}","templated":true}]}}