{"id":186887,"date":"2025-12-03T17:46:55","date_gmt":"2025-12-03T23:46:55","guid":{"rendered":"https:\/\/canal7slp.tv\/2025\/?p=186887"},"modified":"2025-12-03T17:46:55","modified_gmt":"2025-12-03T23:46:55","slug":"sin-estrategia-coherente-economia-circular-avanzara-fragmentada-advierten-en-foro-de-energias-limpias","status":"publish","type":"post","link":"https:\/\/canal7slp.tv\/2025\/sin-estrategia-coherente-economia-circular-avanzara-fragmentada-advierten-en-foro-de-energias-limpias\/","title":{"rendered":"Sin estrategia coherente, econom\u00eda circular avanzar\u00e1 fragmentada, advierten en Foro de Energ\u00edas Limpias"},"content":{"rendered":"<p style=\"text-align: justify;\"><span style=\"font-size: 1.21429rem;\">SLP.- El impulso de la econom\u00eda circular en San Luis Potos\u00ed requiere coordinaci\u00f3n, diagn\u00f3sticos completos y una dispersi\u00f3n de prioridades de acuerdo a actores p\u00fablicos, privados y acad\u00e9micos.<\/span><\/p>\n<p style=\"text-align: justify;\">Ese fue el eje que marc\u00f3 el panel \u201cSan Luis Potos\u00ed frente al reto de la econom\u00eda circular\u201d, realizado durante el Quinto Foro de Energ\u00edas Limpias y Transici\u00f3n Energ\u00e9tica, donde se llam\u00f3 a establecer bases comunes antes de tomar decisiones de inversi\u00f3n o implementaci\u00f3n.<\/p>\n<p style=\"text-align: justify;\">Desde el \u00e1mbito acad\u00e9mico, la Dra. Mar\u00eda L\u00e1zaro subray\u00f3 que cualquier avance requiere colaboraci\u00f3n sostenida y participaci\u00f3n activa desde el nivel individual.<\/p>\n<p style=\"text-align: justify;\">\u201cLa invitaci\u00f3n a mantener el di\u00e1logo abierto a buscar estructuras que nos permitan efectivamente colaborar y que de alguna forma mantengamos el esp\u00edritu de que cada uno de nosotros puede contribuir, si empezamos por nosotros a partir de ello podemos de alguna manera inspirar al resto que nos rodea porque esto es una tarea de todos en donde nos vemos beneficiados todos\u00bb, dijo.<\/p>\n<p style=\"text-align: justify;\">Desde el sector social se coincidi\u00f3 en la urgencia de fortalecer estos espacios, fue el director de Cambio de Ruta, Luis Gonz\u00e1lez Lozano quien se\u00f1al\u00f3 que la construcci\u00f3n colectiva de acuerdos es indispensable para que el estado pueda posicionarse como un referente.<\/p>\n<p style=\"text-align: justify;\">\u00abEsto es un liderazgo verde que es importante se siga fomentando y que haya este debate serio de las ideas, es muy importante que empecemos a dialogar que empecemos a comprender todas las posturas para sacar un punto de acuerdo y llevarlo adelante; estos ejercicios son escasos y la participaci\u00f3n IPAC y de todos los que estamos aqu\u00ed la academia, los empresarios, la parte gubernamental, abona mucho para que San Luis sea un l\u00edder en econom\u00eda circular\u201d, expres\u00f3.<\/p>\n<p style=\"text-align: justify;\">Desde el Congreso del Estado, el diputado Luis Emilio Rosas advirti\u00f3 que SLP se encuentra en un momento previo a la toma de decisiones profundas, donde a\u00fan no existen objetivos claros.<\/p>\n<p style=\"text-align: justify;\">\u00abEstamos en un estatus de gran confusi\u00f3n, creo que antes de invertir es necesario primero el di\u00e1logo, el hecho de que estemos aqu\u00ed sociedad civil, congreso, academia, empresariado, todos los presentes que est\u00e1n genuinamente interesados es important\u00edsimo y es una primera base\u201d.<\/p>\n<p style=\"text-align: justify;\">Agreg\u00f3: \u00abordenar porque si no tenemos un inventario claro de para qu\u00e9 queremos las cosas, entonces, va a ser muy dif\u00edcil avanzar&#8230; Estamos en una condici\u00f3n importante para poder potenciar las cosas&#8230; El sector p\u00fablico tiene que ser y asumir el rol del gran organizador para entonces s\u00ed poder aprovechar las oportunidades\u201d.<\/p>\n<p style=\"text-align: justify;\">A manera de conclusi\u00f3n, se advirti\u00f3 que sin una estrategia coherente \u2014que articule diagn\u00f3sticos, intereses y responsabilidades\u2014 la econom\u00eda circular seguir\u00e1 avanzando de manera fragmentada y sin el impacto que la transici\u00f3n energ\u00e9tica exige.<\/p>\n<p style=\"text-align: justify;\">Por: Jos\u00e9 Luis V\u00e1zquez<\/p>\n","protected":false},"excerpt":{"rendered":"<p>SLP.- El impulso de la econom\u00eda circular en San Luis Potos\u00ed requiere coordinaci\u00f3n, diagn\u00f3sticos completos y una dispersi\u00f3n de prioridades de acuerdo a actores p\u00fablicos, privados y acad\u00e9micos. Ese fue el eje que marc\u00f3 el panel \u201cSan Luis Potos\u00ed frente al reto de la econom\u00eda circular\u201d, realizado durante el Quinto Foro de Energ\u00edas Limpias y Transici\u00f3n Energ\u00e9tica, donde se llam\u00f3 a establecer bases comunes antes de tomar decisiones de inversi\u00f3n o implementaci\u00f3n. Desde el \u00e1mbito acad\u00e9mico, la Dra. Mar\u00eda L\u00e1zaro subray\u00f3 que cualquier avance requiere colaboraci\u00f3n sostenida y participaci\u00f3n activa desde el nivel individual. \u201cLa invitaci\u00f3n a mantener el di\u00e1logo [&hellip;]<\/p>\n","protected":false},"author":2,"featured_media":186889,"comment_status":"closed","ping_status":"closed","sticky":false,"template":"","format":"video","meta":{"_monsterinsights_skip_tracking":false,"_monsterinsights_sitenote_active":false,"_monsterinsights_sitenote_note":"","_monsterinsights_sitenote_category":0,"footnotes":""},"categories":[5,45],"tags":[],"class_list":["post-186887","post","type-post","status-publish","format-video","has-post-thumbnail","hentry","category-destacadas","category-localesyregionales","post_format-post-format-video","post--single"],"yoast_head":"<!-- This site is optimized with the Yoast SEO plugin v27.5 - https:\/\/yoast.com\/product\/yoast-seo-wordpress\/ -->\n<title>Sin estrategia coherente, econom\u00eda circular avanzar\u00e1 fragmentada, advierten en Foro de Energ\u00edas Limpias - Canal 7 SLP - 2025<\/title>\n<meta name=\"robots\" content=\"index, follow, max-snippet:-1, max-image-preview:large, max-video-preview:-1\" \/>\n<link rel=\"canonical\" href=\"https:\/\/canal7slp.tv\/2025\/sin-estrategia-coherente-economia-circular-avanzara-fragmentada-advierten-en-foro-de-energias-limpias\/\" \/>\n<meta property=\"og:locale\" content=\"es_ES\" \/>\n<meta property=\"og:type\" content=\"article\" \/>\n<meta property=\"og:title\" content=\"Sin estrategia coherente, econom\u00eda circular avanzar\u00e1 fragmentada, advierten en Foro de Energ\u00edas Limpias - Canal 7 SLP - 2025\" \/>\n<meta property=\"og:description\" content=\"SLP.- El impulso de la econom\u00eda circular en San Luis Potos\u00ed requiere coordinaci\u00f3n, diagn\u00f3sticos completos y una dispersi\u00f3n de prioridades de acuerdo a actores p\u00fablicos, privados y acad\u00e9micos. Ese fue el eje que marc\u00f3 el panel \u201cSan Luis Potos\u00ed frente al reto de la econom\u00eda circular\u201d, realizado durante el Quinto Foro de Energ\u00edas Limpias y Transici\u00f3n Energ\u00e9tica, donde se llam\u00f3 a establecer bases comunes antes de tomar decisiones de inversi\u00f3n o implementaci\u00f3n. Desde el \u00e1mbito acad\u00e9mico, la Dra. Mar\u00eda L\u00e1zaro subray\u00f3 que cualquier avance requiere colaboraci\u00f3n sostenida y participaci\u00f3n activa desde el nivel individual. \u201cLa invitaci\u00f3n a mantener el di\u00e1logo [&hellip;]\" \/>\n<meta property=\"og:url\" content=\"https:\/\/canal7slp.tv\/2025\/sin-estrategia-coherente-economia-circular-avanzara-fragmentada-advierten-en-foro-de-energias-limpias\/\" \/>\n<meta property=\"og:site_name\" content=\"Canal 7 SLP - 2025\" \/>\n<meta property=\"article:publisher\" content=\"https:\/\/www.facebook.com\/noticieroscanal7atencionciudadana\/\" \/>\n<meta property=\"article:published_time\" content=\"2025-12-03T23:46:55+00:00\" \/>\n<meta property=\"og:image\" content=\"https:\/\/canal7slp.tv\/2025\/wp-content\/uploads\/2025\/12\/Vazquez03Panel1IPAC.jpg\" \/>\n\t<meta property=\"og:image:width\" content=\"1280\" \/>\n\t<meta property=\"og:image:height\" content=\"720\" \/>\n\t<meta property=\"og:image:type\" content=\"image\/jpeg\" \/>\n<meta name=\"author\" content=\"Edici\u00f3n Web\" \/>\n<meta name=\"twitter:card\" content=\"summary_large_image\" \/>\n<meta name=\"twitter:creator\" content=\"@NOTICIEROS7\" \/>\n<meta name=\"twitter:site\" content=\"@NOTICIEROS7\" \/>\n<meta name=\"twitter:label1\" content=\"Escrito por\" \/>\n\t<meta name=\"twitter:data1\" content=\"Edici\u00f3n Web\" \/>\n\t<meta name=\"twitter:label2\" content=\"Tiempo de lectura\" \/>\n\t<meta name=\"twitter:data2\" content=\"3 minutos\" \/>\n<script type=\"application\/ld+json\" class=\"yoast-schema-graph\">{\"@context\":\"https:\\\/\\\/schema.org\",\"@graph\":[{\"@type\":\"Article\",\"@id\":\"https:\\\/\\\/canal7slp.tv\\\/2025\\\/sin-estrategia-coherente-economia-circular-avanzara-fragmentada-advierten-en-foro-de-energias-limpias\\\/#article\",\"isPartOf\":{\"@id\":\"https:\\\/\\\/canal7slp.tv\\\/2025\\\/sin-estrategia-coherente-economia-circular-avanzara-fragmentada-advierten-en-foro-de-energias-limpias\\\/\"},\"author\":{\"name\":\"Edici\u00f3n Web\",\"@id\":\"https:\\\/\\\/canal7slp.tv\\\/2025\\\/#\\\/schema\\\/person\\\/271e2b60a96e7cc9d9ac296f4d7e414b\"},\"headline\":\"Sin estrategia coherente, econom\u00eda circular avanzar\u00e1 fragmentada, advierten en Foro de Energ\u00edas Limpias\",\"datePublished\":\"2025-12-03T23:46:55+00:00\",\"mainEntityOfPage\":{\"@id\":\"https:\\\/\\\/canal7slp.tv\\\/2025\\\/sin-estrategia-coherente-economia-circular-avanzara-fragmentada-advierten-en-foro-de-energias-limpias\\\/\"},\"wordCount\":496,\"publisher\":{\"@id\":\"https:\\\/\\\/canal7slp.tv\\\/2025\\\/#organization\"},\"image\":{\"@id\":\"https:\\\/\\\/canal7slp.tv\\\/2025\\\/sin-estrategia-coherente-economia-circular-avanzara-fragmentada-advierten-en-foro-de-energias-limpias\\\/#primaryimage\"},\"thumbnailUrl\":\"https:\\\/\\\/canal7slp.tv\\\/2025\\\/wp-content\\\/uploads\\\/2025\\\/12\\\/Vazquez03Panel1IPAC.jpg\",\"articleSection\":[\"DESTACADAS\",\"LOCALES Y REGIONALES\"],\"inLanguage\":\"es\"},{\"@type\":\"WebPage\",\"@id\":\"https:\\\/\\\/canal7slp.tv\\\/2025\\\/sin-estrategia-coherente-economia-circular-avanzara-fragmentada-advierten-en-foro-de-energias-limpias\\\/\",\"url\":\"https:\\\/\\\/canal7slp.tv\\\/2025\\\/sin-estrategia-coherente-economia-circular-avanzara-fragmentada-advierten-en-foro-de-energias-limpias\\\/\",\"name\":\"Sin estrategia coherente, econom\u00eda circular avanzar\u00e1 fragmentada, advierten en Foro de Energ\u00edas Limpias - Canal 7 SLP - 2025\",\"isPartOf\":{\"@id\":\"https:\\\/\\\/canal7slp.tv\\\/2025\\\/#website\"},\"primaryImageOfPage\":{\"@id\":\"https:\\\/\\\/canal7slp.tv\\\/2025\\\/sin-estrategia-coherente-economia-circular-avanzara-fragmentada-advierten-en-foro-de-energias-limpias\\\/#primaryimage\"},\"image\":{\"@id\":\"https:\\\/\\\/canal7slp.tv\\\/2025\\\/sin-estrategia-coherente-economia-circular-avanzara-fragmentada-advierten-en-foro-de-energias-limpias\\\/#primaryimage\"},\"thumbnailUrl\":\"https:\\\/\\\/canal7slp.tv\\\/2025\\\/wp-content\\\/uploads\\\/2025\\\/12\\\/Vazquez03Panel1IPAC.jpg\",\"datePublished\":\"2025-12-03T23:46:55+00:00\",\"breadcrumb\":{\"@id\":\"https:\\\/\\\/canal7slp.tv\\\/2025\\\/sin-estrategia-coherente-economia-circular-avanzara-fragmentada-advierten-en-foro-de-energias-limpias\\\/#breadcrumb\"},\"inLanguage\":\"es\",\"potentialAction\":[{\"@type\":\"ReadAction\",\"target\":[\"https:\\\/\\\/canal7slp.tv\\\/2025\\\/sin-estrategia-coherente-economia-circular-avanzara-fragmentada-advierten-en-foro-de-energias-limpias\\\/\"]}]},{\"@type\":\"ImageObject\",\"inLanguage\":\"es\",\"@id\":\"https:\\\/\\\/canal7slp.tv\\\/2025\\\/sin-estrategia-coherente-economia-circular-avanzara-fragmentada-advierten-en-foro-de-energias-limpias\\\/#primaryimage\",\"url\":\"https:\\\/\\\/canal7slp.tv\\\/2025\\\/wp-content\\\/uploads\\\/2025\\\/12\\\/Vazquez03Panel1IPAC.jpg\",\"contentUrl\":\"https:\\\/\\\/canal7slp.tv\\\/2025\\\/wp-content\\\/uploads\\\/2025\\\/12\\\/Vazquez03Panel1IPAC.jpg\",\"width\":1280,\"height\":720},{\"@type\":\"BreadcrumbList\",\"@id\":\"https:\\\/\\\/canal7slp.tv\\\/2025\\\/sin-estrategia-coherente-economia-circular-avanzara-fragmentada-advierten-en-foro-de-energias-limpias\\\/#breadcrumb\",\"itemListElement\":[{\"@type\":\"ListItem\",\"position\":1,\"name\":\"Portada\",\"item\":\"https:\\\/\\\/canal7slp.tv\\\/2025\\\/\"},{\"@type\":\"ListItem\",\"position\":2,\"name\":\"Sin estrategia coherente, econom\u00eda circular avanzar\u00e1 fragmentada, advierten en Foro de Energ\u00edas Limpias\"}]},{\"@type\":\"WebSite\",\"@id\":\"https:\\\/\\\/canal7slp.tv\\\/2025\\\/#website\",\"url\":\"https:\\\/\\\/canal7slp.tv\\\/2025\\\/\",\"name\":\"N7 - Noticieros Canal 7\",\"description\":\"Somos el Medio\",\"publisher\":{\"@id\":\"https:\\\/\\\/canal7slp.tv\\\/2025\\\/#organization\"},\"potentialAction\":[{\"@type\":\"SearchAction\",\"target\":{\"@type\":\"EntryPoint\",\"urlTemplate\":\"https:\\\/\\\/canal7slp.tv\\\/2025\\\/?s={search_term_string}\"},\"query-input\":{\"@type\":\"PropertyValueSpecification\",\"valueRequired\":true,\"valueName\":\"search_term_string\"}}],\"inLanguage\":\"es\"},{\"@type\":\"Organization\",\"@id\":\"https:\\\/\\\/canal7slp.tv\\\/2025\\\/#organization\",\"name\":\"Noticieros Canal 7\",\"url\":\"https:\\\/\\\/canal7slp.tv\\\/2025\\\/\",\"logo\":{\"@type\":\"ImageObject\",\"inLanguage\":\"es\",\"@id\":\"https:\\\/\\\/canal7slp.tv\\\/2025\\\/#\\\/schema\\\/logo\\\/image\\\/\",\"url\":\"https:\\\/\\\/canal7slp.tv\\\/2025\\\/wp-content\\\/uploads\\\/2021\\\/01\\\/logo-noticieros@2x.png\",\"contentUrl\":\"https:\\\/\\\/canal7slp.tv\\\/2025\\\/wp-content\\\/uploads\\\/2021\\\/01\\\/logo-noticieros@2x.png\",\"width\":1017,\"height\":268,\"caption\":\"Noticieros Canal 7\"},\"image\":{\"@id\":\"https:\\\/\\\/canal7slp.tv\\\/2025\\\/#\\\/schema\\\/logo\\\/image\\\/\"},\"sameAs\":[\"https:\\\/\\\/www.facebook.com\\\/noticieroscanal7atencionciudadana\\\/\",\"https:\\\/\\\/x.com\\\/NOTICIEROS7\",\"https:\\\/\\\/www.instagram.com\\\/canal7_slp\",\"https:\\\/\\\/www.youtube.com\\\/channel\\\/UCliiYs-gP3JfJeqdPrNdd5A\"]},{\"@type\":\"Person\",\"@id\":\"https:\\\/\\\/canal7slp.tv\\\/2025\\\/#\\\/schema\\\/person\\\/271e2b60a96e7cc9d9ac296f4d7e414b\",\"name\":\"Edici\u00f3n Web\",\"image\":{\"@type\":\"ImageObject\",\"inLanguage\":\"es\",\"@id\":\"https:\\\/\\\/secure.gravatar.com\\\/avatar\\\/eee448fc3f7164808013b816ba91ac7e43bbe82a70bebac296f8bc6f0addaa1a?s=96&d=mm&r=g\",\"url\":\"https:\\\/\\\/secure.gravatar.com\\\/avatar\\\/eee448fc3f7164808013b816ba91ac7e43bbe82a70bebac296f8bc6f0addaa1a?s=96&d=mm&r=g\",\"contentUrl\":\"https:\\\/\\\/secure.gravatar.com\\\/avatar\\\/eee448fc3f7164808013b816ba91ac7e43bbe82a70bebac296f8bc6f0addaa1a?s=96&d=mm&r=g\",\"caption\":\"Edici\u00f3n Web\"},\"url\":\"https:\\\/\\\/canal7slp.tv\\\/2025\\\/author\\\/edicionweb\\\/\"}]}<\/script>\n<!-- \/ Yoast SEO plugin. -->","yoast_head_json":{"title":"Sin estrategia coherente, econom\u00eda circular avanzar\u00e1 fragmentada, advierten en Foro de Energ\u00edas Limpias - Canal 7 SLP - 2025","robots":{"index":"index","follow":"follow","max-snippet":"max-snippet:-1","max-image-preview":"max-image-preview:large","max-video-preview":"max-video-preview:-1"},"canonical":"https:\/\/canal7slp.tv\/2025\/sin-estrategia-coherente-economia-circular-avanzara-fragmentada-advierten-en-foro-de-energias-limpias\/","og_locale":"es_ES","og_type":"article","og_title":"Sin estrategia coherente, econom\u00eda circular avanzar\u00e1 fragmentada, advierten en Foro de Energ\u00edas Limpias - Canal 7 SLP - 2025","og_description":"SLP.- El impulso de la econom\u00eda circular en San Luis Potos\u00ed requiere coordinaci\u00f3n, diagn\u00f3sticos completos y una dispersi\u00f3n de prioridades de acuerdo a actores p\u00fablicos, privados y acad\u00e9micos. Ese fue el eje que marc\u00f3 el panel \u201cSan Luis Potos\u00ed frente al reto de la econom\u00eda circular\u201d, realizado durante el Quinto Foro de Energ\u00edas Limpias y Transici\u00f3n Energ\u00e9tica, donde se llam\u00f3 a establecer bases comunes antes de tomar decisiones de inversi\u00f3n o implementaci\u00f3n. Desde el \u00e1mbito acad\u00e9mico, la Dra. Mar\u00eda L\u00e1zaro subray\u00f3 que cualquier avance requiere colaboraci\u00f3n sostenida y participaci\u00f3n activa desde el nivel individual. \u201cLa invitaci\u00f3n a mantener el di\u00e1logo [&hellip;]","og_url":"https:\/\/canal7slp.tv\/2025\/sin-estrategia-coherente-economia-circular-avanzara-fragmentada-advierten-en-foro-de-energias-limpias\/","og_site_name":"Canal 7 SLP - 2025","article_publisher":"https:\/\/www.facebook.com\/noticieroscanal7atencionciudadana\/","article_published_time":"2025-12-03T23:46:55+00:00","og_image":[{"width":1280,"height":720,"url":"https:\/\/canal7slp.tv\/2025\/wp-content\/uploads\/2025\/12\/Vazquez03Panel1IPAC.jpg","type":"image\/jpeg"}],"author":"Edici\u00f3n Web","twitter_card":"summary_large_image","twitter_creator":"@NOTICIEROS7","twitter_site":"@NOTICIEROS7","twitter_misc":{"Escrito por":"Edici\u00f3n Web","Tiempo de lectura":"3 minutos"},"schema":{"@context":"https:\/\/schema.org","@graph":[{"@type":"Article","@id":"https:\/\/canal7slp.tv\/2025\/sin-estrategia-coherente-economia-circular-avanzara-fragmentada-advierten-en-foro-de-energias-limpias\/#article","isPartOf":{"@id":"https:\/\/canal7slp.tv\/2025\/sin-estrategia-coherente-economia-circular-avanzara-fragmentada-advierten-en-foro-de-energias-limpias\/"},"author":{"name":"Edici\u00f3n Web","@id":"https:\/\/canal7slp.tv\/2025\/#\/schema\/person\/271e2b60a96e7cc9d9ac296f4d7e414b"},"headline":"Sin estrategia coherente, econom\u00eda circular avanzar\u00e1 fragmentada, advierten en Foro de Energ\u00edas Limpias","datePublished":"2025-12-03T23:46:55+00:00","mainEntityOfPage":{"@id":"https:\/\/canal7slp.tv\/2025\/sin-estrategia-coherente-economia-circular-avanzara-fragmentada-advierten-en-foro-de-energias-limpias\/"},"wordCount":496,"publisher":{"@id":"https:\/\/canal7slp.tv\/2025\/#organization"},"image":{"@id":"https:\/\/canal7slp.tv\/2025\/sin-estrategia-coherente-economia-circular-avanzara-fragmentada-advierten-en-foro-de-energias-limpias\/#primaryimage"},"thumbnailUrl":"https:\/\/canal7slp.tv\/2025\/wp-content\/uploads\/2025\/12\/Vazquez03Panel1IPAC.jpg","articleSection":["DESTACADAS","LOCALES Y REGIONALES"],"inLanguage":"es"},{"@type":"WebPage","@id":"https:\/\/canal7slp.tv\/2025\/sin-estrategia-coherente-economia-circular-avanzara-fragmentada-advierten-en-foro-de-energias-limpias\/","url":"https:\/\/canal7slp.tv\/2025\/sin-estrategia-coherente-economia-circular-avanzara-fragmentada-advierten-en-foro-de-energias-limpias\/","name":"Sin estrategia coherente, econom\u00eda circular avanzar\u00e1 fragmentada, advierten en Foro de Energ\u00edas Limpias - Canal 7 SLP - 2025","isPartOf":{"@id":"https:\/\/canal7slp.tv\/2025\/#website"},"primaryImageOfPage":{"@id":"https:\/\/canal7slp.tv\/2025\/sin-estrategia-coherente-economia-circular-avanzara-fragmentada-advierten-en-foro-de-energias-limpias\/#primaryimage"},"image":{"@id":"https:\/\/canal7slp.tv\/2025\/sin-estrategia-coherente-economia-circular-avanzara-fragmentada-advierten-en-foro-de-energias-limpias\/#primaryimage"},"thumbnailUrl":"https:\/\/canal7slp.tv\/2025\/wp-content\/uploads\/2025\/12\/Vazquez03Panel1IPAC.jpg","datePublished":"2025-12-03T23:46:55+00:00","breadcrumb":{"@id":"https:\/\/canal7slp.tv\/2025\/sin-estrategia-coherente-economia-circular-avanzara-fragmentada-advierten-en-foro-de-energias-limpias\/#breadcrumb"},"inLanguage":"es","potentialAction":[{"@type":"ReadAction","target":["https:\/\/canal7slp.tv\/2025\/sin-estrategia-coherente-economia-circular-avanzara-fragmentada-advierten-en-foro-de-energias-limpias\/"]}]},{"@type":"ImageObject","inLanguage":"es","@id":"https:\/\/canal7slp.tv\/2025\/sin-estrategia-coherente-economia-circular-avanzara-fragmentada-advierten-en-foro-de-energias-limpias\/#primaryimage","url":"https:\/\/canal7slp.tv\/2025\/wp-content\/uploads\/2025\/12\/Vazquez03Panel1IPAC.jpg","contentUrl":"https:\/\/canal7slp.tv\/2025\/wp-content\/uploads\/2025\/12\/Vazquez03Panel1IPAC.jpg","width":1280,"height":720},{"@type":"BreadcrumbList","@id":"https:\/\/canal7slp.tv\/2025\/sin-estrategia-coherente-economia-circular-avanzara-fragmentada-advierten-en-foro-de-energias-limpias\/#breadcrumb","itemListElement":[{"@type":"ListItem","position":1,"name":"Portada","item":"https:\/\/canal7slp.tv\/2025\/"},{"@type":"ListItem","position":2,"name":"Sin estrategia coherente, econom\u00eda circular avanzar\u00e1 fragmentada, advierten en Foro de Energ\u00edas Limpias"}]},{"@type":"WebSite","@id":"https:\/\/canal7slp.tv\/2025\/#website","url":"https:\/\/canal7slp.tv\/2025\/","name":"N7 - Noticieros Canal 7","description":"Somos el Medio","publisher":{"@id":"https:\/\/canal7slp.tv\/2025\/#organization"},"potentialAction":[{"@type":"SearchAction","target":{"@type":"EntryPoint","urlTemplate":"https:\/\/canal7slp.tv\/2025\/?s={search_term_string}"},"query-input":{"@type":"PropertyValueSpecification","valueRequired":true,"valueName":"search_term_string"}}],"inLanguage":"es"},{"@type":"Organization","@id":"https:\/\/canal7slp.tv\/2025\/#organization","name":"Noticieros Canal 7","url":"https:\/\/canal7slp.tv\/2025\/","logo":{"@type":"ImageObject","inLanguage":"es","@id":"https:\/\/canal7slp.tv\/2025\/#\/schema\/logo\/image\/","url":"https:\/\/canal7slp.tv\/2025\/wp-content\/uploads\/2021\/01\/logo-noticieros@2x.png","contentUrl":"https:\/\/canal7slp.tv\/2025\/wp-content\/uploads\/2021\/01\/logo-noticieros@2x.png","width":1017,"height":268,"caption":"Noticieros Canal 7"},"image":{"@id":"https:\/\/canal7slp.tv\/2025\/#\/schema\/logo\/image\/"},"sameAs":["https:\/\/www.facebook.com\/noticieroscanal7atencionciudadana\/","https:\/\/x.com\/NOTICIEROS7","https:\/\/www.instagram.com\/canal7_slp","https:\/\/www.youtube.com\/channel\/UCliiYs-gP3JfJeqdPrNdd5A"]},{"@type":"Person","@id":"https:\/\/canal7slp.tv\/2025\/#\/schema\/person\/271e2b60a96e7cc9d9ac296f4d7e414b","name":"Edici\u00f3n Web","image":{"@type":"ImageObject","inLanguage":"es","@id":"https:\/\/secure.gravatar.com\/avatar\/eee448fc3f7164808013b816ba91ac7e43bbe82a70bebac296f8bc6f0addaa1a?s=96&d=mm&r=g","url":"https:\/\/secure.gravatar.com\/avatar\/eee448fc3f7164808013b816ba91ac7e43bbe82a70bebac296f8bc6f0addaa1a?s=96&d=mm&r=g","contentUrl":"https:\/\/secure.gravatar.com\/avatar\/eee448fc3f7164808013b816ba91ac7e43bbe82a70bebac296f8bc6f0addaa1a?s=96&d=mm&r=g","caption":"Edici\u00f3n Web"},"url":"https:\/\/canal7slp.tv\/2025\/author\/edicionweb\/"}]}},"_links":{"self":[{"href":"https:\/\/canal7slp.tv\/2025\/wp-json\/wp\/v2\/posts\/186887","targetHints":{"allow":["GET"]}}],"collection":[{"href":"https:\/\/canal7slp.tv\/2025\/wp-json\/wp\/v2\/posts"}],"about":[{"href":"https:\/\/canal7slp.tv\/2025\/wp-json\/wp\/v2\/types\/post"}],"author":[{"embeddable":true,"href":"https:\/\/canal7slp.tv\/2025\/wp-json\/wp\/v2\/users\/2"}],"replies":[{"embeddable":true,"href":"https:\/\/canal7slp.tv\/2025\/wp-json\/wp\/v2\/comments?post=186887"}],"version-history":[{"count":1,"href":"https:\/\/canal7slp.tv\/2025\/wp-json\/wp\/v2\/posts\/186887\/revisions"}],"predecessor-version":[{"id":186890,"href":"https:\/\/canal7slp.tv\/2025\/wp-json\/wp\/v2\/posts\/186887\/revisions\/186890"}],"wp:featuredmedia":[{"embeddable":true,"href":"https:\/\/canal7slp.tv\/2025\/wp-json\/wp\/v2\/media\/186889"}],"wp:attachment":[{"href":"https:\/\/canal7slp.tv\/2025\/wp-json\/wp\/v2\/media?parent=186887"}],"wp:term":[{"taxonomy":"category","embeddable":true,"href":"https:\/\/canal7slp.tv\/2025\/wp-json\/wp\/v2\/categories?post=186887"},{"taxonomy":"post_tag","embeddable":true,"href":"https:\/\/canal7slp.tv\/2025\/wp-json\/wp\/v2\/tags?post=186887"}],"curies":[{"name":"wp","href":"https:\/\/api.w.org\/{rel}","templated":true}]}}