{"id":186861,"date":"2025-12-03T16:35:12","date_gmt":"2025-12-03T22:35:12","guid":{"rendered":"https:\/\/canal7slp.tv\/2025\/?p=186861"},"modified":"2025-12-03T16:35:12","modified_gmt":"2025-12-03T22:35:12","slug":"senado-elige-a-ernestina-godoy-ramos-como-nueva-titular-de-la-fgr","status":"publish","type":"post","link":"https:\/\/canal7slp.tv\/2025\/senado-elige-a-ernestina-godoy-ramos-como-nueva-titular-de-la-fgr\/","title":{"rendered":"Senado elige a Ernestina Godoy Ramos como nueva titular de la FGR"},"content":{"rendered":"<p style=\"text-align: justify;\">M\u00e9xico.- El Pleno del Senado de la Rep\u00fablica design\u00f3 este mi\u00e9rcoles a Ernestina Godoy Ramos como nueva titular de la Fiscal\u00eda General de la Rep\u00fablica (FGR), con un periodo de nueve a\u00f1os. La elecci\u00f3n se realiz\u00f3 mediante votaci\u00f3n por c\u00e9dula, en la que Godoy Ramos obtuvo 97 votos a favor, 19 en contra y 11 votos nulos.<\/p>\n<p style=\"text-align: justify;\">La designaci\u00f3n se efectu\u00f3 bajo el procedimiento de \u00abfast track\u00bb o resoluci\u00f3n urgente, aprobado previamente por la C\u00e1mara Alta. Este mecanismo permiti\u00f3 que la discusi\u00f3n y votaci\u00f3n de la terna, enviada por la presidenta Claudia Sheinbaum, se llevara a cabo en una misma jornada. Dicha terna estaba integrada, adem\u00e1s de Godoy Ramos, por Luz Mar\u00eda Zarza Delgado y Maribel Bojorges Beltr\u00e1n.<\/p>\n<p style=\"text-align: justify;\">Tras la votaci\u00f3n, Ernestina Godoy rindi\u00f3 protesta del cargo. Durante su comparecencia ante los senadores, afirm\u00f3 que durante su gesti\u00f3n no se fabricar\u00e1n culpables ni habr\u00e1 persecuci\u00f3n pol\u00edtica, pero subray\u00f3 que \u00abno habr\u00e1 impunidad\u00bb. Destac\u00f3 que la autonom\u00eda de la instituci\u00f3n se consolida mediante la cooperaci\u00f3n diaria, se\u00f1alando que \u00abla coordinaci\u00f3n no implica subordinaci\u00f3n\u00bb.<\/p>\n<p style=\"text-align: justify;\">Godoy Ramos, abogada de formaci\u00f3n y con una extensa trayectoria en el servicio p\u00fablico, se hab\u00eda desempe\u00f1ado como encargada de despacho de la FGR desde la renuncia de Alejandro Gertz Manero la semana pasada. Anteriormente, fue Fiscal General de Justicia de la Ciudad de M\u00e9xico y Consejera Jur\u00eddica del Ejecutivo Federal.<\/p>\n","protected":false},"excerpt":{"rendered":"<p>M\u00e9xico.- El Pleno del Senado de la Rep\u00fablica design\u00f3 este mi\u00e9rcoles a Ernestina Godoy Ramos como nueva titular de la Fiscal\u00eda General de la Rep\u00fablica (FGR), con un periodo de nueve a\u00f1os. La elecci\u00f3n se realiz\u00f3 mediante votaci\u00f3n por c\u00e9dula, en la que Godoy Ramos obtuvo 97 votos a favor, 19 en contra y 11 votos nulos. La designaci\u00f3n se efectu\u00f3 bajo el procedimiento de \u00abfast track\u00bb o resoluci\u00f3n urgente, aprobado previamente por la C\u00e1mara Alta. Este mecanismo permiti\u00f3 que la discusi\u00f3n y votaci\u00f3n de la terna, enviada por la presidenta Claudia Sheinbaum, se llevara a cabo en una misma [&hellip;]<\/p>\n","protected":false},"author":2,"featured_media":186862,"comment_status":"closed","ping_status":"closed","sticky":false,"template":"","format":"standard","meta":{"_monsterinsights_skip_tracking":false,"_monsterinsights_sitenote_active":false,"_monsterinsights_sitenote_note":"","_monsterinsights_sitenote_category":0,"footnotes":""},"categories":[46],"tags":[],"class_list":["post-186861","post","type-post","status-publish","format-standard","has-post-thumbnail","hentry","category-nacional","post--single"],"yoast_head":"<!-- This site is optimized with the Yoast SEO plugin v27.5 - https:\/\/yoast.com\/product\/yoast-seo-wordpress\/ -->\n<title>Senado elige a Ernestina Godoy Ramos como nueva titular de la FGR - Canal 7 SLP - 2025<\/title>\n<meta name=\"robots\" content=\"index, follow, max-snippet:-1, max-image-preview:large, max-video-preview:-1\" \/>\n<link rel=\"canonical\" href=\"https:\/\/canal7slp.tv\/2025\/senado-elige-a-ernestina-godoy-ramos-como-nueva-titular-de-la-fgr\/\" \/>\n<meta property=\"og:locale\" content=\"es_ES\" \/>\n<meta property=\"og:type\" content=\"article\" \/>\n<meta property=\"og:title\" content=\"Senado elige a Ernestina Godoy Ramos como nueva titular de la FGR - Canal 7 SLP - 2025\" \/>\n<meta property=\"og:description\" content=\"M\u00e9xico.- El Pleno del Senado de la Rep\u00fablica design\u00f3 este mi\u00e9rcoles a Ernestina Godoy Ramos como nueva titular de la Fiscal\u00eda General de la Rep\u00fablica (FGR), con un periodo de nueve a\u00f1os. La elecci\u00f3n se realiz\u00f3 mediante votaci\u00f3n por c\u00e9dula, en la que Godoy Ramos obtuvo 97 votos a favor, 19 en contra y 11 votos nulos. La designaci\u00f3n se efectu\u00f3 bajo el procedimiento de \u00abfast track\u00bb o resoluci\u00f3n urgente, aprobado previamente por la C\u00e1mara Alta. Este mecanismo permiti\u00f3 que la discusi\u00f3n y votaci\u00f3n de la terna, enviada por la presidenta Claudia Sheinbaum, se llevara a cabo en una misma [&hellip;]\" \/>\n<meta property=\"og:url\" content=\"https:\/\/canal7slp.tv\/2025\/senado-elige-a-ernestina-godoy-ramos-como-nueva-titular-de-la-fgr\/\" \/>\n<meta property=\"og:site_name\" content=\"Canal 7 SLP - 2025\" \/>\n<meta property=\"article:publisher\" content=\"https:\/\/www.facebook.com\/noticieroscanal7atencionciudadana\/\" \/>\n<meta property=\"article:published_time\" content=\"2025-12-03T22:35:12+00:00\" \/>\n<meta property=\"og:image\" content=\"https:\/\/canal7slp.tv\/2025\/wp-content\/uploads\/2025\/12\/10-2.jpg\" \/>\n\t<meta property=\"og:image:width\" content=\"794\" \/>\n\t<meta property=\"og:image:height\" content=\"500\" \/>\n\t<meta property=\"og:image:type\" content=\"image\/jpeg\" \/>\n<meta name=\"author\" content=\"Edici\u00f3n Web\" \/>\n<meta name=\"twitter:card\" content=\"summary_large_image\" \/>\n<meta name=\"twitter:creator\" content=\"@NOTICIEROS7\" \/>\n<meta name=\"twitter:site\" content=\"@NOTICIEROS7\" \/>\n<meta name=\"twitter:label1\" content=\"Escrito por\" \/>\n\t<meta name=\"twitter:data1\" content=\"Edici\u00f3n Web\" \/>\n\t<meta name=\"twitter:label2\" content=\"Tiempo de lectura\" \/>\n\t<meta name=\"twitter:data2\" content=\"2 minutos\" \/>\n<script type=\"application\/ld+json\" class=\"yoast-schema-graph\">{\"@context\":\"https:\\\/\\\/schema.org\",\"@graph\":[{\"@type\":\"Article\",\"@id\":\"https:\\\/\\\/canal7slp.tv\\\/2025\\\/senado-elige-a-ernestina-godoy-ramos-como-nueva-titular-de-la-fgr\\\/#article\",\"isPartOf\":{\"@id\":\"https:\\\/\\\/canal7slp.tv\\\/2025\\\/senado-elige-a-ernestina-godoy-ramos-como-nueva-titular-de-la-fgr\\\/\"},\"author\":{\"name\":\"Edici\u00f3n Web\",\"@id\":\"https:\\\/\\\/canal7slp.tv\\\/2025\\\/#\\\/schema\\\/person\\\/271e2b60a96e7cc9d9ac296f4d7e414b\"},\"headline\":\"Senado elige a Ernestina Godoy Ramos como nueva titular de la FGR\",\"datePublished\":\"2025-12-03T22:35:12+00:00\",\"mainEntityOfPage\":{\"@id\":\"https:\\\/\\\/canal7slp.tv\\\/2025\\\/senado-elige-a-ernestina-godoy-ramos-como-nueva-titular-de-la-fgr\\\/\"},\"wordCount\":267,\"publisher\":{\"@id\":\"https:\\\/\\\/canal7slp.tv\\\/2025\\\/#organization\"},\"image\":{\"@id\":\"https:\\\/\\\/canal7slp.tv\\\/2025\\\/senado-elige-a-ernestina-godoy-ramos-como-nueva-titular-de-la-fgr\\\/#primaryimage\"},\"thumbnailUrl\":\"https:\\\/\\\/canal7slp.tv\\\/2025\\\/wp-content\\\/uploads\\\/2025\\\/12\\\/10-2.jpg\",\"articleSection\":[\"NACIONALES\"],\"inLanguage\":\"es\"},{\"@type\":\"WebPage\",\"@id\":\"https:\\\/\\\/canal7slp.tv\\\/2025\\\/senado-elige-a-ernestina-godoy-ramos-como-nueva-titular-de-la-fgr\\\/\",\"url\":\"https:\\\/\\\/canal7slp.tv\\\/2025\\\/senado-elige-a-ernestina-godoy-ramos-como-nueva-titular-de-la-fgr\\\/\",\"name\":\"Senado elige a Ernestina Godoy Ramos como nueva titular de la FGR - Canal 7 SLP - 2025\",\"isPartOf\":{\"@id\":\"https:\\\/\\\/canal7slp.tv\\\/2025\\\/#website\"},\"primaryImageOfPage\":{\"@id\":\"https:\\\/\\\/canal7slp.tv\\\/2025\\\/senado-elige-a-ernestina-godoy-ramos-como-nueva-titular-de-la-fgr\\\/#primaryimage\"},\"image\":{\"@id\":\"https:\\\/\\\/canal7slp.tv\\\/2025\\\/senado-elige-a-ernestina-godoy-ramos-como-nueva-titular-de-la-fgr\\\/#primaryimage\"},\"thumbnailUrl\":\"https:\\\/\\\/canal7slp.tv\\\/2025\\\/wp-content\\\/uploads\\\/2025\\\/12\\\/10-2.jpg\",\"datePublished\":\"2025-12-03T22:35:12+00:00\",\"breadcrumb\":{\"@id\":\"https:\\\/\\\/canal7slp.tv\\\/2025\\\/senado-elige-a-ernestina-godoy-ramos-como-nueva-titular-de-la-fgr\\\/#breadcrumb\"},\"inLanguage\":\"es\",\"potentialAction\":[{\"@type\":\"ReadAction\",\"target\":[\"https:\\\/\\\/canal7slp.tv\\\/2025\\\/senado-elige-a-ernestina-godoy-ramos-como-nueva-titular-de-la-fgr\\\/\"]}]},{\"@type\":\"ImageObject\",\"inLanguage\":\"es\",\"@id\":\"https:\\\/\\\/canal7slp.tv\\\/2025\\\/senado-elige-a-ernestina-godoy-ramos-como-nueva-titular-de-la-fgr\\\/#primaryimage\",\"url\":\"https:\\\/\\\/canal7slp.tv\\\/2025\\\/wp-content\\\/uploads\\\/2025\\\/12\\\/10-2.jpg\",\"contentUrl\":\"https:\\\/\\\/canal7slp.tv\\\/2025\\\/wp-content\\\/uploads\\\/2025\\\/12\\\/10-2.jpg\",\"width\":794,\"height\":500},{\"@type\":\"BreadcrumbList\",\"@id\":\"https:\\\/\\\/canal7slp.tv\\\/2025\\\/senado-elige-a-ernestina-godoy-ramos-como-nueva-titular-de-la-fgr\\\/#breadcrumb\",\"itemListElement\":[{\"@type\":\"ListItem\",\"position\":1,\"name\":\"Portada\",\"item\":\"https:\\\/\\\/canal7slp.tv\\\/2025\\\/\"},{\"@type\":\"ListItem\",\"position\":2,\"name\":\"Senado elige a Ernestina Godoy Ramos como nueva titular de la FGR\"}]},{\"@type\":\"WebSite\",\"@id\":\"https:\\\/\\\/canal7slp.tv\\\/2025\\\/#website\",\"url\":\"https:\\\/\\\/canal7slp.tv\\\/2025\\\/\",\"name\":\"N7 - Noticieros Canal 7\",\"description\":\"Somos el Medio\",\"publisher\":{\"@id\":\"https:\\\/\\\/canal7slp.tv\\\/2025\\\/#organization\"},\"potentialAction\":[{\"@type\":\"SearchAction\",\"target\":{\"@type\":\"EntryPoint\",\"urlTemplate\":\"https:\\\/\\\/canal7slp.tv\\\/2025\\\/?s={search_term_string}\"},\"query-input\":{\"@type\":\"PropertyValueSpecification\",\"valueRequired\":true,\"valueName\":\"search_term_string\"}}],\"inLanguage\":\"es\"},{\"@type\":\"Organization\",\"@id\":\"https:\\\/\\\/canal7slp.tv\\\/2025\\\/#organization\",\"name\":\"Noticieros Canal 7\",\"url\":\"https:\\\/\\\/canal7slp.tv\\\/2025\\\/\",\"logo\":{\"@type\":\"ImageObject\",\"inLanguage\":\"es\",\"@id\":\"https:\\\/\\\/canal7slp.tv\\\/2025\\\/#\\\/schema\\\/logo\\\/image\\\/\",\"url\":\"https:\\\/\\\/canal7slp.tv\\\/2025\\\/wp-content\\\/uploads\\\/2021\\\/01\\\/logo-noticieros@2x.png\",\"contentUrl\":\"https:\\\/\\\/canal7slp.tv\\\/2025\\\/wp-content\\\/uploads\\\/2021\\\/01\\\/logo-noticieros@2x.png\",\"width\":1017,\"height\":268,\"caption\":\"Noticieros Canal 7\"},\"image\":{\"@id\":\"https:\\\/\\\/canal7slp.tv\\\/2025\\\/#\\\/schema\\\/logo\\\/image\\\/\"},\"sameAs\":[\"https:\\\/\\\/www.facebook.com\\\/noticieroscanal7atencionciudadana\\\/\",\"https:\\\/\\\/x.com\\\/NOTICIEROS7\",\"https:\\\/\\\/www.instagram.com\\\/canal7_slp\",\"https:\\\/\\\/www.youtube.com\\\/channel\\\/UCliiYs-gP3JfJeqdPrNdd5A\"]},{\"@type\":\"Person\",\"@id\":\"https:\\\/\\\/canal7slp.tv\\\/2025\\\/#\\\/schema\\\/person\\\/271e2b60a96e7cc9d9ac296f4d7e414b\",\"name\":\"Edici\u00f3n Web\",\"image\":{\"@type\":\"ImageObject\",\"inLanguage\":\"es\",\"@id\":\"https:\\\/\\\/secure.gravatar.com\\\/avatar\\\/eee448fc3f7164808013b816ba91ac7e43bbe82a70bebac296f8bc6f0addaa1a?s=96&d=mm&r=g\",\"url\":\"https:\\\/\\\/secure.gravatar.com\\\/avatar\\\/eee448fc3f7164808013b816ba91ac7e43bbe82a70bebac296f8bc6f0addaa1a?s=96&d=mm&r=g\",\"contentUrl\":\"https:\\\/\\\/secure.gravatar.com\\\/avatar\\\/eee448fc3f7164808013b816ba91ac7e43bbe82a70bebac296f8bc6f0addaa1a?s=96&d=mm&r=g\",\"caption\":\"Edici\u00f3n Web\"},\"url\":\"https:\\\/\\\/canal7slp.tv\\\/2025\\\/author\\\/edicionweb\\\/\"}]}<\/script>\n<!-- \/ Yoast SEO plugin. -->","yoast_head_json":{"title":"Senado elige a Ernestina Godoy Ramos como nueva titular de la FGR - Canal 7 SLP - 2025","robots":{"index":"index","follow":"follow","max-snippet":"max-snippet:-1","max-image-preview":"max-image-preview:large","max-video-preview":"max-video-preview:-1"},"canonical":"https:\/\/canal7slp.tv\/2025\/senado-elige-a-ernestina-godoy-ramos-como-nueva-titular-de-la-fgr\/","og_locale":"es_ES","og_type":"article","og_title":"Senado elige a Ernestina Godoy Ramos como nueva titular de la FGR - Canal 7 SLP - 2025","og_description":"M\u00e9xico.- El Pleno del Senado de la Rep\u00fablica design\u00f3 este mi\u00e9rcoles a Ernestina Godoy Ramos como nueva titular de la Fiscal\u00eda General de la Rep\u00fablica (FGR), con un periodo de nueve a\u00f1os. La elecci\u00f3n se realiz\u00f3 mediante votaci\u00f3n por c\u00e9dula, en la que Godoy Ramos obtuvo 97 votos a favor, 19 en contra y 11 votos nulos. La designaci\u00f3n se efectu\u00f3 bajo el procedimiento de \u00abfast track\u00bb o resoluci\u00f3n urgente, aprobado previamente por la C\u00e1mara Alta. Este mecanismo permiti\u00f3 que la discusi\u00f3n y votaci\u00f3n de la terna, enviada por la presidenta Claudia Sheinbaum, se llevara a cabo en una misma [&hellip;]","og_url":"https:\/\/canal7slp.tv\/2025\/senado-elige-a-ernestina-godoy-ramos-como-nueva-titular-de-la-fgr\/","og_site_name":"Canal 7 SLP - 2025","article_publisher":"https:\/\/www.facebook.com\/noticieroscanal7atencionciudadana\/","article_published_time":"2025-12-03T22:35:12+00:00","og_image":[{"width":794,"height":500,"url":"https:\/\/canal7slp.tv\/2025\/wp-content\/uploads\/2025\/12\/10-2.jpg","type":"image\/jpeg"}],"author":"Edici\u00f3n Web","twitter_card":"summary_large_image","twitter_creator":"@NOTICIEROS7","twitter_site":"@NOTICIEROS7","twitter_misc":{"Escrito por":"Edici\u00f3n Web","Tiempo de lectura":"2 minutos"},"schema":{"@context":"https:\/\/schema.org","@graph":[{"@type":"Article","@id":"https:\/\/canal7slp.tv\/2025\/senado-elige-a-ernestina-godoy-ramos-como-nueva-titular-de-la-fgr\/#article","isPartOf":{"@id":"https:\/\/canal7slp.tv\/2025\/senado-elige-a-ernestina-godoy-ramos-como-nueva-titular-de-la-fgr\/"},"author":{"name":"Edici\u00f3n Web","@id":"https:\/\/canal7slp.tv\/2025\/#\/schema\/person\/271e2b60a96e7cc9d9ac296f4d7e414b"},"headline":"Senado elige a Ernestina Godoy Ramos como nueva titular de la FGR","datePublished":"2025-12-03T22:35:12+00:00","mainEntityOfPage":{"@id":"https:\/\/canal7slp.tv\/2025\/senado-elige-a-ernestina-godoy-ramos-como-nueva-titular-de-la-fgr\/"},"wordCount":267,"publisher":{"@id":"https:\/\/canal7slp.tv\/2025\/#organization"},"image":{"@id":"https:\/\/canal7slp.tv\/2025\/senado-elige-a-ernestina-godoy-ramos-como-nueva-titular-de-la-fgr\/#primaryimage"},"thumbnailUrl":"https:\/\/canal7slp.tv\/2025\/wp-content\/uploads\/2025\/12\/10-2.jpg","articleSection":["NACIONALES"],"inLanguage":"es"},{"@type":"WebPage","@id":"https:\/\/canal7slp.tv\/2025\/senado-elige-a-ernestina-godoy-ramos-como-nueva-titular-de-la-fgr\/","url":"https:\/\/canal7slp.tv\/2025\/senado-elige-a-ernestina-godoy-ramos-como-nueva-titular-de-la-fgr\/","name":"Senado elige a Ernestina Godoy Ramos como nueva titular de la FGR - Canal 7 SLP - 2025","isPartOf":{"@id":"https:\/\/canal7slp.tv\/2025\/#website"},"primaryImageOfPage":{"@id":"https:\/\/canal7slp.tv\/2025\/senado-elige-a-ernestina-godoy-ramos-como-nueva-titular-de-la-fgr\/#primaryimage"},"image":{"@id":"https:\/\/canal7slp.tv\/2025\/senado-elige-a-ernestina-godoy-ramos-como-nueva-titular-de-la-fgr\/#primaryimage"},"thumbnailUrl":"https:\/\/canal7slp.tv\/2025\/wp-content\/uploads\/2025\/12\/10-2.jpg","datePublished":"2025-12-03T22:35:12+00:00","breadcrumb":{"@id":"https:\/\/canal7slp.tv\/2025\/senado-elige-a-ernestina-godoy-ramos-como-nueva-titular-de-la-fgr\/#breadcrumb"},"inLanguage":"es","potentialAction":[{"@type":"ReadAction","target":["https:\/\/canal7slp.tv\/2025\/senado-elige-a-ernestina-godoy-ramos-como-nueva-titular-de-la-fgr\/"]}]},{"@type":"ImageObject","inLanguage":"es","@id":"https:\/\/canal7slp.tv\/2025\/senado-elige-a-ernestina-godoy-ramos-como-nueva-titular-de-la-fgr\/#primaryimage","url":"https:\/\/canal7slp.tv\/2025\/wp-content\/uploads\/2025\/12\/10-2.jpg","contentUrl":"https:\/\/canal7slp.tv\/2025\/wp-content\/uploads\/2025\/12\/10-2.jpg","width":794,"height":500},{"@type":"BreadcrumbList","@id":"https:\/\/canal7slp.tv\/2025\/senado-elige-a-ernestina-godoy-ramos-como-nueva-titular-de-la-fgr\/#breadcrumb","itemListElement":[{"@type":"ListItem","position":1,"name":"Portada","item":"https:\/\/canal7slp.tv\/2025\/"},{"@type":"ListItem","position":2,"name":"Senado elige a Ernestina Godoy Ramos como nueva titular de la FGR"}]},{"@type":"WebSite","@id":"https:\/\/canal7slp.tv\/2025\/#website","url":"https:\/\/canal7slp.tv\/2025\/","name":"N7 - Noticieros Canal 7","description":"Somos el Medio","publisher":{"@id":"https:\/\/canal7slp.tv\/2025\/#organization"},"potentialAction":[{"@type":"SearchAction","target":{"@type":"EntryPoint","urlTemplate":"https:\/\/canal7slp.tv\/2025\/?s={search_term_string}"},"query-input":{"@type":"PropertyValueSpecification","valueRequired":true,"valueName":"search_term_string"}}],"inLanguage":"es"},{"@type":"Organization","@id":"https:\/\/canal7slp.tv\/2025\/#organization","name":"Noticieros Canal 7","url":"https:\/\/canal7slp.tv\/2025\/","logo":{"@type":"ImageObject","inLanguage":"es","@id":"https:\/\/canal7slp.tv\/2025\/#\/schema\/logo\/image\/","url":"https:\/\/canal7slp.tv\/2025\/wp-content\/uploads\/2021\/01\/logo-noticieros@2x.png","contentUrl":"https:\/\/canal7slp.tv\/2025\/wp-content\/uploads\/2021\/01\/logo-noticieros@2x.png","width":1017,"height":268,"caption":"Noticieros Canal 7"},"image":{"@id":"https:\/\/canal7slp.tv\/2025\/#\/schema\/logo\/image\/"},"sameAs":["https:\/\/www.facebook.com\/noticieroscanal7atencionciudadana\/","https:\/\/x.com\/NOTICIEROS7","https:\/\/www.instagram.com\/canal7_slp","https:\/\/www.youtube.com\/channel\/UCliiYs-gP3JfJeqdPrNdd5A"]},{"@type":"Person","@id":"https:\/\/canal7slp.tv\/2025\/#\/schema\/person\/271e2b60a96e7cc9d9ac296f4d7e414b","name":"Edici\u00f3n Web","image":{"@type":"ImageObject","inLanguage":"es","@id":"https:\/\/secure.gravatar.com\/avatar\/eee448fc3f7164808013b816ba91ac7e43bbe82a70bebac296f8bc6f0addaa1a?s=96&d=mm&r=g","url":"https:\/\/secure.gravatar.com\/avatar\/eee448fc3f7164808013b816ba91ac7e43bbe82a70bebac296f8bc6f0addaa1a?s=96&d=mm&r=g","contentUrl":"https:\/\/secure.gravatar.com\/avatar\/eee448fc3f7164808013b816ba91ac7e43bbe82a70bebac296f8bc6f0addaa1a?s=96&d=mm&r=g","caption":"Edici\u00f3n Web"},"url":"https:\/\/canal7slp.tv\/2025\/author\/edicionweb\/"}]}},"_links":{"self":[{"href":"https:\/\/canal7slp.tv\/2025\/wp-json\/wp\/v2\/posts\/186861","targetHints":{"allow":["GET"]}}],"collection":[{"href":"https:\/\/canal7slp.tv\/2025\/wp-json\/wp\/v2\/posts"}],"about":[{"href":"https:\/\/canal7slp.tv\/2025\/wp-json\/wp\/v2\/types\/post"}],"author":[{"embeddable":true,"href":"https:\/\/canal7slp.tv\/2025\/wp-json\/wp\/v2\/users\/2"}],"replies":[{"embeddable":true,"href":"https:\/\/canal7slp.tv\/2025\/wp-json\/wp\/v2\/comments?post=186861"}],"version-history":[{"count":1,"href":"https:\/\/canal7slp.tv\/2025\/wp-json\/wp\/v2\/posts\/186861\/revisions"}],"predecessor-version":[{"id":186863,"href":"https:\/\/canal7slp.tv\/2025\/wp-json\/wp\/v2\/posts\/186861\/revisions\/186863"}],"wp:featuredmedia":[{"embeddable":true,"href":"https:\/\/canal7slp.tv\/2025\/wp-json\/wp\/v2\/media\/186862"}],"wp:attachment":[{"href":"https:\/\/canal7slp.tv\/2025\/wp-json\/wp\/v2\/media?parent=186861"}],"wp:term":[{"taxonomy":"category","embeddable":true,"href":"https:\/\/canal7slp.tv\/2025\/wp-json\/wp\/v2\/categories?post=186861"},{"taxonomy":"post_tag","embeddable":true,"href":"https:\/\/canal7slp.tv\/2025\/wp-json\/wp\/v2\/tags?post=186861"}],"curies":[{"name":"wp","href":"https:\/\/api.w.org\/{rel}","templated":true}]}}