{"id":186858,"date":"2025-12-03T16:27:27","date_gmt":"2025-12-03T22:27:27","guid":{"rendered":"https:\/\/canal7slp.tv\/2025\/?p=186858"},"modified":"2025-12-03T16:27:27","modified_gmt":"2025-12-03T22:27:27","slug":"espana-logra-aperturas-para-exportar-cerdo-desde-zona-con-restricciones-por-peste-porcina","status":"publish","type":"post","link":"https:\/\/canal7slp.tv\/2025\/espana-logra-aperturas-para-exportar-cerdo-desde-zona-con-restricciones-por-peste-porcina\/","title":{"rendered":"Espa\u00f1a logra aperturas para exportar cerdo desde zona con restricciones por peste porcina"},"content":{"rendered":"<p style=\"text-align: justify;\">Barcelona.- Argentina y el Reino Unido adoptaron nuevas disposiciones para permitir la entrada controlada de productos porcinos procedentes de Espa\u00f1a, pese al brote de peste porcina africana registrado en la provincia de Barcelona.<\/p>\n<p style=\"text-align: justify;\">De acuerdo con el Ministerio espa\u00f1ol de Agricultura, Pesca y Alimentaci\u00f3n, Buenos Aires ha levantado la suspensi\u00f3n para mercanc\u00edas consideradas seguras conforme al c\u00f3digo de la Organizaci\u00f3n Mundial de Sanidad Animal, entre ellas productos curados por un periodo m\u00ednimo de seis meses, as\u00ed como tripas y vejigas saladas que cumplan procesos espec\u00edficos de tratamiento.<\/p>\n<p style=\"text-align: justify;\">La medida excluye cualquier env\u00edo clasificado como de riesgo que haya sido certificado despu\u00e9s del 30 de octubre.<\/p>\n<p style=\"text-align: justify;\">El Reino Unido tambi\u00e9n modific\u00f3 sus requisitos y permitir\u00e1 la importaci\u00f3n de art\u00edculos que hayan sido sometidos a un tratamiento t\u00e9rmico de al menos 70 \u00b0C en todo el producto, o que, en el caso de los jamones curados, hayan superado un proceso de fermentaci\u00f3n y maduraci\u00f3n natural de nueve meses, con controles de acidez y par\u00e1metros microbiol\u00f3gicos.<\/p>\n<p style=\"text-align: justify;\">Esta decisi\u00f3n complementa la regionalizaci\u00f3n ya aceptada previamente por Londres bajo criterios compatibles con los de la Uni\u00f3n Europea.<\/p>\n<p style=\"text-align: justify;\">Las ventas anuales de productos porcinos espa\u00f1oles al mercado brit\u00e1nico rondan los 215 millones de euros.<\/p>\n<p style=\"text-align: justify;\">Mientras tanto, la Polinesia Francesa opt\u00f3 por mantener restricciones m\u00e1s estrictas y suspendi\u00f3 la entrada de carne fresca de Catalu\u00f1a y de productos que no hayan sido tratados para eliminar el virus.<\/p>\n<p style=\"text-align: justify;\">Aunque algunas naciones han comenzado a flexibilizar requisitos, contin\u00faan bloqueados m\u00e1s de 130 certificados de exportaci\u00f3n hacia unos 40 destinos.<\/p>\n<p style=\"text-align: justify;\">El brote, hasta el momento, se ha limitado a jabal\u00edes y no ha afectado a cerdos de explotaci\u00f3n comercial.<\/p>\n","protected":false},"excerpt":{"rendered":"<p>Barcelona.- Argentina y el Reino Unido adoptaron nuevas disposiciones para permitir la entrada controlada de productos porcinos procedentes de Espa\u00f1a, pese al brote de peste porcina africana registrado en la provincia de Barcelona. De acuerdo con el Ministerio espa\u00f1ol de Agricultura, Pesca y Alimentaci\u00f3n, Buenos Aires ha levantado la suspensi\u00f3n para mercanc\u00edas consideradas seguras conforme al c\u00f3digo de la Organizaci\u00f3n Mundial de Sanidad Animal, entre ellas productos curados por un periodo m\u00ednimo de seis meses, as\u00ed como tripas y vejigas saladas que cumplan procesos espec\u00edficos de tratamiento. La medida excluye cualquier env\u00edo clasificado como de riesgo que haya sido certificado [&hellip;]<\/p>\n","protected":false},"author":2,"featured_media":186859,"comment_status":"closed","ping_status":"closed","sticky":false,"template":"","format":"standard","meta":{"_monsterinsights_skip_tracking":false,"_monsterinsights_sitenote_active":false,"_monsterinsights_sitenote_note":"","_monsterinsights_sitenote_category":0,"footnotes":""},"categories":[40,44],"tags":[],"class_list":["post-186858","post","type-post","status-publish","format-standard","has-post-thumbnail","hentry","category-economia","category-internacional","post--single"],"yoast_head":"<!-- This site is optimized with the Yoast SEO plugin v27.5 - https:\/\/yoast.com\/product\/yoast-seo-wordpress\/ -->\n<title>Espa\u00f1a logra aperturas para exportar cerdo desde zona con restricciones por peste porcina - Canal 7 SLP - 2025<\/title>\n<meta name=\"robots\" content=\"index, follow, max-snippet:-1, max-image-preview:large, max-video-preview:-1\" \/>\n<link rel=\"canonical\" href=\"https:\/\/canal7slp.tv\/2025\/espana-logra-aperturas-para-exportar-cerdo-desde-zona-con-restricciones-por-peste-porcina\/\" \/>\n<meta property=\"og:locale\" content=\"es_ES\" \/>\n<meta property=\"og:type\" content=\"article\" \/>\n<meta property=\"og:title\" content=\"Espa\u00f1a logra aperturas para exportar cerdo desde zona con restricciones por peste porcina - Canal 7 SLP - 2025\" \/>\n<meta property=\"og:description\" content=\"Barcelona.- Argentina y el Reino Unido adoptaron nuevas disposiciones para permitir la entrada controlada de productos porcinos procedentes de Espa\u00f1a, pese al brote de peste porcina africana registrado en la provincia de Barcelona. De acuerdo con el Ministerio espa\u00f1ol de Agricultura, Pesca y Alimentaci\u00f3n, Buenos Aires ha levantado la suspensi\u00f3n para mercanc\u00edas consideradas seguras conforme al c\u00f3digo de la Organizaci\u00f3n Mundial de Sanidad Animal, entre ellas productos curados por un periodo m\u00ednimo de seis meses, as\u00ed como tripas y vejigas saladas que cumplan procesos espec\u00edficos de tratamiento. La medida excluye cualquier env\u00edo clasificado como de riesgo que haya sido certificado [&hellip;]\" \/>\n<meta property=\"og:url\" content=\"https:\/\/canal7slp.tv\/2025\/espana-logra-aperturas-para-exportar-cerdo-desde-zona-con-restricciones-por-peste-porcina\/\" \/>\n<meta property=\"og:site_name\" content=\"Canal 7 SLP - 2025\" \/>\n<meta property=\"article:publisher\" content=\"https:\/\/www.facebook.com\/noticieroscanal7atencionciudadana\/\" \/>\n<meta property=\"article:published_time\" content=\"2025-12-03T22:27:27+00:00\" \/>\n<meta property=\"og:image\" content=\"https:\/\/canal7slp.tv\/2025\/wp-content\/uploads\/2025\/12\/09-2.jpg\" \/>\n\t<meta property=\"og:image:width\" content=\"750\" \/>\n\t<meta property=\"og:image:height\" content=\"500\" \/>\n\t<meta property=\"og:image:type\" content=\"image\/jpeg\" \/>\n<meta name=\"author\" content=\"Edici\u00f3n Web\" \/>\n<meta name=\"twitter:card\" content=\"summary_large_image\" \/>\n<meta name=\"twitter:creator\" content=\"@NOTICIEROS7\" \/>\n<meta name=\"twitter:site\" content=\"@NOTICIEROS7\" \/>\n<meta name=\"twitter:label1\" content=\"Escrito por\" \/>\n\t<meta name=\"twitter:data1\" content=\"Edici\u00f3n Web\" \/>\n\t<meta name=\"twitter:label2\" content=\"Tiempo de lectura\" \/>\n\t<meta name=\"twitter:data2\" content=\"2 minutos\" \/>\n<script type=\"application\/ld+json\" class=\"yoast-schema-graph\">{\"@context\":\"https:\\\/\\\/schema.org\",\"@graph\":[{\"@type\":\"Article\",\"@id\":\"https:\\\/\\\/canal7slp.tv\\\/2025\\\/espana-logra-aperturas-para-exportar-cerdo-desde-zona-con-restricciones-por-peste-porcina\\\/#article\",\"isPartOf\":{\"@id\":\"https:\\\/\\\/canal7slp.tv\\\/2025\\\/espana-logra-aperturas-para-exportar-cerdo-desde-zona-con-restricciones-por-peste-porcina\\\/\"},\"author\":{\"name\":\"Edici\u00f3n Web\",\"@id\":\"https:\\\/\\\/canal7slp.tv\\\/2025\\\/#\\\/schema\\\/person\\\/271e2b60a96e7cc9d9ac296f4d7e414b\"},\"headline\":\"Espa\u00f1a logra aperturas para exportar cerdo desde zona con restricciones por peste porcina\",\"datePublished\":\"2025-12-03T22:27:27+00:00\",\"mainEntityOfPage\":{\"@id\":\"https:\\\/\\\/canal7slp.tv\\\/2025\\\/espana-logra-aperturas-para-exportar-cerdo-desde-zona-con-restricciones-por-peste-porcina\\\/\"},\"wordCount\":310,\"publisher\":{\"@id\":\"https:\\\/\\\/canal7slp.tv\\\/2025\\\/#organization\"},\"image\":{\"@id\":\"https:\\\/\\\/canal7slp.tv\\\/2025\\\/espana-logra-aperturas-para-exportar-cerdo-desde-zona-con-restricciones-por-peste-porcina\\\/#primaryimage\"},\"thumbnailUrl\":\"https:\\\/\\\/canal7slp.tv\\\/2025\\\/wp-content\\\/uploads\\\/2025\\\/12\\\/09-2.jpg\",\"articleSection\":[\"ECONOM\u00cdA\",\"INTERNACIONALES\"],\"inLanguage\":\"es\"},{\"@type\":\"WebPage\",\"@id\":\"https:\\\/\\\/canal7slp.tv\\\/2025\\\/espana-logra-aperturas-para-exportar-cerdo-desde-zona-con-restricciones-por-peste-porcina\\\/\",\"url\":\"https:\\\/\\\/canal7slp.tv\\\/2025\\\/espana-logra-aperturas-para-exportar-cerdo-desde-zona-con-restricciones-por-peste-porcina\\\/\",\"name\":\"Espa\u00f1a logra aperturas para exportar cerdo desde zona con restricciones por peste porcina - Canal 7 SLP - 2025\",\"isPartOf\":{\"@id\":\"https:\\\/\\\/canal7slp.tv\\\/2025\\\/#website\"},\"primaryImageOfPage\":{\"@id\":\"https:\\\/\\\/canal7slp.tv\\\/2025\\\/espana-logra-aperturas-para-exportar-cerdo-desde-zona-con-restricciones-por-peste-porcina\\\/#primaryimage\"},\"image\":{\"@id\":\"https:\\\/\\\/canal7slp.tv\\\/2025\\\/espana-logra-aperturas-para-exportar-cerdo-desde-zona-con-restricciones-por-peste-porcina\\\/#primaryimage\"},\"thumbnailUrl\":\"https:\\\/\\\/canal7slp.tv\\\/2025\\\/wp-content\\\/uploads\\\/2025\\\/12\\\/09-2.jpg\",\"datePublished\":\"2025-12-03T22:27:27+00:00\",\"breadcrumb\":{\"@id\":\"https:\\\/\\\/canal7slp.tv\\\/2025\\\/espana-logra-aperturas-para-exportar-cerdo-desde-zona-con-restricciones-por-peste-porcina\\\/#breadcrumb\"},\"inLanguage\":\"es\",\"potentialAction\":[{\"@type\":\"ReadAction\",\"target\":[\"https:\\\/\\\/canal7slp.tv\\\/2025\\\/espana-logra-aperturas-para-exportar-cerdo-desde-zona-con-restricciones-por-peste-porcina\\\/\"]}]},{\"@type\":\"ImageObject\",\"inLanguage\":\"es\",\"@id\":\"https:\\\/\\\/canal7slp.tv\\\/2025\\\/espana-logra-aperturas-para-exportar-cerdo-desde-zona-con-restricciones-por-peste-porcina\\\/#primaryimage\",\"url\":\"https:\\\/\\\/canal7slp.tv\\\/2025\\\/wp-content\\\/uploads\\\/2025\\\/12\\\/09-2.jpg\",\"contentUrl\":\"https:\\\/\\\/canal7slp.tv\\\/2025\\\/wp-content\\\/uploads\\\/2025\\\/12\\\/09-2.jpg\",\"width\":750,\"height\":500},{\"@type\":\"BreadcrumbList\",\"@id\":\"https:\\\/\\\/canal7slp.tv\\\/2025\\\/espana-logra-aperturas-para-exportar-cerdo-desde-zona-con-restricciones-por-peste-porcina\\\/#breadcrumb\",\"itemListElement\":[{\"@type\":\"ListItem\",\"position\":1,\"name\":\"Portada\",\"item\":\"https:\\\/\\\/canal7slp.tv\\\/2025\\\/\"},{\"@type\":\"ListItem\",\"position\":2,\"name\":\"Espa\u00f1a logra aperturas para exportar cerdo desde zona con restricciones por peste porcina\"}]},{\"@type\":\"WebSite\",\"@id\":\"https:\\\/\\\/canal7slp.tv\\\/2025\\\/#website\",\"url\":\"https:\\\/\\\/canal7slp.tv\\\/2025\\\/\",\"name\":\"N7 - Noticieros Canal 7\",\"description\":\"Somos el Medio\",\"publisher\":{\"@id\":\"https:\\\/\\\/canal7slp.tv\\\/2025\\\/#organization\"},\"potentialAction\":[{\"@type\":\"SearchAction\",\"target\":{\"@type\":\"EntryPoint\",\"urlTemplate\":\"https:\\\/\\\/canal7slp.tv\\\/2025\\\/?s={search_term_string}\"},\"query-input\":{\"@type\":\"PropertyValueSpecification\",\"valueRequired\":true,\"valueName\":\"search_term_string\"}}],\"inLanguage\":\"es\"},{\"@type\":\"Organization\",\"@id\":\"https:\\\/\\\/canal7slp.tv\\\/2025\\\/#organization\",\"name\":\"Noticieros Canal 7\",\"url\":\"https:\\\/\\\/canal7slp.tv\\\/2025\\\/\",\"logo\":{\"@type\":\"ImageObject\",\"inLanguage\":\"es\",\"@id\":\"https:\\\/\\\/canal7slp.tv\\\/2025\\\/#\\\/schema\\\/logo\\\/image\\\/\",\"url\":\"https:\\\/\\\/canal7slp.tv\\\/2025\\\/wp-content\\\/uploads\\\/2021\\\/01\\\/logo-noticieros@2x.png\",\"contentUrl\":\"https:\\\/\\\/canal7slp.tv\\\/2025\\\/wp-content\\\/uploads\\\/2021\\\/01\\\/logo-noticieros@2x.png\",\"width\":1017,\"height\":268,\"caption\":\"Noticieros Canal 7\"},\"image\":{\"@id\":\"https:\\\/\\\/canal7slp.tv\\\/2025\\\/#\\\/schema\\\/logo\\\/image\\\/\"},\"sameAs\":[\"https:\\\/\\\/www.facebook.com\\\/noticieroscanal7atencionciudadana\\\/\",\"https:\\\/\\\/x.com\\\/NOTICIEROS7\",\"https:\\\/\\\/www.instagram.com\\\/canal7_slp\",\"https:\\\/\\\/www.youtube.com\\\/channel\\\/UCliiYs-gP3JfJeqdPrNdd5A\"]},{\"@type\":\"Person\",\"@id\":\"https:\\\/\\\/canal7slp.tv\\\/2025\\\/#\\\/schema\\\/person\\\/271e2b60a96e7cc9d9ac296f4d7e414b\",\"name\":\"Edici\u00f3n Web\",\"image\":{\"@type\":\"ImageObject\",\"inLanguage\":\"es\",\"@id\":\"https:\\\/\\\/secure.gravatar.com\\\/avatar\\\/eee448fc3f7164808013b816ba91ac7e43bbe82a70bebac296f8bc6f0addaa1a?s=96&d=mm&r=g\",\"url\":\"https:\\\/\\\/secure.gravatar.com\\\/avatar\\\/eee448fc3f7164808013b816ba91ac7e43bbe82a70bebac296f8bc6f0addaa1a?s=96&d=mm&r=g\",\"contentUrl\":\"https:\\\/\\\/secure.gravatar.com\\\/avatar\\\/eee448fc3f7164808013b816ba91ac7e43bbe82a70bebac296f8bc6f0addaa1a?s=96&d=mm&r=g\",\"caption\":\"Edici\u00f3n Web\"},\"url\":\"https:\\\/\\\/canal7slp.tv\\\/2025\\\/author\\\/edicionweb\\\/\"}]}<\/script>\n<!-- \/ Yoast SEO plugin. -->","yoast_head_json":{"title":"Espa\u00f1a logra aperturas para exportar cerdo desde zona con restricciones por peste porcina - Canal 7 SLP - 2025","robots":{"index":"index","follow":"follow","max-snippet":"max-snippet:-1","max-image-preview":"max-image-preview:large","max-video-preview":"max-video-preview:-1"},"canonical":"https:\/\/canal7slp.tv\/2025\/espana-logra-aperturas-para-exportar-cerdo-desde-zona-con-restricciones-por-peste-porcina\/","og_locale":"es_ES","og_type":"article","og_title":"Espa\u00f1a logra aperturas para exportar cerdo desde zona con restricciones por peste porcina - Canal 7 SLP - 2025","og_description":"Barcelona.- Argentina y el Reino Unido adoptaron nuevas disposiciones para permitir la entrada controlada de productos porcinos procedentes de Espa\u00f1a, pese al brote de peste porcina africana registrado en la provincia de Barcelona. De acuerdo con el Ministerio espa\u00f1ol de Agricultura, Pesca y Alimentaci\u00f3n, Buenos Aires ha levantado la suspensi\u00f3n para mercanc\u00edas consideradas seguras conforme al c\u00f3digo de la Organizaci\u00f3n Mundial de Sanidad Animal, entre ellas productos curados por un periodo m\u00ednimo de seis meses, as\u00ed como tripas y vejigas saladas que cumplan procesos espec\u00edficos de tratamiento. La medida excluye cualquier env\u00edo clasificado como de riesgo que haya sido certificado [&hellip;]","og_url":"https:\/\/canal7slp.tv\/2025\/espana-logra-aperturas-para-exportar-cerdo-desde-zona-con-restricciones-por-peste-porcina\/","og_site_name":"Canal 7 SLP - 2025","article_publisher":"https:\/\/www.facebook.com\/noticieroscanal7atencionciudadana\/","article_published_time":"2025-12-03T22:27:27+00:00","og_image":[{"width":750,"height":500,"url":"https:\/\/canal7slp.tv\/2025\/wp-content\/uploads\/2025\/12\/09-2.jpg","type":"image\/jpeg"}],"author":"Edici\u00f3n Web","twitter_card":"summary_large_image","twitter_creator":"@NOTICIEROS7","twitter_site":"@NOTICIEROS7","twitter_misc":{"Escrito por":"Edici\u00f3n Web","Tiempo de lectura":"2 minutos"},"schema":{"@context":"https:\/\/schema.org","@graph":[{"@type":"Article","@id":"https:\/\/canal7slp.tv\/2025\/espana-logra-aperturas-para-exportar-cerdo-desde-zona-con-restricciones-por-peste-porcina\/#article","isPartOf":{"@id":"https:\/\/canal7slp.tv\/2025\/espana-logra-aperturas-para-exportar-cerdo-desde-zona-con-restricciones-por-peste-porcina\/"},"author":{"name":"Edici\u00f3n Web","@id":"https:\/\/canal7slp.tv\/2025\/#\/schema\/person\/271e2b60a96e7cc9d9ac296f4d7e414b"},"headline":"Espa\u00f1a logra aperturas para exportar cerdo desde zona con restricciones por peste porcina","datePublished":"2025-12-03T22:27:27+00:00","mainEntityOfPage":{"@id":"https:\/\/canal7slp.tv\/2025\/espana-logra-aperturas-para-exportar-cerdo-desde-zona-con-restricciones-por-peste-porcina\/"},"wordCount":310,"publisher":{"@id":"https:\/\/canal7slp.tv\/2025\/#organization"},"image":{"@id":"https:\/\/canal7slp.tv\/2025\/espana-logra-aperturas-para-exportar-cerdo-desde-zona-con-restricciones-por-peste-porcina\/#primaryimage"},"thumbnailUrl":"https:\/\/canal7slp.tv\/2025\/wp-content\/uploads\/2025\/12\/09-2.jpg","articleSection":["ECONOM\u00cdA","INTERNACIONALES"],"inLanguage":"es"},{"@type":"WebPage","@id":"https:\/\/canal7slp.tv\/2025\/espana-logra-aperturas-para-exportar-cerdo-desde-zona-con-restricciones-por-peste-porcina\/","url":"https:\/\/canal7slp.tv\/2025\/espana-logra-aperturas-para-exportar-cerdo-desde-zona-con-restricciones-por-peste-porcina\/","name":"Espa\u00f1a logra aperturas para exportar cerdo desde zona con restricciones por peste porcina - Canal 7 SLP - 2025","isPartOf":{"@id":"https:\/\/canal7slp.tv\/2025\/#website"},"primaryImageOfPage":{"@id":"https:\/\/canal7slp.tv\/2025\/espana-logra-aperturas-para-exportar-cerdo-desde-zona-con-restricciones-por-peste-porcina\/#primaryimage"},"image":{"@id":"https:\/\/canal7slp.tv\/2025\/espana-logra-aperturas-para-exportar-cerdo-desde-zona-con-restricciones-por-peste-porcina\/#primaryimage"},"thumbnailUrl":"https:\/\/canal7slp.tv\/2025\/wp-content\/uploads\/2025\/12\/09-2.jpg","datePublished":"2025-12-03T22:27:27+00:00","breadcrumb":{"@id":"https:\/\/canal7slp.tv\/2025\/espana-logra-aperturas-para-exportar-cerdo-desde-zona-con-restricciones-por-peste-porcina\/#breadcrumb"},"inLanguage":"es","potentialAction":[{"@type":"ReadAction","target":["https:\/\/canal7slp.tv\/2025\/espana-logra-aperturas-para-exportar-cerdo-desde-zona-con-restricciones-por-peste-porcina\/"]}]},{"@type":"ImageObject","inLanguage":"es","@id":"https:\/\/canal7slp.tv\/2025\/espana-logra-aperturas-para-exportar-cerdo-desde-zona-con-restricciones-por-peste-porcina\/#primaryimage","url":"https:\/\/canal7slp.tv\/2025\/wp-content\/uploads\/2025\/12\/09-2.jpg","contentUrl":"https:\/\/canal7slp.tv\/2025\/wp-content\/uploads\/2025\/12\/09-2.jpg","width":750,"height":500},{"@type":"BreadcrumbList","@id":"https:\/\/canal7slp.tv\/2025\/espana-logra-aperturas-para-exportar-cerdo-desde-zona-con-restricciones-por-peste-porcina\/#breadcrumb","itemListElement":[{"@type":"ListItem","position":1,"name":"Portada","item":"https:\/\/canal7slp.tv\/2025\/"},{"@type":"ListItem","position":2,"name":"Espa\u00f1a logra aperturas para exportar cerdo desde zona con restricciones por peste porcina"}]},{"@type":"WebSite","@id":"https:\/\/canal7slp.tv\/2025\/#website","url":"https:\/\/canal7slp.tv\/2025\/","name":"N7 - Noticieros Canal 7","description":"Somos el Medio","publisher":{"@id":"https:\/\/canal7slp.tv\/2025\/#organization"},"potentialAction":[{"@type":"SearchAction","target":{"@type":"EntryPoint","urlTemplate":"https:\/\/canal7slp.tv\/2025\/?s={search_term_string}"},"query-input":{"@type":"PropertyValueSpecification","valueRequired":true,"valueName":"search_term_string"}}],"inLanguage":"es"},{"@type":"Organization","@id":"https:\/\/canal7slp.tv\/2025\/#organization","name":"Noticieros Canal 7","url":"https:\/\/canal7slp.tv\/2025\/","logo":{"@type":"ImageObject","inLanguage":"es","@id":"https:\/\/canal7slp.tv\/2025\/#\/schema\/logo\/image\/","url":"https:\/\/canal7slp.tv\/2025\/wp-content\/uploads\/2021\/01\/logo-noticieros@2x.png","contentUrl":"https:\/\/canal7slp.tv\/2025\/wp-content\/uploads\/2021\/01\/logo-noticieros@2x.png","width":1017,"height":268,"caption":"Noticieros Canal 7"},"image":{"@id":"https:\/\/canal7slp.tv\/2025\/#\/schema\/logo\/image\/"},"sameAs":["https:\/\/www.facebook.com\/noticieroscanal7atencionciudadana\/","https:\/\/x.com\/NOTICIEROS7","https:\/\/www.instagram.com\/canal7_slp","https:\/\/www.youtube.com\/channel\/UCliiYs-gP3JfJeqdPrNdd5A"]},{"@type":"Person","@id":"https:\/\/canal7slp.tv\/2025\/#\/schema\/person\/271e2b60a96e7cc9d9ac296f4d7e414b","name":"Edici\u00f3n Web","image":{"@type":"ImageObject","inLanguage":"es","@id":"https:\/\/secure.gravatar.com\/avatar\/eee448fc3f7164808013b816ba91ac7e43bbe82a70bebac296f8bc6f0addaa1a?s=96&d=mm&r=g","url":"https:\/\/secure.gravatar.com\/avatar\/eee448fc3f7164808013b816ba91ac7e43bbe82a70bebac296f8bc6f0addaa1a?s=96&d=mm&r=g","contentUrl":"https:\/\/secure.gravatar.com\/avatar\/eee448fc3f7164808013b816ba91ac7e43bbe82a70bebac296f8bc6f0addaa1a?s=96&d=mm&r=g","caption":"Edici\u00f3n Web"},"url":"https:\/\/canal7slp.tv\/2025\/author\/edicionweb\/"}]}},"_links":{"self":[{"href":"https:\/\/canal7slp.tv\/2025\/wp-json\/wp\/v2\/posts\/186858","targetHints":{"allow":["GET"]}}],"collection":[{"href":"https:\/\/canal7slp.tv\/2025\/wp-json\/wp\/v2\/posts"}],"about":[{"href":"https:\/\/canal7slp.tv\/2025\/wp-json\/wp\/v2\/types\/post"}],"author":[{"embeddable":true,"href":"https:\/\/canal7slp.tv\/2025\/wp-json\/wp\/v2\/users\/2"}],"replies":[{"embeddable":true,"href":"https:\/\/canal7slp.tv\/2025\/wp-json\/wp\/v2\/comments?post=186858"}],"version-history":[{"count":1,"href":"https:\/\/canal7slp.tv\/2025\/wp-json\/wp\/v2\/posts\/186858\/revisions"}],"predecessor-version":[{"id":186860,"href":"https:\/\/canal7slp.tv\/2025\/wp-json\/wp\/v2\/posts\/186858\/revisions\/186860"}],"wp:featuredmedia":[{"embeddable":true,"href":"https:\/\/canal7slp.tv\/2025\/wp-json\/wp\/v2\/media\/186859"}],"wp:attachment":[{"href":"https:\/\/canal7slp.tv\/2025\/wp-json\/wp\/v2\/media?parent=186858"}],"wp:term":[{"taxonomy":"category","embeddable":true,"href":"https:\/\/canal7slp.tv\/2025\/wp-json\/wp\/v2\/categories?post=186858"},{"taxonomy":"post_tag","embeddable":true,"href":"https:\/\/canal7slp.tv\/2025\/wp-json\/wp\/v2\/tags?post=186858"}],"curies":[{"name":"wp","href":"https:\/\/api.w.org\/{rel}","templated":true}]}}