{"id":186855,"date":"2025-12-03T16:15:37","date_gmt":"2025-12-03T22:15:37","guid":{"rendered":"https:\/\/canal7slp.tv\/2025\/?p=186855"},"modified":"2025-12-03T16:15:37","modified_gmt":"2025-12-03T22:15:37","slug":"autoridades-federales-detienen-en-chihuahua-a-objetivo-prioritario-con-orden-de-extradicion-a-eua","status":"publish","type":"post","link":"https:\/\/canal7slp.tv\/2025\/autoridades-federales-detienen-en-chihuahua-a-objetivo-prioritario-con-orden-de-extradicion-a-eua\/","title":{"rendered":"Autoridades federales detienen en Chihuahua a objetivo prioritario con orden de extradici\u00f3n a EUA"},"content":{"rendered":"<p style=\"text-align: justify;\">Aldama.- Un operativo interinstitucional en el municipio de Aldama, Chihuahua, result\u00f3 en la detenci\u00f3n de Roberto \u00abN\u00bb, se\u00f1alado por autoridades como el principal generador de violencia en varios municipios de la entidad.<\/p>\n<p style=\"text-align: justify;\">El individuo, conocido como \u00abel 02\u00bb, cuenta con una orden de extradici\u00f3n a Estados Unidos en proceso.<\/p>\n<p style=\"text-align: justify;\">De acuerdo con el reporte oficial, elementos de la Secretar\u00eda de la Defensa Nacional y de la Guardia Nacional, que realizaban recorridos de vigilancia en la localidad de El Pueblito, fueron agredidos con disparos.<\/p>\n<p style=\"text-align: justify;\">En respuesta, repelieron la agresi\u00f3n y lograron la detenci\u00f3n de 11 presuntos integrantes de una c\u00e9lula delictiva, incluido el objetivo prioritario.<\/p>\n<p style=\"text-align: justify;\">Adem\u00e1s de los detenidos, se asegur\u00f3 un arsenal compuesto por 11 armas largas, dos ametralladoras, dos fusiles Barret, tres veh\u00edculos, varios artefactos explosivos y un dron.<\/p>\n<p style=\"text-align: justify;\">Las autoridades se\u00f1alaron que Roberto \u00abN\u00bb es probable responsable de confrontaciones armadas en Ojinaga y habr\u00eda operado en los municipios de Aldama, Coyame del Sotol y Manuel Benavides.<\/p>\n<p style=\"text-align: justify;\">Los detenidos y lo asegurado fueron puestos a disposici\u00f3n del agente del Ministerio P\u00fablico correspondiente.<\/p>\n<p style=\"text-align: justify;\">La operaci\u00f3n fue realizada con la participaci\u00f3n coordinada de la Defensa Nacional, Guardia Nacional, Secretar\u00eda de Marina, Fiscal\u00eda General de la Rep\u00fablica y la Secretar\u00eda de Seguridad y Protecci\u00f3n Ciudadana.<\/p>\n<p style=\"text-align: justify;\">\n","protected":false},"excerpt":{"rendered":"<p>Aldama.- Un operativo interinstitucional en el municipio de Aldama, Chihuahua, result\u00f3 en la detenci\u00f3n de Roberto \u00abN\u00bb, se\u00f1alado por autoridades como el principal generador de violencia en varios municipios de la entidad. El individuo, conocido como \u00abel 02\u00bb, cuenta con una orden de extradici\u00f3n a Estados Unidos en proceso. De acuerdo con el reporte oficial, elementos de la Secretar\u00eda de la Defensa Nacional y de la Guardia Nacional, que realizaban recorridos de vigilancia en la localidad de El Pueblito, fueron agredidos con disparos. En respuesta, repelieron la agresi\u00f3n y lograron la detenci\u00f3n de 11 presuntos integrantes de una c\u00e9lula delictiva, [&hellip;]<\/p>\n","protected":false},"author":2,"featured_media":186856,"comment_status":"closed","ping_status":"closed","sticky":false,"template":"","format":"standard","meta":{"_monsterinsights_skip_tracking":false,"_monsterinsights_sitenote_active":false,"_monsterinsights_sitenote_note":"","_monsterinsights_sitenote_category":0,"footnotes":""},"categories":[46],"tags":[],"class_list":["post-186855","post","type-post","status-publish","format-standard","has-post-thumbnail","hentry","category-nacional","post--single"],"yoast_head":"<!-- This site is optimized with the Yoast SEO plugin v27.5 - https:\/\/yoast.com\/product\/yoast-seo-wordpress\/ -->\n<title>Autoridades federales detienen en Chihuahua a objetivo prioritario con orden de extradici\u00f3n a EUA - Canal 7 SLP - 2025<\/title>\n<meta name=\"robots\" content=\"index, follow, max-snippet:-1, max-image-preview:large, max-video-preview:-1\" \/>\n<link rel=\"canonical\" href=\"https:\/\/canal7slp.tv\/2025\/autoridades-federales-detienen-en-chihuahua-a-objetivo-prioritario-con-orden-de-extradicion-a-eua\/\" \/>\n<meta property=\"og:locale\" content=\"es_ES\" \/>\n<meta property=\"og:type\" content=\"article\" \/>\n<meta property=\"og:title\" content=\"Autoridades federales detienen en Chihuahua a objetivo prioritario con orden de extradici\u00f3n a EUA - Canal 7 SLP - 2025\" \/>\n<meta property=\"og:description\" content=\"Aldama.- Un operativo interinstitucional en el municipio de Aldama, Chihuahua, result\u00f3 en la detenci\u00f3n de Roberto \u00abN\u00bb, se\u00f1alado por autoridades como el principal generador de violencia en varios municipios de la entidad. El individuo, conocido como \u00abel 02\u00bb, cuenta con una orden de extradici\u00f3n a Estados Unidos en proceso. De acuerdo con el reporte oficial, elementos de la Secretar\u00eda de la Defensa Nacional y de la Guardia Nacional, que realizaban recorridos de vigilancia en la localidad de El Pueblito, fueron agredidos con disparos. En respuesta, repelieron la agresi\u00f3n y lograron la detenci\u00f3n de 11 presuntos integrantes de una c\u00e9lula delictiva, [&hellip;]\" \/>\n<meta property=\"og:url\" content=\"https:\/\/canal7slp.tv\/2025\/autoridades-federales-detienen-en-chihuahua-a-objetivo-prioritario-con-orden-de-extradicion-a-eua\/\" \/>\n<meta property=\"og:site_name\" content=\"Canal 7 SLP - 2025\" \/>\n<meta property=\"article:publisher\" content=\"https:\/\/www.facebook.com\/noticieroscanal7atencionciudadana\/\" \/>\n<meta property=\"article:published_time\" content=\"2025-12-03T22:15:37+00:00\" \/>\n<meta property=\"og:image\" content=\"https:\/\/canal7slp.tv\/2025\/wp-content\/uploads\/2025\/12\/08-1.jpg\" \/>\n\t<meta property=\"og:image:width\" content=\"888\" \/>\n\t<meta property=\"og:image:height\" content=\"500\" \/>\n\t<meta property=\"og:image:type\" content=\"image\/jpeg\" \/>\n<meta name=\"author\" content=\"Edici\u00f3n Web\" \/>\n<meta name=\"twitter:card\" content=\"summary_large_image\" \/>\n<meta name=\"twitter:creator\" content=\"@NOTICIEROS7\" \/>\n<meta name=\"twitter:site\" content=\"@NOTICIEROS7\" \/>\n<meta name=\"twitter:label1\" content=\"Escrito por\" \/>\n\t<meta name=\"twitter:data1\" content=\"Edici\u00f3n Web\" \/>\n\t<meta name=\"twitter:label2\" content=\"Tiempo de lectura\" \/>\n\t<meta name=\"twitter:data2\" content=\"2 minutos\" \/>\n<script type=\"application\/ld+json\" class=\"yoast-schema-graph\">{\"@context\":\"https:\\\/\\\/schema.org\",\"@graph\":[{\"@type\":\"Article\",\"@id\":\"https:\\\/\\\/canal7slp.tv\\\/2025\\\/autoridades-federales-detienen-en-chihuahua-a-objetivo-prioritario-con-orden-de-extradicion-a-eua\\\/#article\",\"isPartOf\":{\"@id\":\"https:\\\/\\\/canal7slp.tv\\\/2025\\\/autoridades-federales-detienen-en-chihuahua-a-objetivo-prioritario-con-orden-de-extradicion-a-eua\\\/\"},\"author\":{\"name\":\"Edici\u00f3n Web\",\"@id\":\"https:\\\/\\\/canal7slp.tv\\\/2025\\\/#\\\/schema\\\/person\\\/271e2b60a96e7cc9d9ac296f4d7e414b\"},\"headline\":\"Autoridades federales detienen en Chihuahua a objetivo prioritario con orden de extradici\u00f3n a EUA\",\"datePublished\":\"2025-12-03T22:15:37+00:00\",\"mainEntityOfPage\":{\"@id\":\"https:\\\/\\\/canal7slp.tv\\\/2025\\\/autoridades-federales-detienen-en-chihuahua-a-objetivo-prioritario-con-orden-de-extradicion-a-eua\\\/\"},\"wordCount\":236,\"publisher\":{\"@id\":\"https:\\\/\\\/canal7slp.tv\\\/2025\\\/#organization\"},\"image\":{\"@id\":\"https:\\\/\\\/canal7slp.tv\\\/2025\\\/autoridades-federales-detienen-en-chihuahua-a-objetivo-prioritario-con-orden-de-extradicion-a-eua\\\/#primaryimage\"},\"thumbnailUrl\":\"https:\\\/\\\/canal7slp.tv\\\/2025\\\/wp-content\\\/uploads\\\/2025\\\/12\\\/08-1.jpg\",\"articleSection\":[\"NACIONALES\"],\"inLanguage\":\"es\"},{\"@type\":\"WebPage\",\"@id\":\"https:\\\/\\\/canal7slp.tv\\\/2025\\\/autoridades-federales-detienen-en-chihuahua-a-objetivo-prioritario-con-orden-de-extradicion-a-eua\\\/\",\"url\":\"https:\\\/\\\/canal7slp.tv\\\/2025\\\/autoridades-federales-detienen-en-chihuahua-a-objetivo-prioritario-con-orden-de-extradicion-a-eua\\\/\",\"name\":\"Autoridades federales detienen en Chihuahua a objetivo prioritario con orden de extradici\u00f3n a EUA - Canal 7 SLP - 2025\",\"isPartOf\":{\"@id\":\"https:\\\/\\\/canal7slp.tv\\\/2025\\\/#website\"},\"primaryImageOfPage\":{\"@id\":\"https:\\\/\\\/canal7slp.tv\\\/2025\\\/autoridades-federales-detienen-en-chihuahua-a-objetivo-prioritario-con-orden-de-extradicion-a-eua\\\/#primaryimage\"},\"image\":{\"@id\":\"https:\\\/\\\/canal7slp.tv\\\/2025\\\/autoridades-federales-detienen-en-chihuahua-a-objetivo-prioritario-con-orden-de-extradicion-a-eua\\\/#primaryimage\"},\"thumbnailUrl\":\"https:\\\/\\\/canal7slp.tv\\\/2025\\\/wp-content\\\/uploads\\\/2025\\\/12\\\/08-1.jpg\",\"datePublished\":\"2025-12-03T22:15:37+00:00\",\"breadcrumb\":{\"@id\":\"https:\\\/\\\/canal7slp.tv\\\/2025\\\/autoridades-federales-detienen-en-chihuahua-a-objetivo-prioritario-con-orden-de-extradicion-a-eua\\\/#breadcrumb\"},\"inLanguage\":\"es\",\"potentialAction\":[{\"@type\":\"ReadAction\",\"target\":[\"https:\\\/\\\/canal7slp.tv\\\/2025\\\/autoridades-federales-detienen-en-chihuahua-a-objetivo-prioritario-con-orden-de-extradicion-a-eua\\\/\"]}]},{\"@type\":\"ImageObject\",\"inLanguage\":\"es\",\"@id\":\"https:\\\/\\\/canal7slp.tv\\\/2025\\\/autoridades-federales-detienen-en-chihuahua-a-objetivo-prioritario-con-orden-de-extradicion-a-eua\\\/#primaryimage\",\"url\":\"https:\\\/\\\/canal7slp.tv\\\/2025\\\/wp-content\\\/uploads\\\/2025\\\/12\\\/08-1.jpg\",\"contentUrl\":\"https:\\\/\\\/canal7slp.tv\\\/2025\\\/wp-content\\\/uploads\\\/2025\\\/12\\\/08-1.jpg\",\"width\":888,\"height\":500},{\"@type\":\"BreadcrumbList\",\"@id\":\"https:\\\/\\\/canal7slp.tv\\\/2025\\\/autoridades-federales-detienen-en-chihuahua-a-objetivo-prioritario-con-orden-de-extradicion-a-eua\\\/#breadcrumb\",\"itemListElement\":[{\"@type\":\"ListItem\",\"position\":1,\"name\":\"Portada\",\"item\":\"https:\\\/\\\/canal7slp.tv\\\/2025\\\/\"},{\"@type\":\"ListItem\",\"position\":2,\"name\":\"Autoridades federales detienen en Chihuahua a objetivo prioritario con orden de extradici\u00f3n a EUA\"}]},{\"@type\":\"WebSite\",\"@id\":\"https:\\\/\\\/canal7slp.tv\\\/2025\\\/#website\",\"url\":\"https:\\\/\\\/canal7slp.tv\\\/2025\\\/\",\"name\":\"N7 - Noticieros Canal 7\",\"description\":\"Somos el Medio\",\"publisher\":{\"@id\":\"https:\\\/\\\/canal7slp.tv\\\/2025\\\/#organization\"},\"potentialAction\":[{\"@type\":\"SearchAction\",\"target\":{\"@type\":\"EntryPoint\",\"urlTemplate\":\"https:\\\/\\\/canal7slp.tv\\\/2025\\\/?s={search_term_string}\"},\"query-input\":{\"@type\":\"PropertyValueSpecification\",\"valueRequired\":true,\"valueName\":\"search_term_string\"}}],\"inLanguage\":\"es\"},{\"@type\":\"Organization\",\"@id\":\"https:\\\/\\\/canal7slp.tv\\\/2025\\\/#organization\",\"name\":\"Noticieros Canal 7\",\"url\":\"https:\\\/\\\/canal7slp.tv\\\/2025\\\/\",\"logo\":{\"@type\":\"ImageObject\",\"inLanguage\":\"es\",\"@id\":\"https:\\\/\\\/canal7slp.tv\\\/2025\\\/#\\\/schema\\\/logo\\\/image\\\/\",\"url\":\"https:\\\/\\\/canal7slp.tv\\\/2025\\\/wp-content\\\/uploads\\\/2021\\\/01\\\/logo-noticieros@2x.png\",\"contentUrl\":\"https:\\\/\\\/canal7slp.tv\\\/2025\\\/wp-content\\\/uploads\\\/2021\\\/01\\\/logo-noticieros@2x.png\",\"width\":1017,\"height\":268,\"caption\":\"Noticieros Canal 7\"},\"image\":{\"@id\":\"https:\\\/\\\/canal7slp.tv\\\/2025\\\/#\\\/schema\\\/logo\\\/image\\\/\"},\"sameAs\":[\"https:\\\/\\\/www.facebook.com\\\/noticieroscanal7atencionciudadana\\\/\",\"https:\\\/\\\/x.com\\\/NOTICIEROS7\",\"https:\\\/\\\/www.instagram.com\\\/canal7_slp\",\"https:\\\/\\\/www.youtube.com\\\/channel\\\/UCliiYs-gP3JfJeqdPrNdd5A\"]},{\"@type\":\"Person\",\"@id\":\"https:\\\/\\\/canal7slp.tv\\\/2025\\\/#\\\/schema\\\/person\\\/271e2b60a96e7cc9d9ac296f4d7e414b\",\"name\":\"Edici\u00f3n Web\",\"image\":{\"@type\":\"ImageObject\",\"inLanguage\":\"es\",\"@id\":\"https:\\\/\\\/secure.gravatar.com\\\/avatar\\\/eee448fc3f7164808013b816ba91ac7e43bbe82a70bebac296f8bc6f0addaa1a?s=96&d=mm&r=g\",\"url\":\"https:\\\/\\\/secure.gravatar.com\\\/avatar\\\/eee448fc3f7164808013b816ba91ac7e43bbe82a70bebac296f8bc6f0addaa1a?s=96&d=mm&r=g\",\"contentUrl\":\"https:\\\/\\\/secure.gravatar.com\\\/avatar\\\/eee448fc3f7164808013b816ba91ac7e43bbe82a70bebac296f8bc6f0addaa1a?s=96&d=mm&r=g\",\"caption\":\"Edici\u00f3n Web\"},\"url\":\"https:\\\/\\\/canal7slp.tv\\\/2025\\\/author\\\/edicionweb\\\/\"}]}<\/script>\n<!-- \/ Yoast SEO plugin. -->","yoast_head_json":{"title":"Autoridades federales detienen en Chihuahua a objetivo prioritario con orden de extradici\u00f3n a EUA - Canal 7 SLP - 2025","robots":{"index":"index","follow":"follow","max-snippet":"max-snippet:-1","max-image-preview":"max-image-preview:large","max-video-preview":"max-video-preview:-1"},"canonical":"https:\/\/canal7slp.tv\/2025\/autoridades-federales-detienen-en-chihuahua-a-objetivo-prioritario-con-orden-de-extradicion-a-eua\/","og_locale":"es_ES","og_type":"article","og_title":"Autoridades federales detienen en Chihuahua a objetivo prioritario con orden de extradici\u00f3n a EUA - Canal 7 SLP - 2025","og_description":"Aldama.- Un operativo interinstitucional en el municipio de Aldama, Chihuahua, result\u00f3 en la detenci\u00f3n de Roberto \u00abN\u00bb, se\u00f1alado por autoridades como el principal generador de violencia en varios municipios de la entidad. El individuo, conocido como \u00abel 02\u00bb, cuenta con una orden de extradici\u00f3n a Estados Unidos en proceso. De acuerdo con el reporte oficial, elementos de la Secretar\u00eda de la Defensa Nacional y de la Guardia Nacional, que realizaban recorridos de vigilancia en la localidad de El Pueblito, fueron agredidos con disparos. En respuesta, repelieron la agresi\u00f3n y lograron la detenci\u00f3n de 11 presuntos integrantes de una c\u00e9lula delictiva, [&hellip;]","og_url":"https:\/\/canal7slp.tv\/2025\/autoridades-federales-detienen-en-chihuahua-a-objetivo-prioritario-con-orden-de-extradicion-a-eua\/","og_site_name":"Canal 7 SLP - 2025","article_publisher":"https:\/\/www.facebook.com\/noticieroscanal7atencionciudadana\/","article_published_time":"2025-12-03T22:15:37+00:00","og_image":[{"width":888,"height":500,"url":"https:\/\/canal7slp.tv\/2025\/wp-content\/uploads\/2025\/12\/08-1.jpg","type":"image\/jpeg"}],"author":"Edici\u00f3n Web","twitter_card":"summary_large_image","twitter_creator":"@NOTICIEROS7","twitter_site":"@NOTICIEROS7","twitter_misc":{"Escrito por":"Edici\u00f3n Web","Tiempo de lectura":"2 minutos"},"schema":{"@context":"https:\/\/schema.org","@graph":[{"@type":"Article","@id":"https:\/\/canal7slp.tv\/2025\/autoridades-federales-detienen-en-chihuahua-a-objetivo-prioritario-con-orden-de-extradicion-a-eua\/#article","isPartOf":{"@id":"https:\/\/canal7slp.tv\/2025\/autoridades-federales-detienen-en-chihuahua-a-objetivo-prioritario-con-orden-de-extradicion-a-eua\/"},"author":{"name":"Edici\u00f3n Web","@id":"https:\/\/canal7slp.tv\/2025\/#\/schema\/person\/271e2b60a96e7cc9d9ac296f4d7e414b"},"headline":"Autoridades federales detienen en Chihuahua a objetivo prioritario con orden de extradici\u00f3n a EUA","datePublished":"2025-12-03T22:15:37+00:00","mainEntityOfPage":{"@id":"https:\/\/canal7slp.tv\/2025\/autoridades-federales-detienen-en-chihuahua-a-objetivo-prioritario-con-orden-de-extradicion-a-eua\/"},"wordCount":236,"publisher":{"@id":"https:\/\/canal7slp.tv\/2025\/#organization"},"image":{"@id":"https:\/\/canal7slp.tv\/2025\/autoridades-federales-detienen-en-chihuahua-a-objetivo-prioritario-con-orden-de-extradicion-a-eua\/#primaryimage"},"thumbnailUrl":"https:\/\/canal7slp.tv\/2025\/wp-content\/uploads\/2025\/12\/08-1.jpg","articleSection":["NACIONALES"],"inLanguage":"es"},{"@type":"WebPage","@id":"https:\/\/canal7slp.tv\/2025\/autoridades-federales-detienen-en-chihuahua-a-objetivo-prioritario-con-orden-de-extradicion-a-eua\/","url":"https:\/\/canal7slp.tv\/2025\/autoridades-federales-detienen-en-chihuahua-a-objetivo-prioritario-con-orden-de-extradicion-a-eua\/","name":"Autoridades federales detienen en Chihuahua a objetivo prioritario con orden de extradici\u00f3n a EUA - Canal 7 SLP - 2025","isPartOf":{"@id":"https:\/\/canal7slp.tv\/2025\/#website"},"primaryImageOfPage":{"@id":"https:\/\/canal7slp.tv\/2025\/autoridades-federales-detienen-en-chihuahua-a-objetivo-prioritario-con-orden-de-extradicion-a-eua\/#primaryimage"},"image":{"@id":"https:\/\/canal7slp.tv\/2025\/autoridades-federales-detienen-en-chihuahua-a-objetivo-prioritario-con-orden-de-extradicion-a-eua\/#primaryimage"},"thumbnailUrl":"https:\/\/canal7slp.tv\/2025\/wp-content\/uploads\/2025\/12\/08-1.jpg","datePublished":"2025-12-03T22:15:37+00:00","breadcrumb":{"@id":"https:\/\/canal7slp.tv\/2025\/autoridades-federales-detienen-en-chihuahua-a-objetivo-prioritario-con-orden-de-extradicion-a-eua\/#breadcrumb"},"inLanguage":"es","potentialAction":[{"@type":"ReadAction","target":["https:\/\/canal7slp.tv\/2025\/autoridades-federales-detienen-en-chihuahua-a-objetivo-prioritario-con-orden-de-extradicion-a-eua\/"]}]},{"@type":"ImageObject","inLanguage":"es","@id":"https:\/\/canal7slp.tv\/2025\/autoridades-federales-detienen-en-chihuahua-a-objetivo-prioritario-con-orden-de-extradicion-a-eua\/#primaryimage","url":"https:\/\/canal7slp.tv\/2025\/wp-content\/uploads\/2025\/12\/08-1.jpg","contentUrl":"https:\/\/canal7slp.tv\/2025\/wp-content\/uploads\/2025\/12\/08-1.jpg","width":888,"height":500},{"@type":"BreadcrumbList","@id":"https:\/\/canal7slp.tv\/2025\/autoridades-federales-detienen-en-chihuahua-a-objetivo-prioritario-con-orden-de-extradicion-a-eua\/#breadcrumb","itemListElement":[{"@type":"ListItem","position":1,"name":"Portada","item":"https:\/\/canal7slp.tv\/2025\/"},{"@type":"ListItem","position":2,"name":"Autoridades federales detienen en Chihuahua a objetivo prioritario con orden de extradici\u00f3n a EUA"}]},{"@type":"WebSite","@id":"https:\/\/canal7slp.tv\/2025\/#website","url":"https:\/\/canal7slp.tv\/2025\/","name":"N7 - Noticieros Canal 7","description":"Somos el Medio","publisher":{"@id":"https:\/\/canal7slp.tv\/2025\/#organization"},"potentialAction":[{"@type":"SearchAction","target":{"@type":"EntryPoint","urlTemplate":"https:\/\/canal7slp.tv\/2025\/?s={search_term_string}"},"query-input":{"@type":"PropertyValueSpecification","valueRequired":true,"valueName":"search_term_string"}}],"inLanguage":"es"},{"@type":"Organization","@id":"https:\/\/canal7slp.tv\/2025\/#organization","name":"Noticieros Canal 7","url":"https:\/\/canal7slp.tv\/2025\/","logo":{"@type":"ImageObject","inLanguage":"es","@id":"https:\/\/canal7slp.tv\/2025\/#\/schema\/logo\/image\/","url":"https:\/\/canal7slp.tv\/2025\/wp-content\/uploads\/2021\/01\/logo-noticieros@2x.png","contentUrl":"https:\/\/canal7slp.tv\/2025\/wp-content\/uploads\/2021\/01\/logo-noticieros@2x.png","width":1017,"height":268,"caption":"Noticieros Canal 7"},"image":{"@id":"https:\/\/canal7slp.tv\/2025\/#\/schema\/logo\/image\/"},"sameAs":["https:\/\/www.facebook.com\/noticieroscanal7atencionciudadana\/","https:\/\/x.com\/NOTICIEROS7","https:\/\/www.instagram.com\/canal7_slp","https:\/\/www.youtube.com\/channel\/UCliiYs-gP3JfJeqdPrNdd5A"]},{"@type":"Person","@id":"https:\/\/canal7slp.tv\/2025\/#\/schema\/person\/271e2b60a96e7cc9d9ac296f4d7e414b","name":"Edici\u00f3n Web","image":{"@type":"ImageObject","inLanguage":"es","@id":"https:\/\/secure.gravatar.com\/avatar\/eee448fc3f7164808013b816ba91ac7e43bbe82a70bebac296f8bc6f0addaa1a?s=96&d=mm&r=g","url":"https:\/\/secure.gravatar.com\/avatar\/eee448fc3f7164808013b816ba91ac7e43bbe82a70bebac296f8bc6f0addaa1a?s=96&d=mm&r=g","contentUrl":"https:\/\/secure.gravatar.com\/avatar\/eee448fc3f7164808013b816ba91ac7e43bbe82a70bebac296f8bc6f0addaa1a?s=96&d=mm&r=g","caption":"Edici\u00f3n Web"},"url":"https:\/\/canal7slp.tv\/2025\/author\/edicionweb\/"}]}},"_links":{"self":[{"href":"https:\/\/canal7slp.tv\/2025\/wp-json\/wp\/v2\/posts\/186855","targetHints":{"allow":["GET"]}}],"collection":[{"href":"https:\/\/canal7slp.tv\/2025\/wp-json\/wp\/v2\/posts"}],"about":[{"href":"https:\/\/canal7slp.tv\/2025\/wp-json\/wp\/v2\/types\/post"}],"author":[{"embeddable":true,"href":"https:\/\/canal7slp.tv\/2025\/wp-json\/wp\/v2\/users\/2"}],"replies":[{"embeddable":true,"href":"https:\/\/canal7slp.tv\/2025\/wp-json\/wp\/v2\/comments?post=186855"}],"version-history":[{"count":1,"href":"https:\/\/canal7slp.tv\/2025\/wp-json\/wp\/v2\/posts\/186855\/revisions"}],"predecessor-version":[{"id":186857,"href":"https:\/\/canal7slp.tv\/2025\/wp-json\/wp\/v2\/posts\/186855\/revisions\/186857"}],"wp:featuredmedia":[{"embeddable":true,"href":"https:\/\/canal7slp.tv\/2025\/wp-json\/wp\/v2\/media\/186856"}],"wp:attachment":[{"href":"https:\/\/canal7slp.tv\/2025\/wp-json\/wp\/v2\/media?parent=186855"}],"wp:term":[{"taxonomy":"category","embeddable":true,"href":"https:\/\/canal7slp.tv\/2025\/wp-json\/wp\/v2\/categories?post=186855"},{"taxonomy":"post_tag","embeddable":true,"href":"https:\/\/canal7slp.tv\/2025\/wp-json\/wp\/v2\/tags?post=186855"}],"curies":[{"name":"wp","href":"https:\/\/api.w.org\/{rel}","templated":true}]}}