{"id":186816,"date":"2025-12-03T14:22:28","date_gmt":"2025-12-03T20:22:28","guid":{"rendered":"https:\/\/canal7slp.tv\/2025\/?p=186816"},"modified":"2025-12-03T14:22:28","modified_gmt":"2025-12-03T20:22:28","slug":"estudio-de-la-anses-detecta-amplia-presencia-de-sustancias-pfas-en-el-agua-potable-de-francia","status":"publish","type":"post","link":"https:\/\/canal7slp.tv\/2025\/estudio-de-la-anses-detecta-amplia-presencia-de-sustancias-pfas-en-el-agua-potable-de-francia\/","title":{"rendered":"Estudio de la ANSES detecta amplia presencia de sustancias \u201cPFAS\u201d en el agua potable de Francia"},"content":{"rendered":"<p style=\"text-align: justify;\">Par\u00eds.- Un estudio de la Agencia Francesa para la Alimentaci\u00f3n, el Medio Ambiente y la Seguridad y Salud Laboral (ANSES) confirm\u00f3 la presencia generalizada de sustancias perfluoroalquiladas (PFAS) en el agua del pa\u00eds, tanto en muestras sin tratar como en el suministro destinado al consumo humano.<\/p>\n<p style=\"text-align: justify;\">La investigaci\u00f3n, realizada entre 2023 y 2025 con cerca de 600 an\u00e1lisis, identific\u00f3 alrededor de una veintena de estos compuestos, incluidos los conocidos como \u201cqu\u00edmicos eternos\u201d por su alta persistencia en el ambiente.<\/p>\n<p style=\"text-align: justify;\">El \u00e1cido trifluoroac\u00e9tico (TFA) fue el m\u00e1s detectado, apareciendo en el 92% de las muestras.<\/p>\n<p style=\"text-align: justify;\">Aunque la mayor\u00eda de los niveles registrados se ubicaron por debajo de los par\u00e1metros regulados cuando estos aplican, la agencia se\u00f1al\u00f3 que ciertos compuestos, como el propio TFA, a\u00fan carecen de l\u00edmites de calidad espec\u00edficos en la normativa europea, pese a las sospechas de posibles efectos en el h\u00edgado y riesgos durante el embarazo.<\/p>\n<p style=\"text-align: justify;\">La directiva vigente en la Uni\u00f3n Europea establece un tope de 100 nanogramos por litro para la suma de 20 PFAS considerados prioritarios; seg\u00fan el an\u00e1lisis, solo un n\u00famero reducido de muestras super\u00f3 ese umbral.<\/p>\n<p style=\"text-align: justify;\">El estudio tambi\u00e9n report\u00f3, por primera vez en Francia, la detecci\u00f3n significativa de \u00e1cido trifluorometanosulf\u00f3nico (TFMSA) en un 13% de los casos.<\/p>\n","protected":false},"excerpt":{"rendered":"<p>Par\u00eds.- Un estudio de la Agencia Francesa para la Alimentaci\u00f3n, el Medio Ambiente y la Seguridad y Salud Laboral (ANSES) confirm\u00f3 la presencia generalizada de sustancias perfluoroalquiladas (PFAS) en el agua del pa\u00eds, tanto en muestras sin tratar como en el suministro destinado al consumo humano. La investigaci\u00f3n, realizada entre 2023 y 2025 con cerca de 600 an\u00e1lisis, identific\u00f3 alrededor de una veintena de estos compuestos, incluidos los conocidos como \u201cqu\u00edmicos eternos\u201d por su alta persistencia en el ambiente. El \u00e1cido trifluoroac\u00e9tico (TFA) fue el m\u00e1s detectado, apareciendo en el 92% de las muestras. Aunque la mayor\u00eda de los niveles [&hellip;]<\/p>\n","protected":false},"author":2,"featured_media":186817,"comment_status":"closed","ping_status":"closed","sticky":false,"template":"","format":"standard","meta":{"_monsterinsights_skip_tracking":false,"_monsterinsights_sitenote_active":false,"_monsterinsights_sitenote_note":"","_monsterinsights_sitenote_category":0,"footnotes":""},"categories":[44],"tags":[],"class_list":["post-186816","post","type-post","status-publish","format-standard","has-post-thumbnail","hentry","category-internacional","post--single"],"yoast_head":"<!-- This site is optimized with the Yoast SEO plugin v27.5 - https:\/\/yoast.com\/product\/yoast-seo-wordpress\/ -->\n<title>Estudio de la ANSES detecta amplia presencia de sustancias \u201cPFAS\u201d en el agua potable de Francia - Canal 7 SLP - 2025<\/title>\n<meta name=\"robots\" content=\"index, follow, max-snippet:-1, max-image-preview:large, max-video-preview:-1\" \/>\n<link rel=\"canonical\" href=\"https:\/\/canal7slp.tv\/2025\/estudio-de-la-anses-detecta-amplia-presencia-de-sustancias-pfas-en-el-agua-potable-de-francia\/\" \/>\n<meta property=\"og:locale\" content=\"es_ES\" \/>\n<meta property=\"og:type\" content=\"article\" \/>\n<meta property=\"og:title\" content=\"Estudio de la ANSES detecta amplia presencia de sustancias \u201cPFAS\u201d en el agua potable de Francia - Canal 7 SLP - 2025\" \/>\n<meta property=\"og:description\" content=\"Par\u00eds.- Un estudio de la Agencia Francesa para la Alimentaci\u00f3n, el Medio Ambiente y la Seguridad y Salud Laboral (ANSES) confirm\u00f3 la presencia generalizada de sustancias perfluoroalquiladas (PFAS) en el agua del pa\u00eds, tanto en muestras sin tratar como en el suministro destinado al consumo humano. La investigaci\u00f3n, realizada entre 2023 y 2025 con cerca de 600 an\u00e1lisis, identific\u00f3 alrededor de una veintena de estos compuestos, incluidos los conocidos como \u201cqu\u00edmicos eternos\u201d por su alta persistencia en el ambiente. El \u00e1cido trifluoroac\u00e9tico (TFA) fue el m\u00e1s detectado, apareciendo en el 92% de las muestras. Aunque la mayor\u00eda de los niveles [&hellip;]\" \/>\n<meta property=\"og:url\" content=\"https:\/\/canal7slp.tv\/2025\/estudio-de-la-anses-detecta-amplia-presencia-de-sustancias-pfas-en-el-agua-potable-de-francia\/\" \/>\n<meta property=\"og:site_name\" content=\"Canal 7 SLP - 2025\" \/>\n<meta property=\"article:publisher\" content=\"https:\/\/www.facebook.com\/noticieroscanal7atencionciudadana\/\" \/>\n<meta property=\"article:published_time\" content=\"2025-12-03T20:22:28+00:00\" \/>\n<meta property=\"og:image\" content=\"https:\/\/canal7slp.tv\/2025\/wp-content\/uploads\/2025\/12\/05-2.jpg\" \/>\n\t<meta property=\"og:image:width\" content=\"900\" \/>\n\t<meta property=\"og:image:height\" content=\"450\" \/>\n\t<meta property=\"og:image:type\" content=\"image\/jpeg\" \/>\n<meta name=\"author\" content=\"Edici\u00f3n Web\" \/>\n<meta name=\"twitter:card\" content=\"summary_large_image\" \/>\n<meta name=\"twitter:creator\" content=\"@NOTICIEROS7\" \/>\n<meta name=\"twitter:site\" content=\"@NOTICIEROS7\" \/>\n<meta name=\"twitter:label1\" content=\"Escrito por\" \/>\n\t<meta name=\"twitter:data1\" content=\"Edici\u00f3n Web\" \/>\n\t<meta name=\"twitter:label2\" content=\"Tiempo de lectura\" \/>\n\t<meta name=\"twitter:data2\" content=\"2 minutos\" \/>\n<script type=\"application\/ld+json\" class=\"yoast-schema-graph\">{\"@context\":\"https:\\\/\\\/schema.org\",\"@graph\":[{\"@type\":\"Article\",\"@id\":\"https:\\\/\\\/canal7slp.tv\\\/2025\\\/estudio-de-la-anses-detecta-amplia-presencia-de-sustancias-pfas-en-el-agua-potable-de-francia\\\/#article\",\"isPartOf\":{\"@id\":\"https:\\\/\\\/canal7slp.tv\\\/2025\\\/estudio-de-la-anses-detecta-amplia-presencia-de-sustancias-pfas-en-el-agua-potable-de-francia\\\/\"},\"author\":{\"name\":\"Edici\u00f3n Web\",\"@id\":\"https:\\\/\\\/canal7slp.tv\\\/2025\\\/#\\\/schema\\\/person\\\/271e2b60a96e7cc9d9ac296f4d7e414b\"},\"headline\":\"Estudio de la ANSES detecta amplia presencia de sustancias \u201cPFAS\u201d en el agua potable de Francia\",\"datePublished\":\"2025-12-03T20:22:28+00:00\",\"mainEntityOfPage\":{\"@id\":\"https:\\\/\\\/canal7slp.tv\\\/2025\\\/estudio-de-la-anses-detecta-amplia-presencia-de-sustancias-pfas-en-el-agua-potable-de-francia\\\/\"},\"wordCount\":237,\"publisher\":{\"@id\":\"https:\\\/\\\/canal7slp.tv\\\/2025\\\/#organization\"},\"image\":{\"@id\":\"https:\\\/\\\/canal7slp.tv\\\/2025\\\/estudio-de-la-anses-detecta-amplia-presencia-de-sustancias-pfas-en-el-agua-potable-de-francia\\\/#primaryimage\"},\"thumbnailUrl\":\"https:\\\/\\\/canal7slp.tv\\\/2025\\\/wp-content\\\/uploads\\\/2025\\\/12\\\/05-2.jpg\",\"articleSection\":[\"INTERNACIONALES\"],\"inLanguage\":\"es\"},{\"@type\":\"WebPage\",\"@id\":\"https:\\\/\\\/canal7slp.tv\\\/2025\\\/estudio-de-la-anses-detecta-amplia-presencia-de-sustancias-pfas-en-el-agua-potable-de-francia\\\/\",\"url\":\"https:\\\/\\\/canal7slp.tv\\\/2025\\\/estudio-de-la-anses-detecta-amplia-presencia-de-sustancias-pfas-en-el-agua-potable-de-francia\\\/\",\"name\":\"Estudio de la ANSES detecta amplia presencia de sustancias \u201cPFAS\u201d en el agua potable de Francia - Canal 7 SLP - 2025\",\"isPartOf\":{\"@id\":\"https:\\\/\\\/canal7slp.tv\\\/2025\\\/#website\"},\"primaryImageOfPage\":{\"@id\":\"https:\\\/\\\/canal7slp.tv\\\/2025\\\/estudio-de-la-anses-detecta-amplia-presencia-de-sustancias-pfas-en-el-agua-potable-de-francia\\\/#primaryimage\"},\"image\":{\"@id\":\"https:\\\/\\\/canal7slp.tv\\\/2025\\\/estudio-de-la-anses-detecta-amplia-presencia-de-sustancias-pfas-en-el-agua-potable-de-francia\\\/#primaryimage\"},\"thumbnailUrl\":\"https:\\\/\\\/canal7slp.tv\\\/2025\\\/wp-content\\\/uploads\\\/2025\\\/12\\\/05-2.jpg\",\"datePublished\":\"2025-12-03T20:22:28+00:00\",\"breadcrumb\":{\"@id\":\"https:\\\/\\\/canal7slp.tv\\\/2025\\\/estudio-de-la-anses-detecta-amplia-presencia-de-sustancias-pfas-en-el-agua-potable-de-francia\\\/#breadcrumb\"},\"inLanguage\":\"es\",\"potentialAction\":[{\"@type\":\"ReadAction\",\"target\":[\"https:\\\/\\\/canal7slp.tv\\\/2025\\\/estudio-de-la-anses-detecta-amplia-presencia-de-sustancias-pfas-en-el-agua-potable-de-francia\\\/\"]}]},{\"@type\":\"ImageObject\",\"inLanguage\":\"es\",\"@id\":\"https:\\\/\\\/canal7slp.tv\\\/2025\\\/estudio-de-la-anses-detecta-amplia-presencia-de-sustancias-pfas-en-el-agua-potable-de-francia\\\/#primaryimage\",\"url\":\"https:\\\/\\\/canal7slp.tv\\\/2025\\\/wp-content\\\/uploads\\\/2025\\\/12\\\/05-2.jpg\",\"contentUrl\":\"https:\\\/\\\/canal7slp.tv\\\/2025\\\/wp-content\\\/uploads\\\/2025\\\/12\\\/05-2.jpg\",\"width\":900,\"height\":450},{\"@type\":\"BreadcrumbList\",\"@id\":\"https:\\\/\\\/canal7slp.tv\\\/2025\\\/estudio-de-la-anses-detecta-amplia-presencia-de-sustancias-pfas-en-el-agua-potable-de-francia\\\/#breadcrumb\",\"itemListElement\":[{\"@type\":\"ListItem\",\"position\":1,\"name\":\"Portada\",\"item\":\"https:\\\/\\\/canal7slp.tv\\\/2025\\\/\"},{\"@type\":\"ListItem\",\"position\":2,\"name\":\"Estudio de la ANSES detecta amplia presencia de sustancias \u201cPFAS\u201d en el agua potable de Francia\"}]},{\"@type\":\"WebSite\",\"@id\":\"https:\\\/\\\/canal7slp.tv\\\/2025\\\/#website\",\"url\":\"https:\\\/\\\/canal7slp.tv\\\/2025\\\/\",\"name\":\"N7 - Noticieros Canal 7\",\"description\":\"Somos el Medio\",\"publisher\":{\"@id\":\"https:\\\/\\\/canal7slp.tv\\\/2025\\\/#organization\"},\"potentialAction\":[{\"@type\":\"SearchAction\",\"target\":{\"@type\":\"EntryPoint\",\"urlTemplate\":\"https:\\\/\\\/canal7slp.tv\\\/2025\\\/?s={search_term_string}\"},\"query-input\":{\"@type\":\"PropertyValueSpecification\",\"valueRequired\":true,\"valueName\":\"search_term_string\"}}],\"inLanguage\":\"es\"},{\"@type\":\"Organization\",\"@id\":\"https:\\\/\\\/canal7slp.tv\\\/2025\\\/#organization\",\"name\":\"Noticieros Canal 7\",\"url\":\"https:\\\/\\\/canal7slp.tv\\\/2025\\\/\",\"logo\":{\"@type\":\"ImageObject\",\"inLanguage\":\"es\",\"@id\":\"https:\\\/\\\/canal7slp.tv\\\/2025\\\/#\\\/schema\\\/logo\\\/image\\\/\",\"url\":\"https:\\\/\\\/canal7slp.tv\\\/2025\\\/wp-content\\\/uploads\\\/2021\\\/01\\\/logo-noticieros@2x.png\",\"contentUrl\":\"https:\\\/\\\/canal7slp.tv\\\/2025\\\/wp-content\\\/uploads\\\/2021\\\/01\\\/logo-noticieros@2x.png\",\"width\":1017,\"height\":268,\"caption\":\"Noticieros Canal 7\"},\"image\":{\"@id\":\"https:\\\/\\\/canal7slp.tv\\\/2025\\\/#\\\/schema\\\/logo\\\/image\\\/\"},\"sameAs\":[\"https:\\\/\\\/www.facebook.com\\\/noticieroscanal7atencionciudadana\\\/\",\"https:\\\/\\\/x.com\\\/NOTICIEROS7\",\"https:\\\/\\\/www.instagram.com\\\/canal7_slp\",\"https:\\\/\\\/www.youtube.com\\\/channel\\\/UCliiYs-gP3JfJeqdPrNdd5A\"]},{\"@type\":\"Person\",\"@id\":\"https:\\\/\\\/canal7slp.tv\\\/2025\\\/#\\\/schema\\\/person\\\/271e2b60a96e7cc9d9ac296f4d7e414b\",\"name\":\"Edici\u00f3n Web\",\"image\":{\"@type\":\"ImageObject\",\"inLanguage\":\"es\",\"@id\":\"https:\\\/\\\/secure.gravatar.com\\\/avatar\\\/eee448fc3f7164808013b816ba91ac7e43bbe82a70bebac296f8bc6f0addaa1a?s=96&d=mm&r=g\",\"url\":\"https:\\\/\\\/secure.gravatar.com\\\/avatar\\\/eee448fc3f7164808013b816ba91ac7e43bbe82a70bebac296f8bc6f0addaa1a?s=96&d=mm&r=g\",\"contentUrl\":\"https:\\\/\\\/secure.gravatar.com\\\/avatar\\\/eee448fc3f7164808013b816ba91ac7e43bbe82a70bebac296f8bc6f0addaa1a?s=96&d=mm&r=g\",\"caption\":\"Edici\u00f3n Web\"},\"url\":\"https:\\\/\\\/canal7slp.tv\\\/2025\\\/author\\\/edicionweb\\\/\"}]}<\/script>\n<!-- \/ Yoast SEO plugin. -->","yoast_head_json":{"title":"Estudio de la ANSES detecta amplia presencia de sustancias \u201cPFAS\u201d en el agua potable de Francia - Canal 7 SLP - 2025","robots":{"index":"index","follow":"follow","max-snippet":"max-snippet:-1","max-image-preview":"max-image-preview:large","max-video-preview":"max-video-preview:-1"},"canonical":"https:\/\/canal7slp.tv\/2025\/estudio-de-la-anses-detecta-amplia-presencia-de-sustancias-pfas-en-el-agua-potable-de-francia\/","og_locale":"es_ES","og_type":"article","og_title":"Estudio de la ANSES detecta amplia presencia de sustancias \u201cPFAS\u201d en el agua potable de Francia - Canal 7 SLP - 2025","og_description":"Par\u00eds.- Un estudio de la Agencia Francesa para la Alimentaci\u00f3n, el Medio Ambiente y la Seguridad y Salud Laboral (ANSES) confirm\u00f3 la presencia generalizada de sustancias perfluoroalquiladas (PFAS) en el agua del pa\u00eds, tanto en muestras sin tratar como en el suministro destinado al consumo humano. La investigaci\u00f3n, realizada entre 2023 y 2025 con cerca de 600 an\u00e1lisis, identific\u00f3 alrededor de una veintena de estos compuestos, incluidos los conocidos como \u201cqu\u00edmicos eternos\u201d por su alta persistencia en el ambiente. El \u00e1cido trifluoroac\u00e9tico (TFA) fue el m\u00e1s detectado, apareciendo en el 92% de las muestras. Aunque la mayor\u00eda de los niveles [&hellip;]","og_url":"https:\/\/canal7slp.tv\/2025\/estudio-de-la-anses-detecta-amplia-presencia-de-sustancias-pfas-en-el-agua-potable-de-francia\/","og_site_name":"Canal 7 SLP - 2025","article_publisher":"https:\/\/www.facebook.com\/noticieroscanal7atencionciudadana\/","article_published_time":"2025-12-03T20:22:28+00:00","og_image":[{"width":900,"height":450,"url":"https:\/\/canal7slp.tv\/2025\/wp-content\/uploads\/2025\/12\/05-2.jpg","type":"image\/jpeg"}],"author":"Edici\u00f3n Web","twitter_card":"summary_large_image","twitter_creator":"@NOTICIEROS7","twitter_site":"@NOTICIEROS7","twitter_misc":{"Escrito por":"Edici\u00f3n Web","Tiempo de lectura":"2 minutos"},"schema":{"@context":"https:\/\/schema.org","@graph":[{"@type":"Article","@id":"https:\/\/canal7slp.tv\/2025\/estudio-de-la-anses-detecta-amplia-presencia-de-sustancias-pfas-en-el-agua-potable-de-francia\/#article","isPartOf":{"@id":"https:\/\/canal7slp.tv\/2025\/estudio-de-la-anses-detecta-amplia-presencia-de-sustancias-pfas-en-el-agua-potable-de-francia\/"},"author":{"name":"Edici\u00f3n Web","@id":"https:\/\/canal7slp.tv\/2025\/#\/schema\/person\/271e2b60a96e7cc9d9ac296f4d7e414b"},"headline":"Estudio de la ANSES detecta amplia presencia de sustancias \u201cPFAS\u201d en el agua potable de Francia","datePublished":"2025-12-03T20:22:28+00:00","mainEntityOfPage":{"@id":"https:\/\/canal7slp.tv\/2025\/estudio-de-la-anses-detecta-amplia-presencia-de-sustancias-pfas-en-el-agua-potable-de-francia\/"},"wordCount":237,"publisher":{"@id":"https:\/\/canal7slp.tv\/2025\/#organization"},"image":{"@id":"https:\/\/canal7slp.tv\/2025\/estudio-de-la-anses-detecta-amplia-presencia-de-sustancias-pfas-en-el-agua-potable-de-francia\/#primaryimage"},"thumbnailUrl":"https:\/\/canal7slp.tv\/2025\/wp-content\/uploads\/2025\/12\/05-2.jpg","articleSection":["INTERNACIONALES"],"inLanguage":"es"},{"@type":"WebPage","@id":"https:\/\/canal7slp.tv\/2025\/estudio-de-la-anses-detecta-amplia-presencia-de-sustancias-pfas-en-el-agua-potable-de-francia\/","url":"https:\/\/canal7slp.tv\/2025\/estudio-de-la-anses-detecta-amplia-presencia-de-sustancias-pfas-en-el-agua-potable-de-francia\/","name":"Estudio de la ANSES detecta amplia presencia de sustancias \u201cPFAS\u201d en el agua potable de Francia - Canal 7 SLP - 2025","isPartOf":{"@id":"https:\/\/canal7slp.tv\/2025\/#website"},"primaryImageOfPage":{"@id":"https:\/\/canal7slp.tv\/2025\/estudio-de-la-anses-detecta-amplia-presencia-de-sustancias-pfas-en-el-agua-potable-de-francia\/#primaryimage"},"image":{"@id":"https:\/\/canal7slp.tv\/2025\/estudio-de-la-anses-detecta-amplia-presencia-de-sustancias-pfas-en-el-agua-potable-de-francia\/#primaryimage"},"thumbnailUrl":"https:\/\/canal7slp.tv\/2025\/wp-content\/uploads\/2025\/12\/05-2.jpg","datePublished":"2025-12-03T20:22:28+00:00","breadcrumb":{"@id":"https:\/\/canal7slp.tv\/2025\/estudio-de-la-anses-detecta-amplia-presencia-de-sustancias-pfas-en-el-agua-potable-de-francia\/#breadcrumb"},"inLanguage":"es","potentialAction":[{"@type":"ReadAction","target":["https:\/\/canal7slp.tv\/2025\/estudio-de-la-anses-detecta-amplia-presencia-de-sustancias-pfas-en-el-agua-potable-de-francia\/"]}]},{"@type":"ImageObject","inLanguage":"es","@id":"https:\/\/canal7slp.tv\/2025\/estudio-de-la-anses-detecta-amplia-presencia-de-sustancias-pfas-en-el-agua-potable-de-francia\/#primaryimage","url":"https:\/\/canal7slp.tv\/2025\/wp-content\/uploads\/2025\/12\/05-2.jpg","contentUrl":"https:\/\/canal7slp.tv\/2025\/wp-content\/uploads\/2025\/12\/05-2.jpg","width":900,"height":450},{"@type":"BreadcrumbList","@id":"https:\/\/canal7slp.tv\/2025\/estudio-de-la-anses-detecta-amplia-presencia-de-sustancias-pfas-en-el-agua-potable-de-francia\/#breadcrumb","itemListElement":[{"@type":"ListItem","position":1,"name":"Portada","item":"https:\/\/canal7slp.tv\/2025\/"},{"@type":"ListItem","position":2,"name":"Estudio de la ANSES detecta amplia presencia de sustancias \u201cPFAS\u201d en el agua potable de Francia"}]},{"@type":"WebSite","@id":"https:\/\/canal7slp.tv\/2025\/#website","url":"https:\/\/canal7slp.tv\/2025\/","name":"N7 - Noticieros Canal 7","description":"Somos el Medio","publisher":{"@id":"https:\/\/canal7slp.tv\/2025\/#organization"},"potentialAction":[{"@type":"SearchAction","target":{"@type":"EntryPoint","urlTemplate":"https:\/\/canal7slp.tv\/2025\/?s={search_term_string}"},"query-input":{"@type":"PropertyValueSpecification","valueRequired":true,"valueName":"search_term_string"}}],"inLanguage":"es"},{"@type":"Organization","@id":"https:\/\/canal7slp.tv\/2025\/#organization","name":"Noticieros Canal 7","url":"https:\/\/canal7slp.tv\/2025\/","logo":{"@type":"ImageObject","inLanguage":"es","@id":"https:\/\/canal7slp.tv\/2025\/#\/schema\/logo\/image\/","url":"https:\/\/canal7slp.tv\/2025\/wp-content\/uploads\/2021\/01\/logo-noticieros@2x.png","contentUrl":"https:\/\/canal7slp.tv\/2025\/wp-content\/uploads\/2021\/01\/logo-noticieros@2x.png","width":1017,"height":268,"caption":"Noticieros Canal 7"},"image":{"@id":"https:\/\/canal7slp.tv\/2025\/#\/schema\/logo\/image\/"},"sameAs":["https:\/\/www.facebook.com\/noticieroscanal7atencionciudadana\/","https:\/\/x.com\/NOTICIEROS7","https:\/\/www.instagram.com\/canal7_slp","https:\/\/www.youtube.com\/channel\/UCliiYs-gP3JfJeqdPrNdd5A"]},{"@type":"Person","@id":"https:\/\/canal7slp.tv\/2025\/#\/schema\/person\/271e2b60a96e7cc9d9ac296f4d7e414b","name":"Edici\u00f3n Web","image":{"@type":"ImageObject","inLanguage":"es","@id":"https:\/\/secure.gravatar.com\/avatar\/eee448fc3f7164808013b816ba91ac7e43bbe82a70bebac296f8bc6f0addaa1a?s=96&d=mm&r=g","url":"https:\/\/secure.gravatar.com\/avatar\/eee448fc3f7164808013b816ba91ac7e43bbe82a70bebac296f8bc6f0addaa1a?s=96&d=mm&r=g","contentUrl":"https:\/\/secure.gravatar.com\/avatar\/eee448fc3f7164808013b816ba91ac7e43bbe82a70bebac296f8bc6f0addaa1a?s=96&d=mm&r=g","caption":"Edici\u00f3n Web"},"url":"https:\/\/canal7slp.tv\/2025\/author\/edicionweb\/"}]}},"_links":{"self":[{"href":"https:\/\/canal7slp.tv\/2025\/wp-json\/wp\/v2\/posts\/186816","targetHints":{"allow":["GET"]}}],"collection":[{"href":"https:\/\/canal7slp.tv\/2025\/wp-json\/wp\/v2\/posts"}],"about":[{"href":"https:\/\/canal7slp.tv\/2025\/wp-json\/wp\/v2\/types\/post"}],"author":[{"embeddable":true,"href":"https:\/\/canal7slp.tv\/2025\/wp-json\/wp\/v2\/users\/2"}],"replies":[{"embeddable":true,"href":"https:\/\/canal7slp.tv\/2025\/wp-json\/wp\/v2\/comments?post=186816"}],"version-history":[{"count":1,"href":"https:\/\/canal7slp.tv\/2025\/wp-json\/wp\/v2\/posts\/186816\/revisions"}],"predecessor-version":[{"id":186818,"href":"https:\/\/canal7slp.tv\/2025\/wp-json\/wp\/v2\/posts\/186816\/revisions\/186818"}],"wp:featuredmedia":[{"embeddable":true,"href":"https:\/\/canal7slp.tv\/2025\/wp-json\/wp\/v2\/media\/186817"}],"wp:attachment":[{"href":"https:\/\/canal7slp.tv\/2025\/wp-json\/wp\/v2\/media?parent=186816"}],"wp:term":[{"taxonomy":"category","embeddable":true,"href":"https:\/\/canal7slp.tv\/2025\/wp-json\/wp\/v2\/categories?post=186816"},{"taxonomy":"post_tag","embeddable":true,"href":"https:\/\/canal7slp.tv\/2025\/wp-json\/wp\/v2\/tags?post=186816"}],"curies":[{"name":"wp","href":"https:\/\/api.w.org\/{rel}","templated":true}]}}