{"id":186810,"date":"2025-12-03T14:11:52","date_gmt":"2025-12-03T20:11:52","guid":{"rendered":"https:\/\/canal7slp.tv\/2025\/?p=186810"},"modified":"2025-12-03T14:12:44","modified_gmt":"2025-12-03T20:12:44","slug":"pese-a-alertas-y-publicaciones-traslado-de-avioneta-en-autopista-no-es-accidente-sino-parte-de-evento-cientifico","status":"publish","type":"post","link":"https:\/\/canal7slp.tv\/2025\/pese-a-alertas-y-publicaciones-traslado-de-avioneta-en-autopista-no-es-accidente-sino-parte-de-evento-cientifico\/","title":{"rendered":"Pese a alertas y publicaciones, traslado de avioneta en autopista no es accidente, sino parte de evento cient\u00edfico"},"content":{"rendered":"<p style=\"text-align: justify;\">Xochitepec.- El traslado terrestre de una avioneta por la autopista Cuernavaca-Acapulco, a la altura de Xochitepec en Morelos, gener\u00f3 sorpresa entre los automovilistas y congestionamiento vial este mi\u00e9rcoles.<\/p>\n<p style=\"text-align: justify;\">El convoy, escoltado por elementos de la Guardia Nacional, requiri\u00f3 el cierre temporal de ambos carriles de la vialidad.<\/p>\n<div style=\"width: 848px;\" class=\"wp-video\"><video class=\"wp-video-shortcode\" id=\"video-186810-1\" width=\"848\" height=\"478\" preload=\"metadata\" controls=\"controls\"><source type=\"video\/mp4\" src=\"https:\/\/canal7slp.tv\/2025\/wp-content\/uploads\/2025\/12\/C1_Video.mp4?_=1\" \/><a href=\"https:\/\/canal7slp.tv\/2025\/wp-content\/uploads\/2025\/12\/C1_Video.mp4\">https:\/\/canal7slp.tv\/2025\/wp-content\/uploads\/2025\/12\/C1_Video.mp4<\/a><\/video><\/div>\n<p style=\"text-align: justify;\">Autoridades de Protecci\u00f3n Civil del estado de Morelos aclararon que la maniobra forma parte de la log\u00edstica para el Foro de Ciencia, Tecnolog\u00eda y Sociedad, que se llevar\u00e1 a cabo los d\u00edas 4 y 5 de diciembre en el Centro de Convenciones Morelos.<\/p>\n<p style=\"text-align: justify;\">La aeronave ser\u00e1 exhibida como parte de las actividades del evento.<\/p>\n<p style=\"text-align: justify;\">Las im\u00e1genes del inusual traslado circularon en redes sociales, donde inicialmente se generaron especulaciones.<\/p>\n<p style=\"text-align: justify;\">Las autoridades emitieron el comunicado para precisar la naturaleza del operativo y evitar confusiones.<\/p>\n<p style=\"text-align: justify;\">Se recomend\u00f3 a los conductores circular con precauci\u00f3n en la zona y considerar rutas alternas debido a los posibles retrasos.<\/p>\n","protected":false},"excerpt":{"rendered":"<p>Xochitepec.- El traslado terrestre de una avioneta por la autopista Cuernavaca-Acapulco, a la altura de Xochitepec en Morelos, gener\u00f3 sorpresa entre los automovilistas y congestionamiento vial este mi\u00e9rcoles. El convoy, escoltado por elementos de la Guardia Nacional, requiri\u00f3 el cierre temporal de ambos carriles de la vialidad. Autoridades de Protecci\u00f3n Civil del estado de Morelos aclararon que la maniobra forma parte de la log\u00edstica para el Foro de Ciencia, Tecnolog\u00eda y Sociedad, que se llevar\u00e1 a cabo los d\u00edas 4 y 5 de diciembre en el Centro de Convenciones Morelos. La aeronave ser\u00e1 exhibida como parte de las actividades del [&hellip;]<\/p>\n","protected":false},"author":2,"featured_media":186811,"comment_status":"closed","ping_status":"closed","sticky":false,"template":"","format":"standard","meta":{"_monsterinsights_skip_tracking":false,"_monsterinsights_sitenote_active":false,"_monsterinsights_sitenote_note":"","_monsterinsights_sitenote_category":0,"footnotes":""},"categories":[46],"tags":[],"class_list":["post-186810","post","type-post","status-publish","format-standard","has-post-thumbnail","hentry","category-nacional","post--single"],"yoast_head":"<!-- This site is optimized with the Yoast SEO plugin v27.5 - https:\/\/yoast.com\/product\/yoast-seo-wordpress\/ -->\n<title>Pese a alertas y publicaciones, traslado de avioneta en autopista no es accidente, sino parte de evento cient\u00edfico - Canal 7 SLP - 2025<\/title>\n<meta name=\"robots\" content=\"index, follow, max-snippet:-1, max-image-preview:large, max-video-preview:-1\" \/>\n<link rel=\"canonical\" href=\"https:\/\/canal7slp.tv\/2025\/pese-a-alertas-y-publicaciones-traslado-de-avioneta-en-autopista-no-es-accidente-sino-parte-de-evento-cientifico\/\" \/>\n<meta property=\"og:locale\" content=\"es_ES\" \/>\n<meta property=\"og:type\" content=\"article\" \/>\n<meta property=\"og:title\" content=\"Pese a alertas y publicaciones, traslado de avioneta en autopista no es accidente, sino parte de evento cient\u00edfico - Canal 7 SLP - 2025\" \/>\n<meta property=\"og:description\" content=\"Xochitepec.- El traslado terrestre de una avioneta por la autopista Cuernavaca-Acapulco, a la altura de Xochitepec en Morelos, gener\u00f3 sorpresa entre los automovilistas y congestionamiento vial este mi\u00e9rcoles. El convoy, escoltado por elementos de la Guardia Nacional, requiri\u00f3 el cierre temporal de ambos carriles de la vialidad. Autoridades de Protecci\u00f3n Civil del estado de Morelos aclararon que la maniobra forma parte de la log\u00edstica para el Foro de Ciencia, Tecnolog\u00eda y Sociedad, que se llevar\u00e1 a cabo los d\u00edas 4 y 5 de diciembre en el Centro de Convenciones Morelos. La aeronave ser\u00e1 exhibida como parte de las actividades del [&hellip;]\" \/>\n<meta property=\"og:url\" content=\"https:\/\/canal7slp.tv\/2025\/pese-a-alertas-y-publicaciones-traslado-de-avioneta-en-autopista-no-es-accidente-sino-parte-de-evento-cientifico\/\" \/>\n<meta property=\"og:site_name\" content=\"Canal 7 SLP - 2025\" \/>\n<meta property=\"article:publisher\" content=\"https:\/\/www.facebook.com\/noticieroscanal7atencionciudadana\/\" \/>\n<meta property=\"article:published_time\" content=\"2025-12-03T20:11:52+00:00\" \/>\n<meta property=\"article:modified_time\" content=\"2025-12-03T20:12:44+00:00\" \/>\n<meta property=\"og:image\" content=\"https:\/\/canal7slp.tv\/2025\/wp-content\/uploads\/2025\/12\/C1.jpg\" \/>\n\t<meta property=\"og:image:width\" content=\"886\" \/>\n\t<meta property=\"og:image:height\" content=\"500\" \/>\n\t<meta property=\"og:image:type\" content=\"image\/jpeg\" \/>\n<meta name=\"author\" content=\"Edici\u00f3n Web\" \/>\n<meta name=\"twitter:card\" content=\"summary_large_image\" \/>\n<meta name=\"twitter:creator\" content=\"@NOTICIEROS7\" \/>\n<meta name=\"twitter:site\" content=\"@NOTICIEROS7\" \/>\n<meta name=\"twitter:label1\" content=\"Escrito por\" \/>\n\t<meta name=\"twitter:data1\" content=\"Edici\u00f3n Web\" \/>\n\t<meta name=\"twitter:label2\" content=\"Tiempo de lectura\" \/>\n\t<meta name=\"twitter:data2\" content=\"1 minuto\" \/>\n<script type=\"application\/ld+json\" class=\"yoast-schema-graph\">{\"@context\":\"https:\\\/\\\/schema.org\",\"@graph\":[{\"@type\":\"Article\",\"@id\":\"https:\\\/\\\/canal7slp.tv\\\/2025\\\/pese-a-alertas-y-publicaciones-traslado-de-avioneta-en-autopista-no-es-accidente-sino-parte-de-evento-cientifico\\\/#article\",\"isPartOf\":{\"@id\":\"https:\\\/\\\/canal7slp.tv\\\/2025\\\/pese-a-alertas-y-publicaciones-traslado-de-avioneta-en-autopista-no-es-accidente-sino-parte-de-evento-cientifico\\\/\"},\"author\":{\"name\":\"Edici\u00f3n Web\",\"@id\":\"https:\\\/\\\/canal7slp.tv\\\/2025\\\/#\\\/schema\\\/person\\\/271e2b60a96e7cc9d9ac296f4d7e414b\"},\"headline\":\"Pese a alertas y publicaciones, traslado de avioneta en autopista no es accidente, sino parte de evento cient\u00edfico\",\"datePublished\":\"2025-12-03T20:11:52+00:00\",\"dateModified\":\"2025-12-03T20:12:44+00:00\",\"mainEntityOfPage\":{\"@id\":\"https:\\\/\\\/canal7slp.tv\\\/2025\\\/pese-a-alertas-y-publicaciones-traslado-de-avioneta-en-autopista-no-es-accidente-sino-parte-de-evento-cientifico\\\/\"},\"wordCount\":188,\"publisher\":{\"@id\":\"https:\\\/\\\/canal7slp.tv\\\/2025\\\/#organization\"},\"image\":{\"@id\":\"https:\\\/\\\/canal7slp.tv\\\/2025\\\/pese-a-alertas-y-publicaciones-traslado-de-avioneta-en-autopista-no-es-accidente-sino-parte-de-evento-cientifico\\\/#primaryimage\"},\"thumbnailUrl\":\"https:\\\/\\\/canal7slp.tv\\\/2025\\\/wp-content\\\/uploads\\\/2025\\\/12\\\/C1.jpg\",\"articleSection\":[\"NACIONALES\"],\"inLanguage\":\"es\"},{\"@type\":\"WebPage\",\"@id\":\"https:\\\/\\\/canal7slp.tv\\\/2025\\\/pese-a-alertas-y-publicaciones-traslado-de-avioneta-en-autopista-no-es-accidente-sino-parte-de-evento-cientifico\\\/\",\"url\":\"https:\\\/\\\/canal7slp.tv\\\/2025\\\/pese-a-alertas-y-publicaciones-traslado-de-avioneta-en-autopista-no-es-accidente-sino-parte-de-evento-cientifico\\\/\",\"name\":\"Pese a alertas y publicaciones, traslado de avioneta en autopista no es accidente, sino parte de evento cient\u00edfico - Canal 7 SLP - 2025\",\"isPartOf\":{\"@id\":\"https:\\\/\\\/canal7slp.tv\\\/2025\\\/#website\"},\"primaryImageOfPage\":{\"@id\":\"https:\\\/\\\/canal7slp.tv\\\/2025\\\/pese-a-alertas-y-publicaciones-traslado-de-avioneta-en-autopista-no-es-accidente-sino-parte-de-evento-cientifico\\\/#primaryimage\"},\"image\":{\"@id\":\"https:\\\/\\\/canal7slp.tv\\\/2025\\\/pese-a-alertas-y-publicaciones-traslado-de-avioneta-en-autopista-no-es-accidente-sino-parte-de-evento-cientifico\\\/#primaryimage\"},\"thumbnailUrl\":\"https:\\\/\\\/canal7slp.tv\\\/2025\\\/wp-content\\\/uploads\\\/2025\\\/12\\\/C1.jpg\",\"datePublished\":\"2025-12-03T20:11:52+00:00\",\"dateModified\":\"2025-12-03T20:12:44+00:00\",\"breadcrumb\":{\"@id\":\"https:\\\/\\\/canal7slp.tv\\\/2025\\\/pese-a-alertas-y-publicaciones-traslado-de-avioneta-en-autopista-no-es-accidente-sino-parte-de-evento-cientifico\\\/#breadcrumb\"},\"inLanguage\":\"es\",\"potentialAction\":[{\"@type\":\"ReadAction\",\"target\":[\"https:\\\/\\\/canal7slp.tv\\\/2025\\\/pese-a-alertas-y-publicaciones-traslado-de-avioneta-en-autopista-no-es-accidente-sino-parte-de-evento-cientifico\\\/\"]}]},{\"@type\":\"ImageObject\",\"inLanguage\":\"es\",\"@id\":\"https:\\\/\\\/canal7slp.tv\\\/2025\\\/pese-a-alertas-y-publicaciones-traslado-de-avioneta-en-autopista-no-es-accidente-sino-parte-de-evento-cientifico\\\/#primaryimage\",\"url\":\"https:\\\/\\\/canal7slp.tv\\\/2025\\\/wp-content\\\/uploads\\\/2025\\\/12\\\/C1.jpg\",\"contentUrl\":\"https:\\\/\\\/canal7slp.tv\\\/2025\\\/wp-content\\\/uploads\\\/2025\\\/12\\\/C1.jpg\",\"width\":886,\"height\":500},{\"@type\":\"BreadcrumbList\",\"@id\":\"https:\\\/\\\/canal7slp.tv\\\/2025\\\/pese-a-alertas-y-publicaciones-traslado-de-avioneta-en-autopista-no-es-accidente-sino-parte-de-evento-cientifico\\\/#breadcrumb\",\"itemListElement\":[{\"@type\":\"ListItem\",\"position\":1,\"name\":\"Portada\",\"item\":\"https:\\\/\\\/canal7slp.tv\\\/2025\\\/\"},{\"@type\":\"ListItem\",\"position\":2,\"name\":\"Pese a alertas y publicaciones, traslado de avioneta en autopista no es accidente, sino parte de evento cient\u00edfico\"}]},{\"@type\":\"WebSite\",\"@id\":\"https:\\\/\\\/canal7slp.tv\\\/2025\\\/#website\",\"url\":\"https:\\\/\\\/canal7slp.tv\\\/2025\\\/\",\"name\":\"N7 - Noticieros Canal 7\",\"description\":\"Somos el Medio\",\"publisher\":{\"@id\":\"https:\\\/\\\/canal7slp.tv\\\/2025\\\/#organization\"},\"potentialAction\":[{\"@type\":\"SearchAction\",\"target\":{\"@type\":\"EntryPoint\",\"urlTemplate\":\"https:\\\/\\\/canal7slp.tv\\\/2025\\\/?s={search_term_string}\"},\"query-input\":{\"@type\":\"PropertyValueSpecification\",\"valueRequired\":true,\"valueName\":\"search_term_string\"}}],\"inLanguage\":\"es\"},{\"@type\":\"Organization\",\"@id\":\"https:\\\/\\\/canal7slp.tv\\\/2025\\\/#organization\",\"name\":\"Noticieros Canal 7\",\"url\":\"https:\\\/\\\/canal7slp.tv\\\/2025\\\/\",\"logo\":{\"@type\":\"ImageObject\",\"inLanguage\":\"es\",\"@id\":\"https:\\\/\\\/canal7slp.tv\\\/2025\\\/#\\\/schema\\\/logo\\\/image\\\/\",\"url\":\"https:\\\/\\\/canal7slp.tv\\\/2025\\\/wp-content\\\/uploads\\\/2021\\\/01\\\/logo-noticieros@2x.png\",\"contentUrl\":\"https:\\\/\\\/canal7slp.tv\\\/2025\\\/wp-content\\\/uploads\\\/2021\\\/01\\\/logo-noticieros@2x.png\",\"width\":1017,\"height\":268,\"caption\":\"Noticieros Canal 7\"},\"image\":{\"@id\":\"https:\\\/\\\/canal7slp.tv\\\/2025\\\/#\\\/schema\\\/logo\\\/image\\\/\"},\"sameAs\":[\"https:\\\/\\\/www.facebook.com\\\/noticieroscanal7atencionciudadana\\\/\",\"https:\\\/\\\/x.com\\\/NOTICIEROS7\",\"https:\\\/\\\/www.instagram.com\\\/canal7_slp\",\"https:\\\/\\\/www.youtube.com\\\/channel\\\/UCliiYs-gP3JfJeqdPrNdd5A\"]},{\"@type\":\"Person\",\"@id\":\"https:\\\/\\\/canal7slp.tv\\\/2025\\\/#\\\/schema\\\/person\\\/271e2b60a96e7cc9d9ac296f4d7e414b\",\"name\":\"Edici\u00f3n Web\",\"image\":{\"@type\":\"ImageObject\",\"inLanguage\":\"es\",\"@id\":\"https:\\\/\\\/secure.gravatar.com\\\/avatar\\\/eee448fc3f7164808013b816ba91ac7e43bbe82a70bebac296f8bc6f0addaa1a?s=96&d=mm&r=g\",\"url\":\"https:\\\/\\\/secure.gravatar.com\\\/avatar\\\/eee448fc3f7164808013b816ba91ac7e43bbe82a70bebac296f8bc6f0addaa1a?s=96&d=mm&r=g\",\"contentUrl\":\"https:\\\/\\\/secure.gravatar.com\\\/avatar\\\/eee448fc3f7164808013b816ba91ac7e43bbe82a70bebac296f8bc6f0addaa1a?s=96&d=mm&r=g\",\"caption\":\"Edici\u00f3n Web\"},\"url\":\"https:\\\/\\\/canal7slp.tv\\\/2025\\\/author\\\/edicionweb\\\/\"}]}<\/script>\n<!-- \/ Yoast SEO plugin. -->","yoast_head_json":{"title":"Pese a alertas y publicaciones, traslado de avioneta en autopista no es accidente, sino parte de evento cient\u00edfico - Canal 7 SLP - 2025","robots":{"index":"index","follow":"follow","max-snippet":"max-snippet:-1","max-image-preview":"max-image-preview:large","max-video-preview":"max-video-preview:-1"},"canonical":"https:\/\/canal7slp.tv\/2025\/pese-a-alertas-y-publicaciones-traslado-de-avioneta-en-autopista-no-es-accidente-sino-parte-de-evento-cientifico\/","og_locale":"es_ES","og_type":"article","og_title":"Pese a alertas y publicaciones, traslado de avioneta en autopista no es accidente, sino parte de evento cient\u00edfico - Canal 7 SLP - 2025","og_description":"Xochitepec.- El traslado terrestre de una avioneta por la autopista Cuernavaca-Acapulco, a la altura de Xochitepec en Morelos, gener\u00f3 sorpresa entre los automovilistas y congestionamiento vial este mi\u00e9rcoles. El convoy, escoltado por elementos de la Guardia Nacional, requiri\u00f3 el cierre temporal de ambos carriles de la vialidad. Autoridades de Protecci\u00f3n Civil del estado de Morelos aclararon que la maniobra forma parte de la log\u00edstica para el Foro de Ciencia, Tecnolog\u00eda y Sociedad, que se llevar\u00e1 a cabo los d\u00edas 4 y 5 de diciembre en el Centro de Convenciones Morelos. La aeronave ser\u00e1 exhibida como parte de las actividades del [&hellip;]","og_url":"https:\/\/canal7slp.tv\/2025\/pese-a-alertas-y-publicaciones-traslado-de-avioneta-en-autopista-no-es-accidente-sino-parte-de-evento-cientifico\/","og_site_name":"Canal 7 SLP - 2025","article_publisher":"https:\/\/www.facebook.com\/noticieroscanal7atencionciudadana\/","article_published_time":"2025-12-03T20:11:52+00:00","article_modified_time":"2025-12-03T20:12:44+00:00","og_image":[{"width":886,"height":500,"url":"https:\/\/canal7slp.tv\/2025\/wp-content\/uploads\/2025\/12\/C1.jpg","type":"image\/jpeg"}],"author":"Edici\u00f3n Web","twitter_card":"summary_large_image","twitter_creator":"@NOTICIEROS7","twitter_site":"@NOTICIEROS7","twitter_misc":{"Escrito por":"Edici\u00f3n Web","Tiempo de lectura":"1 minuto"},"schema":{"@context":"https:\/\/schema.org","@graph":[{"@type":"Article","@id":"https:\/\/canal7slp.tv\/2025\/pese-a-alertas-y-publicaciones-traslado-de-avioneta-en-autopista-no-es-accidente-sino-parte-de-evento-cientifico\/#article","isPartOf":{"@id":"https:\/\/canal7slp.tv\/2025\/pese-a-alertas-y-publicaciones-traslado-de-avioneta-en-autopista-no-es-accidente-sino-parte-de-evento-cientifico\/"},"author":{"name":"Edici\u00f3n Web","@id":"https:\/\/canal7slp.tv\/2025\/#\/schema\/person\/271e2b60a96e7cc9d9ac296f4d7e414b"},"headline":"Pese a alertas y publicaciones, traslado de avioneta en autopista no es accidente, sino parte de evento cient\u00edfico","datePublished":"2025-12-03T20:11:52+00:00","dateModified":"2025-12-03T20:12:44+00:00","mainEntityOfPage":{"@id":"https:\/\/canal7slp.tv\/2025\/pese-a-alertas-y-publicaciones-traslado-de-avioneta-en-autopista-no-es-accidente-sino-parte-de-evento-cientifico\/"},"wordCount":188,"publisher":{"@id":"https:\/\/canal7slp.tv\/2025\/#organization"},"image":{"@id":"https:\/\/canal7slp.tv\/2025\/pese-a-alertas-y-publicaciones-traslado-de-avioneta-en-autopista-no-es-accidente-sino-parte-de-evento-cientifico\/#primaryimage"},"thumbnailUrl":"https:\/\/canal7slp.tv\/2025\/wp-content\/uploads\/2025\/12\/C1.jpg","articleSection":["NACIONALES"],"inLanguage":"es"},{"@type":"WebPage","@id":"https:\/\/canal7slp.tv\/2025\/pese-a-alertas-y-publicaciones-traslado-de-avioneta-en-autopista-no-es-accidente-sino-parte-de-evento-cientifico\/","url":"https:\/\/canal7slp.tv\/2025\/pese-a-alertas-y-publicaciones-traslado-de-avioneta-en-autopista-no-es-accidente-sino-parte-de-evento-cientifico\/","name":"Pese a alertas y publicaciones, traslado de avioneta en autopista no es accidente, sino parte de evento cient\u00edfico - Canal 7 SLP - 2025","isPartOf":{"@id":"https:\/\/canal7slp.tv\/2025\/#website"},"primaryImageOfPage":{"@id":"https:\/\/canal7slp.tv\/2025\/pese-a-alertas-y-publicaciones-traslado-de-avioneta-en-autopista-no-es-accidente-sino-parte-de-evento-cientifico\/#primaryimage"},"image":{"@id":"https:\/\/canal7slp.tv\/2025\/pese-a-alertas-y-publicaciones-traslado-de-avioneta-en-autopista-no-es-accidente-sino-parte-de-evento-cientifico\/#primaryimage"},"thumbnailUrl":"https:\/\/canal7slp.tv\/2025\/wp-content\/uploads\/2025\/12\/C1.jpg","datePublished":"2025-12-03T20:11:52+00:00","dateModified":"2025-12-03T20:12:44+00:00","breadcrumb":{"@id":"https:\/\/canal7slp.tv\/2025\/pese-a-alertas-y-publicaciones-traslado-de-avioneta-en-autopista-no-es-accidente-sino-parte-de-evento-cientifico\/#breadcrumb"},"inLanguage":"es","potentialAction":[{"@type":"ReadAction","target":["https:\/\/canal7slp.tv\/2025\/pese-a-alertas-y-publicaciones-traslado-de-avioneta-en-autopista-no-es-accidente-sino-parte-de-evento-cientifico\/"]}]},{"@type":"ImageObject","inLanguage":"es","@id":"https:\/\/canal7slp.tv\/2025\/pese-a-alertas-y-publicaciones-traslado-de-avioneta-en-autopista-no-es-accidente-sino-parte-de-evento-cientifico\/#primaryimage","url":"https:\/\/canal7slp.tv\/2025\/wp-content\/uploads\/2025\/12\/C1.jpg","contentUrl":"https:\/\/canal7slp.tv\/2025\/wp-content\/uploads\/2025\/12\/C1.jpg","width":886,"height":500},{"@type":"BreadcrumbList","@id":"https:\/\/canal7slp.tv\/2025\/pese-a-alertas-y-publicaciones-traslado-de-avioneta-en-autopista-no-es-accidente-sino-parte-de-evento-cientifico\/#breadcrumb","itemListElement":[{"@type":"ListItem","position":1,"name":"Portada","item":"https:\/\/canal7slp.tv\/2025\/"},{"@type":"ListItem","position":2,"name":"Pese a alertas y publicaciones, traslado de avioneta en autopista no es accidente, sino parte de evento cient\u00edfico"}]},{"@type":"WebSite","@id":"https:\/\/canal7slp.tv\/2025\/#website","url":"https:\/\/canal7slp.tv\/2025\/","name":"N7 - Noticieros Canal 7","description":"Somos el Medio","publisher":{"@id":"https:\/\/canal7slp.tv\/2025\/#organization"},"potentialAction":[{"@type":"SearchAction","target":{"@type":"EntryPoint","urlTemplate":"https:\/\/canal7slp.tv\/2025\/?s={search_term_string}"},"query-input":{"@type":"PropertyValueSpecification","valueRequired":true,"valueName":"search_term_string"}}],"inLanguage":"es"},{"@type":"Organization","@id":"https:\/\/canal7slp.tv\/2025\/#organization","name":"Noticieros Canal 7","url":"https:\/\/canal7slp.tv\/2025\/","logo":{"@type":"ImageObject","inLanguage":"es","@id":"https:\/\/canal7slp.tv\/2025\/#\/schema\/logo\/image\/","url":"https:\/\/canal7slp.tv\/2025\/wp-content\/uploads\/2021\/01\/logo-noticieros@2x.png","contentUrl":"https:\/\/canal7slp.tv\/2025\/wp-content\/uploads\/2021\/01\/logo-noticieros@2x.png","width":1017,"height":268,"caption":"Noticieros Canal 7"},"image":{"@id":"https:\/\/canal7slp.tv\/2025\/#\/schema\/logo\/image\/"},"sameAs":["https:\/\/www.facebook.com\/noticieroscanal7atencionciudadana\/","https:\/\/x.com\/NOTICIEROS7","https:\/\/www.instagram.com\/canal7_slp","https:\/\/www.youtube.com\/channel\/UCliiYs-gP3JfJeqdPrNdd5A"]},{"@type":"Person","@id":"https:\/\/canal7slp.tv\/2025\/#\/schema\/person\/271e2b60a96e7cc9d9ac296f4d7e414b","name":"Edici\u00f3n Web","image":{"@type":"ImageObject","inLanguage":"es","@id":"https:\/\/secure.gravatar.com\/avatar\/eee448fc3f7164808013b816ba91ac7e43bbe82a70bebac296f8bc6f0addaa1a?s=96&d=mm&r=g","url":"https:\/\/secure.gravatar.com\/avatar\/eee448fc3f7164808013b816ba91ac7e43bbe82a70bebac296f8bc6f0addaa1a?s=96&d=mm&r=g","contentUrl":"https:\/\/secure.gravatar.com\/avatar\/eee448fc3f7164808013b816ba91ac7e43bbe82a70bebac296f8bc6f0addaa1a?s=96&d=mm&r=g","caption":"Edici\u00f3n Web"},"url":"https:\/\/canal7slp.tv\/2025\/author\/edicionweb\/"}]}},"_links":{"self":[{"href":"https:\/\/canal7slp.tv\/2025\/wp-json\/wp\/v2\/posts\/186810","targetHints":{"allow":["GET"]}}],"collection":[{"href":"https:\/\/canal7slp.tv\/2025\/wp-json\/wp\/v2\/posts"}],"about":[{"href":"https:\/\/canal7slp.tv\/2025\/wp-json\/wp\/v2\/types\/post"}],"author":[{"embeddable":true,"href":"https:\/\/canal7slp.tv\/2025\/wp-json\/wp\/v2\/users\/2"}],"replies":[{"embeddable":true,"href":"https:\/\/canal7slp.tv\/2025\/wp-json\/wp\/v2\/comments?post=186810"}],"version-history":[{"count":3,"href":"https:\/\/canal7slp.tv\/2025\/wp-json\/wp\/v2\/posts\/186810\/revisions"}],"predecessor-version":[{"id":186815,"href":"https:\/\/canal7slp.tv\/2025\/wp-json\/wp\/v2\/posts\/186810\/revisions\/186815"}],"wp:featuredmedia":[{"embeddable":true,"href":"https:\/\/canal7slp.tv\/2025\/wp-json\/wp\/v2\/media\/186811"}],"wp:attachment":[{"href":"https:\/\/canal7slp.tv\/2025\/wp-json\/wp\/v2\/media?parent=186810"}],"wp:term":[{"taxonomy":"category","embeddable":true,"href":"https:\/\/canal7slp.tv\/2025\/wp-json\/wp\/v2\/categories?post=186810"},{"taxonomy":"post_tag","embeddable":true,"href":"https:\/\/canal7slp.tv\/2025\/wp-json\/wp\/v2\/tags?post=186810"}],"curies":[{"name":"wp","href":"https:\/\/api.w.org\/{rel}","templated":true}]}}