{"id":186806,"date":"2025-12-03T14:08:41","date_gmt":"2025-12-03T20:08:41","guid":{"rendered":"https:\/\/canal7slp.tv\/2025\/?p=186806"},"modified":"2025-12-03T14:08:41","modified_gmt":"2025-12-03T20:08:41","slug":"productores-agricolas-protestan-en-san-lazaro-contra-reforma-a-la-ley-de-aguas","status":"publish","type":"post","link":"https:\/\/canal7slp.tv\/2025\/productores-agricolas-protestan-en-san-lazaro-contra-reforma-a-la-ley-de-aguas\/","title":{"rendered":"Productores agr\u00edcolas protestan en San L\u00e1zaro contra reforma a la Ley de Aguas"},"content":{"rendered":"<p style=\"text-align: justify;\">Ciudad de M\u00e9xico.- Productores agr\u00edcolas de varios estados se manifestaron este mi\u00e9rcoles frente a la C\u00e1mara de Diputados en la Ciudad de M\u00e9xico, en protesta por la reforma a la Ley de Aguas Nacionales propuesta por el gobierno federal.<\/p>\n<p style=\"text-align: justify;\">La movilizaci\u00f3n, denominada \u00abGran Caravana de Tractores por el Agua\u00bb, incluy\u00f3 la llegada de aproximadamente 100 tractores y alrededor de 400 manifestantes provenientes principalmente de Puebla, Tlaxcala y Veracruz.<\/p>\n<p style=\"text-align: justify;\">Los agricultores estacionaron sus veh\u00edculos frente al Palacio Legislativo de San L\u00e1zaro y bloquearon accesos viales aleda\u00f1os, como la avenida Emiliano Zapata.<\/p>\n<p style=\"text-align: justify;\">Durante la manifestaci\u00f3n, expresaron su preocupaci\u00f3n por art\u00edculos de la iniciativa que, seg\u00fan su interpretaci\u00f3n, podr\u00edan afectar la transmisi\u00f3n o herencia de los derechos de concesi\u00f3n de agua para uso agr\u00edcola, los cuales representan una inversi\u00f3n significativa.<\/p>\n<p style=\"text-align: justify;\">La protesta se produce en el contexto de la discusi\u00f3n legislativa de la reforma. La Junta de Coordinaci\u00f3n Pol\u00edtica (Jucopo) de la C\u00e1mara de Diputados hab\u00eda acordado que el dictamen se discutir\u00eda y posiblemente se votar\u00eda en el pleno este jueves 4 de diciembre, aunque exist\u00edan versiones sobre una posible votaci\u00f3n anticipada el mismo mi\u00e9rcoles.<\/p>\n<p style=\"text-align: justify;\">Paralelamente, se reportaron bloqueos en la autopista Acatzingo-Ciudad Mendoza, donde alrededor de 70 tractores mantuvieron interrumpido el tr\u00e1nsito durante m\u00e1s de nueve horas.<\/p>\n<p style=\"text-align: justify;\">La reforma al marco jur\u00eddico del agua es uno de los proyectos prioritarios de la agenda legislativa actual.<\/p>\n<p style=\"text-align: justify;\">El sector agropecuario ha manifestado de manera general su postura de que cualquier nueva legislaci\u00f3n debe garantizar la certeza jur\u00eddica para los productores, mantener la productividad y contribuir a la seguridad alimentaria.<\/p>\n","protected":false},"excerpt":{"rendered":"<p>Ciudad de M\u00e9xico.- Productores agr\u00edcolas de varios estados se manifestaron este mi\u00e9rcoles frente a la C\u00e1mara de Diputados en la Ciudad de M\u00e9xico, en protesta por la reforma a la Ley de Aguas Nacionales propuesta por el gobierno federal. La movilizaci\u00f3n, denominada \u00abGran Caravana de Tractores por el Agua\u00bb, incluy\u00f3 la llegada de aproximadamente 100 tractores y alrededor de 400 manifestantes provenientes principalmente de Puebla, Tlaxcala y Veracruz. Los agricultores estacionaron sus veh\u00edculos frente al Palacio Legislativo de San L\u00e1zaro y bloquearon accesos viales aleda\u00f1os, como la avenida Emiliano Zapata. Durante la manifestaci\u00f3n, expresaron su preocupaci\u00f3n por art\u00edculos de la [&hellip;]<\/p>\n","protected":false},"author":2,"featured_media":186808,"comment_status":"closed","ping_status":"closed","sticky":false,"template":"","format":"standard","meta":{"_monsterinsights_skip_tracking":false,"_monsterinsights_sitenote_active":false,"_monsterinsights_sitenote_note":"","_monsterinsights_sitenote_category":0,"footnotes":""},"categories":[46],"tags":[],"class_list":["post-186806","post","type-post","status-publish","format-standard","has-post-thumbnail","hentry","category-nacional","post--single"],"yoast_head":"<!-- This site is optimized with the Yoast SEO plugin v27.5 - https:\/\/yoast.com\/product\/yoast-seo-wordpress\/ -->\n<title>Productores agr\u00edcolas protestan en San L\u00e1zaro contra reforma a la Ley de Aguas - Canal 7 SLP - 2025<\/title>\n<meta name=\"robots\" content=\"index, follow, max-snippet:-1, max-image-preview:large, max-video-preview:-1\" \/>\n<link rel=\"canonical\" href=\"https:\/\/canal7slp.tv\/2025\/productores-agricolas-protestan-en-san-lazaro-contra-reforma-a-la-ley-de-aguas\/\" \/>\n<meta property=\"og:locale\" content=\"es_ES\" \/>\n<meta property=\"og:type\" content=\"article\" \/>\n<meta property=\"og:title\" content=\"Productores agr\u00edcolas protestan en San L\u00e1zaro contra reforma a la Ley de Aguas - Canal 7 SLP - 2025\" \/>\n<meta property=\"og:description\" content=\"Ciudad de M\u00e9xico.- Productores agr\u00edcolas de varios estados se manifestaron este mi\u00e9rcoles frente a la C\u00e1mara de Diputados en la Ciudad de M\u00e9xico, en protesta por la reforma a la Ley de Aguas Nacionales propuesta por el gobierno federal. La movilizaci\u00f3n, denominada \u00abGran Caravana de Tractores por el Agua\u00bb, incluy\u00f3 la llegada de aproximadamente 100 tractores y alrededor de 400 manifestantes provenientes principalmente de Puebla, Tlaxcala y Veracruz. Los agricultores estacionaron sus veh\u00edculos frente al Palacio Legislativo de San L\u00e1zaro y bloquearon accesos viales aleda\u00f1os, como la avenida Emiliano Zapata. Durante la manifestaci\u00f3n, expresaron su preocupaci\u00f3n por art\u00edculos de la [&hellip;]\" \/>\n<meta property=\"og:url\" content=\"https:\/\/canal7slp.tv\/2025\/productores-agricolas-protestan-en-san-lazaro-contra-reforma-a-la-ley-de-aguas\/\" \/>\n<meta property=\"og:site_name\" content=\"Canal 7 SLP - 2025\" \/>\n<meta property=\"article:publisher\" content=\"https:\/\/www.facebook.com\/noticieroscanal7atencionciudadana\/\" \/>\n<meta property=\"article:published_time\" content=\"2025-12-03T20:08:41+00:00\" \/>\n<meta property=\"og:image\" content=\"https:\/\/canal7slp.tv\/2025\/wp-content\/uploads\/2025\/12\/04-2.jpg\" \/>\n\t<meta property=\"og:image:width\" content=\"854\" \/>\n\t<meta property=\"og:image:height\" content=\"500\" \/>\n\t<meta property=\"og:image:type\" content=\"image\/jpeg\" \/>\n<meta name=\"author\" content=\"Edici\u00f3n Web\" \/>\n<meta name=\"twitter:card\" content=\"summary_large_image\" \/>\n<meta name=\"twitter:creator\" content=\"@NOTICIEROS7\" \/>\n<meta name=\"twitter:site\" content=\"@NOTICIEROS7\" \/>\n<meta name=\"twitter:label1\" content=\"Escrito por\" \/>\n\t<meta name=\"twitter:data1\" content=\"Edici\u00f3n Web\" \/>\n\t<meta name=\"twitter:label2\" content=\"Tiempo de lectura\" \/>\n\t<meta name=\"twitter:data2\" content=\"2 minutos\" \/>\n<script type=\"application\/ld+json\" class=\"yoast-schema-graph\">{\"@context\":\"https:\\\/\\\/schema.org\",\"@graph\":[{\"@type\":\"Article\",\"@id\":\"https:\\\/\\\/canal7slp.tv\\\/2025\\\/productores-agricolas-protestan-en-san-lazaro-contra-reforma-a-la-ley-de-aguas\\\/#article\",\"isPartOf\":{\"@id\":\"https:\\\/\\\/canal7slp.tv\\\/2025\\\/productores-agricolas-protestan-en-san-lazaro-contra-reforma-a-la-ley-de-aguas\\\/\"},\"author\":{\"name\":\"Edici\u00f3n Web\",\"@id\":\"https:\\\/\\\/canal7slp.tv\\\/2025\\\/#\\\/schema\\\/person\\\/271e2b60a96e7cc9d9ac296f4d7e414b\"},\"headline\":\"Productores agr\u00edcolas protestan en San L\u00e1zaro contra reforma a la Ley de Aguas\",\"datePublished\":\"2025-12-03T20:08:41+00:00\",\"mainEntityOfPage\":{\"@id\":\"https:\\\/\\\/canal7slp.tv\\\/2025\\\/productores-agricolas-protestan-en-san-lazaro-contra-reforma-a-la-ley-de-aguas\\\/\"},\"wordCount\":301,\"publisher\":{\"@id\":\"https:\\\/\\\/canal7slp.tv\\\/2025\\\/#organization\"},\"image\":{\"@id\":\"https:\\\/\\\/canal7slp.tv\\\/2025\\\/productores-agricolas-protestan-en-san-lazaro-contra-reforma-a-la-ley-de-aguas\\\/#primaryimage\"},\"thumbnailUrl\":\"https:\\\/\\\/canal7slp.tv\\\/2025\\\/wp-content\\\/uploads\\\/2025\\\/12\\\/04-2.jpg\",\"articleSection\":[\"NACIONALES\"],\"inLanguage\":\"es\"},{\"@type\":\"WebPage\",\"@id\":\"https:\\\/\\\/canal7slp.tv\\\/2025\\\/productores-agricolas-protestan-en-san-lazaro-contra-reforma-a-la-ley-de-aguas\\\/\",\"url\":\"https:\\\/\\\/canal7slp.tv\\\/2025\\\/productores-agricolas-protestan-en-san-lazaro-contra-reforma-a-la-ley-de-aguas\\\/\",\"name\":\"Productores agr\u00edcolas protestan en San L\u00e1zaro contra reforma a la Ley de Aguas - Canal 7 SLP - 2025\",\"isPartOf\":{\"@id\":\"https:\\\/\\\/canal7slp.tv\\\/2025\\\/#website\"},\"primaryImageOfPage\":{\"@id\":\"https:\\\/\\\/canal7slp.tv\\\/2025\\\/productores-agricolas-protestan-en-san-lazaro-contra-reforma-a-la-ley-de-aguas\\\/#primaryimage\"},\"image\":{\"@id\":\"https:\\\/\\\/canal7slp.tv\\\/2025\\\/productores-agricolas-protestan-en-san-lazaro-contra-reforma-a-la-ley-de-aguas\\\/#primaryimage\"},\"thumbnailUrl\":\"https:\\\/\\\/canal7slp.tv\\\/2025\\\/wp-content\\\/uploads\\\/2025\\\/12\\\/04-2.jpg\",\"datePublished\":\"2025-12-03T20:08:41+00:00\",\"breadcrumb\":{\"@id\":\"https:\\\/\\\/canal7slp.tv\\\/2025\\\/productores-agricolas-protestan-en-san-lazaro-contra-reforma-a-la-ley-de-aguas\\\/#breadcrumb\"},\"inLanguage\":\"es\",\"potentialAction\":[{\"@type\":\"ReadAction\",\"target\":[\"https:\\\/\\\/canal7slp.tv\\\/2025\\\/productores-agricolas-protestan-en-san-lazaro-contra-reforma-a-la-ley-de-aguas\\\/\"]}]},{\"@type\":\"ImageObject\",\"inLanguage\":\"es\",\"@id\":\"https:\\\/\\\/canal7slp.tv\\\/2025\\\/productores-agricolas-protestan-en-san-lazaro-contra-reforma-a-la-ley-de-aguas\\\/#primaryimage\",\"url\":\"https:\\\/\\\/canal7slp.tv\\\/2025\\\/wp-content\\\/uploads\\\/2025\\\/12\\\/04-2.jpg\",\"contentUrl\":\"https:\\\/\\\/canal7slp.tv\\\/2025\\\/wp-content\\\/uploads\\\/2025\\\/12\\\/04-2.jpg\",\"width\":854,\"height\":500},{\"@type\":\"BreadcrumbList\",\"@id\":\"https:\\\/\\\/canal7slp.tv\\\/2025\\\/productores-agricolas-protestan-en-san-lazaro-contra-reforma-a-la-ley-de-aguas\\\/#breadcrumb\",\"itemListElement\":[{\"@type\":\"ListItem\",\"position\":1,\"name\":\"Portada\",\"item\":\"https:\\\/\\\/canal7slp.tv\\\/2025\\\/\"},{\"@type\":\"ListItem\",\"position\":2,\"name\":\"Productores agr\u00edcolas protestan en San L\u00e1zaro contra reforma a la Ley de Aguas\"}]},{\"@type\":\"WebSite\",\"@id\":\"https:\\\/\\\/canal7slp.tv\\\/2025\\\/#website\",\"url\":\"https:\\\/\\\/canal7slp.tv\\\/2025\\\/\",\"name\":\"N7 - Noticieros Canal 7\",\"description\":\"Somos el Medio\",\"publisher\":{\"@id\":\"https:\\\/\\\/canal7slp.tv\\\/2025\\\/#organization\"},\"potentialAction\":[{\"@type\":\"SearchAction\",\"target\":{\"@type\":\"EntryPoint\",\"urlTemplate\":\"https:\\\/\\\/canal7slp.tv\\\/2025\\\/?s={search_term_string}\"},\"query-input\":{\"@type\":\"PropertyValueSpecification\",\"valueRequired\":true,\"valueName\":\"search_term_string\"}}],\"inLanguage\":\"es\"},{\"@type\":\"Organization\",\"@id\":\"https:\\\/\\\/canal7slp.tv\\\/2025\\\/#organization\",\"name\":\"Noticieros Canal 7\",\"url\":\"https:\\\/\\\/canal7slp.tv\\\/2025\\\/\",\"logo\":{\"@type\":\"ImageObject\",\"inLanguage\":\"es\",\"@id\":\"https:\\\/\\\/canal7slp.tv\\\/2025\\\/#\\\/schema\\\/logo\\\/image\\\/\",\"url\":\"https:\\\/\\\/canal7slp.tv\\\/2025\\\/wp-content\\\/uploads\\\/2021\\\/01\\\/logo-noticieros@2x.png\",\"contentUrl\":\"https:\\\/\\\/canal7slp.tv\\\/2025\\\/wp-content\\\/uploads\\\/2021\\\/01\\\/logo-noticieros@2x.png\",\"width\":1017,\"height\":268,\"caption\":\"Noticieros Canal 7\"},\"image\":{\"@id\":\"https:\\\/\\\/canal7slp.tv\\\/2025\\\/#\\\/schema\\\/logo\\\/image\\\/\"},\"sameAs\":[\"https:\\\/\\\/www.facebook.com\\\/noticieroscanal7atencionciudadana\\\/\",\"https:\\\/\\\/x.com\\\/NOTICIEROS7\",\"https:\\\/\\\/www.instagram.com\\\/canal7_slp\",\"https:\\\/\\\/www.youtube.com\\\/channel\\\/UCliiYs-gP3JfJeqdPrNdd5A\"]},{\"@type\":\"Person\",\"@id\":\"https:\\\/\\\/canal7slp.tv\\\/2025\\\/#\\\/schema\\\/person\\\/271e2b60a96e7cc9d9ac296f4d7e414b\",\"name\":\"Edici\u00f3n Web\",\"image\":{\"@type\":\"ImageObject\",\"inLanguage\":\"es\",\"@id\":\"https:\\\/\\\/secure.gravatar.com\\\/avatar\\\/eee448fc3f7164808013b816ba91ac7e43bbe82a70bebac296f8bc6f0addaa1a?s=96&d=mm&r=g\",\"url\":\"https:\\\/\\\/secure.gravatar.com\\\/avatar\\\/eee448fc3f7164808013b816ba91ac7e43bbe82a70bebac296f8bc6f0addaa1a?s=96&d=mm&r=g\",\"contentUrl\":\"https:\\\/\\\/secure.gravatar.com\\\/avatar\\\/eee448fc3f7164808013b816ba91ac7e43bbe82a70bebac296f8bc6f0addaa1a?s=96&d=mm&r=g\",\"caption\":\"Edici\u00f3n Web\"},\"url\":\"https:\\\/\\\/canal7slp.tv\\\/2025\\\/author\\\/edicionweb\\\/\"}]}<\/script>\n<!-- \/ Yoast SEO plugin. -->","yoast_head_json":{"title":"Productores agr\u00edcolas protestan en San L\u00e1zaro contra reforma a la Ley de Aguas - Canal 7 SLP - 2025","robots":{"index":"index","follow":"follow","max-snippet":"max-snippet:-1","max-image-preview":"max-image-preview:large","max-video-preview":"max-video-preview:-1"},"canonical":"https:\/\/canal7slp.tv\/2025\/productores-agricolas-protestan-en-san-lazaro-contra-reforma-a-la-ley-de-aguas\/","og_locale":"es_ES","og_type":"article","og_title":"Productores agr\u00edcolas protestan en San L\u00e1zaro contra reforma a la Ley de Aguas - Canal 7 SLP - 2025","og_description":"Ciudad de M\u00e9xico.- Productores agr\u00edcolas de varios estados se manifestaron este mi\u00e9rcoles frente a la C\u00e1mara de Diputados en la Ciudad de M\u00e9xico, en protesta por la reforma a la Ley de Aguas Nacionales propuesta por el gobierno federal. La movilizaci\u00f3n, denominada \u00abGran Caravana de Tractores por el Agua\u00bb, incluy\u00f3 la llegada de aproximadamente 100 tractores y alrededor de 400 manifestantes provenientes principalmente de Puebla, Tlaxcala y Veracruz. Los agricultores estacionaron sus veh\u00edculos frente al Palacio Legislativo de San L\u00e1zaro y bloquearon accesos viales aleda\u00f1os, como la avenida Emiliano Zapata. Durante la manifestaci\u00f3n, expresaron su preocupaci\u00f3n por art\u00edculos de la [&hellip;]","og_url":"https:\/\/canal7slp.tv\/2025\/productores-agricolas-protestan-en-san-lazaro-contra-reforma-a-la-ley-de-aguas\/","og_site_name":"Canal 7 SLP - 2025","article_publisher":"https:\/\/www.facebook.com\/noticieroscanal7atencionciudadana\/","article_published_time":"2025-12-03T20:08:41+00:00","og_image":[{"width":854,"height":500,"url":"https:\/\/canal7slp.tv\/2025\/wp-content\/uploads\/2025\/12\/04-2.jpg","type":"image\/jpeg"}],"author":"Edici\u00f3n Web","twitter_card":"summary_large_image","twitter_creator":"@NOTICIEROS7","twitter_site":"@NOTICIEROS7","twitter_misc":{"Escrito por":"Edici\u00f3n Web","Tiempo de lectura":"2 minutos"},"schema":{"@context":"https:\/\/schema.org","@graph":[{"@type":"Article","@id":"https:\/\/canal7slp.tv\/2025\/productores-agricolas-protestan-en-san-lazaro-contra-reforma-a-la-ley-de-aguas\/#article","isPartOf":{"@id":"https:\/\/canal7slp.tv\/2025\/productores-agricolas-protestan-en-san-lazaro-contra-reforma-a-la-ley-de-aguas\/"},"author":{"name":"Edici\u00f3n Web","@id":"https:\/\/canal7slp.tv\/2025\/#\/schema\/person\/271e2b60a96e7cc9d9ac296f4d7e414b"},"headline":"Productores agr\u00edcolas protestan en San L\u00e1zaro contra reforma a la Ley de Aguas","datePublished":"2025-12-03T20:08:41+00:00","mainEntityOfPage":{"@id":"https:\/\/canal7slp.tv\/2025\/productores-agricolas-protestan-en-san-lazaro-contra-reforma-a-la-ley-de-aguas\/"},"wordCount":301,"publisher":{"@id":"https:\/\/canal7slp.tv\/2025\/#organization"},"image":{"@id":"https:\/\/canal7slp.tv\/2025\/productores-agricolas-protestan-en-san-lazaro-contra-reforma-a-la-ley-de-aguas\/#primaryimage"},"thumbnailUrl":"https:\/\/canal7slp.tv\/2025\/wp-content\/uploads\/2025\/12\/04-2.jpg","articleSection":["NACIONALES"],"inLanguage":"es"},{"@type":"WebPage","@id":"https:\/\/canal7slp.tv\/2025\/productores-agricolas-protestan-en-san-lazaro-contra-reforma-a-la-ley-de-aguas\/","url":"https:\/\/canal7slp.tv\/2025\/productores-agricolas-protestan-en-san-lazaro-contra-reforma-a-la-ley-de-aguas\/","name":"Productores agr\u00edcolas protestan en San L\u00e1zaro contra reforma a la Ley de Aguas - Canal 7 SLP - 2025","isPartOf":{"@id":"https:\/\/canal7slp.tv\/2025\/#website"},"primaryImageOfPage":{"@id":"https:\/\/canal7slp.tv\/2025\/productores-agricolas-protestan-en-san-lazaro-contra-reforma-a-la-ley-de-aguas\/#primaryimage"},"image":{"@id":"https:\/\/canal7slp.tv\/2025\/productores-agricolas-protestan-en-san-lazaro-contra-reforma-a-la-ley-de-aguas\/#primaryimage"},"thumbnailUrl":"https:\/\/canal7slp.tv\/2025\/wp-content\/uploads\/2025\/12\/04-2.jpg","datePublished":"2025-12-03T20:08:41+00:00","breadcrumb":{"@id":"https:\/\/canal7slp.tv\/2025\/productores-agricolas-protestan-en-san-lazaro-contra-reforma-a-la-ley-de-aguas\/#breadcrumb"},"inLanguage":"es","potentialAction":[{"@type":"ReadAction","target":["https:\/\/canal7slp.tv\/2025\/productores-agricolas-protestan-en-san-lazaro-contra-reforma-a-la-ley-de-aguas\/"]}]},{"@type":"ImageObject","inLanguage":"es","@id":"https:\/\/canal7slp.tv\/2025\/productores-agricolas-protestan-en-san-lazaro-contra-reforma-a-la-ley-de-aguas\/#primaryimage","url":"https:\/\/canal7slp.tv\/2025\/wp-content\/uploads\/2025\/12\/04-2.jpg","contentUrl":"https:\/\/canal7slp.tv\/2025\/wp-content\/uploads\/2025\/12\/04-2.jpg","width":854,"height":500},{"@type":"BreadcrumbList","@id":"https:\/\/canal7slp.tv\/2025\/productores-agricolas-protestan-en-san-lazaro-contra-reforma-a-la-ley-de-aguas\/#breadcrumb","itemListElement":[{"@type":"ListItem","position":1,"name":"Portada","item":"https:\/\/canal7slp.tv\/2025\/"},{"@type":"ListItem","position":2,"name":"Productores agr\u00edcolas protestan en San L\u00e1zaro contra reforma a la Ley de Aguas"}]},{"@type":"WebSite","@id":"https:\/\/canal7slp.tv\/2025\/#website","url":"https:\/\/canal7slp.tv\/2025\/","name":"N7 - Noticieros Canal 7","description":"Somos el Medio","publisher":{"@id":"https:\/\/canal7slp.tv\/2025\/#organization"},"potentialAction":[{"@type":"SearchAction","target":{"@type":"EntryPoint","urlTemplate":"https:\/\/canal7slp.tv\/2025\/?s={search_term_string}"},"query-input":{"@type":"PropertyValueSpecification","valueRequired":true,"valueName":"search_term_string"}}],"inLanguage":"es"},{"@type":"Organization","@id":"https:\/\/canal7slp.tv\/2025\/#organization","name":"Noticieros Canal 7","url":"https:\/\/canal7slp.tv\/2025\/","logo":{"@type":"ImageObject","inLanguage":"es","@id":"https:\/\/canal7slp.tv\/2025\/#\/schema\/logo\/image\/","url":"https:\/\/canal7slp.tv\/2025\/wp-content\/uploads\/2021\/01\/logo-noticieros@2x.png","contentUrl":"https:\/\/canal7slp.tv\/2025\/wp-content\/uploads\/2021\/01\/logo-noticieros@2x.png","width":1017,"height":268,"caption":"Noticieros Canal 7"},"image":{"@id":"https:\/\/canal7slp.tv\/2025\/#\/schema\/logo\/image\/"},"sameAs":["https:\/\/www.facebook.com\/noticieroscanal7atencionciudadana\/","https:\/\/x.com\/NOTICIEROS7","https:\/\/www.instagram.com\/canal7_slp","https:\/\/www.youtube.com\/channel\/UCliiYs-gP3JfJeqdPrNdd5A"]},{"@type":"Person","@id":"https:\/\/canal7slp.tv\/2025\/#\/schema\/person\/271e2b60a96e7cc9d9ac296f4d7e414b","name":"Edici\u00f3n Web","image":{"@type":"ImageObject","inLanguage":"es","@id":"https:\/\/secure.gravatar.com\/avatar\/eee448fc3f7164808013b816ba91ac7e43bbe82a70bebac296f8bc6f0addaa1a?s=96&d=mm&r=g","url":"https:\/\/secure.gravatar.com\/avatar\/eee448fc3f7164808013b816ba91ac7e43bbe82a70bebac296f8bc6f0addaa1a?s=96&d=mm&r=g","contentUrl":"https:\/\/secure.gravatar.com\/avatar\/eee448fc3f7164808013b816ba91ac7e43bbe82a70bebac296f8bc6f0addaa1a?s=96&d=mm&r=g","caption":"Edici\u00f3n Web"},"url":"https:\/\/canal7slp.tv\/2025\/author\/edicionweb\/"}]}},"_links":{"self":[{"href":"https:\/\/canal7slp.tv\/2025\/wp-json\/wp\/v2\/posts\/186806","targetHints":{"allow":["GET"]}}],"collection":[{"href":"https:\/\/canal7slp.tv\/2025\/wp-json\/wp\/v2\/posts"}],"about":[{"href":"https:\/\/canal7slp.tv\/2025\/wp-json\/wp\/v2\/types\/post"}],"author":[{"embeddable":true,"href":"https:\/\/canal7slp.tv\/2025\/wp-json\/wp\/v2\/users\/2"}],"replies":[{"embeddable":true,"href":"https:\/\/canal7slp.tv\/2025\/wp-json\/wp\/v2\/comments?post=186806"}],"version-history":[{"count":2,"href":"https:\/\/canal7slp.tv\/2025\/wp-json\/wp\/v2\/posts\/186806\/revisions"}],"predecessor-version":[{"id":186809,"href":"https:\/\/canal7slp.tv\/2025\/wp-json\/wp\/v2\/posts\/186806\/revisions\/186809"}],"wp:featuredmedia":[{"embeddable":true,"href":"https:\/\/canal7slp.tv\/2025\/wp-json\/wp\/v2\/media\/186808"}],"wp:attachment":[{"href":"https:\/\/canal7slp.tv\/2025\/wp-json\/wp\/v2\/media?parent=186806"}],"wp:term":[{"taxonomy":"category","embeddable":true,"href":"https:\/\/canal7slp.tv\/2025\/wp-json\/wp\/v2\/categories?post=186806"},{"taxonomy":"post_tag","embeddable":true,"href":"https:\/\/canal7slp.tv\/2025\/wp-json\/wp\/v2\/tags?post=186806"}],"curies":[{"name":"wp","href":"https:\/\/api.w.org\/{rel}","templated":true}]}}