{"id":186803,"date":"2025-12-03T13:52:39","date_gmt":"2025-12-03T19:52:39","guid":{"rendered":"https:\/\/canal7slp.tv\/2025\/?p=186803"},"modified":"2025-12-03T13:52:39","modified_gmt":"2025-12-03T19:52:39","slug":"gobierno-de-eua-no-descarta-redadas-migratorias-durante-el-mundial-de-futbol-2026","status":"publish","type":"post","link":"https:\/\/canal7slp.tv\/2025\/gobierno-de-eua-no-descarta-redadas-migratorias-durante-el-mundial-de-futbol-2026\/","title":{"rendered":"Gobierno de EUA no descarta redadas migratorias durante el Mundial de F\u00fatbol 2026"},"content":{"rendered":"<p style=\"text-align: justify;\">EEUU.- El jefe del grupo de trabajo de la Casa Blanca para la Copa Mundial de la FIFA 2026, Andrew Giuliani, declar\u00f3 que el gobierno del presidente Donald Trump no descarta la posibilidad de realizar redadas o detenciones de inmigrantes durante el desarrollo del evento deportivo.<\/p>\n<p style=\"text-align: justify;\">Las declaraciones fueron realizadas durante una conferencia de prensa en Washington, previa al sorteo de los grupos del torneo.<\/p>\n<p style=\"text-align: justify;\">\u00abDebo insistir en que el presidente Trump no descarta nada que haga m\u00e1s seguro a este pa\u00eds\u00bb, afirm\u00f3 Giuliani. A\u00f1adi\u00f3 que el evento demostrar\u00e1 que \u00abseguridad y hospitalidad pueden ir de la mano\u00bb, pero que no se tolerar\u00e1 la presencia de \u00abalborotadores que amenacen la seguridad\u00bb.<\/p>\n<p style=\"text-align: justify;\">Ante consultas sobre la posible denegaci\u00f3n de visados a personas que deseen asistir al Mundial, Giuliani se\u00f1al\u00f3 que para el gobierno estadounidense cada decisi\u00f3n sobre un visado es una \u00abdecisi\u00f3n sobre seguridad nacional\u00bb.<\/p>\n<p style=\"text-align: justify;\">Mencion\u00f3 que, no obstante, se han reducido los tiempos de espera para la obtenci\u00f3n de visas en consulados de algunos pa\u00edses participantes.<\/p>\n<p style=\"text-align: justify;\">Respecto a las delegaciones de Hait\u00ed e Ir\u00e1n, dos de las naciones incluidas en una lista de 19 cuyos ciudadanos tienen restringido el ingreso a EEUU por orden ejecutiva, Giuliani indic\u00f3 que \u00abparte\u00bb de los integrantes de ambos equipos han obtenido exenciones para poder entrar al pa\u00eds.<\/p>\n<p style=\"text-align: justify;\">Para los aficionados de estas naciones, la gesti\u00f3n de visados corresponde al Departamento de Estado.<\/p>\n<p style=\"text-align: justify;\">Es importante se\u00f1alar que el Mundial 2026 se celebrar\u00e1 del 11 de junio al 19 de julio en ciudades de Estados Unidos, Canad\u00e1 y M\u00e9xico.<\/p>\n","protected":false},"excerpt":{"rendered":"<p>EEUU.- El jefe del grupo de trabajo de la Casa Blanca para la Copa Mundial de la FIFA 2026, Andrew Giuliani, declar\u00f3 que el gobierno del presidente Donald Trump no descarta la posibilidad de realizar redadas o detenciones de inmigrantes durante el desarrollo del evento deportivo. Las declaraciones fueron realizadas durante una conferencia de prensa en Washington, previa al sorteo de los grupos del torneo. \u00abDebo insistir en que el presidente Trump no descarta nada que haga m\u00e1s seguro a este pa\u00eds\u00bb, afirm\u00f3 Giuliani. A\u00f1adi\u00f3 que el evento demostrar\u00e1 que \u00abseguridad y hospitalidad pueden ir de la mano\u00bb, pero que [&hellip;]<\/p>\n","protected":false},"author":2,"featured_media":186804,"comment_status":"closed","ping_status":"closed","sticky":false,"template":"","format":"standard","meta":{"_monsterinsights_skip_tracking":false,"_monsterinsights_sitenote_active":false,"_monsterinsights_sitenote_note":"","_monsterinsights_sitenote_category":0,"footnotes":""},"categories":[7,44],"tags":[],"class_list":["post-186803","post","type-post","status-publish","format-standard","has-post-thumbnail","hentry","category-deportes","category-internacional","post--single"],"yoast_head":"<!-- This site is optimized with the Yoast SEO plugin v27.5 - https:\/\/yoast.com\/product\/yoast-seo-wordpress\/ -->\n<title>Gobierno de EUA no descarta redadas migratorias durante el Mundial de F\u00fatbol 2026 - Canal 7 SLP - 2025<\/title>\n<meta name=\"robots\" content=\"index, follow, max-snippet:-1, max-image-preview:large, max-video-preview:-1\" \/>\n<link rel=\"canonical\" href=\"https:\/\/canal7slp.tv\/2025\/gobierno-de-eua-no-descarta-redadas-migratorias-durante-el-mundial-de-futbol-2026\/\" \/>\n<meta property=\"og:locale\" content=\"es_ES\" \/>\n<meta property=\"og:type\" content=\"article\" \/>\n<meta property=\"og:title\" content=\"Gobierno de EUA no descarta redadas migratorias durante el Mundial de F\u00fatbol 2026 - Canal 7 SLP - 2025\" \/>\n<meta property=\"og:description\" content=\"EEUU.- El jefe del grupo de trabajo de la Casa Blanca para la Copa Mundial de la FIFA 2026, Andrew Giuliani, declar\u00f3 que el gobierno del presidente Donald Trump no descarta la posibilidad de realizar redadas o detenciones de inmigrantes durante el desarrollo del evento deportivo. Las declaraciones fueron realizadas durante una conferencia de prensa en Washington, previa al sorteo de los grupos del torneo. \u00abDebo insistir en que el presidente Trump no descarta nada que haga m\u00e1s seguro a este pa\u00eds\u00bb, afirm\u00f3 Giuliani. A\u00f1adi\u00f3 que el evento demostrar\u00e1 que \u00abseguridad y hospitalidad pueden ir de la mano\u00bb, pero que [&hellip;]\" \/>\n<meta property=\"og:url\" content=\"https:\/\/canal7slp.tv\/2025\/gobierno-de-eua-no-descarta-redadas-migratorias-durante-el-mundial-de-futbol-2026\/\" \/>\n<meta property=\"og:site_name\" content=\"Canal 7 SLP - 2025\" \/>\n<meta property=\"article:publisher\" content=\"https:\/\/www.facebook.com\/noticieroscanal7atencionciudadana\/\" \/>\n<meta property=\"article:published_time\" content=\"2025-12-03T19:52:39+00:00\" \/>\n<meta property=\"og:image\" content=\"https:\/\/canal7slp.tv\/2025\/wp-content\/uploads\/2025\/12\/03-2.jpg\" \/>\n\t<meta property=\"og:image:width\" content=\"888\" \/>\n\t<meta property=\"og:image:height\" content=\"500\" \/>\n\t<meta property=\"og:image:type\" content=\"image\/jpeg\" \/>\n<meta name=\"author\" content=\"Edici\u00f3n Web\" \/>\n<meta name=\"twitter:card\" content=\"summary_large_image\" \/>\n<meta name=\"twitter:creator\" content=\"@NOTICIEROS7\" \/>\n<meta name=\"twitter:site\" content=\"@NOTICIEROS7\" \/>\n<meta name=\"twitter:label1\" content=\"Escrito por\" \/>\n\t<meta name=\"twitter:data1\" content=\"Edici\u00f3n Web\" \/>\n\t<meta name=\"twitter:label2\" content=\"Tiempo de lectura\" \/>\n\t<meta name=\"twitter:data2\" content=\"2 minutos\" \/>\n<script type=\"application\/ld+json\" class=\"yoast-schema-graph\">{\"@context\":\"https:\\\/\\\/schema.org\",\"@graph\":[{\"@type\":\"Article\",\"@id\":\"https:\\\/\\\/canal7slp.tv\\\/2025\\\/gobierno-de-eua-no-descarta-redadas-migratorias-durante-el-mundial-de-futbol-2026\\\/#article\",\"isPartOf\":{\"@id\":\"https:\\\/\\\/canal7slp.tv\\\/2025\\\/gobierno-de-eua-no-descarta-redadas-migratorias-durante-el-mundial-de-futbol-2026\\\/\"},\"author\":{\"name\":\"Edici\u00f3n Web\",\"@id\":\"https:\\\/\\\/canal7slp.tv\\\/2025\\\/#\\\/schema\\\/person\\\/271e2b60a96e7cc9d9ac296f4d7e414b\"},\"headline\":\"Gobierno de EUA no descarta redadas migratorias durante el Mundial de F\u00fatbol 2026\",\"datePublished\":\"2025-12-03T19:52:39+00:00\",\"mainEntityOfPage\":{\"@id\":\"https:\\\/\\\/canal7slp.tv\\\/2025\\\/gobierno-de-eua-no-descarta-redadas-migratorias-durante-el-mundial-de-futbol-2026\\\/\"},\"wordCount\":276,\"publisher\":{\"@id\":\"https:\\\/\\\/canal7slp.tv\\\/2025\\\/#organization\"},\"image\":{\"@id\":\"https:\\\/\\\/canal7slp.tv\\\/2025\\\/gobierno-de-eua-no-descarta-redadas-migratorias-durante-el-mundial-de-futbol-2026\\\/#primaryimage\"},\"thumbnailUrl\":\"https:\\\/\\\/canal7slp.tv\\\/2025\\\/wp-content\\\/uploads\\\/2025\\\/12\\\/03-2.jpg\",\"articleSection\":[\"DEPORTES\",\"INTERNACIONALES\"],\"inLanguage\":\"es\"},{\"@type\":\"WebPage\",\"@id\":\"https:\\\/\\\/canal7slp.tv\\\/2025\\\/gobierno-de-eua-no-descarta-redadas-migratorias-durante-el-mundial-de-futbol-2026\\\/\",\"url\":\"https:\\\/\\\/canal7slp.tv\\\/2025\\\/gobierno-de-eua-no-descarta-redadas-migratorias-durante-el-mundial-de-futbol-2026\\\/\",\"name\":\"Gobierno de EUA no descarta redadas migratorias durante el Mundial de F\u00fatbol 2026 - Canal 7 SLP - 2025\",\"isPartOf\":{\"@id\":\"https:\\\/\\\/canal7slp.tv\\\/2025\\\/#website\"},\"primaryImageOfPage\":{\"@id\":\"https:\\\/\\\/canal7slp.tv\\\/2025\\\/gobierno-de-eua-no-descarta-redadas-migratorias-durante-el-mundial-de-futbol-2026\\\/#primaryimage\"},\"image\":{\"@id\":\"https:\\\/\\\/canal7slp.tv\\\/2025\\\/gobierno-de-eua-no-descarta-redadas-migratorias-durante-el-mundial-de-futbol-2026\\\/#primaryimage\"},\"thumbnailUrl\":\"https:\\\/\\\/canal7slp.tv\\\/2025\\\/wp-content\\\/uploads\\\/2025\\\/12\\\/03-2.jpg\",\"datePublished\":\"2025-12-03T19:52:39+00:00\",\"breadcrumb\":{\"@id\":\"https:\\\/\\\/canal7slp.tv\\\/2025\\\/gobierno-de-eua-no-descarta-redadas-migratorias-durante-el-mundial-de-futbol-2026\\\/#breadcrumb\"},\"inLanguage\":\"es\",\"potentialAction\":[{\"@type\":\"ReadAction\",\"target\":[\"https:\\\/\\\/canal7slp.tv\\\/2025\\\/gobierno-de-eua-no-descarta-redadas-migratorias-durante-el-mundial-de-futbol-2026\\\/\"]}]},{\"@type\":\"ImageObject\",\"inLanguage\":\"es\",\"@id\":\"https:\\\/\\\/canal7slp.tv\\\/2025\\\/gobierno-de-eua-no-descarta-redadas-migratorias-durante-el-mundial-de-futbol-2026\\\/#primaryimage\",\"url\":\"https:\\\/\\\/canal7slp.tv\\\/2025\\\/wp-content\\\/uploads\\\/2025\\\/12\\\/03-2.jpg\",\"contentUrl\":\"https:\\\/\\\/canal7slp.tv\\\/2025\\\/wp-content\\\/uploads\\\/2025\\\/12\\\/03-2.jpg\",\"width\":888,\"height\":500},{\"@type\":\"BreadcrumbList\",\"@id\":\"https:\\\/\\\/canal7slp.tv\\\/2025\\\/gobierno-de-eua-no-descarta-redadas-migratorias-durante-el-mundial-de-futbol-2026\\\/#breadcrumb\",\"itemListElement\":[{\"@type\":\"ListItem\",\"position\":1,\"name\":\"Portada\",\"item\":\"https:\\\/\\\/canal7slp.tv\\\/2025\\\/\"},{\"@type\":\"ListItem\",\"position\":2,\"name\":\"Gobierno de EUA no descarta redadas migratorias durante el Mundial de F\u00fatbol 2026\"}]},{\"@type\":\"WebSite\",\"@id\":\"https:\\\/\\\/canal7slp.tv\\\/2025\\\/#website\",\"url\":\"https:\\\/\\\/canal7slp.tv\\\/2025\\\/\",\"name\":\"N7 - Noticieros Canal 7\",\"description\":\"Somos el Medio\",\"publisher\":{\"@id\":\"https:\\\/\\\/canal7slp.tv\\\/2025\\\/#organization\"},\"potentialAction\":[{\"@type\":\"SearchAction\",\"target\":{\"@type\":\"EntryPoint\",\"urlTemplate\":\"https:\\\/\\\/canal7slp.tv\\\/2025\\\/?s={search_term_string}\"},\"query-input\":{\"@type\":\"PropertyValueSpecification\",\"valueRequired\":true,\"valueName\":\"search_term_string\"}}],\"inLanguage\":\"es\"},{\"@type\":\"Organization\",\"@id\":\"https:\\\/\\\/canal7slp.tv\\\/2025\\\/#organization\",\"name\":\"Noticieros Canal 7\",\"url\":\"https:\\\/\\\/canal7slp.tv\\\/2025\\\/\",\"logo\":{\"@type\":\"ImageObject\",\"inLanguage\":\"es\",\"@id\":\"https:\\\/\\\/canal7slp.tv\\\/2025\\\/#\\\/schema\\\/logo\\\/image\\\/\",\"url\":\"https:\\\/\\\/canal7slp.tv\\\/2025\\\/wp-content\\\/uploads\\\/2021\\\/01\\\/logo-noticieros@2x.png\",\"contentUrl\":\"https:\\\/\\\/canal7slp.tv\\\/2025\\\/wp-content\\\/uploads\\\/2021\\\/01\\\/logo-noticieros@2x.png\",\"width\":1017,\"height\":268,\"caption\":\"Noticieros Canal 7\"},\"image\":{\"@id\":\"https:\\\/\\\/canal7slp.tv\\\/2025\\\/#\\\/schema\\\/logo\\\/image\\\/\"},\"sameAs\":[\"https:\\\/\\\/www.facebook.com\\\/noticieroscanal7atencionciudadana\\\/\",\"https:\\\/\\\/x.com\\\/NOTICIEROS7\",\"https:\\\/\\\/www.instagram.com\\\/canal7_slp\",\"https:\\\/\\\/www.youtube.com\\\/channel\\\/UCliiYs-gP3JfJeqdPrNdd5A\"]},{\"@type\":\"Person\",\"@id\":\"https:\\\/\\\/canal7slp.tv\\\/2025\\\/#\\\/schema\\\/person\\\/271e2b60a96e7cc9d9ac296f4d7e414b\",\"name\":\"Edici\u00f3n Web\",\"image\":{\"@type\":\"ImageObject\",\"inLanguage\":\"es\",\"@id\":\"https:\\\/\\\/secure.gravatar.com\\\/avatar\\\/eee448fc3f7164808013b816ba91ac7e43bbe82a70bebac296f8bc6f0addaa1a?s=96&d=mm&r=g\",\"url\":\"https:\\\/\\\/secure.gravatar.com\\\/avatar\\\/eee448fc3f7164808013b816ba91ac7e43bbe82a70bebac296f8bc6f0addaa1a?s=96&d=mm&r=g\",\"contentUrl\":\"https:\\\/\\\/secure.gravatar.com\\\/avatar\\\/eee448fc3f7164808013b816ba91ac7e43bbe82a70bebac296f8bc6f0addaa1a?s=96&d=mm&r=g\",\"caption\":\"Edici\u00f3n Web\"},\"url\":\"https:\\\/\\\/canal7slp.tv\\\/2025\\\/author\\\/edicionweb\\\/\"}]}<\/script>\n<!-- \/ Yoast SEO plugin. -->","yoast_head_json":{"title":"Gobierno de EUA no descarta redadas migratorias durante el Mundial de F\u00fatbol 2026 - Canal 7 SLP - 2025","robots":{"index":"index","follow":"follow","max-snippet":"max-snippet:-1","max-image-preview":"max-image-preview:large","max-video-preview":"max-video-preview:-1"},"canonical":"https:\/\/canal7slp.tv\/2025\/gobierno-de-eua-no-descarta-redadas-migratorias-durante-el-mundial-de-futbol-2026\/","og_locale":"es_ES","og_type":"article","og_title":"Gobierno de EUA no descarta redadas migratorias durante el Mundial de F\u00fatbol 2026 - Canal 7 SLP - 2025","og_description":"EEUU.- El jefe del grupo de trabajo de la Casa Blanca para la Copa Mundial de la FIFA 2026, Andrew Giuliani, declar\u00f3 que el gobierno del presidente Donald Trump no descarta la posibilidad de realizar redadas o detenciones de inmigrantes durante el desarrollo del evento deportivo. Las declaraciones fueron realizadas durante una conferencia de prensa en Washington, previa al sorteo de los grupos del torneo. \u00abDebo insistir en que el presidente Trump no descarta nada que haga m\u00e1s seguro a este pa\u00eds\u00bb, afirm\u00f3 Giuliani. A\u00f1adi\u00f3 que el evento demostrar\u00e1 que \u00abseguridad y hospitalidad pueden ir de la mano\u00bb, pero que [&hellip;]","og_url":"https:\/\/canal7slp.tv\/2025\/gobierno-de-eua-no-descarta-redadas-migratorias-durante-el-mundial-de-futbol-2026\/","og_site_name":"Canal 7 SLP - 2025","article_publisher":"https:\/\/www.facebook.com\/noticieroscanal7atencionciudadana\/","article_published_time":"2025-12-03T19:52:39+00:00","og_image":[{"width":888,"height":500,"url":"https:\/\/canal7slp.tv\/2025\/wp-content\/uploads\/2025\/12\/03-2.jpg","type":"image\/jpeg"}],"author":"Edici\u00f3n Web","twitter_card":"summary_large_image","twitter_creator":"@NOTICIEROS7","twitter_site":"@NOTICIEROS7","twitter_misc":{"Escrito por":"Edici\u00f3n Web","Tiempo de lectura":"2 minutos"},"schema":{"@context":"https:\/\/schema.org","@graph":[{"@type":"Article","@id":"https:\/\/canal7slp.tv\/2025\/gobierno-de-eua-no-descarta-redadas-migratorias-durante-el-mundial-de-futbol-2026\/#article","isPartOf":{"@id":"https:\/\/canal7slp.tv\/2025\/gobierno-de-eua-no-descarta-redadas-migratorias-durante-el-mundial-de-futbol-2026\/"},"author":{"name":"Edici\u00f3n Web","@id":"https:\/\/canal7slp.tv\/2025\/#\/schema\/person\/271e2b60a96e7cc9d9ac296f4d7e414b"},"headline":"Gobierno de EUA no descarta redadas migratorias durante el Mundial de F\u00fatbol 2026","datePublished":"2025-12-03T19:52:39+00:00","mainEntityOfPage":{"@id":"https:\/\/canal7slp.tv\/2025\/gobierno-de-eua-no-descarta-redadas-migratorias-durante-el-mundial-de-futbol-2026\/"},"wordCount":276,"publisher":{"@id":"https:\/\/canal7slp.tv\/2025\/#organization"},"image":{"@id":"https:\/\/canal7slp.tv\/2025\/gobierno-de-eua-no-descarta-redadas-migratorias-durante-el-mundial-de-futbol-2026\/#primaryimage"},"thumbnailUrl":"https:\/\/canal7slp.tv\/2025\/wp-content\/uploads\/2025\/12\/03-2.jpg","articleSection":["DEPORTES","INTERNACIONALES"],"inLanguage":"es"},{"@type":"WebPage","@id":"https:\/\/canal7slp.tv\/2025\/gobierno-de-eua-no-descarta-redadas-migratorias-durante-el-mundial-de-futbol-2026\/","url":"https:\/\/canal7slp.tv\/2025\/gobierno-de-eua-no-descarta-redadas-migratorias-durante-el-mundial-de-futbol-2026\/","name":"Gobierno de EUA no descarta redadas migratorias durante el Mundial de F\u00fatbol 2026 - Canal 7 SLP - 2025","isPartOf":{"@id":"https:\/\/canal7slp.tv\/2025\/#website"},"primaryImageOfPage":{"@id":"https:\/\/canal7slp.tv\/2025\/gobierno-de-eua-no-descarta-redadas-migratorias-durante-el-mundial-de-futbol-2026\/#primaryimage"},"image":{"@id":"https:\/\/canal7slp.tv\/2025\/gobierno-de-eua-no-descarta-redadas-migratorias-durante-el-mundial-de-futbol-2026\/#primaryimage"},"thumbnailUrl":"https:\/\/canal7slp.tv\/2025\/wp-content\/uploads\/2025\/12\/03-2.jpg","datePublished":"2025-12-03T19:52:39+00:00","breadcrumb":{"@id":"https:\/\/canal7slp.tv\/2025\/gobierno-de-eua-no-descarta-redadas-migratorias-durante-el-mundial-de-futbol-2026\/#breadcrumb"},"inLanguage":"es","potentialAction":[{"@type":"ReadAction","target":["https:\/\/canal7slp.tv\/2025\/gobierno-de-eua-no-descarta-redadas-migratorias-durante-el-mundial-de-futbol-2026\/"]}]},{"@type":"ImageObject","inLanguage":"es","@id":"https:\/\/canal7slp.tv\/2025\/gobierno-de-eua-no-descarta-redadas-migratorias-durante-el-mundial-de-futbol-2026\/#primaryimage","url":"https:\/\/canal7slp.tv\/2025\/wp-content\/uploads\/2025\/12\/03-2.jpg","contentUrl":"https:\/\/canal7slp.tv\/2025\/wp-content\/uploads\/2025\/12\/03-2.jpg","width":888,"height":500},{"@type":"BreadcrumbList","@id":"https:\/\/canal7slp.tv\/2025\/gobierno-de-eua-no-descarta-redadas-migratorias-durante-el-mundial-de-futbol-2026\/#breadcrumb","itemListElement":[{"@type":"ListItem","position":1,"name":"Portada","item":"https:\/\/canal7slp.tv\/2025\/"},{"@type":"ListItem","position":2,"name":"Gobierno de EUA no descarta redadas migratorias durante el Mundial de F\u00fatbol 2026"}]},{"@type":"WebSite","@id":"https:\/\/canal7slp.tv\/2025\/#website","url":"https:\/\/canal7slp.tv\/2025\/","name":"N7 - Noticieros Canal 7","description":"Somos el Medio","publisher":{"@id":"https:\/\/canal7slp.tv\/2025\/#organization"},"potentialAction":[{"@type":"SearchAction","target":{"@type":"EntryPoint","urlTemplate":"https:\/\/canal7slp.tv\/2025\/?s={search_term_string}"},"query-input":{"@type":"PropertyValueSpecification","valueRequired":true,"valueName":"search_term_string"}}],"inLanguage":"es"},{"@type":"Organization","@id":"https:\/\/canal7slp.tv\/2025\/#organization","name":"Noticieros Canal 7","url":"https:\/\/canal7slp.tv\/2025\/","logo":{"@type":"ImageObject","inLanguage":"es","@id":"https:\/\/canal7slp.tv\/2025\/#\/schema\/logo\/image\/","url":"https:\/\/canal7slp.tv\/2025\/wp-content\/uploads\/2021\/01\/logo-noticieros@2x.png","contentUrl":"https:\/\/canal7slp.tv\/2025\/wp-content\/uploads\/2021\/01\/logo-noticieros@2x.png","width":1017,"height":268,"caption":"Noticieros Canal 7"},"image":{"@id":"https:\/\/canal7slp.tv\/2025\/#\/schema\/logo\/image\/"},"sameAs":["https:\/\/www.facebook.com\/noticieroscanal7atencionciudadana\/","https:\/\/x.com\/NOTICIEROS7","https:\/\/www.instagram.com\/canal7_slp","https:\/\/www.youtube.com\/channel\/UCliiYs-gP3JfJeqdPrNdd5A"]},{"@type":"Person","@id":"https:\/\/canal7slp.tv\/2025\/#\/schema\/person\/271e2b60a96e7cc9d9ac296f4d7e414b","name":"Edici\u00f3n Web","image":{"@type":"ImageObject","inLanguage":"es","@id":"https:\/\/secure.gravatar.com\/avatar\/eee448fc3f7164808013b816ba91ac7e43bbe82a70bebac296f8bc6f0addaa1a?s=96&d=mm&r=g","url":"https:\/\/secure.gravatar.com\/avatar\/eee448fc3f7164808013b816ba91ac7e43bbe82a70bebac296f8bc6f0addaa1a?s=96&d=mm&r=g","contentUrl":"https:\/\/secure.gravatar.com\/avatar\/eee448fc3f7164808013b816ba91ac7e43bbe82a70bebac296f8bc6f0addaa1a?s=96&d=mm&r=g","caption":"Edici\u00f3n Web"},"url":"https:\/\/canal7slp.tv\/2025\/author\/edicionweb\/"}]}},"_links":{"self":[{"href":"https:\/\/canal7slp.tv\/2025\/wp-json\/wp\/v2\/posts\/186803","targetHints":{"allow":["GET"]}}],"collection":[{"href":"https:\/\/canal7slp.tv\/2025\/wp-json\/wp\/v2\/posts"}],"about":[{"href":"https:\/\/canal7slp.tv\/2025\/wp-json\/wp\/v2\/types\/post"}],"author":[{"embeddable":true,"href":"https:\/\/canal7slp.tv\/2025\/wp-json\/wp\/v2\/users\/2"}],"replies":[{"embeddable":true,"href":"https:\/\/canal7slp.tv\/2025\/wp-json\/wp\/v2\/comments?post=186803"}],"version-history":[{"count":1,"href":"https:\/\/canal7slp.tv\/2025\/wp-json\/wp\/v2\/posts\/186803\/revisions"}],"predecessor-version":[{"id":186805,"href":"https:\/\/canal7slp.tv\/2025\/wp-json\/wp\/v2\/posts\/186803\/revisions\/186805"}],"wp:featuredmedia":[{"embeddable":true,"href":"https:\/\/canal7slp.tv\/2025\/wp-json\/wp\/v2\/media\/186804"}],"wp:attachment":[{"href":"https:\/\/canal7slp.tv\/2025\/wp-json\/wp\/v2\/media?parent=186803"}],"wp:term":[{"taxonomy":"category","embeddable":true,"href":"https:\/\/canal7slp.tv\/2025\/wp-json\/wp\/v2\/categories?post=186803"},{"taxonomy":"post_tag","embeddable":true,"href":"https:\/\/canal7slp.tv\/2025\/wp-json\/wp\/v2\/tags?post=186803"}],"curies":[{"name":"wp","href":"https:\/\/api.w.org\/{rel}","templated":true}]}}