{"id":186759,"date":"2025-12-02T17:15:09","date_gmt":"2025-12-02T23:15:09","guid":{"rendered":"https:\/\/canal7slp.tv\/2025\/?p=186759"},"modified":"2025-12-02T17:15:09","modified_gmt":"2025-12-02T23:15:09","slug":"inicia-sege-con-la-reposicion-de-docentes-tras-prejubilaciones","status":"publish","type":"post","link":"https:\/\/canal7slp.tv\/2025\/inicia-sege-con-la-reposicion-de-docentes-tras-prejubilaciones\/","title":{"rendered":"Inicia SEGE con la reposici\u00f3n de docentes tras prejubilaciones"},"content":{"rendered":"<p style=\"text-align: justify;\"><span style=\"font-size: 1.21429rem;\">SLP.- El reemplazo de docentes que ingresaron a procesos prejubilatorios ya comenz\u00f3 en la Secretar\u00eda de Educaci\u00f3n del Gobierno del Estado de San Luis Potos\u00ed.<\/span><\/p>\n<p style=\"text-align: justify;\">De acuerdo con el titular, se trata de un movimiento que viene desde el inicio de los tr\u00e1mites de retiro autorizados a partir del 1 de octubre.<\/p>\n<p style=\"text-align: justify;\">\u00abYa estamos en la etapa de poder mandar a los maestros despu\u00e9s de que el d\u00eda primero de octubre se iniciaron los procesos de jubilaci\u00f3n y empiezan lo pre jubilatorios para los compa\u00f1eros que as\u00ed lo deseen\u00bb, dijo<\/p>\n<p style=\"text-align: justify;\">El funcionario se\u00f1al\u00f3 que el ajuste de plazas es parte de un proceso que se desarrolla de manera anual y que exige reacci\u00f3n r\u00e1pida para evitar vac\u00edos en las aulas.<\/p>\n<p style=\"text-align: justify;\">\u201cAhorita en estas quincenas es cuando ya se est\u00e1 reponiendo todos los maestros que decidieron entrar en este prejubilatorio, son procesos que se dan cada a\u00f1o y a nosotros nos corresponde reaccionar lo m\u00e1s r\u00e1pido posible\u201d, indic\u00f3.<\/p>\n<p style=\"text-align: justify;\">Tambi\u00e9n aclar\u00f3 que la incorporaci\u00f3n de nuevo personal depende directamente del calendario y disponibilidad federal, pues el pago de salarios no corresponde al estado.<\/p>\n<p style=\"text-align: justify;\">\u201cTambi\u00e9n es de acuerdo a cuando la federaci\u00f3n que es quien paga nos diga estamos en condiciones de pagar, si nosotros contratamos antes y no tenemos el recurso en el estado porque son de pago federal estar\u00edamos incurriendo en una situaci\u00f3n con los compa\u00f1eros maestros\u201d, se\u00f1al\u00f3.<\/p>\n<p style=\"text-align: justify;\">Por: Jos\u00e9 Luis V\u00e1zquez<\/p>\n","protected":false},"excerpt":{"rendered":"<p>SLP.- El reemplazo de docentes que ingresaron a procesos prejubilatorios ya comenz\u00f3 en la Secretar\u00eda de Educaci\u00f3n del Gobierno del Estado de San Luis Potos\u00ed. De acuerdo con el titular, se trata de un movimiento que viene desde el inicio de los tr\u00e1mites de retiro autorizados a partir del 1 de octubre. \u00abYa estamos en la etapa de poder mandar a los maestros despu\u00e9s de que el d\u00eda primero de octubre se iniciaron los procesos de jubilaci\u00f3n y empiezan lo pre jubilatorios para los compa\u00f1eros que as\u00ed lo deseen\u00bb, dijo El funcionario se\u00f1al\u00f3 que el ajuste de plazas es parte [&hellip;]<\/p>\n","protected":false},"author":2,"featured_media":186761,"comment_status":"closed","ping_status":"closed","sticky":false,"template":"","format":"video","meta":{"_monsterinsights_skip_tracking":false,"_monsterinsights_sitenote_active":false,"_monsterinsights_sitenote_note":"","_monsterinsights_sitenote_category":0,"footnotes":""},"categories":[5,510,45],"tags":[],"class_list":["post-186759","post","type-post","status-publish","format-video","has-post-thumbnail","hentry","category-destacadas","category-gobedoslp","category-localesyregionales","post_format-post-format-video","post--single"],"yoast_head":"<!-- This site is optimized with the Yoast SEO plugin v27.5 - https:\/\/yoast.com\/product\/yoast-seo-wordpress\/ -->\n<title>Inicia SEGE con la reposici\u00f3n de docentes tras prejubilaciones - Canal 7 SLP - 2025<\/title>\n<meta name=\"robots\" content=\"index, follow, max-snippet:-1, max-image-preview:large, max-video-preview:-1\" \/>\n<link rel=\"canonical\" href=\"https:\/\/canal7slp.tv\/2025\/inicia-sege-con-la-reposicion-de-docentes-tras-prejubilaciones\/\" \/>\n<meta property=\"og:locale\" content=\"es_ES\" \/>\n<meta property=\"og:type\" content=\"article\" \/>\n<meta property=\"og:title\" content=\"Inicia SEGE con la reposici\u00f3n de docentes tras prejubilaciones - Canal 7 SLP - 2025\" \/>\n<meta property=\"og:description\" content=\"SLP.- El reemplazo de docentes que ingresaron a procesos prejubilatorios ya comenz\u00f3 en la Secretar\u00eda de Educaci\u00f3n del Gobierno del Estado de San Luis Potos\u00ed. De acuerdo con el titular, se trata de un movimiento que viene desde el inicio de los tr\u00e1mites de retiro autorizados a partir del 1 de octubre. \u00abYa estamos en la etapa de poder mandar a los maestros despu\u00e9s de que el d\u00eda primero de octubre se iniciaron los procesos de jubilaci\u00f3n y empiezan lo pre jubilatorios para los compa\u00f1eros que as\u00ed lo deseen\u00bb, dijo El funcionario se\u00f1al\u00f3 que el ajuste de plazas es parte [&hellip;]\" \/>\n<meta property=\"og:url\" content=\"https:\/\/canal7slp.tv\/2025\/inicia-sege-con-la-reposicion-de-docentes-tras-prejubilaciones\/\" \/>\n<meta property=\"og:site_name\" content=\"Canal 7 SLP - 2025\" \/>\n<meta property=\"article:publisher\" content=\"https:\/\/www.facebook.com\/noticieroscanal7atencionciudadana\/\" \/>\n<meta property=\"article:published_time\" content=\"2025-12-02T23:15:09+00:00\" \/>\n<meta property=\"og:image\" content=\"https:\/\/canal7slp.tv\/2025\/wp-content\/uploads\/2025\/12\/Vazquez04Prejubilatorios.jpg\" \/>\n\t<meta property=\"og:image:width\" content=\"1280\" \/>\n\t<meta property=\"og:image:height\" content=\"720\" \/>\n\t<meta property=\"og:image:type\" content=\"image\/jpeg\" \/>\n<meta name=\"author\" content=\"Edici\u00f3n Web\" \/>\n<meta name=\"twitter:card\" content=\"summary_large_image\" \/>\n<meta name=\"twitter:creator\" content=\"@NOTICIEROS7\" \/>\n<meta name=\"twitter:site\" content=\"@NOTICIEROS7\" \/>\n<meta name=\"twitter:label1\" content=\"Escrito por\" \/>\n\t<meta name=\"twitter:data1\" content=\"Edici\u00f3n Web\" \/>\n\t<meta name=\"twitter:label2\" content=\"Tiempo de lectura\" \/>\n\t<meta name=\"twitter:data2\" content=\"2 minutos\" \/>\n<script type=\"application\/ld+json\" class=\"yoast-schema-graph\">{\"@context\":\"https:\\\/\\\/schema.org\",\"@graph\":[{\"@type\":\"Article\",\"@id\":\"https:\\\/\\\/canal7slp.tv\\\/2025\\\/inicia-sege-con-la-reposicion-de-docentes-tras-prejubilaciones\\\/#article\",\"isPartOf\":{\"@id\":\"https:\\\/\\\/canal7slp.tv\\\/2025\\\/inicia-sege-con-la-reposicion-de-docentes-tras-prejubilaciones\\\/\"},\"author\":{\"name\":\"Edici\u00f3n Web\",\"@id\":\"https:\\\/\\\/canal7slp.tv\\\/2025\\\/#\\\/schema\\\/person\\\/271e2b60a96e7cc9d9ac296f4d7e414b\"},\"headline\":\"Inicia SEGE con la reposici\u00f3n de docentes tras prejubilaciones\",\"datePublished\":\"2025-12-02T23:15:09+00:00\",\"mainEntityOfPage\":{\"@id\":\"https:\\\/\\\/canal7slp.tv\\\/2025\\\/inicia-sege-con-la-reposicion-de-docentes-tras-prejubilaciones\\\/\"},\"wordCount\":264,\"publisher\":{\"@id\":\"https:\\\/\\\/canal7slp.tv\\\/2025\\\/#organization\"},\"image\":{\"@id\":\"https:\\\/\\\/canal7slp.tv\\\/2025\\\/inicia-sege-con-la-reposicion-de-docentes-tras-prejubilaciones\\\/#primaryimage\"},\"thumbnailUrl\":\"https:\\\/\\\/canal7slp.tv\\\/2025\\\/wp-content\\\/uploads\\\/2025\\\/12\\\/Vazquez04Prejubilatorios.jpg\",\"articleSection\":[\"DESTACADAS\",\"GOBEDOSLP\",\"LOCALES Y REGIONALES\"],\"inLanguage\":\"es\"},{\"@type\":\"WebPage\",\"@id\":\"https:\\\/\\\/canal7slp.tv\\\/2025\\\/inicia-sege-con-la-reposicion-de-docentes-tras-prejubilaciones\\\/\",\"url\":\"https:\\\/\\\/canal7slp.tv\\\/2025\\\/inicia-sege-con-la-reposicion-de-docentes-tras-prejubilaciones\\\/\",\"name\":\"Inicia SEGE con la reposici\u00f3n de docentes tras prejubilaciones - Canal 7 SLP - 2025\",\"isPartOf\":{\"@id\":\"https:\\\/\\\/canal7slp.tv\\\/2025\\\/#website\"},\"primaryImageOfPage\":{\"@id\":\"https:\\\/\\\/canal7slp.tv\\\/2025\\\/inicia-sege-con-la-reposicion-de-docentes-tras-prejubilaciones\\\/#primaryimage\"},\"image\":{\"@id\":\"https:\\\/\\\/canal7slp.tv\\\/2025\\\/inicia-sege-con-la-reposicion-de-docentes-tras-prejubilaciones\\\/#primaryimage\"},\"thumbnailUrl\":\"https:\\\/\\\/canal7slp.tv\\\/2025\\\/wp-content\\\/uploads\\\/2025\\\/12\\\/Vazquez04Prejubilatorios.jpg\",\"datePublished\":\"2025-12-02T23:15:09+00:00\",\"breadcrumb\":{\"@id\":\"https:\\\/\\\/canal7slp.tv\\\/2025\\\/inicia-sege-con-la-reposicion-de-docentes-tras-prejubilaciones\\\/#breadcrumb\"},\"inLanguage\":\"es\",\"potentialAction\":[{\"@type\":\"ReadAction\",\"target\":[\"https:\\\/\\\/canal7slp.tv\\\/2025\\\/inicia-sege-con-la-reposicion-de-docentes-tras-prejubilaciones\\\/\"]}]},{\"@type\":\"ImageObject\",\"inLanguage\":\"es\",\"@id\":\"https:\\\/\\\/canal7slp.tv\\\/2025\\\/inicia-sege-con-la-reposicion-de-docentes-tras-prejubilaciones\\\/#primaryimage\",\"url\":\"https:\\\/\\\/canal7slp.tv\\\/2025\\\/wp-content\\\/uploads\\\/2025\\\/12\\\/Vazquez04Prejubilatorios.jpg\",\"contentUrl\":\"https:\\\/\\\/canal7slp.tv\\\/2025\\\/wp-content\\\/uploads\\\/2025\\\/12\\\/Vazquez04Prejubilatorios.jpg\",\"width\":1280,\"height\":720},{\"@type\":\"BreadcrumbList\",\"@id\":\"https:\\\/\\\/canal7slp.tv\\\/2025\\\/inicia-sege-con-la-reposicion-de-docentes-tras-prejubilaciones\\\/#breadcrumb\",\"itemListElement\":[{\"@type\":\"ListItem\",\"position\":1,\"name\":\"Portada\",\"item\":\"https:\\\/\\\/canal7slp.tv\\\/2025\\\/\"},{\"@type\":\"ListItem\",\"position\":2,\"name\":\"Inicia SEGE con la reposici\u00f3n de docentes tras prejubilaciones\"}]},{\"@type\":\"WebSite\",\"@id\":\"https:\\\/\\\/canal7slp.tv\\\/2025\\\/#website\",\"url\":\"https:\\\/\\\/canal7slp.tv\\\/2025\\\/\",\"name\":\"N7 - Noticieros Canal 7\",\"description\":\"Somos el Medio\",\"publisher\":{\"@id\":\"https:\\\/\\\/canal7slp.tv\\\/2025\\\/#organization\"},\"potentialAction\":[{\"@type\":\"SearchAction\",\"target\":{\"@type\":\"EntryPoint\",\"urlTemplate\":\"https:\\\/\\\/canal7slp.tv\\\/2025\\\/?s={search_term_string}\"},\"query-input\":{\"@type\":\"PropertyValueSpecification\",\"valueRequired\":true,\"valueName\":\"search_term_string\"}}],\"inLanguage\":\"es\"},{\"@type\":\"Organization\",\"@id\":\"https:\\\/\\\/canal7slp.tv\\\/2025\\\/#organization\",\"name\":\"Noticieros Canal 7\",\"url\":\"https:\\\/\\\/canal7slp.tv\\\/2025\\\/\",\"logo\":{\"@type\":\"ImageObject\",\"inLanguage\":\"es\",\"@id\":\"https:\\\/\\\/canal7slp.tv\\\/2025\\\/#\\\/schema\\\/logo\\\/image\\\/\",\"url\":\"https:\\\/\\\/canal7slp.tv\\\/2025\\\/wp-content\\\/uploads\\\/2021\\\/01\\\/logo-noticieros@2x.png\",\"contentUrl\":\"https:\\\/\\\/canal7slp.tv\\\/2025\\\/wp-content\\\/uploads\\\/2021\\\/01\\\/logo-noticieros@2x.png\",\"width\":1017,\"height\":268,\"caption\":\"Noticieros Canal 7\"},\"image\":{\"@id\":\"https:\\\/\\\/canal7slp.tv\\\/2025\\\/#\\\/schema\\\/logo\\\/image\\\/\"},\"sameAs\":[\"https:\\\/\\\/www.facebook.com\\\/noticieroscanal7atencionciudadana\\\/\",\"https:\\\/\\\/x.com\\\/NOTICIEROS7\",\"https:\\\/\\\/www.instagram.com\\\/canal7_slp\",\"https:\\\/\\\/www.youtube.com\\\/channel\\\/UCliiYs-gP3JfJeqdPrNdd5A\"]},{\"@type\":\"Person\",\"@id\":\"https:\\\/\\\/canal7slp.tv\\\/2025\\\/#\\\/schema\\\/person\\\/271e2b60a96e7cc9d9ac296f4d7e414b\",\"name\":\"Edici\u00f3n Web\",\"image\":{\"@type\":\"ImageObject\",\"inLanguage\":\"es\",\"@id\":\"https:\\\/\\\/secure.gravatar.com\\\/avatar\\\/eee448fc3f7164808013b816ba91ac7e43bbe82a70bebac296f8bc6f0addaa1a?s=96&d=mm&r=g\",\"url\":\"https:\\\/\\\/secure.gravatar.com\\\/avatar\\\/eee448fc3f7164808013b816ba91ac7e43bbe82a70bebac296f8bc6f0addaa1a?s=96&d=mm&r=g\",\"contentUrl\":\"https:\\\/\\\/secure.gravatar.com\\\/avatar\\\/eee448fc3f7164808013b816ba91ac7e43bbe82a70bebac296f8bc6f0addaa1a?s=96&d=mm&r=g\",\"caption\":\"Edici\u00f3n Web\"},\"url\":\"https:\\\/\\\/canal7slp.tv\\\/2025\\\/author\\\/edicionweb\\\/\"}]}<\/script>\n<!-- \/ Yoast SEO plugin. -->","yoast_head_json":{"title":"Inicia SEGE con la reposici\u00f3n de docentes tras prejubilaciones - Canal 7 SLP - 2025","robots":{"index":"index","follow":"follow","max-snippet":"max-snippet:-1","max-image-preview":"max-image-preview:large","max-video-preview":"max-video-preview:-1"},"canonical":"https:\/\/canal7slp.tv\/2025\/inicia-sege-con-la-reposicion-de-docentes-tras-prejubilaciones\/","og_locale":"es_ES","og_type":"article","og_title":"Inicia SEGE con la reposici\u00f3n de docentes tras prejubilaciones - Canal 7 SLP - 2025","og_description":"SLP.- El reemplazo de docentes que ingresaron a procesos prejubilatorios ya comenz\u00f3 en la Secretar\u00eda de Educaci\u00f3n del Gobierno del Estado de San Luis Potos\u00ed. De acuerdo con el titular, se trata de un movimiento que viene desde el inicio de los tr\u00e1mites de retiro autorizados a partir del 1 de octubre. \u00abYa estamos en la etapa de poder mandar a los maestros despu\u00e9s de que el d\u00eda primero de octubre se iniciaron los procesos de jubilaci\u00f3n y empiezan lo pre jubilatorios para los compa\u00f1eros que as\u00ed lo deseen\u00bb, dijo El funcionario se\u00f1al\u00f3 que el ajuste de plazas es parte [&hellip;]","og_url":"https:\/\/canal7slp.tv\/2025\/inicia-sege-con-la-reposicion-de-docentes-tras-prejubilaciones\/","og_site_name":"Canal 7 SLP - 2025","article_publisher":"https:\/\/www.facebook.com\/noticieroscanal7atencionciudadana\/","article_published_time":"2025-12-02T23:15:09+00:00","og_image":[{"width":1280,"height":720,"url":"https:\/\/canal7slp.tv\/2025\/wp-content\/uploads\/2025\/12\/Vazquez04Prejubilatorios.jpg","type":"image\/jpeg"}],"author":"Edici\u00f3n Web","twitter_card":"summary_large_image","twitter_creator":"@NOTICIEROS7","twitter_site":"@NOTICIEROS7","twitter_misc":{"Escrito por":"Edici\u00f3n Web","Tiempo de lectura":"2 minutos"},"schema":{"@context":"https:\/\/schema.org","@graph":[{"@type":"Article","@id":"https:\/\/canal7slp.tv\/2025\/inicia-sege-con-la-reposicion-de-docentes-tras-prejubilaciones\/#article","isPartOf":{"@id":"https:\/\/canal7slp.tv\/2025\/inicia-sege-con-la-reposicion-de-docentes-tras-prejubilaciones\/"},"author":{"name":"Edici\u00f3n Web","@id":"https:\/\/canal7slp.tv\/2025\/#\/schema\/person\/271e2b60a96e7cc9d9ac296f4d7e414b"},"headline":"Inicia SEGE con la reposici\u00f3n de docentes tras prejubilaciones","datePublished":"2025-12-02T23:15:09+00:00","mainEntityOfPage":{"@id":"https:\/\/canal7slp.tv\/2025\/inicia-sege-con-la-reposicion-de-docentes-tras-prejubilaciones\/"},"wordCount":264,"publisher":{"@id":"https:\/\/canal7slp.tv\/2025\/#organization"},"image":{"@id":"https:\/\/canal7slp.tv\/2025\/inicia-sege-con-la-reposicion-de-docentes-tras-prejubilaciones\/#primaryimage"},"thumbnailUrl":"https:\/\/canal7slp.tv\/2025\/wp-content\/uploads\/2025\/12\/Vazquez04Prejubilatorios.jpg","articleSection":["DESTACADAS","GOBEDOSLP","LOCALES Y REGIONALES"],"inLanguage":"es"},{"@type":"WebPage","@id":"https:\/\/canal7slp.tv\/2025\/inicia-sege-con-la-reposicion-de-docentes-tras-prejubilaciones\/","url":"https:\/\/canal7slp.tv\/2025\/inicia-sege-con-la-reposicion-de-docentes-tras-prejubilaciones\/","name":"Inicia SEGE con la reposici\u00f3n de docentes tras prejubilaciones - Canal 7 SLP - 2025","isPartOf":{"@id":"https:\/\/canal7slp.tv\/2025\/#website"},"primaryImageOfPage":{"@id":"https:\/\/canal7slp.tv\/2025\/inicia-sege-con-la-reposicion-de-docentes-tras-prejubilaciones\/#primaryimage"},"image":{"@id":"https:\/\/canal7slp.tv\/2025\/inicia-sege-con-la-reposicion-de-docentes-tras-prejubilaciones\/#primaryimage"},"thumbnailUrl":"https:\/\/canal7slp.tv\/2025\/wp-content\/uploads\/2025\/12\/Vazquez04Prejubilatorios.jpg","datePublished":"2025-12-02T23:15:09+00:00","breadcrumb":{"@id":"https:\/\/canal7slp.tv\/2025\/inicia-sege-con-la-reposicion-de-docentes-tras-prejubilaciones\/#breadcrumb"},"inLanguage":"es","potentialAction":[{"@type":"ReadAction","target":["https:\/\/canal7slp.tv\/2025\/inicia-sege-con-la-reposicion-de-docentes-tras-prejubilaciones\/"]}]},{"@type":"ImageObject","inLanguage":"es","@id":"https:\/\/canal7slp.tv\/2025\/inicia-sege-con-la-reposicion-de-docentes-tras-prejubilaciones\/#primaryimage","url":"https:\/\/canal7slp.tv\/2025\/wp-content\/uploads\/2025\/12\/Vazquez04Prejubilatorios.jpg","contentUrl":"https:\/\/canal7slp.tv\/2025\/wp-content\/uploads\/2025\/12\/Vazquez04Prejubilatorios.jpg","width":1280,"height":720},{"@type":"BreadcrumbList","@id":"https:\/\/canal7slp.tv\/2025\/inicia-sege-con-la-reposicion-de-docentes-tras-prejubilaciones\/#breadcrumb","itemListElement":[{"@type":"ListItem","position":1,"name":"Portada","item":"https:\/\/canal7slp.tv\/2025\/"},{"@type":"ListItem","position":2,"name":"Inicia SEGE con la reposici\u00f3n de docentes tras prejubilaciones"}]},{"@type":"WebSite","@id":"https:\/\/canal7slp.tv\/2025\/#website","url":"https:\/\/canal7slp.tv\/2025\/","name":"N7 - Noticieros Canal 7","description":"Somos el Medio","publisher":{"@id":"https:\/\/canal7slp.tv\/2025\/#organization"},"potentialAction":[{"@type":"SearchAction","target":{"@type":"EntryPoint","urlTemplate":"https:\/\/canal7slp.tv\/2025\/?s={search_term_string}"},"query-input":{"@type":"PropertyValueSpecification","valueRequired":true,"valueName":"search_term_string"}}],"inLanguage":"es"},{"@type":"Organization","@id":"https:\/\/canal7slp.tv\/2025\/#organization","name":"Noticieros Canal 7","url":"https:\/\/canal7slp.tv\/2025\/","logo":{"@type":"ImageObject","inLanguage":"es","@id":"https:\/\/canal7slp.tv\/2025\/#\/schema\/logo\/image\/","url":"https:\/\/canal7slp.tv\/2025\/wp-content\/uploads\/2021\/01\/logo-noticieros@2x.png","contentUrl":"https:\/\/canal7slp.tv\/2025\/wp-content\/uploads\/2021\/01\/logo-noticieros@2x.png","width":1017,"height":268,"caption":"Noticieros Canal 7"},"image":{"@id":"https:\/\/canal7slp.tv\/2025\/#\/schema\/logo\/image\/"},"sameAs":["https:\/\/www.facebook.com\/noticieroscanal7atencionciudadana\/","https:\/\/x.com\/NOTICIEROS7","https:\/\/www.instagram.com\/canal7_slp","https:\/\/www.youtube.com\/channel\/UCliiYs-gP3JfJeqdPrNdd5A"]},{"@type":"Person","@id":"https:\/\/canal7slp.tv\/2025\/#\/schema\/person\/271e2b60a96e7cc9d9ac296f4d7e414b","name":"Edici\u00f3n Web","image":{"@type":"ImageObject","inLanguage":"es","@id":"https:\/\/secure.gravatar.com\/avatar\/eee448fc3f7164808013b816ba91ac7e43bbe82a70bebac296f8bc6f0addaa1a?s=96&d=mm&r=g","url":"https:\/\/secure.gravatar.com\/avatar\/eee448fc3f7164808013b816ba91ac7e43bbe82a70bebac296f8bc6f0addaa1a?s=96&d=mm&r=g","contentUrl":"https:\/\/secure.gravatar.com\/avatar\/eee448fc3f7164808013b816ba91ac7e43bbe82a70bebac296f8bc6f0addaa1a?s=96&d=mm&r=g","caption":"Edici\u00f3n Web"},"url":"https:\/\/canal7slp.tv\/2025\/author\/edicionweb\/"}]}},"_links":{"self":[{"href":"https:\/\/canal7slp.tv\/2025\/wp-json\/wp\/v2\/posts\/186759","targetHints":{"allow":["GET"]}}],"collection":[{"href":"https:\/\/canal7slp.tv\/2025\/wp-json\/wp\/v2\/posts"}],"about":[{"href":"https:\/\/canal7slp.tv\/2025\/wp-json\/wp\/v2\/types\/post"}],"author":[{"embeddable":true,"href":"https:\/\/canal7slp.tv\/2025\/wp-json\/wp\/v2\/users\/2"}],"replies":[{"embeddable":true,"href":"https:\/\/canal7slp.tv\/2025\/wp-json\/wp\/v2\/comments?post=186759"}],"version-history":[{"count":1,"href":"https:\/\/canal7slp.tv\/2025\/wp-json\/wp\/v2\/posts\/186759\/revisions"}],"predecessor-version":[{"id":186762,"href":"https:\/\/canal7slp.tv\/2025\/wp-json\/wp\/v2\/posts\/186759\/revisions\/186762"}],"wp:featuredmedia":[{"embeddable":true,"href":"https:\/\/canal7slp.tv\/2025\/wp-json\/wp\/v2\/media\/186761"}],"wp:attachment":[{"href":"https:\/\/canal7slp.tv\/2025\/wp-json\/wp\/v2\/media?parent=186759"}],"wp:term":[{"taxonomy":"category","embeddable":true,"href":"https:\/\/canal7slp.tv\/2025\/wp-json\/wp\/v2\/categories?post=186759"},{"taxonomy":"post_tag","embeddable":true,"href":"https:\/\/canal7slp.tv\/2025\/wp-json\/wp\/v2\/tags?post=186759"}],"curies":[{"name":"wp","href":"https:\/\/api.w.org\/{rel}","templated":true}]}}